{"id":12594,"date":"2025-11-19T15:20:41","date_gmt":"2025-11-19T15:20:41","guid":{"rendered":"https:\/\/blog.k10mobility.com\/weihnachtsmaerkte-auf-mallorca\/"},"modified":"2026-01-22T10:15:16","modified_gmt":"2026-01-22T10:15:16","slug":"weihnachtsmaerkte-auf-mallorca","status":"publish","type":"post","link":"https:\/\/blog.k10mobility.com\/de\/weihnachtsmaerkte-auf-mallorca\/","title":{"rendered":"Weihnachtsm\u00e4rkte auf Mallorca"},"content":{"rendered":"<p>K\u00f6nnen Sie sich vorstellen, <strong>unter der Weihnachtsbeleuchtung zu schlendern, mit dem Duft von ger\u00f6steten Kastanien, lokalem Kunsthandwerk und einer festlichen Atmosph\u00e4re<\/strong>&#8230; im Herzen des Mittelmeers? Das ist es, was die Weihnachtsm\u00e4rkte auf Mallorca bieten. <\/p>\n<p>Und in diesem Artikel von K10 Mobility verraten wir Ihnen, was Sie wissen m\u00fcssen, um sie in dieser festlichen Jahreszeit in vollen Z\u00fcgen zu genie\u00dfen. Denn es ist zweifellos eine unschlagbare Zeit, um die Insel auf die liebenswerteste Art und Weise kennenzulernen. In diesem Jahr 2025 finden die M\u00e4rkte vom 23. November bis zum 7. Januar statt, mit einer Spanne von einem oder zwei Tagen je nach Ort.  <\/p>\n<h2 id=\"von-toc-1\">Erleben Sie Weihnachten auf den Inseln<\/h2>\n<h3 id=\"von-toc-2\">Warum sollten Sie die Weihnachtsm\u00e4rkte auf Mallorca besuchen?<\/h3>\n<p>Auf der Insel Mallorca erlebt man Weihnachten auf besondere Weise: mit milden Temperaturen, K\u00fcstenlandschaften und lokalen Traditionen, die sich mit dem festlichen Geist verbinden.<\/p>\n<p>Die <strong>Weihnachtsm\u00e4rkte auf Mallorca 2025<\/strong> sind eine hervorragende Gelegenheit, originelle Geschenke zu finden, mit der Familie zu bummeln, typische S\u00fc\u00dfigkeiten zu genie\u00dfen und den Zauber der Weihnacht abseits des kalten Binnenklimas zu erleben.<\/p>\n<h3 id=\"von-toc-3\">Was Sie auf den Weihnachtsm\u00e4rkten auf Mallorca erwartet<\/h3>\n<ul>\n<li aria-level=\"1\">St\u00e4nde, die Kunsthandwerk, Weihnachtsdekoration und handgefertigte Geschenke verkaufen. Im Zentrum von Palma gibt es zum Beispiel bereits ein gro\u00dfes Angebot an Krippendekoration und Kunsthandwerk. <\/li>\n<li aria-level=\"1\">Famili\u00e4re Atmosph\u00e4re mit Kinderworkshops, Musik und Aktivit\u00e4ten f\u00fcr alle Altersgruppen.<\/li>\n<li aria-level=\"1\">Die Termine beginnen in der Regel Ende November und dauern in manchen F\u00e4llen bis Anfang Januar.<\/li>\n<\/ul>\n<h2 id=\"von-toc-4\">Wichtigste Weihnachtsm\u00e4rkte Palma de Mallorca<\/h2>\n<h3 id=\"von-toc-5\">Plaza Mayor Flohmarkt<\/h3>\n<p>Dieser Markt ist in der Regel der erste, der \u00f6ffnet und auf dem Sie Krippenfiguren, Weihnachtsb\u00e4ume und Girlanden, Kerzen und handgefertigtes Spielzeug finden. Dieses Jahr bleibt er bis zum 7. Januar ge\u00f6ffnet. <\/p>\n<h3 id=\"von-toc-6\">Palmas Plaza Espa\u00f1a und Rambla Stra\u00dfenmarkt &#8211; Im Zentrum von Palma<\/h3>\n<p>In der Hauptstadt konzentriert sich die weihnachtliche Atmosph\u00e4re auf Orte wie die Plaza Espa\u00f1a und die Rambla de Palma, wo ein Weihnachtsmarkt aufgebaut ist.  <strong>lebhafter Weihnachtsmarkt mit St\u00e4nden, die S\u00fc\u00dfigkeiten, Kunsthandwerk und Dekorationen verkaufen.<\/strong><\/p>\n<p>Der <strong>Markt auf La Rambla sieht aus wie eine Szene direkt aus einem Weihnachtsfilm<\/strong>. Hier k\u00f6nnen Sie eine Tasse hei\u00dfe Schokolade mit Churros und sogar frisch ger\u00f6steten Haseln\u00fcssen in dem vor La Misericordia geparkten Wohnwagen genie\u00dfen. <\/p>\n<p>Perfekt f\u00fcr einen Nachmittagsspaziergang, nachdem Sie Ihr Fahrzeug mit K10 Mobility am Flughafen abgeholt haben.<\/p>\n<h3 id=\"von-toc-7\">Stra\u00dfenmarkt Santa Pon\u00e7a (Calvi\u00e0)<\/h3>\n<p>Dieser Weihnachtsmarkt findet auf dem Messegel\u00e4nde Santa Pon\u00e7a statt, normalerweise zwischen Ende November und Dezember, und bietet eine entspanntere Umgebung als das Stadtzentrum.<\/p>\n<p>Ideal, wenn Sie nach einem Tag am Strand oder in den Bergen ein ruhiges Erlebnis suchen.<\/p>\n<h3 id=\"von-toc-8\">Spanischer Dorfmarkt<\/h3>\n<p>Das Pueblo Espa\u00f1ol ist ein Museumsdorf, in dem einige der emblematischsten Geb\u00e4ude und Denkm\u00e4ler Spaniens zu sehen sind.<\/p>\n<p>Der Flohmarkt findet vom 5. Dezember bis zum 4. Januar statt, in der Regel von Freitag bis Sonntag, und der Eintritt kostet etwa 10-12 \u20ac einschlie\u00dflich eines hei\u00dfen Getr\u00e4nks.<\/p>\n<h2 id=\"von-toc-9\">Charmante Marktst\u00e4dte<\/h2>\n<p>Einige mallorquinische D\u00f6rfer veranstalten ihre eigenen Weihnachtsm\u00e4rkte (&#8222;fires de Nadal&#8220;). In Alar\u00f3 oder Binissalem zum Beispiel finden Sie M\u00e4rkte mit Kunsthandwerk, lokaler Gastronomie und einer sehr insularen Atmosph\u00e4re. <\/p>\n<p>Diese Art von Reiseziel ist ideal, um einen Marktbesuch mit einem Spaziergang in einer authentischen Umgebung zu verbinden.<\/p>\n<h2 id=\"von-toc-10\">Praktische Tipps f\u00fcr maximales Vergn\u00fcgen<\/h2>\n<ul>\n<li aria-level=\"1\">Besuchen Sie die M\u00e4rkte zu weniger \u00fcberf\u00fcllten Zeiten (fr\u00fch am Morgen oder an Wochentagen), um Menschenmassen zu vermeiden und die M\u00e4rkte in Ruhe zu genie\u00dfen.<\/li>\n<li><strong>Buchen Sie <a href=\"https:\/\/blog.k10mobility.com\/?page_id=2694\">Ihr Fahrzeug bei K10 Mobility am Flughafen im<\/a> Voraus<\/strong>. Mit einem Auto k\u00f6nnen Sie sich bequem zwischen den Weihnachtsm\u00e4rkten auf Mallorca bewegen, ohne auf \u00f6ffentliche Verkehrsmittel angewiesen zu sein. <\/li>\n<li aria-level=\"1\">Nehmen Sie eine kleine Menge Bargeld mit: <strong>An einigen St\u00e4nden ist die Bezahlung mit Karte noch nicht m\u00f6glich<\/strong>.<\/li>\n<li aria-level=\"1\">Ziehen Sie sich warm an<strong>(obwohl die Temperaturen auf Mallorca milder sind, kann es abends k\u00fchl werden<\/strong>) und tragen Sie bequeme Schuhe, um zwischen den St\u00e4nden hin und her zu schlendern.<\/li>\n<li aria-level=\"1\">Kombinieren Sie einen Flohmarktbesuch mit anderen Weihnachtspl\u00e4nen: eine hei\u00dfe Schokolade in Palma, ein Spaziergang bei Sonnenuntergang an der K\u00fcste oder ein Ausflug in ein charmantes Dorf.<\/li>\n<\/ul>\n<h2 id=\"von-toc-11\">Planen Sie Ihren Weihnachtsausflug nach Mallorca<\/h2>\n<p>Weihnachtsm\u00e4rkte auf Mallorca sind <strong>eine gro\u00dfartige M\u00f6glichkeit, Weihnachten einmal anders zu genie\u00dfen<\/strong>: mit dem Meer, mediterranem Licht, Tradition und guter Stimmung. Ob auf den Weihnachtsm\u00e4rkten von Palma Mallorca oder in abgelegeneren D\u00f6rfern, Sie werden den Zauber dieser Tage in jeder Ecke der Insel finden. <\/p>\n<p>Wenn Sie an Ihren Weihnachtsausflug zu den Weihnachtsm\u00e4rkten auf Mallorca 2025 denken, z\u00f6gern Sie nicht: Planen Sie voraus, buchen Sie Ihr Fahrzeug bei K10 Mobility am Flughafen und machen Sie sich bereit, eine unvergessliche Urlaubssaison zu erleben.<\/p>\n<p><img fetchpriority=\"high\" decoding=\"async\" class=\"size-full wp-image-12368 aligncenter\" src=\"https:\/\/blog.k10mobility.com\/wp-content\/uploads\/2025\/11\/mercadillos-navidenos-mallorca-2025.webp\" alt=\"\" width=\"800\" height=\"600\" srcset=\"https:\/\/blog.k10mobility.com\/wp-content\/uploads\/2025\/11\/mercadillos-navidenos-mallorca-2025.webp 800w, https:\/\/blog.k10mobility.com\/wp-content\/uploads\/2025\/11\/mercadillos-navidenos-mallorca-2025-300x225.webp 300w, https:\/\/blog.k10mobility.com\/wp-content\/uploads\/2025\/11\/mercadillos-navidenos-mallorca-2025-768x576.webp 768w\" sizes=\"(max-width: 800px) 100vw, 800px\" \/><\/p>\n<p>Quellen:<\/p>\n<ul>\n<li>https:\/\/www.caib.es\/webgoib\/es\/w\/calendari-de-fires-i-mercats-2025<\/li>\n<li>https:\/\/www.abc-mallorca.es\/mercado-navidad-palma\/<\/li>\n<\/ul>\n","protected":false},"excerpt":{"rendered":"<p>K\u00f6nnen Sie sich vorstellen, unter der Weihnachtsbeleuchtung zu schlendern, mit dem Duft von ger\u00f6steten Kastanien, lokalem Kunsthandwerk und einer festlichen Atmosph\u00e4re&#8230; im Herzen des Mittelmeers? Das ist es, was die Weihnachtsm\u00e4rkte auf Mallorca bieten. Und in diesem Artikel von K10 Mobility verraten wir Ihnen, was Sie wissen m\u00fcssen, um sie in dieser festlichen Jahreszeit in &#8230; <a title=\"Weihnachtsm\u00e4rkte auf Mallorca\" class=\"read-more\" href=\"https:\/\/blog.k10mobility.com\/de\/weihnachtsmaerkte-auf-mallorca\/\" aria-label=\"Mehr Informationen \u00fcber Weihnachtsm\u00e4rkte auf Mallorca\">Weiterlesen<\/a><\/p>\n","protected":false},"author":1,"featured_media":12595,"comment_status":"open","ping_status":"closed","sticky":false,"template":"","format":"standard","meta":{"footnotes":""},"categories":[233],"tags":[],"class_list":["post-12594","post","type-post","status-publish","format-standard","has-post-thumbnail","hentry","category-mallorca"],"yoast_head":"<!-- This site is optimized with the Yoast SEO plugin v27.4 - https:\/\/yoast.com\/product\/yoast-seo-wordpress\/ -->\n<title>Weihnachtsm\u00e4rkte auf Mallorca - K10 Mobility<\/title>\n<meta name=\"description\" content=\"Descubre nuestro post:Weihnachtsm\u00e4rkte auf Mallorca deMallorca .\" \/>\n<meta name=\"robots\" content=\"index, follow, max-snippet:-1, max-image-preview:large, max-video-preview:-1\" \/>\n<link rel=\"canonical\" href=\"https:\/\/blog.k10mobility.com\/de\/weihnachtsmaerkte-auf-mallorca\/\" \/>\n<meta property=\"og:locale\" content=\"de_DE\" \/>\n<meta property=\"og:type\" content=\"article\" \/>\n<meta property=\"og:title\" content=\"Weihnachtsm\u00e4rkte auf Mallorca - K10 Mobility\" \/>\n<meta property=\"og:description\" content=\"Descubre nuestro post:Weihnachtsm\u00e4rkte auf Mallorca deMallorca .\" \/>\n<meta property=\"og:url\" content=\"https:\/\/blog.k10mobility.com\/de\/weihnachtsmaerkte-auf-mallorca\/\" \/>\n<meta property=\"og:site_name\" content=\"K10 Mobility\" \/>\n<meta property=\"article:publisher\" content=\"https:\/\/www.facebook.com\/k10mobility\/\" \/>\n<meta property=\"article:published_time\" content=\"2025-11-19T15:20:41+00:00\" \/>\n<meta property=\"article:modified_time\" content=\"2026-01-22T10:15:16+00:00\" \/>\n<meta property=\"og:image\" content=\"https:\/\/blog.k10mobility.com\/wp-content\/uploads\/2025\/11\/mallorca-navidad-mercadillos-1024x683.webp\" \/>\n\t<meta property=\"og:image:width\" content=\"1024\" \/>\n\t<meta property=\"og:image:height\" content=\"683\" \/>\n\t<meta property=\"og:image:type\" content=\"image\/webp\" \/>\n<meta name=\"author\" content=\"K10\" \/>\n<meta name=\"twitter:card\" content=\"summary_large_image\" \/>\n<meta name=\"twitter:label1\" content=\"Verfasst von\" \/>\n\t<meta name=\"twitter:data1\" content=\"K10\" \/>\n\t<meta name=\"twitter:label2\" content=\"Gesch\u00e4tzte Lesezeit\" \/>\n\t<meta name=\"twitter:data2\" content=\"4\u00a0Minuten\" \/>\n<script type=\"application\/ld+json\" class=\"yoast-schema-graph\">{\"@context\":\"https:\\\/\\\/schema.org\",\"@graph\":[{\"@type\":\"Article\",\"@id\":\"https:\\\/\\\/blog.k10mobility.com\\\/de\\\/weihnachtsmaerkte-auf-mallorca\\\/#article\",\"isPartOf\":{\"@id\":\"https:\\\/\\\/blog.k10mobility.com\\\/de\\\/weihnachtsmaerkte-auf-mallorca\\\/\"},\"author\":{\"name\":\"K10\",\"@id\":\"https:\\\/\\\/blog.k10mobility.com\\\/de\\\/#\\\/schema\\\/person\\\/f31e5cd36f44f986645396161453818b\"},\"headline\":\"Weihnachtsm\u00e4rkte auf Mallorca\",\"datePublished\":\"2025-11-19T15:20:41+00:00\",\"dateModified\":\"2026-01-22T10:15:16+00:00\",\"mainEntityOfPage\":{\"@id\":\"https:\\\/\\\/blog.k10mobility.com\\\/de\\\/weihnachtsmaerkte-auf-mallorca\\\/\"},\"wordCount\":814,\"commentCount\":0,\"publisher\":{\"@id\":\"https:\\\/\\\/blog.k10mobility.com\\\/de\\\/#organization\"},\"image\":{\"@id\":\"https:\\\/\\\/blog.k10mobility.com\\\/de\\\/weihnachtsmaerkte-auf-mallorca\\\/#primaryimage\"},\"thumbnailUrl\":\"https:\\\/\\\/blog.k10mobility.com\\\/wp-content\\\/uploads\\\/2025\\\/11\\\/mallorca-navidad-mercadillos-scaled.webp\",\"articleSection\":[\"Mallorca\"],\"inLanguage\":\"de\",\"potentialAction\":[{\"@type\":\"CommentAction\",\"name\":\"Comment\",\"target\":[\"https:\\\/\\\/blog.k10mobility.com\\\/de\\\/weihnachtsmaerkte-auf-mallorca\\\/#respond\"]}]},{\"@type\":\"WebPage\",\"@id\":\"https:\\\/\\\/blog.k10mobility.com\\\/de\\\/weihnachtsmaerkte-auf-mallorca\\\/\",\"url\":\"https:\\\/\\\/blog.k10mobility.com\\\/de\\\/weihnachtsmaerkte-auf-mallorca\\\/\",\"name\":\"Weihnachtsm\u00e4rkte auf Mallorca - K10 Mobility\",\"isPartOf\":{\"@id\":\"https:\\\/\\\/blog.k10mobility.com\\\/de\\\/#website\"},\"primaryImageOfPage\":{\"@id\":\"https:\\\/\\\/blog.k10mobility.com\\\/de\\\/weihnachtsmaerkte-auf-mallorca\\\/#primaryimage\"},\"image\":{\"@id\":\"https:\\\/\\\/blog.k10mobility.com\\\/de\\\/weihnachtsmaerkte-auf-mallorca\\\/#primaryimage\"},\"thumbnailUrl\":\"https:\\\/\\\/blog.k10mobility.com\\\/wp-content\\\/uploads\\\/2025\\\/11\\\/mallorca-navidad-mercadillos-scaled.webp\",\"datePublished\":\"2025-11-19T15:20:41+00:00\",\"dateModified\":\"2026-01-22T10:15:16+00:00\",\"description\":\"Descubre nuestro post:Weihnachtsm\u00e4rkte auf Mallorca deMallorca .\",\"breadcrumb\":{\"@id\":\"https:\\\/\\\/blog.k10mobility.com\\\/de\\\/weihnachtsmaerkte-auf-mallorca\\\/#breadcrumb\"},\"inLanguage\":\"de\",\"potentialAction\":[{\"@type\":\"ReadAction\",\"target\":[\"https:\\\/\\\/blog.k10mobility.com\\\/de\\\/weihnachtsmaerkte-auf-mallorca\\\/\"]}]},{\"@type\":\"ImageObject\",\"inLanguage\":\"de\",\"@id\":\"https:\\\/\\\/blog.k10mobility.com\\\/de\\\/weihnachtsmaerkte-auf-mallorca\\\/#primaryimage\",\"url\":\"https:\\\/\\\/blog.k10mobility.com\\\/wp-content\\\/uploads\\\/2025\\\/11\\\/mallorca-navidad-mercadillos-scaled.webp\",\"contentUrl\":\"https:\\\/\\\/blog.k10mobility.com\\\/wp-content\\\/uploads\\\/2025\\\/11\\\/mallorca-navidad-mercadillos-scaled.webp\",\"width\":2560,\"height\":1707,\"caption\":\"Weihnachtsm\u00e4rkte auf Mallorca\"},{\"@type\":\"BreadcrumbList\",\"@id\":\"https:\\\/\\\/blog.k10mobility.com\\\/de\\\/weihnachtsmaerkte-auf-mallorca\\\/#breadcrumb\",\"itemListElement\":[{\"@type\":\"ListItem\",\"position\":1,\"name\":\"K10 Mobility\",\"item\":\"https:\\\/\\\/blog.k10mobility.com\\\/de\\\/\"},{\"@type\":\"ListItem\",\"position\":2,\"name\":\"Weihnachtsm\u00e4rkte auf Mallorca\"}]},{\"@type\":\"WebSite\",\"@id\":\"https:\\\/\\\/blog.k10mobility.com\\\/de\\\/#website\",\"url\":\"https:\\\/\\\/blog.k10mobility.com\\\/de\\\/\",\"name\":\"K10 Mobility\",\"description\":\"Rent a car en Ibiza y Mallorca\",\"publisher\":{\"@id\":\"https:\\\/\\\/blog.k10mobility.com\\\/de\\\/#organization\"},\"alternateName\":\"K10 Rent a car\",\"potentialAction\":[{\"@type\":\"SearchAction\",\"target\":{\"@type\":\"EntryPoint\",\"urlTemplate\":\"https:\\\/\\\/blog.k10mobility.com\\\/de\\\/?s={search_term_string}\"},\"query-input\":{\"@type\":\"PropertyValueSpecification\",\"valueRequired\":true,\"valueName\":\"search_term_string\"}}],\"inLanguage\":\"de\"},{\"@type\":\"Organization\",\"@id\":\"https:\\\/\\\/blog.k10mobility.com\\\/de\\\/#organization\",\"name\":\"K10 Mobility\",\"alternateName\":\"K10 Mobility rent a car en Ibiza y Mallorca\",\"url\":\"https:\\\/\\\/blog.k10mobility.com\\\/de\\\/\",\"logo\":{\"@type\":\"ImageObject\",\"inLanguage\":\"de\",\"@id\":\"https:\\\/\\\/blog.k10mobility.com\\\/de\\\/#\\\/schema\\\/logo\\\/image\\\/\",\"url\":\"https:\\\/\\\/blog.k10mobility.com\\\/wp-content\\\/uploads\\\/2025\\\/11\\\/cropped-Logo-K10-color-apaisado.png\",\"contentUrl\":\"https:\\\/\\\/blog.k10mobility.com\\\/wp-content\\\/uploads\\\/2025\\\/11\\\/cropped-Logo-K10-color-apaisado.png\",\"width\":665,\"height\":105,\"caption\":\"K10 Mobility\"},\"image\":{\"@id\":\"https:\\\/\\\/blog.k10mobility.com\\\/de\\\/#\\\/schema\\\/logo\\\/image\\\/\"},\"sameAs\":[\"https:\\\/\\\/www.facebook.com\\\/k10mobility\\\/\",\"https:\\\/\\\/www.instagram.com\\\/k10mobility\\\/\"]},{\"@type\":\"Person\",\"@id\":\"https:\\\/\\\/blog.k10mobility.com\\\/de\\\/#\\\/schema\\\/person\\\/f31e5cd36f44f986645396161453818b\",\"name\":\"K10\",\"image\":{\"@type\":\"ImageObject\",\"inLanguage\":\"de\",\"@id\":\"https:\\\/\\\/secure.gravatar.com\\\/avatar\\\/206fefb0c43f85b1066007fbea28c7b1ae2fb5432c1864d0ab6dd2b14b6b4e87?s=96&d=mm&r=g\",\"url\":\"https:\\\/\\\/secure.gravatar.com\\\/avatar\\\/206fefb0c43f85b1066007fbea28c7b1ae2fb5432c1864d0ab6dd2b14b6b4e87?s=96&d=mm&r=g\",\"contentUrl\":\"https:\\\/\\\/secure.gravatar.com\\\/avatar\\\/206fefb0c43f85b1066007fbea28c7b1ae2fb5432c1864d0ab6dd2b14b6b4e87?s=96&d=mm&r=g\",\"caption\":\"K10\"},\"sameAs\":[\"https:\\\/\\\/blog.k10mobility.com\"],\"url\":\"https:\\\/\\\/blog.k10mobility.com\\\/de\\\/author\\\/s72m1n2k10\\\/\"}]}<\/script>\n<!-- \/ Yoast SEO plugin. -->","yoast_head_json":{"title":"Weihnachtsm\u00e4rkte auf Mallorca - K10 Mobility","description":"Descubre nuestro post:Weihnachtsm\u00e4rkte auf Mallorca deMallorca .","robots":{"index":"index","follow":"follow","max-snippet":"max-snippet:-1","max-image-preview":"max-image-preview:large","max-video-preview":"max-video-preview:-1"},"canonical":"https:\/\/blog.k10mobility.com\/de\/weihnachtsmaerkte-auf-mallorca\/","og_locale":"de_DE","og_type":"article","og_title":"Weihnachtsm\u00e4rkte auf Mallorca - K10 Mobility","og_description":"Descubre nuestro post:Weihnachtsm\u00e4rkte auf Mallorca deMallorca .","og_url":"https:\/\/blog.k10mobility.com\/de\/weihnachtsmaerkte-auf-mallorca\/","og_site_name":"K10 Mobility","article_publisher":"https:\/\/www.facebook.com\/k10mobility\/","article_published_time":"2025-11-19T15:20:41+00:00","article_modified_time":"2026-01-22T10:15:16+00:00","og_image":[{"width":1024,"height":683,"url":"https:\/\/blog.k10mobility.com\/wp-content\/uploads\/2025\/11\/mallorca-navidad-mercadillos-1024x683.webp","type":"image\/webp"}],"author":"K10","twitter_card":"summary_large_image","twitter_misc":{"Verfasst von":"K10","Gesch\u00e4tzte Lesezeit":"4\u00a0Minuten"},"schema":{"@context":"https:\/\/schema.org","@graph":[{"@type":"Article","@id":"https:\/\/blog.k10mobility.com\/de\/weihnachtsmaerkte-auf-mallorca\/#article","isPartOf":{"@id":"https:\/\/blog.k10mobility.com\/de\/weihnachtsmaerkte-auf-mallorca\/"},"author":{"name":"K10","@id":"https:\/\/blog.k10mobility.com\/de\/#\/schema\/person\/f31e5cd36f44f986645396161453818b"},"headline":"Weihnachtsm\u00e4rkte auf Mallorca","datePublished":"2025-11-19T15:20:41+00:00","dateModified":"2026-01-22T10:15:16+00:00","mainEntityOfPage":{"@id":"https:\/\/blog.k10mobility.com\/de\/weihnachtsmaerkte-auf-mallorca\/"},"wordCount":814,"commentCount":0,"publisher":{"@id":"https:\/\/blog.k10mobility.com\/de\/#organization"},"image":{"@id":"https:\/\/blog.k10mobility.com\/de\/weihnachtsmaerkte-auf-mallorca\/#primaryimage"},"thumbnailUrl":"https:\/\/blog.k10mobility.com\/wp-content\/uploads\/2025\/11\/mallorca-navidad-mercadillos-scaled.webp","articleSection":["Mallorca"],"inLanguage":"de","potentialAction":[{"@type":"CommentAction","name":"Comment","target":["https:\/\/blog.k10mobility.com\/de\/weihnachtsmaerkte-auf-mallorca\/#respond"]}]},{"@type":"WebPage","@id":"https:\/\/blog.k10mobility.com\/de\/weihnachtsmaerkte-auf-mallorca\/","url":"https:\/\/blog.k10mobility.com\/de\/weihnachtsmaerkte-auf-mallorca\/","name":"Weihnachtsm\u00e4rkte auf Mallorca - K10 Mobility","isPartOf":{"@id":"https:\/\/blog.k10mobility.com\/de\/#website"},"primaryImageOfPage":{"@id":"https:\/\/blog.k10mobility.com\/de\/weihnachtsmaerkte-auf-mallorca\/#primaryimage"},"image":{"@id":"https:\/\/blog.k10mobility.com\/de\/weihnachtsmaerkte-auf-mallorca\/#primaryimage"},"thumbnailUrl":"https:\/\/blog.k10mobility.com\/wp-content\/uploads\/2025\/11\/mallorca-navidad-mercadillos-scaled.webp","datePublished":"2025-11-19T15:20:41+00:00","dateModified":"2026-01-22T10:15:16+00:00","description":"Descubre nuestro post:Weihnachtsm\u00e4rkte auf Mallorca deMallorca .","breadcrumb":{"@id":"https:\/\/blog.k10mobility.com\/de\/weihnachtsmaerkte-auf-mallorca\/#breadcrumb"},"inLanguage":"de","potentialAction":[{"@type":"ReadAction","target":["https:\/\/blog.k10mobility.com\/de\/weihnachtsmaerkte-auf-mallorca\/"]}]},{"@type":"ImageObject","inLanguage":"de","@id":"https:\/\/blog.k10mobility.com\/de\/weihnachtsmaerkte-auf-mallorca\/#primaryimage","url":"https:\/\/blog.k10mobility.com\/wp-content\/uploads\/2025\/11\/mallorca-navidad-mercadillos-scaled.webp","contentUrl":"https:\/\/blog.k10mobility.com\/wp-content\/uploads\/2025\/11\/mallorca-navidad-mercadillos-scaled.webp","width":2560,"height":1707,"caption":"Weihnachtsm\u00e4rkte auf Mallorca"},{"@type":"BreadcrumbList","@id":"https:\/\/blog.k10mobility.com\/de\/weihnachtsmaerkte-auf-mallorca\/#breadcrumb","itemListElement":[{"@type":"ListItem","position":1,"name":"K10 Mobility","item":"https:\/\/blog.k10mobility.com\/de\/"},{"@type":"ListItem","position":2,"name":"Weihnachtsm\u00e4rkte auf Mallorca"}]},{"@type":"WebSite","@id":"https:\/\/blog.k10mobility.com\/de\/#website","url":"https:\/\/blog.k10mobility.com\/de\/","name":"K10 Mobility","description":"Rent a car en Ibiza y Mallorca","publisher":{"@id":"https:\/\/blog.k10mobility.com\/de\/#organization"},"alternateName":"K10 Rent a car","potentialAction":[{"@type":"SearchAction","target":{"@type":"EntryPoint","urlTemplate":"https:\/\/blog.k10mobility.com\/de\/?s={search_term_string}"},"query-input":{"@type":"PropertyValueSpecification","valueRequired":true,"valueName":"search_term_string"}}],"inLanguage":"de"},{"@type":"Organization","@id":"https:\/\/blog.k10mobility.com\/de\/#organization","name":"K10 Mobility","alternateName":"K10 Mobility rent a car en Ibiza y Mallorca","url":"https:\/\/blog.k10mobility.com\/de\/","logo":{"@type":"ImageObject","inLanguage":"de","@id":"https:\/\/blog.k10mobility.com\/de\/#\/schema\/logo\/image\/","url":"https:\/\/blog.k10mobility.com\/wp-content\/uploads\/2025\/11\/cropped-Logo-K10-color-apaisado.png","contentUrl":"https:\/\/blog.k10mobility.com\/wp-content\/uploads\/2025\/11\/cropped-Logo-K10-color-apaisado.png","width":665,"height":105,"caption":"K10 Mobility"},"image":{"@id":"https:\/\/blog.k10mobility.com\/de\/#\/schema\/logo\/image\/"},"sameAs":["https:\/\/www.facebook.com\/k10mobility\/","https:\/\/www.instagram.com\/k10mobility\/"]},{"@type":"Person","@id":"https:\/\/blog.k10mobility.com\/de\/#\/schema\/person\/f31e5cd36f44f986645396161453818b","name":"K10","image":{"@type":"ImageObject","inLanguage":"de","@id":"https:\/\/secure.gravatar.com\/avatar\/206fefb0c43f85b1066007fbea28c7b1ae2fb5432c1864d0ab6dd2b14b6b4e87?s=96&d=mm&r=g","url":"https:\/\/secure.gravatar.com\/avatar\/206fefb0c43f85b1066007fbea28c7b1ae2fb5432c1864d0ab6dd2b14b6b4e87?s=96&d=mm&r=g","contentUrl":"https:\/\/secure.gravatar.com\/avatar\/206fefb0c43f85b1066007fbea28c7b1ae2fb5432c1864d0ab6dd2b14b6b4e87?s=96&d=mm&r=g","caption":"K10"},"sameAs":["https:\/\/blog.k10mobility.com"],"url":"https:\/\/blog.k10mobility.com\/de\/author\/s72m1n2k10\/"}]}},"_links":{"self":[{"href":"https:\/\/blog.k10mobility.com\/de\/wp-json\/wp\/v2\/posts\/12594","targetHints":{"allow":["GET"]}}],"collection":[{"href":"https:\/\/blog.k10mobility.com\/de\/wp-json\/wp\/v2\/posts"}],"about":[{"href":"https:\/\/blog.k10mobility.com\/de\/wp-json\/wp\/v2\/types\/post"}],"author":[{"embeddable":true,"href":"https:\/\/blog.k10mobility.com\/de\/wp-json\/wp\/v2\/users\/1"}],"replies":[{"embeddable":true,"href":"https:\/\/blog.k10mobility.com\/de\/wp-json\/wp\/v2\/comments?post=12594"}],"version-history":[{"count":2,"href":"https:\/\/blog.k10mobility.com\/de\/wp-json\/wp\/v2\/posts\/12594\/revisions"}],"predecessor-version":[{"id":13902,"href":"https:\/\/blog.k10mobility.com\/de\/wp-json\/wp\/v2\/posts\/12594\/revisions\/13902"}],"wp:featuredmedia":[{"embeddable":true,"href":"https:\/\/blog.k10mobility.com\/de\/wp-json\/wp\/v2\/media\/12595"}],"wp:attachment":[{"href":"https:\/\/blog.k10mobility.com\/de\/wp-json\/wp\/v2\/media?parent=12594"}],"wp:term":[{"taxonomy":"category","embeddable":true,"href":"https:\/\/blog.k10mobility.com\/de\/wp-json\/wp\/v2\/categories?post=12594"},{"taxonomy":"post_tag","embeddable":true,"href":"https:\/\/blog.k10mobility.com\/de\/wp-json\/wp\/v2\/tags?post=12594"}],"curies":[{"name":"wp","href":"https:\/\/api.w.org\/{rel}","templated":true}]}}