{"id":12616,"date":"2025-08-21T10:13:38","date_gmt":"2025-08-21T10:13:38","guid":{"rendered":"https:\/\/blog.k10mobility.com\/was-man-in-7-tagen-auf-ibiza-sehen-kann\/"},"modified":"2026-03-23T18:16:33","modified_gmt":"2026-03-23T18:16:33","slug":"was-man-in-7-tagen-auf-ibiza-sehen-kann","status":"publish","type":"post","link":"https:\/\/blog.k10mobility.com\/de\/was-man-in-7-tagen-auf-ibiza-sehen-kann\/","title":{"rendered":"Was Sie auf Ibiza in 7 Tagen sehen sollten"},"content":{"rendered":"<p><span style=\"font-weight: 400;\">K\u00f6nnen Sie sich vorstellen, eine ganze Woche auf Ibiza zu verbringen und jeden Winkel der Insel wie ein Einheimischer kennen zu lernen?  <\/span><\/p>\n<p><span style=\"font-weight: 400;\">Bleiben Sie bis zum Ende, denn wir haben f\u00fcr Sie eine <\/span><b>7-t\u00e4gige Ibiza-Route<\/b><span style=\"font-weight: 400;\"> zusammengestellt, die versteckte Str\u00e4nde, charmante D\u00f6rfer, Fahrstrecken und atemberaubende Aussichten kombiniert.<\/span><\/p>\n<p><span style=\"font-weight: 400;\">In diesem Artikel erfahren Sie genau, was Sie auf Ibiza <\/span><b>was Sie auf Ibiza in 7 Tagen sehen k\u00f6nnen<\/b><span style=\"font-weight: 400;\"> Sind Sie bereit, Ihr Abenteuer zu beginnen?<\/span><\/p>\n<h2 id=\"von-toc-1\"><b>Reiseplan von Ibiza f\u00fcr 7 Tage<\/b><\/h2>\n<h3 id=\"von-toc-2\"><b>Tag 1: Ankunft und erster Kontakt mit der Insel<\/b><\/h3>\n<ul>\n<li style=\"font-weight: 400;\" aria-level=\"1\"><span style=\"font-weight: 400;\">Holen Sie Ihren Mietwagen mit K10 Mobility am Flughafen ab und beginnen Sie Ihre Reise in v\u00f6lliger Freiheit.<\/span><\/li>\n<li style=\"font-weight: 400;\" aria-level=\"1\"><span style=\"font-weight: 400;\">Erkunden Sie <\/span><b>Ibiza-Stadt<\/b><span style=\"font-weight: 400;\"> und schlendern Sie entlang der Mauern von <\/span><b>Dalt Vila<\/b><span style=\"font-weight: 400;\">.<\/span><\/li>\n<li style=\"font-weight: 400;\" aria-level=\"1\"><span style=\"font-weight: 400;\">Essen Sie im Hafen und genie\u00dfen Sie das Nachtleben.<\/span><\/li>\n<\/ul>\n<h3 id=\"von-toc-3\"><b>Tag 2: S\u00fcdliche Str\u00e4nde<\/b><\/h3>\n<ul>\n<li style=\"font-weight: 400;\" aria-level=\"1\"><span style=\"font-weight: 400;\">Verbringen Sie den Tag in <\/span><b>Ses Salines<\/b><span style=\"font-weight: 400;\"> y <\/span><b>Es Cavallet<\/b><span style=\"font-weight: 400;\">zwei der beliebtesten Str\u00e4nde.<\/span><\/li>\n<li style=\"font-weight: 400;\" aria-level=\"1\"><span style=\"font-weight: 400;\">Essen Sie in einer Strandbar mit Blick auf das Meer.<\/span><\/li>\n<li style=\"font-weight: 400;\" aria-level=\"1\"><span style=\"font-weight: 400;\">Ruhiger Nachmittag in <\/span><b>Sa Caleta<\/b><span style=\"font-weight: 400;\">einer versteckten Bucht mit ph\u00f6nizischen \u00dcberresten.<\/span><\/li>\n<\/ul>\n<h3 id=\"von-toc-4\"><b>Tag 3: Abenteuer im Westen<\/b><\/h3>\n<ul>\n<li style=\"font-weight: 400;\" aria-level=\"1\"><span style=\"font-weight: 400;\">Entdecken Sie <\/span><b>Comte Bucht<\/b><span style=\"font-weight: 400;\"> y <\/span><b>Bassa Bucht<\/b><span style=\"font-weight: 400;\">ideal zum Schwimmen und Fotografieren.<\/span><\/li>\n<li style=\"font-weight: 400;\" aria-level=\"1\"><span style=\"font-weight: 400;\">Beenden Sie den Tag mit einem Blick auf den Sonnenuntergang in <\/span><b>San Antonio<\/b><span style=\"font-weight: 400;\">von <\/span><b>Caf\u00e9 del Mar<\/b><span style=\"font-weight: 400;\">.<\/span><\/li>\n<\/ul>\n<h3 id=\"von-toc-5\"><b>Tag 4: N\u00f6rdliche Route<\/b><\/h3>\n<ul>\n<li style=\"font-weight: 400;\" aria-level=\"1\"><span style=\"font-weight: 400;\">Besuchen Sie die D\u00f6rfer von <\/span><b>Santa Gertrudis<\/b><span style=\"font-weight: 400;\"> y <\/span><b>San Juan<\/b><span style=\"font-weight: 400;\">voll von Kunst und lokaler Gastronomie.<\/span><\/li>\n<li style=\"font-weight: 400;\" aria-level=\"1\"><span style=\"font-weight: 400;\">Entspannen Sie sich in <\/span><b>Xarraca Bucht<\/b><span style=\"font-weight: 400;\"> o <\/span><b>Benirr\u00e0s Bucht<\/b><span style=\"font-weight: 400;\">ber\u00fchmt f\u00fcr ihre Trommeln bei Sonnenuntergang.<\/span><\/li>\n<\/ul>\n<h3 id=\"von-toc-6\"><b>Tag 5: Ausflug nach Formentera (fakultativ)<\/b><\/h3>\n<ul>\n<li style=\"font-weight: 400;\" aria-level=\"1\"><span style=\"font-weight: 400;\">Wenn Sie Lust auf Abwechslung haben, nehmen Sie eine F\u00e4hre von Ibiza und verbringen Sie den Tag auf <\/span><b>Formentera<\/b><span style=\"font-weight: 400;\">.<\/span><\/li>\n<li style=\"font-weight: 400;\" aria-level=\"1\"><span style=\"font-weight: 400;\">Entdecken Sie <\/span><b>Ses Illetes<\/b><span style=\"font-weight: 400;\">der als einer der besten Str\u00e4nde in Europa gilt.<\/span><\/li>\n<\/ul>\n<h3 id=\"von-toc-7\"><b>Tag 6: M\u00e4rkte und D\u00f6rfer im Landesinneren<\/b><\/h3>\n<ul>\n<li style=\"font-weight: 400;\" aria-level=\"1\"><span style=\"font-weight: 400;\">Schlendern Sie \u00fcber den Flohmarkt in <\/span><b>Las Dalias<\/b><span style=\"font-weight: 400;\"> oder den <\/span><b>Hippie-Markt in Punta Arab\u00ed<\/b><span style=\"font-weight: 400;\">.<\/span><\/li>\n<li style=\"font-weight: 400;\" aria-level=\"1\"><span style=\"font-weight: 400;\">Genie\u00dfen Sie die Ruhe von D\u00f6rfern wie <\/span><b>Sant Carles<\/b><span style=\"font-weight: 400;\"> y <\/span><b>Santa Agn\u00e8s<\/b><span style=\"font-weight: 400;\">.<\/span><\/li>\n<li style=\"font-weight: 400;\" aria-level=\"1\"><span style=\"font-weight: 400;\">Abendessen auf dem Lande, unter den Sternen.<\/span><\/li>\n<\/ul>\n<h3 id=\"von-toc-8\"><b>Tag 7: Entspannung und Verabschiedung<\/b><\/h3>\n<ul>\n<li style=\"font-weight: 400;\" aria-level=\"1\"><span style=\"font-weight: 400;\">Entspannen in <\/span><b>Talamanca<\/b><span style=\"font-weight: 400;\"> o <\/span><b>Cala Llonga<\/b><span style=\"font-weight: 400;\">.<\/span><\/li>\n<li style=\"font-weight: 400;\" aria-level=\"1\"><span style=\"font-weight: 400;\">Aufstieg zum Aussichtspunkt von <\/span><b>Sa Talaia<\/b><span style=\"font-weight: 400;\">dem h\u00f6chsten Punkt der Insel, um sich mit einem 360\u00ba-Blick zu verabschieden.<\/span><\/li>\n<li style=\"font-weight: 400;\" aria-level=\"1\"><span style=\"font-weight: 400;\">Lassen Sie Ihr Auto bei K10 Mobility und beenden Sie Ihre perfekte Woche auf Ibiza.<\/span><\/li>\n<\/ul>\n<h2 id=\"von-toc-9\"><b>H\u00e4ufig gestellte Fragen, wenn Sie f\u00fcr 7 Tage nach Ibiza reisen:<\/b><\/h2>\n<h3 id=\"von-toc-10\"><b>Ist eine Woche genug, um Ibiza kennenzulernen?<\/b><\/h3>\n<p><span style=\"font-weight: 400;\">Ja, eine Woche ist ideal, um sowohl die touristischsten Gegenden als auch die weniger erforschten Ecken kennenzulernen. Au\u00dferdem ist es mit einem Auto einfach, sich fortzubewegen und das Beste aus den Tagen zu machen.  <\/span><\/p>\n<h3 id=\"von-toc-11\"><b>Was macht eine gute 7-t\u00e4gige Ibiza-Reiseroute aus?<\/b><\/h3>\n<p><span style=\"font-weight: 400;\">Ein Gleichgewicht zwischen Entspannung, Kultur, Natur und Gastronomie. Mit einem Mietwagen k\u00f6nnen Sie Ihre Tage in Ihrem eigenen Tempo gestalten und Ihre Besuche dem Wetter oder Ihren Vorlieben anpassen. <\/span><\/p>\n<h3 id=\"von-toc-12\"><b>An welchen Tagen sollten Sie Formentera besuchen?<\/b><\/h3>\n<p><span style=\"font-weight: 400;\">Wir empfehlen, dies in der Mitte der Reise zu tun, wie im <\/span><b>Tag 5<\/b><span style=\"font-weight: 400;\">um die Landschaft zu wechseln, ohne Ihre Planung auf Ibiza zu \u00e4ndern.<\/span><\/p>\n<p><span style=\"font-weight: 400;\">Wenn Sie sich fragen <\/span><b>was Sie in 7 Tagen auf Ibiza sehen sollten<\/b><span style=\"font-weight: 400;\">haben Sie jetzt einen kompletten F\u00fchrer, um jeden Tag zu genie\u00dfen, ohne zu improvisieren. Mit einem <a href=\"\/alquiler-coche-ibiza-aeropuerto\/\">Mietauto von <\/a><\/span><span style=\"font-weight: 400;\">K10 Mobilit\u00e4t<\/span><span style=\"font-weight: 400;\"> vom Flughafen Ibiza aus k\u00f6nnen Sie die ganze Insel erkunden, ohne von \u00f6ffentlichen Verkehrsmitteln oder Fahrpl\u00e4nen abh\u00e4ngig zu sein.<\/span><\/p>\n<p><span style=\"font-weight: 400;\">Machen Sie sich also bereit f\u00fcr eine unvergessliche Woche auf Ibiza, wo jeder Tag eine neue Landschaft offenbart.<\/span><\/p>\n","protected":false},"excerpt":{"rendered":"<p>K\u00f6nnen Sie sich vorstellen, eine ganze Woche auf Ibiza zu verbringen und jeden Winkel der Insel wie ein Einheimischer kennen zu lernen? Bleiben Sie bis zum Ende, denn wir haben f\u00fcr Sie eine 7-t\u00e4gige Ibiza-Route zusammengestellt, die versteckte Str\u00e4nde, charmante D\u00f6rfer, Fahrstrecken und atemberaubende Aussichten kombiniert. In diesem Artikel erfahren Sie genau, was Sie auf &#8230; <a title=\"Was Sie auf Ibiza in 7 Tagen sehen sollten\" class=\"read-more\" href=\"https:\/\/blog.k10mobility.com\/de\/was-man-in-7-tagen-auf-ibiza-sehen-kann\/\" aria-label=\"Mehr Informationen \u00fcber Was Sie auf Ibiza in 7 Tagen sehen sollten\">Weiterlesen<\/a><\/p>\n","protected":false},"author":2,"featured_media":12617,"comment_status":"closed","ping_status":"closed","sticky":false,"template":"","format":"standard","meta":{"footnotes":""},"categories":[225],"tags":[336],"class_list":["post-12616","post","type-post","status-publish","format-standard","has-post-thumbnail","hentry","category-ibiza","tag-destacada-rutas"],"yoast_head":"<!-- This site is optimized with the Yoast SEO plugin v27.4 - https:\/\/yoast.com\/product\/yoast-seo-wordpress\/ -->\n<title>Was Sie auf Ibiza in 7 Tagen sehen sollten - K10 Mobility<\/title>\n<meta name=\"description\" content=\"Wenn Sie wissen m\u00f6chten, was man auf Ibiza in 7 Tagen sehen kann, sind Sie hier richtig. Wir sind Einheimische und verraten Ihnen die beste Route f\u00fcr 7 Tage.\" \/>\n<meta name=\"robots\" content=\"index, follow, max-snippet:-1, max-image-preview:large, max-video-preview:-1\" \/>\n<link rel=\"canonical\" href=\"https:\/\/blog.k10mobility.com\/de\/was-man-in-7-tagen-auf-ibiza-sehen-kann\/\" \/>\n<meta property=\"og:locale\" content=\"de_DE\" \/>\n<meta property=\"og:type\" content=\"article\" \/>\n<meta property=\"og:title\" content=\"Was Sie auf Ibiza in 7 Tagen sehen sollten - K10 Mobility\" \/>\n<meta property=\"og:description\" content=\"Wenn Sie wissen m\u00f6chten, was man auf Ibiza in 7 Tagen sehen kann, sind Sie hier richtig. Wir sind Einheimische und verraten Ihnen die beste Route f\u00fcr 7 Tage.\" \/>\n<meta property=\"og:url\" content=\"https:\/\/blog.k10mobility.com\/de\/was-man-in-7-tagen-auf-ibiza-sehen-kann\/\" \/>\n<meta property=\"og:site_name\" content=\"K10 Mobility\" \/>\n<meta property=\"article:publisher\" content=\"https:\/\/www.facebook.com\/k10mobility\/\" \/>\n<meta property=\"article:published_time\" content=\"2025-08-21T10:13:38+00:00\" \/>\n<meta property=\"article:modified_time\" content=\"2026-03-23T18:16:33+00:00\" \/>\n<meta property=\"og:image\" content=\"https:\/\/blog.k10mobility.com\/wp-content\/uploads\/2025\/08\/que-ver-en-ibiza-7-dias.webp\" \/>\n\t<meta property=\"og:image:width\" content=\"800\" \/>\n\t<meta property=\"og:image:height\" content=\"533\" \/>\n\t<meta property=\"og:image:type\" content=\"image\/webp\" \/>\n<meta name=\"author\" content=\"Luis Ram\u00eds\" \/>\n<meta name=\"twitter:card\" content=\"summary_large_image\" \/>\n<meta name=\"twitter:label1\" content=\"Verfasst von\" \/>\n\t<meta name=\"twitter:data1\" content=\"Luis Ram\u00eds\" \/>\n\t<meta name=\"twitter:label2\" content=\"Gesch\u00e4tzte Lesezeit\" \/>\n\t<meta name=\"twitter:data2\" content=\"3\u00a0Minuten\" \/>\n<script type=\"application\/ld+json\" class=\"yoast-schema-graph\">{\"@context\":\"https:\\\/\\\/schema.org\",\"@graph\":[{\"@type\":\"Article\",\"@id\":\"https:\\\/\\\/blog.k10mobility.com\\\/de\\\/was-man-in-7-tagen-auf-ibiza-sehen-kann\\\/#article\",\"isPartOf\":{\"@id\":\"https:\\\/\\\/blog.k10mobility.com\\\/de\\\/was-man-in-7-tagen-auf-ibiza-sehen-kann\\\/\"},\"author\":{\"name\":\"Luis Ram\u00eds\",\"@id\":\"https:\\\/\\\/blog.k10mobility.com\\\/de\\\/#\\\/schema\\\/person\\\/5f18469c790b92d83fdd98422e621da8\"},\"headline\":\"Was Sie auf Ibiza in 7 Tagen sehen sollten\",\"datePublished\":\"2025-08-21T10:13:38+00:00\",\"dateModified\":\"2026-03-23T18:16:33+00:00\",\"mainEntityOfPage\":{\"@id\":\"https:\\\/\\\/blog.k10mobility.com\\\/de\\\/was-man-in-7-tagen-auf-ibiza-sehen-kann\\\/\"},\"wordCount\":581,\"publisher\":{\"@id\":\"https:\\\/\\\/blog.k10mobility.com\\\/de\\\/#organization\"},\"image\":{\"@id\":\"https:\\\/\\\/blog.k10mobility.com\\\/de\\\/was-man-in-7-tagen-auf-ibiza-sehen-kann\\\/#primaryimage\"},\"thumbnailUrl\":\"https:\\\/\\\/blog.k10mobility.com\\\/wp-content\\\/uploads\\\/2025\\\/08\\\/que-ver-en-ibiza-7-dias.webp\",\"keywords\":[\"Destacada Rutas\"],\"articleSection\":[\"Ibiza\"],\"inLanguage\":\"de\"},{\"@type\":\"WebPage\",\"@id\":\"https:\\\/\\\/blog.k10mobility.com\\\/de\\\/was-man-in-7-tagen-auf-ibiza-sehen-kann\\\/\",\"url\":\"https:\\\/\\\/blog.k10mobility.com\\\/de\\\/was-man-in-7-tagen-auf-ibiza-sehen-kann\\\/\",\"name\":\"Was Sie auf Ibiza in 7 Tagen sehen sollten - K10 Mobility\",\"isPartOf\":{\"@id\":\"https:\\\/\\\/blog.k10mobility.com\\\/de\\\/#website\"},\"primaryImageOfPage\":{\"@id\":\"https:\\\/\\\/blog.k10mobility.com\\\/de\\\/was-man-in-7-tagen-auf-ibiza-sehen-kann\\\/#primaryimage\"},\"image\":{\"@id\":\"https:\\\/\\\/blog.k10mobility.com\\\/de\\\/was-man-in-7-tagen-auf-ibiza-sehen-kann\\\/#primaryimage\"},\"thumbnailUrl\":\"https:\\\/\\\/blog.k10mobility.com\\\/wp-content\\\/uploads\\\/2025\\\/08\\\/que-ver-en-ibiza-7-dias.webp\",\"datePublished\":\"2025-08-21T10:13:38+00:00\",\"dateModified\":\"2026-03-23T18:16:33+00:00\",\"description\":\"Wenn Sie wissen m\u00f6chten, was man auf Ibiza in 7 Tagen sehen kann, sind Sie hier richtig. Wir sind Einheimische und verraten Ihnen die beste Route f\u00fcr 7 Tage.\",\"breadcrumb\":{\"@id\":\"https:\\\/\\\/blog.k10mobility.com\\\/de\\\/was-man-in-7-tagen-auf-ibiza-sehen-kann\\\/#breadcrumb\"},\"inLanguage\":\"de\",\"potentialAction\":[{\"@type\":\"ReadAction\",\"target\":[\"https:\\\/\\\/blog.k10mobility.com\\\/de\\\/was-man-in-7-tagen-auf-ibiza-sehen-kann\\\/\"]}]},{\"@type\":\"ImageObject\",\"inLanguage\":\"de\",\"@id\":\"https:\\\/\\\/blog.k10mobility.com\\\/de\\\/was-man-in-7-tagen-auf-ibiza-sehen-kann\\\/#primaryimage\",\"url\":\"https:\\\/\\\/blog.k10mobility.com\\\/wp-content\\\/uploads\\\/2025\\\/08\\\/que-ver-en-ibiza-7-dias.webp\",\"contentUrl\":\"https:\\\/\\\/blog.k10mobility.com\\\/wp-content\\\/uploads\\\/2025\\\/08\\\/que-ver-en-ibiza-7-dias.webp\",\"width\":800,\"height\":533,\"caption\":\"Was Sie auf Ibiza in 7 Tagen sehen sollten\"},{\"@type\":\"BreadcrumbList\",\"@id\":\"https:\\\/\\\/blog.k10mobility.com\\\/de\\\/was-man-in-7-tagen-auf-ibiza-sehen-kann\\\/#breadcrumb\",\"itemListElement\":[{\"@type\":\"ListItem\",\"position\":1,\"name\":\"K10 Mobility\",\"item\":\"https:\\\/\\\/blog.k10mobility.com\\\/de\\\/\"},{\"@type\":\"ListItem\",\"position\":2,\"name\":\"Was Sie auf Ibiza in 7 Tagen sehen sollten\"}]},{\"@type\":\"WebSite\",\"@id\":\"https:\\\/\\\/blog.k10mobility.com\\\/de\\\/#website\",\"url\":\"https:\\\/\\\/blog.k10mobility.com\\\/de\\\/\",\"name\":\"K10 Mobility\",\"description\":\"Rent a car en Ibiza y Mallorca\",\"publisher\":{\"@id\":\"https:\\\/\\\/blog.k10mobility.com\\\/de\\\/#organization\"},\"alternateName\":\"K10 Rent a car\",\"potentialAction\":[{\"@type\":\"SearchAction\",\"target\":{\"@type\":\"EntryPoint\",\"urlTemplate\":\"https:\\\/\\\/blog.k10mobility.com\\\/de\\\/?s={search_term_string}\"},\"query-input\":{\"@type\":\"PropertyValueSpecification\",\"valueRequired\":true,\"valueName\":\"search_term_string\"}}],\"inLanguage\":\"de\"},{\"@type\":\"Organization\",\"@id\":\"https:\\\/\\\/blog.k10mobility.com\\\/de\\\/#organization\",\"name\":\"K10 Mobility\",\"alternateName\":\"K10 Mobility rent a car en Ibiza y Mallorca\",\"url\":\"https:\\\/\\\/blog.k10mobility.com\\\/de\\\/\",\"logo\":{\"@type\":\"ImageObject\",\"inLanguage\":\"de\",\"@id\":\"https:\\\/\\\/blog.k10mobility.com\\\/de\\\/#\\\/schema\\\/logo\\\/image\\\/\",\"url\":\"https:\\\/\\\/blog.k10mobility.com\\\/wp-content\\\/uploads\\\/2025\\\/11\\\/cropped-Logo-K10-color-apaisado.png\",\"contentUrl\":\"https:\\\/\\\/blog.k10mobility.com\\\/wp-content\\\/uploads\\\/2025\\\/11\\\/cropped-Logo-K10-color-apaisado.png\",\"width\":665,\"height\":105,\"caption\":\"K10 Mobility\"},\"image\":{\"@id\":\"https:\\\/\\\/blog.k10mobility.com\\\/de\\\/#\\\/schema\\\/logo\\\/image\\\/\"},\"sameAs\":[\"https:\\\/\\\/www.facebook.com\\\/k10mobility\\\/\",\"https:\\\/\\\/www.instagram.com\\\/k10mobility\\\/\"]},{\"@type\":\"Person\",\"@id\":\"https:\\\/\\\/blog.k10mobility.com\\\/de\\\/#\\\/schema\\\/person\\\/5f18469c790b92d83fdd98422e621da8\",\"name\":\"Luis Ram\u00eds\",\"image\":{\"@type\":\"ImageObject\",\"inLanguage\":\"de\",\"@id\":\"https:\\\/\\\/secure.gravatar.com\\\/avatar\\\/30162c41d6f584ef954ac19546d34176104f5a2b363cc65fe6c8b9dc6c1ed9ac?s=96&d=mm&r=g\",\"url\":\"https:\\\/\\\/secure.gravatar.com\\\/avatar\\\/30162c41d6f584ef954ac19546d34176104f5a2b363cc65fe6c8b9dc6c1ed9ac?s=96&d=mm&r=g\",\"contentUrl\":\"https:\\\/\\\/secure.gravatar.com\\\/avatar\\\/30162c41d6f584ef954ac19546d34176104f5a2b363cc65fe6c8b9dc6c1ed9ac?s=96&d=mm&r=g\",\"caption\":\"Luis Ram\u00eds\"},\"url\":\"https:\\\/\\\/blog.k10mobility.com\\\/de\\\/author\\\/luisr4m1s_k10\\\/\"}]}<\/script>\n<!-- \/ Yoast SEO plugin. -->","yoast_head_json":{"title":"Was Sie auf Ibiza in 7 Tagen sehen sollten - K10 Mobility","description":"Wenn Sie wissen m\u00f6chten, was man auf Ibiza in 7 Tagen sehen kann, sind Sie hier richtig. Wir sind Einheimische und verraten Ihnen die beste Route f\u00fcr 7 Tage.","robots":{"index":"index","follow":"follow","max-snippet":"max-snippet:-1","max-image-preview":"max-image-preview:large","max-video-preview":"max-video-preview:-1"},"canonical":"https:\/\/blog.k10mobility.com\/de\/was-man-in-7-tagen-auf-ibiza-sehen-kann\/","og_locale":"de_DE","og_type":"article","og_title":"Was Sie auf Ibiza in 7 Tagen sehen sollten - K10 Mobility","og_description":"Wenn Sie wissen m\u00f6chten, was man auf Ibiza in 7 Tagen sehen kann, sind Sie hier richtig. Wir sind Einheimische und verraten Ihnen die beste Route f\u00fcr 7 Tage.","og_url":"https:\/\/blog.k10mobility.com\/de\/was-man-in-7-tagen-auf-ibiza-sehen-kann\/","og_site_name":"K10 Mobility","article_publisher":"https:\/\/www.facebook.com\/k10mobility\/","article_published_time":"2025-08-21T10:13:38+00:00","article_modified_time":"2026-03-23T18:16:33+00:00","og_image":[{"width":800,"height":533,"url":"https:\/\/blog.k10mobility.com\/wp-content\/uploads\/2025\/08\/que-ver-en-ibiza-7-dias.webp","type":"image\/webp"}],"author":"Luis Ram\u00eds","twitter_card":"summary_large_image","twitter_misc":{"Verfasst von":"Luis Ram\u00eds","Gesch\u00e4tzte Lesezeit":"3\u00a0Minuten"},"schema":{"@context":"https:\/\/schema.org","@graph":[{"@type":"Article","@id":"https:\/\/blog.k10mobility.com\/de\/was-man-in-7-tagen-auf-ibiza-sehen-kann\/#article","isPartOf":{"@id":"https:\/\/blog.k10mobility.com\/de\/was-man-in-7-tagen-auf-ibiza-sehen-kann\/"},"author":{"name":"Luis Ram\u00eds","@id":"https:\/\/blog.k10mobility.com\/de\/#\/schema\/person\/5f18469c790b92d83fdd98422e621da8"},"headline":"Was Sie auf Ibiza in 7 Tagen sehen sollten","datePublished":"2025-08-21T10:13:38+00:00","dateModified":"2026-03-23T18:16:33+00:00","mainEntityOfPage":{"@id":"https:\/\/blog.k10mobility.com\/de\/was-man-in-7-tagen-auf-ibiza-sehen-kann\/"},"wordCount":581,"publisher":{"@id":"https:\/\/blog.k10mobility.com\/de\/#organization"},"image":{"@id":"https:\/\/blog.k10mobility.com\/de\/was-man-in-7-tagen-auf-ibiza-sehen-kann\/#primaryimage"},"thumbnailUrl":"https:\/\/blog.k10mobility.com\/wp-content\/uploads\/2025\/08\/que-ver-en-ibiza-7-dias.webp","keywords":["Destacada Rutas"],"articleSection":["Ibiza"],"inLanguage":"de"},{"@type":"WebPage","@id":"https:\/\/blog.k10mobility.com\/de\/was-man-in-7-tagen-auf-ibiza-sehen-kann\/","url":"https:\/\/blog.k10mobility.com\/de\/was-man-in-7-tagen-auf-ibiza-sehen-kann\/","name":"Was Sie auf Ibiza in 7 Tagen sehen sollten - K10 Mobility","isPartOf":{"@id":"https:\/\/blog.k10mobility.com\/de\/#website"},"primaryImageOfPage":{"@id":"https:\/\/blog.k10mobility.com\/de\/was-man-in-7-tagen-auf-ibiza-sehen-kann\/#primaryimage"},"image":{"@id":"https:\/\/blog.k10mobility.com\/de\/was-man-in-7-tagen-auf-ibiza-sehen-kann\/#primaryimage"},"thumbnailUrl":"https:\/\/blog.k10mobility.com\/wp-content\/uploads\/2025\/08\/que-ver-en-ibiza-7-dias.webp","datePublished":"2025-08-21T10:13:38+00:00","dateModified":"2026-03-23T18:16:33+00:00","description":"Wenn Sie wissen m\u00f6chten, was man auf Ibiza in 7 Tagen sehen kann, sind Sie hier richtig. Wir sind Einheimische und verraten Ihnen die beste Route f\u00fcr 7 Tage.","breadcrumb":{"@id":"https:\/\/blog.k10mobility.com\/de\/was-man-in-7-tagen-auf-ibiza-sehen-kann\/#breadcrumb"},"inLanguage":"de","potentialAction":[{"@type":"ReadAction","target":["https:\/\/blog.k10mobility.com\/de\/was-man-in-7-tagen-auf-ibiza-sehen-kann\/"]}]},{"@type":"ImageObject","inLanguage":"de","@id":"https:\/\/blog.k10mobility.com\/de\/was-man-in-7-tagen-auf-ibiza-sehen-kann\/#primaryimage","url":"https:\/\/blog.k10mobility.com\/wp-content\/uploads\/2025\/08\/que-ver-en-ibiza-7-dias.webp","contentUrl":"https:\/\/blog.k10mobility.com\/wp-content\/uploads\/2025\/08\/que-ver-en-ibiza-7-dias.webp","width":800,"height":533,"caption":"Was Sie auf Ibiza in 7 Tagen sehen sollten"},{"@type":"BreadcrumbList","@id":"https:\/\/blog.k10mobility.com\/de\/was-man-in-7-tagen-auf-ibiza-sehen-kann\/#breadcrumb","itemListElement":[{"@type":"ListItem","position":1,"name":"K10 Mobility","item":"https:\/\/blog.k10mobility.com\/de\/"},{"@type":"ListItem","position":2,"name":"Was Sie auf Ibiza in 7 Tagen sehen sollten"}]},{"@type":"WebSite","@id":"https:\/\/blog.k10mobility.com\/de\/#website","url":"https:\/\/blog.k10mobility.com\/de\/","name":"K10 Mobility","description":"Rent a car en Ibiza y Mallorca","publisher":{"@id":"https:\/\/blog.k10mobility.com\/de\/#organization"},"alternateName":"K10 Rent a car","potentialAction":[{"@type":"SearchAction","target":{"@type":"EntryPoint","urlTemplate":"https:\/\/blog.k10mobility.com\/de\/?s={search_term_string}"},"query-input":{"@type":"PropertyValueSpecification","valueRequired":true,"valueName":"search_term_string"}}],"inLanguage":"de"},{"@type":"Organization","@id":"https:\/\/blog.k10mobility.com\/de\/#organization","name":"K10 Mobility","alternateName":"K10 Mobility rent a car en Ibiza y Mallorca","url":"https:\/\/blog.k10mobility.com\/de\/","logo":{"@type":"ImageObject","inLanguage":"de","@id":"https:\/\/blog.k10mobility.com\/de\/#\/schema\/logo\/image\/","url":"https:\/\/blog.k10mobility.com\/wp-content\/uploads\/2025\/11\/cropped-Logo-K10-color-apaisado.png","contentUrl":"https:\/\/blog.k10mobility.com\/wp-content\/uploads\/2025\/11\/cropped-Logo-K10-color-apaisado.png","width":665,"height":105,"caption":"K10 Mobility"},"image":{"@id":"https:\/\/blog.k10mobility.com\/de\/#\/schema\/logo\/image\/"},"sameAs":["https:\/\/www.facebook.com\/k10mobility\/","https:\/\/www.instagram.com\/k10mobility\/"]},{"@type":"Person","@id":"https:\/\/blog.k10mobility.com\/de\/#\/schema\/person\/5f18469c790b92d83fdd98422e621da8","name":"Luis Ram\u00eds","image":{"@type":"ImageObject","inLanguage":"de","@id":"https:\/\/secure.gravatar.com\/avatar\/30162c41d6f584ef954ac19546d34176104f5a2b363cc65fe6c8b9dc6c1ed9ac?s=96&d=mm&r=g","url":"https:\/\/secure.gravatar.com\/avatar\/30162c41d6f584ef954ac19546d34176104f5a2b363cc65fe6c8b9dc6c1ed9ac?s=96&d=mm&r=g","contentUrl":"https:\/\/secure.gravatar.com\/avatar\/30162c41d6f584ef954ac19546d34176104f5a2b363cc65fe6c8b9dc6c1ed9ac?s=96&d=mm&r=g","caption":"Luis Ram\u00eds"},"url":"https:\/\/blog.k10mobility.com\/de\/author\/luisr4m1s_k10\/"}]}},"_links":{"self":[{"href":"https:\/\/blog.k10mobility.com\/de\/wp-json\/wp\/v2\/posts\/12616","targetHints":{"allow":["GET"]}}],"collection":[{"href":"https:\/\/blog.k10mobility.com\/de\/wp-json\/wp\/v2\/posts"}],"about":[{"href":"https:\/\/blog.k10mobility.com\/de\/wp-json\/wp\/v2\/types\/post"}],"author":[{"embeddable":true,"href":"https:\/\/blog.k10mobility.com\/de\/wp-json\/wp\/v2\/users\/2"}],"replies":[{"embeddable":true,"href":"https:\/\/blog.k10mobility.com\/de\/wp-json\/wp\/v2\/comments?post=12616"}],"version-history":[{"count":2,"href":"https:\/\/blog.k10mobility.com\/de\/wp-json\/wp\/v2\/posts\/12616\/revisions"}],"predecessor-version":[{"id":13895,"href":"https:\/\/blog.k10mobility.com\/de\/wp-json\/wp\/v2\/posts\/12616\/revisions\/13895"}],"wp:featuredmedia":[{"embeddable":true,"href":"https:\/\/blog.k10mobility.com\/de\/wp-json\/wp\/v2\/media\/12617"}],"wp:attachment":[{"href":"https:\/\/blog.k10mobility.com\/de\/wp-json\/wp\/v2\/media?parent=12616"}],"wp:term":[{"taxonomy":"category","embeddable":true,"href":"https:\/\/blog.k10mobility.com\/de\/wp-json\/wp\/v2\/categories?post=12616"},{"taxonomy":"post_tag","embeddable":true,"href":"https:\/\/blog.k10mobility.com\/de\/wp-json\/wp\/v2\/tags?post=12616"}],"curies":[{"name":"wp","href":"https:\/\/api.w.org\/{rel}","templated":true}]}}