{"id":13292,"date":"2025-01-29T10:47:00","date_gmt":"2025-01-29T10:47:00","guid":{"rendered":"https:\/\/blog.k10mobility.com\/was-man-in-3-tagen-auf-mallorca-sehen-kann-vollstaendiger-reiseplan-und-praktische-tipps\/"},"modified":"2026-01-22T11:38:26","modified_gmt":"2026-01-22T11:38:26","slug":"was-man-in-3-tagen-auf-mallorca-sehen-kann-vollstaendiger-reiseplan-und-praktische-tipps","status":"publish","type":"post","link":"https:\/\/blog.k10mobility.com\/de\/was-man-in-3-tagen-auf-mallorca-sehen-kann-vollstaendiger-reiseplan-und-praktische-tipps\/","title":{"rendered":"Was Sie in 3 Tagen auf Mallorca sehen sollten: Vollst\u00e4ndige Reiseroute und praktische Tipps"},"content":{"rendered":"\t\t<div data-elementor-type=\"wp-post\" data-elementor-id=\"13292\" class=\"elementor elementor-13292 elementor-5438\" data-elementor-post-type=\"post\">\n\t\t\t\t<div class=\"elementor-element elementor-element-5b9262e2 e-flex e-con-boxed e-con e-parent\" data-id=\"5b9262e2\" data-element_type=\"container\" data-e-type=\"container\">\n\t\t\t\t\t<div class=\"e-con-inner\">\n\t\t\t\t<div class=\"elementor-element elementor-element-3b269aa9 elementor-widget elementor-widget-text-editor\" data-id=\"3b269aa9\" data-element_type=\"widget\" data-e-type=\"widget\" data-widget_type=\"text-editor.default\">\n\t\t\t\t<div class=\"elementor-widget-container\">\n\t\t\t\t\t\t\t\t\t\r\n<p><span style=\"font-weight: 400;\">Ist es m\u00f6glich, in nur 3 Tagen alles zu entdecken, was Mallorca zu bieten hat? Die Antwort ist ja, aber Sie brauchen einen gut organisierten Plan.   <\/span><\/p>\r\n<p><span style=\"font-weight: 400;\">In dieser kompletten Reiseroute zeigen wir Ihnen <\/span><b>was Sie auf Mallorca in 3 Tagen unternehmen k\u00f6nnen<\/b><span style=\"font-weight: 400;\"> um das Beste aus jeder Minute zu machen, von paradiesischen Str\u00e4nden bis hin zu charmanten D\u00f6rfern und historischen Monumenten. <\/span> <\/p>\r\n<p><span style=\"font-weight: 400;\">Lesen Sie weiter und machen Sie sich bereit, sich in die Insel zu verlieben!<\/span><\/p>\r\n<h2 id=\"von-toc-1\"><b>Einf\u00fchrung: Entdecken Sie Mallorca in nur 3 Tagen<\/b><\/h2>\r\n<p><span style=\"font-weight: 400;\">Mallorca, das Juwel des Mittelmeers, vereint Natur, Kultur und Traumstr\u00e4nde. Bei guter Planung k\u00f6nnen Sie in 3 Tagen die ikonischsten Orte der Insel besuchen, ihre Gastronomie genie\u00dfen und in einzigartigen Buchten entspannen. <\/span><\/p>\r\n<h3 id=\"von-toc-2\"><b>Ist es m\u00f6glich, Mallorca in 3 Tagen zu erkunden?<\/b><\/h3>\r\n<p><span style=\"font-weight: 400;\">Nat\u00fcrlich k\u00f6nnen Sie das! Obwohl Mallorca eine gro\u00dfe Insel ist, k\u00f6nnen Sie sich mit einem Mietauto frei bewegen. Von der <\/span><b>Kathedrale von Palma<\/b><span style=\"font-weight: 400;\"> bis hin zu den <\/span><b>besten Buchten von Mallorca<\/b><span style=\"font-weight: 400;\">bietet Ihnen diese Reiseroute einen ausgewogenen Leitfaden zwischen Kultur, Natur und Entspannung.<\/span><\/p>\r\n<h3 id=\"von-toc-3\"><b>Wie Sie Ihre Zeit am besten nutzen k\u00f6nnen<\/b><\/h3>\r\n<ol>\r\n<li style=\"font-weight: 400;\" aria-level=\"1\"><b>Tag 1<\/b><span style=\"font-weight: 400;\">Tag 1: Palma de Mallorca und Umgebung.<\/span><\/li>\r\n<li style=\"font-weight: 400;\" aria-level=\"1\"><b>Tag 2<\/b><span style=\"font-weight: 400;\">Norden und Sierra de Tramontana.<\/span><\/li>\r\n<li style=\"font-weight: 400;\" aria-level=\"1\"><b>Tag 3<\/b><span style=\"font-weight: 400;\">Tag 3: Str\u00e4nde und H\u00f6hlen an der Ostk\u00fcste.<\/span><\/li>\r\n<\/ol>\r\n<p><span style=\"font-weight: 400;\">Sind Sie bereit? Dann los! <\/span><\/p>\r\n<h2 id=\"von-toc-4\"><b>Tag 1: Palma de Mallorca und seine Umgebung<\/b><\/h2>\r\n<h3 id=\"von-toc-5\"><b>Besuchen Sie die Kathedrale von Palma (La Seu): Geschichte und Sch\u00f6nheit<\/b><\/h3>\r\n<p><span style=\"font-weight: 400;\">Die Kathedrale von Palma ist eines der wichtigsten Symbole von Mallorca. Dieses gotische Gotteshaus besticht durch seine spektakul\u00e4re <\/span><b>Fensterrose<\/b><span style=\"font-weight: 400;\">die gr\u00f6\u00dfte ihrer Art auf der Welt. Ein wahres Wunder, das Sie nicht verpassen sollten.<\/span><\/p>\r\n<p><img fetchpriority=\"high\" decoding=\"async\" width=\"800\" height=\"450\" class=\"wp-image-5443\" src=\"https:\/\/blog.k10mobility.com\/wp-content\/uploads\/2023\/01\/basilica-de-san-francisco-de-asis-mallorca.jpg\" alt=\"Besuchen Sie das historische Zentrum Mallorcas\" srcset=\"https:\/\/blog.k10mobility.com\/wp-content\/uploads\/2023\/01\/basilica-de-san-francisco-de-asis-mallorca.jpg 800w, https:\/\/blog.k10mobility.com\/wp-content\/uploads\/2023\/01\/basilica-de-san-francisco-de-asis-mallorca-300x169.jpg 300w, https:\/\/blog.k10mobility.com\/wp-content\/uploads\/2023\/01\/basilica-de-san-francisco-de-asis-mallorca-768x432.jpg 768w\" sizes=\"(max-width: 800px) 100vw, 800px\" \/><\/p>\r\n<h3 id=\"von-toc-6\"><b>Ein Spaziergang durch Palmas Altstadt<\/b><\/h3>\r\n<p><span style=\"font-weight: 400;\">Schlendern Sie durch die charmanten Stra\u00dfen der Altstadt, besuchen Sie die <\/span><b>Plaza Mayor<\/b><span style=\"font-weight: 400;\">die Lonja und die <\/span><b>Basilika von San Francisco<\/b><span style=\"font-weight: 400;\">. Entdecken Sie auch das historische <\/span><b>J\u00fcdische Viertel<\/b><span style=\"font-weight: 400;\"> und lassen Sie sich von seiner einzigartigen Atmosph\u00e4re \u00fcberraschen.<\/span><\/p>\r\n<h3 id=\"von-toc-7\"><b>Schloss Bellver: Panoramablick und einmalige Architektur<\/b><\/h3>\r\n<p><span style=\"font-weight: 400;\">Nur 3 km von Palma entfernt, liegt das <\/span><b>Schloss Bellver<\/b><span style=\"font-weight: 400;\"> einen spektakul\u00e4ren Blick auf die Stadt und die Bucht. Seine kreisf\u00f6rmige Architektur macht es zu einem der einzigartigsten Schl\u00f6sser in Europa.<\/span><\/p>\r\n<p><img decoding=\"async\" width=\"800\" height=\"450\" class=\"wp-image-5444\" src=\"https:\/\/blog.k10mobility.com\/wp-content\/uploads\/2023\/01\/castillo-de-bellver-palma-de-mallorca.jpg\" alt=\"\" srcset=\"https:\/\/blog.k10mobility.com\/wp-content\/uploads\/2023\/01\/castillo-de-bellver-palma-de-mallorca.jpg 800w, https:\/\/blog.k10mobility.com\/wp-content\/uploads\/2023\/01\/castillo-de-bellver-palma-de-mallorca-300x169.jpg 300w, https:\/\/blog.k10mobility.com\/wp-content\/uploads\/2023\/01\/castillo-de-bellver-palma-de-mallorca-768x432.jpg 768w\" sizes=\"(max-width: 800px) 100vw, 800px\" \/><\/p>\r\n<h3 id=\"von-toc-8\"><b>Illetas Beach: Entspannen Sie sich in einem nahe gelegenen Paradies<\/b><\/h3>\r\n<p><span style=\"font-weight: 400;\">Um den Tag ausklingen zu lassen, gibt es nichts Besseres, als sich am <\/span><b>Illetas Strand<\/b><span style=\"font-weight: 400;\">einer nahe gelegenen Bucht mit kristallklarem Wasser und feinem Sand. Sie ist ideal, um nach einem Sightseeing-Tag zu entspannen.<\/span><\/p>\r\n<h2 id=\"von-toc-9\"><b>Tag 2: Erkunden Sie die Nordk\u00fcste und das Tramuntana-Gebirge<\/b><\/h2>\r\n<h3 id=\"von-toc-10\"><b>Valldemossa: Der Charme eines Bergdorfes<\/b><\/h3>\r\n<p><span style=\"font-weight: 400;\">Besuchen Sie dieses malerische Dorf voller Geschichte und Charme. Seine kopfsteingepflasterten Stra\u00dfen, die <\/span><b>Kartause von Valldemossa<\/b><span style=\"font-weight: 400;\"> und seine beeindruckende Aussicht werden Sie sprachlos machen.<\/span><\/p>\r\n<h3 id=\"von-toc-11\"><b>Deia und S\u00f3ller: Traumhafte Orte im Tramontana-Gebirge<\/b><\/h3>\r\n<p><span style=\"font-weight: 400;\">Deia ist ein kleines K\u00fcnstlerdorf mit einer magischen Atmosph\u00e4re. Von dort aus fahren Sie nach <\/span><b>S\u00f3ller<\/b><span style=\"font-weight: 400;\">ber\u00fchmt f\u00fcr seinen historischen Zug und seinen sch\u00f6nen <\/span><b>Hafen von S\u00f3ller<\/b><span style=\"font-weight: 400;\">wo Sie einen einzigartigen Sonnenuntergang am Meer genie\u00dfen k\u00f6nnen.<\/span><\/p>\r\n<p><img decoding=\"async\" width=\"800\" height=\"450\" class=\"wp-image-5446\" src=\"https:\/\/blog.k10mobility.com\/wp-content\/uploads\/2023\/01\/sierra-de-tramontana-mallorca-3-dias.jpg\" alt=\"Besuchen Sie das Tramontana-Gebirge\" srcset=\"https:\/\/blog.k10mobility.com\/wp-content\/uploads\/2023\/01\/sierra-de-tramontana-mallorca-3-dias.jpg 800w, https:\/\/blog.k10mobility.com\/wp-content\/uploads\/2023\/01\/sierra-de-tramontana-mallorca-3-dias-300x169.jpg 300w, https:\/\/blog.k10mobility.com\/wp-content\/uploads\/2023\/01\/sierra-de-tramontana-mallorca-3-dias-768x432.jpg 768w\" sizes=\"(max-width: 800px) 100vw, 800px\" \/><\/p>\r\n<h3 id=\"von-toc-12\"><b>Sa Calobra und Torrent de Pareis: Natur in ihrer ganzen Pracht<\/b><\/h3>\r\n<p><span style=\"font-weight: 400;\">Wenn Sie auf der Suche nach einem unvergesslichen Erlebnis sind, dann verpassen Sie nicht die <\/span><b>Sa Calobra<\/b><span style=\"font-weight: 400;\"> und den beeindruckenden <\/span><b>Torrent de Pareis<\/b><span style=\"font-weight: 400;\">. Die Stra\u00dfe ist zwar kurvenreich, aber die Aussicht und die Natur machen das mehr als wett.<\/span><\/p>\r\n<p><img loading=\"lazy\" decoding=\"async\" width=\"800\" height=\"450\" class=\"wp-image-5445\" src=\"https:\/\/blog.k10mobility.com\/wp-content\/uploads\/2023\/01\/sa-calobra-mallorca-en-3-dias.jpg\" alt=\"besuchen sie sa calobra mallorca\" srcset=\"https:\/\/blog.k10mobility.com\/wp-content\/uploads\/2023\/01\/sa-calobra-mallorca-en-3-dias.jpg 800w, https:\/\/blog.k10mobility.com\/wp-content\/uploads\/2023\/01\/sa-calobra-mallorca-en-3-dias-300x169.jpg 300w, https:\/\/blog.k10mobility.com\/wp-content\/uploads\/2023\/01\/sa-calobra-mallorca-en-3-dias-768x432.jpg 768w\" sizes=\"(max-width: 800px) 100vw, 800px\" \/><\/p>\r\n<h2 id=\"von-toc-13\"><b>Tag 3: Str\u00e4nde und H\u00f6hlen an Mallorcas Ostk\u00fcste<\/b><\/h2>\r\n<p><img loading=\"lazy\" decoding=\"async\" width=\"800\" height=\"450\" class=\"wp-image-5441\" src=\"https:\/\/blog.k10mobility.com\/wp-content\/uploads\/2023\/01\/playas-y-calas-palma-mallorca.jpg\" alt=\"str\u00e4nde buchten von mallorca in 3 tagen\" srcset=\"https:\/\/blog.k10mobility.com\/wp-content\/uploads\/2023\/01\/playas-y-calas-palma-mallorca.jpg 800w, https:\/\/blog.k10mobility.com\/wp-content\/uploads\/2023\/01\/playas-y-calas-palma-mallorca-300x169.jpg 300w, https:\/\/blog.k10mobility.com\/wp-content\/uploads\/2023\/01\/playas-y-calas-palma-mallorca-768x432.jpg 768w\" sizes=\"(max-width: 800px) 100vw, 800px\" \/><\/p>\r\n<h3 id=\"von-toc-14\"><b>Cala Millor und Cala Ratjada: Genie\u00dfen Sie die besten Str\u00e4nde<\/b><\/h3>\r\n<p><span style=\"font-weight: 400;\">Beginnen Sie den Tag an den Str\u00e4nden der Ostk\u00fcste, wie z.B. <\/span><b>Cala Millor<\/b><span style=\"font-weight: 400;\"> y <\/span><b>Cala Ratjada<\/b><span style=\"font-weight: 400;\">die f\u00fcr ihr kristallklares Wasser und ihren wei\u00dfen Sand bekannt sind.<\/span><\/p>\r\n<h3 id=\"von-toc-15\"><b>Die H\u00f6hlen von Drach: Ein un\u00fcbersehbares unterirdisches Spektakel<\/b><\/h3>\r\n<p><span style=\"font-weight: 400;\">Die <\/span><b>H\u00f6hlen von Drach<\/b><span style=\"font-weight: 400;\">in Manacor sind ein Muss. Spazieren Sie durch die beeindruckenden Galerien und genie\u00dfen Sie ein klassisches Musikkonzert im <\/span><b>Martel-See<\/b><span style=\"font-weight: 400;\">einem der gr\u00f6\u00dften unterirdischen Seen der Welt.<\/span><\/p>\r\n<p><img loading=\"lazy\" decoding=\"async\" width=\"800\" height=\"450\" class=\"wp-image-5447\" src=\"https:\/\/blog.k10mobility.com\/wp-content\/uploads\/2023\/01\/cuevas-de-drach-palma-de-mallorca.jpg\" alt=\"besuch der h\u00f6hlen von drach mallorca 3 tage reiseplan\" srcset=\"https:\/\/blog.k10mobility.com\/wp-content\/uploads\/2023\/01\/cuevas-de-drach-palma-de-mallorca.jpg 800w, https:\/\/blog.k10mobility.com\/wp-content\/uploads\/2023\/01\/cuevas-de-drach-palma-de-mallorca-300x169.jpg 300w, https:\/\/blog.k10mobility.com\/wp-content\/uploads\/2023\/01\/cuevas-de-drach-palma-de-mallorca-768x432.jpg 768w\" sizes=\"(max-width: 800px) 100vw, 800px\" \/><\/p>\r\n<h3 id=\"von-toc-16\"><b>Naturpark Mondrag\u00f3: Wandern und unglaubliche Landschaften<\/b><\/h3>\r\n<p><span style=\"font-weight: 400;\">Beenden Sie Ihren Besuch mit einem Spaziergang durch den <\/span><b>Naturpark Mondrag\u00f3<\/b><span style=\"font-weight: 400;\">einer gesch\u00fctzten Umgebung, in der Sie Wanderwege und spektakul\u00e4re Buchten wie <\/span><b>S&#8217;Amarador<\/b><span style=\"font-weight: 400;\">.<\/span><\/p>\r\n<h2 id=\"von-toc-17\"><b>Praktische Tipps f\u00fcr Ihre Reise nach Mallorca<\/b><\/h2>\r\n<h3 id=\"von-toc-18\"><b>Mieten Sie ein Auto und entdecken Sie Mallorca ohne Grenzen<\/b><\/h3>\r\n<p><span style=\"font-weight: 400;\">Um das Beste aus Ihrer Zeit zu machen, ist es ideal, wenn Sie <\/span><b>ein Auto zu mieten<\/b><span style=\"font-weight: 400;\">. So k\u00f6nnen Sie die Insel in Ihrem eigenen Tempo erkunden, versteckte Buchten besuchen und die <\/span><b>Tramontana-Gebirge<\/b><span style=\"font-weight: 400;\"> ohne sich um Fahrpl\u00e4ne k\u00fcmmern zu m\u00fcssen. Pr\u00fcfen Sie Optionen wie <\/span><a href=\"https:\/\/k10rentacar.com\/alquiler-coche-mallorca-sin-franquicia\/\"><b>Autovermietung Mallorca Flughafen ohne Selbstbeteiligung<\/b> <\/a><span style=\"font-weight: 400;\">f\u00fcr ein stressfreies Erlebnis.<\/span><\/p>\r\n<h3 id=\"von-toc-19\"><b>Die beste Zeit f\u00fcr einen Besuch der Insel<\/b><\/h3>\r\n<p><span style=\"font-weight: 400;\">Fr\u00fchling und Herbst sind ideal, um das gute Wetter zu genie\u00dfen, ohne die Menschenmassen des Sommers.<\/span><\/p>\r\n<h3 id=\"von-toc-20\"><b>Unterk\u00fcnfte auf Mallorca: Hotels und empfohlene Gegenden<\/b><\/h3>\r\n<ul>\r\n<li style=\"font-weight: 400;\" aria-level=\"1\"><b>Palma<\/b><span style=\"font-weight: 400;\">Hotel Palma: Ideal, wenn Sie in der N\u00e4he des Stadtzentrums und der Denkm\u00e4ler sein wollen.<\/span><\/li>\r\n<li style=\"font-weight: 400;\" aria-level=\"1\"><b>Norden<\/b><span style=\"font-weight: 400;\">Perfekt f\u00fcr die Erkundung der Tramontana.<\/span><\/li>\r\n<li style=\"font-weight: 400;\" aria-level=\"1\"><b>Dieses<\/b><span style=\"font-weight: 400;\">In der N\u00e4he von spektakul\u00e4ren Buchten und Str\u00e4nden.<\/span><\/li>\r\n<\/ul>\r\n<h2 id=\"von-toc-21\"><b>Was sollte man auf Mallorca essen? Typische Gastronomie in 3 Tagen <\/b><\/h2>\r\n<h3 id=\"von-toc-22\"><b>Ensaimada: Die ber\u00fchmteste S\u00fc\u00dfigkeit Mallorcas<\/b><\/h3>\r\n<p><span style=\"font-weight: 400;\">Gehen Sie nicht, ohne eine authentische <\/span><b>mallorquinische Ensaimada<\/b><span style=\"font-weight: 400;\">.<\/span><\/p>\r\n<p><img loading=\"lazy\" decoding=\"async\" class=\"wp-image-10189 size-full alignnone\" src=\"https:\/\/blog.k10mobility.com\/wp-content\/uploads\/2023\/02\/ensaimada-mallorca.jpg\" alt=\"Ensaimada Mallorca\" width=\"720\" height=\"480\" srcset=\"https:\/\/blog.k10mobility.com\/wp-content\/uploads\/2023\/02\/ensaimada-mallorca.jpg 720w, https:\/\/blog.k10mobility.com\/wp-content\/uploads\/2023\/02\/ensaimada-mallorca-300x200.jpg 300w\" sizes=\"(max-width: 720px) 100vw, 720px\" \/><\/p>\r\n<h3 id=\"von-toc-23\"><b>Sobrasada und Pa amb Oli: Authentische Geschm\u00e4cker<\/b><\/h3>\r\n<p><span style=\"font-weight: 400;\">Genie\u00dfen Sie die <\/span><b>sobrasada<\/b><span style=\"font-weight: 400;\"> und das traditionelle <\/span><b>pa amb oli<\/b><span style=\"font-weight: 400;\">zwei Juwelen der lokalen Gastronomie.<\/span><\/p>\r\n<h3 id=\"von-toc-24\"><b>Empfohlene Restaurants f\u00fcr jeden Tag Ihrer Reiseroute<\/b><\/h3>\r\n<ol>\r\n<li style=\"font-weight: 400;\" aria-level=\"1\"><b>Palma<\/b><span style=\"font-weight: 400;\">Abendessen in einem Restaurant mit Blick auf das Meer.<\/span><\/li>\r\n<li style=\"font-weight: 400;\" aria-level=\"1\"><b>S\u00f3ller<\/b><span style=\"font-weight: 400;\">Probieren Sie die frischen Meeresfr\u00fcchte im Hafen.<\/span><\/li>\r\n<li style=\"font-weight: 400;\" aria-level=\"1\"><b>Ostk\u00fcste<\/b><span style=\"font-weight: 400;\">: Genie\u00dfen Sie eine Paella am Strand.<\/span><\/li>\r\n<\/ol>\r\n<h2 id=\"von-toc-25\"><b>Karte von Was man auf Mallorca in 3 Tagen sehen kann<\/b><\/h2>\r\n<p><span style=\"font-weight: 400;\">M\u00f6chten Sie eine Karte haben, damit Sie nichts verpassen? Laden Sie unsere <\/span><b>interaktive Karte<\/b><span style=\"font-weight: 400;\"> und planen Sie Ihre Reiseroute mit Leichtigkeit.<\/span><\/p>\r\n<h2 id=\"von-toc-26\"><b>Mallorca, eine Insel zum Erinnern<\/b><\/h2>\r\n<p><span style=\"font-weight: 400;\">Mallorca ist eine Insel, die alles zu bieten hat: paradiesische Str\u00e4nde, charmante D\u00f6rfer und einzigartige Naturlandschaften. Mit dieser Reiseroute von <\/span><b>was man auf Mallorca in 3 Tagen unternehmen kann<\/b><span style=\"font-weight: 400;\">k\u00f6nnen Sie das Beste der Insel entdecken und eine unvergessliche Erfahrung machen.<\/span><\/p>\r\n<p><b>Machen Sie sich bereit f\u00fcr Ihr Abenteuer, buchen Sie Ihr Auto, bereiten Sie Ihre Reise vor und beginnen Sie Mallorca zu erkunden! <\/b><\/p>\r\n\r\n\r\n\r\n\r\n\t\t\t\t\t\t\t\t<\/div>\n\t\t\t\t<\/div>\n\t\t\t\t\t<\/div>\n\t\t\t\t<\/div>\n\t\t<div class=\"elementor-element elementor-element-3d12c60 e-con-full e-flex e-con e-parent\" data-id=\"3d12c60\" data-element_type=\"container\" data-e-type=\"container\">\n\t\t\t\t<div class=\"elementor-element elementor-element-434923b elementor-grid-3 elementor-grid-tablet-2 elementor-grid-mobile-1 elementor-posts--thumbnail-top elementor-card-shadow-yes elementor-posts__hover-gradient elementor-widget elementor-widget-posts\" data-id=\"434923b\" data-element_type=\"widget\" data-e-type=\"widget\" data-settings=\"{&quot;cards_columns&quot;:&quot;3&quot;,&quot;cards_columns_tablet&quot;:&quot;2&quot;,&quot;cards_columns_mobile&quot;:&quot;1&quot;,&quot;cards_row_gap&quot;:{&quot;unit&quot;:&quot;px&quot;,&quot;size&quot;:35,&quot;sizes&quot;:[]},&quot;cards_row_gap_tablet&quot;:{&quot;unit&quot;:&quot;px&quot;,&quot;size&quot;:&quot;&quot;,&quot;sizes&quot;:[]},&quot;cards_row_gap_mobile&quot;:{&quot;unit&quot;:&quot;px&quot;,&quot;size&quot;:&quot;&quot;,&quot;sizes&quot;:[]}}\" data-widget_type=\"posts.cards\">\n\t\t\t\t<div class=\"elementor-widget-container\">\n\t\t\t\t\t\t\t<div class=\"elementor-posts-container elementor-posts elementor-posts--skin-cards elementor-grid\" role=\"list\">\n\t\t\t\t<article class=\"elementor-post elementor-grid-item post-12610 post type-post status-publish format-standard has-post-thumbnail hentry category-ibiza\" role=\"listitem\">\n\t\t\t<div class=\"elementor-post__card\">\n\t\t\t\t<a class=\"elementor-post__thumbnail__link\" href=\"https:\/\/blog.k10mobility.com\/de\/was-man-in-2-tagen-auf-ibiza-sehen-kann\/\" tabindex=\"-1\" ><div class=\"elementor-post__thumbnail\"><img loading=\"lazy\" decoding=\"async\" width=\"300\" height=\"200\" src=\"https:\/\/blog.k10mobility.com\/wp-content\/uploads\/2025\/08\/que-ver-en-ibiza-2-dias-300x200.webp\" class=\"attachment-medium size-medium wp-image-12611\" alt=\"Was Sie auf Ibiza sehen sollten 2 Tage\" srcset=\"https:\/\/blog.k10mobility.com\/wp-content\/uploads\/2025\/08\/que-ver-en-ibiza-2-dias-300x200.webp 300w, https:\/\/blog.k10mobility.com\/wp-content\/uploads\/2025\/08\/que-ver-en-ibiza-2-dias-768x511.webp 768w, https:\/\/blog.k10mobility.com\/wp-content\/uploads\/2025\/08\/que-ver-en-ibiza-2-dias.webp 800w\" sizes=\"(max-width: 300px) 100vw, 300px\" \/><\/div><\/a>\n\t\t\t\t<div class=\"elementor-post__badge\">Ibiza<\/div>\n\t\t\t\t<div class=\"elementor-post__text\">\n\t\t\t\t<h3 class=\"elementor-post__title\">\n\t\t\t<a href=\"https:\/\/blog.k10mobility.com\/de\/was-man-in-2-tagen-auf-ibiza-sehen-kann\/\" >\n\t\t\t\tWas man auf Ibiza in 2 Tagen sehen kann\t\t\t<\/a>\n\t\t<\/h3>\n\t\t\n\t\t<a class=\"elementor-post__read-more\" href=\"https:\/\/blog.k10mobility.com\/de\/was-man-in-2-tagen-auf-ibiza-sehen-kann\/\" aria-label=\"Mehr \u00fcber Was man auf Ibiza in 2 Tagen sehen kann\" tabindex=\"-1\" >\n\t\t\tLesen Sie weiter \"\t\t<\/a>\n\n\t\t\t\t<\/div>\n\t\t\t\t<div class=\"elementor-post__meta-data\">\n\t\t\t\t\t<span class=\"elementor-post-date\">\n\t\t\t13. August 2025\t\t<\/span>\n\t\t\t\t<span class=\"elementor-post-avatar\">\n\t\t\tKeine Kommentare\t\t<\/span>\n\t\t\t\t<\/div>\n\t\t\t\t\t<\/div>\n\t\t<\/article>\n\t\t\t\t<article class=\"elementor-post elementor-grid-item post-13772 post type-post status-publish format-standard has-post-thumbnail hentry category-mallorca tag-leben-auf-mallorca\" role=\"listitem\">\n\t\t\t<div class=\"elementor-post__card\">\n\t\t\t\t<a class=\"elementor-post__thumbnail__link\" href=\"https:\/\/blog.k10mobility.com\/de\/beste-wohngebiete-mallorcas\/\" tabindex=\"-1\" ><div class=\"elementor-post__thumbnail\"><img loading=\"lazy\" decoding=\"async\" width=\"300\" height=\"189\" src=\"https:\/\/blog.k10mobility.com\/wp-content\/uploads\/2025\/04\/zonas-vivir-mallorca-e1752132423781-300x189.jpg\" class=\"attachment-medium size-medium wp-image-13775\" alt=\"Die besten Orte zum Leben auf Mallorca\" srcset=\"https:\/\/blog.k10mobility.com\/wp-content\/uploads\/2025\/04\/zonas-vivir-mallorca-e1752132423781-300x189.jpg 300w, https:\/\/blog.k10mobility.com\/wp-content\/uploads\/2025\/04\/zonas-vivir-mallorca-e1752132423781.jpg 700w\" sizes=\"(max-width: 300px) 100vw, 300px\" \/><\/div><\/a>\n\t\t\t\t<div class=\"elementor-post__badge\">Mallorca<\/div>\n\t\t\t\t<div class=\"elementor-post__text\">\n\t\t\t\t<h3 class=\"elementor-post__title\">\n\t\t\t<a href=\"https:\/\/blog.k10mobility.com\/de\/beste-wohngebiete-mallorcas\/\" >\n\t\t\t\tDie besten Orte zum Leben auf Mallorca\t\t\t<\/a>\n\t\t<\/h3>\n\t\t\n\t\t<a class=\"elementor-post__read-more\" href=\"https:\/\/blog.k10mobility.com\/de\/beste-wohngebiete-mallorcas\/\" aria-label=\"Mehr \u00fcber Die besten Orte zum Leben auf Mallorca\" tabindex=\"-1\" >\n\t\t\tLesen Sie weiter \"\t\t<\/a>\n\n\t\t\t\t<\/div>\n\t\t\t\t<div class=\"elementor-post__meta-data\">\n\t\t\t\t\t<span class=\"elementor-post-date\">\n\t\t\t17. Januar 2025\t\t<\/span>\n\t\t\t\t<span class=\"elementor-post-avatar\">\n\t\t\tKeine Kommentare\t\t<\/span>\n\t\t\t\t<\/div>\n\t\t\t\t\t<\/div>\n\t\t<\/article>\n\t\t\t\t<article class=\"elementor-post elementor-grid-item post-14236 post type-post status-publish format-standard has-post-thumbnail hentry category-mallorca tag-destacada\" role=\"listitem\">\n\t\t\t<div class=\"elementor-post__card\">\n\t\t\t\t<a class=\"elementor-post__thumbnail__link\" href=\"https:\/\/blog.k10mobility.com\/de\/die-schoensten-sonnenauf-und-untergaenge-auf-mallorca\/\" tabindex=\"-1\" ><div class=\"elementor-post__thumbnail\"><img loading=\"lazy\" decoding=\"async\" width=\"300\" height=\"200\" src=\"https:\/\/blog.k10mobility.com\/wp-content\/uploads\/2026\/01\/mejores-amaneceres-mallorca-300x200.webp\" class=\"attachment-medium size-medium wp-image-14235\" alt=\"Die sch\u00f6nsten Sonnenauf- und -unterg\u00e4nge auf Mallorca\" srcset=\"https:\/\/blog.k10mobility.com\/wp-content\/uploads\/2026\/01\/mejores-amaneceres-mallorca-300x200.webp 300w, https:\/\/blog.k10mobility.com\/wp-content\/uploads\/2026\/01\/mejores-amaneceres-mallorca-768x512.webp 768w, https:\/\/blog.k10mobility.com\/wp-content\/uploads\/2026\/01\/mejores-amaneceres-mallorca.webp 800w\" sizes=\"(max-width: 300px) 100vw, 300px\" \/><\/div><\/a>\n\t\t\t\t<div class=\"elementor-post__badge\">Mallorca<\/div>\n\t\t\t\t<div class=\"elementor-post__text\">\n\t\t\t\t<h3 class=\"elementor-post__title\">\n\t\t\t<a href=\"https:\/\/blog.k10mobility.com\/de\/die-schoensten-sonnenauf-und-untergaenge-auf-mallorca\/\" >\n\t\t\t\tDie sch\u00f6nsten Sonnenauf- und -unterg\u00e4nge auf Mallorca\t\t\t<\/a>\n\t\t<\/h3>\n\t\t\n\t\t<a class=\"elementor-post__read-more\" href=\"https:\/\/blog.k10mobility.com\/de\/die-schoensten-sonnenauf-und-untergaenge-auf-mallorca\/\" aria-label=\"Mehr \u00fcber Die sch\u00f6nsten Sonnenauf- und -unterg\u00e4nge auf Mallorca\" tabindex=\"-1\" >\n\t\t\tLesen Sie weiter \"\t\t<\/a>\n\n\t\t\t\t<\/div>\n\t\t\t\t<div class=\"elementor-post__meta-data\">\n\t\t\t\t\t<span class=\"elementor-post-date\">\n\t\t\t29. Januar 2026\t\t<\/span>\n\t\t\t\t<span class=\"elementor-post-avatar\">\n\t\t\tKeine Kommentare\t\t<\/span>\n\t\t\t\t<\/div>\n\t\t\t\t\t<\/div>\n\t\t<\/article>\n\t\t\t\t<\/div>\n\t\t\n\t\t\t\t\t\t<\/div>\n\t\t\t\t<\/div>\n\t\t\t\t<\/div>\n\t\t\t\t<\/div>\n\t\t","protected":false},"excerpt":{"rendered":"","protected":false},"author":2,"featured_media":13293,"comment_status":"closed","ping_status":"closed","sticky":false,"template":"","format":"standard","meta":{"footnotes":""},"categories":[233],"tags":[],"class_list":["post-13292","post","type-post","status-publish","format-standard","has-post-thumbnail","hentry","category-mallorca"],"yoast_head":"<!-- This site is optimized with the Yoast SEO plugin v27.4 - https:\/\/yoast.com\/product\/yoast-seo-wordpress\/ -->\n<title>Was Sie auf Mallorca in 3 Tagen unternehmen k\u00f6nnen (Vollst\u00e4ndiger Leitfaden)<\/title>\n<meta name=\"description\" content=\"Entdecken Sie, was Sie auf Mallorca in 3 Tagen unternehmen k\u00f6nnen: das Wesentliche \u261d Geschichte, Str\u00e4nde, Gastronomie. Alles, was Sie f\u00fcr ein perfektes Wochenende brauchen.\" \/>\n<meta name=\"robots\" content=\"index, follow, max-snippet:-1, max-image-preview:large, max-video-preview:-1\" \/>\n<link rel=\"canonical\" href=\"https:\/\/blog.k10mobility.com\/de\/was-man-in-3-tagen-auf-mallorca-sehen-kann-vollstaendiger-reiseplan-und-praktische-tipps\/\" \/>\n<meta property=\"og:locale\" content=\"de_DE\" \/>\n<meta property=\"og:type\" content=\"article\" \/>\n<meta property=\"og:title\" content=\"Was Sie auf Mallorca in 3 Tagen unternehmen k\u00f6nnen (Vollst\u00e4ndiger Leitfaden)\" \/>\n<meta property=\"og:description\" content=\"Entdecken Sie, was Sie auf Mallorca in 3 Tagen unternehmen k\u00f6nnen: das Wesentliche \u261d Geschichte, Str\u00e4nde, Gastronomie. Alles, was Sie f\u00fcr ein perfektes Wochenende brauchen.\" \/>\n<meta property=\"og:url\" content=\"https:\/\/blog.k10mobility.com\/de\/was-man-in-3-tagen-auf-mallorca-sehen-kann-vollstaendiger-reiseplan-und-praktische-tipps\/\" \/>\n<meta property=\"og:site_name\" content=\"K10 Mobility\" \/>\n<meta property=\"article:publisher\" content=\"https:\/\/www.facebook.com\/k10mobility\/\" \/>\n<meta property=\"article:published_time\" content=\"2025-01-29T10:47:00+00:00\" \/>\n<meta property=\"article:modified_time\" content=\"2026-01-22T11:38:26+00:00\" \/>\n<meta property=\"og:image\" content=\"https:\/\/blog.k10mobility.com\/wp-content\/uploads\/2023\/01\/que-ver-mallorca-3-dias.jpg\" \/>\n\t<meta property=\"og:image:width\" content=\"1000\" \/>\n\t<meta property=\"og:image:height\" content=\"562\" \/>\n\t<meta property=\"og:image:type\" content=\"image\/jpeg\" \/>\n<meta name=\"author\" content=\"Luis Ram\u00eds\" \/>\n<meta name=\"twitter:card\" content=\"summary_large_image\" \/>\n<meta name=\"twitter:label1\" content=\"Verfasst von\" \/>\n\t<meta name=\"twitter:data1\" content=\"Luis Ram\u00eds\" \/>\n\t<meta name=\"twitter:label2\" content=\"Gesch\u00e4tzte Lesezeit\" \/>\n\t<meta name=\"twitter:data2\" content=\"5\u00a0Minuten\" \/>\n<script type=\"application\/ld+json\" class=\"yoast-schema-graph\">{\"@context\":\"https:\\\/\\\/schema.org\",\"@graph\":[{\"@type\":\"Article\",\"@id\":\"https:\\\/\\\/blog.k10mobility.com\\\/de\\\/was-man-in-3-tagen-auf-mallorca-sehen-kann-vollstaendiger-reiseplan-und-praktische-tipps\\\/#article\",\"isPartOf\":{\"@id\":\"https:\\\/\\\/blog.k10mobility.com\\\/de\\\/was-man-in-3-tagen-auf-mallorca-sehen-kann-vollstaendiger-reiseplan-und-praktische-tipps\\\/\"},\"author\":{\"name\":\"Luis Ram\u00eds\",\"@id\":\"https:\\\/\\\/blog.k10mobility.com\\\/de\\\/#\\\/schema\\\/person\\\/5f18469c790b92d83fdd98422e621da8\"},\"headline\":\"Was Sie in 3 Tagen auf Mallorca sehen sollten: Vollst\u00e4ndige Reiseroute und praktische Tipps\",\"datePublished\":\"2025-01-29T10:47:00+00:00\",\"dateModified\":\"2026-01-22T11:38:26+00:00\",\"mainEntityOfPage\":{\"@id\":\"https:\\\/\\\/blog.k10mobility.com\\\/de\\\/was-man-in-3-tagen-auf-mallorca-sehen-kann-vollstaendiger-reiseplan-und-praktische-tipps\\\/\"},\"wordCount\":1005,\"publisher\":{\"@id\":\"https:\\\/\\\/blog.k10mobility.com\\\/de\\\/#organization\"},\"image\":{\"@id\":\"https:\\\/\\\/blog.k10mobility.com\\\/de\\\/was-man-in-3-tagen-auf-mallorca-sehen-kann-vollstaendiger-reiseplan-und-praktische-tipps\\\/#primaryimage\"},\"thumbnailUrl\":\"https:\\\/\\\/blog.k10mobility.com\\\/wp-content\\\/uploads\\\/2023\\\/01\\\/que-ver-mallorca-3-dias.jpg\",\"articleSection\":[\"Mallorca\"],\"inLanguage\":\"de\"},{\"@type\":\"WebPage\",\"@id\":\"https:\\\/\\\/blog.k10mobility.com\\\/de\\\/was-man-in-3-tagen-auf-mallorca-sehen-kann-vollstaendiger-reiseplan-und-praktische-tipps\\\/\",\"url\":\"https:\\\/\\\/blog.k10mobility.com\\\/de\\\/was-man-in-3-tagen-auf-mallorca-sehen-kann-vollstaendiger-reiseplan-und-praktische-tipps\\\/\",\"name\":\"Was Sie auf Mallorca in 3 Tagen unternehmen k\u00f6nnen (Vollst\u00e4ndiger Leitfaden)\",\"isPartOf\":{\"@id\":\"https:\\\/\\\/blog.k10mobility.com\\\/de\\\/#website\"},\"primaryImageOfPage\":{\"@id\":\"https:\\\/\\\/blog.k10mobility.com\\\/de\\\/was-man-in-3-tagen-auf-mallorca-sehen-kann-vollstaendiger-reiseplan-und-praktische-tipps\\\/#primaryimage\"},\"image\":{\"@id\":\"https:\\\/\\\/blog.k10mobility.com\\\/de\\\/was-man-in-3-tagen-auf-mallorca-sehen-kann-vollstaendiger-reiseplan-und-praktische-tipps\\\/#primaryimage\"},\"thumbnailUrl\":\"https:\\\/\\\/blog.k10mobility.com\\\/wp-content\\\/uploads\\\/2023\\\/01\\\/que-ver-mallorca-3-dias.jpg\",\"datePublished\":\"2025-01-29T10:47:00+00:00\",\"dateModified\":\"2026-01-22T11:38:26+00:00\",\"description\":\"Entdecken Sie, was Sie auf Mallorca in 3 Tagen unternehmen k\u00f6nnen: das Wesentliche \u261d Geschichte, Str\u00e4nde, Gastronomie. Alles, was Sie f\u00fcr ein perfektes Wochenende brauchen.\",\"breadcrumb\":{\"@id\":\"https:\\\/\\\/blog.k10mobility.com\\\/de\\\/was-man-in-3-tagen-auf-mallorca-sehen-kann-vollstaendiger-reiseplan-und-praktische-tipps\\\/#breadcrumb\"},\"inLanguage\":\"de\",\"potentialAction\":[{\"@type\":\"ReadAction\",\"target\":[\"https:\\\/\\\/blog.k10mobility.com\\\/de\\\/was-man-in-3-tagen-auf-mallorca-sehen-kann-vollstaendiger-reiseplan-und-praktische-tipps\\\/\"]}]},{\"@type\":\"ImageObject\",\"inLanguage\":\"de\",\"@id\":\"https:\\\/\\\/blog.k10mobility.com\\\/de\\\/was-man-in-3-tagen-auf-mallorca-sehen-kann-vollstaendiger-reiseplan-und-praktische-tipps\\\/#primaryimage\",\"url\":\"https:\\\/\\\/blog.k10mobility.com\\\/wp-content\\\/uploads\\\/2023\\\/01\\\/que-ver-mallorca-3-dias.jpg\",\"contentUrl\":\"https:\\\/\\\/blog.k10mobility.com\\\/wp-content\\\/uploads\\\/2023\\\/01\\\/que-ver-mallorca-3-dias.jpg\",\"width\":1000,\"height\":562,\"caption\":\"was man auf Mallorca in drei Tagen unternehmen kann\"},{\"@type\":\"BreadcrumbList\",\"@id\":\"https:\\\/\\\/blog.k10mobility.com\\\/de\\\/was-man-in-3-tagen-auf-mallorca-sehen-kann-vollstaendiger-reiseplan-und-praktische-tipps\\\/#breadcrumb\",\"itemListElement\":[{\"@type\":\"ListItem\",\"position\":1,\"name\":\"K10 Mobility\",\"item\":\"https:\\\/\\\/blog.k10mobility.com\\\/de\\\/\"},{\"@type\":\"ListItem\",\"position\":2,\"name\":\"Was Sie in 3 Tagen auf Mallorca sehen sollten: Vollst\u00e4ndige Reiseroute und praktische Tipps\"}]},{\"@type\":\"WebSite\",\"@id\":\"https:\\\/\\\/blog.k10mobility.com\\\/de\\\/#website\",\"url\":\"https:\\\/\\\/blog.k10mobility.com\\\/de\\\/\",\"name\":\"K10 Mobility\",\"description\":\"Rent a car en Ibiza y Mallorca\",\"publisher\":{\"@id\":\"https:\\\/\\\/blog.k10mobility.com\\\/de\\\/#organization\"},\"alternateName\":\"K10 Rent a car\",\"potentialAction\":[{\"@type\":\"SearchAction\",\"target\":{\"@type\":\"EntryPoint\",\"urlTemplate\":\"https:\\\/\\\/blog.k10mobility.com\\\/de\\\/?s={search_term_string}\"},\"query-input\":{\"@type\":\"PropertyValueSpecification\",\"valueRequired\":true,\"valueName\":\"search_term_string\"}}],\"inLanguage\":\"de\"},{\"@type\":\"Organization\",\"@id\":\"https:\\\/\\\/blog.k10mobility.com\\\/de\\\/#organization\",\"name\":\"K10 Mobility\",\"alternateName\":\"K10 Mobility rent a car en Ibiza y Mallorca\",\"url\":\"https:\\\/\\\/blog.k10mobility.com\\\/de\\\/\",\"logo\":{\"@type\":\"ImageObject\",\"inLanguage\":\"de\",\"@id\":\"https:\\\/\\\/blog.k10mobility.com\\\/de\\\/#\\\/schema\\\/logo\\\/image\\\/\",\"url\":\"https:\\\/\\\/blog.k10mobility.com\\\/wp-content\\\/uploads\\\/2025\\\/11\\\/cropped-Logo-K10-color-apaisado.png\",\"contentUrl\":\"https:\\\/\\\/blog.k10mobility.com\\\/wp-content\\\/uploads\\\/2025\\\/11\\\/cropped-Logo-K10-color-apaisado.png\",\"width\":665,\"height\":105,\"caption\":\"K10 Mobility\"},\"image\":{\"@id\":\"https:\\\/\\\/blog.k10mobility.com\\\/de\\\/#\\\/schema\\\/logo\\\/image\\\/\"},\"sameAs\":[\"https:\\\/\\\/www.facebook.com\\\/k10mobility\\\/\",\"https:\\\/\\\/www.instagram.com\\\/k10mobility\\\/\"]},{\"@type\":\"Person\",\"@id\":\"https:\\\/\\\/blog.k10mobility.com\\\/de\\\/#\\\/schema\\\/person\\\/5f18469c790b92d83fdd98422e621da8\",\"name\":\"Luis Ram\u00eds\",\"image\":{\"@type\":\"ImageObject\",\"inLanguage\":\"de\",\"@id\":\"https:\\\/\\\/secure.gravatar.com\\\/avatar\\\/30162c41d6f584ef954ac19546d34176104f5a2b363cc65fe6c8b9dc6c1ed9ac?s=96&d=mm&r=g\",\"url\":\"https:\\\/\\\/secure.gravatar.com\\\/avatar\\\/30162c41d6f584ef954ac19546d34176104f5a2b363cc65fe6c8b9dc6c1ed9ac?s=96&d=mm&r=g\",\"contentUrl\":\"https:\\\/\\\/secure.gravatar.com\\\/avatar\\\/30162c41d6f584ef954ac19546d34176104f5a2b363cc65fe6c8b9dc6c1ed9ac?s=96&d=mm&r=g\",\"caption\":\"Luis Ram\u00eds\"},\"url\":\"https:\\\/\\\/blog.k10mobility.com\\\/de\\\/author\\\/luisr4m1s_k10\\\/\"}]}<\/script>\n<!-- \/ Yoast SEO plugin. -->","yoast_head_json":{"title":"Was Sie auf Mallorca in 3 Tagen unternehmen k\u00f6nnen (Vollst\u00e4ndiger Leitfaden)","description":"Entdecken Sie, was Sie auf Mallorca in 3 Tagen unternehmen k\u00f6nnen: das Wesentliche \u261d Geschichte, Str\u00e4nde, Gastronomie. Alles, was Sie f\u00fcr ein perfektes Wochenende brauchen.","robots":{"index":"index","follow":"follow","max-snippet":"max-snippet:-1","max-image-preview":"max-image-preview:large","max-video-preview":"max-video-preview:-1"},"canonical":"https:\/\/blog.k10mobility.com\/de\/was-man-in-3-tagen-auf-mallorca-sehen-kann-vollstaendiger-reiseplan-und-praktische-tipps\/","og_locale":"de_DE","og_type":"article","og_title":"Was Sie auf Mallorca in 3 Tagen unternehmen k\u00f6nnen (Vollst\u00e4ndiger Leitfaden)","og_description":"Entdecken Sie, was Sie auf Mallorca in 3 Tagen unternehmen k\u00f6nnen: das Wesentliche \u261d Geschichte, Str\u00e4nde, Gastronomie. Alles, was Sie f\u00fcr ein perfektes Wochenende brauchen.","og_url":"https:\/\/blog.k10mobility.com\/de\/was-man-in-3-tagen-auf-mallorca-sehen-kann-vollstaendiger-reiseplan-und-praktische-tipps\/","og_site_name":"K10 Mobility","article_publisher":"https:\/\/www.facebook.com\/k10mobility\/","article_published_time":"2025-01-29T10:47:00+00:00","article_modified_time":"2026-01-22T11:38:26+00:00","og_image":[{"width":1000,"height":562,"url":"https:\/\/blog.k10mobility.com\/wp-content\/uploads\/2023\/01\/que-ver-mallorca-3-dias.jpg","type":"image\/jpeg"}],"author":"Luis Ram\u00eds","twitter_card":"summary_large_image","twitter_misc":{"Verfasst von":"Luis Ram\u00eds","Gesch\u00e4tzte Lesezeit":"5\u00a0Minuten"},"schema":{"@context":"https:\/\/schema.org","@graph":[{"@type":"Article","@id":"https:\/\/blog.k10mobility.com\/de\/was-man-in-3-tagen-auf-mallorca-sehen-kann-vollstaendiger-reiseplan-und-praktische-tipps\/#article","isPartOf":{"@id":"https:\/\/blog.k10mobility.com\/de\/was-man-in-3-tagen-auf-mallorca-sehen-kann-vollstaendiger-reiseplan-und-praktische-tipps\/"},"author":{"name":"Luis Ram\u00eds","@id":"https:\/\/blog.k10mobility.com\/de\/#\/schema\/person\/5f18469c790b92d83fdd98422e621da8"},"headline":"Was Sie in 3 Tagen auf Mallorca sehen sollten: Vollst\u00e4ndige Reiseroute und praktische Tipps","datePublished":"2025-01-29T10:47:00+00:00","dateModified":"2026-01-22T11:38:26+00:00","mainEntityOfPage":{"@id":"https:\/\/blog.k10mobility.com\/de\/was-man-in-3-tagen-auf-mallorca-sehen-kann-vollstaendiger-reiseplan-und-praktische-tipps\/"},"wordCount":1005,"publisher":{"@id":"https:\/\/blog.k10mobility.com\/de\/#organization"},"image":{"@id":"https:\/\/blog.k10mobility.com\/de\/was-man-in-3-tagen-auf-mallorca-sehen-kann-vollstaendiger-reiseplan-und-praktische-tipps\/#primaryimage"},"thumbnailUrl":"https:\/\/blog.k10mobility.com\/wp-content\/uploads\/2023\/01\/que-ver-mallorca-3-dias.jpg","articleSection":["Mallorca"],"inLanguage":"de"},{"@type":"WebPage","@id":"https:\/\/blog.k10mobility.com\/de\/was-man-in-3-tagen-auf-mallorca-sehen-kann-vollstaendiger-reiseplan-und-praktische-tipps\/","url":"https:\/\/blog.k10mobility.com\/de\/was-man-in-3-tagen-auf-mallorca-sehen-kann-vollstaendiger-reiseplan-und-praktische-tipps\/","name":"Was Sie auf Mallorca in 3 Tagen unternehmen k\u00f6nnen (Vollst\u00e4ndiger Leitfaden)","isPartOf":{"@id":"https:\/\/blog.k10mobility.com\/de\/#website"},"primaryImageOfPage":{"@id":"https:\/\/blog.k10mobility.com\/de\/was-man-in-3-tagen-auf-mallorca-sehen-kann-vollstaendiger-reiseplan-und-praktische-tipps\/#primaryimage"},"image":{"@id":"https:\/\/blog.k10mobility.com\/de\/was-man-in-3-tagen-auf-mallorca-sehen-kann-vollstaendiger-reiseplan-und-praktische-tipps\/#primaryimage"},"thumbnailUrl":"https:\/\/blog.k10mobility.com\/wp-content\/uploads\/2023\/01\/que-ver-mallorca-3-dias.jpg","datePublished":"2025-01-29T10:47:00+00:00","dateModified":"2026-01-22T11:38:26+00:00","description":"Entdecken Sie, was Sie auf Mallorca in 3 Tagen unternehmen k\u00f6nnen: das Wesentliche \u261d Geschichte, Str\u00e4nde, Gastronomie. Alles, was Sie f\u00fcr ein perfektes Wochenende brauchen.","breadcrumb":{"@id":"https:\/\/blog.k10mobility.com\/de\/was-man-in-3-tagen-auf-mallorca-sehen-kann-vollstaendiger-reiseplan-und-praktische-tipps\/#breadcrumb"},"inLanguage":"de","potentialAction":[{"@type":"ReadAction","target":["https:\/\/blog.k10mobility.com\/de\/was-man-in-3-tagen-auf-mallorca-sehen-kann-vollstaendiger-reiseplan-und-praktische-tipps\/"]}]},{"@type":"ImageObject","inLanguage":"de","@id":"https:\/\/blog.k10mobility.com\/de\/was-man-in-3-tagen-auf-mallorca-sehen-kann-vollstaendiger-reiseplan-und-praktische-tipps\/#primaryimage","url":"https:\/\/blog.k10mobility.com\/wp-content\/uploads\/2023\/01\/que-ver-mallorca-3-dias.jpg","contentUrl":"https:\/\/blog.k10mobility.com\/wp-content\/uploads\/2023\/01\/que-ver-mallorca-3-dias.jpg","width":1000,"height":562,"caption":"was man auf Mallorca in drei Tagen unternehmen kann"},{"@type":"BreadcrumbList","@id":"https:\/\/blog.k10mobility.com\/de\/was-man-in-3-tagen-auf-mallorca-sehen-kann-vollstaendiger-reiseplan-und-praktische-tipps\/#breadcrumb","itemListElement":[{"@type":"ListItem","position":1,"name":"K10 Mobility","item":"https:\/\/blog.k10mobility.com\/de\/"},{"@type":"ListItem","position":2,"name":"Was Sie in 3 Tagen auf Mallorca sehen sollten: Vollst\u00e4ndige Reiseroute und praktische Tipps"}]},{"@type":"WebSite","@id":"https:\/\/blog.k10mobility.com\/de\/#website","url":"https:\/\/blog.k10mobility.com\/de\/","name":"K10 Mobility","description":"Rent a car en Ibiza y Mallorca","publisher":{"@id":"https:\/\/blog.k10mobility.com\/de\/#organization"},"alternateName":"K10 Rent a car","potentialAction":[{"@type":"SearchAction","target":{"@type":"EntryPoint","urlTemplate":"https:\/\/blog.k10mobility.com\/de\/?s={search_term_string}"},"query-input":{"@type":"PropertyValueSpecification","valueRequired":true,"valueName":"search_term_string"}}],"inLanguage":"de"},{"@type":"Organization","@id":"https:\/\/blog.k10mobility.com\/de\/#organization","name":"K10 Mobility","alternateName":"K10 Mobility rent a car en Ibiza y Mallorca","url":"https:\/\/blog.k10mobility.com\/de\/","logo":{"@type":"ImageObject","inLanguage":"de","@id":"https:\/\/blog.k10mobility.com\/de\/#\/schema\/logo\/image\/","url":"https:\/\/blog.k10mobility.com\/wp-content\/uploads\/2025\/11\/cropped-Logo-K10-color-apaisado.png","contentUrl":"https:\/\/blog.k10mobility.com\/wp-content\/uploads\/2025\/11\/cropped-Logo-K10-color-apaisado.png","width":665,"height":105,"caption":"K10 Mobility"},"image":{"@id":"https:\/\/blog.k10mobility.com\/de\/#\/schema\/logo\/image\/"},"sameAs":["https:\/\/www.facebook.com\/k10mobility\/","https:\/\/www.instagram.com\/k10mobility\/"]},{"@type":"Person","@id":"https:\/\/blog.k10mobility.com\/de\/#\/schema\/person\/5f18469c790b92d83fdd98422e621da8","name":"Luis Ram\u00eds","image":{"@type":"ImageObject","inLanguage":"de","@id":"https:\/\/secure.gravatar.com\/avatar\/30162c41d6f584ef954ac19546d34176104f5a2b363cc65fe6c8b9dc6c1ed9ac?s=96&d=mm&r=g","url":"https:\/\/secure.gravatar.com\/avatar\/30162c41d6f584ef954ac19546d34176104f5a2b363cc65fe6c8b9dc6c1ed9ac?s=96&d=mm&r=g","contentUrl":"https:\/\/secure.gravatar.com\/avatar\/30162c41d6f584ef954ac19546d34176104f5a2b363cc65fe6c8b9dc6c1ed9ac?s=96&d=mm&r=g","caption":"Luis Ram\u00eds"},"url":"https:\/\/blog.k10mobility.com\/de\/author\/luisr4m1s_k10\/"}]}},"_links":{"self":[{"href":"https:\/\/blog.k10mobility.com\/de\/wp-json\/wp\/v2\/posts\/13292","targetHints":{"allow":["GET"]}}],"collection":[{"href":"https:\/\/blog.k10mobility.com\/de\/wp-json\/wp\/v2\/posts"}],"about":[{"href":"https:\/\/blog.k10mobility.com\/de\/wp-json\/wp\/v2\/types\/post"}],"author":[{"embeddable":true,"href":"https:\/\/blog.k10mobility.com\/de\/wp-json\/wp\/v2\/users\/2"}],"replies":[{"embeddable":true,"href":"https:\/\/blog.k10mobility.com\/de\/wp-json\/wp\/v2\/comments?post=13292"}],"version-history":[{"count":8,"href":"https:\/\/blog.k10mobility.com\/de\/wp-json\/wp\/v2\/posts\/13292\/revisions"}],"predecessor-version":[{"id":13945,"href":"https:\/\/blog.k10mobility.com\/de\/wp-json\/wp\/v2\/posts\/13292\/revisions\/13945"}],"wp:featuredmedia":[{"embeddable":true,"href":"https:\/\/blog.k10mobility.com\/de\/wp-json\/wp\/v2\/media\/13293"}],"wp:attachment":[{"href":"https:\/\/blog.k10mobility.com\/de\/wp-json\/wp\/v2\/media?parent=13292"}],"wp:term":[{"taxonomy":"category","embeddable":true,"href":"https:\/\/blog.k10mobility.com\/de\/wp-json\/wp\/v2\/categories?post=13292"},{"taxonomy":"post_tag","embeddable":true,"href":"https:\/\/blog.k10mobility.com\/de\/wp-json\/wp\/v2\/tags?post=13292"}],"curies":[{"name":"wp","href":"https:\/\/api.w.org\/{rel}","templated":true}]}}