{"id":13414,"date":"2023-01-02T10:53:51","date_gmt":"2023-01-02T10:53:51","guid":{"rendered":"https:\/\/blog.k10mobility.com\/entdecken-sie-die-besten-aktivitaeten-in-palma-de-mallorca-im-winter\/"},"modified":"2026-01-22T11:41:16","modified_gmt":"2026-01-22T11:41:16","slug":"entdecken-sie-die-besten-aktivitaeten-in-palma-de-mallorca-im-winter","status":"publish","type":"post","link":"https:\/\/blog.k10mobility.com\/de\/entdecken-sie-die-besten-aktivitaeten-in-palma-de-mallorca-im-winter\/","title":{"rendered":"Entdecken Sie die besten Winteraktivit\u00e4ten in Palma de Mallorca"},"content":{"rendered":"\n<h2 class=\"wp-block-heading\" id=\"von-toc-1\">Was Sie in Palma de Mallorca im Winter unternehmen k\u00f6nnen<\/h2>\n\n<p>Wenn Sie auf der Suche nach aufregenden Aktivit\u00e4ten in Palma de Mallorca w\u00e4hrend des Winters sind, sollten Sie sich das hier ansehen! <strong>Die Stadt bietet eine F\u00fclle von M\u00f6glichkeiten<\/strong>, von der Besichtigung historischer Monumente wie dem Schloss Bellver bis hin zum Genie\u00dfen des k\u00f6stlichen Essens und der pulsierenden Atmosph\u00e4re der Altstadt gibt es auch <strong>jede Menge<\/strong> Gesch\u00e4fte und Restaurants zu entdecken. Es gibt auch eine F\u00fclle von Gesch\u00e4ften und Restaurants zu entdecken &#8211; kommen Sie und genie\u00dfen Sie all das, was Palma de Mallorca im Winter zu bieten hat!   <\/p>\n\n<p>Neben dem Besuch des Schlosses Bellver und der Altstadt bietet Palma de Mallorca <strong>im Winter eine F\u00fclle von spannenden Aktivit\u00e4ten<\/strong>. Einige Optionen, die Sie in Betracht ziehen sollten, sind: <\/p>\n\n<ul class=\"wp-block-list\">\n<li>Besuchen Sie die beeindruckende <strong>Kathedrale von Palma<\/strong>, bekannt als <strong>La Seu<\/strong>, die zu den eindrucksvollsten gotischen Geb\u00e4uden Europas geh\u00f6rt.<\/li>\n\n\n\n<li>Genie\u00dfen Sie Ihr Abendessen in einem der vielen <strong>Restaurants<\/strong> der Stadt, die eine gro\u00dfe Auswahl an lokalen und internationalen Gerichten anbieten.<\/li>\n\n\n\n<li>Machen Sie einen Ausflug <strong>zum Strand von Palma<\/strong>, der eine entspannte Atmosph\u00e4re und einen sch\u00f6nen Blick auf das Meer bietet.<\/li>\n\n\n\n<li>Erkunden Sie das <strong>Museum von Mallorca<\/strong>, das eine umfangreiche Sammlung von Kunst und historischen Objekten der Insel besitzt.<\/li>\n\n\n\n<li>Besuchen Sie die <strong>Stiftung Pilar und Joan Mir\u00f3<\/strong>, die eine beeindruckende Sammlung von Kunstwerken des ber\u00fchmten mallorquinischen K\u00fcnstlers beherbergt.<\/li>\n\n\n\n<li>Genie\u00dfen Sie einen Spaziergang durch die <strong>Botanischen G\u00e4rten<\/strong>, die eine gro\u00dfe Vielfalt an exotischen Pflanzen und Blumen bieten.<\/li>\n<\/ul>\n\n<p>Bleiben Sie hier nicht stehen, es gibt noch mehr zu sehen und zu tun auf Mallorca im Winter, lesen Sie weiter.<\/p>\n\n<h3 class=\"wp-block-heading\" id=\"von-toc-2\">Kathedrale von Palma, La Seu<\/h3>\n<div class=\"wp-block-image\">\n<figure class=\"aligncenter size-full\"><img fetchpriority=\"high\" decoding=\"async\" width=\"800\" height=\"450\" src=\"https:\/\/blog.k10mobility.com\/wp-content\/uploads\/2022\/12\/catedral-de-palma-de-mallorca-en-invierno.jpg\" alt=\"Besuch der Kathedrale von Palma de Mallorca im Winter\" class=\"wp-image-5134\" srcset=\"https:\/\/blog.k10mobility.com\/wp-content\/uploads\/2022\/12\/catedral-de-palma-de-mallorca-en-invierno.jpg 800w, https:\/\/blog.k10mobility.com\/wp-content\/uploads\/2022\/12\/catedral-de-palma-de-mallorca-en-invierno-300x169.jpg 300w, https:\/\/blog.k10mobility.com\/wp-content\/uploads\/2022\/12\/catedral-de-palma-de-mallorca-en-invierno-768x432.jpg 768w\" sizes=\"(max-width: 800px) 100vw, 800px\" \/><\/figure>\n<\/div>\n<div style=\"height:40px\" aria-hidden=\"true\" class=\"wp-block-spacer\"><\/div>\n\n<p>Die Kathedrale von Palma (Basilica de Santa Maria), auch bekannt als La Seu, ist ein <strong>beeindruckendes gotisches Geb\u00e4ude<\/strong> in der Stadt Palma de Mallorca, das direkt am Meer liegt. Die Kathedrale wurde im 13. Jahrhundert erbaut und wurde im Laufe der Jahre sorgf\u00e4ltig restauriert, um ihre urspr\u00fcngliche Sch\u00f6nheit zu erhalten. Die Kathedrale hat eine imposante Steinfassade und einen hohen, schlanken Turm, der sich in den Himmel erhebt.  <\/p>\n\n<p>Auch das Innere der Kathedrale ist beeindruckend, mit wundersch\u00f6nen Buntglasfenstern und einer gro\u00dfen geschnitzten Holzkuppel. Die Kathedrale von Palma ist eines der beeindruckendsten gotischen Bauwerke Europas und in der Wintersaison ein Muss in Palma de Mallorca. <\/p>\n\n<h3 class=\"wp-block-heading\" id=\"von-toc-3\">Museum von Mallorca<\/h3>\n<div class=\"wp-block-image\">\n<figure class=\"aligncenter size-full is-resized\"><img decoding=\"async\" src=\"https:\/\/blog.k10mobility.com\/wp-content\/uploads\/2022\/12\/visitar-museo-de-mallorca-invierno.jpg\" alt=\"Besuchen Sie das Museum von Mallorca im Winter\" class=\"wp-image-5122\" width=\"750\" height=\"422\" srcset=\"https:\/\/blog.k10mobility.com\/wp-content\/uploads\/2022\/12\/visitar-museo-de-mallorca-invierno.jpg 1000w, https:\/\/blog.k10mobility.com\/wp-content\/uploads\/2022\/12\/visitar-museo-de-mallorca-invierno-300x169.jpg 300w, https:\/\/blog.k10mobility.com\/wp-content\/uploads\/2022\/12\/visitar-museo-de-mallorca-invierno-768x432.jpg 768w\" sizes=\"(max-width: 750px) 100vw, 750px\" \/><\/figure>\n<\/div>\n<div style=\"height:40px\" aria-hidden=\"true\" class=\"wp-block-spacer\"><\/div>\n\n<p>Es beherbergt eine umfangreiche <strong>Sammlung von Kunst und historischen Objekten der Insel<\/strong> und befindet sich im Palast der Grafen von Ayamans. Das Museum hat mehrere R\u00e4ume, die verschiedene Aspekte der Geschichte und Kultur Mallorcas pr\u00e4sentieren. Ein Raum ist der antiken Geschichte der Insel gewidmet, mit arch\u00e4ologischen Objekten aus der r\u00f6mischen und islamischen Zeit.  <\/p>\n\n<p>Es gibt auch einen Raum, der <strong>zeitgen\u00f6ssische Kunst aus Mallorca<\/strong> zeigt, mit Werken lokaler und nationaler K\u00fcnstler. Au\u00dferdem verf\u00fcgt das Museum \u00fcber eine sch\u00f6ne Terrasse mit Panoramablick auf die Stadt. Das Mallorca Museum ist ein faszinierender Ort, um etwas \u00fcber die reiche Geschichte und Kultur Mallorcas zu erfahren.  <\/p>\n\n<h3 class=\"wp-block-heading\" id=\"von-toc-4\">Pilar und Joan Mir\u00f3 Stiftung<\/h3>\n<div class=\"wp-block-image\">\n<figure class=\"aligncenter size-full\"><img decoding=\"async\" width=\"1000\" height=\"562\" src=\"https:\/\/blog.k10mobility.com\/wp-content\/uploads\/2022\/12\/visitar-fundacion-pilar-y-joan-miro-mallorca-invierno.jpg\" alt=\"Besuchen Sie die Stiftung von Pilar und Joan Miro auf Mallorca\" class=\"wp-image-5123\" srcset=\"https:\/\/blog.k10mobility.com\/wp-content\/uploads\/2022\/12\/visitar-fundacion-pilar-y-joan-miro-mallorca-invierno.jpg 1000w, https:\/\/blog.k10mobility.com\/wp-content\/uploads\/2022\/12\/visitar-fundacion-pilar-y-joan-miro-mallorca-invierno-300x169.jpg 300w, https:\/\/blog.k10mobility.com\/wp-content\/uploads\/2022\/12\/visitar-fundacion-pilar-y-joan-miro-mallorca-invierno-768x432.jpg 768w\" sizes=\"(max-width: 1000px) 100vw, 1000px\" \/><\/figure>\n<\/div>\n<div style=\"height:40px\" aria-hidden=\"true\" class=\"wp-block-spacer\"><\/div>\n\n<p>Die Stiftung Pilar und Joan Mir\u00f3 verf\u00fcgt \u00fcber <strong>eine beeindruckende Sammlung von Kunstwerken<\/strong> des ber\u00fchmten mallorquinischen K\u00fcnstlers Joan Mir\u00f3. Die Stiftung ist in einem sch\u00f6nen Jugendstilgeb\u00e4ude untergebracht, das von Mir\u00f3 in Zusammenarbeit mit seinem Freund und Architekten Josep Llu\u00eds Sert entworfen wurde. <\/p>\n\n<p>Das <strong>Geb\u00e4ude<\/strong> verf\u00fcgt \u00fcber zahlreiche Ausstellungsr\u00e4ume, in denen Mir\u00f3s Werke ausgestellt sind, von <strong>Gem\u00e4lden und Skulpturen bis hin zu Stichen und Zeichnungen<\/strong>. Dar\u00fcber hinaus verf\u00fcgt die Stiftung \u00fcber eine sch\u00f6ne Terrasse mit Panoramablick auf die Stadt. Die Stiftung Pilar und Joan Mir\u00f3 ist ein faszinierender Ort f\u00fcr Kunstliebhaber und ein Muss f\u00fcr jeden, der Mir\u00f3s Werk kennenlernen m\u00f6chte.  <\/p>\n\n<h3 class=\"wp-block-heading\" id=\"von-toc-5\">Garten von La Misericordia in Palma de Mallorca<\/h3>\n<div class=\"wp-block-image\">\n<figure class=\"aligncenter size-full is-resized\"><img loading=\"lazy\" decoding=\"async\" src=\"https:\/\/blog.k10mobility.com\/wp-content\/uploads\/2022\/12\/jardin-de-la-misericordia-mallorca-visitar-invierno.jpg\" alt=\"g&#xE4;rten in mallorca winter\" class=\"wp-image-5125\" width=\"800\" height=\"450\" srcset=\"https:\/\/blog.k10mobility.com\/wp-content\/uploads\/2022\/12\/jardin-de-la-misericordia-mallorca-visitar-invierno.jpg 800w, https:\/\/blog.k10mobility.com\/wp-content\/uploads\/2022\/12\/jardin-de-la-misericordia-mallorca-visitar-invierno-300x169.jpg 300w, https:\/\/blog.k10mobility.com\/wp-content\/uploads\/2022\/12\/jardin-de-la-misericordia-mallorca-visitar-invierno-768x432.jpg 768w\" sizes=\"(max-width: 800px) 100vw, 800px\" \/><\/figure>\n<\/div>\n<div style=\"height:40px\" aria-hidden=\"true\" class=\"wp-block-spacer\"><\/div>\n\n<p>Der Jard\u00edn de la Misericordia ist ein <strong>gr\u00fcner und friedlicher Ort<\/strong> im Zentrum von Palma de Mallorca. Es ist ein <strong>historischer Garten<\/strong>, der im 15. Jahrhundert angelegt und im Laufe der Jahre restauriert und gepflegt wurde. In der Vergangenheit beherbergte dieser Garten den Botanischen Garten von Palma, der 1827 von <strong>Generalkapit\u00e4n Josep Maria d&#8217;Al\u00f3s i Mora<\/strong> gegr\u00fcndet wurde, um botanische Studien zu f\u00f6rdern und die Apotheke des Allgemeinen Krankenhauses von Mallorca mit Heilpflanzen zu versorgen.  <\/p>\n\n<p>Der Jard\u00edn de la Misericordia ist ein perfekter Ort zum Entspannen und Genie\u00dfen der Natur. Er hat eine gro\u00dfe Vielfalt an B\u00e4umen und Pflanzen sowie einen kleinen Teich mit Enten und Schw\u00e4nen. Au\u00dferdem verf\u00fcgt der Garten \u00fcber einen kleinen Springbrunnen und mehrere <strong>Skulpturen lokaler K\u00fcnstler<\/strong>, die den Charme des Ortes noch verst\u00e4rken.  <\/p>\n\n<p>Der Jard\u00edn de la Misericordia ist ein sehr <strong>beliebter<\/strong> Ort <strong>bei den Einwohnern von Palma<\/strong> und ein Treffpunkt f\u00fcr Paare, Freunde und Familien. Er ist auch ein idealer Ort zum Spazierengehen mit Hunden, denn es gibt einen Bereich, der f\u00fcr sie reserviert ist. <\/p>\n\n<p>Wenn Sie Palma de Mallorca besuchen, sollten Sie nicht z\u00f6gern, den Misericordia Garten zu besuchen. Es ist ein friedlicher und sch\u00f6ner Ort, an dem Sie von der Stadt abschalten und die Natur genie\u00dfen k\u00f6nnen &#8211; Sie werden es nicht bereuen!  <\/p>\n\n<h3 class=\"wp-block-heading\" id=\"von-toc-6\">Mieten Sie ein Auto in Palma und fahren Sie um das Kap von Formentor<\/h3>\n\n<figure class=\"wp-block-image size-full\"><img loading=\"lazy\" decoding=\"async\" width=\"800\" height=\"450\" src=\"https:\/\/blog.k10mobility.com\/wp-content\/uploads\/2022\/12\/cabo-formentor-que-ver-mallorca-invierno.jpg\" alt=\"siehe Kap Formentor im Winter\" class=\"wp-image-5129\" srcset=\"https:\/\/blog.k10mobility.com\/wp-content\/uploads\/2022\/12\/cabo-formentor-que-ver-mallorca-invierno.jpg 800w, https:\/\/blog.k10mobility.com\/wp-content\/uploads\/2022\/12\/cabo-formentor-que-ver-mallorca-invierno-300x169.jpg 300w, https:\/\/blog.k10mobility.com\/wp-content\/uploads\/2022\/12\/cabo-formentor-que-ver-mallorca-invierno-768x432.jpg 768w\" sizes=\"(max-width: 800px) 100vw, 800px\" \/><\/figure>\n\n<div style=\"height:40px\" aria-hidden=\"true\" class=\"wp-block-spacer\"><\/div>\n\n<p><a href=\"https:\/\/goo.gl\/maps\/VvGdwtQGSYQwZaQc7\" target=\"_blank\" rel=\"noreferrer noopener\">\ud83d\udccd Entdecken Sie, wie Sie nach Cabo de Formentor kommen<\/a><\/p>\n\n<p><a href=\"https:\/\/blog.k10mobility.com\/?page_id=2694\">Ein Auto in Palma de Mallorca zu mieten<\/a> ist eine gro\u00dfartige M\u00f6glichkeit, <strong>die Insel in Ihrem eigenen Tempo zu erkunden<\/strong>. Von Palma aus k\u00f6nnen Sie eine <strong>Panoramastra\u00dfe<\/strong> nehmen, die Sie zum Cabo de Formentor f\u00fchrt, einem atemberaubenden Ort mit spektakul\u00e4rem Blick auf das Meer und die K\u00fcste. <\/p>\n\n<p>Die Stra\u00dfe zum Kap ist kurvenreich und steil, aber <strong>die Landschaft am Ende ist atemberaubend<\/strong>. Am Kap angekommen, k\u00f6nnen Sie die atemberaubende <strong>Aussicht auf das Meer und die K\u00fcste von einem der Aussichtspunkte aus<\/strong> genie\u00dfen oder einen Spaziergang durch das kleine Dorf Formentor machen. <\/p>\n\n<p>Ein Auto zu mieten in Palma de Mallorca gibt Ihnen die Freiheit, das Kap Formentor und andere Sehensw\u00fcrdigkeiten der Insel in Ihrem eigenen Tempo zu erkunden.<\/p>\n\n<h3 class=\"wp-block-heading\" id=\"von-toc-7\">Mittag- oder Abendessen in Palma de Mallorca<\/h3>\n<div class=\"wp-block-image\">\n<figure class=\"aligncenter size-full\"><img loading=\"lazy\" decoding=\"async\" width=\"800\" height=\"450\" src=\"https:\/\/blog.k10mobility.com\/wp-content\/uploads\/2022\/12\/ensaimada-mallorquina-visitar-mallorca-invierno.jpg\" alt=\"mallorca im winter besuchen gastronomie\" class=\"wp-image-5130\" srcset=\"https:\/\/blog.k10mobility.com\/wp-content\/uploads\/2022\/12\/ensaimada-mallorquina-visitar-mallorca-invierno.jpg 800w, https:\/\/blog.k10mobility.com\/wp-content\/uploads\/2022\/12\/ensaimada-mallorquina-visitar-mallorca-invierno-300x169.jpg 300w, https:\/\/blog.k10mobility.com\/wp-content\/uploads\/2022\/12\/ensaimada-mallorquina-visitar-mallorca-invierno-768x432.jpg 768w\" sizes=\"(max-width: 800px) 100vw, 800px\" \/><\/figure>\n<\/div>\n<div style=\"height:40px\" aria-hidden=\"true\" class=\"wp-block-spacer\"><\/div>\n\n<p>Mallorca ist eine Mittelmeerinsel mit einer <strong>reichen und vielf\u00e4ltigen Gastronomie<\/strong>. Wenn Sie Mallorca besuchen, d\u00fcrfen Sie sich einige der emblematischsten Gerichte nicht entgehen lassen, wie die <strong>Ensaimada<\/strong>, ein Kuchen aus Mehlteig, der fermentiert und mit Ei, Schmalz und Puderzucker gebacken wird, oder <strong>Tumbet<\/strong>, ein typisches Gericht aus gebratenem Gem\u00fcse. Unbedingt probieren sollten Sie auch die Wurst und den <strong>K\u00e4se<\/strong> aus mallorquinischer roter Ziegenmilch, der eine Delikatesse ist.  <\/p>\n\n<p>Um die Gastronomie Mallorcas zu genie\u00dfen, gibt es nichts Besseres als an einem Tisch zu sitzen und die Gerichte in Gesellschaft zu probieren. Auf der Insel gibt es eine <strong>gro\u00dfe Auswahl an Restaurants<\/strong>, von traditionellen Lokalen bis hin zu moderneren, die alles von traditionellen Gerichten bis hin zur internationalen K\u00fcche anbieten. Wenn Sie es vorziehen, Ihr Essen selbst zuzubereiten, sollten Sie nicht z\u00f6gern, einen der M\u00e4rkte der Insel zu besuchen, wo Sie eine gro\u00dfe Auswahl an frischen Qualit\u00e4tsprodukten finden.  <\/p>\n\n<p>Eine weitere M\u00f6glichkeit, Mallorcas Gastronomie zu genie\u00dfen, sind seine Weine. Die Insel hat eine <strong>lange Weinbautradition<\/strong> und produziert hochwertige Weine, von Wei\u00df- und Ros\u00e9weinen bis hin zu Rotweinen. Probieren Sie auf jeden Fall einige der mallorquinischen Weine w\u00e4hrend Ihres Besuchs auf der Insel.  <\/p>\n\n<p>Kurzum, die Gastronomie Mallorcas ist ein Genuss, den Sie sich bei Ihrem Besuch auf der Insel nicht entgehen lassen sollten. Nutzen Sie die Gelegenheit, um die typischen Gerichte und die Qualit\u00e4tsweine zu probieren! <\/p>\n","protected":false},"excerpt":{"rendered":"<p>Was Sie in Palma de Mallorca im Winter unternehmen k\u00f6nnen Wenn Sie auf der Suche nach aufregenden Aktivit\u00e4ten in Palma de Mallorca w\u00e4hrend des Winters sind, sollten Sie sich das hier ansehen! Die Stadt bietet eine F\u00fclle von M\u00f6glichkeiten, von der Besichtigung historischer Monumente wie dem Schloss Bellver bis hin zum Genie\u00dfen des k\u00f6stlichen Essens &#8230; <a title=\"Entdecken Sie die besten Winteraktivit\u00e4ten in Palma de Mallorca\" class=\"read-more\" href=\"https:\/\/blog.k10mobility.com\/de\/entdecken-sie-die-besten-aktivitaeten-in-palma-de-mallorca-im-winter\/\" aria-label=\"Mehr Informationen \u00fcber Entdecken Sie die besten Winteraktivit\u00e4ten in Palma de Mallorca\">Weiterlesen<\/a><\/p>\n","protected":false},"author":1,"featured_media":13416,"comment_status":"closed","ping_status":"closed","sticky":false,"template":"","format":"standard","meta":{"footnotes":""},"categories":[233],"tags":[],"class_list":["post-13414","post","type-post","status-publish","format-standard","has-post-thumbnail","hentry","category-mallorca"],"yoast_head":"<!-- This site is optimized with the Yoast SEO plugin v27.4 - https:\/\/yoast.com\/product\/yoast-seo-wordpress\/ -->\n<title>Was kann man in Palma de Mallorca im Winter unternehmen -% K10 Mobility% \u00ae<\/title>\n<meta name=\"description\" content=\"Was Sie in Palma de Mallorca im Winter unternehmen k\u00f6nnen, von historischen Denkm\u00e4lern und Routen bis hin zu k\u00f6stlichen lokalen Gerichten, kommen Sie und genie\u00dfen Sie!\" \/>\n<meta name=\"robots\" content=\"index, follow, max-snippet:-1, max-image-preview:large, max-video-preview:-1\" \/>\n<link rel=\"canonical\" href=\"https:\/\/blog.k10mobility.com\/de\/entdecken-sie-die-besten-aktivitaeten-in-palma-de-mallorca-im-winter\/\" \/>\n<meta property=\"og:locale\" content=\"de_DE\" \/>\n<meta property=\"og:type\" content=\"article\" \/>\n<meta property=\"og:title\" content=\"Was kann man in Palma de Mallorca im Winter unternehmen -% K10 Mobility% \u00ae\" \/>\n<meta property=\"og:description\" content=\"Was Sie in Palma de Mallorca im Winter unternehmen k\u00f6nnen, von historischen Denkm\u00e4lern und Routen bis hin zu k\u00f6stlichen lokalen Gerichten, kommen Sie und genie\u00dfen Sie!\" \/>\n<meta property=\"og:url\" content=\"https:\/\/blog.k10mobility.com\/de\/entdecken-sie-die-besten-aktivitaeten-in-palma-de-mallorca-im-winter\/\" \/>\n<meta property=\"og:site_name\" content=\"K10 Mobility\" \/>\n<meta property=\"article:publisher\" content=\"https:\/\/www.facebook.com\/k10mobility\/\" \/>\n<meta property=\"article:published_time\" content=\"2023-01-02T10:53:51+00:00\" \/>\n<meta property=\"article:modified_time\" content=\"2026-01-22T11:41:16+00:00\" \/>\n<meta property=\"og:image\" content=\"https:\/\/blog.k10mobility.com\/wp-content\/uploads\/2022\/12\/que-ver-hacer-mallorca-invierno.jpg\" \/>\n\t<meta property=\"og:image:width\" content=\"1000\" \/>\n\t<meta property=\"og:image:height\" content=\"562\" \/>\n\t<meta property=\"og:image:type\" content=\"image\/jpeg\" \/>\n<meta name=\"author\" content=\"K10\" \/>\n<meta name=\"twitter:card\" content=\"summary_large_image\" \/>\n<meta name=\"twitter:label1\" content=\"Verfasst von\" \/>\n\t<meta name=\"twitter:data1\" content=\"K10\" \/>\n\t<meta name=\"twitter:label2\" content=\"Gesch\u00e4tzte Lesezeit\" \/>\n\t<meta name=\"twitter:data2\" content=\"6\u00a0Minuten\" \/>\n<script type=\"application\/ld+json\" class=\"yoast-schema-graph\">{\"@context\":\"https:\\\/\\\/schema.org\",\"@graph\":[{\"@type\":\"Article\",\"@id\":\"https:\\\/\\\/blog.k10mobility.com\\\/de\\\/entdecken-sie-die-besten-aktivitaeten-in-palma-de-mallorca-im-winter\\\/#article\",\"isPartOf\":{\"@id\":\"https:\\\/\\\/blog.k10mobility.com\\\/de\\\/entdecken-sie-die-besten-aktivitaeten-in-palma-de-mallorca-im-winter\\\/\"},\"author\":{\"name\":\"K10\",\"@id\":\"https:\\\/\\\/blog.k10mobility.com\\\/de\\\/#\\\/schema\\\/person\\\/f31e5cd36f44f986645396161453818b\"},\"headline\":\"Entdecken Sie die besten Winteraktivit\u00e4ten in Palma de Mallorca\",\"datePublished\":\"2023-01-02T10:53:51+00:00\",\"dateModified\":\"2026-01-22T11:41:16+00:00\",\"mainEntityOfPage\":{\"@id\":\"https:\\\/\\\/blog.k10mobility.com\\\/de\\\/entdecken-sie-die-besten-aktivitaeten-in-palma-de-mallorca-im-winter\\\/\"},\"wordCount\":1285,\"publisher\":{\"@id\":\"https:\\\/\\\/blog.k10mobility.com\\\/de\\\/#organization\"},\"image\":{\"@id\":\"https:\\\/\\\/blog.k10mobility.com\\\/de\\\/entdecken-sie-die-besten-aktivitaeten-in-palma-de-mallorca-im-winter\\\/#primaryimage\"},\"thumbnailUrl\":\"https:\\\/\\\/blog.k10mobility.com\\\/wp-content\\\/uploads\\\/2022\\\/12\\\/que-ver-hacer-mallorca-invierno.jpg\",\"articleSection\":[\"Mallorca\"],\"inLanguage\":\"de\"},{\"@type\":\"WebPage\",\"@id\":\"https:\\\/\\\/blog.k10mobility.com\\\/de\\\/entdecken-sie-die-besten-aktivitaeten-in-palma-de-mallorca-im-winter\\\/\",\"url\":\"https:\\\/\\\/blog.k10mobility.com\\\/de\\\/entdecken-sie-die-besten-aktivitaeten-in-palma-de-mallorca-im-winter\\\/\",\"name\":\"Was kann man in Palma de Mallorca im Winter unternehmen -% K10 Mobility% \u00ae\",\"isPartOf\":{\"@id\":\"https:\\\/\\\/blog.k10mobility.com\\\/de\\\/#website\"},\"primaryImageOfPage\":{\"@id\":\"https:\\\/\\\/blog.k10mobility.com\\\/de\\\/entdecken-sie-die-besten-aktivitaeten-in-palma-de-mallorca-im-winter\\\/#primaryimage\"},\"image\":{\"@id\":\"https:\\\/\\\/blog.k10mobility.com\\\/de\\\/entdecken-sie-die-besten-aktivitaeten-in-palma-de-mallorca-im-winter\\\/#primaryimage\"},\"thumbnailUrl\":\"https:\\\/\\\/blog.k10mobility.com\\\/wp-content\\\/uploads\\\/2022\\\/12\\\/que-ver-hacer-mallorca-invierno.jpg\",\"datePublished\":\"2023-01-02T10:53:51+00:00\",\"dateModified\":\"2026-01-22T11:41:16+00:00\",\"description\":\"Was Sie in Palma de Mallorca im Winter unternehmen k\u00f6nnen, von historischen Denkm\u00e4lern und Routen bis hin zu k\u00f6stlichen lokalen Gerichten, kommen Sie und genie\u00dfen Sie!\",\"breadcrumb\":{\"@id\":\"https:\\\/\\\/blog.k10mobility.com\\\/de\\\/entdecken-sie-die-besten-aktivitaeten-in-palma-de-mallorca-im-winter\\\/#breadcrumb\"},\"inLanguage\":\"de\",\"potentialAction\":[{\"@type\":\"ReadAction\",\"target\":[\"https:\\\/\\\/blog.k10mobility.com\\\/de\\\/entdecken-sie-die-besten-aktivitaeten-in-palma-de-mallorca-im-winter\\\/\"]}]},{\"@type\":\"ImageObject\",\"inLanguage\":\"de\",\"@id\":\"https:\\\/\\\/blog.k10mobility.com\\\/de\\\/entdecken-sie-die-besten-aktivitaeten-in-palma-de-mallorca-im-winter\\\/#primaryimage\",\"url\":\"https:\\\/\\\/blog.k10mobility.com\\\/wp-content\\\/uploads\\\/2022\\\/12\\\/que-ver-hacer-mallorca-invierno.jpg\",\"contentUrl\":\"https:\\\/\\\/blog.k10mobility.com\\\/wp-content\\\/uploads\\\/2022\\\/12\\\/que-ver-hacer-mallorca-invierno.jpg\",\"width\":1000,\"height\":562,\"caption\":\"was man auf Mallorca im Winter unternehmen kann\"},{\"@type\":\"BreadcrumbList\",\"@id\":\"https:\\\/\\\/blog.k10mobility.com\\\/de\\\/entdecken-sie-die-besten-aktivitaeten-in-palma-de-mallorca-im-winter\\\/#breadcrumb\",\"itemListElement\":[{\"@type\":\"ListItem\",\"position\":1,\"name\":\"K10 Mobility\",\"item\":\"https:\\\/\\\/blog.k10mobility.com\\\/de\\\/\"},{\"@type\":\"ListItem\",\"position\":2,\"name\":\"Entdecken Sie die besten Winteraktivit\u00e4ten in Palma de Mallorca\"}]},{\"@type\":\"WebSite\",\"@id\":\"https:\\\/\\\/blog.k10mobility.com\\\/de\\\/#website\",\"url\":\"https:\\\/\\\/blog.k10mobility.com\\\/de\\\/\",\"name\":\"K10 Mobility\",\"description\":\"Rent a car en Ibiza y Mallorca\",\"publisher\":{\"@id\":\"https:\\\/\\\/blog.k10mobility.com\\\/de\\\/#organization\"},\"alternateName\":\"K10 Rent a car\",\"potentialAction\":[{\"@type\":\"SearchAction\",\"target\":{\"@type\":\"EntryPoint\",\"urlTemplate\":\"https:\\\/\\\/blog.k10mobility.com\\\/de\\\/?s={search_term_string}\"},\"query-input\":{\"@type\":\"PropertyValueSpecification\",\"valueRequired\":true,\"valueName\":\"search_term_string\"}}],\"inLanguage\":\"de\"},{\"@type\":\"Organization\",\"@id\":\"https:\\\/\\\/blog.k10mobility.com\\\/de\\\/#organization\",\"name\":\"K10 Mobility\",\"alternateName\":\"K10 Mobility rent a car en Ibiza y Mallorca\",\"url\":\"https:\\\/\\\/blog.k10mobility.com\\\/de\\\/\",\"logo\":{\"@type\":\"ImageObject\",\"inLanguage\":\"de\",\"@id\":\"https:\\\/\\\/blog.k10mobility.com\\\/de\\\/#\\\/schema\\\/logo\\\/image\\\/\",\"url\":\"https:\\\/\\\/blog.k10mobility.com\\\/wp-content\\\/uploads\\\/2025\\\/11\\\/cropped-Logo-K10-color-apaisado.png\",\"contentUrl\":\"https:\\\/\\\/blog.k10mobility.com\\\/wp-content\\\/uploads\\\/2025\\\/11\\\/cropped-Logo-K10-color-apaisado.png\",\"width\":665,\"height\":105,\"caption\":\"K10 Mobility\"},\"image\":{\"@id\":\"https:\\\/\\\/blog.k10mobility.com\\\/de\\\/#\\\/schema\\\/logo\\\/image\\\/\"},\"sameAs\":[\"https:\\\/\\\/www.facebook.com\\\/k10mobility\\\/\",\"https:\\\/\\\/www.instagram.com\\\/k10mobility\\\/\"]},{\"@type\":\"Person\",\"@id\":\"https:\\\/\\\/blog.k10mobility.com\\\/de\\\/#\\\/schema\\\/person\\\/f31e5cd36f44f986645396161453818b\",\"name\":\"K10\",\"image\":{\"@type\":\"ImageObject\",\"inLanguage\":\"de\",\"@id\":\"https:\\\/\\\/secure.gravatar.com\\\/avatar\\\/206fefb0c43f85b1066007fbea28c7b1ae2fb5432c1864d0ab6dd2b14b6b4e87?s=96&d=mm&r=g\",\"url\":\"https:\\\/\\\/secure.gravatar.com\\\/avatar\\\/206fefb0c43f85b1066007fbea28c7b1ae2fb5432c1864d0ab6dd2b14b6b4e87?s=96&d=mm&r=g\",\"contentUrl\":\"https:\\\/\\\/secure.gravatar.com\\\/avatar\\\/206fefb0c43f85b1066007fbea28c7b1ae2fb5432c1864d0ab6dd2b14b6b4e87?s=96&d=mm&r=g\",\"caption\":\"K10\"},\"sameAs\":[\"https:\\\/\\\/blog.k10mobility.com\"],\"url\":\"https:\\\/\\\/blog.k10mobility.com\\\/de\\\/author\\\/s72m1n2k10\\\/\"}]}<\/script>\n<!-- \/ Yoast SEO plugin. -->","yoast_head_json":{"title":"Was kann man in Palma de Mallorca im Winter unternehmen -% K10 Mobility% \u00ae","description":"Was Sie in Palma de Mallorca im Winter unternehmen k\u00f6nnen, von historischen Denkm\u00e4lern und Routen bis hin zu k\u00f6stlichen lokalen Gerichten, kommen Sie und genie\u00dfen Sie!","robots":{"index":"index","follow":"follow","max-snippet":"max-snippet:-1","max-image-preview":"max-image-preview:large","max-video-preview":"max-video-preview:-1"},"canonical":"https:\/\/blog.k10mobility.com\/de\/entdecken-sie-die-besten-aktivitaeten-in-palma-de-mallorca-im-winter\/","og_locale":"de_DE","og_type":"article","og_title":"Was kann man in Palma de Mallorca im Winter unternehmen -% K10 Mobility% \u00ae","og_description":"Was Sie in Palma de Mallorca im Winter unternehmen k\u00f6nnen, von historischen Denkm\u00e4lern und Routen bis hin zu k\u00f6stlichen lokalen Gerichten, kommen Sie und genie\u00dfen Sie!","og_url":"https:\/\/blog.k10mobility.com\/de\/entdecken-sie-die-besten-aktivitaeten-in-palma-de-mallorca-im-winter\/","og_site_name":"K10 Mobility","article_publisher":"https:\/\/www.facebook.com\/k10mobility\/","article_published_time":"2023-01-02T10:53:51+00:00","article_modified_time":"2026-01-22T11:41:16+00:00","og_image":[{"width":1000,"height":562,"url":"https:\/\/blog.k10mobility.com\/wp-content\/uploads\/2022\/12\/que-ver-hacer-mallorca-invierno.jpg","type":"image\/jpeg"}],"author":"K10","twitter_card":"summary_large_image","twitter_misc":{"Verfasst von":"K10","Gesch\u00e4tzte Lesezeit":"6\u00a0Minuten"},"schema":{"@context":"https:\/\/schema.org","@graph":[{"@type":"Article","@id":"https:\/\/blog.k10mobility.com\/de\/entdecken-sie-die-besten-aktivitaeten-in-palma-de-mallorca-im-winter\/#article","isPartOf":{"@id":"https:\/\/blog.k10mobility.com\/de\/entdecken-sie-die-besten-aktivitaeten-in-palma-de-mallorca-im-winter\/"},"author":{"name":"K10","@id":"https:\/\/blog.k10mobility.com\/de\/#\/schema\/person\/f31e5cd36f44f986645396161453818b"},"headline":"Entdecken Sie die besten Winteraktivit\u00e4ten in Palma de Mallorca","datePublished":"2023-01-02T10:53:51+00:00","dateModified":"2026-01-22T11:41:16+00:00","mainEntityOfPage":{"@id":"https:\/\/blog.k10mobility.com\/de\/entdecken-sie-die-besten-aktivitaeten-in-palma-de-mallorca-im-winter\/"},"wordCount":1285,"publisher":{"@id":"https:\/\/blog.k10mobility.com\/de\/#organization"},"image":{"@id":"https:\/\/blog.k10mobility.com\/de\/entdecken-sie-die-besten-aktivitaeten-in-palma-de-mallorca-im-winter\/#primaryimage"},"thumbnailUrl":"https:\/\/blog.k10mobility.com\/wp-content\/uploads\/2022\/12\/que-ver-hacer-mallorca-invierno.jpg","articleSection":["Mallorca"],"inLanguage":"de"},{"@type":"WebPage","@id":"https:\/\/blog.k10mobility.com\/de\/entdecken-sie-die-besten-aktivitaeten-in-palma-de-mallorca-im-winter\/","url":"https:\/\/blog.k10mobility.com\/de\/entdecken-sie-die-besten-aktivitaeten-in-palma-de-mallorca-im-winter\/","name":"Was kann man in Palma de Mallorca im Winter unternehmen -% K10 Mobility% \u00ae","isPartOf":{"@id":"https:\/\/blog.k10mobility.com\/de\/#website"},"primaryImageOfPage":{"@id":"https:\/\/blog.k10mobility.com\/de\/entdecken-sie-die-besten-aktivitaeten-in-palma-de-mallorca-im-winter\/#primaryimage"},"image":{"@id":"https:\/\/blog.k10mobility.com\/de\/entdecken-sie-die-besten-aktivitaeten-in-palma-de-mallorca-im-winter\/#primaryimage"},"thumbnailUrl":"https:\/\/blog.k10mobility.com\/wp-content\/uploads\/2022\/12\/que-ver-hacer-mallorca-invierno.jpg","datePublished":"2023-01-02T10:53:51+00:00","dateModified":"2026-01-22T11:41:16+00:00","description":"Was Sie in Palma de Mallorca im Winter unternehmen k\u00f6nnen, von historischen Denkm\u00e4lern und Routen bis hin zu k\u00f6stlichen lokalen Gerichten, kommen Sie und genie\u00dfen Sie!","breadcrumb":{"@id":"https:\/\/blog.k10mobility.com\/de\/entdecken-sie-die-besten-aktivitaeten-in-palma-de-mallorca-im-winter\/#breadcrumb"},"inLanguage":"de","potentialAction":[{"@type":"ReadAction","target":["https:\/\/blog.k10mobility.com\/de\/entdecken-sie-die-besten-aktivitaeten-in-palma-de-mallorca-im-winter\/"]}]},{"@type":"ImageObject","inLanguage":"de","@id":"https:\/\/blog.k10mobility.com\/de\/entdecken-sie-die-besten-aktivitaeten-in-palma-de-mallorca-im-winter\/#primaryimage","url":"https:\/\/blog.k10mobility.com\/wp-content\/uploads\/2022\/12\/que-ver-hacer-mallorca-invierno.jpg","contentUrl":"https:\/\/blog.k10mobility.com\/wp-content\/uploads\/2022\/12\/que-ver-hacer-mallorca-invierno.jpg","width":1000,"height":562,"caption":"was man auf Mallorca im Winter unternehmen kann"},{"@type":"BreadcrumbList","@id":"https:\/\/blog.k10mobility.com\/de\/entdecken-sie-die-besten-aktivitaeten-in-palma-de-mallorca-im-winter\/#breadcrumb","itemListElement":[{"@type":"ListItem","position":1,"name":"K10 Mobility","item":"https:\/\/blog.k10mobility.com\/de\/"},{"@type":"ListItem","position":2,"name":"Entdecken Sie die besten Winteraktivit\u00e4ten in Palma de Mallorca"}]},{"@type":"WebSite","@id":"https:\/\/blog.k10mobility.com\/de\/#website","url":"https:\/\/blog.k10mobility.com\/de\/","name":"K10 Mobility","description":"Rent a car en Ibiza y Mallorca","publisher":{"@id":"https:\/\/blog.k10mobility.com\/de\/#organization"},"alternateName":"K10 Rent a car","potentialAction":[{"@type":"SearchAction","target":{"@type":"EntryPoint","urlTemplate":"https:\/\/blog.k10mobility.com\/de\/?s={search_term_string}"},"query-input":{"@type":"PropertyValueSpecification","valueRequired":true,"valueName":"search_term_string"}}],"inLanguage":"de"},{"@type":"Organization","@id":"https:\/\/blog.k10mobility.com\/de\/#organization","name":"K10 Mobility","alternateName":"K10 Mobility rent a car en Ibiza y Mallorca","url":"https:\/\/blog.k10mobility.com\/de\/","logo":{"@type":"ImageObject","inLanguage":"de","@id":"https:\/\/blog.k10mobility.com\/de\/#\/schema\/logo\/image\/","url":"https:\/\/blog.k10mobility.com\/wp-content\/uploads\/2025\/11\/cropped-Logo-K10-color-apaisado.png","contentUrl":"https:\/\/blog.k10mobility.com\/wp-content\/uploads\/2025\/11\/cropped-Logo-K10-color-apaisado.png","width":665,"height":105,"caption":"K10 Mobility"},"image":{"@id":"https:\/\/blog.k10mobility.com\/de\/#\/schema\/logo\/image\/"},"sameAs":["https:\/\/www.facebook.com\/k10mobility\/","https:\/\/www.instagram.com\/k10mobility\/"]},{"@type":"Person","@id":"https:\/\/blog.k10mobility.com\/de\/#\/schema\/person\/f31e5cd36f44f986645396161453818b","name":"K10","image":{"@type":"ImageObject","inLanguage":"de","@id":"https:\/\/secure.gravatar.com\/avatar\/206fefb0c43f85b1066007fbea28c7b1ae2fb5432c1864d0ab6dd2b14b6b4e87?s=96&d=mm&r=g","url":"https:\/\/secure.gravatar.com\/avatar\/206fefb0c43f85b1066007fbea28c7b1ae2fb5432c1864d0ab6dd2b14b6b4e87?s=96&d=mm&r=g","contentUrl":"https:\/\/secure.gravatar.com\/avatar\/206fefb0c43f85b1066007fbea28c7b1ae2fb5432c1864d0ab6dd2b14b6b4e87?s=96&d=mm&r=g","caption":"K10"},"sameAs":["https:\/\/blog.k10mobility.com"],"url":"https:\/\/blog.k10mobility.com\/de\/author\/s72m1n2k10\/"}]}},"_links":{"self":[{"href":"https:\/\/blog.k10mobility.com\/de\/wp-json\/wp\/v2\/posts\/13414","targetHints":{"allow":["GET"]}}],"collection":[{"href":"https:\/\/blog.k10mobility.com\/de\/wp-json\/wp\/v2\/posts"}],"about":[{"href":"https:\/\/blog.k10mobility.com\/de\/wp-json\/wp\/v2\/types\/post"}],"author":[{"embeddable":true,"href":"https:\/\/blog.k10mobility.com\/de\/wp-json\/wp\/v2\/users\/1"}],"replies":[{"embeddable":true,"href":"https:\/\/blog.k10mobility.com\/de\/wp-json\/wp\/v2\/comments?post=13414"}],"version-history":[{"count":4,"href":"https:\/\/blog.k10mobility.com\/de\/wp-json\/wp\/v2\/posts\/13414\/revisions"}],"predecessor-version":[{"id":14114,"href":"https:\/\/blog.k10mobility.com\/de\/wp-json\/wp\/v2\/posts\/13414\/revisions\/14114"}],"wp:featuredmedia":[{"embeddable":true,"href":"https:\/\/blog.k10mobility.com\/de\/wp-json\/wp\/v2\/media\/13416"}],"wp:attachment":[{"href":"https:\/\/blog.k10mobility.com\/de\/wp-json\/wp\/v2\/media?parent=13414"}],"wp:term":[{"taxonomy":"category","embeddable":true,"href":"https:\/\/blog.k10mobility.com\/de\/wp-json\/wp\/v2\/categories?post=13414"},{"taxonomy":"post_tag","embeddable":true,"href":"https:\/\/blog.k10mobility.com\/de\/wp-json\/wp\/v2\/tags?post=13414"}],"curies":[{"name":"wp","href":"https:\/\/api.w.org\/{rel}","templated":true}]}}