{"id":13537,"date":"2023-07-17T07:08:27","date_gmt":"2023-07-17T07:08:27","guid":{"rendered":"https:\/\/blog.k10mobility.com\/eines-der-schoensten-doerfer-ibizas-es-cubells\/"},"modified":"2026-01-22T11:39:35","modified_gmt":"2026-01-22T11:39:35","slug":"eines-der-schoensten-doerfer-ibizas-es-cubells","status":"publish","type":"post","link":"https:\/\/blog.k10mobility.com\/de\/eines-der-schoensten-doerfer-ibizas-es-cubells\/","title":{"rendered":"Eines der h\u00fcbschesten D\u00f6rfer auf Ibiza: Es Cubells"},"content":{"rendered":"\n<h2 class=\"wp-block-heading\" id=\"von-toc-1\">Was Sie in Es Cubells sehen und unternehmen k\u00f6nnen<\/h2>\n\n<p>Im S\u00fcden von Ibiza, in einer herrlichen Enklave inmitten der Natur gelegen, befindet sich das kleine Dorf Es Cubells.<\/p>\n\n<p>Obwohl es sich um ein kleines Dorf handelt, hat es einen besonderen Charme und bietet einige interessante Attraktionen f\u00fcr Besucher. Wenn Sie wissen m\u00f6chten, was Sie bei Ihrem Besuch in Es Cubells unternehmen k\u00f6nnen, lesen Sie weiter und entdecken Sie die Essenz der Insel. <\/p>\n\n<h3 class=\"wp-block-heading\" id=\"von-toc-2\">Nat\u00fcrliche Umgebung<\/h3>\n<div class=\"wp-block-image\">\n<figure class=\"aligncenter size-full\"><img fetchpriority=\"high\" decoding=\"async\" width=\"800\" height=\"450\" src=\"https:\/\/blog.k10mobility.com\/wp-content\/uploads\/2023\/07\/es-cubells-que-ver-hacer.jpeg\" alt=\"Aussichtspunkte und Klippen in Es Cubells\" class=\"wp-image-6758\" srcset=\"https:\/\/blog.k10mobility.com\/wp-content\/uploads\/2023\/07\/es-cubells-que-ver-hacer.jpeg 800w, https:\/\/blog.k10mobility.com\/wp-content\/uploads\/2023\/07\/es-cubells-que-ver-hacer-300x169.jpeg 300w, https:\/\/blog.k10mobility.com\/wp-content\/uploads\/2023\/07\/es-cubells-que-ver-hacer-768x432.jpeg 768w\" sizes=\"(max-width: 800px) 100vw, 800px\" \/><\/figure>\n<\/div>\n<div style=\"height:40px\" aria-hidden=\"true\" class=\"wp-block-spacer\"><\/div>\n\n<p>Einer der Hauptgr\u00fcnde f\u00fcr einen Besuch in Es Cubells ist seine privilegierte nat\u00fcrliche Umgebung. Es gibt mehrere <strong>Aussichtspunkte und Klippen<\/strong>, an denen Sie sitzen und atemberaubende Ausblicke auf das Meer genie\u00dfen k\u00f6nnen. <\/p>\n\n<p>Dieses kleine Dorf liegt in der N\u00e4he einiger der <strong>sch\u00f6nsten Buchten<\/strong> Ibizas, wie Cala d&#8217;Hort, Cala Carbo, Cala Vadella, Cala Moli und Cala Tarida. Wenn Sie einen <strong>Mietwagen<\/strong> haben, ist die Route einfacher und bequemer, da Sie nicht auf \u00f6ffentliche Verkehrsmittel angewiesen sind und alle Buchten, die auf Ihrer Reiseroute stehen, besuchen k\u00f6nnen. <\/p>\n\n<p>Es Cubells hat auch einen eigenen Strand, der am Fu\u00dfe einiger beeindruckender Klippen liegt. Der Zugang ist zwar schwierig, aber der Meeresboden ist ideal f\u00fcr Tauchbegeisterte.<\/p>\n\n<h3 class=\"wp-block-heading\" id=\"von-toc-3\">Wanderwege<\/h3>\n<div class=\"wp-block-image\">\n<figure class=\"aligncenter size-full\"><img decoding=\"async\" width=\"800\" height=\"450\" src=\"https:\/\/blog.k10mobility.com\/wp-content\/uploads\/2023\/07\/senderismo-es-cubells-ibiza.jpeg\" alt=\"Routen es cubells ibiza\" class=\"wp-image-6761\" srcset=\"https:\/\/blog.k10mobility.com\/wp-content\/uploads\/2023\/07\/senderismo-es-cubells-ibiza.jpeg 800w, https:\/\/blog.k10mobility.com\/wp-content\/uploads\/2023\/07\/senderismo-es-cubells-ibiza-300x169.jpeg 300w, https:\/\/blog.k10mobility.com\/wp-content\/uploads\/2023\/07\/senderismo-es-cubells-ibiza-768x432.jpeg 768w\" sizes=\"(max-width: 800px) 100vw, 800px\" \/><\/figure>\n<\/div>\n<div style=\"height:40px\" aria-hidden=\"true\" class=\"wp-block-spacer\"><\/div>\n\n<p>Rund um Es Cubells gibt es mehrere Wanderrouten, die <strong>durch wundersch\u00f6ne Landschaften<\/strong> wie W\u00e4lder, Mandel- und Olivenhaine f\u00fchren und hervorragende Ausblicke auf das Meer bieten. Eine der beliebtesten ist die Route von <strong>Es Cubells nach Cala d&#8217;Hort.<\/strong> <\/p>\n\n<h3 class=\"wp-block-heading\" id=\"von-toc-4\">Bummeln Sie durch das Stadtzentrum<\/h3>\n\n<p>Das Stadtzentrum dieser kleinen Stadt ist um <strong>die Kirche<\/strong> herum gebaut. Diese Kirche ist ein klares Beispiel f\u00fcr die religi\u00f6se Architektur Ibizas, die sich durch ihre Schlichtheit und N\u00fcchternheit auszeichnet. Ihre wei\u00dfen Mauern und der schlichte Glockenturm heben sich vom blauen Himmel und der gr\u00fcnen Umgebung ab und schaffen ein wahrhaft malerisches Bild.  <\/p>\n\n<h3 class=\"wp-block-heading\" id=\"von-toc-5\">Genie\u00dfen Sie die Gastronomie und Tradition der Insel<\/h3>\n<div class=\"wp-block-image\">\n<figure class=\"aligncenter size-full\"><img decoding=\"async\" width=\"800\" height=\"450\" src=\"https:\/\/blog.k10mobility.com\/wp-content\/uploads\/2023\/07\/fiestas-del-carmen-es-cubells.jpeg\" alt=\"Feste in Es Cubells\" class=\"wp-image-6763\" srcset=\"https:\/\/blog.k10mobility.com\/wp-content\/uploads\/2023\/07\/fiestas-del-carmen-es-cubells.jpeg 800w, https:\/\/blog.k10mobility.com\/wp-content\/uploads\/2023\/07\/fiestas-del-carmen-es-cubells-300x169.jpeg 300w, https:\/\/blog.k10mobility.com\/wp-content\/uploads\/2023\/07\/fiestas-del-carmen-es-cubells-768x432.jpeg 768w\" sizes=\"(max-width: 800px) 100vw, 800px\" \/><\/figure>\n<\/div>\n<div style=\"height:40px\" aria-hidden=\"true\" class=\"wp-block-spacer\"><\/div>\n\n<p>In Es Cubells k\u00f6nnen Sie die typische Gastronomie der Insel genie\u00dfen, und am <strong>16. Juli <\/strong>wird das <strong>Patronatsfest<\/strong> der Stadt gefeiert und die Stra\u00dfen sind voller Freude, Einheimischer und Touristen.<\/p>\n\n<p>W\u00e4hrend dieses Festes k\u00f6nnen Sie <strong>auch die Produkte der Insel probieren<\/strong>, Ausstellungen besuchen und den <strong>traditionellen Bauerntanz<\/strong> sehen.<\/p>\n\n<p>Wenn Sie auf der Suche nach Ruhe, <strong>Natur und Tradition<\/strong> sind, sollte Es Cubells unbedingt auf Ihrer Reiseroute stehen.<\/p>\n\n<h3 class=\"wp-block-heading\" id=\"von-toc-6\">Die Option der Autovermietung auf Ibiza<\/h3>\n\n<p>Die charmantesten D\u00f6rfer wie Es Cubells zu entdecken ist bequem und einfach, wenn Sie einen <a href=\"https:\/\/blog.k10mobility.com\/de\/\">Mietwagen auf Ibiza<\/a> haben. Auf diese Weise k\u00f6nnen Sie die Insel in Ihrem <strong>eigenen Tempo<\/strong> erkunden, ohne von \u00f6ffentlichen Verkehrsmitteln und Fahrpl\u00e4nen abh\u00e4ngig zu sein oder sich dar\u00fcber Gedanken zu machen. Mit einem Mietwagen <strong>k\u00f6nnen<\/strong> Sie auch <strong>Orte erreichen, die sonst nur schwer zug\u00e4nglich w\u00e4ren<\/strong>, wie z.B. abgelegene Str\u00e4nde und Buchten. Au\u00dferdem macht es Spa\u00df, die Insel zu erkunden, vor allem, wenn Sie in Begleitung unterwegs sind. Nach diesem Artikel, in dem wir Es Cubells besucht haben, <strong>bleibt uns nur noch, Ihnen das Beste von der Insel und insbesondere von diesem kleinen und ruhigen Ort zu w\u00fcnschen.<\/strong>    <\/p>\n","protected":false},"excerpt":{"rendered":"<p>Was Sie in Es Cubells sehen und unternehmen k\u00f6nnen Im S\u00fcden von Ibiza, in einer herrlichen Enklave inmitten der Natur gelegen, befindet sich das kleine Dorf Es Cubells. Obwohl es sich um ein kleines Dorf handelt, hat es einen besonderen Charme und bietet einige interessante Attraktionen f\u00fcr Besucher. Wenn Sie wissen m\u00f6chten, was Sie bei &#8230; <a title=\"Eines der h\u00fcbschesten D\u00f6rfer auf Ibiza: Es Cubells\" class=\"read-more\" href=\"https:\/\/blog.k10mobility.com\/de\/eines-der-schoensten-doerfer-ibizas-es-cubells\/\" aria-label=\"Mehr Informationen \u00fcber Eines der h\u00fcbschesten D\u00f6rfer auf Ibiza: Es Cubells\">Weiterlesen<\/a><\/p>\n","protected":false},"author":2,"featured_media":13539,"comment_status":"closed","ping_status":"closed","sticky":false,"template":"","format":"standard","meta":{"footnotes":""},"categories":[225],"tags":[],"class_list":["post-13537","post","type-post","status-publish","format-standard","has-post-thumbnail","hentry","category-ibiza"],"yoast_head":"<!-- This site is optimized with the Yoast SEO plugin v27.4 - https:\/\/yoast.com\/product\/yoast-seo-wordpress\/ -->\n<title>\u1405 Es Cubells - eines der sch\u00f6nsten D\u00f6rfer Ibizas K10 Mobility \u00ae<\/title>\n<meta name=\"description\" content=\"Entdecken Sie, was es in Es Cubells zu sehen und zu tun gibt, einem der sch\u00f6nsten D\u00f6rfer Ibizas, das in einer wundersch\u00f6nen Enklave inmitten der Natur liegt.\" \/>\n<meta name=\"robots\" content=\"index, follow, max-snippet:-1, max-image-preview:large, max-video-preview:-1\" \/>\n<link rel=\"canonical\" href=\"https:\/\/blog.k10mobility.com\/de\/eines-der-schoensten-doerfer-ibizas-es-cubells\/\" \/>\n<meta property=\"og:locale\" content=\"de_DE\" \/>\n<meta property=\"og:type\" content=\"article\" \/>\n<meta property=\"og:title\" content=\"\u1405 Es Cubells - eines der sch\u00f6nsten D\u00f6rfer Ibizas K10 Mobility \u00ae\" \/>\n<meta property=\"og:description\" content=\"Entdecken Sie, was es in Es Cubells zu sehen und zu tun gibt, einem der sch\u00f6nsten D\u00f6rfer Ibizas, das in einer wundersch\u00f6nen Enklave inmitten der Natur liegt.\" \/>\n<meta property=\"og:url\" content=\"https:\/\/blog.k10mobility.com\/de\/eines-der-schoensten-doerfer-ibizas-es-cubells\/\" \/>\n<meta property=\"og:site_name\" content=\"K10 Mobility\" \/>\n<meta property=\"article:publisher\" content=\"https:\/\/www.facebook.com\/k10mobility\/\" \/>\n<meta property=\"article:published_time\" content=\"2023-07-17T07:08:27+00:00\" \/>\n<meta property=\"article:modified_time\" content=\"2026-01-22T11:39:35+00:00\" \/>\n<meta property=\"og:image\" content=\"https:\/\/blog.k10mobility.com\/wp-content\/uploads\/2023\/07\/es-cubells-pueblo-ibiza.jpeg\" \/>\n\t<meta property=\"og:image:width\" content=\"800\" \/>\n\t<meta property=\"og:image:height\" content=\"450\" \/>\n\t<meta property=\"og:image:type\" content=\"image\/jpeg\" \/>\n<meta name=\"author\" content=\"Luis Ram\u00eds\" \/>\n<meta name=\"twitter:card\" content=\"summary_large_image\" \/>\n<meta name=\"twitter:label1\" content=\"Verfasst von\" \/>\n\t<meta name=\"twitter:data1\" content=\"Luis Ram\u00eds\" \/>\n\t<meta name=\"twitter:label2\" content=\"Gesch\u00e4tzte Lesezeit\" \/>\n\t<meta name=\"twitter:data2\" content=\"3\u00a0Minuten\" \/>\n<script type=\"application\/ld+json\" class=\"yoast-schema-graph\">{\"@context\":\"https:\\\/\\\/schema.org\",\"@graph\":[{\"@type\":\"Article\",\"@id\":\"https:\\\/\\\/blog.k10mobility.com\\\/de\\\/eines-der-schoensten-doerfer-ibizas-es-cubells\\\/#article\",\"isPartOf\":{\"@id\":\"https:\\\/\\\/blog.k10mobility.com\\\/de\\\/eines-der-schoensten-doerfer-ibizas-es-cubells\\\/\"},\"author\":{\"name\":\"Luis Ram\u00eds\",\"@id\":\"https:\\\/\\\/blog.k10mobility.com\\\/de\\\/#\\\/schema\\\/person\\\/5f18469c790b92d83fdd98422e621da8\"},\"headline\":\"Eines der h\u00fcbschesten D\u00f6rfer auf Ibiza: Es Cubells\",\"datePublished\":\"2023-07-17T07:08:27+00:00\",\"dateModified\":\"2026-01-22T11:39:35+00:00\",\"mainEntityOfPage\":{\"@id\":\"https:\\\/\\\/blog.k10mobility.com\\\/de\\\/eines-der-schoensten-doerfer-ibizas-es-cubells\\\/\"},\"wordCount\":527,\"publisher\":{\"@id\":\"https:\\\/\\\/blog.k10mobility.com\\\/de\\\/#organization\"},\"image\":{\"@id\":\"https:\\\/\\\/blog.k10mobility.com\\\/de\\\/eines-der-schoensten-doerfer-ibizas-es-cubells\\\/#primaryimage\"},\"thumbnailUrl\":\"https:\\\/\\\/blog.k10mobility.com\\\/wp-content\\\/uploads\\\/2023\\\/07\\\/es-cubells-pueblo-ibiza.jpeg\",\"articleSection\":[\"Ibiza\"],\"inLanguage\":\"de\"},{\"@type\":\"WebPage\",\"@id\":\"https:\\\/\\\/blog.k10mobility.com\\\/de\\\/eines-der-schoensten-doerfer-ibizas-es-cubells\\\/\",\"url\":\"https:\\\/\\\/blog.k10mobility.com\\\/de\\\/eines-der-schoensten-doerfer-ibizas-es-cubells\\\/\",\"name\":\"\u1405 Es Cubells - eines der sch\u00f6nsten D\u00f6rfer Ibizas K10 Mobility \u00ae\",\"isPartOf\":{\"@id\":\"https:\\\/\\\/blog.k10mobility.com\\\/de\\\/#website\"},\"primaryImageOfPage\":{\"@id\":\"https:\\\/\\\/blog.k10mobility.com\\\/de\\\/eines-der-schoensten-doerfer-ibizas-es-cubells\\\/#primaryimage\"},\"image\":{\"@id\":\"https:\\\/\\\/blog.k10mobility.com\\\/de\\\/eines-der-schoensten-doerfer-ibizas-es-cubells\\\/#primaryimage\"},\"thumbnailUrl\":\"https:\\\/\\\/blog.k10mobility.com\\\/wp-content\\\/uploads\\\/2023\\\/07\\\/es-cubells-pueblo-ibiza.jpeg\",\"datePublished\":\"2023-07-17T07:08:27+00:00\",\"dateModified\":\"2026-01-22T11:39:35+00:00\",\"description\":\"Entdecken Sie, was es in Es Cubells zu sehen und zu tun gibt, einem der sch\u00f6nsten D\u00f6rfer Ibizas, das in einer wundersch\u00f6nen Enklave inmitten der Natur liegt.\",\"breadcrumb\":{\"@id\":\"https:\\\/\\\/blog.k10mobility.com\\\/de\\\/eines-der-schoensten-doerfer-ibizas-es-cubells\\\/#breadcrumb\"},\"inLanguage\":\"de\",\"potentialAction\":[{\"@type\":\"ReadAction\",\"target\":[\"https:\\\/\\\/blog.k10mobility.com\\\/de\\\/eines-der-schoensten-doerfer-ibizas-es-cubells\\\/\"]}]},{\"@type\":\"ImageObject\",\"inLanguage\":\"de\",\"@id\":\"https:\\\/\\\/blog.k10mobility.com\\\/de\\\/eines-der-schoensten-doerfer-ibizas-es-cubells\\\/#primaryimage\",\"url\":\"https:\\\/\\\/blog.k10mobility.com\\\/wp-content\\\/uploads\\\/2023\\\/07\\\/es-cubells-pueblo-ibiza.jpeg\",\"contentUrl\":\"https:\\\/\\\/blog.k10mobility.com\\\/wp-content\\\/uploads\\\/2023\\\/07\\\/es-cubells-pueblo-ibiza.jpeg\",\"width\":800,\"height\":450,\"caption\":\"Was gibt es in Es Cubells zu sehen?\"},{\"@type\":\"BreadcrumbList\",\"@id\":\"https:\\\/\\\/blog.k10mobility.com\\\/de\\\/eines-der-schoensten-doerfer-ibizas-es-cubells\\\/#breadcrumb\",\"itemListElement\":[{\"@type\":\"ListItem\",\"position\":1,\"name\":\"K10 Mobility\",\"item\":\"https:\\\/\\\/blog.k10mobility.com\\\/de\\\/\"},{\"@type\":\"ListItem\",\"position\":2,\"name\":\"Eines der h\u00fcbschesten D\u00f6rfer auf Ibiza: Es Cubells\"}]},{\"@type\":\"WebSite\",\"@id\":\"https:\\\/\\\/blog.k10mobility.com\\\/de\\\/#website\",\"url\":\"https:\\\/\\\/blog.k10mobility.com\\\/de\\\/\",\"name\":\"K10 Mobility\",\"description\":\"Rent a car en Ibiza y Mallorca\",\"publisher\":{\"@id\":\"https:\\\/\\\/blog.k10mobility.com\\\/de\\\/#organization\"},\"alternateName\":\"K10 Rent a car\",\"potentialAction\":[{\"@type\":\"SearchAction\",\"target\":{\"@type\":\"EntryPoint\",\"urlTemplate\":\"https:\\\/\\\/blog.k10mobility.com\\\/de\\\/?s={search_term_string}\"},\"query-input\":{\"@type\":\"PropertyValueSpecification\",\"valueRequired\":true,\"valueName\":\"search_term_string\"}}],\"inLanguage\":\"de\"},{\"@type\":\"Organization\",\"@id\":\"https:\\\/\\\/blog.k10mobility.com\\\/de\\\/#organization\",\"name\":\"K10 Mobility\",\"alternateName\":\"K10 Mobility rent a car en Ibiza y Mallorca\",\"url\":\"https:\\\/\\\/blog.k10mobility.com\\\/de\\\/\",\"logo\":{\"@type\":\"ImageObject\",\"inLanguage\":\"de\",\"@id\":\"https:\\\/\\\/blog.k10mobility.com\\\/de\\\/#\\\/schema\\\/logo\\\/image\\\/\",\"url\":\"https:\\\/\\\/blog.k10mobility.com\\\/wp-content\\\/uploads\\\/2025\\\/11\\\/cropped-Logo-K10-color-apaisado.png\",\"contentUrl\":\"https:\\\/\\\/blog.k10mobility.com\\\/wp-content\\\/uploads\\\/2025\\\/11\\\/cropped-Logo-K10-color-apaisado.png\",\"width\":665,\"height\":105,\"caption\":\"K10 Mobility\"},\"image\":{\"@id\":\"https:\\\/\\\/blog.k10mobility.com\\\/de\\\/#\\\/schema\\\/logo\\\/image\\\/\"},\"sameAs\":[\"https:\\\/\\\/www.facebook.com\\\/k10mobility\\\/\",\"https:\\\/\\\/www.instagram.com\\\/k10mobility\\\/\"]},{\"@type\":\"Person\",\"@id\":\"https:\\\/\\\/blog.k10mobility.com\\\/de\\\/#\\\/schema\\\/person\\\/5f18469c790b92d83fdd98422e621da8\",\"name\":\"Luis Ram\u00eds\",\"image\":{\"@type\":\"ImageObject\",\"inLanguage\":\"de\",\"@id\":\"https:\\\/\\\/secure.gravatar.com\\\/avatar\\\/30162c41d6f584ef954ac19546d34176104f5a2b363cc65fe6c8b9dc6c1ed9ac?s=96&d=mm&r=g\",\"url\":\"https:\\\/\\\/secure.gravatar.com\\\/avatar\\\/30162c41d6f584ef954ac19546d34176104f5a2b363cc65fe6c8b9dc6c1ed9ac?s=96&d=mm&r=g\",\"contentUrl\":\"https:\\\/\\\/secure.gravatar.com\\\/avatar\\\/30162c41d6f584ef954ac19546d34176104f5a2b363cc65fe6c8b9dc6c1ed9ac?s=96&d=mm&r=g\",\"caption\":\"Luis Ram\u00eds\"},\"url\":\"https:\\\/\\\/blog.k10mobility.com\\\/de\\\/author\\\/luisr4m1s_k10\\\/\"}]}<\/script>\n<!-- \/ Yoast SEO plugin. -->","yoast_head_json":{"title":"\u1405 Es Cubells - eines der sch\u00f6nsten D\u00f6rfer Ibizas K10 Mobility \u00ae","description":"Entdecken Sie, was es in Es Cubells zu sehen und zu tun gibt, einem der sch\u00f6nsten D\u00f6rfer Ibizas, das in einer wundersch\u00f6nen Enklave inmitten der Natur liegt.","robots":{"index":"index","follow":"follow","max-snippet":"max-snippet:-1","max-image-preview":"max-image-preview:large","max-video-preview":"max-video-preview:-1"},"canonical":"https:\/\/blog.k10mobility.com\/de\/eines-der-schoensten-doerfer-ibizas-es-cubells\/","og_locale":"de_DE","og_type":"article","og_title":"\u1405 Es Cubells - eines der sch\u00f6nsten D\u00f6rfer Ibizas K10 Mobility \u00ae","og_description":"Entdecken Sie, was es in Es Cubells zu sehen und zu tun gibt, einem der sch\u00f6nsten D\u00f6rfer Ibizas, das in einer wundersch\u00f6nen Enklave inmitten der Natur liegt.","og_url":"https:\/\/blog.k10mobility.com\/de\/eines-der-schoensten-doerfer-ibizas-es-cubells\/","og_site_name":"K10 Mobility","article_publisher":"https:\/\/www.facebook.com\/k10mobility\/","article_published_time":"2023-07-17T07:08:27+00:00","article_modified_time":"2026-01-22T11:39:35+00:00","og_image":[{"width":800,"height":450,"url":"https:\/\/blog.k10mobility.com\/wp-content\/uploads\/2023\/07\/es-cubells-pueblo-ibiza.jpeg","type":"image\/jpeg"}],"author":"Luis Ram\u00eds","twitter_card":"summary_large_image","twitter_misc":{"Verfasst von":"Luis Ram\u00eds","Gesch\u00e4tzte Lesezeit":"3\u00a0Minuten"},"schema":{"@context":"https:\/\/schema.org","@graph":[{"@type":"Article","@id":"https:\/\/blog.k10mobility.com\/de\/eines-der-schoensten-doerfer-ibizas-es-cubells\/#article","isPartOf":{"@id":"https:\/\/blog.k10mobility.com\/de\/eines-der-schoensten-doerfer-ibizas-es-cubells\/"},"author":{"name":"Luis Ram\u00eds","@id":"https:\/\/blog.k10mobility.com\/de\/#\/schema\/person\/5f18469c790b92d83fdd98422e621da8"},"headline":"Eines der h\u00fcbschesten D\u00f6rfer auf Ibiza: Es Cubells","datePublished":"2023-07-17T07:08:27+00:00","dateModified":"2026-01-22T11:39:35+00:00","mainEntityOfPage":{"@id":"https:\/\/blog.k10mobility.com\/de\/eines-der-schoensten-doerfer-ibizas-es-cubells\/"},"wordCount":527,"publisher":{"@id":"https:\/\/blog.k10mobility.com\/de\/#organization"},"image":{"@id":"https:\/\/blog.k10mobility.com\/de\/eines-der-schoensten-doerfer-ibizas-es-cubells\/#primaryimage"},"thumbnailUrl":"https:\/\/blog.k10mobility.com\/wp-content\/uploads\/2023\/07\/es-cubells-pueblo-ibiza.jpeg","articleSection":["Ibiza"],"inLanguage":"de"},{"@type":"WebPage","@id":"https:\/\/blog.k10mobility.com\/de\/eines-der-schoensten-doerfer-ibizas-es-cubells\/","url":"https:\/\/blog.k10mobility.com\/de\/eines-der-schoensten-doerfer-ibizas-es-cubells\/","name":"\u1405 Es Cubells - eines der sch\u00f6nsten D\u00f6rfer Ibizas K10 Mobility \u00ae","isPartOf":{"@id":"https:\/\/blog.k10mobility.com\/de\/#website"},"primaryImageOfPage":{"@id":"https:\/\/blog.k10mobility.com\/de\/eines-der-schoensten-doerfer-ibizas-es-cubells\/#primaryimage"},"image":{"@id":"https:\/\/blog.k10mobility.com\/de\/eines-der-schoensten-doerfer-ibizas-es-cubells\/#primaryimage"},"thumbnailUrl":"https:\/\/blog.k10mobility.com\/wp-content\/uploads\/2023\/07\/es-cubells-pueblo-ibiza.jpeg","datePublished":"2023-07-17T07:08:27+00:00","dateModified":"2026-01-22T11:39:35+00:00","description":"Entdecken Sie, was es in Es Cubells zu sehen und zu tun gibt, einem der sch\u00f6nsten D\u00f6rfer Ibizas, das in einer wundersch\u00f6nen Enklave inmitten der Natur liegt.","breadcrumb":{"@id":"https:\/\/blog.k10mobility.com\/de\/eines-der-schoensten-doerfer-ibizas-es-cubells\/#breadcrumb"},"inLanguage":"de","potentialAction":[{"@type":"ReadAction","target":["https:\/\/blog.k10mobility.com\/de\/eines-der-schoensten-doerfer-ibizas-es-cubells\/"]}]},{"@type":"ImageObject","inLanguage":"de","@id":"https:\/\/blog.k10mobility.com\/de\/eines-der-schoensten-doerfer-ibizas-es-cubells\/#primaryimage","url":"https:\/\/blog.k10mobility.com\/wp-content\/uploads\/2023\/07\/es-cubells-pueblo-ibiza.jpeg","contentUrl":"https:\/\/blog.k10mobility.com\/wp-content\/uploads\/2023\/07\/es-cubells-pueblo-ibiza.jpeg","width":800,"height":450,"caption":"Was gibt es in Es Cubells zu sehen?"},{"@type":"BreadcrumbList","@id":"https:\/\/blog.k10mobility.com\/de\/eines-der-schoensten-doerfer-ibizas-es-cubells\/#breadcrumb","itemListElement":[{"@type":"ListItem","position":1,"name":"K10 Mobility","item":"https:\/\/blog.k10mobility.com\/de\/"},{"@type":"ListItem","position":2,"name":"Eines der h\u00fcbschesten D\u00f6rfer auf Ibiza: Es Cubells"}]},{"@type":"WebSite","@id":"https:\/\/blog.k10mobility.com\/de\/#website","url":"https:\/\/blog.k10mobility.com\/de\/","name":"K10 Mobility","description":"Rent a car en Ibiza y Mallorca","publisher":{"@id":"https:\/\/blog.k10mobility.com\/de\/#organization"},"alternateName":"K10 Rent a car","potentialAction":[{"@type":"SearchAction","target":{"@type":"EntryPoint","urlTemplate":"https:\/\/blog.k10mobility.com\/de\/?s={search_term_string}"},"query-input":{"@type":"PropertyValueSpecification","valueRequired":true,"valueName":"search_term_string"}}],"inLanguage":"de"},{"@type":"Organization","@id":"https:\/\/blog.k10mobility.com\/de\/#organization","name":"K10 Mobility","alternateName":"K10 Mobility rent a car en Ibiza y Mallorca","url":"https:\/\/blog.k10mobility.com\/de\/","logo":{"@type":"ImageObject","inLanguage":"de","@id":"https:\/\/blog.k10mobility.com\/de\/#\/schema\/logo\/image\/","url":"https:\/\/blog.k10mobility.com\/wp-content\/uploads\/2025\/11\/cropped-Logo-K10-color-apaisado.png","contentUrl":"https:\/\/blog.k10mobility.com\/wp-content\/uploads\/2025\/11\/cropped-Logo-K10-color-apaisado.png","width":665,"height":105,"caption":"K10 Mobility"},"image":{"@id":"https:\/\/blog.k10mobility.com\/de\/#\/schema\/logo\/image\/"},"sameAs":["https:\/\/www.facebook.com\/k10mobility\/","https:\/\/www.instagram.com\/k10mobility\/"]},{"@type":"Person","@id":"https:\/\/blog.k10mobility.com\/de\/#\/schema\/person\/5f18469c790b92d83fdd98422e621da8","name":"Luis Ram\u00eds","image":{"@type":"ImageObject","inLanguage":"de","@id":"https:\/\/secure.gravatar.com\/avatar\/30162c41d6f584ef954ac19546d34176104f5a2b363cc65fe6c8b9dc6c1ed9ac?s=96&d=mm&r=g","url":"https:\/\/secure.gravatar.com\/avatar\/30162c41d6f584ef954ac19546d34176104f5a2b363cc65fe6c8b9dc6c1ed9ac?s=96&d=mm&r=g","contentUrl":"https:\/\/secure.gravatar.com\/avatar\/30162c41d6f584ef954ac19546d34176104f5a2b363cc65fe6c8b9dc6c1ed9ac?s=96&d=mm&r=g","caption":"Luis Ram\u00eds"},"url":"https:\/\/blog.k10mobility.com\/de\/author\/luisr4m1s_k10\/"}]}},"_links":{"self":[{"href":"https:\/\/blog.k10mobility.com\/de\/wp-json\/wp\/v2\/posts\/13537","targetHints":{"allow":["GET"]}}],"collection":[{"href":"https:\/\/blog.k10mobility.com\/de\/wp-json\/wp\/v2\/posts"}],"about":[{"href":"https:\/\/blog.k10mobility.com\/de\/wp-json\/wp\/v2\/types\/post"}],"author":[{"embeddable":true,"href":"https:\/\/blog.k10mobility.com\/de\/wp-json\/wp\/v2\/users\/2"}],"replies":[{"embeddable":true,"href":"https:\/\/blog.k10mobility.com\/de\/wp-json\/wp\/v2\/comments?post=13537"}],"version-history":[{"count":4,"href":"https:\/\/blog.k10mobility.com\/de\/wp-json\/wp\/v2\/posts\/13537\/revisions"}],"predecessor-version":[{"id":14021,"href":"https:\/\/blog.k10mobility.com\/de\/wp-json\/wp\/v2\/posts\/13537\/revisions\/14021"}],"wp:featuredmedia":[{"embeddable":true,"href":"https:\/\/blog.k10mobility.com\/de\/wp-json\/wp\/v2\/media\/13539"}],"wp:attachment":[{"href":"https:\/\/blog.k10mobility.com\/de\/wp-json\/wp\/v2\/media?parent=13537"}],"wp:term":[{"taxonomy":"category","embeddable":true,"href":"https:\/\/blog.k10mobility.com\/de\/wp-json\/wp\/v2\/categories?post=13537"},{"taxonomy":"post_tag","embeddable":true,"href":"https:\/\/blog.k10mobility.com\/de\/wp-json\/wp\/v2\/tags?post=13537"}],"curies":[{"name":"wp","href":"https:\/\/api.w.org\/{rel}","templated":true}]}}