{"id":13702,"date":"2025-07-06T12:20:52","date_gmt":"2025-07-06T12:20:52","guid":{"rendered":"https:\/\/blog.k10mobility.com\/was-man-in-3-tagen-auf-ibiza-sehen-kann\/"},"modified":"2026-01-22T11:37:54","modified_gmt":"2026-01-22T11:37:54","slug":"was-man-in-3-tagen-auf-ibiza-sehen-kann","status":"publish","type":"post","link":"https:\/\/blog.k10mobility.com\/de\/was-man-in-3-tagen-auf-ibiza-sehen-kann\/","title":{"rendered":"Was Sie auf Ibiza in 3 Tagen sehen sollten"},"content":{"rendered":"<p><span style=\"font-weight: 400;\">Dachten Sie, auf Ibiza ginge es nur ums Feiern? <\/span><b>Machen Sie sich bereit, eine Insel voller Geschichte, versteckter Buchten, charmanter D\u00f6rfer und unvergesslicher Sonnenunterg\u00e4nge zu entdecken.<\/b><span style=\"font-weight: 400;\">. <\/span> <\/p>\n<p><span style=\"font-weight: 400;\">Wenn Sie einen Kurzurlaub planen, sollten Sie weiterlesen, denn wir werden Ihnen genau sagen, was Sie in 3 Tagen auf Ibiza sehen k\u00f6nnen, mit Routen, die darauf ausgelegt sind, das Beste aus Ihrer Zeit zu machen. Und ja, wir sagen Ihnen auch, was Sie tun sollten, wenn Sie im Winter kommen. <\/span><\/p>\n<h2 id=\"von-toc-1\"><b>Tag 1: Dalt Vila, Buchten und Sonnenuntergang<\/b><\/h2>\n<p><span style=\"font-weight: 400;\">Beginnen Sie Ihre Reise in <\/span><b>Dalt Vila<\/b><span style=\"font-weight: 400;\">Ibizas Altstadt, die zum Weltkulturerbe erkl\u00e4rt wurde. Schlendern Sie durch die gepflasterten Stra\u00dfen, besuchen Sie die Kathedrale und genie\u00dfen Sie die Aussicht von den Stadtmauern.<\/span><\/p>\n<p><span style=\"font-weight: 400;\">Anschlie\u00dfend mieten Sie ein Auto bei K10 am Flughafen von Ibiza und fahren nach <\/span><b>Cala Comte<\/b><span style=\"font-weight: 400;\"> o <\/span><b>Cala Bassa<\/b><span style=\"font-weight: 400;\">. Beide bieten kristallklares Wasser und sind perfekt, um ein paar Stunden zu entspannen.<\/span><\/p>\n<p><span style=\"font-weight: 400;\">Beenden Sie den Tag mit einem Blick auf den Sonnenuntergang von <\/span><b>San Antonio<\/b><span style=\"font-weight: 400;\">besonders vom legend\u00e4ren Caf\u00e9 del Mar aus.<\/span><\/p>\n<h2 id=\"von-toc-2\"><b>Tag 2: Norden der Insel und M\u00e4rkte<\/b><\/h2>\n<p><span style=\"font-weight: 400;\">Verbringen Sie den heutigen Tag mit der Erkundung des authentischen Nordens von Ibiza. Besuchen Sie <\/span><b>Santa Gertrudis<\/b><span style=\"font-weight: 400;\">ein b\u00f6hmisches Dorf mit charmanten Gesch\u00e4ften und Caf\u00e9s. Dann fahren Sie nach <\/span><b>Benirr\u00e0s<\/b><span style=\"font-weight: 400;\">eine Bucht, die f\u00fcr ihre Trommelmusik bei Sonnenuntergang bekannt ist (wenn es Sonntag ist).<\/span><\/p>\n<p><span style=\"font-weight: 400;\">Wenn es Samstag ist, verpassen Sie nicht den <\/span><b>Las Dalias Flohmarkt<\/b><span style=\"font-weight: 400;\">ein Erlebnis voller Farbe und einheimischem Kunsthandwerk.<\/span><\/p>\n<h2 id=\"von-toc-3\"><b>Tag 3: Formentera oder Es Vedr\u00e0<\/b><\/h2>\n<p><span style=\"font-weight: 400;\">F\u00fcr den letzten Tag haben Sie zwei M\u00f6glichkeiten: Nehmen Sie eine F\u00e4hre nach <\/span><b>Formentera<\/b><span style=\"font-weight: 400;\"> (vom Hafen von Ibiza aus) und verbringen den Tag an den paradiesischen Str\u00e4nden, oder Sie bleiben in Ibiza und nehmen eine Route in den S\u00fcdwesten, um sich <\/span><b>Es Vedr\u00e0<\/b><span style=\"font-weight: 400;\">eine geheimnisvolle Insel mit spektakul\u00e4ren Aussichten vom Torre des Savinar.<\/span><\/p>\n<p><span style=\"font-weight: 400;\">Und wenn Sie noch Zeit haben, besuchen Sie <\/span><b>Sa Caleta<\/b><span style=\"font-weight: 400;\"> und seine alte ph\u00f6nizische Siedlung oder gehen Sie schwimmen in <\/span><b>Cala d&#8217;Hort<\/b><span style=\"font-weight: 400;\">.<\/span><\/p>\n<h2 id=\"von-toc-4\"><b>Was man auf Ibiza im Winter in 3 Tagen sehen kann<\/b><\/h2>\n<p><span style=\"font-weight: 400;\">Der gro\u00dfe Vorteil des Winters auf Ibiza ist die Ruhe. Es gibt keine Menschenmassen, die Preise sind niedriger und das Klima ist mild. <\/span><\/p>\n<ul>\n<li style=\"font-weight: 400;\" aria-level=\"1\"><b>Tag 1<\/b><span style=\"font-weight: 400;\">Schlendern Sie durch Dalt Vila und genie\u00dfen Sie die friedliche Atmosph\u00e4re. Die nachts beleuchteten Stadtmauern haben einen besonderen Charme.<\/span><\/li>\n<li style=\"font-weight: 400;\" aria-level=\"1\"><b>Tag 2<\/b><span style=\"font-weight: 400;\">Fahren Sie mit dem Auto durch die D\u00f6rfer im Landesinneren, wie z.B. <\/span><b>San Juan<\/b><span style=\"font-weight: 400;\"> o <\/span><b>San Carlos<\/b><span style=\"font-weight: 400;\">. Nutzen Sie die Gelegenheit, in lokalen Restaurants einzukehren.<\/span><\/li>\n<li style=\"font-weight: 400;\" aria-level=\"1\"><b>Tag 3<\/b><span style=\"font-weight: 400;\">: Wanderung entlang der K\u00fcstenwege, wie zum Beispiel dem von <\/span><b>Cala Llonga nach Sol d&#8217;en Serra<\/b><span style=\"font-weight: 400;\">und besuchen Sie Museen wie das Museum f\u00fcr zeitgen\u00f6ssische Kunst auf Ibiza.<\/span><\/li>\n<\/ul>\n<p><b>M\u00f6chten Sie sich auf der Insel frei bewegen?<\/b><span style=\"font-weight: 400;\"> Mit K10 k\u00f6nnen Sie Ihr Auto direkt am Flughafen von Ibiza mieten, ohne Zwischenh\u00e4ndler, und Ihr Abenteuer kann sofort beginnen. Sehen Sie sich unsere Fahrzeugoptionen an<\/span><a href=\"https:\/\/k10rentacar.com\/\"> <span style=\"font-weight: 400;\">hier<\/span><\/a><span style=\"font-weight: 400;\">.<\/span><\/p>\n<h2 id=\"von-toc-5\"><b>H\u00e4ufig gestellte Fragen, wenn Sie f\u00fcr 3 Tage nach Ibiza reisen:<\/b><\/h2>\n<p><b>Was sollten Sie nicht verpassen?<\/b><\/p>\n<ul>\n<li style=\"font-weight: 400;\" aria-level=\"1\"><span style=\"font-weight: 400;\">Steigen Sie hinauf zur Dalt Vila und sehen Sie sich die Insel von oben an.<\/span><\/li>\n<li style=\"font-weight: 400;\" aria-level=\"1\"><span style=\"font-weight: 400;\">Genie\u00dfen Sie einen Sonnenuntergang in Cala Comte oder Es Vedr\u00e0.<\/span><\/li>\n<li style=\"font-weight: 400;\" aria-level=\"1\"><span style=\"font-weight: 400;\">Essen Sie einen Bullit de Peix in einem lokalen Restaurant.<\/span><\/li>\n<li style=\"font-weight: 400;\" aria-level=\"1\"><span style=\"font-weight: 400;\">Bummeln Sie \u00fcber Stra\u00dfenm\u00e4rkte wie Las Dalias oder Punta Arab\u00ed.<\/span><\/li>\n<\/ul>\n<p><span style=\"font-weight: 400;\">Ibiza ist viel mehr als nur Partys. In nur drei Tagen k\u00f6nnen Sie die authentische Seele der Insel kennenlernen, ihre Gastronomie genie\u00dfen und an einigen der besten Str\u00e4nde des Mittelmeers entspannen.   <\/span><\/p>\n<p><b>Ob im Sommer oder im Winter, mit einem Mietwagen von K10 Mobility k\u00f6nnen Sie die Stadt in Ihrem eigenen Tempo entdecken, ohne zu hetzen und ohne etwas zu verpassen.<\/b><\/p>\n","protected":false},"excerpt":{"rendered":"<p>Dachten Sie, auf Ibiza ginge es nur ums Feiern? Machen Sie sich bereit, eine Insel voller Geschichte, versteckter Buchten, charmanter D\u00f6rfer und unvergesslicher Sonnenunterg\u00e4nge zu entdecken.. Wenn Sie einen Kurzurlaub planen, sollten Sie weiterlesen, denn wir werden Ihnen genau sagen, was Sie in 3 Tagen auf Ibiza sehen k\u00f6nnen, mit Routen, die darauf ausgelegt sind, &#8230; <a title=\"Was Sie auf Ibiza in 3 Tagen sehen sollten\" class=\"read-more\" href=\"https:\/\/blog.k10mobility.com\/de\/was-man-in-3-tagen-auf-ibiza-sehen-kann\/\" aria-label=\"Mehr Informationen \u00fcber Was Sie auf Ibiza in 3 Tagen sehen sollten\">Weiterlesen<\/a><\/p>\n","protected":false},"author":2,"featured_media":12648,"comment_status":"open","ping_status":"closed","sticky":false,"template":"","format":"standard","meta":{"footnotes":""},"categories":[225],"tags":[],"class_list":["post-13702","post","type-post","status-publish","format-standard","has-post-thumbnail","hentry","category-ibiza"],"yoast_head":"<!-- This site is optimized with the Yoast SEO plugin v27.4 - https:\/\/yoast.com\/product\/yoast-seo-wordpress\/ -->\n<title>Was Sie auf Ibiza in 3 Tagen sehen sollten | K10 Mobilit\u00e4t auf Ibiza<\/title>\n<meta name=\"description\" content=\"Entdecken Sie, was Sie auf Ibiza in 3 Tagen sehen k\u00f6nnen, egal ob Sie im Sommer oder im Winter kommen. Unser Team vor Ort verr\u00e4t Ihnen die besten Pl\u00e4ne.\" \/>\n<meta name=\"robots\" content=\"index, follow, max-snippet:-1, max-image-preview:large, max-video-preview:-1\" \/>\n<link rel=\"canonical\" href=\"https:\/\/blog.k10mobility.com\/de\/was-man-in-3-tagen-auf-ibiza-sehen-kann\/\" \/>\n<meta property=\"og:locale\" content=\"de_DE\" \/>\n<meta property=\"og:type\" content=\"article\" \/>\n<meta property=\"og:title\" content=\"Was Sie auf Ibiza in 3 Tagen sehen sollten | K10 Mobilit\u00e4t auf Ibiza\" \/>\n<meta property=\"og:description\" content=\"Entdecken Sie, was Sie auf Ibiza in 3 Tagen sehen k\u00f6nnen, egal ob Sie im Sommer oder im Winter kommen. Unser Team vor Ort verr\u00e4t Ihnen die besten Pl\u00e4ne.\" \/>\n<meta property=\"og:url\" content=\"https:\/\/blog.k10mobility.com\/de\/was-man-in-3-tagen-auf-ibiza-sehen-kann\/\" \/>\n<meta property=\"og:site_name\" content=\"K10 Mobility\" \/>\n<meta property=\"article:publisher\" content=\"https:\/\/www.facebook.com\/k10mobility\/\" \/>\n<meta property=\"article:published_time\" content=\"2025-07-06T12:20:52+00:00\" \/>\n<meta property=\"article:modified_time\" content=\"2026-01-22T11:37:54+00:00\" \/>\n<meta property=\"og:image\" content=\"https:\/\/blog.k10mobility.com\/wp-content\/uploads\/2025\/08\/que-ver-en-ibiza-3-dias.webp\" \/>\n\t<meta property=\"og:image:width\" content=\"800\" \/>\n\t<meta property=\"og:image:height\" content=\"600\" \/>\n\t<meta property=\"og:image:type\" content=\"image\/webp\" \/>\n<meta name=\"author\" content=\"Luis Ram\u00eds\" \/>\n<meta name=\"twitter:card\" content=\"summary_large_image\" \/>\n<meta name=\"twitter:label1\" content=\"Verfasst von\" \/>\n\t<meta name=\"twitter:data1\" content=\"Luis Ram\u00eds\" \/>\n\t<meta name=\"twitter:label2\" content=\"Gesch\u00e4tzte Lesezeit\" \/>\n\t<meta name=\"twitter:data2\" content=\"3\u00a0Minuten\" \/>\n<script type=\"application\/ld+json\" class=\"yoast-schema-graph\">{\"@context\":\"https:\\\/\\\/schema.org\",\"@graph\":[{\"@type\":\"Article\",\"@id\":\"https:\\\/\\\/blog.k10mobility.com\\\/de\\\/was-man-in-3-tagen-auf-ibiza-sehen-kann\\\/#article\",\"isPartOf\":{\"@id\":\"https:\\\/\\\/blog.k10mobility.com\\\/de\\\/was-man-in-3-tagen-auf-ibiza-sehen-kann\\\/\"},\"author\":{\"name\":\"Luis Ram\u00eds\",\"@id\":\"https:\\\/\\\/blog.k10mobility.com\\\/de\\\/#\\\/schema\\\/person\\\/5f18469c790b92d83fdd98422e621da8\"},\"headline\":\"Was Sie auf Ibiza in 3 Tagen sehen sollten\",\"datePublished\":\"2025-07-06T12:20:52+00:00\",\"dateModified\":\"2026-01-22T11:37:54+00:00\",\"mainEntityOfPage\":{\"@id\":\"https:\\\/\\\/blog.k10mobility.com\\\/de\\\/was-man-in-3-tagen-auf-ibiza-sehen-kann\\\/\"},\"wordCount\":627,\"commentCount\":0,\"publisher\":{\"@id\":\"https:\\\/\\\/blog.k10mobility.com\\\/de\\\/#organization\"},\"image\":{\"@id\":\"https:\\\/\\\/blog.k10mobility.com\\\/de\\\/was-man-in-3-tagen-auf-ibiza-sehen-kann\\\/#primaryimage\"},\"thumbnailUrl\":\"https:\\\/\\\/blog.k10mobility.com\\\/wp-content\\\/uploads\\\/2025\\\/08\\\/que-ver-en-ibiza-3-dias.webp\",\"articleSection\":[\"Ibiza\"],\"inLanguage\":\"de\",\"potentialAction\":[{\"@type\":\"CommentAction\",\"name\":\"Comment\",\"target\":[\"https:\\\/\\\/blog.k10mobility.com\\\/de\\\/was-man-in-3-tagen-auf-ibiza-sehen-kann\\\/#respond\"]}]},{\"@type\":\"WebPage\",\"@id\":\"https:\\\/\\\/blog.k10mobility.com\\\/de\\\/was-man-in-3-tagen-auf-ibiza-sehen-kann\\\/\",\"url\":\"https:\\\/\\\/blog.k10mobility.com\\\/de\\\/was-man-in-3-tagen-auf-ibiza-sehen-kann\\\/\",\"name\":\"Was Sie auf Ibiza in 3 Tagen sehen sollten | K10 Mobilit\u00e4t auf Ibiza\",\"isPartOf\":{\"@id\":\"https:\\\/\\\/blog.k10mobility.com\\\/de\\\/#website\"},\"primaryImageOfPage\":{\"@id\":\"https:\\\/\\\/blog.k10mobility.com\\\/de\\\/was-man-in-3-tagen-auf-ibiza-sehen-kann\\\/#primaryimage\"},\"image\":{\"@id\":\"https:\\\/\\\/blog.k10mobility.com\\\/de\\\/was-man-in-3-tagen-auf-ibiza-sehen-kann\\\/#primaryimage\"},\"thumbnailUrl\":\"https:\\\/\\\/blog.k10mobility.com\\\/wp-content\\\/uploads\\\/2025\\\/08\\\/que-ver-en-ibiza-3-dias.webp\",\"datePublished\":\"2025-07-06T12:20:52+00:00\",\"dateModified\":\"2026-01-22T11:37:54+00:00\",\"description\":\"Entdecken Sie, was Sie auf Ibiza in 3 Tagen sehen k\u00f6nnen, egal ob Sie im Sommer oder im Winter kommen. Unser Team vor Ort verr\u00e4t Ihnen die besten Pl\u00e4ne.\",\"breadcrumb\":{\"@id\":\"https:\\\/\\\/blog.k10mobility.com\\\/de\\\/was-man-in-3-tagen-auf-ibiza-sehen-kann\\\/#breadcrumb\"},\"inLanguage\":\"de\",\"potentialAction\":[{\"@type\":\"ReadAction\",\"target\":[\"https:\\\/\\\/blog.k10mobility.com\\\/de\\\/was-man-in-3-tagen-auf-ibiza-sehen-kann\\\/\"]}]},{\"@type\":\"ImageObject\",\"inLanguage\":\"de\",\"@id\":\"https:\\\/\\\/blog.k10mobility.com\\\/de\\\/was-man-in-3-tagen-auf-ibiza-sehen-kann\\\/#primaryimage\",\"url\":\"https:\\\/\\\/blog.k10mobility.com\\\/wp-content\\\/uploads\\\/2025\\\/08\\\/que-ver-en-ibiza-3-dias.webp\",\"contentUrl\":\"https:\\\/\\\/blog.k10mobility.com\\\/wp-content\\\/uploads\\\/2025\\\/08\\\/que-ver-en-ibiza-3-dias.webp\",\"width\":800,\"height\":600,\"caption\":\"Was Sie auf Ibiza in 3 Tagen sehen sollten\"},{\"@type\":\"BreadcrumbList\",\"@id\":\"https:\\\/\\\/blog.k10mobility.com\\\/de\\\/was-man-in-3-tagen-auf-ibiza-sehen-kann\\\/#breadcrumb\",\"itemListElement\":[{\"@type\":\"ListItem\",\"position\":1,\"name\":\"K10 Mobility\",\"item\":\"https:\\\/\\\/blog.k10mobility.com\\\/de\\\/\"},{\"@type\":\"ListItem\",\"position\":2,\"name\":\"Was Sie auf Ibiza in 3 Tagen sehen sollten\"}]},{\"@type\":\"WebSite\",\"@id\":\"https:\\\/\\\/blog.k10mobility.com\\\/de\\\/#website\",\"url\":\"https:\\\/\\\/blog.k10mobility.com\\\/de\\\/\",\"name\":\"K10 Mobility\",\"description\":\"Rent a car en Ibiza y Mallorca\",\"publisher\":{\"@id\":\"https:\\\/\\\/blog.k10mobility.com\\\/de\\\/#organization\"},\"alternateName\":\"K10 Rent a car\",\"potentialAction\":[{\"@type\":\"SearchAction\",\"target\":{\"@type\":\"EntryPoint\",\"urlTemplate\":\"https:\\\/\\\/blog.k10mobility.com\\\/de\\\/?s={search_term_string}\"},\"query-input\":{\"@type\":\"PropertyValueSpecification\",\"valueRequired\":true,\"valueName\":\"search_term_string\"}}],\"inLanguage\":\"de\"},{\"@type\":\"Organization\",\"@id\":\"https:\\\/\\\/blog.k10mobility.com\\\/de\\\/#organization\",\"name\":\"K10 Mobility\",\"alternateName\":\"K10 Mobility rent a car en Ibiza y Mallorca\",\"url\":\"https:\\\/\\\/blog.k10mobility.com\\\/de\\\/\",\"logo\":{\"@type\":\"ImageObject\",\"inLanguage\":\"de\",\"@id\":\"https:\\\/\\\/blog.k10mobility.com\\\/de\\\/#\\\/schema\\\/logo\\\/image\\\/\",\"url\":\"https:\\\/\\\/blog.k10mobility.com\\\/wp-content\\\/uploads\\\/2025\\\/11\\\/cropped-Logo-K10-color-apaisado.png\",\"contentUrl\":\"https:\\\/\\\/blog.k10mobility.com\\\/wp-content\\\/uploads\\\/2025\\\/11\\\/cropped-Logo-K10-color-apaisado.png\",\"width\":665,\"height\":105,\"caption\":\"K10 Mobility\"},\"image\":{\"@id\":\"https:\\\/\\\/blog.k10mobility.com\\\/de\\\/#\\\/schema\\\/logo\\\/image\\\/\"},\"sameAs\":[\"https:\\\/\\\/www.facebook.com\\\/k10mobility\\\/\",\"https:\\\/\\\/www.instagram.com\\\/k10mobility\\\/\"]},{\"@type\":\"Person\",\"@id\":\"https:\\\/\\\/blog.k10mobility.com\\\/de\\\/#\\\/schema\\\/person\\\/5f18469c790b92d83fdd98422e621da8\",\"name\":\"Luis Ram\u00eds\",\"image\":{\"@type\":\"ImageObject\",\"inLanguage\":\"de\",\"@id\":\"https:\\\/\\\/secure.gravatar.com\\\/avatar\\\/30162c41d6f584ef954ac19546d34176104f5a2b363cc65fe6c8b9dc6c1ed9ac?s=96&d=mm&r=g\",\"url\":\"https:\\\/\\\/secure.gravatar.com\\\/avatar\\\/30162c41d6f584ef954ac19546d34176104f5a2b363cc65fe6c8b9dc6c1ed9ac?s=96&d=mm&r=g\",\"contentUrl\":\"https:\\\/\\\/secure.gravatar.com\\\/avatar\\\/30162c41d6f584ef954ac19546d34176104f5a2b363cc65fe6c8b9dc6c1ed9ac?s=96&d=mm&r=g\",\"caption\":\"Luis Ram\u00eds\"},\"url\":\"https:\\\/\\\/blog.k10mobility.com\\\/de\\\/author\\\/luisr4m1s_k10\\\/\"}]}<\/script>\n<!-- \/ Yoast SEO plugin. -->","yoast_head_json":{"title":"Was Sie auf Ibiza in 3 Tagen sehen sollten | K10 Mobilit\u00e4t auf Ibiza","description":"Entdecken Sie, was Sie auf Ibiza in 3 Tagen sehen k\u00f6nnen, egal ob Sie im Sommer oder im Winter kommen. Unser Team vor Ort verr\u00e4t Ihnen die besten Pl\u00e4ne.","robots":{"index":"index","follow":"follow","max-snippet":"max-snippet:-1","max-image-preview":"max-image-preview:large","max-video-preview":"max-video-preview:-1"},"canonical":"https:\/\/blog.k10mobility.com\/de\/was-man-in-3-tagen-auf-ibiza-sehen-kann\/","og_locale":"de_DE","og_type":"article","og_title":"Was Sie auf Ibiza in 3 Tagen sehen sollten | K10 Mobilit\u00e4t auf Ibiza","og_description":"Entdecken Sie, was Sie auf Ibiza in 3 Tagen sehen k\u00f6nnen, egal ob Sie im Sommer oder im Winter kommen. Unser Team vor Ort verr\u00e4t Ihnen die besten Pl\u00e4ne.","og_url":"https:\/\/blog.k10mobility.com\/de\/was-man-in-3-tagen-auf-ibiza-sehen-kann\/","og_site_name":"K10 Mobility","article_publisher":"https:\/\/www.facebook.com\/k10mobility\/","article_published_time":"2025-07-06T12:20:52+00:00","article_modified_time":"2026-01-22T11:37:54+00:00","og_image":[{"width":800,"height":600,"url":"https:\/\/blog.k10mobility.com\/wp-content\/uploads\/2025\/08\/que-ver-en-ibiza-3-dias.webp","type":"image\/webp"}],"author":"Luis Ram\u00eds","twitter_card":"summary_large_image","twitter_misc":{"Verfasst von":"Luis Ram\u00eds","Gesch\u00e4tzte Lesezeit":"3\u00a0Minuten"},"schema":{"@context":"https:\/\/schema.org","@graph":[{"@type":"Article","@id":"https:\/\/blog.k10mobility.com\/de\/was-man-in-3-tagen-auf-ibiza-sehen-kann\/#article","isPartOf":{"@id":"https:\/\/blog.k10mobility.com\/de\/was-man-in-3-tagen-auf-ibiza-sehen-kann\/"},"author":{"name":"Luis Ram\u00eds","@id":"https:\/\/blog.k10mobility.com\/de\/#\/schema\/person\/5f18469c790b92d83fdd98422e621da8"},"headline":"Was Sie auf Ibiza in 3 Tagen sehen sollten","datePublished":"2025-07-06T12:20:52+00:00","dateModified":"2026-01-22T11:37:54+00:00","mainEntityOfPage":{"@id":"https:\/\/blog.k10mobility.com\/de\/was-man-in-3-tagen-auf-ibiza-sehen-kann\/"},"wordCount":627,"commentCount":0,"publisher":{"@id":"https:\/\/blog.k10mobility.com\/de\/#organization"},"image":{"@id":"https:\/\/blog.k10mobility.com\/de\/was-man-in-3-tagen-auf-ibiza-sehen-kann\/#primaryimage"},"thumbnailUrl":"https:\/\/blog.k10mobility.com\/wp-content\/uploads\/2025\/08\/que-ver-en-ibiza-3-dias.webp","articleSection":["Ibiza"],"inLanguage":"de","potentialAction":[{"@type":"CommentAction","name":"Comment","target":["https:\/\/blog.k10mobility.com\/de\/was-man-in-3-tagen-auf-ibiza-sehen-kann\/#respond"]}]},{"@type":"WebPage","@id":"https:\/\/blog.k10mobility.com\/de\/was-man-in-3-tagen-auf-ibiza-sehen-kann\/","url":"https:\/\/blog.k10mobility.com\/de\/was-man-in-3-tagen-auf-ibiza-sehen-kann\/","name":"Was Sie auf Ibiza in 3 Tagen sehen sollten | K10 Mobilit\u00e4t auf Ibiza","isPartOf":{"@id":"https:\/\/blog.k10mobility.com\/de\/#website"},"primaryImageOfPage":{"@id":"https:\/\/blog.k10mobility.com\/de\/was-man-in-3-tagen-auf-ibiza-sehen-kann\/#primaryimage"},"image":{"@id":"https:\/\/blog.k10mobility.com\/de\/was-man-in-3-tagen-auf-ibiza-sehen-kann\/#primaryimage"},"thumbnailUrl":"https:\/\/blog.k10mobility.com\/wp-content\/uploads\/2025\/08\/que-ver-en-ibiza-3-dias.webp","datePublished":"2025-07-06T12:20:52+00:00","dateModified":"2026-01-22T11:37:54+00:00","description":"Entdecken Sie, was Sie auf Ibiza in 3 Tagen sehen k\u00f6nnen, egal ob Sie im Sommer oder im Winter kommen. Unser Team vor Ort verr\u00e4t Ihnen die besten Pl\u00e4ne.","breadcrumb":{"@id":"https:\/\/blog.k10mobility.com\/de\/was-man-in-3-tagen-auf-ibiza-sehen-kann\/#breadcrumb"},"inLanguage":"de","potentialAction":[{"@type":"ReadAction","target":["https:\/\/blog.k10mobility.com\/de\/was-man-in-3-tagen-auf-ibiza-sehen-kann\/"]}]},{"@type":"ImageObject","inLanguage":"de","@id":"https:\/\/blog.k10mobility.com\/de\/was-man-in-3-tagen-auf-ibiza-sehen-kann\/#primaryimage","url":"https:\/\/blog.k10mobility.com\/wp-content\/uploads\/2025\/08\/que-ver-en-ibiza-3-dias.webp","contentUrl":"https:\/\/blog.k10mobility.com\/wp-content\/uploads\/2025\/08\/que-ver-en-ibiza-3-dias.webp","width":800,"height":600,"caption":"Was Sie auf Ibiza in 3 Tagen sehen sollten"},{"@type":"BreadcrumbList","@id":"https:\/\/blog.k10mobility.com\/de\/was-man-in-3-tagen-auf-ibiza-sehen-kann\/#breadcrumb","itemListElement":[{"@type":"ListItem","position":1,"name":"K10 Mobility","item":"https:\/\/blog.k10mobility.com\/de\/"},{"@type":"ListItem","position":2,"name":"Was Sie auf Ibiza in 3 Tagen sehen sollten"}]},{"@type":"WebSite","@id":"https:\/\/blog.k10mobility.com\/de\/#website","url":"https:\/\/blog.k10mobility.com\/de\/","name":"K10 Mobility","description":"Rent a car en Ibiza y Mallorca","publisher":{"@id":"https:\/\/blog.k10mobility.com\/de\/#organization"},"alternateName":"K10 Rent a car","potentialAction":[{"@type":"SearchAction","target":{"@type":"EntryPoint","urlTemplate":"https:\/\/blog.k10mobility.com\/de\/?s={search_term_string}"},"query-input":{"@type":"PropertyValueSpecification","valueRequired":true,"valueName":"search_term_string"}}],"inLanguage":"de"},{"@type":"Organization","@id":"https:\/\/blog.k10mobility.com\/de\/#organization","name":"K10 Mobility","alternateName":"K10 Mobility rent a car en Ibiza y Mallorca","url":"https:\/\/blog.k10mobility.com\/de\/","logo":{"@type":"ImageObject","inLanguage":"de","@id":"https:\/\/blog.k10mobility.com\/de\/#\/schema\/logo\/image\/","url":"https:\/\/blog.k10mobility.com\/wp-content\/uploads\/2025\/11\/cropped-Logo-K10-color-apaisado.png","contentUrl":"https:\/\/blog.k10mobility.com\/wp-content\/uploads\/2025\/11\/cropped-Logo-K10-color-apaisado.png","width":665,"height":105,"caption":"K10 Mobility"},"image":{"@id":"https:\/\/blog.k10mobility.com\/de\/#\/schema\/logo\/image\/"},"sameAs":["https:\/\/www.facebook.com\/k10mobility\/","https:\/\/www.instagram.com\/k10mobility\/"]},{"@type":"Person","@id":"https:\/\/blog.k10mobility.com\/de\/#\/schema\/person\/5f18469c790b92d83fdd98422e621da8","name":"Luis Ram\u00eds","image":{"@type":"ImageObject","inLanguage":"de","@id":"https:\/\/secure.gravatar.com\/avatar\/30162c41d6f584ef954ac19546d34176104f5a2b363cc65fe6c8b9dc6c1ed9ac?s=96&d=mm&r=g","url":"https:\/\/secure.gravatar.com\/avatar\/30162c41d6f584ef954ac19546d34176104f5a2b363cc65fe6c8b9dc6c1ed9ac?s=96&d=mm&r=g","contentUrl":"https:\/\/secure.gravatar.com\/avatar\/30162c41d6f584ef954ac19546d34176104f5a2b363cc65fe6c8b9dc6c1ed9ac?s=96&d=mm&r=g","caption":"Luis Ram\u00eds"},"url":"https:\/\/blog.k10mobility.com\/de\/author\/luisr4m1s_k10\/"}]}},"_links":{"self":[{"href":"https:\/\/blog.k10mobility.com\/de\/wp-json\/wp\/v2\/posts\/13702","targetHints":{"allow":["GET"]}}],"collection":[{"href":"https:\/\/blog.k10mobility.com\/de\/wp-json\/wp\/v2\/posts"}],"about":[{"href":"https:\/\/blog.k10mobility.com\/de\/wp-json\/wp\/v2\/types\/post"}],"author":[{"embeddable":true,"href":"https:\/\/blog.k10mobility.com\/de\/wp-json\/wp\/v2\/users\/2"}],"replies":[{"embeddable":true,"href":"https:\/\/blog.k10mobility.com\/de\/wp-json\/wp\/v2\/comments?post=13702"}],"version-history":[{"count":2,"href":"https:\/\/blog.k10mobility.com\/de\/wp-json\/wp\/v2\/posts\/13702\/revisions"}],"predecessor-version":[{"id":13905,"href":"https:\/\/blog.k10mobility.com\/de\/wp-json\/wp\/v2\/posts\/13702\/revisions\/13905"}],"wp:featuredmedia":[{"embeddable":true,"href":"https:\/\/blog.k10mobility.com\/de\/wp-json\/wp\/v2\/media\/12648"}],"wp:attachment":[{"href":"https:\/\/blog.k10mobility.com\/de\/wp-json\/wp\/v2\/media?parent=13702"}],"wp:term":[{"taxonomy":"category","embeddable":true,"href":"https:\/\/blog.k10mobility.com\/de\/wp-json\/wp\/v2\/categories?post=13702"},{"taxonomy":"post_tag","embeddable":true,"href":"https:\/\/blog.k10mobility.com\/de\/wp-json\/wp\/v2\/tags?post=13702"}],"curies":[{"name":"wp","href":"https:\/\/api.w.org\/{rel}","templated":true}]}}