{"id":13735,"date":"2026-03-30T09:37:11","date_gmt":"2026-03-30T09:37:11","guid":{"rendered":"https:\/\/blog.k10mobility.com\/buchten-die-man-auf-mallorca-nicht-verpassen-darf\/"},"modified":"2026-04-09T11:28:21","modified_gmt":"2026-04-09T11:28:21","slug":"buchten-die-man-auf-mallorca-nicht-verpassen-darf","status":"publish","type":"post","link":"https:\/\/blog.k10mobility.com\/de\/buchten-die-man-auf-mallorca-nicht-verpassen-darf\/","title":{"rendered":"Entdecken Sie Mallorcas eindrucksvollste Buchten: Definitiver Reisef\u00fchrer 2026"},"content":{"rendered":"&#13;\n<p>Es gibt eine Frage, die sich jeder Reisende stellt, bevor er auf die Insel kommt:<span style=\"font-weight: 400;\"><br\/><\/span><strong>Welches ist die sch\u00f6nste Bucht auf Mallorca?<\/strong><\/p>&#13;\n<p>Die kurze Antwort lautet: Es kommt darauf an.<br\/>Die lange Antwort&#8230; Sie haben sie hier.<\/p>&#13;\n<p>Wenn Sie auf der Suche nach aktuellen Informationen \u00fcber die <strong>Buchten Mallorcas<\/strong> sind, welche die spektakul\u00e4rsten sind, welche <strong>Buchten auf Mallorca<\/strong> mit dem Bus erreicht werden k\u00f6nnen und was man in den einzelnen Buchten unternehmen kann, dann ist dieser Reisef\u00fchrer genau das Richtige f\u00fcr Sie.<\/p>&#13;\n<p>Machen Sie sich bereit, denn Mallorca hat mehr als nur Str\u00e4nde zu bieten. Es hat echte versteckte Paradiese. <\/p>&#13;\n<h2 id=\"von-toc-1\">Welche sind die besten Buchten auf Mallorca? Unsere Auswahl.<\/h2>&#13;\n<p>Wenn jemand nach <strong>den besten Buchten Mallorcas<\/strong> sucht, stehen diese immer auf der Liste:<\/p>&#13;\n<h3 id=\"von-toc-2\">Cal\u00f3 des Moro<\/h3>&#13;\n<p>Klein, wild und mit t\u00fcrkisfarbenem Wasser. Er ist einer der meistfotografierten. <\/p>&#13;\n<h3 id=\"von-toc-3\">Cala Mondrag\u00f3<\/h3>&#13;\n<p>Gelegen in einem Naturpark. Perfekt, um Natur und Strand zu kombinieren. <\/p>&#13;\n<h3 id=\"von-toc-4\">Cala Varques<\/h3>&#13;\n<p>Unber\u00fchrter und ruhiger. Ideal, wenn Sie auf der Suche nach weniger Menschen sind. <\/p>&#13;\n<h3 id=\"von-toc-5\">Cala Agulla<\/h3>&#13;\n<p>Ger\u00e4umig, komfortabel und mit Service. Eine sehr gute Wahl, wenn Sie mit Ihrer Familie reisen. <\/p>&#13;\n<p>Wenn Sie sich fragen, <strong>welche die beste Bucht Mallorcas ist<\/strong>, dann ist es in Wirklichkeit so, dass jede Bucht etwas anderes zu bieten hat: einige sind besser zug\u00e4nglich, andere wilder.<\/p>&#13;\n<h3 id=\"von-toc-6\">La cala m\u00e1s bonita de Mallorca: \u00bfCu\u00e1l es la candidata?<\/h3>&#13;\n<p>Die meisten Reisenden sind sich einig, dass <strong>Cal\u00f3 des Moro<\/strong> den Titel f\u00fcr sich beansprucht, wenn jemand fragt <strong>, welche die sch\u00f6nste Bucht Mallorcas ist.<\/strong><\/p>&#13;\n<p>Aber sie konkurrieren auch stark miteinander:<\/p>&#13;\n<ul>&#13;\n<li aria-level=\"1\">Cala Mitjana<\/li>&#13;\n<li aria-level=\"1\">Cala Tuent<\/li>&#13;\n<li aria-level=\"1\">Cala Dei\u00e0<\/li>&#13;\n<\/ul>&#13;\n<p>Sch\u00f6nheit h\u00e4ngt davon ab, wonach Sie suchen:<\/p>&#13;\n<ul>&#13;\n<li aria-level=\"1\">\u00bfArena fina y agua cristalina?<\/li>&#13;\n<li aria-level=\"1\">\u00bfRocas y entorno salvaje?<\/li>&#13;\n<li aria-level=\"1\">\u00bfAcceso f\u00e1cil o aventura?<\/li>&#13;\n<\/ul>&#13;\n<p>Auf Mallorca hat jede Bucht ihre eigene Pers\u00f6nlichkeit.<\/p>&#13;\n<h3 id=\"von-toc-7\">Explora las calas de Mallorca a las que puedes llegar en bus<\/h3>&#13;\n<p>Nicht f\u00fcr alle <strong>Cales auf Mallorca<\/strong> ben\u00f6tigen Sie ein Auto.<\/p>&#13;\n<p>Wenn Sie sich fragen, <strong>welche Buchten auf Mallorca mit dem Bus zu erreichen sind<\/strong>, dann gibt es einige Optionen mit Anbindung an \u00f6ffentliche Verkehrsmittel:<\/p>&#13;\n<ul>&#13;\n<li aria-level=\"1\">&#13;\n<h3 id=\"von-toc-8\">Cala Agulla<\/h3>&#13;\n<\/li><\/ul><div class=\"wp-block-image\">&#13;\n<figure class=\"alignleft size-full\"><img fetchpriority=\"high\" decoding=\"async\" width=\"800\" height=\"450\" class=\"wp-image-4968\" src=\"https:\/\/blog.k10mobility.com\/wp-content\/uploads\/2022\/11\/cala-agulla-mallorca.jpg\" alt=\"besuchen sie cala agulla auf mallorca\" srcset=\"https:\/\/blog.k10mobility.com\/wp-content\/uploads\/2022\/11\/cala-agulla-mallorca.jpg 800w, https:\/\/blog.k10mobility.com\/wp-content\/uploads\/2022\/11\/cala-agulla-mallorca-300x169.jpg 300w, https:\/\/blog.k10mobility.com\/wp-content\/uploads\/2022\/11\/cala-agulla-mallorca-768x432.jpg 768w\" sizes=\"(max-width: 800px) 100vw, 800px\" \/><\/figure>&#13;\n<\/div>\r\n<div class=\"wp-block-spacer\" style=\"height: 40px;\" aria-hidden=\"true\">\u00a0<\/div>\r\n&#13;\n<p>\ud83d\udccd <a href=\"https:\/\/goo.gl\/maps\/hofWxE4UkifK7cfX7\" target=\"_blank\" rel=\"noreferrer noopener\">Finden Sie heraus, wie Sie nach Cala Agulla kommen<\/a><\/p>&#13;\n&#13;\n<p>Sie liegt ganz in der N\u00e4he des touristischen Zentrums von Cala Ratjada, am \u00f6stlichsten Ende der Insel Mallorca. Er zeichnet sich durch das t\u00fcrkisfarbene Wasser und die sch\u00f6nen Pinienw\u00e4lder und Berge aus, die ihn umgeben. <\/p>&#13;\n&#13;\n<p>Im Sommer wird er zu <strong>einem der beliebtesten Str\u00e4nde f\u00fcr junge Leute<\/strong> als Ausgangspunkt oder als Mittelpunkt f\u00fcr Partys. Wegen seines gro\u00dfen nat\u00fcrlichen Reichtums und seiner Sch\u00f6nheit wurde er zu einem <strong>Naturgebiet von besonderem Interesse<\/strong> und zu einem <strong>Ort von gemeinschaftlichem Interesse<\/strong> erkl\u00e4rt.<\/p>&#13;\n&#13;\n<h3 class=\"wp-block-heading\" id=\"von-toc-9\">\u00a0<\/h3>&#13;\n&#13;\n&#13;\n<p>\u00a0<\/p>&#13;\n<ul>&#13;\n<li aria-level=\"1\">&#13;\n<h3 id=\"von-toc-10\">S&#8217;Amarador Bucht<\/h3>&#13;\n<\/li><\/ul><div class=\"wp-block-image\">&#13;\n<figure class=\"alignleft size-full\"><img decoding=\"async\" width=\"800\" height=\"450\" class=\"wp-image-4966\" src=\"https:\/\/blog.k10mobility.com\/wp-content\/uploads\/2022\/11\/cala-samarador-mallorca.jpg\" alt=\"Besuchen Sie Cala S'Amarador auf Mallorca\" srcset=\"https:\/\/blog.k10mobility.com\/wp-content\/uploads\/2022\/11\/cala-samarador-mallorca.jpg 800w, https:\/\/blog.k10mobility.com\/wp-content\/uploads\/2022\/11\/cala-samarador-mallorca-300x169.jpg 300w, https:\/\/blog.k10mobility.com\/wp-content\/uploads\/2022\/11\/cala-samarador-mallorca-768x432.jpg 768w\" sizes=\"(max-width: 800px) 100vw, 800px\" \/><\/figure>&#13;\n<\/div>\r\n<div class=\"wp-block-spacer\" style=\"height: 40px;\" aria-hidden=\"true\">\u00a0<\/div>\r\n&#13;\n<p>\ud83d\udccd <a href=\"https:\/\/goo.gl\/maps\/HSyKJr2oStwSxZ9f8\" target=\"_blank\" rel=\"noreferrer noopener\">Finden Sie heraus, wie Sie nach Cala S&#8217;Amarador kommen<\/a><\/p>&#13;\n&#13;\n<p>Es handelt sich um <strong>eine der beliebtesten Buchten f\u00fcr Familienvergn\u00fcgen<\/strong>. Sie befindet sich im <strong>Naturpark Mondrag\u00f3<\/strong>, im s\u00fcdlichen Teil der Insel. Es handelt sich um ein Naturgebiet von gro\u00dfer Sch\u00f6nheit mit einem ausgedehnten Pinienwald, der einen beeindruckenden Strand mit feinem Sand umgibt. Zu seinen Besonderheiten geh\u00f6rt der progressive Wassereinlass, der ihn zu einem sicheren Strand f\u00fcr Kinder macht.   <\/p>&#13;\n&#13;\n<li aria-level=\"1\">&#13;\n<h3 id=\"von-toc-11\">Cala Millor<\/h3>&#13;\n<\/li><div class=\"wp-block-image\">&#13;\n<figure class=\"alignleft size-full\"><img decoding=\"async\" width=\"800\" height=\"450\" class=\"wp-image-4972\" src=\"https:\/\/blog.k10mobility.com\/wp-content\/uploads\/2022\/11\/cala-millor-en-mallorca.jpg\" alt=\"besuchen sie cala millor auf mallorca\" srcset=\"https:\/\/blog.k10mobility.com\/wp-content\/uploads\/2022\/11\/cala-millor-en-mallorca.jpg 800w, https:\/\/blog.k10mobility.com\/wp-content\/uploads\/2022\/11\/cala-millor-en-mallorca-300x169.jpg 300w, https:\/\/blog.k10mobility.com\/wp-content\/uploads\/2022\/11\/cala-millor-en-mallorca-768x432.jpg 768w\" sizes=\"(max-width: 800px) 100vw, 800px\" \/><\/figure>&#13;\n<\/div>\r\n<div class=\"wp-block-spacer\" style=\"height: 40px;\" aria-hidden=\"true\">\u00a0<\/div>\r\n&#13;\n<p>\ud83d\udccd <a href=\"https:\/\/goo.gl\/maps\/nxV5tKuHz9zE46pT9\" target=\"_blank\" rel=\"noreferrer noopener\">Finden Sie heraus, wie Sie nach Cala Millor kommen<\/a><\/p>&#13;\n&#13;\n<p>Cala Millor ist ein Strand, der Teil eines K\u00fcstenkomplexes an der Ostk\u00fcste der Insel ist. Er ist 1,8 km lang und 35 m breit. Er ist ein wahres <strong>Paradies mit kristallklarem Wasser<\/strong> und feinem Sand, wo Sie alle Dienstleistungen und Einrichtungen einer mit einer Strandflagge ausgezeichneten Strand-Enklave genie\u00dfen k\u00f6nnen. Da er flach ist, ist er ideal f\u00fcr Familien und Behinderte.   <\/p>&#13;\n&#13;\n<p>In Cala Millor k\u00f6nnen Sie auch <strong>Wassersportarten<\/strong> wie <em>Surfen<\/em>, Kajakfahren oder <em>Windsurfen<\/em> betreiben. Sie k\u00f6nnen auch an der K\u00fcste entlang wandern oder die Weinregion in Felanitx besuchen. <\/p>&#13;\n&#13;\n<li aria-level=\"1\">Playa de Formentor (seg\u00fan temporada)<\/li>&#13;\n&#13;\n<p>Allerdings k\u00f6nnen die \u00d6ffnungszeiten begrenzt sein, besonders in der Nebensaison. Au\u00dferdem sind viele versteckte Buchten nicht direkt mit \u00f6ffentlichen Verkehrsmitteln erreichbar. <\/p>&#13;\n<p>Es ist daher wichtig, die Route gut zu planen.<\/p>&#13;\n<h2 id=\"von-toc-12\">Planen Sie Ihren Besuch: Dinge, die man in Calas de Mallorca tun kann<\/h2>&#13;\n<p>An den Strand zu gehen bedeutet nicht nur, in der Sonne zu liegen. Wenn Sie auf der Suche nach Ideen sind, <strong>was Sie auf Mallorca unternehmen k\u00f6nnen<\/strong>, finden Sie hier einige Vorschl\u00e4ge: <\/p>&#13;\n<ul>&#13;\n<li aria-level=\"1\">Snorkel en aguas transparentes.<\/li>&#13;\n<li aria-level=\"1\">Paseos por senderos cercanos.<\/li>&#13;\n<li aria-level=\"1\">Miradores para ver el atardecer.<\/li>&#13;\n<li aria-level=\"1\">Fotograf\u00eda de paisajes.<\/li>&#13;\n<li aria-level=\"1\">Picnic junto al mar.<\/li>&#13;\n<\/ul>&#13;\n<p>Einige Buchten haben Strandbars oder Restaurants in der N\u00e4he. Andere sind v\u00f6llig unber\u00fchrt, so dass es ratsam ist, Wasser und Essen mitzubringen. <\/p>&#13;\n<h3 id=\"von-toc-13\">Conoce Can Gusti calas de Mallorca<\/h3>&#13;\n<p>Viele Reisende suchen Informationen \u00fcber Can Gusti Calas de Mallorca, da es eine bekannte Referenz in der Gegend von Santany\u00ed ist, um die nat\u00fcrliche Umgebung und die Gastronomie in der N\u00e4he von mehreren Buchten im S\u00fcdosten zu genie\u00dfen.<\/p>&#13;\n<p>Es ist ein gutes Beispiel daf\u00fcr, wie man Strand, l\u00e4ndliche Umgebung und lokale Erfahrungen an einem Tag kombinieren kann.<\/p>&#13;\n<h2 id=\"von-toc-14\">Bewegung ohne Grenzen: die beste Art, die Buchten von Mallorca zu erkunden<\/h2>&#13;\n<p>Mallorca ist gro\u00df. Und viele der beeindruckendsten Buchten Mallorcas liegen nicht direkt neben Ihrem Hotel. <\/p>&#13;\n<p>Um mehrere an einem einzigen Tag abzudecken, brauchen Sie Bewegungsfreiheit.<\/p>&#13;\n<p>Die Fortbewegung mit dem Auto erm\u00f6glicht es Ihnen:<\/p>&#13;\n<ul>&#13;\n<li aria-level=\"1\">Llegar temprano y evitar aglomeraciones.<\/li>&#13;\n<li aria-level=\"1\">Cambiar de cala seg\u00fan el viento.<\/li>&#13;\n<li aria-level=\"1\">Descubrir rincones poco conocidos.<\/li>&#13;\n<li aria-level=\"1\">Visitar pueblos cercanos despu\u00e9s de la playa.<\/li>&#13;\n<\/ul>&#13;\n<p>\u00dcber die offizielle Website von K10 Mobility k\u00f6nnen Sie Ihren <a href=\"https:\/\/k10mobility.com\/es\/alquiler-coche-mallorca\/\" target=\"_blank\" rel=\"noopener\">Mietwagen auf Mallorca<\/a> direkt und einfach organisieren, ohne Zwischenh\u00e4ndler.<\/p>&#13;\n<p>Auf diese Weise k\u00f6nnen Sie Ihre eigene Route durch die spektakul\u00e4rsten Buchten Mallorcas gestalten.<\/p>&#13;\n<h2 id=\"von-toc-15\">Was ist Ihre ideale Bucht?<\/h2>&#13;\n<p><span style=\"font-weight: 400;\">Jetzt wissen Sie es:<\/span><\/p>&#13;\n<ul>&#13;\n<li style=\"font-weight: 400;\" aria-level=\"1\"><span style=\"font-weight: 400;\">Las <\/span>mejores calas de Mallorca<span style=\"font-weight: 400;\">.<\/span><\/li>&#13;\n<li style=\"font-weight: 400;\" aria-level=\"1\"><span style=\"font-weight: 400;\">Opciones accesibles en bus.<\/span><\/li>&#13;\n<li style=\"font-weight: 400;\" aria-level=\"1\"><span style=\"font-weight: 400;\">Qu\u00e9 hacer en cada una.<\/span><\/li>&#13;\n<li style=\"font-weight: 400;\" aria-level=\"1\"><span style=\"font-weight: 400;\">C\u00f3mo planificar tu visita.<\/span><\/li>&#13;\n<\/ul>&#13;\n<p><span style=\"font-weight: 400;\">Wenn Sie das n\u00e4chste Mal jemand fragt, <\/span>was Sie auf Mallorca sehen sollten<span style=\"font-weight: 400;\">, wissen Sie, dass die Antwort mit den Buchten beginnt.<\/span><\/p>&#13;\n<p><span style=\"font-weight: 400;\">Denn auf Mallorca geht es nicht nur darum, an den Strand zu gehen.<\/span><span style=\"font-weight: 400;\"><br\/><\/span><span style=\"font-weight: 400;\">Es geht darum, kleine Paradiese zu entdecken, die zwischen Klippen und t\u00fcrkisfarbenem Wasser versteckt sind.<\/span><\/p>&#13;\n<p><span style=\"font-weight: 400;\">Und dass man es nur versteht, wenn man es lebt.<\/span><\/p>&#13;\n","protected":false},"excerpt":{"rendered":"<p>&#13; Es gibt eine Frage, die sich jeder Reisende stellt, bevor er auf die Insel kommt:Welches ist die sch\u00f6nste Bucht auf Mallorca? &#13; Die kurze Antwort lautet: Es kommt darauf an.Die lange Antwort&#8230; Sie haben sie hier. &#13; Wenn Sie auf der Suche nach aktuellen Informationen \u00fcber die Buchten Mallorcas sind, welche die spektakul\u00e4rsten sind, &#8230; <a title=\"Entdecken Sie Mallorcas eindrucksvollste Buchten: Definitiver Reisef\u00fchrer 2026\" class=\"read-more\" href=\"https:\/\/blog.k10mobility.com\/de\/buchten-die-man-auf-mallorca-nicht-verpassen-darf\/\" aria-label=\"Mehr Informationen \u00fcber Entdecken Sie Mallorcas eindrucksvollste Buchten: Definitiver Reisef\u00fchrer 2026\">Weiterlesen<\/a><\/p>\n","protected":false},"author":1,"featured_media":13737,"comment_status":"closed","ping_status":"closed","sticky":false,"template":"","format":"standard","meta":{"footnotes":""},"categories":[233],"tags":[],"class_list":["post-13735","post","type-post","status-publish","format-standard","has-post-thumbnail","hentry","category-mallorca"],"yoast_head":"<!-- This site is optimized with the Yoast SEO plugin v27.4 - https:\/\/yoast.com\/product\/yoast-seo-wordpress\/ -->\n<title>Die besten Buchten auf Mallorca (und die sch\u00f6nsten) | K10 Mobility\u00ae.<\/title>\n<meta name=\"description\" content=\"Entdecken Sie die sch\u00f6nsten Buchten auf Mallorca, die Sie nicht verpassen d\u00fcrfen, wenn Sie auf der Insel sind \u27a4 Alle Informationen hier.\" \/>\n<meta name=\"robots\" content=\"index, follow, max-snippet:-1, max-image-preview:large, max-video-preview:-1\" \/>\n<link rel=\"canonical\" href=\"https:\/\/blog.k10mobility.com\/de\/buchten-die-man-auf-mallorca-nicht-verpassen-darf\/\" \/>\n<meta property=\"og:locale\" content=\"de_DE\" \/>\n<meta property=\"og:type\" content=\"article\" \/>\n<meta property=\"og:title\" content=\"Die besten Buchten auf Mallorca (und die sch\u00f6nsten) | K10 Mobility\u00ae.\" \/>\n<meta property=\"og:description\" content=\"Entdecken Sie die sch\u00f6nsten Buchten auf Mallorca, die Sie nicht verpassen d\u00fcrfen, wenn Sie auf der Insel sind \u27a4 Alle Informationen hier.\" \/>\n<meta property=\"og:url\" content=\"https:\/\/blog.k10mobility.com\/de\/buchten-die-man-auf-mallorca-nicht-verpassen-darf\/\" \/>\n<meta property=\"og:site_name\" content=\"K10 Mobility\" \/>\n<meta property=\"article:publisher\" content=\"https:\/\/www.facebook.com\/k10mobility\/\" \/>\n<meta property=\"article:published_time\" content=\"2026-03-30T09:37:11+00:00\" \/>\n<meta property=\"article:modified_time\" content=\"2026-04-09T11:28:21+00:00\" \/>\n<meta property=\"og:image\" content=\"https:\/\/blog.k10mobility.com\/wp-content\/uploads\/2022\/11\/calas-de-mallorca.jpg\" \/>\n\t<meta property=\"og:image:width\" content=\"1000\" \/>\n\t<meta property=\"og:image:height\" content=\"562\" \/>\n\t<meta property=\"og:image:type\" content=\"image\/jpeg\" \/>\n<meta name=\"author\" content=\"K10\" \/>\n<meta name=\"twitter:card\" content=\"summary_large_image\" \/>\n<meta name=\"twitter:label1\" content=\"Verfasst von\" \/>\n\t<meta name=\"twitter:data1\" content=\"K10\" \/>\n\t<meta name=\"twitter:label2\" content=\"Gesch\u00e4tzte Lesezeit\" \/>\n\t<meta name=\"twitter:data2\" content=\"5\u00a0Minuten\" \/>\n<script type=\"application\/ld+json\" class=\"yoast-schema-graph\">{\"@context\":\"https:\\\/\\\/schema.org\",\"@graph\":[{\"@type\":\"Article\",\"@id\":\"https:\\\/\\\/blog.k10mobility.com\\\/de\\\/buchten-die-man-auf-mallorca-nicht-verpassen-darf\\\/#article\",\"isPartOf\":{\"@id\":\"https:\\\/\\\/blog.k10mobility.com\\\/de\\\/buchten-die-man-auf-mallorca-nicht-verpassen-darf\\\/\"},\"author\":{\"name\":\"K10\",\"@id\":\"https:\\\/\\\/blog.k10mobility.com\\\/de\\\/#\\\/schema\\\/person\\\/f31e5cd36f44f986645396161453818b\"},\"headline\":\"Entdecken Sie Mallorcas eindrucksvollste Buchten: Definitiver Reisef\u00fchrer 2026\",\"datePublished\":\"2026-03-30T09:37:11+00:00\",\"dateModified\":\"2026-04-09T11:28:21+00:00\",\"mainEntityOfPage\":{\"@id\":\"https:\\\/\\\/blog.k10mobility.com\\\/de\\\/buchten-die-man-auf-mallorca-nicht-verpassen-darf\\\/\"},\"wordCount\":1039,\"publisher\":{\"@id\":\"https:\\\/\\\/blog.k10mobility.com\\\/de\\\/#organization\"},\"image\":{\"@id\":\"https:\\\/\\\/blog.k10mobility.com\\\/de\\\/buchten-die-man-auf-mallorca-nicht-verpassen-darf\\\/#primaryimage\"},\"thumbnailUrl\":\"https:\\\/\\\/blog.k10mobility.com\\\/wp-content\\\/uploads\\\/2022\\\/11\\\/calas-de-mallorca.jpg\",\"articleSection\":[\"Mallorca\"],\"inLanguage\":\"de\"},{\"@type\":\"WebPage\",\"@id\":\"https:\\\/\\\/blog.k10mobility.com\\\/de\\\/buchten-die-man-auf-mallorca-nicht-verpassen-darf\\\/\",\"url\":\"https:\\\/\\\/blog.k10mobility.com\\\/de\\\/buchten-die-man-auf-mallorca-nicht-verpassen-darf\\\/\",\"name\":\"Die besten Buchten auf Mallorca (und die sch\u00f6nsten) | K10 Mobility\u00ae.\",\"isPartOf\":{\"@id\":\"https:\\\/\\\/blog.k10mobility.com\\\/de\\\/#website\"},\"primaryImageOfPage\":{\"@id\":\"https:\\\/\\\/blog.k10mobility.com\\\/de\\\/buchten-die-man-auf-mallorca-nicht-verpassen-darf\\\/#primaryimage\"},\"image\":{\"@id\":\"https:\\\/\\\/blog.k10mobility.com\\\/de\\\/buchten-die-man-auf-mallorca-nicht-verpassen-darf\\\/#primaryimage\"},\"thumbnailUrl\":\"https:\\\/\\\/blog.k10mobility.com\\\/wp-content\\\/uploads\\\/2022\\\/11\\\/calas-de-mallorca.jpg\",\"datePublished\":\"2026-03-30T09:37:11+00:00\",\"dateModified\":\"2026-04-09T11:28:21+00:00\",\"description\":\"Entdecken Sie die sch\u00f6nsten Buchten auf Mallorca, die Sie nicht verpassen d\u00fcrfen, wenn Sie auf der Insel sind \u27a4 Alle Informationen hier.\",\"breadcrumb\":{\"@id\":\"https:\\\/\\\/blog.k10mobility.com\\\/de\\\/buchten-die-man-auf-mallorca-nicht-verpassen-darf\\\/#breadcrumb\"},\"inLanguage\":\"de\",\"potentialAction\":[{\"@type\":\"ReadAction\",\"target\":[\"https:\\\/\\\/blog.k10mobility.com\\\/de\\\/buchten-die-man-auf-mallorca-nicht-verpassen-darf\\\/\"]}]},{\"@type\":\"ImageObject\",\"inLanguage\":\"de\",\"@id\":\"https:\\\/\\\/blog.k10mobility.com\\\/de\\\/buchten-die-man-auf-mallorca-nicht-verpassen-darf\\\/#primaryimage\",\"url\":\"https:\\\/\\\/blog.k10mobility.com\\\/wp-content\\\/uploads\\\/2022\\\/11\\\/calas-de-mallorca.jpg\",\"contentUrl\":\"https:\\\/\\\/blog.k10mobility.com\\\/wp-content\\\/uploads\\\/2022\\\/11\\\/calas-de-mallorca.jpg\",\"width\":1000,\"height\":562,\"caption\":\"beste buchten auf mallorca\"},{\"@type\":\"BreadcrumbList\",\"@id\":\"https:\\\/\\\/blog.k10mobility.com\\\/de\\\/buchten-die-man-auf-mallorca-nicht-verpassen-darf\\\/#breadcrumb\",\"itemListElement\":[{\"@type\":\"ListItem\",\"position\":1,\"name\":\"K10 Mobility\",\"item\":\"https:\\\/\\\/blog.k10mobility.com\\\/de\\\/\"},{\"@type\":\"ListItem\",\"position\":2,\"name\":\"Entdecken Sie Mallorcas eindrucksvollste Buchten: Definitiver Reisef\u00fchrer 2026\"}]},{\"@type\":\"WebSite\",\"@id\":\"https:\\\/\\\/blog.k10mobility.com\\\/de\\\/#website\",\"url\":\"https:\\\/\\\/blog.k10mobility.com\\\/de\\\/\",\"name\":\"K10 Mobility\",\"description\":\"Rent a car en Ibiza y Mallorca\",\"publisher\":{\"@id\":\"https:\\\/\\\/blog.k10mobility.com\\\/de\\\/#organization\"},\"alternateName\":\"K10 Rent a car\",\"potentialAction\":[{\"@type\":\"SearchAction\",\"target\":{\"@type\":\"EntryPoint\",\"urlTemplate\":\"https:\\\/\\\/blog.k10mobility.com\\\/de\\\/?s={search_term_string}\"},\"query-input\":{\"@type\":\"PropertyValueSpecification\",\"valueRequired\":true,\"valueName\":\"search_term_string\"}}],\"inLanguage\":\"de\"},{\"@type\":\"Organization\",\"@id\":\"https:\\\/\\\/blog.k10mobility.com\\\/de\\\/#organization\",\"name\":\"K10 Mobility\",\"alternateName\":\"K10 Mobility rent a car en Ibiza y Mallorca\",\"url\":\"https:\\\/\\\/blog.k10mobility.com\\\/de\\\/\",\"logo\":{\"@type\":\"ImageObject\",\"inLanguage\":\"de\",\"@id\":\"https:\\\/\\\/blog.k10mobility.com\\\/de\\\/#\\\/schema\\\/logo\\\/image\\\/\",\"url\":\"https:\\\/\\\/blog.k10mobility.com\\\/wp-content\\\/uploads\\\/2025\\\/11\\\/cropped-Logo-K10-color-apaisado.png\",\"contentUrl\":\"https:\\\/\\\/blog.k10mobility.com\\\/wp-content\\\/uploads\\\/2025\\\/11\\\/cropped-Logo-K10-color-apaisado.png\",\"width\":665,\"height\":105,\"caption\":\"K10 Mobility\"},\"image\":{\"@id\":\"https:\\\/\\\/blog.k10mobility.com\\\/de\\\/#\\\/schema\\\/logo\\\/image\\\/\"},\"sameAs\":[\"https:\\\/\\\/www.facebook.com\\\/k10mobility\\\/\",\"https:\\\/\\\/www.instagram.com\\\/k10mobility\\\/\"]},{\"@type\":\"Person\",\"@id\":\"https:\\\/\\\/blog.k10mobility.com\\\/de\\\/#\\\/schema\\\/person\\\/f31e5cd36f44f986645396161453818b\",\"name\":\"K10\",\"image\":{\"@type\":\"ImageObject\",\"inLanguage\":\"de\",\"@id\":\"https:\\\/\\\/secure.gravatar.com\\\/avatar\\\/206fefb0c43f85b1066007fbea28c7b1ae2fb5432c1864d0ab6dd2b14b6b4e87?s=96&d=mm&r=g\",\"url\":\"https:\\\/\\\/secure.gravatar.com\\\/avatar\\\/206fefb0c43f85b1066007fbea28c7b1ae2fb5432c1864d0ab6dd2b14b6b4e87?s=96&d=mm&r=g\",\"contentUrl\":\"https:\\\/\\\/secure.gravatar.com\\\/avatar\\\/206fefb0c43f85b1066007fbea28c7b1ae2fb5432c1864d0ab6dd2b14b6b4e87?s=96&d=mm&r=g\",\"caption\":\"K10\"},\"sameAs\":[\"https:\\\/\\\/blog.k10mobility.com\"],\"url\":\"https:\\\/\\\/blog.k10mobility.com\\\/de\\\/author\\\/s72m1n2k10\\\/\"}]}<\/script>\n<!-- \/ Yoast SEO plugin. -->","yoast_head_json":{"title":"Die besten Buchten auf Mallorca (und die sch\u00f6nsten) | K10 Mobility\u00ae.","description":"Entdecken Sie die sch\u00f6nsten Buchten auf Mallorca, die Sie nicht verpassen d\u00fcrfen, wenn Sie auf der Insel sind \u27a4 Alle Informationen hier.","robots":{"index":"index","follow":"follow","max-snippet":"max-snippet:-1","max-image-preview":"max-image-preview:large","max-video-preview":"max-video-preview:-1"},"canonical":"https:\/\/blog.k10mobility.com\/de\/buchten-die-man-auf-mallorca-nicht-verpassen-darf\/","og_locale":"de_DE","og_type":"article","og_title":"Die besten Buchten auf Mallorca (und die sch\u00f6nsten) | K10 Mobility\u00ae.","og_description":"Entdecken Sie die sch\u00f6nsten Buchten auf Mallorca, die Sie nicht verpassen d\u00fcrfen, wenn Sie auf der Insel sind \u27a4 Alle Informationen hier.","og_url":"https:\/\/blog.k10mobility.com\/de\/buchten-die-man-auf-mallorca-nicht-verpassen-darf\/","og_site_name":"K10 Mobility","article_publisher":"https:\/\/www.facebook.com\/k10mobility\/","article_published_time":"2026-03-30T09:37:11+00:00","article_modified_time":"2026-04-09T11:28:21+00:00","og_image":[{"width":1000,"height":562,"url":"https:\/\/blog.k10mobility.com\/wp-content\/uploads\/2022\/11\/calas-de-mallorca.jpg","type":"image\/jpeg"}],"author":"K10","twitter_card":"summary_large_image","twitter_misc":{"Verfasst von":"K10","Gesch\u00e4tzte Lesezeit":"5\u00a0Minuten"},"schema":{"@context":"https:\/\/schema.org","@graph":[{"@type":"Article","@id":"https:\/\/blog.k10mobility.com\/de\/buchten-die-man-auf-mallorca-nicht-verpassen-darf\/#article","isPartOf":{"@id":"https:\/\/blog.k10mobility.com\/de\/buchten-die-man-auf-mallorca-nicht-verpassen-darf\/"},"author":{"name":"K10","@id":"https:\/\/blog.k10mobility.com\/de\/#\/schema\/person\/f31e5cd36f44f986645396161453818b"},"headline":"Entdecken Sie Mallorcas eindrucksvollste Buchten: Definitiver Reisef\u00fchrer 2026","datePublished":"2026-03-30T09:37:11+00:00","dateModified":"2026-04-09T11:28:21+00:00","mainEntityOfPage":{"@id":"https:\/\/blog.k10mobility.com\/de\/buchten-die-man-auf-mallorca-nicht-verpassen-darf\/"},"wordCount":1039,"publisher":{"@id":"https:\/\/blog.k10mobility.com\/de\/#organization"},"image":{"@id":"https:\/\/blog.k10mobility.com\/de\/buchten-die-man-auf-mallorca-nicht-verpassen-darf\/#primaryimage"},"thumbnailUrl":"https:\/\/blog.k10mobility.com\/wp-content\/uploads\/2022\/11\/calas-de-mallorca.jpg","articleSection":["Mallorca"],"inLanguage":"de"},{"@type":"WebPage","@id":"https:\/\/blog.k10mobility.com\/de\/buchten-die-man-auf-mallorca-nicht-verpassen-darf\/","url":"https:\/\/blog.k10mobility.com\/de\/buchten-die-man-auf-mallorca-nicht-verpassen-darf\/","name":"Die besten Buchten auf Mallorca (und die sch\u00f6nsten) | K10 Mobility\u00ae.","isPartOf":{"@id":"https:\/\/blog.k10mobility.com\/de\/#website"},"primaryImageOfPage":{"@id":"https:\/\/blog.k10mobility.com\/de\/buchten-die-man-auf-mallorca-nicht-verpassen-darf\/#primaryimage"},"image":{"@id":"https:\/\/blog.k10mobility.com\/de\/buchten-die-man-auf-mallorca-nicht-verpassen-darf\/#primaryimage"},"thumbnailUrl":"https:\/\/blog.k10mobility.com\/wp-content\/uploads\/2022\/11\/calas-de-mallorca.jpg","datePublished":"2026-03-30T09:37:11+00:00","dateModified":"2026-04-09T11:28:21+00:00","description":"Entdecken Sie die sch\u00f6nsten Buchten auf Mallorca, die Sie nicht verpassen d\u00fcrfen, wenn Sie auf der Insel sind \u27a4 Alle Informationen hier.","breadcrumb":{"@id":"https:\/\/blog.k10mobility.com\/de\/buchten-die-man-auf-mallorca-nicht-verpassen-darf\/#breadcrumb"},"inLanguage":"de","potentialAction":[{"@type":"ReadAction","target":["https:\/\/blog.k10mobility.com\/de\/buchten-die-man-auf-mallorca-nicht-verpassen-darf\/"]}]},{"@type":"ImageObject","inLanguage":"de","@id":"https:\/\/blog.k10mobility.com\/de\/buchten-die-man-auf-mallorca-nicht-verpassen-darf\/#primaryimage","url":"https:\/\/blog.k10mobility.com\/wp-content\/uploads\/2022\/11\/calas-de-mallorca.jpg","contentUrl":"https:\/\/blog.k10mobility.com\/wp-content\/uploads\/2022\/11\/calas-de-mallorca.jpg","width":1000,"height":562,"caption":"beste buchten auf mallorca"},{"@type":"BreadcrumbList","@id":"https:\/\/blog.k10mobility.com\/de\/buchten-die-man-auf-mallorca-nicht-verpassen-darf\/#breadcrumb","itemListElement":[{"@type":"ListItem","position":1,"name":"K10 Mobility","item":"https:\/\/blog.k10mobility.com\/de\/"},{"@type":"ListItem","position":2,"name":"Entdecken Sie Mallorcas eindrucksvollste Buchten: Definitiver Reisef\u00fchrer 2026"}]},{"@type":"WebSite","@id":"https:\/\/blog.k10mobility.com\/de\/#website","url":"https:\/\/blog.k10mobility.com\/de\/","name":"K10 Mobility","description":"Rent a car en Ibiza y Mallorca","publisher":{"@id":"https:\/\/blog.k10mobility.com\/de\/#organization"},"alternateName":"K10 Rent a car","potentialAction":[{"@type":"SearchAction","target":{"@type":"EntryPoint","urlTemplate":"https:\/\/blog.k10mobility.com\/de\/?s={search_term_string}"},"query-input":{"@type":"PropertyValueSpecification","valueRequired":true,"valueName":"search_term_string"}}],"inLanguage":"de"},{"@type":"Organization","@id":"https:\/\/blog.k10mobility.com\/de\/#organization","name":"K10 Mobility","alternateName":"K10 Mobility rent a car en Ibiza y Mallorca","url":"https:\/\/blog.k10mobility.com\/de\/","logo":{"@type":"ImageObject","inLanguage":"de","@id":"https:\/\/blog.k10mobility.com\/de\/#\/schema\/logo\/image\/","url":"https:\/\/blog.k10mobility.com\/wp-content\/uploads\/2025\/11\/cropped-Logo-K10-color-apaisado.png","contentUrl":"https:\/\/blog.k10mobility.com\/wp-content\/uploads\/2025\/11\/cropped-Logo-K10-color-apaisado.png","width":665,"height":105,"caption":"K10 Mobility"},"image":{"@id":"https:\/\/blog.k10mobility.com\/de\/#\/schema\/logo\/image\/"},"sameAs":["https:\/\/www.facebook.com\/k10mobility\/","https:\/\/www.instagram.com\/k10mobility\/"]},{"@type":"Person","@id":"https:\/\/blog.k10mobility.com\/de\/#\/schema\/person\/f31e5cd36f44f986645396161453818b","name":"K10","image":{"@type":"ImageObject","inLanguage":"de","@id":"https:\/\/secure.gravatar.com\/avatar\/206fefb0c43f85b1066007fbea28c7b1ae2fb5432c1864d0ab6dd2b14b6b4e87?s=96&d=mm&r=g","url":"https:\/\/secure.gravatar.com\/avatar\/206fefb0c43f85b1066007fbea28c7b1ae2fb5432c1864d0ab6dd2b14b6b4e87?s=96&d=mm&r=g","contentUrl":"https:\/\/secure.gravatar.com\/avatar\/206fefb0c43f85b1066007fbea28c7b1ae2fb5432c1864d0ab6dd2b14b6b4e87?s=96&d=mm&r=g","caption":"K10"},"sameAs":["https:\/\/blog.k10mobility.com"],"url":"https:\/\/blog.k10mobility.com\/de\/author\/s72m1n2k10\/"}]}},"_links":{"self":[{"href":"https:\/\/blog.k10mobility.com\/de\/wp-json\/wp\/v2\/posts\/13735","targetHints":{"allow":["GET"]}}],"collection":[{"href":"https:\/\/blog.k10mobility.com\/de\/wp-json\/wp\/v2\/posts"}],"about":[{"href":"https:\/\/blog.k10mobility.com\/de\/wp-json\/wp\/v2\/types\/post"}],"author":[{"embeddable":true,"href":"https:\/\/blog.k10mobility.com\/de\/wp-json\/wp\/v2\/users\/1"}],"replies":[{"embeddable":true,"href":"https:\/\/blog.k10mobility.com\/de\/wp-json\/wp\/v2\/comments?post=13735"}],"version-history":[{"count":6,"href":"https:\/\/blog.k10mobility.com\/de\/wp-json\/wp\/v2\/posts\/13735\/revisions"}],"predecessor-version":[{"id":15279,"href":"https:\/\/blog.k10mobility.com\/de\/wp-json\/wp\/v2\/posts\/13735\/revisions\/15279"}],"wp:featuredmedia":[{"embeddable":true,"href":"https:\/\/blog.k10mobility.com\/de\/wp-json\/wp\/v2\/media\/13737"}],"wp:attachment":[{"href":"https:\/\/blog.k10mobility.com\/de\/wp-json\/wp\/v2\/media?parent=13735"}],"wp:term":[{"taxonomy":"category","embeddable":true,"href":"https:\/\/blog.k10mobility.com\/de\/wp-json\/wp\/v2\/categories?post=13735"},{"taxonomy":"post_tag","embeddable":true,"href":"https:\/\/blog.k10mobility.com\/de\/wp-json\/wp\/v2\/tags?post=13735"}],"curies":[{"name":"wp","href":"https:\/\/api.w.org\/{rel}","templated":true}]}}