{"id":13784,"date":"2024-12-18T12:46:23","date_gmt":"2024-12-18T12:46:23","guid":{"rendered":"https:\/\/blog.k10mobility.com\/entdecken-sie-die-top-10-buchten-auf-mallorca\/"},"modified":"2026-01-22T11:39:37","modified_gmt":"2026-01-22T11:39:37","slug":"entdecken-sie-die-top-10-buchten-auf-mallorca","status":"publish","type":"post","link":"https:\/\/blog.k10mobility.com\/de\/entdecken-sie-die-top-10-buchten-auf-mallorca\/","title":{"rendered":"Entdecken Sie die 10 besten Buchten von Mallorca"},"content":{"rendered":"<p>Wussten Sie, dass Mallorca einige der beeindruckendsten Str\u00e4nde des Mittelmeers beherbergt? Wenn Sie auf der Suche nach einem paradiesischen Ort sind, an dem Sie im n\u00e4chsten Sommer entspannen, in kristallklarem Wasser schwimmen und die Natur genie\u00dfen k\u00f6nnen, sind Sie hier genau richtig. <\/p>\n<p>In diesem Artikel nehmen wir Sie an die Hand und zeigen Ihnen die<strong> sch\u00f6nsten Buchten Mallorcas<\/strong>. Sind Sie bereit, Ihr n\u00e4chstes Abenteuer zu entdecken? <\/p>\n<h2 id=\"von-toc-1\">Welche sind die besten Buchten auf Mallorca?<\/h2>\n<p>Mallorca ist bekannt f\u00fcr seine K\u00fcstenlinie mit kleinen versteckten Str\u00e4nden, die von einzigartigen Landschaften umgeben sind. Jede Bucht hat ihren eigenen Charme, von den am leichtesten zug\u00e4nglichen bis hin zu denen, die etwas mehr M\u00fche erfordern, um sie zu erreichen. Hier sind unsere Top 10 Buchten auf Mallorca:  <\/p>\n<h3 id=\"von-toc-2\">1. die Varques-Bucht<\/h3>\n<p>Wenn Sie auf der Suche nach Ruhe und nat\u00fcrlicher Sch\u00f6nheit sind, ist <strong>Cala Varques<\/strong> Ihr Ziel. Umgeben von Pinienb\u00e4umen und mit kristallklarem Wasser ist sie ideal f\u00fcr diejenigen, die gerne wandern, bevor sie das Paradies erreichen. <\/p>\n<h3 id=\"von-toc-3\">2. Cal\u00f3 des Moro<\/h3>\n<p>Eine der ber\u00fchmtesten Buchten Mallorcas. Ihr t\u00fcrkisblaues Wasser und die felsige Umgebung machen sie zu einer der <strong>sch\u00f6nsten Buchten Mallorcas, die<\/strong> Sie nicht verpassen d\u00fcrfen. Sie ist klein, also kommen Sie fr\u00fch, um sie in vollen Z\u00fcgen zu genie\u00dfen.  <\/p>\n<h3 id=\"von-toc-4\">3. Mondrag\u00f3 Bucht<\/h3>\n<p>Die in einem Naturpark gelegene <strong>Cala Mondrag\u00f3<\/strong> bietet eine perfekte Balance zwischen unber\u00fchrter Natur und Komfort. Sie ist ideal f\u00fcr Familien und Schnorchler. <\/p>\n<h3 id=\"von-toc-5\">4. Mitjana-Bucht<\/h3>\n<p>Perfekt f\u00fcr alle, die den Menschenmassen entfliehen m\u00f6chten. Diese Bucht ist klein und ruhig, umgeben von Vegetation und mit spektakul\u00e4ren Aussichten. <\/p>\n<h3 id=\"von-toc-6\">5. Mesquida Bucht<\/h3>\n<p><strong>Cala Mesquida<\/strong> ist ber\u00fchmt f\u00fcr seine D\u00fcnen und seine entspannte Atmosph\u00e4re und ist ideal f\u00fcr Familien und Wassersportler. Seine Ger\u00e4umigkeit macht ihn perfekt f\u00fcr einen Tagesausflug. <\/p>\n<h3 id=\"von-toc-7\">6. Llombards Bucht<\/h3>\n<p>Ein zauberhafter Ort mit Klippen und t\u00fcrkisfarbenem Wasser. Aufgrund ihrer landschaftlichen Sch\u00f6nheit ist sie eine der meistfotografierten <strong>Buchten Mallorcas<\/strong>. <\/p>\n<h3 id=\"von-toc-8\">7. Agulla Bucht<\/h3>\n<p>Mit ihrer lebhaften Atmosph\u00e4re und dem wei\u00dfen Sand ist diese Bucht ideal f\u00fcr diejenigen, die etwas Zug\u00e4nglicheres suchen. In der N\u00e4he gibt es Bars und Restaurants. <\/p>\n<figure id=\"attachment_10048\" aria-describedby=\"caption-attachment-10048\" style=\"width: 730px\" class=\"wp-caption aligncenter\"><img fetchpriority=\"high\" decoding=\"async\" class=\"wp-image-10048 size-full\" title=\"Cala Agulla Mallorca\" src=\"https:\/\/blog.k10mobility.com\/wp-content\/uploads\/2024\/12\/cala-agulla-mallorca.webp\" alt=\"Cala Agulla Mallorca\" width=\"740\" height=\"493\" srcset=\"https:\/\/blog.k10mobility.com\/wp-content\/uploads\/2024\/12\/cala-agulla-mallorca.webp 740w, https:\/\/blog.k10mobility.com\/wp-content\/uploads\/2024\/12\/cala-agulla-mallorca-300x200.webp 300w\" sizes=\"(max-width: 740px) 100vw, 740px\" \/><figcaption id=\"caption-attachment-10048\" class=\"wp-caption-text\">Cala Agulla Mallorca &#8211; Bild von lapping de Pixabay<\/figcaption><\/figure>\n<h3 id=\"von-toc-9\">8. Formentor Bucht<\/h3>\n<p>Obwohl sie eher als Strand bekannt ist, besticht die <strong>Cala Formentor<\/strong> durch ihre spektakul\u00e4re Landschaft und ihr ruhiges Wasser. Ideal f\u00fcr einen Tag der Entspannung. <\/p>\n<h3 id=\"von-toc-10\">9. Sa Calobra Bucht<\/h3>\n<p>Ber\u00fchmt f\u00fcr seine Lage in der Sierra de Tramontana, verbindet <strong>Cala Sa Calobra<\/strong> Berge und Meer wie nur wenige andere. Der Weg dorthin ist ein Abenteuer, aber es ist es wert. <\/p>\n<h3 id=\"von-toc-11\">10. S&#8217;Almunia Bucht<\/h3>\n<p>Klein, versteckt und von Klippen umgeben. Perfekt f\u00fcr Taucher und diejenigen, die einen etwas privateren Ort suchen. <\/p>\n<h2 id=\"von-toc-12\">Tipps f\u00fcr den Besuch und vor allem das Genie\u00dfen der Buchten von Mallorca<\/h2>\n<ol>\n<li><strong>Kommen Sie fr\u00fch:<\/strong> Viele Buchten sind klein und f\u00fcllen sich schnell, besonders im Sommer.<\/li>\n<li><strong>Bereiten Sie Ihre Ausr\u00fcstung vor:<\/strong> Bringen Sie Wasser, Sonnencreme, eine Schnorchelbrille und bequeme Schuhe mit.<\/li>\n<li><strong>Mieten Sie ein Auto:<\/strong> Einige der sch\u00f6nsten Buchten sind mit \u00f6ffentlichen Verkehrsmitteln nicht erreichbar. <strong>K10 Mobility<\/strong> macht es Ihnen leicht, dorthin zu gelangen, denn die <a href=\"https:\/\/blog.k10mobility.com\/?page_id=4604\">Autovermietung am Flughafen von Mallorca bietet Ihnen einen Service ohne Selbstbeteiligung.<\/a><\/li>\n<\/ol>\n<h2 id=\"von-toc-13\">H\u00e4ufig gestellte Fragen (FAQs)<\/h2>\n<ol>\n<li><strong>Wann ist die beste Zeit, um die Buchten von Mallorca zu besuchen?<\/strong>  Fr\u00fchling und Herbst sind ideal, um die Buchten ohne Menschenmassen, mit angenehmen Temperaturen und kristallklarem Wasser zu genie\u00dfen.<\/li>\n<li><strong>Kann man alle Buchten mit dem Auto erreichen?<\/strong>  Nicht immer. Einige Buchten, wie Cala Varques, erfordern eine kurze Wanderung, aber Sie k\u00f6nnen auch mit dem Auto dorthin fahren. <\/li>\n<li><strong>Ist es sicher, das Auto in der N\u00e4he der Buchten zu parken?<\/strong>  Im Allgemeinen ja, aber es ist immer ratsam, Wertsachen nicht offen herumliegen zu lassen. <\/li>\n<\/ol>\n<p>Mallorca ist ein Reiseziel, das alle seine Besucher verzaubert, und seine Buchten sind eine seiner Hauptattraktionen. Von den zug\u00e4nglichsten bis zu den verstecktesten hat jede etwas Besonderes zu bieten. <\/p>\n<p>Sind Sie bereit, diese Wunder zu erkunden? Planen Sie unbedingt Ihre Route und nutzen Sie die Freiheit, die Ihnen ein Mietwagen bietet. <\/p>\n<p>Buchen Sie Ihr Fahrzeug bei <strong>K10 Mobility<\/strong> und werden Sie zum Entdecker der sch\u00f6nsten Buchten Mallorcas, <strong>Ihr n\u00e4chstes Abenteuer wartet schon!<\/strong><\/p>\n","protected":false},"excerpt":{"rendered":"<p>Wussten Sie, dass Mallorca einige der beeindruckendsten Str\u00e4nde des Mittelmeers beherbergt? Wenn Sie auf der Suche nach einem paradiesischen Ort sind, an dem Sie im n\u00e4chsten Sommer entspannen, in kristallklarem Wasser schwimmen und die Natur genie\u00dfen k\u00f6nnen, sind Sie hier genau richtig. In diesem Artikel nehmen wir Sie an die Hand und zeigen Ihnen die &#8230; <a title=\"Entdecken Sie die 10 besten Buchten von Mallorca\" class=\"read-more\" href=\"https:\/\/blog.k10mobility.com\/de\/entdecken-sie-die-top-10-buchten-auf-mallorca\/\" aria-label=\"Mehr Informationen \u00fcber Entdecken Sie die 10 besten Buchten von Mallorca\">Weiterlesen<\/a><\/p>\n","protected":false},"author":2,"featured_media":13788,"comment_status":"closed","ping_status":"closed","sticky":false,"template":"","format":"standard","meta":{"footnotes":""},"categories":[233],"tags":[],"class_list":["post-13784","post","type-post","status-publish","format-standard","has-post-thumbnail","hentry","category-mallorca"],"yoast_head":"<!-- This site is optimized with the Yoast SEO plugin v27.4 - https:\/\/yoast.com\/product\/yoast-seo-wordpress\/ -->\n<title>Entdecken Sie die 10 besten Buchten von Mallorca - K10 Mobility<\/title>\n<meta name=\"description\" content=\"Top 10 Buchten auf Mallorca: Wenn Sie auf der Suche nach einem paradiesischen Ort sind, an dem Sie sich im n\u00e4chsten Sommer entspannen k\u00f6nnen, sind Sie hier genau richtig.\" \/>\n<meta name=\"robots\" content=\"index, follow, max-snippet:-1, max-image-preview:large, max-video-preview:-1\" \/>\n<link rel=\"canonical\" href=\"https:\/\/blog.k10mobility.com\/de\/entdecken-sie-die-top-10-buchten-auf-mallorca\/\" \/>\n<meta property=\"og:locale\" content=\"de_DE\" \/>\n<meta property=\"og:type\" content=\"article\" \/>\n<meta property=\"og:title\" content=\"Entdecken Sie die 10 besten Buchten von Mallorca - K10 Mobility\" \/>\n<meta property=\"og:description\" content=\"Top 10 Buchten auf Mallorca: Wenn Sie auf der Suche nach einem paradiesischen Ort sind, an dem Sie sich im n\u00e4chsten Sommer entspannen k\u00f6nnen, sind Sie hier genau richtig.\" \/>\n<meta property=\"og:url\" content=\"https:\/\/blog.k10mobility.com\/de\/entdecken-sie-die-top-10-buchten-auf-mallorca\/\" \/>\n<meta property=\"og:site_name\" content=\"K10 Mobility\" \/>\n<meta property=\"article:publisher\" content=\"https:\/\/www.facebook.com\/k10mobility\/\" \/>\n<meta property=\"article:published_time\" content=\"2024-12-18T12:46:23+00:00\" \/>\n<meta property=\"article:modified_time\" content=\"2026-01-22T11:39:37+00:00\" \/>\n<meta property=\"og:image\" content=\"https:\/\/blog.k10mobility.com\/wp-content\/uploads\/2024\/12\/top-calas-mallorca.webp\" \/>\n\t<meta property=\"og:image:width\" content=\"740\" \/>\n\t<meta property=\"og:image:height\" content=\"493\" \/>\n\t<meta property=\"og:image:type\" content=\"image\/webp\" \/>\n<meta name=\"author\" content=\"Luis Ram\u00eds\" \/>\n<meta name=\"twitter:card\" content=\"summary_large_image\" \/>\n<meta name=\"twitter:label1\" content=\"Verfasst von\" \/>\n\t<meta name=\"twitter:data1\" content=\"Luis Ram\u00eds\" \/>\n\t<meta name=\"twitter:label2\" content=\"Gesch\u00e4tzte Lesezeit\" \/>\n\t<meta name=\"twitter:data2\" content=\"4\u00a0Minuten\" \/>\n<script type=\"application\/ld+json\" class=\"yoast-schema-graph\">{\"@context\":\"https:\\\/\\\/schema.org\",\"@graph\":[{\"@type\":\"Article\",\"@id\":\"https:\\\/\\\/blog.k10mobility.com\\\/de\\\/entdecken-sie-die-top-10-buchten-auf-mallorca\\\/#article\",\"isPartOf\":{\"@id\":\"https:\\\/\\\/blog.k10mobility.com\\\/de\\\/entdecken-sie-die-top-10-buchten-auf-mallorca\\\/\"},\"author\":{\"name\":\"Luis Ram\u00eds\",\"@id\":\"https:\\\/\\\/blog.k10mobility.com\\\/de\\\/#\\\/schema\\\/person\\\/5f18469c790b92d83fdd98422e621da8\"},\"headline\":\"Entdecken Sie die 10 besten Buchten von Mallorca\",\"datePublished\":\"2024-12-18T12:46:23+00:00\",\"dateModified\":\"2026-01-22T11:39:37+00:00\",\"mainEntityOfPage\":{\"@id\":\"https:\\\/\\\/blog.k10mobility.com\\\/de\\\/entdecken-sie-die-top-10-buchten-auf-mallorca\\\/\"},\"wordCount\":726,\"publisher\":{\"@id\":\"https:\\\/\\\/blog.k10mobility.com\\\/de\\\/#organization\"},\"image\":{\"@id\":\"https:\\\/\\\/blog.k10mobility.com\\\/de\\\/entdecken-sie-die-top-10-buchten-auf-mallorca\\\/#primaryimage\"},\"thumbnailUrl\":\"https:\\\/\\\/blog.k10mobility.com\\\/wp-content\\\/uploads\\\/2024\\\/12\\\/top-calas-mallorca.webp\",\"articleSection\":[\"Mallorca\"],\"inLanguage\":\"de\"},{\"@type\":\"WebPage\",\"@id\":\"https:\\\/\\\/blog.k10mobility.com\\\/de\\\/entdecken-sie-die-top-10-buchten-auf-mallorca\\\/\",\"url\":\"https:\\\/\\\/blog.k10mobility.com\\\/de\\\/entdecken-sie-die-top-10-buchten-auf-mallorca\\\/\",\"name\":\"Entdecken Sie die 10 besten Buchten von Mallorca - K10 Mobility\",\"isPartOf\":{\"@id\":\"https:\\\/\\\/blog.k10mobility.com\\\/de\\\/#website\"},\"primaryImageOfPage\":{\"@id\":\"https:\\\/\\\/blog.k10mobility.com\\\/de\\\/entdecken-sie-die-top-10-buchten-auf-mallorca\\\/#primaryimage\"},\"image\":{\"@id\":\"https:\\\/\\\/blog.k10mobility.com\\\/de\\\/entdecken-sie-die-top-10-buchten-auf-mallorca\\\/#primaryimage\"},\"thumbnailUrl\":\"https:\\\/\\\/blog.k10mobility.com\\\/wp-content\\\/uploads\\\/2024\\\/12\\\/top-calas-mallorca.webp\",\"datePublished\":\"2024-12-18T12:46:23+00:00\",\"dateModified\":\"2026-01-22T11:39:37+00:00\",\"description\":\"Top 10 Buchten auf Mallorca: Wenn Sie auf der Suche nach einem paradiesischen Ort sind, an dem Sie sich im n\u00e4chsten Sommer entspannen k\u00f6nnen, sind Sie hier genau richtig.\",\"breadcrumb\":{\"@id\":\"https:\\\/\\\/blog.k10mobility.com\\\/de\\\/entdecken-sie-die-top-10-buchten-auf-mallorca\\\/#breadcrumb\"},\"inLanguage\":\"de\",\"potentialAction\":[{\"@type\":\"ReadAction\",\"target\":[\"https:\\\/\\\/blog.k10mobility.com\\\/de\\\/entdecken-sie-die-top-10-buchten-auf-mallorca\\\/\"]}]},{\"@type\":\"ImageObject\",\"inLanguage\":\"de\",\"@id\":\"https:\\\/\\\/blog.k10mobility.com\\\/de\\\/entdecken-sie-die-top-10-buchten-auf-mallorca\\\/#primaryimage\",\"url\":\"https:\\\/\\\/blog.k10mobility.com\\\/wp-content\\\/uploads\\\/2024\\\/12\\\/top-calas-mallorca.webp\",\"contentUrl\":\"https:\\\/\\\/blog.k10mobility.com\\\/wp-content\\\/uploads\\\/2024\\\/12\\\/top-calas-mallorca.webp\",\"width\":740,\"height\":493,\"caption\":\"Die 10 besten Buchten von Mallorca\"},{\"@type\":\"BreadcrumbList\",\"@id\":\"https:\\\/\\\/blog.k10mobility.com\\\/de\\\/entdecken-sie-die-top-10-buchten-auf-mallorca\\\/#breadcrumb\",\"itemListElement\":[{\"@type\":\"ListItem\",\"position\":1,\"name\":\"K10 Mobility\",\"item\":\"https:\\\/\\\/blog.k10mobility.com\\\/de\\\/\"},{\"@type\":\"ListItem\",\"position\":2,\"name\":\"Entdecken Sie die 10 besten Buchten von Mallorca\"}]},{\"@type\":\"WebSite\",\"@id\":\"https:\\\/\\\/blog.k10mobility.com\\\/de\\\/#website\",\"url\":\"https:\\\/\\\/blog.k10mobility.com\\\/de\\\/\",\"name\":\"K10 Mobility\",\"description\":\"Rent a car en Ibiza y Mallorca\",\"publisher\":{\"@id\":\"https:\\\/\\\/blog.k10mobility.com\\\/de\\\/#organization\"},\"alternateName\":\"K10 Rent a car\",\"potentialAction\":[{\"@type\":\"SearchAction\",\"target\":{\"@type\":\"EntryPoint\",\"urlTemplate\":\"https:\\\/\\\/blog.k10mobility.com\\\/de\\\/?s={search_term_string}\"},\"query-input\":{\"@type\":\"PropertyValueSpecification\",\"valueRequired\":true,\"valueName\":\"search_term_string\"}}],\"inLanguage\":\"de\"},{\"@type\":\"Organization\",\"@id\":\"https:\\\/\\\/blog.k10mobility.com\\\/de\\\/#organization\",\"name\":\"K10 Mobility\",\"alternateName\":\"K10 Mobility rent a car en Ibiza y Mallorca\",\"url\":\"https:\\\/\\\/blog.k10mobility.com\\\/de\\\/\",\"logo\":{\"@type\":\"ImageObject\",\"inLanguage\":\"de\",\"@id\":\"https:\\\/\\\/blog.k10mobility.com\\\/de\\\/#\\\/schema\\\/logo\\\/image\\\/\",\"url\":\"https:\\\/\\\/blog.k10mobility.com\\\/wp-content\\\/uploads\\\/2025\\\/11\\\/cropped-Logo-K10-color-apaisado.png\",\"contentUrl\":\"https:\\\/\\\/blog.k10mobility.com\\\/wp-content\\\/uploads\\\/2025\\\/11\\\/cropped-Logo-K10-color-apaisado.png\",\"width\":665,\"height\":105,\"caption\":\"K10 Mobility\"},\"image\":{\"@id\":\"https:\\\/\\\/blog.k10mobility.com\\\/de\\\/#\\\/schema\\\/logo\\\/image\\\/\"},\"sameAs\":[\"https:\\\/\\\/www.facebook.com\\\/k10mobility\\\/\",\"https:\\\/\\\/www.instagram.com\\\/k10mobility\\\/\"]},{\"@type\":\"Person\",\"@id\":\"https:\\\/\\\/blog.k10mobility.com\\\/de\\\/#\\\/schema\\\/person\\\/5f18469c790b92d83fdd98422e621da8\",\"name\":\"Luis Ram\u00eds\",\"image\":{\"@type\":\"ImageObject\",\"inLanguage\":\"de\",\"@id\":\"https:\\\/\\\/secure.gravatar.com\\\/avatar\\\/30162c41d6f584ef954ac19546d34176104f5a2b363cc65fe6c8b9dc6c1ed9ac?s=96&d=mm&r=g\",\"url\":\"https:\\\/\\\/secure.gravatar.com\\\/avatar\\\/30162c41d6f584ef954ac19546d34176104f5a2b363cc65fe6c8b9dc6c1ed9ac?s=96&d=mm&r=g\",\"contentUrl\":\"https:\\\/\\\/secure.gravatar.com\\\/avatar\\\/30162c41d6f584ef954ac19546d34176104f5a2b363cc65fe6c8b9dc6c1ed9ac?s=96&d=mm&r=g\",\"caption\":\"Luis Ram\u00eds\"},\"url\":\"https:\\\/\\\/blog.k10mobility.com\\\/de\\\/author\\\/luisr4m1s_k10\\\/\"}]}<\/script>\n<!-- \/ Yoast SEO plugin. -->","yoast_head_json":{"title":"Entdecken Sie die 10 besten Buchten von Mallorca - K10 Mobility","description":"Top 10 Buchten auf Mallorca: Wenn Sie auf der Suche nach einem paradiesischen Ort sind, an dem Sie sich im n\u00e4chsten Sommer entspannen k\u00f6nnen, sind Sie hier genau richtig.","robots":{"index":"index","follow":"follow","max-snippet":"max-snippet:-1","max-image-preview":"max-image-preview:large","max-video-preview":"max-video-preview:-1"},"canonical":"https:\/\/blog.k10mobility.com\/de\/entdecken-sie-die-top-10-buchten-auf-mallorca\/","og_locale":"de_DE","og_type":"article","og_title":"Entdecken Sie die 10 besten Buchten von Mallorca - K10 Mobility","og_description":"Top 10 Buchten auf Mallorca: Wenn Sie auf der Suche nach einem paradiesischen Ort sind, an dem Sie sich im n\u00e4chsten Sommer entspannen k\u00f6nnen, sind Sie hier genau richtig.","og_url":"https:\/\/blog.k10mobility.com\/de\/entdecken-sie-die-top-10-buchten-auf-mallorca\/","og_site_name":"K10 Mobility","article_publisher":"https:\/\/www.facebook.com\/k10mobility\/","article_published_time":"2024-12-18T12:46:23+00:00","article_modified_time":"2026-01-22T11:39:37+00:00","og_image":[{"width":740,"height":493,"url":"https:\/\/blog.k10mobility.com\/wp-content\/uploads\/2024\/12\/top-calas-mallorca.webp","type":"image\/webp"}],"author":"Luis Ram\u00eds","twitter_card":"summary_large_image","twitter_misc":{"Verfasst von":"Luis Ram\u00eds","Gesch\u00e4tzte Lesezeit":"4\u00a0Minuten"},"schema":{"@context":"https:\/\/schema.org","@graph":[{"@type":"Article","@id":"https:\/\/blog.k10mobility.com\/de\/entdecken-sie-die-top-10-buchten-auf-mallorca\/#article","isPartOf":{"@id":"https:\/\/blog.k10mobility.com\/de\/entdecken-sie-die-top-10-buchten-auf-mallorca\/"},"author":{"name":"Luis Ram\u00eds","@id":"https:\/\/blog.k10mobility.com\/de\/#\/schema\/person\/5f18469c790b92d83fdd98422e621da8"},"headline":"Entdecken Sie die 10 besten Buchten von Mallorca","datePublished":"2024-12-18T12:46:23+00:00","dateModified":"2026-01-22T11:39:37+00:00","mainEntityOfPage":{"@id":"https:\/\/blog.k10mobility.com\/de\/entdecken-sie-die-top-10-buchten-auf-mallorca\/"},"wordCount":726,"publisher":{"@id":"https:\/\/blog.k10mobility.com\/de\/#organization"},"image":{"@id":"https:\/\/blog.k10mobility.com\/de\/entdecken-sie-die-top-10-buchten-auf-mallorca\/#primaryimage"},"thumbnailUrl":"https:\/\/blog.k10mobility.com\/wp-content\/uploads\/2024\/12\/top-calas-mallorca.webp","articleSection":["Mallorca"],"inLanguage":"de"},{"@type":"WebPage","@id":"https:\/\/blog.k10mobility.com\/de\/entdecken-sie-die-top-10-buchten-auf-mallorca\/","url":"https:\/\/blog.k10mobility.com\/de\/entdecken-sie-die-top-10-buchten-auf-mallorca\/","name":"Entdecken Sie die 10 besten Buchten von Mallorca - K10 Mobility","isPartOf":{"@id":"https:\/\/blog.k10mobility.com\/de\/#website"},"primaryImageOfPage":{"@id":"https:\/\/blog.k10mobility.com\/de\/entdecken-sie-die-top-10-buchten-auf-mallorca\/#primaryimage"},"image":{"@id":"https:\/\/blog.k10mobility.com\/de\/entdecken-sie-die-top-10-buchten-auf-mallorca\/#primaryimage"},"thumbnailUrl":"https:\/\/blog.k10mobility.com\/wp-content\/uploads\/2024\/12\/top-calas-mallorca.webp","datePublished":"2024-12-18T12:46:23+00:00","dateModified":"2026-01-22T11:39:37+00:00","description":"Top 10 Buchten auf Mallorca: Wenn Sie auf der Suche nach einem paradiesischen Ort sind, an dem Sie sich im n\u00e4chsten Sommer entspannen k\u00f6nnen, sind Sie hier genau richtig.","breadcrumb":{"@id":"https:\/\/blog.k10mobility.com\/de\/entdecken-sie-die-top-10-buchten-auf-mallorca\/#breadcrumb"},"inLanguage":"de","potentialAction":[{"@type":"ReadAction","target":["https:\/\/blog.k10mobility.com\/de\/entdecken-sie-die-top-10-buchten-auf-mallorca\/"]}]},{"@type":"ImageObject","inLanguage":"de","@id":"https:\/\/blog.k10mobility.com\/de\/entdecken-sie-die-top-10-buchten-auf-mallorca\/#primaryimage","url":"https:\/\/blog.k10mobility.com\/wp-content\/uploads\/2024\/12\/top-calas-mallorca.webp","contentUrl":"https:\/\/blog.k10mobility.com\/wp-content\/uploads\/2024\/12\/top-calas-mallorca.webp","width":740,"height":493,"caption":"Die 10 besten Buchten von Mallorca"},{"@type":"BreadcrumbList","@id":"https:\/\/blog.k10mobility.com\/de\/entdecken-sie-die-top-10-buchten-auf-mallorca\/#breadcrumb","itemListElement":[{"@type":"ListItem","position":1,"name":"K10 Mobility","item":"https:\/\/blog.k10mobility.com\/de\/"},{"@type":"ListItem","position":2,"name":"Entdecken Sie die 10 besten Buchten von Mallorca"}]},{"@type":"WebSite","@id":"https:\/\/blog.k10mobility.com\/de\/#website","url":"https:\/\/blog.k10mobility.com\/de\/","name":"K10 Mobility","description":"Rent a car en Ibiza y Mallorca","publisher":{"@id":"https:\/\/blog.k10mobility.com\/de\/#organization"},"alternateName":"K10 Rent a car","potentialAction":[{"@type":"SearchAction","target":{"@type":"EntryPoint","urlTemplate":"https:\/\/blog.k10mobility.com\/de\/?s={search_term_string}"},"query-input":{"@type":"PropertyValueSpecification","valueRequired":true,"valueName":"search_term_string"}}],"inLanguage":"de"},{"@type":"Organization","@id":"https:\/\/blog.k10mobility.com\/de\/#organization","name":"K10 Mobility","alternateName":"K10 Mobility rent a car en Ibiza y Mallorca","url":"https:\/\/blog.k10mobility.com\/de\/","logo":{"@type":"ImageObject","inLanguage":"de","@id":"https:\/\/blog.k10mobility.com\/de\/#\/schema\/logo\/image\/","url":"https:\/\/blog.k10mobility.com\/wp-content\/uploads\/2025\/11\/cropped-Logo-K10-color-apaisado.png","contentUrl":"https:\/\/blog.k10mobility.com\/wp-content\/uploads\/2025\/11\/cropped-Logo-K10-color-apaisado.png","width":665,"height":105,"caption":"K10 Mobility"},"image":{"@id":"https:\/\/blog.k10mobility.com\/de\/#\/schema\/logo\/image\/"},"sameAs":["https:\/\/www.facebook.com\/k10mobility\/","https:\/\/www.instagram.com\/k10mobility\/"]},{"@type":"Person","@id":"https:\/\/blog.k10mobility.com\/de\/#\/schema\/person\/5f18469c790b92d83fdd98422e621da8","name":"Luis Ram\u00eds","image":{"@type":"ImageObject","inLanguage":"de","@id":"https:\/\/secure.gravatar.com\/avatar\/30162c41d6f584ef954ac19546d34176104f5a2b363cc65fe6c8b9dc6c1ed9ac?s=96&d=mm&r=g","url":"https:\/\/secure.gravatar.com\/avatar\/30162c41d6f584ef954ac19546d34176104f5a2b363cc65fe6c8b9dc6c1ed9ac?s=96&d=mm&r=g","contentUrl":"https:\/\/secure.gravatar.com\/avatar\/30162c41d6f584ef954ac19546d34176104f5a2b363cc65fe6c8b9dc6c1ed9ac?s=96&d=mm&r=g","caption":"Luis Ram\u00eds"},"url":"https:\/\/blog.k10mobility.com\/de\/author\/luisr4m1s_k10\/"}]}},"_links":{"self":[{"href":"https:\/\/blog.k10mobility.com\/de\/wp-json\/wp\/v2\/posts\/13784","targetHints":{"allow":["GET"]}}],"collection":[{"href":"https:\/\/blog.k10mobility.com\/de\/wp-json\/wp\/v2\/posts"}],"about":[{"href":"https:\/\/blog.k10mobility.com\/de\/wp-json\/wp\/v2\/types\/post"}],"author":[{"embeddable":true,"href":"https:\/\/blog.k10mobility.com\/de\/wp-json\/wp\/v2\/users\/2"}],"replies":[{"embeddable":true,"href":"https:\/\/blog.k10mobility.com\/de\/wp-json\/wp\/v2\/comments?post=13784"}],"version-history":[{"count":2,"href":"https:\/\/blog.k10mobility.com\/de\/wp-json\/wp\/v2\/posts\/13784\/revisions"}],"predecessor-version":[{"id":14030,"href":"https:\/\/blog.k10mobility.com\/de\/wp-json\/wp\/v2\/posts\/13784\/revisions\/14030"}],"wp:featuredmedia":[{"embeddable":true,"href":"https:\/\/blog.k10mobility.com\/de\/wp-json\/wp\/v2\/media\/13788"}],"wp:attachment":[{"href":"https:\/\/blog.k10mobility.com\/de\/wp-json\/wp\/v2\/media?parent=13784"}],"wp:term":[{"taxonomy":"category","embeddable":true,"href":"https:\/\/blog.k10mobility.com\/de\/wp-json\/wp\/v2\/categories?post=13784"},{"taxonomy":"post_tag","embeddable":true,"href":"https:\/\/blog.k10mobility.com\/de\/wp-json\/wp\/v2\/tags?post=13784"}],"curies":[{"name":"wp","href":"https:\/\/api.w.org\/{rel}","templated":true}]}}