{"id":13827,"date":"2025-03-21T11:55:59","date_gmt":"2025-03-21T11:55:59","guid":{"rendered":"https:\/\/blog.k10mobility.com\/beste-gebiete-auf-mallorca-zum-uebernachten\/"},"modified":"2026-01-22T11:41:53","modified_gmt":"2026-01-22T11:41:53","slug":"beste-gebiete-auf-mallorca-zum-uebernachten","status":"publish","type":"post","link":"https:\/\/blog.k10mobility.com\/de\/beste-gebiete-auf-mallorca-zum-uebernachten\/","title":{"rendered":"Die besten Unterk\u00fcnfte auf Mallorca"},"content":{"rendered":"<p><span style=\"font-weight: 400;\">Mallorca ist ein mediterranes Paradies, das f\u00fcr jeden Reisetyp etwas zu bieten hat. Von paradiesischen Str\u00e4nden \u00fcber charmante Bergd\u00f6rfer bis hin zu pulsierenden St\u00e4dten voller Leben bietet die Insel f\u00fcr jeden Besucher ein einzigartiges Erlebnis. <\/span><\/p>\n<p><span style=\"font-weight: 400;\">Aber die Wahl des Aufenthaltsortes kann eine Herausforderung sein. Bevorzugen Sie die kosmopolitische Energie von Palma oder die Ruhe eines K\u00fcstenortes? Suchen Sie nach traumhaften Str\u00e4nden oder einem Eintauchen in die lokale Kultur? Keine Sorge, hier verraten wir Ihnen, welche Gegend Mallorcas sich am besten f\u00fcr Ihre Art von Reise eignet.   <\/span><\/p>\n<h2 id=\"von-toc-1\"><span style=\"font-weight: 400;\">Die besten Gegenden Mallorcas f\u00fcr Ihre Reise<\/span><\/h2>\n<h3 id=\"von-toc-2\">#1 Palma de Mallorca: ideal f\u00fcr Kultur und Nachtleben<\/h3>\n<p><span style=\"font-weight: 400;\">Wenn Sie jemand sind, der gerne die Altstadt erkundet, geschichtstr\u00e4chtige Orte entdeckt und ein Abendessen in einem typischen Restaurant genie\u00dft, ist Palma der richtige Ort f\u00fcr Sie. Die Hauptstadt der Insel ist das kulturelle und urbane Epizentrum von Mallorca. <\/span><\/p>\n<h4><span style=\"font-weight: 400;\">Was Sie in Palma nicht verpassen sollten:<\/span><\/h4>\n<ul>\n<li style=\"font-weight: 400;\" aria-level=\"1\"><span style=\"font-weight: 400;\">Die imposante <\/span><b>Kathedrale von Palma<\/b><span style=\"font-weight: 400;\"> und ihr spektakul\u00e4rer Blick auf das Meer.<\/span><\/li>\n<li style=\"font-weight: 400;\" aria-level=\"1\"><span style=\"font-weight: 400;\">Die <\/span><b>Schloss Bellver<\/b><span style=\"font-weight: 400;\">mit seiner ikonischen runden Form und dem Panoramablick.<\/span><\/li>\n<li style=\"font-weight: 400;\" aria-level=\"1\"><span style=\"font-weight: 400;\">Ein Spaziergang durch <\/span><b>Santa Catalina<\/b><span style=\"font-weight: 400;\">dem trendigen Viertel mit Restaurants und typischen Cocktailbars.<\/span><\/li>\n<li style=\"font-weight: 400;\" aria-level=\"1\"><span style=\"font-weight: 400;\">Das lebhafte Nachtleben am Paseo Mar\u00edtimo oder in den exklusiven Clubs der Stadt.<\/span><\/li>\n<\/ul>\n<p><span style=\"font-weight: 400;\">Wenn Sie auf der Suche nach der perfekten Kombination aus Geschichte, Shopping und Nachtleben sind, ist Palma der beste Ort f\u00fcr einen Aufenthalt auf Mallorca.<\/span><\/p>\n<h3 id=\"von-toc-3\">#2 Alcudia: die beste Gegend auf Mallorca f\u00fcr Familien<\/h3>\n<p><span style=\"font-weight: 400;\">Reisen mit Kindern kann eine Herausforderung sein, aber Alcudia macht es Ihnen leicht. Die ummauerte Altstadt ist ein magischer Ort zum Bummeln und die kristallklaren Str\u00e4nde sind perfekt f\u00fcr die Kleinen. <\/span><\/p>\n<h4><img fetchpriority=\"high\" decoding=\"async\" class=\"aligncenter wp-image-10895 size-full\" src=\"https:\/\/blog.k10mobility.com\/wp-content\/uploads\/2025\/03\/alcudia-1.jpg\" alt=\"Alcudia\" width=\"800\" height=\"1067\" srcset=\"https:\/\/blog.k10mobility.com\/wp-content\/uploads\/2025\/03\/alcudia-1.jpg 800w, https:\/\/blog.k10mobility.com\/wp-content\/uploads\/2025\/03\/alcudia-1-225x300.jpg 225w, https:\/\/blog.k10mobility.com\/wp-content\/uploads\/2025\/03\/alcudia-1-768x1024.jpg 768w\" sizes=\"(max-width: 800px) 100vw, 800px\" \/><\/h4>\n<h4>Gr\u00fcnde, sich f\u00fcr Alcudia zu entscheiden, wenn Sie mit Ihrer Familie unterwegs sind:<\/h4>\n<ul>\n<li style=\"font-weight: 400;\" aria-level=\"1\"><span style=\"font-weight: 400;\">Str\u00e4nde mit feinem Sand und ruhigem Wasser, wie der Playa de Alcudia, ideal f\u00fcr Kinder.<\/span><\/li>\n<li style=\"font-weight: 400;\" aria-level=\"1\"><span style=\"font-weight: 400;\">Ein fu\u00dfg\u00e4ngerfreundliches historisches Zentrum voller charmanter enger Gassen und familiengef\u00fchrter Restaurants.<\/span><\/li>\n<li style=\"font-weight: 400;\" aria-level=\"1\"><span style=\"font-weight: 400;\">Zahlreiche Aktivit\u00e4ten wie Bootsfahrten, Wasserparks und Fahrradtouren.<\/span><\/li>\n<li style=\"font-weight: 400;\" aria-level=\"1\"><span style=\"font-weight: 400;\">Einfacher Zugang zum Parc Natural de S&#8217;Albufera, ideal f\u00fcr einen Tag in der Natur.<\/span><\/li>\n<\/ul>\n<h3 id=\"von-toc-4\">#3 Playa de Muro: f\u00fcr Naturliebhaber<\/h3>\n<p><span style=\"font-weight: 400;\">Playa de Muro liegt direkt neben dem Naturpark S&#8217;Albufera und ist eine Oase der Ruhe und nat\u00fcrlichen Sch\u00f6nheit. Mit seinem wei\u00dfen Sand und dem kristallklaren Wasser ist er einer der spektakul\u00e4rsten Str\u00e4nde Mallorcas. <\/span><\/p>\n<h4>Warum ist Playa de Muro ideal, um abzuschalten?<\/h4>\n<ul>\n<li style=\"font-weight: 400;\" aria-level=\"1\"><span style=\"font-weight: 400;\">Eine unber\u00fchrte Umgebung ohne gro\u00dfe Hotelbauten.<\/span><\/li>\n<li style=\"font-weight: 400;\" aria-level=\"1\"><span style=\"font-weight: 400;\">Perfekt f\u00fcr Wassersportarten wie Paddelsurfen oder Kajakfahren.<\/span><\/li>\n<li style=\"font-weight: 400;\" aria-level=\"1\"><span style=\"font-weight: 400;\">Die N\u00e4he zum Naturpark, in dem Sie V\u00f6gel beobachten und die Wanderwege zwischen den Lagunen genie\u00dfen k\u00f6nnen.<\/span><\/li>\n<li style=\"font-weight: 400;\" aria-level=\"1\"><span style=\"font-weight: 400;\">Eine friedliche Umgebung, ideal f\u00fcr alle, die Entspannung und Kontakt zur Natur suchen.<\/span><\/li>\n<\/ul>\n<p><span style=\"font-weight: 400;\">Wenn Sie sich gerne in atemberaubenden Landschaften verlieren und das Meer ohne Menschenmassen genie\u00dfen m\u00f6chten, ist dies die richtige Gegend f\u00fcr Sie.<\/span><\/p>\n<h3 id=\"von-toc-5\">#4 Magaluf: f\u00fcr Partyg\u00e4nger<\/h3>\n<p><span style=\"font-weight: 400;\">Magaluf ist ein Synonym f\u00fcr grenzenlosen Spa\u00df. Dieses Reiseziel ist ber\u00fchmt f\u00fcr sein pulsierendes Nachtleben, mit Clubs und Bars, die bis zum Morgengrauen ge\u00f6ffnet sind. <\/span><\/p>\n<h4>Wenn Sie auf der Suche nach einer Party sind, ist Magaluf der richtige Ort f\u00fcr Sie:<\/h4>\n<ul>\n<li style=\"font-weight: 400;\" aria-level=\"1\"><span style=\"font-weight: 400;\">Hier gibt es einige der gr\u00f6\u00dften Clubs in Europa, wie zum Beispiel das BCM Planet Dance.<\/span><\/li>\n<li style=\"font-weight: 400;\" aria-level=\"1\"><span style=\"font-weight: 400;\">Es gibt eine Vielzahl von Bars mit Live-Musik und thematischen Veranstaltungen.<\/span><\/li>\n<li style=\"font-weight: 400;\" aria-level=\"1\"><span style=\"font-weight: 400;\">Tags\u00fcber k\u00f6nnen Sie Aktivit\u00e4ten wie Katamaranfahrten und Wassersport genie\u00dfen.<\/span><\/li>\n<li style=\"font-weight: 400;\" aria-level=\"1\"><span style=\"font-weight: 400;\">Es gibt eine gro\u00dfe Auswahl an Hotels mit einer jungen und festlichen Atmosph\u00e4re.<\/span><\/li>\n<\/ul>\n<p><span style=\"font-weight: 400;\">Wenn Sie mit Freunden unterwegs sind und das Feiern im Vordergrund steht, sind Sie hier genau richtig: Magaluf ist das Epizentrum des Nachtlebens auf Mallorca.<\/span><\/p>\n<h3 id=\"von-toc-6\">#5 Valldemossa und Dei\u00e0: f\u00fcr einen romantischen Kurzurlaub<\/h3>\n<p><span style=\"font-weight: 400;\">Wenn Sie von einem romantischen Urlaub auf Mallorca tr\u00e4umen, werden Sie sich in Valldemossa und Dei\u00e0 mit ihrem Charme verlieben. Diese in der Serra de Tramuntana gelegenen D\u00f6rfer scheinen direkt einem M\u00e4rchen entsprungen zu sein. <\/span><\/p>\n<p><img decoding=\"async\" class=\"size-full wp-image-10896 aligncenter\" src=\"https:\/\/blog.k10mobility.com\/wp-content\/uploads\/2025\/03\/valldemossa.jpg\" alt=\"Valldemossa\" width=\"800\" height=\"1067\" srcset=\"https:\/\/blog.k10mobility.com\/wp-content\/uploads\/2025\/03\/valldemossa.jpg 800w, https:\/\/blog.k10mobility.com\/wp-content\/uploads\/2025\/03\/valldemossa-225x300.jpg 225w, https:\/\/blog.k10mobility.com\/wp-content\/uploads\/2025\/03\/valldemossa-768x1024.jpg 768w\" sizes=\"(max-width: 800px) 100vw, 800px\" \/><\/p>\n<h4>Gr\u00fcnde f\u00fcr einen Aufenthalt in Valldemossa oder Dei\u00e0, wenn Sie zu zweit reisen:<\/h4>\n<ul>\n<li style=\"font-weight: 400;\" aria-level=\"1\"><span style=\"font-weight: 400;\">Gepflasterte Stra\u00dfen, Steinh\u00e4user und eine einzigartige b\u00f6hmische Atmosph\u00e4re.<\/span><\/li>\n<li style=\"font-weight: 400;\" aria-level=\"1\"><span style=\"font-weight: 400;\">Unvergessliche Sonnenunterg\u00e4nge auf den Klippen mit Blick auf das Meer.<\/span><\/li>\n<li style=\"font-weight: 400;\" aria-level=\"1\"><span style=\"font-weight: 400;\">Boutique-Hotels und charmante Landh\u00e4user.<\/span><\/li>\n<li style=\"font-weight: 400;\" aria-level=\"1\"><span style=\"font-weight: 400;\">Perfekte Wanderrouten, um besondere Momente zu teilen.<\/span><\/li>\n<\/ul>\n<p><span style=\"font-weight: 400;\">Wenn Sie auf der Suche nach einem besonderen Ausflug mit Ihrem Partner sind, werden Ihnen diese mallorquinischen Orte ein einzigartiges und unvergessliches Erlebnis bieten.<\/span><\/p>\n<h2 id=\"von-toc-7\"><span style=\"font-weight: 400;\">Entdecken Sie Mallorca in Ihrem eigenen Tempo<\/span><\/h2>\n<p><span style=\"font-weight: 400;\">F\u00fcr welche Gegend Sie sich auch entscheiden, es ist am besten, einen Mietwagen zu haben, um sich frei bewegen zu k\u00f6nnen. Wenn Sie in einer Gruppe unterwegs sind, sehen Sie sich unsere Optionen an<\/span> <b>7-Sitzer Autovermietung mallorca<\/b><span style=\"font-weight: 400;\"> o <\/span><b>9-Sitzer Autovermietung mallorca<\/b><span style=\"font-weight: 400;\">.<\/span><\/p>\n<h2 id=\"von-toc-8\"><span style=\"font-weight: 400;\">Einige h\u00e4ufig gestellte Fragen von unseren Kunden:  <\/span><\/h2>\n<h3 id=\"von-toc-9\">Wo ist die beste Gegend auf Mallorca f\u00fcr einen Aufenthalt zu zweit?<\/h3>\n<p><span style=\"font-weight: 400;\">Valldemossa und Dei\u00e0 sind ideal f\u00fcr einen romantischen Kurzurlaub.<\/span><\/p>\n<h3 id=\"von-toc-10\">Wo kann ich \u00fcbernachten, wenn ich die ganze Insel sehen m\u00f6chte?<\/h3>\n<p><span style=\"font-weight: 400;\">Palma ist ein guter Ausgangspunkt, weil es mit dem Rest der Insel verbunden ist.<\/span><\/p>\n<h3 id=\"von-toc-11\">Wo ist der beste Strand f\u00fcr einen Aufenthalt auf Mallorca?<\/h3>\n<p><span style=\"font-weight: 400;\">Playa de Muro ist einer der am meisten empfohlenen Orte f\u00fcr seine Sch\u00f6nheit und Ruhe.<\/span><\/p>\n<p><span style=\"font-weight: 400;\">Mallorca hat f\u00fcr jeden Reisenden die perfekte Gegend. Wie auch immer Ihre Wahl ausf\u00e4llt, stellen Sie sicher, dass Sie mobil sind, um all seine <\/span><b>Mobilit\u00e4t, um all seine Ecken und Winkel zu entdecken.<\/b><span style=\"font-weight: 400;\">Buchen Sie Ihr Auto und genie\u00dfen Sie die Insel ohne Grenzen!<\/span><\/p>\n","protected":false},"excerpt":{"rendered":"<p>Mallorca ist ein mediterranes Paradies, das f\u00fcr jeden Reisetyp etwas zu bieten hat. Von paradiesischen Str\u00e4nden \u00fcber charmante Bergd\u00f6rfer bis hin zu pulsierenden St\u00e4dten voller Leben bietet die Insel f\u00fcr jeden Besucher ein einzigartiges Erlebnis. Aber die Wahl des Aufenthaltsortes kann eine Herausforderung sein. Bevorzugen Sie die kosmopolitische Energie von Palma oder die Ruhe eines &#8230; <a title=\"Die besten Unterk\u00fcnfte auf Mallorca\" class=\"read-more\" href=\"https:\/\/blog.k10mobility.com\/de\/beste-gebiete-auf-mallorca-zum-uebernachten\/\" aria-label=\"Mehr Informationen \u00fcber Die besten Unterk\u00fcnfte auf Mallorca\">Weiterlesen<\/a><\/p>\n","protected":false},"author":2,"featured_media":13829,"comment_status":"closed","ping_status":"closed","sticky":false,"template":"","format":"standard","meta":{"footnotes":""},"categories":[233],"tags":[],"class_list":["post-13827","post","type-post","status-publish","format-standard","has-post-thumbnail","hentry","category-mallorca"],"yoast_head":"<!-- This site is optimized with the Yoast SEO plugin v27.4 - https:\/\/yoast.com\/product\/yoast-seo-wordpress\/ -->\n<title>Die besten Unterk\u00fcnfte auf Mallorca - K10 Mobility<\/title>\n<meta name=\"description\" content=\"Mallorca ist ein mediterranes Paradies mit M\u00f6glichkeiten f\u00fcr alle Arten von Reisenden. Entdecken Sie die besten Unterk\u00fcnfte auf Mallorca.\" \/>\n<meta name=\"robots\" content=\"index, follow, max-snippet:-1, max-image-preview:large, max-video-preview:-1\" \/>\n<link rel=\"canonical\" href=\"https:\/\/blog.k10mobility.com\/de\/beste-gebiete-auf-mallorca-zum-uebernachten\/\" \/>\n<meta property=\"og:locale\" content=\"de_DE\" \/>\n<meta property=\"og:type\" content=\"article\" \/>\n<meta property=\"og:title\" content=\"Die besten Unterk\u00fcnfte auf Mallorca - K10 Mobility\" \/>\n<meta property=\"og:description\" content=\"Mallorca ist ein mediterranes Paradies mit M\u00f6glichkeiten f\u00fcr alle Arten von Reisenden. Entdecken Sie die besten Unterk\u00fcnfte auf Mallorca.\" \/>\n<meta property=\"og:url\" content=\"https:\/\/blog.k10mobility.com\/de\/beste-gebiete-auf-mallorca-zum-uebernachten\/\" \/>\n<meta property=\"og:site_name\" content=\"K10 Mobility\" \/>\n<meta property=\"article:publisher\" content=\"https:\/\/www.facebook.com\/k10mobility\/\" \/>\n<meta property=\"article:published_time\" content=\"2025-03-21T11:55:59+00:00\" \/>\n<meta property=\"article:modified_time\" content=\"2026-01-22T11:41:53+00:00\" \/>\n<meta property=\"og:image\" content=\"https:\/\/blog.k10mobility.com\/wp-content\/uploads\/2025\/03\/mejores-zonas-mallorca-alojarse-1.jpg\" \/>\n\t<meta property=\"og:image:width\" content=\"700\" \/>\n\t<meta property=\"og:image:height\" content=\"600\" \/>\n\t<meta property=\"og:image:type\" content=\"image\/jpeg\" \/>\n<meta name=\"author\" content=\"Luis Ram\u00eds\" \/>\n<meta name=\"twitter:card\" content=\"summary_large_image\" \/>\n<meta name=\"twitter:label1\" content=\"Verfasst von\" \/>\n\t<meta name=\"twitter:data1\" content=\"Luis Ram\u00eds\" \/>\n\t<meta name=\"twitter:label2\" content=\"Gesch\u00e4tzte Lesezeit\" \/>\n\t<meta name=\"twitter:data2\" content=\"5\u00a0Minuten\" \/>\n<script type=\"application\/ld+json\" class=\"yoast-schema-graph\">{\"@context\":\"https:\\\/\\\/schema.org\",\"@graph\":[{\"@type\":\"Article\",\"@id\":\"https:\\\/\\\/blog.k10mobility.com\\\/de\\\/beste-gebiete-auf-mallorca-zum-uebernachten\\\/#article\",\"isPartOf\":{\"@id\":\"https:\\\/\\\/blog.k10mobility.com\\\/de\\\/beste-gebiete-auf-mallorca-zum-uebernachten\\\/\"},\"author\":{\"name\":\"Luis Ram\u00eds\",\"@id\":\"https:\\\/\\\/blog.k10mobility.com\\\/de\\\/#\\\/schema\\\/person\\\/5f18469c790b92d83fdd98422e621da8\"},\"headline\":\"Die besten Unterk\u00fcnfte auf Mallorca\",\"datePublished\":\"2025-03-21T11:55:59+00:00\",\"dateModified\":\"2026-01-22T11:41:53+00:00\",\"mainEntityOfPage\":{\"@id\":\"https:\\\/\\\/blog.k10mobility.com\\\/de\\\/beste-gebiete-auf-mallorca-zum-uebernachten\\\/\"},\"wordCount\":919,\"publisher\":{\"@id\":\"https:\\\/\\\/blog.k10mobility.com\\\/de\\\/#organization\"},\"image\":{\"@id\":\"https:\\\/\\\/blog.k10mobility.com\\\/de\\\/beste-gebiete-auf-mallorca-zum-uebernachten\\\/#primaryimage\"},\"thumbnailUrl\":\"https:\\\/\\\/blog.k10mobility.com\\\/wp-content\\\/uploads\\\/2025\\\/03\\\/mejores-zonas-mallorca-alojarse-1.jpg\",\"articleSection\":[\"Mallorca\"],\"inLanguage\":\"de\"},{\"@type\":\"WebPage\",\"@id\":\"https:\\\/\\\/blog.k10mobility.com\\\/de\\\/beste-gebiete-auf-mallorca-zum-uebernachten\\\/\",\"url\":\"https:\\\/\\\/blog.k10mobility.com\\\/de\\\/beste-gebiete-auf-mallorca-zum-uebernachten\\\/\",\"name\":\"Die besten Unterk\u00fcnfte auf Mallorca - K10 Mobility\",\"isPartOf\":{\"@id\":\"https:\\\/\\\/blog.k10mobility.com\\\/de\\\/#website\"},\"primaryImageOfPage\":{\"@id\":\"https:\\\/\\\/blog.k10mobility.com\\\/de\\\/beste-gebiete-auf-mallorca-zum-uebernachten\\\/#primaryimage\"},\"image\":{\"@id\":\"https:\\\/\\\/blog.k10mobility.com\\\/de\\\/beste-gebiete-auf-mallorca-zum-uebernachten\\\/#primaryimage\"},\"thumbnailUrl\":\"https:\\\/\\\/blog.k10mobility.com\\\/wp-content\\\/uploads\\\/2025\\\/03\\\/mejores-zonas-mallorca-alojarse-1.jpg\",\"datePublished\":\"2025-03-21T11:55:59+00:00\",\"dateModified\":\"2026-01-22T11:41:53+00:00\",\"description\":\"Mallorca ist ein mediterranes Paradies mit M\u00f6glichkeiten f\u00fcr alle Arten von Reisenden. Entdecken Sie die besten Unterk\u00fcnfte auf Mallorca.\",\"breadcrumb\":{\"@id\":\"https:\\\/\\\/blog.k10mobility.com\\\/de\\\/beste-gebiete-auf-mallorca-zum-uebernachten\\\/#breadcrumb\"},\"inLanguage\":\"de\",\"potentialAction\":[{\"@type\":\"ReadAction\",\"target\":[\"https:\\\/\\\/blog.k10mobility.com\\\/de\\\/beste-gebiete-auf-mallorca-zum-uebernachten\\\/\"]}]},{\"@type\":\"ImageObject\",\"inLanguage\":\"de\",\"@id\":\"https:\\\/\\\/blog.k10mobility.com\\\/de\\\/beste-gebiete-auf-mallorca-zum-uebernachten\\\/#primaryimage\",\"url\":\"https:\\\/\\\/blog.k10mobility.com\\\/wp-content\\\/uploads\\\/2025\\\/03\\\/mejores-zonas-mallorca-alojarse-1.jpg\",\"contentUrl\":\"https:\\\/\\\/blog.k10mobility.com\\\/wp-content\\\/uploads\\\/2025\\\/03\\\/mejores-zonas-mallorca-alojarse-1.jpg\",\"width\":700,\"height\":600,\"caption\":\"Die besten Unterk\u00fcnfte auf Mallorca\"},{\"@type\":\"BreadcrumbList\",\"@id\":\"https:\\\/\\\/blog.k10mobility.com\\\/de\\\/beste-gebiete-auf-mallorca-zum-uebernachten\\\/#breadcrumb\",\"itemListElement\":[{\"@type\":\"ListItem\",\"position\":1,\"name\":\"K10 Mobility\",\"item\":\"https:\\\/\\\/blog.k10mobility.com\\\/de\\\/\"},{\"@type\":\"ListItem\",\"position\":2,\"name\":\"Die besten Unterk\u00fcnfte auf Mallorca\"}]},{\"@type\":\"WebSite\",\"@id\":\"https:\\\/\\\/blog.k10mobility.com\\\/de\\\/#website\",\"url\":\"https:\\\/\\\/blog.k10mobility.com\\\/de\\\/\",\"name\":\"K10 Mobility\",\"description\":\"Rent a car en Ibiza y Mallorca\",\"publisher\":{\"@id\":\"https:\\\/\\\/blog.k10mobility.com\\\/de\\\/#organization\"},\"alternateName\":\"K10 Rent a car\",\"potentialAction\":[{\"@type\":\"SearchAction\",\"target\":{\"@type\":\"EntryPoint\",\"urlTemplate\":\"https:\\\/\\\/blog.k10mobility.com\\\/de\\\/?s={search_term_string}\"},\"query-input\":{\"@type\":\"PropertyValueSpecification\",\"valueRequired\":true,\"valueName\":\"search_term_string\"}}],\"inLanguage\":\"de\"},{\"@type\":\"Organization\",\"@id\":\"https:\\\/\\\/blog.k10mobility.com\\\/de\\\/#organization\",\"name\":\"K10 Mobility\",\"alternateName\":\"K10 Mobility rent a car en Ibiza y Mallorca\",\"url\":\"https:\\\/\\\/blog.k10mobility.com\\\/de\\\/\",\"logo\":{\"@type\":\"ImageObject\",\"inLanguage\":\"de\",\"@id\":\"https:\\\/\\\/blog.k10mobility.com\\\/de\\\/#\\\/schema\\\/logo\\\/image\\\/\",\"url\":\"https:\\\/\\\/blog.k10mobility.com\\\/wp-content\\\/uploads\\\/2025\\\/11\\\/cropped-Logo-K10-color-apaisado.png\",\"contentUrl\":\"https:\\\/\\\/blog.k10mobility.com\\\/wp-content\\\/uploads\\\/2025\\\/11\\\/cropped-Logo-K10-color-apaisado.png\",\"width\":665,\"height\":105,\"caption\":\"K10 Mobility\"},\"image\":{\"@id\":\"https:\\\/\\\/blog.k10mobility.com\\\/de\\\/#\\\/schema\\\/logo\\\/image\\\/\"},\"sameAs\":[\"https:\\\/\\\/www.facebook.com\\\/k10mobility\\\/\",\"https:\\\/\\\/www.instagram.com\\\/k10mobility\\\/\"]},{\"@type\":\"Person\",\"@id\":\"https:\\\/\\\/blog.k10mobility.com\\\/de\\\/#\\\/schema\\\/person\\\/5f18469c790b92d83fdd98422e621da8\",\"name\":\"Luis Ram\u00eds\",\"image\":{\"@type\":\"ImageObject\",\"inLanguage\":\"de\",\"@id\":\"https:\\\/\\\/secure.gravatar.com\\\/avatar\\\/30162c41d6f584ef954ac19546d34176104f5a2b363cc65fe6c8b9dc6c1ed9ac?s=96&d=mm&r=g\",\"url\":\"https:\\\/\\\/secure.gravatar.com\\\/avatar\\\/30162c41d6f584ef954ac19546d34176104f5a2b363cc65fe6c8b9dc6c1ed9ac?s=96&d=mm&r=g\",\"contentUrl\":\"https:\\\/\\\/secure.gravatar.com\\\/avatar\\\/30162c41d6f584ef954ac19546d34176104f5a2b363cc65fe6c8b9dc6c1ed9ac?s=96&d=mm&r=g\",\"caption\":\"Luis Ram\u00eds\"},\"url\":\"https:\\\/\\\/blog.k10mobility.com\\\/de\\\/author\\\/luisr4m1s_k10\\\/\"}]}<\/script>\n<!-- \/ Yoast SEO plugin. -->","yoast_head_json":{"title":"Die besten Unterk\u00fcnfte auf Mallorca - K10 Mobility","description":"Mallorca ist ein mediterranes Paradies mit M\u00f6glichkeiten f\u00fcr alle Arten von Reisenden. Entdecken Sie die besten Unterk\u00fcnfte auf Mallorca.","robots":{"index":"index","follow":"follow","max-snippet":"max-snippet:-1","max-image-preview":"max-image-preview:large","max-video-preview":"max-video-preview:-1"},"canonical":"https:\/\/blog.k10mobility.com\/de\/beste-gebiete-auf-mallorca-zum-uebernachten\/","og_locale":"de_DE","og_type":"article","og_title":"Die besten Unterk\u00fcnfte auf Mallorca - K10 Mobility","og_description":"Mallorca ist ein mediterranes Paradies mit M\u00f6glichkeiten f\u00fcr alle Arten von Reisenden. Entdecken Sie die besten Unterk\u00fcnfte auf Mallorca.","og_url":"https:\/\/blog.k10mobility.com\/de\/beste-gebiete-auf-mallorca-zum-uebernachten\/","og_site_name":"K10 Mobility","article_publisher":"https:\/\/www.facebook.com\/k10mobility\/","article_published_time":"2025-03-21T11:55:59+00:00","article_modified_time":"2026-01-22T11:41:53+00:00","og_image":[{"width":700,"height":600,"url":"https:\/\/blog.k10mobility.com\/wp-content\/uploads\/2025\/03\/mejores-zonas-mallorca-alojarse-1.jpg","type":"image\/jpeg"}],"author":"Luis Ram\u00eds","twitter_card":"summary_large_image","twitter_misc":{"Verfasst von":"Luis Ram\u00eds","Gesch\u00e4tzte Lesezeit":"5\u00a0Minuten"},"schema":{"@context":"https:\/\/schema.org","@graph":[{"@type":"Article","@id":"https:\/\/blog.k10mobility.com\/de\/beste-gebiete-auf-mallorca-zum-uebernachten\/#article","isPartOf":{"@id":"https:\/\/blog.k10mobility.com\/de\/beste-gebiete-auf-mallorca-zum-uebernachten\/"},"author":{"name":"Luis Ram\u00eds","@id":"https:\/\/blog.k10mobility.com\/de\/#\/schema\/person\/5f18469c790b92d83fdd98422e621da8"},"headline":"Die besten Unterk\u00fcnfte auf Mallorca","datePublished":"2025-03-21T11:55:59+00:00","dateModified":"2026-01-22T11:41:53+00:00","mainEntityOfPage":{"@id":"https:\/\/blog.k10mobility.com\/de\/beste-gebiete-auf-mallorca-zum-uebernachten\/"},"wordCount":919,"publisher":{"@id":"https:\/\/blog.k10mobility.com\/de\/#organization"},"image":{"@id":"https:\/\/blog.k10mobility.com\/de\/beste-gebiete-auf-mallorca-zum-uebernachten\/#primaryimage"},"thumbnailUrl":"https:\/\/blog.k10mobility.com\/wp-content\/uploads\/2025\/03\/mejores-zonas-mallorca-alojarse-1.jpg","articleSection":["Mallorca"],"inLanguage":"de"},{"@type":"WebPage","@id":"https:\/\/blog.k10mobility.com\/de\/beste-gebiete-auf-mallorca-zum-uebernachten\/","url":"https:\/\/blog.k10mobility.com\/de\/beste-gebiete-auf-mallorca-zum-uebernachten\/","name":"Die besten Unterk\u00fcnfte auf Mallorca - K10 Mobility","isPartOf":{"@id":"https:\/\/blog.k10mobility.com\/de\/#website"},"primaryImageOfPage":{"@id":"https:\/\/blog.k10mobility.com\/de\/beste-gebiete-auf-mallorca-zum-uebernachten\/#primaryimage"},"image":{"@id":"https:\/\/blog.k10mobility.com\/de\/beste-gebiete-auf-mallorca-zum-uebernachten\/#primaryimage"},"thumbnailUrl":"https:\/\/blog.k10mobility.com\/wp-content\/uploads\/2025\/03\/mejores-zonas-mallorca-alojarse-1.jpg","datePublished":"2025-03-21T11:55:59+00:00","dateModified":"2026-01-22T11:41:53+00:00","description":"Mallorca ist ein mediterranes Paradies mit M\u00f6glichkeiten f\u00fcr alle Arten von Reisenden. Entdecken Sie die besten Unterk\u00fcnfte auf Mallorca.","breadcrumb":{"@id":"https:\/\/blog.k10mobility.com\/de\/beste-gebiete-auf-mallorca-zum-uebernachten\/#breadcrumb"},"inLanguage":"de","potentialAction":[{"@type":"ReadAction","target":["https:\/\/blog.k10mobility.com\/de\/beste-gebiete-auf-mallorca-zum-uebernachten\/"]}]},{"@type":"ImageObject","inLanguage":"de","@id":"https:\/\/blog.k10mobility.com\/de\/beste-gebiete-auf-mallorca-zum-uebernachten\/#primaryimage","url":"https:\/\/blog.k10mobility.com\/wp-content\/uploads\/2025\/03\/mejores-zonas-mallorca-alojarse-1.jpg","contentUrl":"https:\/\/blog.k10mobility.com\/wp-content\/uploads\/2025\/03\/mejores-zonas-mallorca-alojarse-1.jpg","width":700,"height":600,"caption":"Die besten Unterk\u00fcnfte auf Mallorca"},{"@type":"BreadcrumbList","@id":"https:\/\/blog.k10mobility.com\/de\/beste-gebiete-auf-mallorca-zum-uebernachten\/#breadcrumb","itemListElement":[{"@type":"ListItem","position":1,"name":"K10 Mobility","item":"https:\/\/blog.k10mobility.com\/de\/"},{"@type":"ListItem","position":2,"name":"Die besten Unterk\u00fcnfte auf Mallorca"}]},{"@type":"WebSite","@id":"https:\/\/blog.k10mobility.com\/de\/#website","url":"https:\/\/blog.k10mobility.com\/de\/","name":"K10 Mobility","description":"Rent a car en Ibiza y Mallorca","publisher":{"@id":"https:\/\/blog.k10mobility.com\/de\/#organization"},"alternateName":"K10 Rent a car","potentialAction":[{"@type":"SearchAction","target":{"@type":"EntryPoint","urlTemplate":"https:\/\/blog.k10mobility.com\/de\/?s={search_term_string}"},"query-input":{"@type":"PropertyValueSpecification","valueRequired":true,"valueName":"search_term_string"}}],"inLanguage":"de"},{"@type":"Organization","@id":"https:\/\/blog.k10mobility.com\/de\/#organization","name":"K10 Mobility","alternateName":"K10 Mobility rent a car en Ibiza y Mallorca","url":"https:\/\/blog.k10mobility.com\/de\/","logo":{"@type":"ImageObject","inLanguage":"de","@id":"https:\/\/blog.k10mobility.com\/de\/#\/schema\/logo\/image\/","url":"https:\/\/blog.k10mobility.com\/wp-content\/uploads\/2025\/11\/cropped-Logo-K10-color-apaisado.png","contentUrl":"https:\/\/blog.k10mobility.com\/wp-content\/uploads\/2025\/11\/cropped-Logo-K10-color-apaisado.png","width":665,"height":105,"caption":"K10 Mobility"},"image":{"@id":"https:\/\/blog.k10mobility.com\/de\/#\/schema\/logo\/image\/"},"sameAs":["https:\/\/www.facebook.com\/k10mobility\/","https:\/\/www.instagram.com\/k10mobility\/"]},{"@type":"Person","@id":"https:\/\/blog.k10mobility.com\/de\/#\/schema\/person\/5f18469c790b92d83fdd98422e621da8","name":"Luis Ram\u00eds","image":{"@type":"ImageObject","inLanguage":"de","@id":"https:\/\/secure.gravatar.com\/avatar\/30162c41d6f584ef954ac19546d34176104f5a2b363cc65fe6c8b9dc6c1ed9ac?s=96&d=mm&r=g","url":"https:\/\/secure.gravatar.com\/avatar\/30162c41d6f584ef954ac19546d34176104f5a2b363cc65fe6c8b9dc6c1ed9ac?s=96&d=mm&r=g","contentUrl":"https:\/\/secure.gravatar.com\/avatar\/30162c41d6f584ef954ac19546d34176104f5a2b363cc65fe6c8b9dc6c1ed9ac?s=96&d=mm&r=g","caption":"Luis Ram\u00eds"},"url":"https:\/\/blog.k10mobility.com\/de\/author\/luisr4m1s_k10\/"}]}},"_links":{"self":[{"href":"https:\/\/blog.k10mobility.com\/de\/wp-json\/wp\/v2\/posts\/13827","targetHints":{"allow":["GET"]}}],"collection":[{"href":"https:\/\/blog.k10mobility.com\/de\/wp-json\/wp\/v2\/posts"}],"about":[{"href":"https:\/\/blog.k10mobility.com\/de\/wp-json\/wp\/v2\/types\/post"}],"author":[{"embeddable":true,"href":"https:\/\/blog.k10mobility.com\/de\/wp-json\/wp\/v2\/users\/2"}],"replies":[{"embeddable":true,"href":"https:\/\/blog.k10mobility.com\/de\/wp-json\/wp\/v2\/comments?post=13827"}],"version-history":[{"count":2,"href":"https:\/\/blog.k10mobility.com\/de\/wp-json\/wp\/v2\/posts\/13827\/revisions"}],"predecessor-version":[{"id":14160,"href":"https:\/\/blog.k10mobility.com\/de\/wp-json\/wp\/v2\/posts\/13827\/revisions\/14160"}],"wp:featuredmedia":[{"embeddable":true,"href":"https:\/\/blog.k10mobility.com\/de\/wp-json\/wp\/v2\/media\/13829"}],"wp:attachment":[{"href":"https:\/\/blog.k10mobility.com\/de\/wp-json\/wp\/v2\/media?parent=13827"}],"wp:term":[{"taxonomy":"category","embeddable":true,"href":"https:\/\/blog.k10mobility.com\/de\/wp-json\/wp\/v2\/categories?post=13827"},{"taxonomy":"post_tag","embeddable":true,"href":"https:\/\/blog.k10mobility.com\/de\/wp-json\/wp\/v2\/tags?post=13827"}],"curies":[{"name":"wp","href":"https:\/\/api.w.org\/{rel}","templated":true}]}}