{"id":15235,"date":"2026-03-25T15:16:23","date_gmt":"2026-03-25T15:16:23","guid":{"rendered":"https:\/\/blog.k10mobility.com\/was-sie-auf-mallorca-sehen-sollten-ihr-unverzichtbarer-reisefuehrer-fuer-die-insel\/"},"modified":"2026-04-09T11:22:16","modified_gmt":"2026-04-09T11:22:16","slug":"was-sie-auf-mallorca-sehen-sollten-ihr-unverzichtbarer-reisefuehrer-fuer-die-insel","status":"publish","type":"post","link":"https:\/\/blog.k10mobility.com\/de\/was-sie-auf-mallorca-sehen-sollten-ihr-unverzichtbarer-reisefuehrer-fuer-die-insel\/","title":{"rendered":"Was Sie auf Mallorca sehen sollten: Ihr unverzichtbarer Reisef\u00fchrer f\u00fcr die Insel"},"content":{"rendered":"<p>Mallorca ist viel mehr als nur sch\u00f6ne Str\u00e4nde: alte Geschichte, charmante D\u00f6rfer, atemberaubende Natur und mediterrane Kultur auf Schritt und Tritt. Wenn Sie sich fragen, was Sie bei Ihrem n\u00e4chsten Besuch <strong>auf Mallorca sehen sollten<\/strong>, f\u00fchrt Sie dieser Reisef\u00fchrer zu den Orten, Erlebnissen und Tipps, die Ihre Reise unvergesslich machen werden. <\/p>\n<p><!-- \/wp:post-content --><!-- wp:heading --><\/p>\n<h2 id=\"von-toc-1\">Entdecken Sie die besten Str\u00e4nde und Buchten Mallorcas<\/h2>\n<p><!-- \/wp:heading --><!-- wp:paragraph --><\/p>\n<p>Eine der besten Antworten auf die Frage, was es auf Mallorca zu sehen gibt, sind die Str\u00e4nde und Buchten.  <strong>Die Insel hat eine kilometerlange K\u00fcste mit kristallklarem Wasser und einzigartigen Landschaften, die Sie sich nicht entgehen lassen sollten.  <\/strong>Wir empfehlen Ihnen:<\/p>\n<ul>\n<li aria-level=\"1\"><strong>Es Trenc<\/strong>: Einer der emblematischsten Str\u00e4nde Mallorcas, mit wei\u00dfem Sand und t\u00fcrkisfarbenem Wasser.<\/li>\n<li aria-level=\"1\"><strong>Cal\u00f3 des Moro<\/strong>: Eine zwischen Klippen versteckte Bucht, die wie eine Postkarte aussieht.<\/li>\n<li aria-level=\"1\"><strong>Cala Mondrag\u00f3<\/strong>: In einem Naturpark gelegen, perfekt um Meer und Natur zu kombinieren.<\/li>\n<li aria-level=\"1\"><strong>Cala s&#8217;Almunia: das<\/strong>Wunder, das Sie auf dem vorherigen Foto sehen.<\/li>\n<li aria-level=\"1\"><strong>Playa de Formentor<\/strong>: Weitl\u00e4ufig und leicht zug\u00e4nglich, ideal, wenn Sie von Palma de Mallorca aus kommen.<\/li>\n<\/ul>\n<p>Diese Gebiete sind eindeutige Beispiele f\u00fcr Orte, die Sie besuchen sollten, wenn Sie das Meer und die Sonne auf Mallorca genie\u00dfen m\u00f6chten, aber Sie k\u00f6nnen auch ruhigere und abgelegenere Buchten entlang der Strecke finden.<\/p>\n<p><!-- \/wp:paragraph --><!-- wp:heading {\"level\":3} \/--><!-- wp:image {\"id\":5046,\"sizeSlug\":\"full\",\"linkDestination\":\"none\"} --><\/p>\n<figure class=\"wp-block-image size-full\"><img fetchpriority=\"high\" decoding=\"async\" width=\"800\" height=\"450\" class=\"wp-image-5046\" src=\"https:\/\/blog.k10mobility.com\/wp-content\/uploads\/2022\/11\/cala-mendia-que-ver-mallorca.jpg\" alt=\"besuchen sie buchten auf mallorca\" srcset=\"https:\/\/blog.k10mobility.com\/wp-content\/uploads\/2022\/11\/cala-mendia-que-ver-mallorca.jpg 800w, https:\/\/blog.k10mobility.com\/wp-content\/uploads\/2022\/11\/cala-mendia-que-ver-mallorca-300x169.jpg 300w, https:\/\/blog.k10mobility.com\/wp-content\/uploads\/2022\/11\/cala-mendia-que-ver-mallorca-768x432.jpg 768w\" sizes=\"(max-width: 800px) 100vw, 800px\" \/><\/figure>\n<p><!-- \/wp:image --><!-- wp:spacer {\"height\":\"40px\"} --><\/p>\n<h3 id=\"von-toc-2\">Die Kathedrale von Palma: ein historisches Must-See<\/h3>\n<p>Das historische Herz der Insel liegt in <strong>Palma de Mallorca<\/strong>, und sein gro\u00dfes Juwel ist die <strong>Kathedrale Santa Maria<\/strong>, bekannt als La Seu. Dieser beeindruckende gotische Tempel \u00fcberblickt die Bucht und ist eine der Top-Sehensw\u00fcrdigkeiten auf Mallorca. <\/p>\n<p>Rund um die Kathedrale finden Sie die Altstadt mit ihren mittelalterlichen Stra\u00dfen, charmanten Pl\u00e4tzen und Ecken, die zum Bummeln und Lernen \u00fcber die Geschichte der Insel einladen.<\/p>\n<h3 id=\"von-toc-3\">Entdecken Sie die Serra de Tramuntana<\/h3>\n<p>Die <strong>Serra de Tramuntana<\/strong> ist ein zum Weltkulturerbe erkl\u00e4rter Gebirgszug, der sich entlang der Nordwestk\u00fcste Mallorcas erstreckt.<\/p>\n<p>In dieser Gegend k\u00f6nnen Sie besuchen:<\/p>\n<ul>\n<li style=\"font-weight: 400;\" aria-level=\"1\"><strong>Valldemossa<\/strong>, ein sch\u00f6nes Bergdorf mit viel Charme.<\/li>\n<li style=\"font-weight: 400;\" aria-level=\"1\"><strong>Dei\u00e0<\/strong> und der Aussichtspunkt <strong>Sa Foradada<\/strong> mit spektakul\u00e4rem Blick auf das Meer.<\/li>\n<li aria-level=\"1\">Wanderrouten, die Natur und Panoramablick kombinieren.<\/li>\n<\/ul>\n<p>Die Tramuntana ist einer der Hauptgr\u00fcnde, warum Reisende wieder auf die Insel kommen: Natur, Ruhe und einzigartige Panoramen.<\/p>\n<p><img decoding=\"async\" class=\"alignnone size-full wp-image-10053\" src=\"https:\/\/blog.k10mobility.com\/wp-content\/uploads\/2024\/12\/mallorca-serra-tramuntana-invierno.webp\" alt=\"Serra de Tramuntana im Winter\" width=\"740\" height=\"493\" srcset=\"https:\/\/blog.k10mobility.com\/wp-content\/uploads\/2024\/12\/mallorca-serra-tramuntana-invierno.webp 740w, https:\/\/blog.k10mobility.com\/wp-content\/uploads\/2024\/12\/mallorca-serra-tramuntana-invierno-300x200.webp 300w\" sizes=\"(max-width: 740px) 100vw, 740px\" \/><\/p>\n<h2 id=\"von-toc-4\">Die mallorquinische Gastronomie: K\u00f6stlichkeiten, die man nicht verpassen sollte<\/h2>\n<p>Mallorca hat nicht nur Landschaften zu bieten. Die Gastronomie ist ein weiterer Grund, warum die Insel auf vielen Listen der <strong>Sehensw\u00fcrdigkeiten Mallorcas<\/strong> zu finden ist. <\/p>\n<p>Probieren Sie traditionelle Gerichte wie:<\/p>\n<ul>\n<li style=\"font-weight: 400;\" aria-level=\"1\"><strong>Ensaimada<\/strong>, eine traditionelle mallorquinische S\u00fc\u00dfigkeit mit jahrhundertealter Geschichte.<\/li>\n<li style=\"font-weight: 400;\" aria-level=\"1\"><strong>Gerichte mit Produkten aus dem Meer und vom Lande<\/strong>, von Reisgerichten bis zu typischen Eint\u00f6pfen.<\/li>\n<li style=\"font-weight: 400;\" aria-level=\"1\">Lokale Tapas oder M\u00e4rkte wie Santa Catalina in <strong>Palma de Mallorca<\/strong>, wo sich lokale und moderne Aromen vermischen.<\/li>\n<\/ul>\n<p>Essen ist ein wesentlicher Bestandteil jeder Reise und auf Mallorca ist es auch ein Teil der kulturellen Erfahrung.<\/p>\n<h2 id=\"von-toc-5\">Tipps zur Mobilit\u00e4t: Wie Sie sich auf Mallorca fortbewegen k\u00f6nnen (K10 Mobilit\u00e4t)<\/h2>\n<h3 id=\"von-toc-6\">Ein Auto mieten<\/h3>\n<p>Mallorca ist gro\u00df und viele der sch\u00f6nsten Orte, die Sie sehen k\u00f6nnen, sind nicht durch effiziente \u00f6ffentliche Verkehrsmittel verbunden.<\/p>\n<p>Die Fortbewegung mit dem Auto erm\u00f6glicht es Ihnen:<\/p>\n<ul>\n<li aria-level=\"1\">Erforschen Sie versteckte Buchten.<\/li>\n<li aria-level=\"1\">Erreichen von Bergd\u00f6rfern.<\/li>\n<li aria-level=\"1\">\u00c4ndern Sie Ihre Pl\u00e4ne je nach Wetterlage oder Tageszeit.<\/li>\n<\/ul>\n<p>Daf\u00fcr ist es eine gute Option, Ihren Mietwagen auf Mallorca zu organisieren. <a href=\"https:\/\/k10mobility.com\/es\/alquiler-coche-mallorca\/\" target=\"_blank\" rel=\"noopener\"><strong>Autovermietung auf Mallorca <\/strong><\/a>im Voraus zu organisieren, insbesondere wenn Ihre Reise am Flughafen beginnt.<\/p>\n<h3 id=\"von-toc-7\">\u00d6ffentliche Verkehrsmittel und Alternativen<\/h3>\n<p>Wenn Sie nicht mit dem Auto fahren wollen oder k\u00f6nnen, gibt es auf der Insel M\u00f6glichkeiten wie Busse und Z\u00fcge auf einigen Strecken, z.B. den Tren de S\u00f3ller, der mit <strong>Palma de Mallorca<\/strong> verbunden ist.<\/p>\n<p>Es gibt auch gef\u00fchrte Touren und Ausfl\u00fcge, die Sie zu wichtigen Punkten bringen, ohne dass Sie sich um den Transport k\u00fcmmern m\u00fcssen.<\/p>\n<h2 id=\"von-toc-8\">Planen Sie Ihre perfekte Reise nach Mallorca<\/h2>\n<p>Mallorca bietet eine gro\u00dfe Vielfalt an Pl\u00e4nen und Sehensw\u00fcrdigkeiten f\u00fcr jeden Geschmack: vom historischen Zentrum von <strong>Palma de Mallorca<\/strong> bis hin zu den paradiesischen Buchten, den Bergen und der lokalen Gastronomie.<\/p>\n<p>Vor der Reise:<\/p>\n<ul>\n<li aria-level=\"1\">Erstellen Sie eine Liste mit den Orten, die Sie am meisten interessieren.<\/li>\n<li aria-level=\"1\">Organisieren Sie Ihre Route nach Entfernungen.<\/li>\n<li aria-level=\"1\">Denken Sie daran, mit dem Auto unterwegs zu sein, um das Beste aus Ihrem Aufenthalt zu machen.<\/li>\n<\/ul>\n<p>Mit diesen Tipps und diesem Reisef\u00fchrer f\u00fcr <strong>Mallorca<\/strong> sind Sie bestens ger\u00fcstet, um das Beste der Insel zu entdecken.<\/p>\n<p><strong>Denn Mallorca ist nicht nur ein Reiseziel, es ist ein komplettes Erlebnis.<\/strong><\/p>\n","protected":false},"excerpt":{"rendered":"<p>Mallorca ist viel mehr als nur sch\u00f6ne Str\u00e4nde: alte Geschichte, charmante D\u00f6rfer, atemberaubende Natur und mediterrane Kultur auf Schritt und Tritt. Wenn Sie sich fragen, was Sie bei Ihrem n\u00e4chsten Besuch auf Mallorca sehen sollten, f\u00fchrt Sie dieser Reisef\u00fchrer zu den Orten, Erlebnissen und Tipps, die Ihre Reise unvergesslich machen werden. Entdecken Sie die besten &#8230; <a title=\"Was Sie auf Mallorca sehen sollten: Ihr unverzichtbarer Reisef\u00fchrer f\u00fcr die Insel\" class=\"read-more\" href=\"https:\/\/blog.k10mobility.com\/de\/was-sie-auf-mallorca-sehen-sollten-ihr-unverzichtbarer-reisefuehrer-fuer-die-insel\/\" aria-label=\"Mehr Informationen \u00fcber Was Sie auf Mallorca sehen sollten: Ihr unverzichtbarer Reisef\u00fchrer f\u00fcr die Insel\">Weiterlesen<\/a><\/p>\n","protected":false},"author":2,"featured_media":15234,"comment_status":"open","ping_status":"closed","sticky":false,"template":"","format":"standard","meta":{"footnotes":""},"categories":[233,324],"tags":[],"class_list":["post-15235","post","type-post","status-publish","format-standard","has-post-thumbnail","hentry","category-mallorca","category-unterwegs"],"yoast_head":"<!-- This site is optimized with the Yoast SEO plugin v27.4 - https:\/\/yoast.com\/product\/yoast-seo-wordpress\/ -->\n<title>Sehenswertes auf Mallorca: Der unverzichtbare Reisef\u00fchrer : K10 Mobility\u00ae.<\/title>\n<meta name=\"description\" content=\"Entdecken Sie unseren Beitrag \u00fcber Was Sie auf Mallorca sehen sollten: Ihr unverzichtbarer Reisef\u00fchrer f\u00fcr die Insel%, der Sie nicht gleichg\u00fcltig lassen wird.\" \/>\n<meta name=\"robots\" content=\"index, follow, max-snippet:-1, max-image-preview:large, max-video-preview:-1\" \/>\n<link rel=\"canonical\" href=\"https:\/\/blog.k10mobility.com\/de\/was-sie-auf-mallorca-sehen-sollten-ihr-unverzichtbarer-reisefuehrer-fuer-die-insel\/\" \/>\n<meta property=\"og:locale\" content=\"de_DE\" \/>\n<meta property=\"og:type\" content=\"article\" \/>\n<meta property=\"og:title\" content=\"Sehenswertes auf Mallorca: Der unverzichtbare Reisef\u00fchrer : K10 Mobility\u00ae.\" \/>\n<meta property=\"og:description\" content=\"Entdecken Sie unseren Beitrag \u00fcber Was Sie auf Mallorca sehen sollten: Ihr unverzichtbarer Reisef\u00fchrer f\u00fcr die Insel%, der Sie nicht gleichg\u00fcltig lassen wird.\" \/>\n<meta property=\"og:url\" content=\"https:\/\/blog.k10mobility.com\/de\/was-sie-auf-mallorca-sehen-sollten-ihr-unverzichtbarer-reisefuehrer-fuer-die-insel\/\" \/>\n<meta property=\"og:site_name\" content=\"K10 Mobility\" \/>\n<meta property=\"article:publisher\" content=\"https:\/\/www.facebook.com\/k10mobility\/\" \/>\n<meta property=\"article:published_time\" content=\"2026-03-25T15:16:23+00:00\" \/>\n<meta property=\"article:modified_time\" content=\"2026-04-09T11:22:16+00:00\" \/>\n<meta property=\"og:image\" content=\"https:\/\/blog.k10mobility.com\/wp-content\/uploads\/2026\/03\/cala-almunia-mallorca.webp\" \/>\n\t<meta property=\"og:image:width\" content=\"800\" \/>\n\t<meta property=\"og:image:height\" content=\"601\" \/>\n\t<meta property=\"og:image:type\" content=\"image\/webp\" \/>\n<meta name=\"author\" content=\"Luis Ram\u00eds\" \/>\n<meta name=\"twitter:card\" content=\"summary_large_image\" \/>\n<meta name=\"twitter:label1\" content=\"Verfasst von\" \/>\n\t<meta name=\"twitter:data1\" content=\"Luis Ram\u00eds\" \/>\n\t<meta name=\"twitter:label2\" content=\"Gesch\u00e4tzte Lesezeit\" \/>\n\t<meta name=\"twitter:data2\" content=\"4\u00a0Minuten\" \/>\n<script type=\"application\/ld+json\" class=\"yoast-schema-graph\">{\"@context\":\"https:\\\/\\\/schema.org\",\"@graph\":[{\"@type\":\"Article\",\"@id\":\"https:\\\/\\\/blog.k10mobility.com\\\/de\\\/was-sie-auf-mallorca-sehen-sollten-ihr-unverzichtbarer-reisefuehrer-fuer-die-insel\\\/#article\",\"isPartOf\":{\"@id\":\"https:\\\/\\\/blog.k10mobility.com\\\/de\\\/was-sie-auf-mallorca-sehen-sollten-ihr-unverzichtbarer-reisefuehrer-fuer-die-insel\\\/\"},\"author\":{\"name\":\"Luis Ram\u00eds\",\"@id\":\"https:\\\/\\\/blog.k10mobility.com\\\/de\\\/#\\\/schema\\\/person\\\/5f18469c790b92d83fdd98422e621da8\"},\"headline\":\"Was Sie auf Mallorca sehen sollten: Ihr unverzichtbarer Reisef\u00fchrer f\u00fcr die Insel\",\"datePublished\":\"2026-03-25T15:16:23+00:00\",\"dateModified\":\"2026-04-09T11:22:16+00:00\",\"mainEntityOfPage\":{\"@id\":\"https:\\\/\\\/blog.k10mobility.com\\\/de\\\/was-sie-auf-mallorca-sehen-sollten-ihr-unverzichtbarer-reisefuehrer-fuer-die-insel\\\/\"},\"wordCount\":765,\"commentCount\":0,\"publisher\":{\"@id\":\"https:\\\/\\\/blog.k10mobility.com\\\/de\\\/#organization\"},\"image\":{\"@id\":\"https:\\\/\\\/blog.k10mobility.com\\\/de\\\/was-sie-auf-mallorca-sehen-sollten-ihr-unverzichtbarer-reisefuehrer-fuer-die-insel\\\/#primaryimage\"},\"thumbnailUrl\":\"https:\\\/\\\/blog.k10mobility.com\\\/wp-content\\\/uploads\\\/2026\\\/03\\\/cala-almunia-mallorca.webp\",\"articleSection\":[\"Mallorca\",\"Unterwegs\"],\"inLanguage\":\"de\",\"potentialAction\":[{\"@type\":\"CommentAction\",\"name\":\"Comment\",\"target\":[\"https:\\\/\\\/blog.k10mobility.com\\\/de\\\/was-sie-auf-mallorca-sehen-sollten-ihr-unverzichtbarer-reisefuehrer-fuer-die-insel\\\/#respond\"]}]},{\"@type\":\"WebPage\",\"@id\":\"https:\\\/\\\/blog.k10mobility.com\\\/de\\\/was-sie-auf-mallorca-sehen-sollten-ihr-unverzichtbarer-reisefuehrer-fuer-die-insel\\\/\",\"url\":\"https:\\\/\\\/blog.k10mobility.com\\\/de\\\/was-sie-auf-mallorca-sehen-sollten-ihr-unverzichtbarer-reisefuehrer-fuer-die-insel\\\/\",\"name\":\"Sehenswertes auf Mallorca: Der unverzichtbare Reisef\u00fchrer : K10 Mobility\u00ae.\",\"isPartOf\":{\"@id\":\"https:\\\/\\\/blog.k10mobility.com\\\/de\\\/#website\"},\"primaryImageOfPage\":{\"@id\":\"https:\\\/\\\/blog.k10mobility.com\\\/de\\\/was-sie-auf-mallorca-sehen-sollten-ihr-unverzichtbarer-reisefuehrer-fuer-die-insel\\\/#primaryimage\"},\"image\":{\"@id\":\"https:\\\/\\\/blog.k10mobility.com\\\/de\\\/was-sie-auf-mallorca-sehen-sollten-ihr-unverzichtbarer-reisefuehrer-fuer-die-insel\\\/#primaryimage\"},\"thumbnailUrl\":\"https:\\\/\\\/blog.k10mobility.com\\\/wp-content\\\/uploads\\\/2026\\\/03\\\/cala-almunia-mallorca.webp\",\"datePublished\":\"2026-03-25T15:16:23+00:00\",\"dateModified\":\"2026-04-09T11:22:16+00:00\",\"description\":\"Entdecken Sie unseren Beitrag \u00fcber Was Sie auf Mallorca sehen sollten: Ihr unverzichtbarer Reisef\u00fchrer f\u00fcr die Insel%, der Sie nicht gleichg\u00fcltig lassen wird.\",\"breadcrumb\":{\"@id\":\"https:\\\/\\\/blog.k10mobility.com\\\/de\\\/was-sie-auf-mallorca-sehen-sollten-ihr-unverzichtbarer-reisefuehrer-fuer-die-insel\\\/#breadcrumb\"},\"inLanguage\":\"de\",\"potentialAction\":[{\"@type\":\"ReadAction\",\"target\":[\"https:\\\/\\\/blog.k10mobility.com\\\/de\\\/was-sie-auf-mallorca-sehen-sollten-ihr-unverzichtbarer-reisefuehrer-fuer-die-insel\\\/\"]}]},{\"@type\":\"ImageObject\",\"inLanguage\":\"de\",\"@id\":\"https:\\\/\\\/blog.k10mobility.com\\\/de\\\/was-sie-auf-mallorca-sehen-sollten-ihr-unverzichtbarer-reisefuehrer-fuer-die-insel\\\/#primaryimage\",\"url\":\"https:\\\/\\\/blog.k10mobility.com\\\/wp-content\\\/uploads\\\/2026\\\/03\\\/cala-almunia-mallorca.webp\",\"contentUrl\":\"https:\\\/\\\/blog.k10mobility.com\\\/wp-content\\\/uploads\\\/2026\\\/03\\\/cala-almunia-mallorca.webp\",\"width\":800,\"height\":601,\"caption\":\"Bucht von S'Almunia, Mallorca\"},{\"@type\":\"BreadcrumbList\",\"@id\":\"https:\\\/\\\/blog.k10mobility.com\\\/de\\\/was-sie-auf-mallorca-sehen-sollten-ihr-unverzichtbarer-reisefuehrer-fuer-die-insel\\\/#breadcrumb\",\"itemListElement\":[{\"@type\":\"ListItem\",\"position\":1,\"name\":\"K10 Mobility\",\"item\":\"https:\\\/\\\/blog.k10mobility.com\\\/de\\\/\"},{\"@type\":\"ListItem\",\"position\":2,\"name\":\"Was Sie auf Mallorca sehen sollten: Ihr unverzichtbarer Reisef\u00fchrer f\u00fcr die Insel\"}]},{\"@type\":\"WebSite\",\"@id\":\"https:\\\/\\\/blog.k10mobility.com\\\/de\\\/#website\",\"url\":\"https:\\\/\\\/blog.k10mobility.com\\\/de\\\/\",\"name\":\"K10 Mobility\",\"description\":\"Rent a car en Ibiza y Mallorca\",\"publisher\":{\"@id\":\"https:\\\/\\\/blog.k10mobility.com\\\/de\\\/#organization\"},\"alternateName\":\"K10 Rent a car\",\"potentialAction\":[{\"@type\":\"SearchAction\",\"target\":{\"@type\":\"EntryPoint\",\"urlTemplate\":\"https:\\\/\\\/blog.k10mobility.com\\\/de\\\/?s={search_term_string}\"},\"query-input\":{\"@type\":\"PropertyValueSpecification\",\"valueRequired\":true,\"valueName\":\"search_term_string\"}}],\"inLanguage\":\"de\"},{\"@type\":\"Organization\",\"@id\":\"https:\\\/\\\/blog.k10mobility.com\\\/de\\\/#organization\",\"name\":\"K10 Mobility\",\"alternateName\":\"K10 Mobility rent a car en Ibiza y Mallorca\",\"url\":\"https:\\\/\\\/blog.k10mobility.com\\\/de\\\/\",\"logo\":{\"@type\":\"ImageObject\",\"inLanguage\":\"de\",\"@id\":\"https:\\\/\\\/blog.k10mobility.com\\\/de\\\/#\\\/schema\\\/logo\\\/image\\\/\",\"url\":\"https:\\\/\\\/blog.k10mobility.com\\\/wp-content\\\/uploads\\\/2025\\\/11\\\/cropped-Logo-K10-color-apaisado.png\",\"contentUrl\":\"https:\\\/\\\/blog.k10mobility.com\\\/wp-content\\\/uploads\\\/2025\\\/11\\\/cropped-Logo-K10-color-apaisado.png\",\"width\":665,\"height\":105,\"caption\":\"K10 Mobility\"},\"image\":{\"@id\":\"https:\\\/\\\/blog.k10mobility.com\\\/de\\\/#\\\/schema\\\/logo\\\/image\\\/\"},\"sameAs\":[\"https:\\\/\\\/www.facebook.com\\\/k10mobility\\\/\",\"https:\\\/\\\/www.instagram.com\\\/k10mobility\\\/\"]},{\"@type\":\"Person\",\"@id\":\"https:\\\/\\\/blog.k10mobility.com\\\/de\\\/#\\\/schema\\\/person\\\/5f18469c790b92d83fdd98422e621da8\",\"name\":\"Luis Ram\u00eds\",\"image\":{\"@type\":\"ImageObject\",\"inLanguage\":\"de\",\"@id\":\"https:\\\/\\\/secure.gravatar.com\\\/avatar\\\/30162c41d6f584ef954ac19546d34176104f5a2b363cc65fe6c8b9dc6c1ed9ac?s=96&d=mm&r=g\",\"url\":\"https:\\\/\\\/secure.gravatar.com\\\/avatar\\\/30162c41d6f584ef954ac19546d34176104f5a2b363cc65fe6c8b9dc6c1ed9ac?s=96&d=mm&r=g\",\"contentUrl\":\"https:\\\/\\\/secure.gravatar.com\\\/avatar\\\/30162c41d6f584ef954ac19546d34176104f5a2b363cc65fe6c8b9dc6c1ed9ac?s=96&d=mm&r=g\",\"caption\":\"Luis Ram\u00eds\"},\"url\":\"https:\\\/\\\/blog.k10mobility.com\\\/de\\\/author\\\/luisr4m1s_k10\\\/\"}]}<\/script>\n<!-- \/ Yoast SEO plugin. -->","yoast_head_json":{"title":"Sehenswertes auf Mallorca: Der unverzichtbare Reisef\u00fchrer : K10 Mobility\u00ae.","description":"Entdecken Sie unseren Beitrag \u00fcber Was Sie auf Mallorca sehen sollten: Ihr unverzichtbarer Reisef\u00fchrer f\u00fcr die Insel%, der Sie nicht gleichg\u00fcltig lassen wird.","robots":{"index":"index","follow":"follow","max-snippet":"max-snippet:-1","max-image-preview":"max-image-preview:large","max-video-preview":"max-video-preview:-1"},"canonical":"https:\/\/blog.k10mobility.com\/de\/was-sie-auf-mallorca-sehen-sollten-ihr-unverzichtbarer-reisefuehrer-fuer-die-insel\/","og_locale":"de_DE","og_type":"article","og_title":"Sehenswertes auf Mallorca: Der unverzichtbare Reisef\u00fchrer : K10 Mobility\u00ae.","og_description":"Entdecken Sie unseren Beitrag \u00fcber Was Sie auf Mallorca sehen sollten: Ihr unverzichtbarer Reisef\u00fchrer f\u00fcr die Insel%, der Sie nicht gleichg\u00fcltig lassen wird.","og_url":"https:\/\/blog.k10mobility.com\/de\/was-sie-auf-mallorca-sehen-sollten-ihr-unverzichtbarer-reisefuehrer-fuer-die-insel\/","og_site_name":"K10 Mobility","article_publisher":"https:\/\/www.facebook.com\/k10mobility\/","article_published_time":"2026-03-25T15:16:23+00:00","article_modified_time":"2026-04-09T11:22:16+00:00","og_image":[{"width":800,"height":601,"url":"https:\/\/blog.k10mobility.com\/wp-content\/uploads\/2026\/03\/cala-almunia-mallorca.webp","type":"image\/webp"}],"author":"Luis Ram\u00eds","twitter_card":"summary_large_image","twitter_misc":{"Verfasst von":"Luis Ram\u00eds","Gesch\u00e4tzte Lesezeit":"4\u00a0Minuten"},"schema":{"@context":"https:\/\/schema.org","@graph":[{"@type":"Article","@id":"https:\/\/blog.k10mobility.com\/de\/was-sie-auf-mallorca-sehen-sollten-ihr-unverzichtbarer-reisefuehrer-fuer-die-insel\/#article","isPartOf":{"@id":"https:\/\/blog.k10mobility.com\/de\/was-sie-auf-mallorca-sehen-sollten-ihr-unverzichtbarer-reisefuehrer-fuer-die-insel\/"},"author":{"name":"Luis Ram\u00eds","@id":"https:\/\/blog.k10mobility.com\/de\/#\/schema\/person\/5f18469c790b92d83fdd98422e621da8"},"headline":"Was Sie auf Mallorca sehen sollten: Ihr unverzichtbarer Reisef\u00fchrer f\u00fcr die Insel","datePublished":"2026-03-25T15:16:23+00:00","dateModified":"2026-04-09T11:22:16+00:00","mainEntityOfPage":{"@id":"https:\/\/blog.k10mobility.com\/de\/was-sie-auf-mallorca-sehen-sollten-ihr-unverzichtbarer-reisefuehrer-fuer-die-insel\/"},"wordCount":765,"commentCount":0,"publisher":{"@id":"https:\/\/blog.k10mobility.com\/de\/#organization"},"image":{"@id":"https:\/\/blog.k10mobility.com\/de\/was-sie-auf-mallorca-sehen-sollten-ihr-unverzichtbarer-reisefuehrer-fuer-die-insel\/#primaryimage"},"thumbnailUrl":"https:\/\/blog.k10mobility.com\/wp-content\/uploads\/2026\/03\/cala-almunia-mallorca.webp","articleSection":["Mallorca","Unterwegs"],"inLanguage":"de","potentialAction":[{"@type":"CommentAction","name":"Comment","target":["https:\/\/blog.k10mobility.com\/de\/was-sie-auf-mallorca-sehen-sollten-ihr-unverzichtbarer-reisefuehrer-fuer-die-insel\/#respond"]}]},{"@type":"WebPage","@id":"https:\/\/blog.k10mobility.com\/de\/was-sie-auf-mallorca-sehen-sollten-ihr-unverzichtbarer-reisefuehrer-fuer-die-insel\/","url":"https:\/\/blog.k10mobility.com\/de\/was-sie-auf-mallorca-sehen-sollten-ihr-unverzichtbarer-reisefuehrer-fuer-die-insel\/","name":"Sehenswertes auf Mallorca: Der unverzichtbare Reisef\u00fchrer : K10 Mobility\u00ae.","isPartOf":{"@id":"https:\/\/blog.k10mobility.com\/de\/#website"},"primaryImageOfPage":{"@id":"https:\/\/blog.k10mobility.com\/de\/was-sie-auf-mallorca-sehen-sollten-ihr-unverzichtbarer-reisefuehrer-fuer-die-insel\/#primaryimage"},"image":{"@id":"https:\/\/blog.k10mobility.com\/de\/was-sie-auf-mallorca-sehen-sollten-ihr-unverzichtbarer-reisefuehrer-fuer-die-insel\/#primaryimage"},"thumbnailUrl":"https:\/\/blog.k10mobility.com\/wp-content\/uploads\/2026\/03\/cala-almunia-mallorca.webp","datePublished":"2026-03-25T15:16:23+00:00","dateModified":"2026-04-09T11:22:16+00:00","description":"Entdecken Sie unseren Beitrag \u00fcber Was Sie auf Mallorca sehen sollten: Ihr unverzichtbarer Reisef\u00fchrer f\u00fcr die Insel%, der Sie nicht gleichg\u00fcltig lassen wird.","breadcrumb":{"@id":"https:\/\/blog.k10mobility.com\/de\/was-sie-auf-mallorca-sehen-sollten-ihr-unverzichtbarer-reisefuehrer-fuer-die-insel\/#breadcrumb"},"inLanguage":"de","potentialAction":[{"@type":"ReadAction","target":["https:\/\/blog.k10mobility.com\/de\/was-sie-auf-mallorca-sehen-sollten-ihr-unverzichtbarer-reisefuehrer-fuer-die-insel\/"]}]},{"@type":"ImageObject","inLanguage":"de","@id":"https:\/\/blog.k10mobility.com\/de\/was-sie-auf-mallorca-sehen-sollten-ihr-unverzichtbarer-reisefuehrer-fuer-die-insel\/#primaryimage","url":"https:\/\/blog.k10mobility.com\/wp-content\/uploads\/2026\/03\/cala-almunia-mallorca.webp","contentUrl":"https:\/\/blog.k10mobility.com\/wp-content\/uploads\/2026\/03\/cala-almunia-mallorca.webp","width":800,"height":601,"caption":"Bucht von S'Almunia, Mallorca"},{"@type":"BreadcrumbList","@id":"https:\/\/blog.k10mobility.com\/de\/was-sie-auf-mallorca-sehen-sollten-ihr-unverzichtbarer-reisefuehrer-fuer-die-insel\/#breadcrumb","itemListElement":[{"@type":"ListItem","position":1,"name":"K10 Mobility","item":"https:\/\/blog.k10mobility.com\/de\/"},{"@type":"ListItem","position":2,"name":"Was Sie auf Mallorca sehen sollten: Ihr unverzichtbarer Reisef\u00fchrer f\u00fcr die Insel"}]},{"@type":"WebSite","@id":"https:\/\/blog.k10mobility.com\/de\/#website","url":"https:\/\/blog.k10mobility.com\/de\/","name":"K10 Mobility","description":"Rent a car en Ibiza y Mallorca","publisher":{"@id":"https:\/\/blog.k10mobility.com\/de\/#organization"},"alternateName":"K10 Rent a car","potentialAction":[{"@type":"SearchAction","target":{"@type":"EntryPoint","urlTemplate":"https:\/\/blog.k10mobility.com\/de\/?s={search_term_string}"},"query-input":{"@type":"PropertyValueSpecification","valueRequired":true,"valueName":"search_term_string"}}],"inLanguage":"de"},{"@type":"Organization","@id":"https:\/\/blog.k10mobility.com\/de\/#organization","name":"K10 Mobility","alternateName":"K10 Mobility rent a car en Ibiza y Mallorca","url":"https:\/\/blog.k10mobility.com\/de\/","logo":{"@type":"ImageObject","inLanguage":"de","@id":"https:\/\/blog.k10mobility.com\/de\/#\/schema\/logo\/image\/","url":"https:\/\/blog.k10mobility.com\/wp-content\/uploads\/2025\/11\/cropped-Logo-K10-color-apaisado.png","contentUrl":"https:\/\/blog.k10mobility.com\/wp-content\/uploads\/2025\/11\/cropped-Logo-K10-color-apaisado.png","width":665,"height":105,"caption":"K10 Mobility"},"image":{"@id":"https:\/\/blog.k10mobility.com\/de\/#\/schema\/logo\/image\/"},"sameAs":["https:\/\/www.facebook.com\/k10mobility\/","https:\/\/www.instagram.com\/k10mobility\/"]},{"@type":"Person","@id":"https:\/\/blog.k10mobility.com\/de\/#\/schema\/person\/5f18469c790b92d83fdd98422e621da8","name":"Luis Ram\u00eds","image":{"@type":"ImageObject","inLanguage":"de","@id":"https:\/\/secure.gravatar.com\/avatar\/30162c41d6f584ef954ac19546d34176104f5a2b363cc65fe6c8b9dc6c1ed9ac?s=96&d=mm&r=g","url":"https:\/\/secure.gravatar.com\/avatar\/30162c41d6f584ef954ac19546d34176104f5a2b363cc65fe6c8b9dc6c1ed9ac?s=96&d=mm&r=g","contentUrl":"https:\/\/secure.gravatar.com\/avatar\/30162c41d6f584ef954ac19546d34176104f5a2b363cc65fe6c8b9dc6c1ed9ac?s=96&d=mm&r=g","caption":"Luis Ram\u00eds"},"url":"https:\/\/blog.k10mobility.com\/de\/author\/luisr4m1s_k10\/"}]}},"_links":{"self":[{"href":"https:\/\/blog.k10mobility.com\/de\/wp-json\/wp\/v2\/posts\/15235","targetHints":{"allow":["GET"]}}],"collection":[{"href":"https:\/\/blog.k10mobility.com\/de\/wp-json\/wp\/v2\/posts"}],"about":[{"href":"https:\/\/blog.k10mobility.com\/de\/wp-json\/wp\/v2\/types\/post"}],"author":[{"embeddable":true,"href":"https:\/\/blog.k10mobility.com\/de\/wp-json\/wp\/v2\/users\/2"}],"replies":[{"embeddable":true,"href":"https:\/\/blog.k10mobility.com\/de\/wp-json\/wp\/v2\/comments?post=15235"}],"version-history":[{"count":1,"href":"https:\/\/blog.k10mobility.com\/de\/wp-json\/wp\/v2\/posts\/15235\/revisions"}],"predecessor-version":[{"id":15239,"href":"https:\/\/blog.k10mobility.com\/de\/wp-json\/wp\/v2\/posts\/15235\/revisions\/15239"}],"wp:featuredmedia":[{"embeddable":true,"href":"https:\/\/blog.k10mobility.com\/de\/wp-json\/wp\/v2\/media\/15234"}],"wp:attachment":[{"href":"https:\/\/blog.k10mobility.com\/de\/wp-json\/wp\/v2\/media?parent=15235"}],"wp:term":[{"taxonomy":"category","embeddable":true,"href":"https:\/\/blog.k10mobility.com\/de\/wp-json\/wp\/v2\/categories?post=15235"},{"taxonomy":"post_tag","embeddable":true,"href":"https:\/\/blog.k10mobility.com\/de\/wp-json\/wp\/v2\/tags?post=15235"}],"curies":[{"name":"wp","href":"https:\/\/api.w.org\/{rel}","templated":true}]}}