{"id":13423,"date":"2023-01-02T10:53:51","date_gmt":"2023-01-02T10:53:51","guid":{"rendered":"https:\/\/blog.k10mobility.com\/explore-the-best-things-to-do-in-palma-de-mallorca-during-the-winter\/"},"modified":"2026-01-22T11:41:15","modified_gmt":"2026-01-22T11:41:15","slug":"explore-the-best-things-to-do-in-palma-de-mallorca-during-the-winter","status":"publish","type":"post","link":"https:\/\/blog.k10mobility.com\/en\/explore-the-best-things-to-do-in-palma-de-mallorca-during-the-winter\/","title":{"rendered":"Explore the best activities in Palma de Mallorca during wintertime"},"content":{"rendered":"\n<h2 class=\"wp-block-heading\" id=\"von-toc-1\">What to do in Palma de Mallorca in winter<\/h2>\n\n<p>Looking for exciting activities to do in Palma de Mallorca during the winter? Check this out! <strong>The city offers a wealth of options<\/strong>, from visiting historical monuments such as Bellver Castle to enjoying the delicious food and vibrant atmosphere of the old town, there are also <strong>plenty<\/strong> of shops and restaurants to explore. There are also plenty of stores and restaurants to explore &#8211; come and enjoy all that Palma de Mallorca has to offer in the winter!   <\/p>\n\n<p>In addition to visiting Bellver Castle and the old town, Palma de Mallorca offers a <strong>wealth of exciting activities during the winter<\/strong>. Some options to consider are: <\/p>\n\n<ul class=\"wp-block-list\">\n<li>Visit the impressive <strong>Cathedral of Palma<\/strong>, known as <strong>La Seu<\/strong>, which is one of the most impressive Gothic buildings in Europe.<\/li>\n\n\n\n<li>Enjoy dinner at one of the many <strong>restaurants<\/strong> in town, which offer a wide variety of local and international dishes.<\/li>\n\n\n\n<li>Take a <strong>trip to Palma beach<\/strong>, which offers a relaxed atmosphere and beautiful views of the sea.<\/li>\n\n\n\n<li>Explore the <strong>Museum of Mallorca<\/strong>, which has an extensive collection of art and historical objects from the island.<\/li>\n\n\n\n<li>Pay a visit to the <strong>Pilar and Joan Mir\u00f3 Foundation<\/strong>, which houses an impressive collection of art by the famous Mallorcan artist.<\/li>\n\n\n\n<li>Enjoy a stroll through the <strong>Botanical Garden<\/strong>, which offers a wide variety of exotic plants and flowers.<\/li>\n<\/ul>\n\n<p>Don&#8217;t stop here, there is more to see and do in Mallorca in winter, read on.<\/p>\n\n<h3 class=\"wp-block-heading\" id=\"von-toc-2\">Palma Cathedral, La Seu<\/h3>\n<div class=\"wp-block-image\">\n<figure class=\"aligncenter size-full\"><img fetchpriority=\"high\" decoding=\"async\" width=\"800\" height=\"450\" src=\"https:\/\/blog.k10mobility.com\/wp-content\/uploads\/2022\/12\/catedral-de-palma-de-mallorca-en-invierno.jpg\" alt=\"visit the cathedral of palma de mallorca in winter\" class=\"wp-image-5134\" srcset=\"https:\/\/blog.k10mobility.com\/wp-content\/uploads\/2022\/12\/catedral-de-palma-de-mallorca-en-invierno.jpg 800w, https:\/\/blog.k10mobility.com\/wp-content\/uploads\/2022\/12\/catedral-de-palma-de-mallorca-en-invierno-300x169.jpg 300w, https:\/\/blog.k10mobility.com\/wp-content\/uploads\/2022\/12\/catedral-de-palma-de-mallorca-en-invierno-768x432.jpg 768w\" sizes=\"(max-width: 800px) 100vw, 800px\" \/><\/figure>\n<\/div>\n<div style=\"height:40px\" aria-hidden=\"true\" class=\"wp-block-spacer\"><\/div>\n\n<p>The Cathedral of Palma (Basilica of Santa Maria), also known as La Seu, is an <strong>impressive Gothic building<\/strong> located in the city of Palma de Mallorca facing the sea. The cathedral was built in the 13th century and has been carefully restored over the years to maintain its original beauty. The cathedral has an imposing stone fa\u00e7ade and a tall, slender tower that rises to the sky.  <\/p>\n\n<p>The interior of the cathedral is also impressive, with beautiful stained glass windows and a large carved wooden dome. Palma Cathedral is one of the most impressive Gothic buildings in Europe and a must-see in Palma de Mallorca during the winter season. <\/p>\n\n<h3 class=\"wp-block-heading\" id=\"von-toc-3\">Museum of Mallorca<\/h3>\n<div class=\"wp-block-image\">\n<figure class=\"aligncenter size-full is-resized\"><img decoding=\"async\" src=\"https:\/\/blog.k10mobility.com\/wp-content\/uploads\/2022\/12\/visitar-museo-de-mallorca-invierno.jpg\" alt=\"see the mallorca museum in winter\" class=\"wp-image-5122\" width=\"750\" height=\"422\" srcset=\"https:\/\/blog.k10mobility.com\/wp-content\/uploads\/2022\/12\/visitar-museo-de-mallorca-invierno.jpg 1000w, https:\/\/blog.k10mobility.com\/wp-content\/uploads\/2022\/12\/visitar-museo-de-mallorca-invierno-300x169.jpg 300w, https:\/\/blog.k10mobility.com\/wp-content\/uploads\/2022\/12\/visitar-museo-de-mallorca-invierno-768x432.jpg 768w\" sizes=\"(max-width: 750px) 100vw, 750px\" \/><\/figure>\n<\/div>\n<div style=\"height:40px\" aria-hidden=\"true\" class=\"wp-block-spacer\"><\/div>\n\n<p>It houses a large <strong>collection of art and historical objects of the island<\/strong> and is located in the palace house of the Counts of Ayamans. The museum has several rooms that present different aspects of the history and culture of Mallorca. There is a room dedicated to the ancient history of the island, with archaeological objects dating from the Roman and Islamic periods.  <\/p>\n\n<p>There is also a room showing <strong>contemporary art from Mallorca<\/strong>, with works by local and national artists. In addition, the museum has a beautiful terrace with panoramic views of the city. The Museum of Mallorca is a fascinating place to learn about Mallorca&#8217;s rich history and culture.  <\/p>\n\n<h3 class=\"wp-block-heading\" id=\"von-toc-4\">Pilar and Joan Mir\u00f3 Foundation<\/h3>\n<div class=\"wp-block-image\">\n<figure class=\"aligncenter size-full\"><img decoding=\"async\" width=\"1000\" height=\"562\" src=\"https:\/\/blog.k10mobility.com\/wp-content\/uploads\/2022\/12\/visitar-fundacion-pilar-y-joan-miro-mallorca-invierno.jpg\" alt=\"see pilar and joan miro foundation in mallorca\" class=\"wp-image-5123\" srcset=\"https:\/\/blog.k10mobility.com\/wp-content\/uploads\/2022\/12\/visitar-fundacion-pilar-y-joan-miro-mallorca-invierno.jpg 1000w, https:\/\/blog.k10mobility.com\/wp-content\/uploads\/2022\/12\/visitar-fundacion-pilar-y-joan-miro-mallorca-invierno-300x169.jpg 300w, https:\/\/blog.k10mobility.com\/wp-content\/uploads\/2022\/12\/visitar-fundacion-pilar-y-joan-miro-mallorca-invierno-768x432.jpg 768w\" sizes=\"(max-width: 1000px) 100vw, 1000px\" \/><\/figure>\n<\/div>\n<div style=\"height:40px\" aria-hidden=\"true\" class=\"wp-block-spacer\"><\/div>\n\n<p>The Pilar and Joan Mir\u00f3 Foundation has <strong>an impressive collection of art<\/strong> by the famous Mallorcan artist Joan Mir\u00f3. The foundation is housed in a beautiful modernist-style building that was designed by Mir\u00f3 in collaboration with his friend and architect Josep Llu\u00eds Sert. <\/p>\n\n<p>The <strong>building<\/strong> has a large number of exhibition spaces featuring Mir\u00f3&#8217;s works, from <strong>paintings and sculptures to engravings and drawings<\/strong>. In addition, the foundation also features a beautiful terrace with panoramic views of the city. The Pilar and Joan Mir\u00f3 Foundation is a fascinating place for art lovers and a must-see for anyone who wants to learn about Mir\u00f3&#8217;s work.  <\/p>\n\n<h3 class=\"wp-block-heading\" id=\"von-toc-5\">Garden of the Misericordia of Palma de Mallorca<\/h3>\n<div class=\"wp-block-image\">\n<figure class=\"aligncenter size-full is-resized\"><img loading=\"lazy\" decoding=\"async\" src=\"https:\/\/blog.k10mobility.com\/wp-content\/uploads\/2022\/12\/jardin-de-la-misericordia-mallorca-visitar-invierno.jpg\" alt=\"gardens in mallorca winter\" class=\"wp-image-5125\" width=\"800\" height=\"450\" srcset=\"https:\/\/blog.k10mobility.com\/wp-content\/uploads\/2022\/12\/jardin-de-la-misericordia-mallorca-visitar-invierno.jpg 800w, https:\/\/blog.k10mobility.com\/wp-content\/uploads\/2022\/12\/jardin-de-la-misericordia-mallorca-visitar-invierno-300x169.jpg 300w, https:\/\/blog.k10mobility.com\/wp-content\/uploads\/2022\/12\/jardin-de-la-misericordia-mallorca-visitar-invierno-768x432.jpg 768w\" sizes=\"(max-width: 800px) 100vw, 800px\" \/><\/figure>\n<\/div>\n<div style=\"height:40px\" aria-hidden=\"true\" class=\"wp-block-spacer\"><\/div>\n\n<p>The Misericordia Garden is a <strong>green and quiet space<\/strong> located in the center of Palma de Mallorca. It is a <strong>historic garden<\/strong> that was built in the 15th century and has been restored and maintained over the years. Formerly, in this garden was located the Botanical Garden of Palma, which was promoted by <strong>Captain General Josep Maria d&#8217;Al\u00f3s i Mora<\/strong> in 1827 to give impetus to botanical studies and to supply medicinal plants to the pharmacy of the General Hospital of Mallorca.  <\/p>\n\n<p>The Jard\u00edn de la Misericordia is a perfect place to relax and enjoy nature. It has a great variety of trees and plants, as well as a small pond with ducks and swans. In addition, the garden has a small fountain and several <strong>sculptures by local artists<\/strong> that add a touch of charm to the place.  <\/p>\n\n<p>The Jard\u00edn de la Misericordia is a very <strong>popular<\/strong> place <strong>among the inhabitants of Palma<\/strong> and is a meeting point for couples, friends and families. It is also an ideal place to walk with dogs, as it has a dog-friendly area. <\/p>\n\n<p>If you visit Palma de Mallorca, do not hesitate to stop by the Misericordia Garden, a quiet and beautiful place that will allow you to disconnect from the city and enjoy nature. It is a quiet and beautiful place that will allow you to disconnect from the city and enjoy nature, you won&#8217;t regret it!  <\/p>\n\n<h3 class=\"wp-block-heading\" id=\"von-toc-6\">Rent a car from Palma and visit the Cape of Formentor<\/h3>\n\n<figure class=\"wp-block-image size-full\"><img loading=\"lazy\" decoding=\"async\" width=\"800\" height=\"450\" src=\"https:\/\/blog.k10mobility.com\/wp-content\/uploads\/2022\/12\/cabo-formentor-que-ver-mallorca-invierno.jpg\" alt=\"see cape formentor in winter\" class=\"wp-image-5129\" srcset=\"https:\/\/blog.k10mobility.com\/wp-content\/uploads\/2022\/12\/cabo-formentor-que-ver-mallorca-invierno.jpg 800w, https:\/\/blog.k10mobility.com\/wp-content\/uploads\/2022\/12\/cabo-formentor-que-ver-mallorca-invierno-300x169.jpg 300w, https:\/\/blog.k10mobility.com\/wp-content\/uploads\/2022\/12\/cabo-formentor-que-ver-mallorca-invierno-768x432.jpg 768w\" sizes=\"(max-width: 800px) 100vw, 800px\" \/><\/figure>\n\n<div style=\"height:40px\" aria-hidden=\"true\" class=\"wp-block-spacer\"><\/div>\n\n<p>\ud83d\udccd <a href=\"https:\/\/goo.gl\/maps\/VvGdwtQGSYQwZaQc7\" target=\"_blank\" rel=\"noreferrer noopener\">Find out how to get to Cabo de Formentor<\/a><\/p>\n\n<p><a href=\"https:\/\/blog.k10mobility.com\/?page_id=2694\">Renting a car in Palma de Mallorca<\/a> is a great way to <strong>explore the island at your own pace<\/strong>. From Palma, you can take a <strong>scenic road<\/strong> that will take you to Cabo de Formentor, a stunning location offering spectacular views of the sea and coastline. <\/p>\n\n<p>The road to the cape is winding and steep, but <strong>the scenery at the end is breathtaking<\/strong>. Once at the cape, you can enjoy the breathtaking <strong>views of the sea and the coast from one of the viewpoints<\/strong> or take a stroll through the small village of Formentor. <\/p>\n\n<p>Renting a car in Palma de Mallorca gives you the freedom to explore Cape Formentor and other places of interest on the island at your own pace.<\/p>\n\n<h3 class=\"wp-block-heading\" id=\"von-toc-7\">Lunch or dinner in Palma de Mallorca<\/h3>\n<div class=\"wp-block-image\">\n<figure class=\"aligncenter size-full\"><img loading=\"lazy\" decoding=\"async\" width=\"800\" height=\"450\" src=\"https:\/\/blog.k10mobility.com\/wp-content\/uploads\/2022\/12\/ensaimada-mallorquina-visitar-mallorca-invierno.jpg\" alt=\"visit mallorca in winter gastronomy\" class=\"wp-image-5130\" srcset=\"https:\/\/blog.k10mobility.com\/wp-content\/uploads\/2022\/12\/ensaimada-mallorquina-visitar-mallorca-invierno.jpg 800w, https:\/\/blog.k10mobility.com\/wp-content\/uploads\/2022\/12\/ensaimada-mallorquina-visitar-mallorca-invierno-300x169.jpg 300w, https:\/\/blog.k10mobility.com\/wp-content\/uploads\/2022\/12\/ensaimada-mallorquina-visitar-mallorca-invierno-768x432.jpg 768w\" sizes=\"(max-width: 800px) 100vw, 800px\" \/><\/figure>\n<\/div>\n<div style=\"height:40px\" aria-hidden=\"true\" class=\"wp-block-spacer\"><\/div>\n\n<p>Mallorca is a Mediterranean island with a <strong>rich and varied gastronomy<\/strong>. If you visit Mallorca, you cannot miss some of its most emblematic dishes, such as <strong>ensaimada<\/strong>, a cake made of flour dough, fermented and baked with egg, lard and powdered sugar, or <strong>tumbet<\/strong>, a typical dish of roasted vegetables. It is also essential to try the sausages and <strong>cheese<\/strong> made with Mallorcan red goat&#8217;s milk, which is a delight.  <\/p>\n\n<p>To enjoy the gastronomy of Mallorca, there is nothing like sitting at a table and tasting the dishes in company. The island has a <strong>wide variety of restaurants<\/strong>, from traditional to modern establishments, offering everything from traditional dishes to international cuisine. If you prefer to prepare your own food, don&#8217;t hesitate to visit one of the island&#8217;s markets, where you will find a wide selection of fresh, quality products.  <\/p>\n\n<p>Another way to enjoy Mallorca&#8217;s gastronomy is through its wines. The island has a <strong>long winemaking tradition<\/strong> and produces high quality wines, from whites and ros\u00e9s to reds. Be sure to try some of the Mallorcan wines during your visit to the island.  <\/p>\n\n<p>In short, Mallorca&#8217;s gastronomy is a delight that you cannot miss during your visit to the island, so take the opportunity to taste its typical dishes and its quality wines! <\/p>\n","protected":false},"excerpt":{"rendered":"<p>What to do in Palma de Mallorca in winter Looking for exciting activities to do in Palma de Mallorca during the winter? Check this out! The city offers a wealth of options, from visiting historical monuments such as Bellver Castle to enjoying the delicious food and vibrant atmosphere of the old town, there are also &#8230; <a title=\"Explore the best activities in Palma de Mallorca during wintertime\" class=\"read-more\" href=\"https:\/\/blog.k10mobility.com\/en\/explore-the-best-things-to-do-in-palma-de-mallorca-during-the-winter\/\" aria-label=\"Read more about Explore the best activities in Palma de Mallorca during wintertime\">Read more<\/a><\/p>\n","protected":false},"author":1,"featured_media":13425,"comment_status":"closed","ping_status":"closed","sticky":false,"template":"","format":"standard","meta":{"footnotes":""},"categories":[231],"tags":[],"class_list":["post-13423","post","type-post","status-publish","format-standard","has-post-thumbnail","hentry","category-mallorca"],"yoast_head":"<!-- This site is optimized with the Yoast SEO plugin v27.4 - https:\/\/yoast.com\/product\/yoast-seo-wordpress\/ -->\n<title>What to do in Palma de Mallorca in Winter -% K10 Mobility% \u00ae<\/title>\n<meta name=\"description\" content=\"What to do in Palma de Mallorca during the winter, from historical monuments and routes, to delicious local food, come and enjoy!\" \/>\n<meta name=\"robots\" content=\"index, follow, max-snippet:-1, max-image-preview:large, max-video-preview:-1\" \/>\n<link rel=\"canonical\" href=\"https:\/\/blog.k10mobility.com\/en\/explore-the-best-things-to-do-in-palma-de-mallorca-during-the-winter\/\" \/>\n<meta property=\"og:locale\" content=\"en_US\" \/>\n<meta property=\"og:type\" content=\"article\" \/>\n<meta property=\"og:title\" content=\"What to do in Palma de Mallorca in Winter -% K10 Mobility% \u00ae\" \/>\n<meta property=\"og:description\" content=\"What to do in Palma de Mallorca during the winter, from historical monuments and routes, to delicious local food, come and enjoy!\" \/>\n<meta property=\"og:url\" content=\"https:\/\/blog.k10mobility.com\/en\/explore-the-best-things-to-do-in-palma-de-mallorca-during-the-winter\/\" \/>\n<meta property=\"og:site_name\" content=\"K10 Mobility\" \/>\n<meta property=\"article:publisher\" content=\"https:\/\/www.facebook.com\/k10mobility\/\" \/>\n<meta property=\"article:published_time\" content=\"2023-01-02T10:53:51+00:00\" \/>\n<meta property=\"article:modified_time\" content=\"2026-01-22T11:41:15+00:00\" \/>\n<meta property=\"og:image\" content=\"https:\/\/blog.k10mobility.com\/wp-content\/uploads\/2022\/12\/que-ver-hacer-mallorca-invierno.jpg\" \/>\n\t<meta property=\"og:image:width\" content=\"1000\" \/>\n\t<meta property=\"og:image:height\" content=\"562\" \/>\n\t<meta property=\"og:image:type\" content=\"image\/jpeg\" \/>\n<meta name=\"author\" content=\"K10\" \/>\n<meta name=\"twitter:card\" content=\"summary_large_image\" \/>\n<meta name=\"twitter:label1\" content=\"Written by\" \/>\n\t<meta name=\"twitter:data1\" content=\"K10\" \/>\n\t<meta name=\"twitter:label2\" content=\"Est. reading time\" \/>\n\t<meta name=\"twitter:data2\" content=\"6 minutes\" \/>\n<script type=\"application\/ld+json\" class=\"yoast-schema-graph\">{\"@context\":\"https:\\\/\\\/schema.org\",\"@graph\":[{\"@type\":\"Article\",\"@id\":\"https:\\\/\\\/blog.k10mobility.com\\\/en\\\/explore-the-best-things-to-do-in-palma-de-mallorca-during-the-winter\\\/#article\",\"isPartOf\":{\"@id\":\"https:\\\/\\\/blog.k10mobility.com\\\/en\\\/explore-the-best-things-to-do-in-palma-de-mallorca-during-the-winter\\\/\"},\"author\":{\"name\":\"K10\",\"@id\":\"https:\\\/\\\/blog.k10mobility.com\\\/en\\\/#\\\/schema\\\/person\\\/f31e5cd36f44f986645396161453818b\"},\"headline\":\"Explore the best activities in Palma de Mallorca during wintertime\",\"datePublished\":\"2023-01-02T10:53:51+00:00\",\"dateModified\":\"2026-01-22T11:41:15+00:00\",\"mainEntityOfPage\":{\"@id\":\"https:\\\/\\\/blog.k10mobility.com\\\/en\\\/explore-the-best-things-to-do-in-palma-de-mallorca-during-the-winter\\\/\"},\"wordCount\":1207,\"publisher\":{\"@id\":\"https:\\\/\\\/blog.k10mobility.com\\\/en\\\/#organization\"},\"image\":{\"@id\":\"https:\\\/\\\/blog.k10mobility.com\\\/en\\\/explore-the-best-things-to-do-in-palma-de-mallorca-during-the-winter\\\/#primaryimage\"},\"thumbnailUrl\":\"https:\\\/\\\/blog.k10mobility.com\\\/wp-content\\\/uploads\\\/2022\\\/12\\\/que-ver-hacer-mallorca-invierno.jpg\",\"articleSection\":[\"Mallorca\"],\"inLanguage\":\"en-US\"},{\"@type\":\"WebPage\",\"@id\":\"https:\\\/\\\/blog.k10mobility.com\\\/en\\\/explore-the-best-things-to-do-in-palma-de-mallorca-during-the-winter\\\/\",\"url\":\"https:\\\/\\\/blog.k10mobility.com\\\/en\\\/explore-the-best-things-to-do-in-palma-de-mallorca-during-the-winter\\\/\",\"name\":\"What to do in Palma de Mallorca in Winter -% K10 Mobility% \u00ae\",\"isPartOf\":{\"@id\":\"https:\\\/\\\/blog.k10mobility.com\\\/en\\\/#website\"},\"primaryImageOfPage\":{\"@id\":\"https:\\\/\\\/blog.k10mobility.com\\\/en\\\/explore-the-best-things-to-do-in-palma-de-mallorca-during-the-winter\\\/#primaryimage\"},\"image\":{\"@id\":\"https:\\\/\\\/blog.k10mobility.com\\\/en\\\/explore-the-best-things-to-do-in-palma-de-mallorca-during-the-winter\\\/#primaryimage\"},\"thumbnailUrl\":\"https:\\\/\\\/blog.k10mobility.com\\\/wp-content\\\/uploads\\\/2022\\\/12\\\/que-ver-hacer-mallorca-invierno.jpg\",\"datePublished\":\"2023-01-02T10:53:51+00:00\",\"dateModified\":\"2026-01-22T11:41:15+00:00\",\"description\":\"What to do in Palma de Mallorca during the winter, from historical monuments and routes, to delicious local food, come and enjoy!\",\"breadcrumb\":{\"@id\":\"https:\\\/\\\/blog.k10mobility.com\\\/en\\\/explore-the-best-things-to-do-in-palma-de-mallorca-during-the-winter\\\/#breadcrumb\"},\"inLanguage\":\"en-US\",\"potentialAction\":[{\"@type\":\"ReadAction\",\"target\":[\"https:\\\/\\\/blog.k10mobility.com\\\/en\\\/explore-the-best-things-to-do-in-palma-de-mallorca-during-the-winter\\\/\"]}]},{\"@type\":\"ImageObject\",\"inLanguage\":\"en-US\",\"@id\":\"https:\\\/\\\/blog.k10mobility.com\\\/en\\\/explore-the-best-things-to-do-in-palma-de-mallorca-during-the-winter\\\/#primaryimage\",\"url\":\"https:\\\/\\\/blog.k10mobility.com\\\/wp-content\\\/uploads\\\/2022\\\/12\\\/que-ver-hacer-mallorca-invierno.jpg\",\"contentUrl\":\"https:\\\/\\\/blog.k10mobility.com\\\/wp-content\\\/uploads\\\/2022\\\/12\\\/que-ver-hacer-mallorca-invierno.jpg\",\"width\":1000,\"height\":562,\"caption\":\"what to do in mallorca in winter\"},{\"@type\":\"BreadcrumbList\",\"@id\":\"https:\\\/\\\/blog.k10mobility.com\\\/en\\\/explore-the-best-things-to-do-in-palma-de-mallorca-during-the-winter\\\/#breadcrumb\",\"itemListElement\":[{\"@type\":\"ListItem\",\"position\":1,\"name\":\"K10 Mobility\",\"item\":\"https:\\\/\\\/blog.k10mobility.com\\\/en\\\/\"},{\"@type\":\"ListItem\",\"position\":2,\"name\":\"Explore the best activities in Palma de Mallorca during wintertime\"}]},{\"@type\":\"WebSite\",\"@id\":\"https:\\\/\\\/blog.k10mobility.com\\\/en\\\/#website\",\"url\":\"https:\\\/\\\/blog.k10mobility.com\\\/en\\\/\",\"name\":\"K10 Mobility\",\"description\":\"Rent a car en Ibiza y Mallorca\",\"publisher\":{\"@id\":\"https:\\\/\\\/blog.k10mobility.com\\\/en\\\/#organization\"},\"alternateName\":\"K10 Rent a car\",\"potentialAction\":[{\"@type\":\"SearchAction\",\"target\":{\"@type\":\"EntryPoint\",\"urlTemplate\":\"https:\\\/\\\/blog.k10mobility.com\\\/en\\\/?s={search_term_string}\"},\"query-input\":{\"@type\":\"PropertyValueSpecification\",\"valueRequired\":true,\"valueName\":\"search_term_string\"}}],\"inLanguage\":\"en-US\"},{\"@type\":\"Organization\",\"@id\":\"https:\\\/\\\/blog.k10mobility.com\\\/en\\\/#organization\",\"name\":\"K10 Mobility\",\"alternateName\":\"K10 Mobility rent a car en Ibiza y Mallorca\",\"url\":\"https:\\\/\\\/blog.k10mobility.com\\\/en\\\/\",\"logo\":{\"@type\":\"ImageObject\",\"inLanguage\":\"en-US\",\"@id\":\"https:\\\/\\\/blog.k10mobility.com\\\/en\\\/#\\\/schema\\\/logo\\\/image\\\/\",\"url\":\"https:\\\/\\\/blog.k10mobility.com\\\/wp-content\\\/uploads\\\/2025\\\/11\\\/cropped-Logo-K10-color-apaisado.png\",\"contentUrl\":\"https:\\\/\\\/blog.k10mobility.com\\\/wp-content\\\/uploads\\\/2025\\\/11\\\/cropped-Logo-K10-color-apaisado.png\",\"width\":665,\"height\":105,\"caption\":\"K10 Mobility\"},\"image\":{\"@id\":\"https:\\\/\\\/blog.k10mobility.com\\\/en\\\/#\\\/schema\\\/logo\\\/image\\\/\"},\"sameAs\":[\"https:\\\/\\\/www.facebook.com\\\/k10mobility\\\/\",\"https:\\\/\\\/www.instagram.com\\\/k10mobility\\\/\"]},{\"@type\":\"Person\",\"@id\":\"https:\\\/\\\/blog.k10mobility.com\\\/en\\\/#\\\/schema\\\/person\\\/f31e5cd36f44f986645396161453818b\",\"name\":\"K10\",\"image\":{\"@type\":\"ImageObject\",\"inLanguage\":\"en-US\",\"@id\":\"https:\\\/\\\/secure.gravatar.com\\\/avatar\\\/206fefb0c43f85b1066007fbea28c7b1ae2fb5432c1864d0ab6dd2b14b6b4e87?s=96&d=mm&r=g\",\"url\":\"https:\\\/\\\/secure.gravatar.com\\\/avatar\\\/206fefb0c43f85b1066007fbea28c7b1ae2fb5432c1864d0ab6dd2b14b6b4e87?s=96&d=mm&r=g\",\"contentUrl\":\"https:\\\/\\\/secure.gravatar.com\\\/avatar\\\/206fefb0c43f85b1066007fbea28c7b1ae2fb5432c1864d0ab6dd2b14b6b4e87?s=96&d=mm&r=g\",\"caption\":\"K10\"},\"sameAs\":[\"https:\\\/\\\/blog.k10mobility.com\"],\"url\":\"https:\\\/\\\/blog.k10mobility.com\\\/en\\\/author\\\/s72m1n2k10\\\/\"}]}<\/script>\n<!-- \/ Yoast SEO plugin. -->","yoast_head_json":{"title":"What to do in Palma de Mallorca in Winter -% K10 Mobility% \u00ae","description":"What to do in Palma de Mallorca during the winter, from historical monuments and routes, to delicious local food, come and enjoy!","robots":{"index":"index","follow":"follow","max-snippet":"max-snippet:-1","max-image-preview":"max-image-preview:large","max-video-preview":"max-video-preview:-1"},"canonical":"https:\/\/blog.k10mobility.com\/en\/explore-the-best-things-to-do-in-palma-de-mallorca-during-the-winter\/","og_locale":"en_US","og_type":"article","og_title":"What to do in Palma de Mallorca in Winter -% K10 Mobility% \u00ae","og_description":"What to do in Palma de Mallorca during the winter, from historical monuments and routes, to delicious local food, come and enjoy!","og_url":"https:\/\/blog.k10mobility.com\/en\/explore-the-best-things-to-do-in-palma-de-mallorca-during-the-winter\/","og_site_name":"K10 Mobility","article_publisher":"https:\/\/www.facebook.com\/k10mobility\/","article_published_time":"2023-01-02T10:53:51+00:00","article_modified_time":"2026-01-22T11:41:15+00:00","og_image":[{"width":1000,"height":562,"url":"https:\/\/blog.k10mobility.com\/wp-content\/uploads\/2022\/12\/que-ver-hacer-mallorca-invierno.jpg","type":"image\/jpeg"}],"author":"K10","twitter_card":"summary_large_image","twitter_misc":{"Written by":"K10","Est. reading time":"6 minutes"},"schema":{"@context":"https:\/\/schema.org","@graph":[{"@type":"Article","@id":"https:\/\/blog.k10mobility.com\/en\/explore-the-best-things-to-do-in-palma-de-mallorca-during-the-winter\/#article","isPartOf":{"@id":"https:\/\/blog.k10mobility.com\/en\/explore-the-best-things-to-do-in-palma-de-mallorca-during-the-winter\/"},"author":{"name":"K10","@id":"https:\/\/blog.k10mobility.com\/en\/#\/schema\/person\/f31e5cd36f44f986645396161453818b"},"headline":"Explore the best activities in Palma de Mallorca during wintertime","datePublished":"2023-01-02T10:53:51+00:00","dateModified":"2026-01-22T11:41:15+00:00","mainEntityOfPage":{"@id":"https:\/\/blog.k10mobility.com\/en\/explore-the-best-things-to-do-in-palma-de-mallorca-during-the-winter\/"},"wordCount":1207,"publisher":{"@id":"https:\/\/blog.k10mobility.com\/en\/#organization"},"image":{"@id":"https:\/\/blog.k10mobility.com\/en\/explore-the-best-things-to-do-in-palma-de-mallorca-during-the-winter\/#primaryimage"},"thumbnailUrl":"https:\/\/blog.k10mobility.com\/wp-content\/uploads\/2022\/12\/que-ver-hacer-mallorca-invierno.jpg","articleSection":["Mallorca"],"inLanguage":"en-US"},{"@type":"WebPage","@id":"https:\/\/blog.k10mobility.com\/en\/explore-the-best-things-to-do-in-palma-de-mallorca-during-the-winter\/","url":"https:\/\/blog.k10mobility.com\/en\/explore-the-best-things-to-do-in-palma-de-mallorca-during-the-winter\/","name":"What to do in Palma de Mallorca in Winter -% K10 Mobility% \u00ae","isPartOf":{"@id":"https:\/\/blog.k10mobility.com\/en\/#website"},"primaryImageOfPage":{"@id":"https:\/\/blog.k10mobility.com\/en\/explore-the-best-things-to-do-in-palma-de-mallorca-during-the-winter\/#primaryimage"},"image":{"@id":"https:\/\/blog.k10mobility.com\/en\/explore-the-best-things-to-do-in-palma-de-mallorca-during-the-winter\/#primaryimage"},"thumbnailUrl":"https:\/\/blog.k10mobility.com\/wp-content\/uploads\/2022\/12\/que-ver-hacer-mallorca-invierno.jpg","datePublished":"2023-01-02T10:53:51+00:00","dateModified":"2026-01-22T11:41:15+00:00","description":"What to do in Palma de Mallorca during the winter, from historical monuments and routes, to delicious local food, come and enjoy!","breadcrumb":{"@id":"https:\/\/blog.k10mobility.com\/en\/explore-the-best-things-to-do-in-palma-de-mallorca-during-the-winter\/#breadcrumb"},"inLanguage":"en-US","potentialAction":[{"@type":"ReadAction","target":["https:\/\/blog.k10mobility.com\/en\/explore-the-best-things-to-do-in-palma-de-mallorca-during-the-winter\/"]}]},{"@type":"ImageObject","inLanguage":"en-US","@id":"https:\/\/blog.k10mobility.com\/en\/explore-the-best-things-to-do-in-palma-de-mallorca-during-the-winter\/#primaryimage","url":"https:\/\/blog.k10mobility.com\/wp-content\/uploads\/2022\/12\/que-ver-hacer-mallorca-invierno.jpg","contentUrl":"https:\/\/blog.k10mobility.com\/wp-content\/uploads\/2022\/12\/que-ver-hacer-mallorca-invierno.jpg","width":1000,"height":562,"caption":"what to do in mallorca in winter"},{"@type":"BreadcrumbList","@id":"https:\/\/blog.k10mobility.com\/en\/explore-the-best-things-to-do-in-palma-de-mallorca-during-the-winter\/#breadcrumb","itemListElement":[{"@type":"ListItem","position":1,"name":"K10 Mobility","item":"https:\/\/blog.k10mobility.com\/en\/"},{"@type":"ListItem","position":2,"name":"Explore the best activities in Palma de Mallorca during wintertime"}]},{"@type":"WebSite","@id":"https:\/\/blog.k10mobility.com\/en\/#website","url":"https:\/\/blog.k10mobility.com\/en\/","name":"K10 Mobility","description":"Rent a car en Ibiza y Mallorca","publisher":{"@id":"https:\/\/blog.k10mobility.com\/en\/#organization"},"alternateName":"K10 Rent a car","potentialAction":[{"@type":"SearchAction","target":{"@type":"EntryPoint","urlTemplate":"https:\/\/blog.k10mobility.com\/en\/?s={search_term_string}"},"query-input":{"@type":"PropertyValueSpecification","valueRequired":true,"valueName":"search_term_string"}}],"inLanguage":"en-US"},{"@type":"Organization","@id":"https:\/\/blog.k10mobility.com\/en\/#organization","name":"K10 Mobility","alternateName":"K10 Mobility rent a car en Ibiza y Mallorca","url":"https:\/\/blog.k10mobility.com\/en\/","logo":{"@type":"ImageObject","inLanguage":"en-US","@id":"https:\/\/blog.k10mobility.com\/en\/#\/schema\/logo\/image\/","url":"https:\/\/blog.k10mobility.com\/wp-content\/uploads\/2025\/11\/cropped-Logo-K10-color-apaisado.png","contentUrl":"https:\/\/blog.k10mobility.com\/wp-content\/uploads\/2025\/11\/cropped-Logo-K10-color-apaisado.png","width":665,"height":105,"caption":"K10 Mobility"},"image":{"@id":"https:\/\/blog.k10mobility.com\/en\/#\/schema\/logo\/image\/"},"sameAs":["https:\/\/www.facebook.com\/k10mobility\/","https:\/\/www.instagram.com\/k10mobility\/"]},{"@type":"Person","@id":"https:\/\/blog.k10mobility.com\/en\/#\/schema\/person\/f31e5cd36f44f986645396161453818b","name":"K10","image":{"@type":"ImageObject","inLanguage":"en-US","@id":"https:\/\/secure.gravatar.com\/avatar\/206fefb0c43f85b1066007fbea28c7b1ae2fb5432c1864d0ab6dd2b14b6b4e87?s=96&d=mm&r=g","url":"https:\/\/secure.gravatar.com\/avatar\/206fefb0c43f85b1066007fbea28c7b1ae2fb5432c1864d0ab6dd2b14b6b4e87?s=96&d=mm&r=g","contentUrl":"https:\/\/secure.gravatar.com\/avatar\/206fefb0c43f85b1066007fbea28c7b1ae2fb5432c1864d0ab6dd2b14b6b4e87?s=96&d=mm&r=g","caption":"K10"},"sameAs":["https:\/\/blog.k10mobility.com"],"url":"https:\/\/blog.k10mobility.com\/en\/author\/s72m1n2k10\/"}]}},"_links":{"self":[{"href":"https:\/\/blog.k10mobility.com\/en\/wp-json\/wp\/v2\/posts\/13423","targetHints":{"allow":["GET"]}}],"collection":[{"href":"https:\/\/blog.k10mobility.com\/en\/wp-json\/wp\/v2\/posts"}],"about":[{"href":"https:\/\/blog.k10mobility.com\/en\/wp-json\/wp\/v2\/types\/post"}],"author":[{"embeddable":true,"href":"https:\/\/blog.k10mobility.com\/en\/wp-json\/wp\/v2\/users\/1"}],"replies":[{"embeddable":true,"href":"https:\/\/blog.k10mobility.com\/en\/wp-json\/wp\/v2\/comments?post=13423"}],"version-history":[{"count":4,"href":"https:\/\/blog.k10mobility.com\/en\/wp-json\/wp\/v2\/posts\/13423\/revisions"}],"predecessor-version":[{"id":14103,"href":"https:\/\/blog.k10mobility.com\/en\/wp-json\/wp\/v2\/posts\/13423\/revisions\/14103"}],"wp:featuredmedia":[{"embeddable":true,"href":"https:\/\/blog.k10mobility.com\/en\/wp-json\/wp\/v2\/media\/13425"}],"wp:attachment":[{"href":"https:\/\/blog.k10mobility.com\/en\/wp-json\/wp\/v2\/media?parent=13423"}],"wp:term":[{"taxonomy":"category","embeddable":true,"href":"https:\/\/blog.k10mobility.com\/en\/wp-json\/wp\/v2\/categories?post=13423"},{"taxonomy":"post_tag","embeddable":true,"href":"https:\/\/blog.k10mobility.com\/en\/wp-json\/wp\/v2\/tags?post=13423"}],"curies":[{"name":"wp","href":"https:\/\/api.w.org\/{rel}","templated":true}]}}