{"id":12591,"date":"2025-11-19T15:20:41","date_gmt":"2025-11-19T15:20:41","guid":{"rendered":"https:\/\/blog.k10mobility.com\/marches-de-noel-a-majorque\/"},"modified":"2026-01-22T10:15:18","modified_gmt":"2026-01-22T10:15:18","slug":"marches-de-noel-a-majorque","status":"publish","type":"post","link":"https:\/\/blog.k10mobility.com\/fr\/marches-de-noel-a-majorque\/","title":{"rendered":"March\u00e9s de No\u00ebl \u00e0 Majorque"},"content":{"rendered":"<p>Vous imaginez vous <strong>promener sous les lumi\u00e8res de No\u00ebl, avec l&rsquo;odeur des ch\u00e2taignes grill\u00e9es, l&rsquo;artisanat local et une ambiance festive<\/strong>&#8230; au c\u0153ur de la M\u00e9diterran\u00e9e ? C&rsquo;est ce que vous proposent les march\u00e9s de No\u00ebl de Majorque. <\/p>\n<p>Et dans cet article de K10 Mobility, nous vous disons ce qu&rsquo;il faut savoir pour en profiter pleinement pendant les f\u00eates de fin d&rsquo;ann\u00e9e. Car c&rsquo;est sans aucun doute une p\u00e9riode in\u00e9galable pour venir d\u00e9couvrir l&rsquo;\u00eele, de la mani\u00e8re la plus attachante qui soit. Cette ann\u00e9e 2025, les march\u00e9s se tiendront du 23 novembre au 7 janvier, avec une marge d&rsquo;un ou deux jours selon les lieux.  <\/p>\n<h2 id=\"von-toc-1\">Vivez No\u00ebl dans les \u00eeles<\/h2>\n<h3 id=\"von-toc-2\">Pourquoi visiter les march\u00e9s de No\u00ebl \u00e0 Majorque ?<\/h3>\n<p>Sur l&rsquo;\u00eele de Majorque, No\u00ebl se vit de mani\u00e8re particuli\u00e8re : temp\u00e9ratures douces, paysages c\u00f4tiers et traditions locales qui se m\u00ealent \u00e0 l&rsquo;esprit festif.<\/p>\n<p>Les <strong>march\u00e9s de No\u00ebl de Majorque 2025<\/strong> sont une excellente occasion de trouver des cadeaux originaux, de se promener en famille, de d\u00e9guster des friandises typiques et de vivre la magie de No\u00ebl loin du climat froid de l&rsquo;int\u00e9rieur des terres.<\/p>\n<h3 id=\"von-toc-3\">Que peut-on attendre des march\u00e9s de No\u00ebl \u00e0 Majorque ?<\/h3>\n<ul>\n<li aria-level=\"1\">Stands d&rsquo;artisanat, de d\u00e9corations de No\u00ebl et de cadeaux faits \u00e0 la main. Par exemple, le centre de Palma offre d\u00e9j\u00e0 un large \u00e9ventail de d\u00e9corations de cr\u00e8ches et d&rsquo;objets artisanaux. <\/li>\n<li aria-level=\"1\">Ambiance familiale avec des ateliers pour enfants, de la musique et des activit\u00e9s pour tous les \u00e2ges.<\/li>\n<li aria-level=\"1\">Les dates commencent g\u00e9n\u00e9ralement \u00e0 la fin du mois de novembre et, dans certains cas, se prolongent jusqu&rsquo;au d\u00e9but du mois de janvier.<\/li>\n<\/ul>\n<h2 id=\"von-toc-4\">Principaux march\u00e9s de No\u00ebl Palma de Mallorca<\/h2>\n<h3 id=\"von-toc-5\">March\u00e9 aux puces de la Plaza Mayor<\/h3>\n<p>Ce march\u00e9 est g\u00e9n\u00e9ralement le premier \u00e0 ouvrir et vous y trouverez des figurines pour les cr\u00e8ches, des sapins et des guirlandes de No\u00ebl, des bougies et des jouets artisanaux. Cette ann\u00e9e, il restera ouvert jusqu&rsquo;au 7 janvier. <\/p>\n<h3 id=\"von-toc-6\">March\u00e9 de la Plaza Espa\u00f1a et de la Rambla de Palma &#8211; Dans le centre de Palma<\/h3>\n<p>Dans la capitale, l&rsquo;ambiance de No\u00ebl se concentre sur des lieux tels que la Plaza Espa\u00f1a et la Rambla de Palma, o\u00f9 un march\u00e9 de No\u00ebl est install\u00e9.  <strong>March\u00e9 de No\u00ebl anim\u00e9 avec des stands vendant des sucreries, de l&rsquo;artisanat et des d\u00e9corations.<\/strong><\/p>\n<p>Le <strong>march\u00e9 de la Rambla ressemble \u00e0 une sc\u00e8ne tout droit sortie d&rsquo;un film de No\u00ebl<\/strong>. Vous pouvez y d\u00e9guster une tasse de chocolat chaud avec des churros et m\u00eame des noisettes fra\u00eechement grill\u00e9es dans la caravane gar\u00e9e devant La Misericordia. <\/p>\n<p>Id\u00e9al pour une promenade dans l&rsquo;apr\u00e8s-midi apr\u00e8s avoir r\u00e9cup\u00e9r\u00e9 votre v\u00e9hicule avec K10 Mobility \u00e0 l&rsquo;a\u00e9roport.<\/p>\n<h3 id=\"von-toc-7\">March\u00e9 de Santa Pon\u00e7a (Calvi\u00e0)<\/h3>\n<p>Ce march\u00e9 de No\u00ebl se tient au champ de foire de Santa Pon\u00e7a, g\u00e9n\u00e9ralement entre fin novembre et d\u00e9cembre, et offre un environnement plus d\u00e9tendu que le centre-ville.<\/p>\n<p>Id\u00e9al si vous recherchez une exp\u00e9rience plus tranquille, peut-\u00eatre apr\u00e8s une journ\u00e9e \u00e0 la plage ou \u00e0 la montagne.<\/p>\n<h3 id=\"von-toc-8\">March\u00e9 du village espagnol<\/h3>\n<p>Le Pueblo Espa\u00f1ol est un village-mus\u00e9e o\u00f9 sont repr\u00e9sent\u00e9s certains des b\u00e2timents et monuments les plus embl\u00e9matiques d&rsquo;Espagne.<\/p>\n<p>Son march\u00e9 aux puces se tient du 5 d\u00e9cembre au 4 janvier, g\u00e9n\u00e9ralement du vendredi au dimanche, et l&rsquo;entr\u00e9e co\u00fbte environ 10-12 \u20ac, boisson chaude comprise.<\/p>\n<h2 id=\"von-toc-9\">Des villes charmantes<\/h2>\n<p>Certains villages majorquins organisent leurs propres foires de No\u00ebl (\u00ab\u00a0fires de Nadal\u00a0\u00bb). Par exemple, \u00e0 Alar\u00f3 ou \u00e0 Binissalem, vous trouverez des march\u00e9s avec de l&rsquo;artisanat, de la gastronomie locale et une atmosph\u00e8re tr\u00e8s insulaire. <\/p>\n<p>Ce type de destination est id\u00e9al pour combiner une visite au march\u00e9 aux puces avec une promenade dans un environnement plus authentique.<\/p>\n<h2 id=\"von-toc-10\">Conseils pratiques pour un maximum de plaisir<\/h2>\n<ul>\n<li aria-level=\"1\">Visitez les march\u00e9s aux heures les moins fr\u00e9quent\u00e9es (t\u00f4t le matin ou en semaine) pour \u00e9viter les foules et profiter des march\u00e9s en toute tranquillit\u00e9.<\/li>\n<li><strong>R\u00e9servez \u00e0 l&rsquo;avance <a href=\"https:\/\/blog.k10mobility.com\/?page_id=2694\">votre v\u00e9hicule aupr\u00e8s de K10 Mobility \u00e0 l&rsquo;a\u00e9roport<\/a><\/strong>. Avoir une voiture vous permettra de vous d\u00e9placer confortablement entre les march\u00e9s de No\u00ebl de Majorque sans d\u00e9pendre des transports publics. <\/li>\n<li aria-level=\"1\">Munissez-vous d&rsquo;un peu d&rsquo;argent liquide : <strong>il se peut que certains stands d&rsquo;artisanat n&rsquo;acceptent pas encore les paiements par carte<\/strong>.<\/li>\n<li aria-level=\"1\">Habillez-vous chaudement<strong>(bien que les temp\u00e9ratures soient plus douces \u00e0 Majorque, les soir\u00e9es peuvent \u00eatre fra\u00eeches<\/strong>) et portez des chaussures confortables pour vous promener entre les \u00e9tals.<\/li>\n<li aria-level=\"1\">Combinez une visite au march\u00e9 aux puces avec d&rsquo;autres projets de No\u00ebl : un chocolat chaud \u00e0 Palma, une promenade au coucher du soleil le long de la c\u00f4te ou une excursion dans un charmant village.<\/li>\n<\/ul>\n<h2 id=\"von-toc-11\">Planifiez votre escapade de No\u00ebl \u00e0 Majorque<\/h2>\n<p>Les march\u00e9s de No\u00ebl de Majorque sont <strong>un excellent moyen de profiter de No\u00ebl d&rsquo;une mani\u00e8re diff\u00e9rente<\/strong>: avec la mer, la lumi\u00e8re m\u00e9diterran\u00e9enne, la tradition et une bonne ambiance. Que ce soit dans les march\u00e9s de No\u00ebl de Palma de Majorque ou dans des villages plus retir\u00e9s, vous trouverez la magie de ces dates dans tous les coins de l&rsquo;\u00eele. <\/p>\n<p>Si vous pensez \u00e0 votre escapade de No\u00ebl pour les march\u00e9s de No\u00ebl de Majorque 2025, n&rsquo;h\u00e9sitez pas : planifiez \u00e0 l&rsquo;avance, r\u00e9servez votre v\u00e9hicule aupr\u00e8s de K10 Mobility \u00e0 l&rsquo;a\u00e9roport et pr\u00e9parez-vous \u00e0 vivre une saison de vacances m\u00e9morable.<\/p>\n<p><img fetchpriority=\"high\" decoding=\"async\" class=\"size-full wp-image-12368 aligncenter\" src=\"https:\/\/blog.k10mobility.com\/wp-content\/uploads\/2025\/11\/mercadillos-navidenos-mallorca-2025.webp\" alt=\"\" width=\"800\" height=\"600\" srcset=\"https:\/\/blog.k10mobility.com\/wp-content\/uploads\/2025\/11\/mercadillos-navidenos-mallorca-2025.webp 800w, https:\/\/blog.k10mobility.com\/wp-content\/uploads\/2025\/11\/mercadillos-navidenos-mallorca-2025-300x225.webp 300w, https:\/\/blog.k10mobility.com\/wp-content\/uploads\/2025\/11\/mercadillos-navidenos-mallorca-2025-768x576.webp 768w\" sizes=\"(max-width: 800px) 100vw, 800px\" \/><\/p>\n<p>Sources :<\/p>\n<ul>\n<li>https:\/\/www.caib.es\/webgoib\/es\/w\/calendari-de-fires-i-mercats-2025<\/li>\n<li>https:\/\/www.abc-mallorca.es\/mercado-navidad-palma\/<\/li>\n<\/ul>\n","protected":false},"excerpt":{"rendered":"<p>Vous imaginez vous promener sous les lumi\u00e8res de No\u00ebl, avec l&rsquo;odeur des ch\u00e2taignes grill\u00e9es, l&rsquo;artisanat local et une ambiance festive&#8230; au c\u0153ur de la M\u00e9diterran\u00e9e ? C&rsquo;est ce que vous proposent les march\u00e9s de No\u00ebl de Majorque. Et dans cet article de K10 Mobility, nous vous disons ce qu&rsquo;il faut savoir pour en profiter pleinement &#8230; <a title=\"March\u00e9s de No\u00ebl \u00e0 Majorque\" class=\"read-more\" href=\"https:\/\/blog.k10mobility.com\/fr\/marches-de-noel-a-majorque\/\" aria-label=\"En savoir plus sur March\u00e9s de No\u00ebl \u00e0 Majorque\">Lire la suite<\/a><\/p>\n","protected":false},"author":1,"featured_media":12592,"comment_status":"open","ping_status":"closed","sticky":false,"template":"","format":"standard","meta":{"footnotes":""},"categories":[232],"tags":[],"class_list":["post-12591","post","type-post","status-publish","format-standard","has-post-thumbnail","hentry","category-mallorca"],"yoast_head":"<!-- This site is optimized with the Yoast SEO plugin v27.4 - https:\/\/yoast.com\/product\/yoast-seo-wordpress\/ -->\n<title>March\u00e9s de No\u00ebl \u00e0 Majorque - K10 Mobility<\/title>\n<meta name=\"description\" content=\"Descubre nuestro post:March\u00e9s de No\u00ebl \u00e0 Majorque deMajorque .\" \/>\n<meta name=\"robots\" content=\"index, follow, max-snippet:-1, max-image-preview:large, max-video-preview:-1\" \/>\n<link rel=\"canonical\" href=\"https:\/\/blog.k10mobility.com\/fr\/marches-de-noel-a-majorque\/\" \/>\n<meta property=\"og:locale\" content=\"fr_FR\" \/>\n<meta property=\"og:type\" content=\"article\" \/>\n<meta property=\"og:title\" content=\"March\u00e9s de No\u00ebl \u00e0 Majorque - K10 Mobility\" \/>\n<meta property=\"og:description\" content=\"Descubre nuestro post:March\u00e9s de No\u00ebl \u00e0 Majorque deMajorque .\" \/>\n<meta property=\"og:url\" content=\"https:\/\/blog.k10mobility.com\/fr\/marches-de-noel-a-majorque\/\" \/>\n<meta property=\"og:site_name\" content=\"K10 Mobility\" \/>\n<meta property=\"article:publisher\" content=\"https:\/\/www.facebook.com\/k10mobility\/\" \/>\n<meta property=\"article:published_time\" content=\"2025-11-19T15:20:41+00:00\" \/>\n<meta property=\"article:modified_time\" content=\"2026-01-22T10:15:18+00:00\" \/>\n<meta property=\"og:image\" content=\"https:\/\/blog.k10mobility.com\/wp-content\/uploads\/2025\/11\/mallorca-navidad-mercadillos-1024x683.webp\" \/>\n\t<meta property=\"og:image:width\" content=\"1024\" \/>\n\t<meta property=\"og:image:height\" content=\"683\" \/>\n\t<meta property=\"og:image:type\" content=\"image\/webp\" \/>\n<meta name=\"author\" content=\"K10\" \/>\n<meta name=\"twitter:card\" content=\"summary_large_image\" \/>\n<meta name=\"twitter:label1\" content=\"\u00c9crit par\" \/>\n\t<meta name=\"twitter:data1\" content=\"K10\" \/>\n\t<meta name=\"twitter:label2\" content=\"Dur\u00e9e de lecture estim\u00e9e\" \/>\n\t<meta name=\"twitter:data2\" content=\"5 minutes\" \/>\n<script type=\"application\/ld+json\" class=\"yoast-schema-graph\">{\"@context\":\"https:\\\/\\\/schema.org\",\"@graph\":[{\"@type\":\"Article\",\"@id\":\"https:\\\/\\\/blog.k10mobility.com\\\/fr\\\/marches-de-noel-a-majorque\\\/#article\",\"isPartOf\":{\"@id\":\"https:\\\/\\\/blog.k10mobility.com\\\/fr\\\/marches-de-noel-a-majorque\\\/\"},\"author\":{\"name\":\"K10\",\"@id\":\"https:\\\/\\\/blog.k10mobility.com\\\/fr\\\/#\\\/schema\\\/person\\\/f31e5cd36f44f986645396161453818b\"},\"headline\":\"March\u00e9s de No\u00ebl \u00e0 Majorque\",\"datePublished\":\"2025-11-19T15:20:41+00:00\",\"dateModified\":\"2026-01-22T10:15:18+00:00\",\"mainEntityOfPage\":{\"@id\":\"https:\\\/\\\/blog.k10mobility.com\\\/fr\\\/marches-de-noel-a-majorque\\\/\"},\"wordCount\":1002,\"commentCount\":0,\"publisher\":{\"@id\":\"https:\\\/\\\/blog.k10mobility.com\\\/fr\\\/#organization\"},\"image\":{\"@id\":\"https:\\\/\\\/blog.k10mobility.com\\\/fr\\\/marches-de-noel-a-majorque\\\/#primaryimage\"},\"thumbnailUrl\":\"https:\\\/\\\/blog.k10mobility.com\\\/wp-content\\\/uploads\\\/2025\\\/11\\\/mallorca-navidad-mercadillos-scaled.webp\",\"articleSection\":[\"Majorque\"],\"inLanguage\":\"fr-FR\",\"potentialAction\":[{\"@type\":\"CommentAction\",\"name\":\"Comment\",\"target\":[\"https:\\\/\\\/blog.k10mobility.com\\\/fr\\\/marches-de-noel-a-majorque\\\/#respond\"]}]},{\"@type\":\"WebPage\",\"@id\":\"https:\\\/\\\/blog.k10mobility.com\\\/fr\\\/marches-de-noel-a-majorque\\\/\",\"url\":\"https:\\\/\\\/blog.k10mobility.com\\\/fr\\\/marches-de-noel-a-majorque\\\/\",\"name\":\"March\u00e9s de No\u00ebl \u00e0 Majorque - K10 Mobility\",\"isPartOf\":{\"@id\":\"https:\\\/\\\/blog.k10mobility.com\\\/fr\\\/#website\"},\"primaryImageOfPage\":{\"@id\":\"https:\\\/\\\/blog.k10mobility.com\\\/fr\\\/marches-de-noel-a-majorque\\\/#primaryimage\"},\"image\":{\"@id\":\"https:\\\/\\\/blog.k10mobility.com\\\/fr\\\/marches-de-noel-a-majorque\\\/#primaryimage\"},\"thumbnailUrl\":\"https:\\\/\\\/blog.k10mobility.com\\\/wp-content\\\/uploads\\\/2025\\\/11\\\/mallorca-navidad-mercadillos-scaled.webp\",\"datePublished\":\"2025-11-19T15:20:41+00:00\",\"dateModified\":\"2026-01-22T10:15:18+00:00\",\"description\":\"Descubre nuestro post:March\u00e9s de No\u00ebl \u00e0 Majorque deMajorque .\",\"breadcrumb\":{\"@id\":\"https:\\\/\\\/blog.k10mobility.com\\\/fr\\\/marches-de-noel-a-majorque\\\/#breadcrumb\"},\"inLanguage\":\"fr-FR\",\"potentialAction\":[{\"@type\":\"ReadAction\",\"target\":[\"https:\\\/\\\/blog.k10mobility.com\\\/fr\\\/marches-de-noel-a-majorque\\\/\"]}]},{\"@type\":\"ImageObject\",\"inLanguage\":\"fr-FR\",\"@id\":\"https:\\\/\\\/blog.k10mobility.com\\\/fr\\\/marches-de-noel-a-majorque\\\/#primaryimage\",\"url\":\"https:\\\/\\\/blog.k10mobility.com\\\/wp-content\\\/uploads\\\/2025\\\/11\\\/mallorca-navidad-mercadillos-scaled.webp\",\"contentUrl\":\"https:\\\/\\\/blog.k10mobility.com\\\/wp-content\\\/uploads\\\/2025\\\/11\\\/mallorca-navidad-mercadillos-scaled.webp\",\"width\":2560,\"height\":1707,\"caption\":\"March\u00e9s de No\u00ebl \u00e0 Majorque\"},{\"@type\":\"BreadcrumbList\",\"@id\":\"https:\\\/\\\/blog.k10mobility.com\\\/fr\\\/marches-de-noel-a-majorque\\\/#breadcrumb\",\"itemListElement\":[{\"@type\":\"ListItem\",\"position\":1,\"name\":\"K10 Mobility\",\"item\":\"https:\\\/\\\/blog.k10mobility.com\\\/fr\\\/\"},{\"@type\":\"ListItem\",\"position\":2,\"name\":\"March\u00e9s de No\u00ebl \u00e0 Majorque\"}]},{\"@type\":\"WebSite\",\"@id\":\"https:\\\/\\\/blog.k10mobility.com\\\/fr\\\/#website\",\"url\":\"https:\\\/\\\/blog.k10mobility.com\\\/fr\\\/\",\"name\":\"K10 Mobility\",\"description\":\"Rent a car en Ibiza y Mallorca\",\"publisher\":{\"@id\":\"https:\\\/\\\/blog.k10mobility.com\\\/fr\\\/#organization\"},\"alternateName\":\"K10 Rent a car\",\"potentialAction\":[{\"@type\":\"SearchAction\",\"target\":{\"@type\":\"EntryPoint\",\"urlTemplate\":\"https:\\\/\\\/blog.k10mobility.com\\\/fr\\\/?s={search_term_string}\"},\"query-input\":{\"@type\":\"PropertyValueSpecification\",\"valueRequired\":true,\"valueName\":\"search_term_string\"}}],\"inLanguage\":\"fr-FR\"},{\"@type\":\"Organization\",\"@id\":\"https:\\\/\\\/blog.k10mobility.com\\\/fr\\\/#organization\",\"name\":\"K10 Mobility\",\"alternateName\":\"K10 Mobility rent a car en Ibiza y Mallorca\",\"url\":\"https:\\\/\\\/blog.k10mobility.com\\\/fr\\\/\",\"logo\":{\"@type\":\"ImageObject\",\"inLanguage\":\"fr-FR\",\"@id\":\"https:\\\/\\\/blog.k10mobility.com\\\/fr\\\/#\\\/schema\\\/logo\\\/image\\\/\",\"url\":\"https:\\\/\\\/blog.k10mobility.com\\\/wp-content\\\/uploads\\\/2025\\\/11\\\/cropped-Logo-K10-color-apaisado.png\",\"contentUrl\":\"https:\\\/\\\/blog.k10mobility.com\\\/wp-content\\\/uploads\\\/2025\\\/11\\\/cropped-Logo-K10-color-apaisado.png\",\"width\":665,\"height\":105,\"caption\":\"K10 Mobility\"},\"image\":{\"@id\":\"https:\\\/\\\/blog.k10mobility.com\\\/fr\\\/#\\\/schema\\\/logo\\\/image\\\/\"},\"sameAs\":[\"https:\\\/\\\/www.facebook.com\\\/k10mobility\\\/\",\"https:\\\/\\\/www.instagram.com\\\/k10mobility\\\/\"]},{\"@type\":\"Person\",\"@id\":\"https:\\\/\\\/blog.k10mobility.com\\\/fr\\\/#\\\/schema\\\/person\\\/f31e5cd36f44f986645396161453818b\",\"name\":\"K10\",\"image\":{\"@type\":\"ImageObject\",\"inLanguage\":\"fr-FR\",\"@id\":\"https:\\\/\\\/secure.gravatar.com\\\/avatar\\\/206fefb0c43f85b1066007fbea28c7b1ae2fb5432c1864d0ab6dd2b14b6b4e87?s=96&d=mm&r=g\",\"url\":\"https:\\\/\\\/secure.gravatar.com\\\/avatar\\\/206fefb0c43f85b1066007fbea28c7b1ae2fb5432c1864d0ab6dd2b14b6b4e87?s=96&d=mm&r=g\",\"contentUrl\":\"https:\\\/\\\/secure.gravatar.com\\\/avatar\\\/206fefb0c43f85b1066007fbea28c7b1ae2fb5432c1864d0ab6dd2b14b6b4e87?s=96&d=mm&r=g\",\"caption\":\"K10\"},\"sameAs\":[\"https:\\\/\\\/blog.k10mobility.com\"],\"url\":\"https:\\\/\\\/blog.k10mobility.com\\\/fr\\\/author\\\/s72m1n2k10\\\/\"}]}<\/script>\n<!-- \/ Yoast SEO plugin. -->","yoast_head_json":{"title":"March\u00e9s de No\u00ebl \u00e0 Majorque - K10 Mobility","description":"Descubre nuestro post:March\u00e9s de No\u00ebl \u00e0 Majorque deMajorque .","robots":{"index":"index","follow":"follow","max-snippet":"max-snippet:-1","max-image-preview":"max-image-preview:large","max-video-preview":"max-video-preview:-1"},"canonical":"https:\/\/blog.k10mobility.com\/fr\/marches-de-noel-a-majorque\/","og_locale":"fr_FR","og_type":"article","og_title":"March\u00e9s de No\u00ebl \u00e0 Majorque - K10 Mobility","og_description":"Descubre nuestro post:March\u00e9s de No\u00ebl \u00e0 Majorque deMajorque .","og_url":"https:\/\/blog.k10mobility.com\/fr\/marches-de-noel-a-majorque\/","og_site_name":"K10 Mobility","article_publisher":"https:\/\/www.facebook.com\/k10mobility\/","article_published_time":"2025-11-19T15:20:41+00:00","article_modified_time":"2026-01-22T10:15:18+00:00","og_image":[{"width":1024,"height":683,"url":"https:\/\/blog.k10mobility.com\/wp-content\/uploads\/2025\/11\/mallorca-navidad-mercadillos-1024x683.webp","type":"image\/webp"}],"author":"K10","twitter_card":"summary_large_image","twitter_misc":{"\u00c9crit par":"K10","Dur\u00e9e de lecture estim\u00e9e":"5 minutes"},"schema":{"@context":"https:\/\/schema.org","@graph":[{"@type":"Article","@id":"https:\/\/blog.k10mobility.com\/fr\/marches-de-noel-a-majorque\/#article","isPartOf":{"@id":"https:\/\/blog.k10mobility.com\/fr\/marches-de-noel-a-majorque\/"},"author":{"name":"K10","@id":"https:\/\/blog.k10mobility.com\/fr\/#\/schema\/person\/f31e5cd36f44f986645396161453818b"},"headline":"March\u00e9s de No\u00ebl \u00e0 Majorque","datePublished":"2025-11-19T15:20:41+00:00","dateModified":"2026-01-22T10:15:18+00:00","mainEntityOfPage":{"@id":"https:\/\/blog.k10mobility.com\/fr\/marches-de-noel-a-majorque\/"},"wordCount":1002,"commentCount":0,"publisher":{"@id":"https:\/\/blog.k10mobility.com\/fr\/#organization"},"image":{"@id":"https:\/\/blog.k10mobility.com\/fr\/marches-de-noel-a-majorque\/#primaryimage"},"thumbnailUrl":"https:\/\/blog.k10mobility.com\/wp-content\/uploads\/2025\/11\/mallorca-navidad-mercadillos-scaled.webp","articleSection":["Majorque"],"inLanguage":"fr-FR","potentialAction":[{"@type":"CommentAction","name":"Comment","target":["https:\/\/blog.k10mobility.com\/fr\/marches-de-noel-a-majorque\/#respond"]}]},{"@type":"WebPage","@id":"https:\/\/blog.k10mobility.com\/fr\/marches-de-noel-a-majorque\/","url":"https:\/\/blog.k10mobility.com\/fr\/marches-de-noel-a-majorque\/","name":"March\u00e9s de No\u00ebl \u00e0 Majorque - K10 Mobility","isPartOf":{"@id":"https:\/\/blog.k10mobility.com\/fr\/#website"},"primaryImageOfPage":{"@id":"https:\/\/blog.k10mobility.com\/fr\/marches-de-noel-a-majorque\/#primaryimage"},"image":{"@id":"https:\/\/blog.k10mobility.com\/fr\/marches-de-noel-a-majorque\/#primaryimage"},"thumbnailUrl":"https:\/\/blog.k10mobility.com\/wp-content\/uploads\/2025\/11\/mallorca-navidad-mercadillos-scaled.webp","datePublished":"2025-11-19T15:20:41+00:00","dateModified":"2026-01-22T10:15:18+00:00","description":"Descubre nuestro post:March\u00e9s de No\u00ebl \u00e0 Majorque deMajorque .","breadcrumb":{"@id":"https:\/\/blog.k10mobility.com\/fr\/marches-de-noel-a-majorque\/#breadcrumb"},"inLanguage":"fr-FR","potentialAction":[{"@type":"ReadAction","target":["https:\/\/blog.k10mobility.com\/fr\/marches-de-noel-a-majorque\/"]}]},{"@type":"ImageObject","inLanguage":"fr-FR","@id":"https:\/\/blog.k10mobility.com\/fr\/marches-de-noel-a-majorque\/#primaryimage","url":"https:\/\/blog.k10mobility.com\/wp-content\/uploads\/2025\/11\/mallorca-navidad-mercadillos-scaled.webp","contentUrl":"https:\/\/blog.k10mobility.com\/wp-content\/uploads\/2025\/11\/mallorca-navidad-mercadillos-scaled.webp","width":2560,"height":1707,"caption":"March\u00e9s de No\u00ebl \u00e0 Majorque"},{"@type":"BreadcrumbList","@id":"https:\/\/blog.k10mobility.com\/fr\/marches-de-noel-a-majorque\/#breadcrumb","itemListElement":[{"@type":"ListItem","position":1,"name":"K10 Mobility","item":"https:\/\/blog.k10mobility.com\/fr\/"},{"@type":"ListItem","position":2,"name":"March\u00e9s de No\u00ebl \u00e0 Majorque"}]},{"@type":"WebSite","@id":"https:\/\/blog.k10mobility.com\/fr\/#website","url":"https:\/\/blog.k10mobility.com\/fr\/","name":"K10 Mobility","description":"Rent a car en Ibiza y Mallorca","publisher":{"@id":"https:\/\/blog.k10mobility.com\/fr\/#organization"},"alternateName":"K10 Rent a car","potentialAction":[{"@type":"SearchAction","target":{"@type":"EntryPoint","urlTemplate":"https:\/\/blog.k10mobility.com\/fr\/?s={search_term_string}"},"query-input":{"@type":"PropertyValueSpecification","valueRequired":true,"valueName":"search_term_string"}}],"inLanguage":"fr-FR"},{"@type":"Organization","@id":"https:\/\/blog.k10mobility.com\/fr\/#organization","name":"K10 Mobility","alternateName":"K10 Mobility rent a car en Ibiza y Mallorca","url":"https:\/\/blog.k10mobility.com\/fr\/","logo":{"@type":"ImageObject","inLanguage":"fr-FR","@id":"https:\/\/blog.k10mobility.com\/fr\/#\/schema\/logo\/image\/","url":"https:\/\/blog.k10mobility.com\/wp-content\/uploads\/2025\/11\/cropped-Logo-K10-color-apaisado.png","contentUrl":"https:\/\/blog.k10mobility.com\/wp-content\/uploads\/2025\/11\/cropped-Logo-K10-color-apaisado.png","width":665,"height":105,"caption":"K10 Mobility"},"image":{"@id":"https:\/\/blog.k10mobility.com\/fr\/#\/schema\/logo\/image\/"},"sameAs":["https:\/\/www.facebook.com\/k10mobility\/","https:\/\/www.instagram.com\/k10mobility\/"]},{"@type":"Person","@id":"https:\/\/blog.k10mobility.com\/fr\/#\/schema\/person\/f31e5cd36f44f986645396161453818b","name":"K10","image":{"@type":"ImageObject","inLanguage":"fr-FR","@id":"https:\/\/secure.gravatar.com\/avatar\/206fefb0c43f85b1066007fbea28c7b1ae2fb5432c1864d0ab6dd2b14b6b4e87?s=96&d=mm&r=g","url":"https:\/\/secure.gravatar.com\/avatar\/206fefb0c43f85b1066007fbea28c7b1ae2fb5432c1864d0ab6dd2b14b6b4e87?s=96&d=mm&r=g","contentUrl":"https:\/\/secure.gravatar.com\/avatar\/206fefb0c43f85b1066007fbea28c7b1ae2fb5432c1864d0ab6dd2b14b6b4e87?s=96&d=mm&r=g","caption":"K10"},"sameAs":["https:\/\/blog.k10mobility.com"],"url":"https:\/\/blog.k10mobility.com\/fr\/author\/s72m1n2k10\/"}]}},"_links":{"self":[{"href":"https:\/\/blog.k10mobility.com\/fr\/wp-json\/wp\/v2\/posts\/12591","targetHints":{"allow":["GET"]}}],"collection":[{"href":"https:\/\/blog.k10mobility.com\/fr\/wp-json\/wp\/v2\/posts"}],"about":[{"href":"https:\/\/blog.k10mobility.com\/fr\/wp-json\/wp\/v2\/types\/post"}],"author":[{"embeddable":true,"href":"https:\/\/blog.k10mobility.com\/fr\/wp-json\/wp\/v2\/users\/1"}],"replies":[{"embeddable":true,"href":"https:\/\/blog.k10mobility.com\/fr\/wp-json\/wp\/v2\/comments?post=12591"}],"version-history":[{"count":2,"href":"https:\/\/blog.k10mobility.com\/fr\/wp-json\/wp\/v2\/posts\/12591\/revisions"}],"predecessor-version":[{"id":13903,"href":"https:\/\/blog.k10mobility.com\/fr\/wp-json\/wp\/v2\/posts\/12591\/revisions\/13903"}],"wp:featuredmedia":[{"embeddable":true,"href":"https:\/\/blog.k10mobility.com\/fr\/wp-json\/wp\/v2\/media\/12592"}],"wp:attachment":[{"href":"https:\/\/blog.k10mobility.com\/fr\/wp-json\/wp\/v2\/media?parent=12591"}],"wp:term":[{"taxonomy":"category","embeddable":true,"href":"https:\/\/blog.k10mobility.com\/fr\/wp-json\/wp\/v2\/categories?post=12591"},{"taxonomy":"post_tag","embeddable":true,"href":"https:\/\/blog.k10mobility.com\/fr\/wp-json\/wp\/v2\/tags?post=12591"}],"curies":[{"name":"wp","href":"https:\/\/api.w.org\/{rel}","templated":true}]}}