{"id":12608,"date":"2025-08-21T10:13:38","date_gmt":"2025-08-21T10:13:38","guid":{"rendered":"https:\/\/blog.k10mobility.com\/que-voir-a-ibiza-en-7-jours\/"},"modified":"2026-03-23T18:07:59","modified_gmt":"2026-03-23T18:07:59","slug":"que-voir-a-ibiza-en-7-jours","status":"publish","type":"post","link":"https:\/\/blog.k10mobility.com\/fr\/que-voir-a-ibiza-en-7-jours\/","title":{"rendered":"Que voir \u00e0 Ibiza en 7 jours ?"},"content":{"rendered":"<p><span style=\"font-weight: 400;\">Pouvez-vous imaginer passer une semaine enti\u00e8re \u00e0 Ibiza et d\u00e9couvrir les moindres recoins de l&rsquo;\u00eele comme si vous \u00e9tiez un habitant de la r\u00e9gion ?  <\/span><\/p>\n<p><span style=\"font-weight: 400;\">Restez jusqu&rsquo;\u00e0 la fin, car nous avons pr\u00e9par\u00e9 un <\/span><b>itin\u00e9raire de 7 jours \u00e0 Ibiza<\/b><span style=\"font-weight: 400;\"> qui combine des plages cach\u00e9es, des villages charmants, des routes et des vues \u00e0 couper le souffle.<\/span><\/p>\n<p><span style=\"font-weight: 400;\">Cet article est con\u00e7u pour vous permettre de savoir exactement <\/span><b>ce qu&rsquo;il faut voir \u00e0 Ibiza en 7 jours<\/b><span style=\"font-weight: 400;\"> Pr\u00eat \u00e0 partir \u00e0 l&rsquo;aventure ?<\/span><\/p>\n<h2 id=\"von-toc-1\"><b>Itin\u00e9raire d&rsquo;Ibiza pour 7 jours de voyage<\/b><\/h2>\n<h3 id=\"von-toc-2\"><b>Jour 1 : Arriv\u00e9e et premier contact avec l&rsquo;\u00eele<\/b><\/h3>\n<ul>\n<li style=\"font-weight: 400;\" aria-level=\"1\"><span style=\"font-weight: 400;\">R\u00e9cup\u00e9rez votre voiture de location \u00e0 l&rsquo;a\u00e9roport avec K10 Mobility et commencez votre voyage en toute libert\u00e9.<\/span><\/li>\n<li style=\"font-weight: 400;\" aria-level=\"1\"><span style=\"font-weight: 400;\">D\u00e9couvrir <\/span><b>La ville d&rsquo;Ibiza<\/b><span style=\"font-weight: 400;\"> et fl\u00e2nez le long des murs de <\/span><b>Dalt Vila<\/b><span style=\"font-weight: 400;\">.<\/span><\/li>\n<li style=\"font-weight: 400;\" aria-level=\"1\"><span style=\"font-weight: 400;\">D\u00eenez dans le port et profitez de la vie nocturne.<\/span><\/li>\n<\/ul>\n<h3 id=\"von-toc-3\"><b>Jour 2 : Plages du sud<\/b><\/h3>\n<ul>\n<li style=\"font-weight: 400;\" aria-level=\"1\"><span style=\"font-weight: 400;\">Passez la journ\u00e9e \u00e0 <\/span><b>Ses Salines<\/b><span style=\"font-weight: 400;\"> y <\/span><b>Es Cavallet<\/b><span style=\"font-weight: 400;\">deux des plages les plus populaires.<\/span><\/li>\n<li style=\"font-weight: 400;\" aria-level=\"1\"><span style=\"font-weight: 400;\">Mangez dans un bar de plage surplombant la mer.<\/span><\/li>\n<li style=\"font-weight: 400;\" aria-level=\"1\"><span style=\"font-weight: 400;\">Apr\u00e8s-midi tranquille \u00e0 <\/span><b>Sa Caleta<\/b><span style=\"font-weight: 400;\">une crique cach\u00e9e avec des vestiges ph\u00e9niciens.<\/span><\/li>\n<\/ul>\n<h3 id=\"von-toc-4\"><b>Jour 3 : Aventure occidentale<\/b><\/h3>\n<ul>\n<li style=\"font-weight: 400;\" aria-level=\"1\"><span style=\"font-weight: 400;\">D\u00e9couvrez <\/span><b>L&rsquo;anse Comte<\/b><span style=\"font-weight: 400;\"> y <\/span><b>l&rsquo;anse Bassa<\/b><span style=\"font-weight: 400;\">id\u00e9ales pour se baigner et prendre des photos.<\/span><\/li>\n<li style=\"font-weight: 400;\" aria-level=\"1\"><span style=\"font-weight: 400;\">Terminez la journ\u00e9e en admirant le coucher de soleil \u00e0 <\/span><b>San Antonio<\/b><span style=\"font-weight: 400;\">depuis le <\/span><b>Caf\u00e9 del Mar<\/b><span style=\"font-weight: 400;\">.<\/span><\/li>\n<\/ul>\n<h3 id=\"von-toc-5\"><b>Jour 4 : Route du Nord<\/b><\/h3>\n<ul>\n<li style=\"font-weight: 400;\" aria-level=\"1\"><span style=\"font-weight: 400;\">Visitez les villages de <\/span><b>Santa Gertrudis<\/b><span style=\"font-weight: 400;\"> y <\/span><b>San Juan<\/b><span style=\"font-weight: 400;\">qui regorgent d&rsquo;art et de gastronomie locale.<\/span><\/li>\n<li style=\"font-weight: 400;\" aria-level=\"1\"><span style=\"font-weight: 400;\">Se d\u00e9tendre \u00e0 <\/span><b>L&rsquo;anse de Xarraca<\/b><span style=\"font-weight: 400;\"> o <\/span><b>la crique de Benirr\u00e0s<\/b><span style=\"font-weight: 400;\">c\u00e9l\u00e8bre pour ses tambours au coucher du soleil.<\/span><\/li>\n<\/ul>\n<h3 id=\"von-toc-6\"><b>Jour 5 : Excursion \u00e0 Formentera (facultatif)<\/b><\/h3>\n<ul>\n<li style=\"font-weight: 400;\" aria-level=\"1\"><span style=\"font-weight: 400;\">Si vous avez envie de changer, prenez un ferry depuis Ibiza et passez la journ\u00e9e \u00e0 <\/span><b>Formentera<\/b><span style=\"font-weight: 400;\">.<\/span><\/li>\n<li style=\"font-weight: 400;\" aria-level=\"1\"><span style=\"font-weight: 400;\">D\u00e9couvrez <\/span><b>Ses Illetes<\/b><span style=\"font-weight: 400;\">consid\u00e9r\u00e9e comme l&rsquo;une des meilleures plages d&rsquo;Europe.<\/span><\/li>\n<\/ul>\n<h3 id=\"von-toc-7\"><b>Jour 6 : March\u00e9s et villages de l&rsquo;int\u00e9rieur<\/b><\/h3>\n<ul>\n<li style=\"font-weight: 400;\" aria-level=\"1\"><span style=\"font-weight: 400;\">Promenez-vous dans le march\u00e9 aux puces de <\/span><b>Las Dalias<\/b><span style=\"font-weight: 400;\"> ou le <\/span><b>march\u00e9 hippie de Punta Arab\u00ed<\/b><span style=\"font-weight: 400;\">.<\/span><\/li>\n<li style=\"font-weight: 400;\" aria-level=\"1\"><span style=\"font-weight: 400;\">Profitez du calme des villages tels que <\/span><b>Sant Carles<\/b><span style=\"font-weight: 400;\"> y <\/span><b>Santa Agn\u00e8s<\/b><span style=\"font-weight: 400;\">.<\/span><\/li>\n<li style=\"font-weight: 400;\" aria-level=\"1\"><span style=\"font-weight: 400;\">D\u00eener \u00e0 la campagne, sous les \u00e9toiles.<\/span><\/li>\n<\/ul>\n<h3 id=\"von-toc-8\"><b>Jour 7 : D\u00e9tente et adieu<\/b><\/h3>\n<ul>\n<li style=\"font-weight: 400;\" aria-level=\"1\"><span style=\"font-weight: 400;\">Se d\u00e9tendre \u00e0 <\/span><b>Talamanca<\/b><span style=\"font-weight: 400;\"> o <\/span><b>Cala Llonga<\/b><span style=\"font-weight: 400;\">.<\/span><\/li>\n<li style=\"font-weight: 400;\" aria-level=\"1\"><span style=\"font-weight: 400;\">Grimpez jusqu&rsquo;au point de vue de <\/span><b>Sa Talaia<\/b><span style=\"font-weight: 400;\">le point culminant de l&rsquo;\u00eele, pour faire vos adieux avec une vue \u00e0 360\u00ba.<\/span><\/li>\n<li style=\"font-weight: 400;\" aria-level=\"1\"><span style=\"font-weight: 400;\">Laissez votre voiture \u00e0 K10 Mobility et terminez votre semaine parfaite \u00e0 Ibiza.<\/span><\/li>\n<\/ul>\n<h2 id=\"von-toc-9\"><b>Questions fr\u00e9quemment pos\u00e9es lors d&rsquo;un voyage de 7 jours \u00e0 Ibiza :<\/b><\/h2>\n<h3 id=\"von-toc-10\"><b>Une semaine suffit-elle pour d\u00e9couvrir Ibiza ?<\/b><\/h3>\n<p><span style=\"font-weight: 400;\">Oui, une semaine est id\u00e9ale pour d\u00e9couvrir \u00e0 la fois les zones les plus touristiques et les coins les moins explor\u00e9s. De plus, le fait d&rsquo;avoir une voiture permet de se d\u00e9placer facilement et de profiter au maximum des journ\u00e9es.  <\/span><\/p>\n<h3 id=\"von-toc-11\"><b>Qu&rsquo;est-ce qui fait un bon itin\u00e9raire de 7 jours \u00e0 Ibiza ?<\/b><\/h3>\n<p><span style=\"font-weight: 400;\">Un \u00e9quilibre entre d\u00e9tente, culture, nature et gastronomie. Avec une voiture de location, vous pouvez organiser vos journ\u00e9es \u00e0 votre rythme et moduler vos visites en fonction de la m\u00e9t\u00e9o ou de vos pr\u00e9f\u00e9rences. <\/span><\/p>\n<h3 id=\"von-toc-12\"><b>Quels jours pour visiter Formentera ?<\/b><\/h3>\n<p><span style=\"font-weight: 400;\">Nous vous conseillons de le faire au milieu du voyage, comme dans l&rsquo;encadr\u00e9 ci-dessous. <\/span><b>Jour 5<\/b><span style=\"font-weight: 400;\">pour changer de d\u00e9cor sans modifier votre planning \u00e0 Ibiza.<\/span><\/p>\n<p><span style=\"font-weight: 400;\">Si vous vous demandez <\/span><b>que voir \u00e0 Ibiza en 7 jours<\/b><span style=\"font-weight: 400;\">vous disposez d\u00e9sormais d&rsquo;un guide complet pour profiter de chaque jour sans improviser. Avec une <a href=\"\/alquiler-coche-ibiza-aeropuerto\/\">voiture de location de <\/a><\/span><span style=\"font-weight: 400;\">K10 Mobility<\/span><span style=\"font-weight: 400;\"> \u00e0 l&rsquo;a\u00e9roport d&rsquo;Ibiza, vous pourrez vous d\u00e9placer sur l&rsquo;\u00eele sans d\u00e9pendre des transports publics ou des horaires.<\/span><\/p>\n<p><span style=\"font-weight: 400;\">Pr\u00e9parez-vous donc \u00e0 passer une semaine inoubliable \u00e0 Ibiza, o\u00f9 chaque jour vous d\u00e9voilera un nouveau paysage.<\/span><\/p>\n","protected":false},"excerpt":{"rendered":"<p>Pouvez-vous imaginer passer une semaine enti\u00e8re \u00e0 Ibiza et d\u00e9couvrir les moindres recoins de l&rsquo;\u00eele comme si vous \u00e9tiez un habitant de la r\u00e9gion ? Restez jusqu&rsquo;\u00e0 la fin, car nous avons pr\u00e9par\u00e9 un itin\u00e9raire de 7 jours \u00e0 Ibiza qui combine des plages cach\u00e9es, des villages charmants, des routes et des vues \u00e0 couper &#8230; <a title=\"Que voir \u00e0 Ibiza en 7 jours ?\" class=\"read-more\" href=\"https:\/\/blog.k10mobility.com\/fr\/que-voir-a-ibiza-en-7-jours\/\" aria-label=\"En savoir plus sur Que voir \u00e0 Ibiza en 7 jours ?\">Lire la suite<\/a><\/p>\n","protected":false},"author":2,"featured_media":12609,"comment_status":"closed","ping_status":"closed","sticky":false,"template":"","format":"standard","meta":{"footnotes":""},"categories":[224],"tags":[332],"class_list":["post-12608","post","type-post","status-publish","format-standard","has-post-thumbnail","hentry","category-ibiza","tag-destacada-rutas"],"yoast_head":"<!-- This site is optimized with the Yoast SEO plugin v27.4 - https:\/\/yoast.com\/product\/yoast-seo-wordpress\/ -->\n<title>Que voir \u00e0 Ibiza en 7 jours ? - K10 Mobility<\/title>\n<meta name=\"description\" content=\"Si vous voulez savoir ce qu&#039;il faut voir \u00e0 Ibiza en 7 jours, vous \u00eates au bon endroit. Nous sommes natifs de l&#039;\u00eele et nous vous indiquons le meilleur itin\u00e9raire pour 7 jours.\" \/>\n<meta name=\"robots\" content=\"index, follow, max-snippet:-1, max-image-preview:large, max-video-preview:-1\" \/>\n<link rel=\"canonical\" href=\"https:\/\/blog.k10mobility.com\/fr\/que-voir-a-ibiza-en-7-jours\/\" \/>\n<meta property=\"og:locale\" content=\"fr_FR\" \/>\n<meta property=\"og:type\" content=\"article\" \/>\n<meta property=\"og:title\" content=\"Que voir \u00e0 Ibiza en 7 jours ? - K10 Mobility\" \/>\n<meta property=\"og:description\" content=\"Si vous voulez savoir ce qu&#039;il faut voir \u00e0 Ibiza en 7 jours, vous \u00eates au bon endroit. Nous sommes natifs de l&#039;\u00eele et nous vous indiquons le meilleur itin\u00e9raire pour 7 jours.\" \/>\n<meta property=\"og:url\" content=\"https:\/\/blog.k10mobility.com\/fr\/que-voir-a-ibiza-en-7-jours\/\" \/>\n<meta property=\"og:site_name\" content=\"K10 Mobility\" \/>\n<meta property=\"article:publisher\" content=\"https:\/\/www.facebook.com\/k10mobility\/\" \/>\n<meta property=\"article:published_time\" content=\"2025-08-21T10:13:38+00:00\" \/>\n<meta property=\"article:modified_time\" content=\"2026-03-23T18:07:59+00:00\" \/>\n<meta property=\"og:image\" content=\"https:\/\/blog.k10mobility.com\/wp-content\/uploads\/2025\/08\/que-ver-en-ibiza-7-dias.webp\" \/>\n\t<meta property=\"og:image:width\" content=\"800\" \/>\n\t<meta property=\"og:image:height\" content=\"533\" \/>\n\t<meta property=\"og:image:type\" content=\"image\/webp\" \/>\n<meta name=\"author\" content=\"Luis Ram\u00eds\" \/>\n<meta name=\"twitter:card\" content=\"summary_large_image\" \/>\n<meta name=\"twitter:label1\" content=\"\u00c9crit par\" \/>\n\t<meta name=\"twitter:data1\" content=\"Luis Ram\u00eds\" \/>\n\t<meta name=\"twitter:label2\" content=\"Dur\u00e9e de lecture estim\u00e9e\" \/>\n\t<meta name=\"twitter:data2\" content=\"3 minutes\" \/>\n<script type=\"application\/ld+json\" class=\"yoast-schema-graph\">{\"@context\":\"https:\\\/\\\/schema.org\",\"@graph\":[{\"@type\":\"Article\",\"@id\":\"https:\\\/\\\/blog.k10mobility.com\\\/fr\\\/que-voir-a-ibiza-en-7-jours\\\/#article\",\"isPartOf\":{\"@id\":\"https:\\\/\\\/blog.k10mobility.com\\\/fr\\\/que-voir-a-ibiza-en-7-jours\\\/\"},\"author\":{\"name\":\"Luis Ram\u00eds\",\"@id\":\"https:\\\/\\\/blog.k10mobility.com\\\/fr\\\/#\\\/schema\\\/person\\\/5f18469c790b92d83fdd98422e621da8\"},\"headline\":\"Que voir \u00e0 Ibiza en 7 jours ?\",\"datePublished\":\"2025-08-21T10:13:38+00:00\",\"dateModified\":\"2026-03-23T18:07:59+00:00\",\"mainEntityOfPage\":{\"@id\":\"https:\\\/\\\/blog.k10mobility.com\\\/fr\\\/que-voir-a-ibiza-en-7-jours\\\/\"},\"wordCount\":618,\"publisher\":{\"@id\":\"https:\\\/\\\/blog.k10mobility.com\\\/fr\\\/#organization\"},\"image\":{\"@id\":\"https:\\\/\\\/blog.k10mobility.com\\\/fr\\\/que-voir-a-ibiza-en-7-jours\\\/#primaryimage\"},\"thumbnailUrl\":\"https:\\\/\\\/blog.k10mobility.com\\\/wp-content\\\/uploads\\\/2025\\\/08\\\/que-ver-en-ibiza-7-dias.webp\",\"keywords\":[\"Destacada Rutas\"],\"articleSection\":[\"Ibiza\"],\"inLanguage\":\"fr-FR\"},{\"@type\":\"WebPage\",\"@id\":\"https:\\\/\\\/blog.k10mobility.com\\\/fr\\\/que-voir-a-ibiza-en-7-jours\\\/\",\"url\":\"https:\\\/\\\/blog.k10mobility.com\\\/fr\\\/que-voir-a-ibiza-en-7-jours\\\/\",\"name\":\"Que voir \u00e0 Ibiza en 7 jours ? - K10 Mobility\",\"isPartOf\":{\"@id\":\"https:\\\/\\\/blog.k10mobility.com\\\/fr\\\/#website\"},\"primaryImageOfPage\":{\"@id\":\"https:\\\/\\\/blog.k10mobility.com\\\/fr\\\/que-voir-a-ibiza-en-7-jours\\\/#primaryimage\"},\"image\":{\"@id\":\"https:\\\/\\\/blog.k10mobility.com\\\/fr\\\/que-voir-a-ibiza-en-7-jours\\\/#primaryimage\"},\"thumbnailUrl\":\"https:\\\/\\\/blog.k10mobility.com\\\/wp-content\\\/uploads\\\/2025\\\/08\\\/que-ver-en-ibiza-7-dias.webp\",\"datePublished\":\"2025-08-21T10:13:38+00:00\",\"dateModified\":\"2026-03-23T18:07:59+00:00\",\"description\":\"Si vous voulez savoir ce qu'il faut voir \u00e0 Ibiza en 7 jours, vous \u00eates au bon endroit. Nous sommes natifs de l'\u00eele et nous vous indiquons le meilleur itin\u00e9raire pour 7 jours.\",\"breadcrumb\":{\"@id\":\"https:\\\/\\\/blog.k10mobility.com\\\/fr\\\/que-voir-a-ibiza-en-7-jours\\\/#breadcrumb\"},\"inLanguage\":\"fr-FR\",\"potentialAction\":[{\"@type\":\"ReadAction\",\"target\":[\"https:\\\/\\\/blog.k10mobility.com\\\/fr\\\/que-voir-a-ibiza-en-7-jours\\\/\"]}]},{\"@type\":\"ImageObject\",\"inLanguage\":\"fr-FR\",\"@id\":\"https:\\\/\\\/blog.k10mobility.com\\\/fr\\\/que-voir-a-ibiza-en-7-jours\\\/#primaryimage\",\"url\":\"https:\\\/\\\/blog.k10mobility.com\\\/wp-content\\\/uploads\\\/2025\\\/08\\\/que-ver-en-ibiza-7-dias.webp\",\"contentUrl\":\"https:\\\/\\\/blog.k10mobility.com\\\/wp-content\\\/uploads\\\/2025\\\/08\\\/que-ver-en-ibiza-7-dias.webp\",\"width\":800,\"height\":533,\"caption\":\"Que voir \u00e0 Ibiza en 7 jours ?\"},{\"@type\":\"BreadcrumbList\",\"@id\":\"https:\\\/\\\/blog.k10mobility.com\\\/fr\\\/que-voir-a-ibiza-en-7-jours\\\/#breadcrumb\",\"itemListElement\":[{\"@type\":\"ListItem\",\"position\":1,\"name\":\"K10 Mobility\",\"item\":\"https:\\\/\\\/blog.k10mobility.com\\\/fr\\\/\"},{\"@type\":\"ListItem\",\"position\":2,\"name\":\"Que voir \u00e0 Ibiza en 7 jours ?\"}]},{\"@type\":\"WebSite\",\"@id\":\"https:\\\/\\\/blog.k10mobility.com\\\/fr\\\/#website\",\"url\":\"https:\\\/\\\/blog.k10mobility.com\\\/fr\\\/\",\"name\":\"K10 Mobility\",\"description\":\"Rent a car en Ibiza y Mallorca\",\"publisher\":{\"@id\":\"https:\\\/\\\/blog.k10mobility.com\\\/fr\\\/#organization\"},\"alternateName\":\"K10 Rent a car\",\"potentialAction\":[{\"@type\":\"SearchAction\",\"target\":{\"@type\":\"EntryPoint\",\"urlTemplate\":\"https:\\\/\\\/blog.k10mobility.com\\\/fr\\\/?s={search_term_string}\"},\"query-input\":{\"@type\":\"PropertyValueSpecification\",\"valueRequired\":true,\"valueName\":\"search_term_string\"}}],\"inLanguage\":\"fr-FR\"},{\"@type\":\"Organization\",\"@id\":\"https:\\\/\\\/blog.k10mobility.com\\\/fr\\\/#organization\",\"name\":\"K10 Mobility\",\"alternateName\":\"K10 Mobility rent a car en Ibiza y Mallorca\",\"url\":\"https:\\\/\\\/blog.k10mobility.com\\\/fr\\\/\",\"logo\":{\"@type\":\"ImageObject\",\"inLanguage\":\"fr-FR\",\"@id\":\"https:\\\/\\\/blog.k10mobility.com\\\/fr\\\/#\\\/schema\\\/logo\\\/image\\\/\",\"url\":\"https:\\\/\\\/blog.k10mobility.com\\\/wp-content\\\/uploads\\\/2025\\\/11\\\/cropped-Logo-K10-color-apaisado.png\",\"contentUrl\":\"https:\\\/\\\/blog.k10mobility.com\\\/wp-content\\\/uploads\\\/2025\\\/11\\\/cropped-Logo-K10-color-apaisado.png\",\"width\":665,\"height\":105,\"caption\":\"K10 Mobility\"},\"image\":{\"@id\":\"https:\\\/\\\/blog.k10mobility.com\\\/fr\\\/#\\\/schema\\\/logo\\\/image\\\/\"},\"sameAs\":[\"https:\\\/\\\/www.facebook.com\\\/k10mobility\\\/\",\"https:\\\/\\\/www.instagram.com\\\/k10mobility\\\/\"]},{\"@type\":\"Person\",\"@id\":\"https:\\\/\\\/blog.k10mobility.com\\\/fr\\\/#\\\/schema\\\/person\\\/5f18469c790b92d83fdd98422e621da8\",\"name\":\"Luis Ram\u00eds\",\"image\":{\"@type\":\"ImageObject\",\"inLanguage\":\"fr-FR\",\"@id\":\"https:\\\/\\\/secure.gravatar.com\\\/avatar\\\/30162c41d6f584ef954ac19546d34176104f5a2b363cc65fe6c8b9dc6c1ed9ac?s=96&d=mm&r=g\",\"url\":\"https:\\\/\\\/secure.gravatar.com\\\/avatar\\\/30162c41d6f584ef954ac19546d34176104f5a2b363cc65fe6c8b9dc6c1ed9ac?s=96&d=mm&r=g\",\"contentUrl\":\"https:\\\/\\\/secure.gravatar.com\\\/avatar\\\/30162c41d6f584ef954ac19546d34176104f5a2b363cc65fe6c8b9dc6c1ed9ac?s=96&d=mm&r=g\",\"caption\":\"Luis Ram\u00eds\"},\"url\":\"https:\\\/\\\/blog.k10mobility.com\\\/fr\\\/author\\\/luisr4m1s_k10\\\/\"}]}<\/script>\n<!-- \/ Yoast SEO plugin. -->","yoast_head_json":{"title":"Que voir \u00e0 Ibiza en 7 jours ? - K10 Mobility","description":"Si vous voulez savoir ce qu'il faut voir \u00e0 Ibiza en 7 jours, vous \u00eates au bon endroit. Nous sommes natifs de l'\u00eele et nous vous indiquons le meilleur itin\u00e9raire pour 7 jours.","robots":{"index":"index","follow":"follow","max-snippet":"max-snippet:-1","max-image-preview":"max-image-preview:large","max-video-preview":"max-video-preview:-1"},"canonical":"https:\/\/blog.k10mobility.com\/fr\/que-voir-a-ibiza-en-7-jours\/","og_locale":"fr_FR","og_type":"article","og_title":"Que voir \u00e0 Ibiza en 7 jours ? - K10 Mobility","og_description":"Si vous voulez savoir ce qu'il faut voir \u00e0 Ibiza en 7 jours, vous \u00eates au bon endroit. Nous sommes natifs de l'\u00eele et nous vous indiquons le meilleur itin\u00e9raire pour 7 jours.","og_url":"https:\/\/blog.k10mobility.com\/fr\/que-voir-a-ibiza-en-7-jours\/","og_site_name":"K10 Mobility","article_publisher":"https:\/\/www.facebook.com\/k10mobility\/","article_published_time":"2025-08-21T10:13:38+00:00","article_modified_time":"2026-03-23T18:07:59+00:00","og_image":[{"width":800,"height":533,"url":"https:\/\/blog.k10mobility.com\/wp-content\/uploads\/2025\/08\/que-ver-en-ibiza-7-dias.webp","type":"image\/webp"}],"author":"Luis Ram\u00eds","twitter_card":"summary_large_image","twitter_misc":{"\u00c9crit par":"Luis Ram\u00eds","Dur\u00e9e de lecture estim\u00e9e":"3 minutes"},"schema":{"@context":"https:\/\/schema.org","@graph":[{"@type":"Article","@id":"https:\/\/blog.k10mobility.com\/fr\/que-voir-a-ibiza-en-7-jours\/#article","isPartOf":{"@id":"https:\/\/blog.k10mobility.com\/fr\/que-voir-a-ibiza-en-7-jours\/"},"author":{"name":"Luis Ram\u00eds","@id":"https:\/\/blog.k10mobility.com\/fr\/#\/schema\/person\/5f18469c790b92d83fdd98422e621da8"},"headline":"Que voir \u00e0 Ibiza en 7 jours ?","datePublished":"2025-08-21T10:13:38+00:00","dateModified":"2026-03-23T18:07:59+00:00","mainEntityOfPage":{"@id":"https:\/\/blog.k10mobility.com\/fr\/que-voir-a-ibiza-en-7-jours\/"},"wordCount":618,"publisher":{"@id":"https:\/\/blog.k10mobility.com\/fr\/#organization"},"image":{"@id":"https:\/\/blog.k10mobility.com\/fr\/que-voir-a-ibiza-en-7-jours\/#primaryimage"},"thumbnailUrl":"https:\/\/blog.k10mobility.com\/wp-content\/uploads\/2025\/08\/que-ver-en-ibiza-7-dias.webp","keywords":["Destacada Rutas"],"articleSection":["Ibiza"],"inLanguage":"fr-FR"},{"@type":"WebPage","@id":"https:\/\/blog.k10mobility.com\/fr\/que-voir-a-ibiza-en-7-jours\/","url":"https:\/\/blog.k10mobility.com\/fr\/que-voir-a-ibiza-en-7-jours\/","name":"Que voir \u00e0 Ibiza en 7 jours ? - K10 Mobility","isPartOf":{"@id":"https:\/\/blog.k10mobility.com\/fr\/#website"},"primaryImageOfPage":{"@id":"https:\/\/blog.k10mobility.com\/fr\/que-voir-a-ibiza-en-7-jours\/#primaryimage"},"image":{"@id":"https:\/\/blog.k10mobility.com\/fr\/que-voir-a-ibiza-en-7-jours\/#primaryimage"},"thumbnailUrl":"https:\/\/blog.k10mobility.com\/wp-content\/uploads\/2025\/08\/que-ver-en-ibiza-7-dias.webp","datePublished":"2025-08-21T10:13:38+00:00","dateModified":"2026-03-23T18:07:59+00:00","description":"Si vous voulez savoir ce qu'il faut voir \u00e0 Ibiza en 7 jours, vous \u00eates au bon endroit. Nous sommes natifs de l'\u00eele et nous vous indiquons le meilleur itin\u00e9raire pour 7 jours.","breadcrumb":{"@id":"https:\/\/blog.k10mobility.com\/fr\/que-voir-a-ibiza-en-7-jours\/#breadcrumb"},"inLanguage":"fr-FR","potentialAction":[{"@type":"ReadAction","target":["https:\/\/blog.k10mobility.com\/fr\/que-voir-a-ibiza-en-7-jours\/"]}]},{"@type":"ImageObject","inLanguage":"fr-FR","@id":"https:\/\/blog.k10mobility.com\/fr\/que-voir-a-ibiza-en-7-jours\/#primaryimage","url":"https:\/\/blog.k10mobility.com\/wp-content\/uploads\/2025\/08\/que-ver-en-ibiza-7-dias.webp","contentUrl":"https:\/\/blog.k10mobility.com\/wp-content\/uploads\/2025\/08\/que-ver-en-ibiza-7-dias.webp","width":800,"height":533,"caption":"Que voir \u00e0 Ibiza en 7 jours ?"},{"@type":"BreadcrumbList","@id":"https:\/\/blog.k10mobility.com\/fr\/que-voir-a-ibiza-en-7-jours\/#breadcrumb","itemListElement":[{"@type":"ListItem","position":1,"name":"K10 Mobility","item":"https:\/\/blog.k10mobility.com\/fr\/"},{"@type":"ListItem","position":2,"name":"Que voir \u00e0 Ibiza en 7 jours ?"}]},{"@type":"WebSite","@id":"https:\/\/blog.k10mobility.com\/fr\/#website","url":"https:\/\/blog.k10mobility.com\/fr\/","name":"K10 Mobility","description":"Rent a car en Ibiza y Mallorca","publisher":{"@id":"https:\/\/blog.k10mobility.com\/fr\/#organization"},"alternateName":"K10 Rent a car","potentialAction":[{"@type":"SearchAction","target":{"@type":"EntryPoint","urlTemplate":"https:\/\/blog.k10mobility.com\/fr\/?s={search_term_string}"},"query-input":{"@type":"PropertyValueSpecification","valueRequired":true,"valueName":"search_term_string"}}],"inLanguage":"fr-FR"},{"@type":"Organization","@id":"https:\/\/blog.k10mobility.com\/fr\/#organization","name":"K10 Mobility","alternateName":"K10 Mobility rent a car en Ibiza y Mallorca","url":"https:\/\/blog.k10mobility.com\/fr\/","logo":{"@type":"ImageObject","inLanguage":"fr-FR","@id":"https:\/\/blog.k10mobility.com\/fr\/#\/schema\/logo\/image\/","url":"https:\/\/blog.k10mobility.com\/wp-content\/uploads\/2025\/11\/cropped-Logo-K10-color-apaisado.png","contentUrl":"https:\/\/blog.k10mobility.com\/wp-content\/uploads\/2025\/11\/cropped-Logo-K10-color-apaisado.png","width":665,"height":105,"caption":"K10 Mobility"},"image":{"@id":"https:\/\/blog.k10mobility.com\/fr\/#\/schema\/logo\/image\/"},"sameAs":["https:\/\/www.facebook.com\/k10mobility\/","https:\/\/www.instagram.com\/k10mobility\/"]},{"@type":"Person","@id":"https:\/\/blog.k10mobility.com\/fr\/#\/schema\/person\/5f18469c790b92d83fdd98422e621da8","name":"Luis Ram\u00eds","image":{"@type":"ImageObject","inLanguage":"fr-FR","@id":"https:\/\/secure.gravatar.com\/avatar\/30162c41d6f584ef954ac19546d34176104f5a2b363cc65fe6c8b9dc6c1ed9ac?s=96&d=mm&r=g","url":"https:\/\/secure.gravatar.com\/avatar\/30162c41d6f584ef954ac19546d34176104f5a2b363cc65fe6c8b9dc6c1ed9ac?s=96&d=mm&r=g","contentUrl":"https:\/\/secure.gravatar.com\/avatar\/30162c41d6f584ef954ac19546d34176104f5a2b363cc65fe6c8b9dc6c1ed9ac?s=96&d=mm&r=g","caption":"Luis Ram\u00eds"},"url":"https:\/\/blog.k10mobility.com\/fr\/author\/luisr4m1s_k10\/"}]}},"_links":{"self":[{"href":"https:\/\/blog.k10mobility.com\/fr\/wp-json\/wp\/v2\/posts\/12608","targetHints":{"allow":["GET"]}}],"collection":[{"href":"https:\/\/blog.k10mobility.com\/fr\/wp-json\/wp\/v2\/posts"}],"about":[{"href":"https:\/\/blog.k10mobility.com\/fr\/wp-json\/wp\/v2\/types\/post"}],"author":[{"embeddable":true,"href":"https:\/\/blog.k10mobility.com\/fr\/wp-json\/wp\/v2\/users\/2"}],"replies":[{"embeddable":true,"href":"https:\/\/blog.k10mobility.com\/fr\/wp-json\/wp\/v2\/comments?post=12608"}],"version-history":[{"count":2,"href":"https:\/\/blog.k10mobility.com\/fr\/wp-json\/wp\/v2\/posts\/12608\/revisions"}],"predecessor-version":[{"id":13897,"href":"https:\/\/blog.k10mobility.com\/fr\/wp-json\/wp\/v2\/posts\/12608\/revisions\/13897"}],"wp:featuredmedia":[{"embeddable":true,"href":"https:\/\/blog.k10mobility.com\/fr\/wp-json\/wp\/v2\/media\/12609"}],"wp:attachment":[{"href":"https:\/\/blog.k10mobility.com\/fr\/wp-json\/wp\/v2\/media?parent=12608"}],"wp:term":[{"taxonomy":"category","embeddable":true,"href":"https:\/\/blog.k10mobility.com\/fr\/wp-json\/wp\/v2\/categories?post=12608"},{"taxonomy":"post_tag","embeddable":true,"href":"https:\/\/blog.k10mobility.com\/fr\/wp-json\/wp\/v2\/tags?post=12608"}],"curies":[{"name":"wp","href":"https:\/\/api.w.org\/{rel}","templated":true}]}}