{"id":12618,"date":"2025-08-13T10:08:36","date_gmt":"2025-08-13T10:08:36","guid":{"rendered":"https:\/\/blog.k10mobility.com\/que-voir-a-ibiza-en-2-jours\/"},"modified":"2026-01-22T10:15:09","modified_gmt":"2026-01-22T10:15:09","slug":"que-voir-a-ibiza-en-2-jours","status":"publish","type":"post","link":"https:\/\/blog.k10mobility.com\/fr\/que-voir-a-ibiza-en-2-jours\/","title":{"rendered":"Que voir \u00e0 Ibiza en 2 jours ?"},"content":{"rendered":"<p><span style=\"font-weight: 400;\">Vous n&rsquo;avez que 48 heures pour d\u00e9couvrir Ibiza et vous ne savez pas par o\u00f9 commencer ? Ne vous inqui\u00e9tez pas, nous vous proposons un itin\u00e9raire express qui vous permettra de profiter au maximum de chaque minute.   <\/span><\/p>\n<p><span style=\"font-weight: 400;\">Poursuivez votre lecture, car ce qui suit est le guide d\u00e9finitif pour ceux qui veulent profiter de l&rsquo;essentiel de l&rsquo;\u00eele en peu de temps, sans stress et \u00e0 leur propre rythme.<\/span><\/p>\n<p><span style=\"font-weight: 400;\">Si vous vous demandez <\/span><b>que voir \u00e0 Ibiza en 2 jours<\/b><span style=\"font-weight: 400;\">Voici une r\u00e9ponse claire, utile et bien organis\u00e9e, c&rsquo;est parti !<\/span><\/p>\n<h2 id=\"von-toc-1\"><b>Itin\u00e9raire de l&rsquo;excursion de 2 jours \u00e0 Ibiza<\/b><\/h2>\n<h3 id=\"von-toc-2\"><b>Jour 1 : D\u00e9couverte du sud et du centre de l&rsquo;\u00eele<\/b><\/h3>\n<ul>\n<li style=\"font-weight: 400;\" aria-level=\"1\"><b>Demain<\/b><span style=\"font-weight: 400;\">Louez votre voiture d\u00e8s votre arriv\u00e9e \u00e0 l&rsquo;a\u00e9roport avec K10 Mobility. Commencez par visiter <\/span><b>Dalt Vila<\/b><span style=\"font-weight: 400;\">le centre historique de la ville d&rsquo;Ibiza. Promenez-vous le long de ses murs et laissez-vous surprendre par les vues sur le port.<\/span><\/li>\n<li style=\"font-weight: 400;\" aria-level=\"1\"><b>Midi<\/b><span style=\"font-weight: 400;\">Mangez dans le centre, profitez-en pour d\u00e9guster des tapas locales ou un bon plat de riz.<\/span><\/li>\n<li style=\"font-weight: 400;\" aria-level=\"1\"><b>Apr\u00e8s-midi<\/b><span style=\"font-weight: 400;\">Visite de la plage de Ses Salines : Descente vers la c\u00e9l\u00e8bre plage de Ses Salines <\/span><b>Ses Salines<\/b><span style=\"font-weight: 400;\">id\u00e9ale pour se d\u00e9tendre, se baigner et profiter des bars de plage \u00e0 la bonne ambiance.<\/span><\/li>\n<li style=\"font-weight: 400;\" aria-level=\"1\"><b>Coucher de soleil<\/b><span style=\"font-weight: 400;\">D\u00e9part de l&rsquo;h\u00f4tel : Direction <\/span><b>Sa Caleta<\/b><span style=\"font-weight: 400;\"> o <\/span><b>Es Vedr\u00e0<\/b><span style=\"font-weight: 400;\">deux endroits magiques pour admirer le coucher du soleil.<\/span><\/li>\n<li style=\"font-weight: 400;\" aria-level=\"1\"><b>Nuit<\/b><span style=\"font-weight: 400;\">D\u00eener dans le port d&rsquo;Ibiza ou, si vous avez envie d&rsquo;un plan plus anim\u00e9, \u00e0 San Antonio.<\/span><\/li>\n<\/ul>\n<h3 id=\"von-toc-3\"><b>Jour 2 : Plages de l&rsquo;ouest et villages de charme<\/b><\/h3>\n<ul>\n<li style=\"font-weight: 400;\" aria-level=\"1\"><b>Demain<\/b><span style=\"font-weight: 400;\">R\u00e9veillez-vous t\u00f4t et dirigez-vous vers <\/span><b>Cala Comte<\/b><span style=\"font-weight: 400;\">l&rsquo;une des plages les plus spectaculaires de l&rsquo;\u00eele. Visitez ensuite <\/span><b>Cala Bassa<\/b><span style=\"font-weight: 400;\">id\u00e9ale pour se baigner et boire un verre face \u00e0 la mer.<\/span><\/li>\n<li style=\"font-weight: 400;\" aria-level=\"1\"><b>Midi<\/b><span style=\"font-weight: 400;\">D\u00e9jeuner dans la r\u00e9gion de <\/span><b>San Jos\u00e9<\/b><span style=\"font-weight: 400;\">un village tranquille avec des options gastronomiques tr\u00e8s int\u00e9ressantes.<\/span><\/li>\n<li style=\"font-weight: 400;\" aria-level=\"1\"><b>Apr\u00e8s-midi<\/b><span style=\"font-weight: 400;\">S&rsquo;il vous reste de l&rsquo;\u00e9nergie, visitez <\/span><b>Santa Gertrudis<\/b><span style=\"font-weight: 400;\">un village au centre de l&rsquo;\u00eele avec beaucoup de charme et de boutiques locales.<\/span><\/li>\n<li style=\"font-weight: 400;\" aria-level=\"1\"><b>Fin du voyage<\/b><span style=\"font-weight: 400;\">Restituez votre voiture confortablement \u00e0 l&rsquo;a\u00e9roport avec K10 Mobility et pr\u00e9parez-vous \u00e0 rentrer chez vous avec des souvenirs inoubliables.<\/span><\/li>\n<\/ul>\n<h2 id=\"von-toc-4\"><b>Questions fr\u00e9quemment pos\u00e9es lors d&rsquo;un voyage de 2 jours \u00e0 Ibiza :<\/b><\/h2>\n<h3 id=\"von-toc-5\"><b>Pouvez-vous d\u00e9couvrir le meilleur d&rsquo;Ibiza en deux jours ?<\/b><\/h3>\n<p><span style=\"font-weight: 400;\">Oui, si vous planifiez bien votre itin\u00e9raire et que vous avez une voiture de location. Ibiza n&rsquo;est pas tr\u00e8s grande, donc en deux jours vous pouvez voir des plages, des villages, des points de vue et profiter de sa gastronomie. <\/span><\/p>\n<h3 id=\"von-toc-6\"><b>Quel est le bon itin\u00e9raire \u00e0 suivre si je ne dispose que de deux jours ?<\/b><\/h3>\n<p><span style=\"font-weight: 400;\">Un bon plan combine la mer et la ville. En d&rsquo;autres termes : <\/span><b>une belle plage, un coucher de soleil inoubliable, une promenade \u00e0 Dalt Vila<\/b><span style=\"font-weight: 400;\"> et un repas dans un restaurant local. Tout cela est possible si vous organisez bien votre temps.<\/span><\/p>\n<h3 id=\"von-toc-7\"><b>Est-il utile de louer une voiture pour seulement 2 jours ?<\/b><\/h3>\n<p><span style=\"font-weight: 400;\">Tout \u00e0 fait. Il vous permet de <\/span><b>d&rsquo;en voir plus en moins de temps<\/b><span style=\"font-weight: 400;\"> et d&rsquo;acc\u00e9der \u00e0 des criques ou \u00e0 des villes qui ne sont pas desservies par les transports publics. Avec K10 Mobility, vous pouvez prendre et rendre la voiture \u00e0 l&rsquo;a\u00e9roport sans probl\u00e8me.<\/span><\/p>\n<p><span style=\"font-weight: 400;\">Si vous vous demandez <\/span><b>que voir \u00e0 Ibiza en 2 jours<\/b><span style=\"font-weight: 400;\">vous savez maintenant que vous pouvez profiter des sites les plus repr\u00e9sentatifs de l&rsquo;\u00eele en tr\u00e8s peu de temps. Tout ce dont vous avez besoin, c&rsquo;est d&rsquo;un bon itin\u00e9raire et d&rsquo;une voiture qui vous laisse libre. Avec <\/span><a href=\"\/\"><span style=\"font-weight: 400;\">K10 Mobility<\/span><\/a><span style=\"font-weight: 400;\"> vous pouvez profiter de chaque minute d\u00e8s votre arriv\u00e9e, gr\u00e2ce \u00e0 nos voitures de location de qualit\u00e9.<\/span><\/p>\n<p><span style=\"font-weight: 400;\">N&rsquo;y r\u00e9fl\u00e9chissez pas \u00e0 deux fois : <\/span><b>Ibiza que voir en 2 jours<\/b><span style=\"font-weight: 400;\"> n&rsquo;est pas une simple question, c&rsquo;est le d\u00e9but d&rsquo;une escapade dont vous vous souviendrez toute votre vie.<\/span><\/p>\n","protected":false},"excerpt":{"rendered":"<p>Vous n&rsquo;avez que 48 heures pour d\u00e9couvrir Ibiza et vous ne savez pas par o\u00f9 commencer ? Ne vous inqui\u00e9tez pas, nous vous proposons un itin\u00e9raire express qui vous permettra de profiter au maximum de chaque minute. Poursuivez votre lecture, car ce qui suit est le guide d\u00e9finitif pour ceux qui veulent profiter de l&rsquo;essentiel &#8230; <a title=\"Que voir \u00e0 Ibiza en 2 jours ?\" class=\"read-more\" href=\"https:\/\/blog.k10mobility.com\/fr\/que-voir-a-ibiza-en-2-jours\/\" aria-label=\"En savoir plus sur Que voir \u00e0 Ibiza en 2 jours ?\">Lire la suite<\/a><\/p>\n","protected":false},"author":2,"featured_media":12619,"comment_status":"closed","ping_status":"closed","sticky":false,"template":"","format":"standard","meta":{"footnotes":""},"categories":[224],"tags":[],"class_list":["post-12618","post","type-post","status-publish","format-standard","has-post-thumbnail","hentry","category-ibiza"],"yoast_head":"<!-- This site is optimized with the Yoast SEO plugin v27.4 - https:\/\/yoast.com\/product\/yoast-seo-wordpress\/ -->\n<title>Que voir \u00e0 Ibiza en 2 jours ? - K10 Mobility<\/title>\n<meta name=\"description\" content=\"Si vous voulez savoir ce qu&#039;il faut voir \u00e0 Ibiza en 2 jours, vous \u00eates au bon endroit. Nous sommes natifs de l&#039;\u00eele et nous vous indiquons le meilleur itin\u00e9raire pour 2 jours.\" \/>\n<meta name=\"robots\" content=\"index, follow, max-snippet:-1, max-image-preview:large, max-video-preview:-1\" \/>\n<link rel=\"canonical\" href=\"https:\/\/blog.k10mobility.com\/fr\/que-voir-a-ibiza-en-2-jours\/\" \/>\n<meta property=\"og:locale\" content=\"fr_FR\" \/>\n<meta property=\"og:type\" content=\"article\" \/>\n<meta property=\"og:title\" content=\"Que voir \u00e0 Ibiza en 2 jours ? - K10 Mobility\" \/>\n<meta property=\"og:description\" content=\"Si vous voulez savoir ce qu&#039;il faut voir \u00e0 Ibiza en 2 jours, vous \u00eates au bon endroit. Nous sommes natifs de l&#039;\u00eele et nous vous indiquons le meilleur itin\u00e9raire pour 2 jours.\" \/>\n<meta property=\"og:url\" content=\"https:\/\/blog.k10mobility.com\/fr\/que-voir-a-ibiza-en-2-jours\/\" \/>\n<meta property=\"og:site_name\" content=\"K10 Mobility\" \/>\n<meta property=\"article:publisher\" content=\"https:\/\/www.facebook.com\/k10mobility\/\" \/>\n<meta property=\"article:published_time\" content=\"2025-08-13T10:08:36+00:00\" \/>\n<meta property=\"article:modified_time\" content=\"2026-01-22T10:15:09+00:00\" \/>\n<meta property=\"og:image\" content=\"https:\/\/blog.k10mobility.com\/wp-content\/uploads\/2025\/08\/que-ver-en-ibiza-2-dias.webp\" \/>\n\t<meta property=\"og:image:width\" content=\"800\" \/>\n\t<meta property=\"og:image:height\" content=\"532\" \/>\n\t<meta property=\"og:image:type\" content=\"image\/webp\" \/>\n<meta name=\"author\" content=\"Luis Ram\u00eds\" \/>\n<meta name=\"twitter:card\" content=\"summary_large_image\" \/>\n<meta name=\"twitter:label1\" content=\"\u00c9crit par\" \/>\n\t<meta name=\"twitter:data1\" content=\"Luis Ram\u00eds\" \/>\n\t<meta name=\"twitter:label2\" content=\"Dur\u00e9e de lecture estim\u00e9e\" \/>\n\t<meta name=\"twitter:data2\" content=\"3 minutes\" \/>\n<script type=\"application\/ld+json\" class=\"yoast-schema-graph\">{\"@context\":\"https:\\\/\\\/schema.org\",\"@graph\":[{\"@type\":\"Article\",\"@id\":\"https:\\\/\\\/blog.k10mobility.com\\\/fr\\\/que-voir-a-ibiza-en-2-jours\\\/#article\",\"isPartOf\":{\"@id\":\"https:\\\/\\\/blog.k10mobility.com\\\/fr\\\/que-voir-a-ibiza-en-2-jours\\\/\"},\"author\":{\"name\":\"Luis Ram\u00eds\",\"@id\":\"https:\\\/\\\/blog.k10mobility.com\\\/fr\\\/#\\\/schema\\\/person\\\/5f18469c790b92d83fdd98422e621da8\"},\"headline\":\"Que voir \u00e0 Ibiza en 2 jours ?\",\"datePublished\":\"2025-08-13T10:08:36+00:00\",\"dateModified\":\"2026-01-22T10:15:09+00:00\",\"mainEntityOfPage\":{\"@id\":\"https:\\\/\\\/blog.k10mobility.com\\\/fr\\\/que-voir-a-ibiza-en-2-jours\\\/\"},\"wordCount\":664,\"publisher\":{\"@id\":\"https:\\\/\\\/blog.k10mobility.com\\\/fr\\\/#organization\"},\"image\":{\"@id\":\"https:\\\/\\\/blog.k10mobility.com\\\/fr\\\/que-voir-a-ibiza-en-2-jours\\\/#primaryimage\"},\"thumbnailUrl\":\"https:\\\/\\\/blog.k10mobility.com\\\/wp-content\\\/uploads\\\/2025\\\/08\\\/que-ver-en-ibiza-2-dias.webp\",\"articleSection\":[\"Ibiza\"],\"inLanguage\":\"fr-FR\"},{\"@type\":\"WebPage\",\"@id\":\"https:\\\/\\\/blog.k10mobility.com\\\/fr\\\/que-voir-a-ibiza-en-2-jours\\\/\",\"url\":\"https:\\\/\\\/blog.k10mobility.com\\\/fr\\\/que-voir-a-ibiza-en-2-jours\\\/\",\"name\":\"Que voir \u00e0 Ibiza en 2 jours ? - K10 Mobility\",\"isPartOf\":{\"@id\":\"https:\\\/\\\/blog.k10mobility.com\\\/fr\\\/#website\"},\"primaryImageOfPage\":{\"@id\":\"https:\\\/\\\/blog.k10mobility.com\\\/fr\\\/que-voir-a-ibiza-en-2-jours\\\/#primaryimage\"},\"image\":{\"@id\":\"https:\\\/\\\/blog.k10mobility.com\\\/fr\\\/que-voir-a-ibiza-en-2-jours\\\/#primaryimage\"},\"thumbnailUrl\":\"https:\\\/\\\/blog.k10mobility.com\\\/wp-content\\\/uploads\\\/2025\\\/08\\\/que-ver-en-ibiza-2-dias.webp\",\"datePublished\":\"2025-08-13T10:08:36+00:00\",\"dateModified\":\"2026-01-22T10:15:09+00:00\",\"description\":\"Si vous voulez savoir ce qu'il faut voir \u00e0 Ibiza en 2 jours, vous \u00eates au bon endroit. Nous sommes natifs de l'\u00eele et nous vous indiquons le meilleur itin\u00e9raire pour 2 jours.\",\"breadcrumb\":{\"@id\":\"https:\\\/\\\/blog.k10mobility.com\\\/fr\\\/que-voir-a-ibiza-en-2-jours\\\/#breadcrumb\"},\"inLanguage\":\"fr-FR\",\"potentialAction\":[{\"@type\":\"ReadAction\",\"target\":[\"https:\\\/\\\/blog.k10mobility.com\\\/fr\\\/que-voir-a-ibiza-en-2-jours\\\/\"]}]},{\"@type\":\"ImageObject\",\"inLanguage\":\"fr-FR\",\"@id\":\"https:\\\/\\\/blog.k10mobility.com\\\/fr\\\/que-voir-a-ibiza-en-2-jours\\\/#primaryimage\",\"url\":\"https:\\\/\\\/blog.k10mobility.com\\\/wp-content\\\/uploads\\\/2025\\\/08\\\/que-ver-en-ibiza-2-dias.webp\",\"contentUrl\":\"https:\\\/\\\/blog.k10mobility.com\\\/wp-content\\\/uploads\\\/2025\\\/08\\\/que-ver-en-ibiza-2-dias.webp\",\"width\":800,\"height\":532,\"caption\":\"Que voir \u00e0 Ibiza 2 jours\"},{\"@type\":\"BreadcrumbList\",\"@id\":\"https:\\\/\\\/blog.k10mobility.com\\\/fr\\\/que-voir-a-ibiza-en-2-jours\\\/#breadcrumb\",\"itemListElement\":[{\"@type\":\"ListItem\",\"position\":1,\"name\":\"K10 Mobility\",\"item\":\"https:\\\/\\\/blog.k10mobility.com\\\/fr\\\/\"},{\"@type\":\"ListItem\",\"position\":2,\"name\":\"Que voir \u00e0 Ibiza en 2 jours ?\"}]},{\"@type\":\"WebSite\",\"@id\":\"https:\\\/\\\/blog.k10mobility.com\\\/fr\\\/#website\",\"url\":\"https:\\\/\\\/blog.k10mobility.com\\\/fr\\\/\",\"name\":\"K10 Mobility\",\"description\":\"Rent a car en Ibiza y Mallorca\",\"publisher\":{\"@id\":\"https:\\\/\\\/blog.k10mobility.com\\\/fr\\\/#organization\"},\"alternateName\":\"K10 Rent a car\",\"potentialAction\":[{\"@type\":\"SearchAction\",\"target\":{\"@type\":\"EntryPoint\",\"urlTemplate\":\"https:\\\/\\\/blog.k10mobility.com\\\/fr\\\/?s={search_term_string}\"},\"query-input\":{\"@type\":\"PropertyValueSpecification\",\"valueRequired\":true,\"valueName\":\"search_term_string\"}}],\"inLanguage\":\"fr-FR\"},{\"@type\":\"Organization\",\"@id\":\"https:\\\/\\\/blog.k10mobility.com\\\/fr\\\/#organization\",\"name\":\"K10 Mobility\",\"alternateName\":\"K10 Mobility rent a car en Ibiza y Mallorca\",\"url\":\"https:\\\/\\\/blog.k10mobility.com\\\/fr\\\/\",\"logo\":{\"@type\":\"ImageObject\",\"inLanguage\":\"fr-FR\",\"@id\":\"https:\\\/\\\/blog.k10mobility.com\\\/fr\\\/#\\\/schema\\\/logo\\\/image\\\/\",\"url\":\"https:\\\/\\\/blog.k10mobility.com\\\/wp-content\\\/uploads\\\/2025\\\/11\\\/cropped-Logo-K10-color-apaisado.png\",\"contentUrl\":\"https:\\\/\\\/blog.k10mobility.com\\\/wp-content\\\/uploads\\\/2025\\\/11\\\/cropped-Logo-K10-color-apaisado.png\",\"width\":665,\"height\":105,\"caption\":\"K10 Mobility\"},\"image\":{\"@id\":\"https:\\\/\\\/blog.k10mobility.com\\\/fr\\\/#\\\/schema\\\/logo\\\/image\\\/\"},\"sameAs\":[\"https:\\\/\\\/www.facebook.com\\\/k10mobility\\\/\",\"https:\\\/\\\/www.instagram.com\\\/k10mobility\\\/\"]},{\"@type\":\"Person\",\"@id\":\"https:\\\/\\\/blog.k10mobility.com\\\/fr\\\/#\\\/schema\\\/person\\\/5f18469c790b92d83fdd98422e621da8\",\"name\":\"Luis Ram\u00eds\",\"image\":{\"@type\":\"ImageObject\",\"inLanguage\":\"fr-FR\",\"@id\":\"https:\\\/\\\/secure.gravatar.com\\\/avatar\\\/30162c41d6f584ef954ac19546d34176104f5a2b363cc65fe6c8b9dc6c1ed9ac?s=96&d=mm&r=g\",\"url\":\"https:\\\/\\\/secure.gravatar.com\\\/avatar\\\/30162c41d6f584ef954ac19546d34176104f5a2b363cc65fe6c8b9dc6c1ed9ac?s=96&d=mm&r=g\",\"contentUrl\":\"https:\\\/\\\/secure.gravatar.com\\\/avatar\\\/30162c41d6f584ef954ac19546d34176104f5a2b363cc65fe6c8b9dc6c1ed9ac?s=96&d=mm&r=g\",\"caption\":\"Luis Ram\u00eds\"},\"url\":\"https:\\\/\\\/blog.k10mobility.com\\\/fr\\\/author\\\/luisr4m1s_k10\\\/\"}]}<\/script>\n<!-- \/ Yoast SEO plugin. -->","yoast_head_json":{"title":"Que voir \u00e0 Ibiza en 2 jours ? - K10 Mobility","description":"Si vous voulez savoir ce qu'il faut voir \u00e0 Ibiza en 2 jours, vous \u00eates au bon endroit. Nous sommes natifs de l'\u00eele et nous vous indiquons le meilleur itin\u00e9raire pour 2 jours.","robots":{"index":"index","follow":"follow","max-snippet":"max-snippet:-1","max-image-preview":"max-image-preview:large","max-video-preview":"max-video-preview:-1"},"canonical":"https:\/\/blog.k10mobility.com\/fr\/que-voir-a-ibiza-en-2-jours\/","og_locale":"fr_FR","og_type":"article","og_title":"Que voir \u00e0 Ibiza en 2 jours ? - K10 Mobility","og_description":"Si vous voulez savoir ce qu'il faut voir \u00e0 Ibiza en 2 jours, vous \u00eates au bon endroit. Nous sommes natifs de l'\u00eele et nous vous indiquons le meilleur itin\u00e9raire pour 2 jours.","og_url":"https:\/\/blog.k10mobility.com\/fr\/que-voir-a-ibiza-en-2-jours\/","og_site_name":"K10 Mobility","article_publisher":"https:\/\/www.facebook.com\/k10mobility\/","article_published_time":"2025-08-13T10:08:36+00:00","article_modified_time":"2026-01-22T10:15:09+00:00","og_image":[{"width":800,"height":532,"url":"https:\/\/blog.k10mobility.com\/wp-content\/uploads\/2025\/08\/que-ver-en-ibiza-2-dias.webp","type":"image\/webp"}],"author":"Luis Ram\u00eds","twitter_card":"summary_large_image","twitter_misc":{"\u00c9crit par":"Luis Ram\u00eds","Dur\u00e9e de lecture estim\u00e9e":"3 minutes"},"schema":{"@context":"https:\/\/schema.org","@graph":[{"@type":"Article","@id":"https:\/\/blog.k10mobility.com\/fr\/que-voir-a-ibiza-en-2-jours\/#article","isPartOf":{"@id":"https:\/\/blog.k10mobility.com\/fr\/que-voir-a-ibiza-en-2-jours\/"},"author":{"name":"Luis Ram\u00eds","@id":"https:\/\/blog.k10mobility.com\/fr\/#\/schema\/person\/5f18469c790b92d83fdd98422e621da8"},"headline":"Que voir \u00e0 Ibiza en 2 jours ?","datePublished":"2025-08-13T10:08:36+00:00","dateModified":"2026-01-22T10:15:09+00:00","mainEntityOfPage":{"@id":"https:\/\/blog.k10mobility.com\/fr\/que-voir-a-ibiza-en-2-jours\/"},"wordCount":664,"publisher":{"@id":"https:\/\/blog.k10mobility.com\/fr\/#organization"},"image":{"@id":"https:\/\/blog.k10mobility.com\/fr\/que-voir-a-ibiza-en-2-jours\/#primaryimage"},"thumbnailUrl":"https:\/\/blog.k10mobility.com\/wp-content\/uploads\/2025\/08\/que-ver-en-ibiza-2-dias.webp","articleSection":["Ibiza"],"inLanguage":"fr-FR"},{"@type":"WebPage","@id":"https:\/\/blog.k10mobility.com\/fr\/que-voir-a-ibiza-en-2-jours\/","url":"https:\/\/blog.k10mobility.com\/fr\/que-voir-a-ibiza-en-2-jours\/","name":"Que voir \u00e0 Ibiza en 2 jours ? - K10 Mobility","isPartOf":{"@id":"https:\/\/blog.k10mobility.com\/fr\/#website"},"primaryImageOfPage":{"@id":"https:\/\/blog.k10mobility.com\/fr\/que-voir-a-ibiza-en-2-jours\/#primaryimage"},"image":{"@id":"https:\/\/blog.k10mobility.com\/fr\/que-voir-a-ibiza-en-2-jours\/#primaryimage"},"thumbnailUrl":"https:\/\/blog.k10mobility.com\/wp-content\/uploads\/2025\/08\/que-ver-en-ibiza-2-dias.webp","datePublished":"2025-08-13T10:08:36+00:00","dateModified":"2026-01-22T10:15:09+00:00","description":"Si vous voulez savoir ce qu'il faut voir \u00e0 Ibiza en 2 jours, vous \u00eates au bon endroit. Nous sommes natifs de l'\u00eele et nous vous indiquons le meilleur itin\u00e9raire pour 2 jours.","breadcrumb":{"@id":"https:\/\/blog.k10mobility.com\/fr\/que-voir-a-ibiza-en-2-jours\/#breadcrumb"},"inLanguage":"fr-FR","potentialAction":[{"@type":"ReadAction","target":["https:\/\/blog.k10mobility.com\/fr\/que-voir-a-ibiza-en-2-jours\/"]}]},{"@type":"ImageObject","inLanguage":"fr-FR","@id":"https:\/\/blog.k10mobility.com\/fr\/que-voir-a-ibiza-en-2-jours\/#primaryimage","url":"https:\/\/blog.k10mobility.com\/wp-content\/uploads\/2025\/08\/que-ver-en-ibiza-2-dias.webp","contentUrl":"https:\/\/blog.k10mobility.com\/wp-content\/uploads\/2025\/08\/que-ver-en-ibiza-2-dias.webp","width":800,"height":532,"caption":"Que voir \u00e0 Ibiza 2 jours"},{"@type":"BreadcrumbList","@id":"https:\/\/blog.k10mobility.com\/fr\/que-voir-a-ibiza-en-2-jours\/#breadcrumb","itemListElement":[{"@type":"ListItem","position":1,"name":"K10 Mobility","item":"https:\/\/blog.k10mobility.com\/fr\/"},{"@type":"ListItem","position":2,"name":"Que voir \u00e0 Ibiza en 2 jours ?"}]},{"@type":"WebSite","@id":"https:\/\/blog.k10mobility.com\/fr\/#website","url":"https:\/\/blog.k10mobility.com\/fr\/","name":"K10 Mobility","description":"Rent a car en Ibiza y Mallorca","publisher":{"@id":"https:\/\/blog.k10mobility.com\/fr\/#organization"},"alternateName":"K10 Rent a car","potentialAction":[{"@type":"SearchAction","target":{"@type":"EntryPoint","urlTemplate":"https:\/\/blog.k10mobility.com\/fr\/?s={search_term_string}"},"query-input":{"@type":"PropertyValueSpecification","valueRequired":true,"valueName":"search_term_string"}}],"inLanguage":"fr-FR"},{"@type":"Organization","@id":"https:\/\/blog.k10mobility.com\/fr\/#organization","name":"K10 Mobility","alternateName":"K10 Mobility rent a car en Ibiza y Mallorca","url":"https:\/\/blog.k10mobility.com\/fr\/","logo":{"@type":"ImageObject","inLanguage":"fr-FR","@id":"https:\/\/blog.k10mobility.com\/fr\/#\/schema\/logo\/image\/","url":"https:\/\/blog.k10mobility.com\/wp-content\/uploads\/2025\/11\/cropped-Logo-K10-color-apaisado.png","contentUrl":"https:\/\/blog.k10mobility.com\/wp-content\/uploads\/2025\/11\/cropped-Logo-K10-color-apaisado.png","width":665,"height":105,"caption":"K10 Mobility"},"image":{"@id":"https:\/\/blog.k10mobility.com\/fr\/#\/schema\/logo\/image\/"},"sameAs":["https:\/\/www.facebook.com\/k10mobility\/","https:\/\/www.instagram.com\/k10mobility\/"]},{"@type":"Person","@id":"https:\/\/blog.k10mobility.com\/fr\/#\/schema\/person\/5f18469c790b92d83fdd98422e621da8","name":"Luis Ram\u00eds","image":{"@type":"ImageObject","inLanguage":"fr-FR","@id":"https:\/\/secure.gravatar.com\/avatar\/30162c41d6f584ef954ac19546d34176104f5a2b363cc65fe6c8b9dc6c1ed9ac?s=96&d=mm&r=g","url":"https:\/\/secure.gravatar.com\/avatar\/30162c41d6f584ef954ac19546d34176104f5a2b363cc65fe6c8b9dc6c1ed9ac?s=96&d=mm&r=g","contentUrl":"https:\/\/secure.gravatar.com\/avatar\/30162c41d6f584ef954ac19546d34176104f5a2b363cc65fe6c8b9dc6c1ed9ac?s=96&d=mm&r=g","caption":"Luis Ram\u00eds"},"url":"https:\/\/blog.k10mobility.com\/fr\/author\/luisr4m1s_k10\/"}]}},"_links":{"self":[{"href":"https:\/\/blog.k10mobility.com\/fr\/wp-json\/wp\/v2\/posts\/12618","targetHints":{"allow":["GET"]}}],"collection":[{"href":"https:\/\/blog.k10mobility.com\/fr\/wp-json\/wp\/v2\/posts"}],"about":[{"href":"https:\/\/blog.k10mobility.com\/fr\/wp-json\/wp\/v2\/types\/post"}],"author":[{"embeddable":true,"href":"https:\/\/blog.k10mobility.com\/fr\/wp-json\/wp\/v2\/users\/2"}],"replies":[{"embeddable":true,"href":"https:\/\/blog.k10mobility.com\/fr\/wp-json\/wp\/v2\/comments?post=12618"}],"version-history":[{"count":2,"href":"https:\/\/blog.k10mobility.com\/fr\/wp-json\/wp\/v2\/posts\/12618\/revisions"}],"predecessor-version":[{"id":13889,"href":"https:\/\/blog.k10mobility.com\/fr\/wp-json\/wp\/v2\/posts\/12618\/revisions\/13889"}],"wp:featuredmedia":[{"embeddable":true,"href":"https:\/\/blog.k10mobility.com\/fr\/wp-json\/wp\/v2\/media\/12619"}],"wp:attachment":[{"href":"https:\/\/blog.k10mobility.com\/fr\/wp-json\/wp\/v2\/media?parent=12618"}],"wp:term":[{"taxonomy":"category","embeddable":true,"href":"https:\/\/blog.k10mobility.com\/fr\/wp-json\/wp\/v2\/categories?post=12618"},{"taxonomy":"post_tag","embeddable":true,"href":"https:\/\/blog.k10mobility.com\/fr\/wp-json\/wp\/v2\/tags?post=12618"}],"curies":[{"name":"wp","href":"https:\/\/api.w.org\/{rel}","templated":true}]}}