{"id":13139,"date":"2024-05-14T09:40:44","date_gmt":"2024-05-14T09:40:44","guid":{"rendered":"https:\/\/blog.k10mobility.com\/visitez-manacor-un-tresor-cache-a-majorque\/"},"modified":"2026-01-22T11:38:25","modified_gmt":"2026-01-22T11:38:25","slug":"visitez-manacor-un-tresor-cache-a-majorque","status":"publish","type":"post","link":"https:\/\/blog.k10mobility.com\/fr\/visitez-manacor-un-tresor-cache-a-majorque\/","title":{"rendered":"Visiter Manacor : un tr\u00e9sor cach\u00e9 \u00e0 Majorque"},"content":{"rendered":"<p>Manacor, l&rsquo;une des plus grandes municipalit\u00e9s de Majorque, est connue pour sa <strong>riche histoire, sa culture vibrante et ses paysages naturels \u00e9poustouflants<\/strong>. Cette destination n&rsquo;abrite pas seulement la c\u00e9l\u00e8bre perle de Majorica, mais offre \u00e9galement une vari\u00e9t\u00e9 d&rsquo;activit\u00e9s et de lieux d&rsquo;int\u00e9r\u00eat qui en font un <strong>passage oblig\u00e9<\/strong> pour tout voyageur visitant l&rsquo;\u00eele. Dans cet article, nous explorons quelques-uns des <strong>lieux que vous pourrez d\u00e9couvrir<\/strong> lors de votre visite \u00e0 Manacor.  <\/p>\n<h2 id=\"von-toc-1\"><strong>Grottes de Drach et grottes de Hams<\/strong><\/h2>\n<figure id=\"attachment_7493\" aria-describedby=\"caption-attachment-7493\" style=\"width: 790px\" class=\"wp-caption aligncenter\"><img fetchpriority=\"high\" decoding=\"async\" class=\"wp-image-7493 size-full\" src=\"https:\/\/blog.k10mobility.com\/wp-content\/uploads\/2024\/05\/cuevas-del-drach-manacor.jpeg\" alt=\"visite des grottes de drach \u00e0 manacor\" width=\"800\" height=\"450\" srcset=\"https:\/\/blog.k10mobility.com\/wp-content\/uploads\/2024\/05\/cuevas-del-drach-manacor.jpeg 800w, https:\/\/blog.k10mobility.com\/wp-content\/uploads\/2024\/05\/cuevas-del-drach-manacor-300x169.jpeg 300w, https:\/\/blog.k10mobility.com\/wp-content\/uploads\/2024\/05\/cuevas-del-drach-manacor-768x432.jpeg 768w\" sizes=\"(max-width: 800px) 100vw, 800px\" \/><figcaption id=\"caption-attachment-7493\" class=\"wp-caption-text\">Source:cuevasdeldrach.com<\/figcaption><\/figure>\n<p><strong>Les grottes du Drach <\/strong>sont sans aucun doute l&rsquo;une des principales attractions de Manacor. Cet impressionnant r\u00e9seau de grottes abrite l&rsquo;un des <strong>plus grands lacs souterrains du monde<\/strong>: le lac Martel. Les visiteurs peuvent assister \u00e0 un concert de musique classique en direct, qui se d\u00e9roule sur un bateau naviguant sur le lac, cr\u00e9ant ainsi une exp\u00e9rience vraiment magique et unique. Vous pouvez \u00e9galement visiter ses voisines, les <strong>grottes de Hams<\/strong>, les premi\u00e8res \u00e0 avoir \u00e9t\u00e9 ouvertes au public en Espagne.   <\/p>\n<h2 id=\"von-toc-2\"><strong>Profitez des meilleures plages et criques<\/strong><\/h2>\n<p><img decoding=\"async\" class=\"aligncenter wp-image-7494 size-full\" src=\"https:\/\/blog.k10mobility.com\/wp-content\/uploads\/2024\/05\/cala-varques-manacor.jpeg\" alt=\"visitez les plages de manacor\" width=\"800\" height=\"450\" srcset=\"https:\/\/blog.k10mobility.com\/wp-content\/uploads\/2024\/05\/cala-varques-manacor.jpeg 800w, https:\/\/blog.k10mobility.com\/wp-content\/uploads\/2024\/05\/cala-varques-manacor-300x169.jpeg 300w, https:\/\/blog.k10mobility.com\/wp-content\/uploads\/2024\/05\/cala-varques-manacor-768x432.jpeg 768w\" sizes=\"(max-width: 800px) 100vw, 800px\" \/><\/p>\n<p>La c\u00f4te de Manacor poss\u00e8de quelques-unes des plus belles criques de Majorque. <strong>Cala Varques <\/strong>est connue pour son sable blanc, ses eaux cristallines et son environnement naturel. Vous ne pouvez <strong>acc\u00e9der \u00e0 cette plage<\/strong> qu&rsquo;<strong>\u00e0 pied<\/strong>, ce qui en fait l&rsquo;endroit id\u00e9al pour trouver le <strong>calme et <\/strong>s&rsquo;\u00e9loigner de l&rsquo;agitation de certaines plages. Les autres criques de Manacor sont <strong>Cala Anguila, Cala Mendia et Cala Murada<\/strong>.  <\/p>\n<p>La <strong>location<\/strong> d&rsquo;une <strong>voiture avec K10 Mobility<\/strong> vous permettra d&rsquo;<strong>explorer la c\u00f4te de Manacor \u00e0 votre rythme<\/strong>, d&rsquo;<strong>acc\u00e9der facilement aux<\/strong> plages et de <strong>prendre tout ce dont vous avez besoin<\/strong> pour profiter d&rsquo;une journ\u00e9e fantastique.<\/p>\n<h2><strong>D\u00e9couvrez l&rsquo;exp\u00e9rience du mus\u00e9e Rafa Nadal<\/strong><strong><br \/>\n<\/strong><\/h2>\n<p><img decoding=\"async\" class=\"aligncenter wp-image-7495 size-full\" src=\"https:\/\/blog.k10mobility.com\/wp-content\/uploads\/2024\/05\/rafa-nadal-museo-manacor.jpeg\" alt=\"visitez le mus\u00e9e rafa nadal \u00e0 manacor\" width=\"800\" height=\"450\" srcset=\"https:\/\/blog.k10mobility.com\/wp-content\/uploads\/2024\/05\/rafa-nadal-museo-manacor.jpeg 800w, https:\/\/blog.k10mobility.com\/wp-content\/uploads\/2024\/05\/rafa-nadal-museo-manacor-300x169.jpeg 300w, https:\/\/blog.k10mobility.com\/wp-content\/uploads\/2024\/05\/rafa-nadal-museo-manacor-768x432.jpeg 768w\" sizes=\"(max-width: 800px) 100vw, 800px\" \/><\/p>\n<p>Situ\u00e9 \u00e0 Manacor, ce <strong>mus\u00e9e<\/strong> est <strong>consacr\u00e9 \u00e0 la vie et \u00e0 la carri\u00e8re<\/strong> du c\u00e9l\u00e8bre joueur de tennis <strong>Rafael Nadal<\/strong>. Ce mus\u00e9e offre une <strong>exp\u00e9rience interactive et \u00e9ducative<\/strong> aux amateurs de tennis et \u00e0 tous ceux qui souhaitent en savoir plus sur l&rsquo;histoire et l&rsquo;h\u00e9ritage de Nadal. Le <strong>mus\u00e9e<\/strong>, situ\u00e9 <strong>dans l&rsquo;Acad\u00e9mie Rafa Nadal de Movistar<\/strong>, fait partie d&rsquo;un vaste complexe sportif qui attire chaque ann\u00e9e de nombreux touristes. Bien qu&rsquo;il s&rsquo;agisse du point le plus visit\u00e9, il <strong>est int\u00e9gr\u00e9 \u00e0 l&rsquo;acad\u00e9mie<\/strong> qui propose des installations d&rsquo;entra\u00eenement et de formation pour les jeunes joueurs de tennis. Les visiteurs peuvent y <strong>d\u00e9couvrir une collection de troph\u00e9es<\/strong>, de souvenirs, d&rsquo;objets personnels et d&rsquo;expositions interactives li\u00e9s \u00e0 la carri\u00e8re sportive de Nadal. En outre, le mus\u00e9e pr\u00e9sente une <strong>exposition sur l&rsquo;\u00e9volution du tennis<\/strong> au fil des ans et fournit des informations sur les r\u00e9alisations les plus remarquables de Nadal dans ce sport.     <\/p>\n<h2><strong>Visite de la vieille ville<\/strong><strong><br \/>\n<\/strong><\/h2>\n<p>La vieille ville de Manacor regorge de<strong> lieux impressionnants <\/strong>et historiques qui m\u00e9ritent d&rsquo;\u00eatre visit\u00e9s.<\/p>\n<ul>\n<li><strong>\u00c9glise de Nostra Senyora dels Dolors :<\/strong> cette \u00e9glise gothique, construite au XIVe si\u00e8cle, est l&rsquo;un des principaux points d&rsquo;int\u00e9r\u00eat du vieux quartier. Son architecture impressionnante et son int\u00e9rieur d\u00e9cor\u00e9 d&rsquo;\u0153uvres d&rsquo;art religieux en font un lieu incontournable. <\/li>\n<li><strong>Couvent de San Vicen\u00e7 Ferrer : <\/strong>abrite le mus\u00e9e d&rsquo;histoire de Manacor, o\u00f9 vous pourrez d\u00e9couvrir l&rsquo;histoire et la culture de la r\u00e9gion.<\/li>\n<li><strong>Plaza de Ram\u00f3n Llull :<\/strong> cette place est le c\u0153ur de la vieille ville et un lieu o\u00f9 les gens se rassemblent pour profiter de l&rsquo;atmosph\u00e8re. Vous y trouverez des caf\u00e9s, des boutiques et une statue en l&rsquo;honneur de Ram\u00f3n Llull, illustre philosophe et \u00e9crivain majorquin. <\/li>\n<\/ul>\n<h2 id=\"von-toc-3\"><strong>March\u00e9 local<\/strong><\/h2>\n<p>Vous ne pouvez pas quitter Manacor sans visiter le <strong>march\u00e9 local.<\/strong> Vous y trouverez de tout, des produits <strong>frais<\/strong> de <strong>l&rsquo;\u00eele \u00e0 l&rsquo;artisanat et aux bijoux locaux.<\/strong> C&rsquo;est l&rsquo;endroit id\u00e9al pour d\u00e9couvrir le mode de vie majorquin et go\u00fbter aux meilleurs produits locaux, comme la sobrasada ou le fromage de Mah\u00f3n.<\/p>\n<p>Le march\u00e9 de Manacor a lieu tous les <strong>lundis de huit heures \u00e0 une heure de<\/strong> l&rsquo;apr\u00e8s-midi, de l&rsquo;<strong>\u00e9glise \u00e0 la Plaza de Ram\u00f3n Llull<\/strong>.<\/p>\n<h2 id=\"von-toc-4\"><strong>Visitez Manacor avec K10 Mobility<\/strong><\/h2>\n<p>Manacor est une destination qui offre une <strong>grande vari\u00e9t\u00e9 d&rsquo;activit\u00e9s<\/strong> combinant son <strong>h\u00e9ritage culturel et sa beaut\u00e9 naturelle <\/strong>promettant une exp\u00e9rience inoubliable. <strong>Chez K10 Mobility, entreprise locale de r\u00e9f\u00e9rence en mati\u00e8re de <a href=\"https:\/\/blog.k10mobility.com\/?page_id=2694\">location de voitures \u00e0 Majorque<\/a>, nous disposons d&rsquo;<\/strong>une <strong>large gamme de v\u00e9hicules modernes \u00e0 louer<\/strong> qui vous aideront \u00e0 <strong>d\u00e9couvrir l&rsquo;\u00eele de Majorque <\/strong>et en particulier la <strong>municipalit\u00e9 de Manacor<\/strong> lors de votre prochaine visite. <\/p>\n","protected":false},"excerpt":{"rendered":"<p>Manacor, l&rsquo;une des plus grandes municipalit\u00e9s de Majorque, est connue pour sa riche histoire, sa culture vibrante et ses paysages naturels \u00e9poustouflants. Cette destination n&rsquo;abrite pas seulement la c\u00e9l\u00e8bre perle de Majorica, mais offre \u00e9galement une vari\u00e9t\u00e9 d&rsquo;activit\u00e9s et de lieux d&rsquo;int\u00e9r\u00eat qui en font un passage oblig\u00e9 pour tout voyageur visitant l&rsquo;\u00eele. Dans cet &#8230; <a title=\"Visiter Manacor : un tr\u00e9sor cach\u00e9 \u00e0 Majorque\" class=\"read-more\" href=\"https:\/\/blog.k10mobility.com\/fr\/visitez-manacor-un-tresor-cache-a-majorque\/\" aria-label=\"En savoir plus sur Visiter Manacor : un tr\u00e9sor cach\u00e9 \u00e0 Majorque\">Lire la suite<\/a><\/p>\n","protected":false},"author":2,"featured_media":13141,"comment_status":"closed","ping_status":"closed","sticky":false,"template":"","format":"standard","meta":{"footnotes":""},"categories":[232],"tags":[],"class_list":["post-13139","post","type-post","status-publish","format-standard","has-post-thumbnail","hentry","category-mallorca"],"yoast_head":"<!-- This site is optimized with the Yoast SEO plugin v27.4 - https:\/\/yoast.com\/product\/yoast-seo-wordpress\/ -->\n<title>Visiter Manacor : un tr\u00e9sor cach\u00e9 \u00e0 Majorque% % - K10 Mobility% \u00ae<\/title>\n<meta name=\"description\" content=\"Manacor, l&#039;une des plus grandes municipalit\u00e9s de Majorque, est connue pour sa riche histoire, sa culture dynamique et ses paysages \u00e9poustouflants.\" \/>\n<meta name=\"robots\" content=\"index, follow, max-snippet:-1, max-image-preview:large, max-video-preview:-1\" \/>\n<link rel=\"canonical\" href=\"https:\/\/blog.k10mobility.com\/fr\/visitez-manacor-un-tresor-cache-a-majorque\/\" \/>\n<meta property=\"og:locale\" content=\"fr_FR\" \/>\n<meta property=\"og:type\" content=\"article\" \/>\n<meta property=\"og:title\" content=\"Visiter Manacor : un tr\u00e9sor cach\u00e9 \u00e0 Majorque% % - K10 Mobility% \u00ae\" \/>\n<meta property=\"og:description\" content=\"Manacor, l&#039;une des plus grandes municipalit\u00e9s de Majorque, est connue pour sa riche histoire, sa culture dynamique et ses paysages \u00e9poustouflants.\" \/>\n<meta property=\"og:url\" content=\"https:\/\/blog.k10mobility.com\/fr\/visitez-manacor-un-tresor-cache-a-majorque\/\" \/>\n<meta property=\"og:site_name\" content=\"K10 Mobility\" \/>\n<meta property=\"article:publisher\" content=\"https:\/\/www.facebook.com\/k10mobility\/\" \/>\n<meta property=\"article:published_time\" content=\"2024-05-14T09:40:44+00:00\" \/>\n<meta property=\"article:modified_time\" content=\"2026-01-22T11:38:25+00:00\" \/>\n<meta property=\"og:image\" content=\"https:\/\/blog.k10mobility.com\/wp-content\/uploads\/2024\/05\/que-ver-en-manacor-k10.jpeg\" \/>\n\t<meta property=\"og:image:width\" content=\"800\" \/>\n\t<meta property=\"og:image:height\" content=\"450\" \/>\n\t<meta property=\"og:image:type\" content=\"image\/jpeg\" \/>\n<meta name=\"author\" content=\"Luis Ram\u00eds\" \/>\n<meta name=\"twitter:card\" content=\"summary_large_image\" \/>\n<meta name=\"twitter:label1\" content=\"\u00c9crit par\" \/>\n\t<meta name=\"twitter:data1\" content=\"Luis Ram\u00eds\" \/>\n\t<meta name=\"twitter:label2\" content=\"Dur\u00e9e de lecture estim\u00e9e\" \/>\n\t<meta name=\"twitter:data2\" content=\"4 minutes\" \/>\n<script type=\"application\/ld+json\" class=\"yoast-schema-graph\">{\"@context\":\"https:\\\/\\\/schema.org\",\"@graph\":[{\"@type\":\"Article\",\"@id\":\"https:\\\/\\\/blog.k10mobility.com\\\/fr\\\/visitez-manacor-un-tresor-cache-a-majorque\\\/#article\",\"isPartOf\":{\"@id\":\"https:\\\/\\\/blog.k10mobility.com\\\/fr\\\/visitez-manacor-un-tresor-cache-a-majorque\\\/\"},\"author\":{\"name\":\"Luis Ram\u00eds\",\"@id\":\"https:\\\/\\\/blog.k10mobility.com\\\/fr\\\/#\\\/schema\\\/person\\\/5f18469c790b92d83fdd98422e621da8\"},\"headline\":\"Visiter Manacor : un tr\u00e9sor cach\u00e9 \u00e0 Majorque\",\"datePublished\":\"2024-05-14T09:40:44+00:00\",\"dateModified\":\"2026-01-22T11:38:25+00:00\",\"mainEntityOfPage\":{\"@id\":\"https:\\\/\\\/blog.k10mobility.com\\\/fr\\\/visitez-manacor-un-tresor-cache-a-majorque\\\/\"},\"wordCount\":813,\"publisher\":{\"@id\":\"https:\\\/\\\/blog.k10mobility.com\\\/fr\\\/#organization\"},\"image\":{\"@id\":\"https:\\\/\\\/blog.k10mobility.com\\\/fr\\\/visitez-manacor-un-tresor-cache-a-majorque\\\/#primaryimage\"},\"thumbnailUrl\":\"https:\\\/\\\/blog.k10mobility.com\\\/wp-content\\\/uploads\\\/2024\\\/05\\\/que-ver-en-manacor-k10.jpeg\",\"articleSection\":[\"Majorque\"],\"inLanguage\":\"fr-FR\"},{\"@type\":\"WebPage\",\"@id\":\"https:\\\/\\\/blog.k10mobility.com\\\/fr\\\/visitez-manacor-un-tresor-cache-a-majorque\\\/\",\"url\":\"https:\\\/\\\/blog.k10mobility.com\\\/fr\\\/visitez-manacor-un-tresor-cache-a-majorque\\\/\",\"name\":\"Visiter Manacor : un tr\u00e9sor cach\u00e9 \u00e0 Majorque% % - K10 Mobility% \u00ae\",\"isPartOf\":{\"@id\":\"https:\\\/\\\/blog.k10mobility.com\\\/fr\\\/#website\"},\"primaryImageOfPage\":{\"@id\":\"https:\\\/\\\/blog.k10mobility.com\\\/fr\\\/visitez-manacor-un-tresor-cache-a-majorque\\\/#primaryimage\"},\"image\":{\"@id\":\"https:\\\/\\\/blog.k10mobility.com\\\/fr\\\/visitez-manacor-un-tresor-cache-a-majorque\\\/#primaryimage\"},\"thumbnailUrl\":\"https:\\\/\\\/blog.k10mobility.com\\\/wp-content\\\/uploads\\\/2024\\\/05\\\/que-ver-en-manacor-k10.jpeg\",\"datePublished\":\"2024-05-14T09:40:44+00:00\",\"dateModified\":\"2026-01-22T11:38:25+00:00\",\"description\":\"Manacor, l'une des plus grandes municipalit\u00e9s de Majorque, est connue pour sa riche histoire, sa culture dynamique et ses paysages \u00e9poustouflants.\",\"breadcrumb\":{\"@id\":\"https:\\\/\\\/blog.k10mobility.com\\\/fr\\\/visitez-manacor-un-tresor-cache-a-majorque\\\/#breadcrumb\"},\"inLanguage\":\"fr-FR\",\"potentialAction\":[{\"@type\":\"ReadAction\",\"target\":[\"https:\\\/\\\/blog.k10mobility.com\\\/fr\\\/visitez-manacor-un-tresor-cache-a-majorque\\\/\"]}]},{\"@type\":\"ImageObject\",\"inLanguage\":\"fr-FR\",\"@id\":\"https:\\\/\\\/blog.k10mobility.com\\\/fr\\\/visitez-manacor-un-tresor-cache-a-majorque\\\/#primaryimage\",\"url\":\"https:\\\/\\\/blog.k10mobility.com\\\/wp-content\\\/uploads\\\/2024\\\/05\\\/que-ver-en-manacor-k10.jpeg\",\"contentUrl\":\"https:\\\/\\\/blog.k10mobility.com\\\/wp-content\\\/uploads\\\/2024\\\/05\\\/que-ver-en-manacor-k10.jpeg\",\"width\":800,\"height\":450,\"caption\":\"que faire \u00e0 manacor\"},{\"@type\":\"BreadcrumbList\",\"@id\":\"https:\\\/\\\/blog.k10mobility.com\\\/fr\\\/visitez-manacor-un-tresor-cache-a-majorque\\\/#breadcrumb\",\"itemListElement\":[{\"@type\":\"ListItem\",\"position\":1,\"name\":\"K10 Mobility\",\"item\":\"https:\\\/\\\/blog.k10mobility.com\\\/fr\\\/\"},{\"@type\":\"ListItem\",\"position\":2,\"name\":\"Visiter Manacor : un tr\u00e9sor cach\u00e9 \u00e0 Majorque\"}]},{\"@type\":\"WebSite\",\"@id\":\"https:\\\/\\\/blog.k10mobility.com\\\/fr\\\/#website\",\"url\":\"https:\\\/\\\/blog.k10mobility.com\\\/fr\\\/\",\"name\":\"K10 Mobility\",\"description\":\"Rent a car en Ibiza y Mallorca\",\"publisher\":{\"@id\":\"https:\\\/\\\/blog.k10mobility.com\\\/fr\\\/#organization\"},\"alternateName\":\"K10 Rent a car\",\"potentialAction\":[{\"@type\":\"SearchAction\",\"target\":{\"@type\":\"EntryPoint\",\"urlTemplate\":\"https:\\\/\\\/blog.k10mobility.com\\\/fr\\\/?s={search_term_string}\"},\"query-input\":{\"@type\":\"PropertyValueSpecification\",\"valueRequired\":true,\"valueName\":\"search_term_string\"}}],\"inLanguage\":\"fr-FR\"},{\"@type\":\"Organization\",\"@id\":\"https:\\\/\\\/blog.k10mobility.com\\\/fr\\\/#organization\",\"name\":\"K10 Mobility\",\"alternateName\":\"K10 Mobility rent a car en Ibiza y Mallorca\",\"url\":\"https:\\\/\\\/blog.k10mobility.com\\\/fr\\\/\",\"logo\":{\"@type\":\"ImageObject\",\"inLanguage\":\"fr-FR\",\"@id\":\"https:\\\/\\\/blog.k10mobility.com\\\/fr\\\/#\\\/schema\\\/logo\\\/image\\\/\",\"url\":\"https:\\\/\\\/blog.k10mobility.com\\\/wp-content\\\/uploads\\\/2025\\\/11\\\/cropped-Logo-K10-color-apaisado.png\",\"contentUrl\":\"https:\\\/\\\/blog.k10mobility.com\\\/wp-content\\\/uploads\\\/2025\\\/11\\\/cropped-Logo-K10-color-apaisado.png\",\"width\":665,\"height\":105,\"caption\":\"K10 Mobility\"},\"image\":{\"@id\":\"https:\\\/\\\/blog.k10mobility.com\\\/fr\\\/#\\\/schema\\\/logo\\\/image\\\/\"},\"sameAs\":[\"https:\\\/\\\/www.facebook.com\\\/k10mobility\\\/\",\"https:\\\/\\\/www.instagram.com\\\/k10mobility\\\/\"]},{\"@type\":\"Person\",\"@id\":\"https:\\\/\\\/blog.k10mobility.com\\\/fr\\\/#\\\/schema\\\/person\\\/5f18469c790b92d83fdd98422e621da8\",\"name\":\"Luis Ram\u00eds\",\"image\":{\"@type\":\"ImageObject\",\"inLanguage\":\"fr-FR\",\"@id\":\"https:\\\/\\\/secure.gravatar.com\\\/avatar\\\/30162c41d6f584ef954ac19546d34176104f5a2b363cc65fe6c8b9dc6c1ed9ac?s=96&d=mm&r=g\",\"url\":\"https:\\\/\\\/secure.gravatar.com\\\/avatar\\\/30162c41d6f584ef954ac19546d34176104f5a2b363cc65fe6c8b9dc6c1ed9ac?s=96&d=mm&r=g\",\"contentUrl\":\"https:\\\/\\\/secure.gravatar.com\\\/avatar\\\/30162c41d6f584ef954ac19546d34176104f5a2b363cc65fe6c8b9dc6c1ed9ac?s=96&d=mm&r=g\",\"caption\":\"Luis Ram\u00eds\"},\"url\":\"https:\\\/\\\/blog.k10mobility.com\\\/fr\\\/author\\\/luisr4m1s_k10\\\/\"}]}<\/script>\n<!-- \/ Yoast SEO plugin. -->","yoast_head_json":{"title":"Visiter Manacor : un tr\u00e9sor cach\u00e9 \u00e0 Majorque% % - K10 Mobility% \u00ae","description":"Manacor, l'une des plus grandes municipalit\u00e9s de Majorque, est connue pour sa riche histoire, sa culture dynamique et ses paysages \u00e9poustouflants.","robots":{"index":"index","follow":"follow","max-snippet":"max-snippet:-1","max-image-preview":"max-image-preview:large","max-video-preview":"max-video-preview:-1"},"canonical":"https:\/\/blog.k10mobility.com\/fr\/visitez-manacor-un-tresor-cache-a-majorque\/","og_locale":"fr_FR","og_type":"article","og_title":"Visiter Manacor : un tr\u00e9sor cach\u00e9 \u00e0 Majorque% % - K10 Mobility% \u00ae","og_description":"Manacor, l'une des plus grandes municipalit\u00e9s de Majorque, est connue pour sa riche histoire, sa culture dynamique et ses paysages \u00e9poustouflants.","og_url":"https:\/\/blog.k10mobility.com\/fr\/visitez-manacor-un-tresor-cache-a-majorque\/","og_site_name":"K10 Mobility","article_publisher":"https:\/\/www.facebook.com\/k10mobility\/","article_published_time":"2024-05-14T09:40:44+00:00","article_modified_time":"2026-01-22T11:38:25+00:00","og_image":[{"width":800,"height":450,"url":"https:\/\/blog.k10mobility.com\/wp-content\/uploads\/2024\/05\/que-ver-en-manacor-k10.jpeg","type":"image\/jpeg"}],"author":"Luis Ram\u00eds","twitter_card":"summary_large_image","twitter_misc":{"\u00c9crit par":"Luis Ram\u00eds","Dur\u00e9e de lecture estim\u00e9e":"4 minutes"},"schema":{"@context":"https:\/\/schema.org","@graph":[{"@type":"Article","@id":"https:\/\/blog.k10mobility.com\/fr\/visitez-manacor-un-tresor-cache-a-majorque\/#article","isPartOf":{"@id":"https:\/\/blog.k10mobility.com\/fr\/visitez-manacor-un-tresor-cache-a-majorque\/"},"author":{"name":"Luis Ram\u00eds","@id":"https:\/\/blog.k10mobility.com\/fr\/#\/schema\/person\/5f18469c790b92d83fdd98422e621da8"},"headline":"Visiter Manacor : un tr\u00e9sor cach\u00e9 \u00e0 Majorque","datePublished":"2024-05-14T09:40:44+00:00","dateModified":"2026-01-22T11:38:25+00:00","mainEntityOfPage":{"@id":"https:\/\/blog.k10mobility.com\/fr\/visitez-manacor-un-tresor-cache-a-majorque\/"},"wordCount":813,"publisher":{"@id":"https:\/\/blog.k10mobility.com\/fr\/#organization"},"image":{"@id":"https:\/\/blog.k10mobility.com\/fr\/visitez-manacor-un-tresor-cache-a-majorque\/#primaryimage"},"thumbnailUrl":"https:\/\/blog.k10mobility.com\/wp-content\/uploads\/2024\/05\/que-ver-en-manacor-k10.jpeg","articleSection":["Majorque"],"inLanguage":"fr-FR"},{"@type":"WebPage","@id":"https:\/\/blog.k10mobility.com\/fr\/visitez-manacor-un-tresor-cache-a-majorque\/","url":"https:\/\/blog.k10mobility.com\/fr\/visitez-manacor-un-tresor-cache-a-majorque\/","name":"Visiter Manacor : un tr\u00e9sor cach\u00e9 \u00e0 Majorque% % - K10 Mobility% \u00ae","isPartOf":{"@id":"https:\/\/blog.k10mobility.com\/fr\/#website"},"primaryImageOfPage":{"@id":"https:\/\/blog.k10mobility.com\/fr\/visitez-manacor-un-tresor-cache-a-majorque\/#primaryimage"},"image":{"@id":"https:\/\/blog.k10mobility.com\/fr\/visitez-manacor-un-tresor-cache-a-majorque\/#primaryimage"},"thumbnailUrl":"https:\/\/blog.k10mobility.com\/wp-content\/uploads\/2024\/05\/que-ver-en-manacor-k10.jpeg","datePublished":"2024-05-14T09:40:44+00:00","dateModified":"2026-01-22T11:38:25+00:00","description":"Manacor, l'une des plus grandes municipalit\u00e9s de Majorque, est connue pour sa riche histoire, sa culture dynamique et ses paysages \u00e9poustouflants.","breadcrumb":{"@id":"https:\/\/blog.k10mobility.com\/fr\/visitez-manacor-un-tresor-cache-a-majorque\/#breadcrumb"},"inLanguage":"fr-FR","potentialAction":[{"@type":"ReadAction","target":["https:\/\/blog.k10mobility.com\/fr\/visitez-manacor-un-tresor-cache-a-majorque\/"]}]},{"@type":"ImageObject","inLanguage":"fr-FR","@id":"https:\/\/blog.k10mobility.com\/fr\/visitez-manacor-un-tresor-cache-a-majorque\/#primaryimage","url":"https:\/\/blog.k10mobility.com\/wp-content\/uploads\/2024\/05\/que-ver-en-manacor-k10.jpeg","contentUrl":"https:\/\/blog.k10mobility.com\/wp-content\/uploads\/2024\/05\/que-ver-en-manacor-k10.jpeg","width":800,"height":450,"caption":"que faire \u00e0 manacor"},{"@type":"BreadcrumbList","@id":"https:\/\/blog.k10mobility.com\/fr\/visitez-manacor-un-tresor-cache-a-majorque\/#breadcrumb","itemListElement":[{"@type":"ListItem","position":1,"name":"K10 Mobility","item":"https:\/\/blog.k10mobility.com\/fr\/"},{"@type":"ListItem","position":2,"name":"Visiter Manacor : un tr\u00e9sor cach\u00e9 \u00e0 Majorque"}]},{"@type":"WebSite","@id":"https:\/\/blog.k10mobility.com\/fr\/#website","url":"https:\/\/blog.k10mobility.com\/fr\/","name":"K10 Mobility","description":"Rent a car en Ibiza y Mallorca","publisher":{"@id":"https:\/\/blog.k10mobility.com\/fr\/#organization"},"alternateName":"K10 Rent a car","potentialAction":[{"@type":"SearchAction","target":{"@type":"EntryPoint","urlTemplate":"https:\/\/blog.k10mobility.com\/fr\/?s={search_term_string}"},"query-input":{"@type":"PropertyValueSpecification","valueRequired":true,"valueName":"search_term_string"}}],"inLanguage":"fr-FR"},{"@type":"Organization","@id":"https:\/\/blog.k10mobility.com\/fr\/#organization","name":"K10 Mobility","alternateName":"K10 Mobility rent a car en Ibiza y Mallorca","url":"https:\/\/blog.k10mobility.com\/fr\/","logo":{"@type":"ImageObject","inLanguage":"fr-FR","@id":"https:\/\/blog.k10mobility.com\/fr\/#\/schema\/logo\/image\/","url":"https:\/\/blog.k10mobility.com\/wp-content\/uploads\/2025\/11\/cropped-Logo-K10-color-apaisado.png","contentUrl":"https:\/\/blog.k10mobility.com\/wp-content\/uploads\/2025\/11\/cropped-Logo-K10-color-apaisado.png","width":665,"height":105,"caption":"K10 Mobility"},"image":{"@id":"https:\/\/blog.k10mobility.com\/fr\/#\/schema\/logo\/image\/"},"sameAs":["https:\/\/www.facebook.com\/k10mobility\/","https:\/\/www.instagram.com\/k10mobility\/"]},{"@type":"Person","@id":"https:\/\/blog.k10mobility.com\/fr\/#\/schema\/person\/5f18469c790b92d83fdd98422e621da8","name":"Luis Ram\u00eds","image":{"@type":"ImageObject","inLanguage":"fr-FR","@id":"https:\/\/secure.gravatar.com\/avatar\/30162c41d6f584ef954ac19546d34176104f5a2b363cc65fe6c8b9dc6c1ed9ac?s=96&d=mm&r=g","url":"https:\/\/secure.gravatar.com\/avatar\/30162c41d6f584ef954ac19546d34176104f5a2b363cc65fe6c8b9dc6c1ed9ac?s=96&d=mm&r=g","contentUrl":"https:\/\/secure.gravatar.com\/avatar\/30162c41d6f584ef954ac19546d34176104f5a2b363cc65fe6c8b9dc6c1ed9ac?s=96&d=mm&r=g","caption":"Luis Ram\u00eds"},"url":"https:\/\/blog.k10mobility.com\/fr\/author\/luisr4m1s_k10\/"}]}},"_links":{"self":[{"href":"https:\/\/blog.k10mobility.com\/fr\/wp-json\/wp\/v2\/posts\/13139","targetHints":{"allow":["GET"]}}],"collection":[{"href":"https:\/\/blog.k10mobility.com\/fr\/wp-json\/wp\/v2\/posts"}],"about":[{"href":"https:\/\/blog.k10mobility.com\/fr\/wp-json\/wp\/v2\/types\/post"}],"author":[{"embeddable":true,"href":"https:\/\/blog.k10mobility.com\/fr\/wp-json\/wp\/v2\/users\/2"}],"replies":[{"embeddable":true,"href":"https:\/\/blog.k10mobility.com\/fr\/wp-json\/wp\/v2\/comments?post=13139"}],"version-history":[{"count":2,"href":"https:\/\/blog.k10mobility.com\/fr\/wp-json\/wp\/v2\/posts\/13139\/revisions"}],"predecessor-version":[{"id":13936,"href":"https:\/\/blog.k10mobility.com\/fr\/wp-json\/wp\/v2\/posts\/13139\/revisions\/13936"}],"wp:featuredmedia":[{"embeddable":true,"href":"https:\/\/blog.k10mobility.com\/fr\/wp-json\/wp\/v2\/media\/13141"}],"wp:attachment":[{"href":"https:\/\/blog.k10mobility.com\/fr\/wp-json\/wp\/v2\/media?parent=13139"}],"wp:term":[{"taxonomy":"category","embeddable":true,"href":"https:\/\/blog.k10mobility.com\/fr\/wp-json\/wp\/v2\/categories?post=13139"},{"taxonomy":"post_tag","embeddable":true,"href":"https:\/\/blog.k10mobility.com\/fr\/wp-json\/wp\/v2\/tags?post=13139"}],"curies":[{"name":"wp","href":"https:\/\/api.w.org\/{rel}","templated":true}]}}