{"id":13198,"date":"2025-07-06T12:20:52","date_gmt":"2025-07-06T12:20:52","guid":{"rendered":"https:\/\/blog.k10mobility.com\/que-voir-a-ibiza-dans-3-jours\/"},"modified":"2026-01-22T11:38:04","modified_gmt":"2026-01-22T11:38:04","slug":"que-voir-a-ibiza-dans-3-jours","status":"publish","type":"post","link":"https:\/\/blog.k10mobility.com\/fr\/que-voir-a-ibiza-dans-3-jours\/","title":{"rendered":"Que voir \u00e0 Ibiza en 3 jours ?"},"content":{"rendered":"<p><span style=\"font-weight: 400;\">Vous pensiez qu&rsquo;Ibiza n&rsquo;\u00e9tait qu&rsquo;une \u00eele o\u00f9 l&rsquo;on fait la f\u00eate ? <\/span><b>Pr\u00e9parez-vous \u00e0 d\u00e9couvrir une \u00eele pleine d&rsquo;histoire, de criques cach\u00e9es, de villages charmants et de couchers de soleil inoubliables.<\/b><span style=\"font-weight: 400;\">. <\/span> <\/p>\n<p><span style=\"font-weight: 400;\">Si vous pr\u00e9voyez un court s\u00e9jour, lisez ce qui suit car nous allons vous dire exactement ce qu&rsquo;il faut voir \u00e0 Ibiza en 3 jours, avec des itin\u00e9raires con\u00e7us pour vous faire gagner du temps. Et oui, nous vous dirons aussi ce qu&rsquo;il faut faire si vous venez en hiver. <\/span><\/p>\n<h2 id=\"von-toc-1\"><b>Jour 1 : Dalt Vila, criques et coucher de soleil<\/b><\/h2>\n<p><span style=\"font-weight: 400;\">Commencez votre voyage \u00e0 <\/span><b>Dalt Vila<\/b><span style=\"font-weight: 400;\">la vieille ville d&rsquo;Ibiza, class\u00e9e au patrimoine mondial de l&rsquo;humanit\u00e9. Promenez-vous dans ses rues pav\u00e9es, visitez la cath\u00e9drale et admirez les vues depuis les remparts.<\/span><\/p>\n<p><span style=\"font-weight: 400;\">Ensuite, louez une voiture avec K10 \u00e0 l&rsquo;a\u00e9roport d&rsquo;Ibiza et dirigez-vous vers <\/span><b>Cala Comte<\/b><span style=\"font-weight: 400;\"> o <\/span><b>Cala Bassa<\/b><span style=\"font-weight: 400;\">. Toutes deux offrent des eaux cristallines et sont parfaites pour se d\u00e9tendre pendant quelques heures.<\/span><\/p>\n<p><span style=\"font-weight: 400;\">Terminez la journ\u00e9e en admirant le coucher de soleil depuis <\/span><b>San Antonio<\/b><span style=\"font-weight: 400;\">notamment depuis le l\u00e9gendaire Caf\u00e9 del Mar.<\/span><\/p>\n<h2 id=\"von-toc-2\"><b>Jour 2 : Nord de l&rsquo;\u00eele et march\u00e9s<\/b><\/h2>\n<p><span style=\"font-weight: 400;\">Passez cette journ\u00e9e \u00e0 explorer le nord le plus authentique d&rsquo;Ibiza. Visite de <\/span><b>Santa Gertrudis<\/b><span style=\"font-weight: 400;\">un village boh\u00e8me avec de charmantes boutiques et des caf\u00e9s. Puis dirigez-vous vers <\/span><b>Benirr\u00e0s<\/b><span style=\"font-weight: 400;\">une crique connue pour ses tambours au coucher du soleil (si c&rsquo;est un dimanche).<\/span><\/p>\n<p><span style=\"font-weight: 400;\">Si vous \u00eates samedi, ne manquez pas le march\u00e9 de Las Dalias. <\/span><b>march\u00e9 de Las Dalias<\/b><span style=\"font-weight: 400;\">une exp\u00e9rience pleine de couleurs et d&rsquo;artisanat local.<\/span><\/p>\n<h2 id=\"von-toc-3\"><b>Jour 3 : Formentera ou Es Vedr\u00e0<\/b><\/h2>\n<p><span style=\"font-weight: 400;\">Pour le dernier jour, deux options s&rsquo;offrent \u00e0 vous : prendre un ferry pour <\/span><b>Formentera<\/b><span style=\"font-weight: 400;\"> (depuis le port d&rsquo;Ibiza) et passer la journ\u00e9e sur ses plages paradisiaques, ou rester \u00e0 Ibiza et prendre un itin\u00e9raire vers le sud-ouest pour voir <\/span><b>Es Vedr\u00e0<\/b><span style=\"font-weight: 400;\">un \u00eelot myst\u00e9rieux qui offre une vue spectaculaire depuis la Torre des Savinar.<\/span><\/p>\n<p><span style=\"font-weight: 400;\">Et si vous avez du temps \u00e0 perdre, visitez <\/span><b>Sa Caleta<\/b><span style=\"font-weight: 400;\"> et son ancienne colonie ph\u00e9nicienne, ou allez vous baigner \u00e0 <\/span><b>Cala d&rsquo;Hort<\/b><span style=\"font-weight: 400;\">.<\/span><\/p>\n<h2 id=\"von-toc-4\"><b>Que voir \u00e0 Ibiza en hiver en 3 jours ?<\/b><\/h2>\n<p><span style=\"font-weight: 400;\">Le grand avantage de l&rsquo;hiver \u00e0 Ibiza est la tranquillit\u00e9. Il n&rsquo;y a pas de foule, les prix sont plus bas et le climat est doux. <\/span><\/p>\n<ul>\n<li style=\"font-weight: 400;\" aria-level=\"1\"><b>Jour 1<\/b><span style=\"font-weight: 400;\">Promenez-vous dans Dalt Vila et profitez de son atmosph\u00e8re paisible. Les remparts illumin\u00e9s la nuit ont un charme particulier.<\/span><\/li>\n<li style=\"font-weight: 400;\" aria-level=\"1\"><b>Jour 2<\/b><span style=\"font-weight: 400;\">En voiture, traversez les villages de l&rsquo;arri\u00e8re-pays tels que <\/span><b>San Juan<\/b><span style=\"font-weight: 400;\"> o <\/span><b>San Carlos<\/b><span style=\"font-weight: 400;\">. Profitez-en pour vous arr\u00eater dans les restaurants locaux.<\/span><\/li>\n<li style=\"font-weight: 400;\" aria-level=\"1\"><b>Troisi\u00e8me jour<\/b><span style=\"font-weight: 400;\">Jour 4 : Promenade sur des sentiers c\u00f4tiers, comme celui qui va de Cala Llonga \u00e0 Sol d&rsquo;en Serra. <\/span><b>Cala Llonga \u00e0 Sol d&rsquo;en Serra<\/b><span style=\"font-weight: 400;\">et visiter des mus\u00e9es comme le mus\u00e9e d&rsquo;art contemporain d&rsquo;Ibiza.<\/span><\/li>\n<\/ul>\n<p><b>Vous souhaitez vous d\u00e9placer librement sur l&rsquo;\u00eele ?<\/b><span style=\"font-weight: 400;\"> Avec K10, vous pouvez louer votre voiture directement \u00e0 l&rsquo;a\u00e9roport d&rsquo;Ibiza, sans interm\u00e9diaire, et commencer votre aventure imm\u00e9diatement. Consultez nos options de v\u00e9hicules<\/span><a href=\"https:\/\/k10rentacar.com\/\"> <span style=\"font-weight: 400;\">ici<\/span><\/a><span style=\"font-weight: 400;\">.<\/span><\/p>\n<h2 id=\"von-toc-5\"><b>Questions fr\u00e9quemment pos\u00e9es lors d&rsquo;un voyage de 3 jours \u00e0 Ibiza :<\/b><\/h2>\n<p><b>Que ne devriez-vous pas manquer ?<\/b><\/p>\n<ul>\n<li style=\"font-weight: 400;\" aria-level=\"1\"><span style=\"font-weight: 400;\">Grimpez jusqu&rsquo;\u00e0 la Dalt Vila et admirez l&rsquo;\u00eele d&rsquo;en haut.<\/span><\/li>\n<li style=\"font-weight: 400;\" aria-level=\"1\"><span style=\"font-weight: 400;\">Profiter d&rsquo;un coucher de soleil \u00e0 Cala Comte ou Es Vedr\u00e0.<\/span><\/li>\n<li style=\"font-weight: 400;\" aria-level=\"1\"><span style=\"font-weight: 400;\">Mangez un bullit de peix dans un restaurant local.<\/span><\/li>\n<li style=\"font-weight: 400;\" aria-level=\"1\"><span style=\"font-weight: 400;\">Promenez-vous dans les march\u00e9s de rue tels que Las Dalias ou Punta Arab\u00ed.<\/span><\/li>\n<\/ul>\n<p><span style=\"font-weight: 400;\">Ibiza, c&rsquo;est bien plus que des f\u00eates. En trois jours seulement, vous pourrez d\u00e9couvrir son \u00e2me authentique, savourer sa gastronomie et vous d\u00e9tendre sur quelques-unes des plus belles plages de la M\u00e9diterran\u00e9e.   <\/span><\/p>\n<p><b>Que ce soit en \u00e9t\u00e9 ou en hiver, louer une voiture avec K10 Mobility vous permettra de la d\u00e9couvrir \u00e0 votre rythme, sans vous presser et sans rien manquer.<\/b><\/p>\n","protected":false},"excerpt":{"rendered":"<p>Vous pensiez qu&rsquo;Ibiza n&rsquo;\u00e9tait qu&rsquo;une \u00eele o\u00f9 l&rsquo;on fait la f\u00eate ? Pr\u00e9parez-vous \u00e0 d\u00e9couvrir une \u00eele pleine d&rsquo;histoire, de criques cach\u00e9es, de villages charmants et de couchers de soleil inoubliables.. Si vous pr\u00e9voyez un court s\u00e9jour, lisez ce qui suit car nous allons vous dire exactement ce qu&rsquo;il faut voir \u00e0 Ibiza en 3 &#8230; <a title=\"Que voir \u00e0 Ibiza en 3 jours ?\" class=\"read-more\" href=\"https:\/\/blog.k10mobility.com\/fr\/que-voir-a-ibiza-dans-3-jours\/\" aria-label=\"En savoir plus sur Que voir \u00e0 Ibiza en 3 jours ?\">Lire la suite<\/a><\/p>\n","protected":false},"author":2,"featured_media":12643,"comment_status":"open","ping_status":"closed","sticky":false,"template":"","format":"standard","meta":{"footnotes":""},"categories":[224],"tags":[],"class_list":["post-13198","post","type-post","status-publish","format-standard","has-post-thumbnail","hentry","category-ibiza"],"yoast_head":"<!-- This site is optimized with the Yoast SEO plugin v27.4 - https:\/\/yoast.com\/product\/yoast-seo-wordpress\/ -->\n<title>Que voir \u00e0 Ibiza en 3 jours | K10 Mobility in Ibiza<\/title>\n<meta name=\"description\" content=\"D\u00e9couvrez ce qu&#039;il faut voir \u00e0 Ibiza en 3 jours, que vous veniez en \u00e9t\u00e9 ou en hiver. Notre \u00e9quipe locale vous indique les meilleurs plans.\" \/>\n<meta name=\"robots\" content=\"index, follow, max-snippet:-1, max-image-preview:large, max-video-preview:-1\" \/>\n<link rel=\"canonical\" href=\"https:\/\/blog.k10mobility.com\/fr\/que-voir-a-ibiza-dans-3-jours\/\" \/>\n<meta property=\"og:locale\" content=\"fr_FR\" \/>\n<meta property=\"og:type\" content=\"article\" \/>\n<meta property=\"og:title\" content=\"Que voir \u00e0 Ibiza en 3 jours | K10 Mobility in Ibiza\" \/>\n<meta property=\"og:description\" content=\"D\u00e9couvrez ce qu&#039;il faut voir \u00e0 Ibiza en 3 jours, que vous veniez en \u00e9t\u00e9 ou en hiver. Notre \u00e9quipe locale vous indique les meilleurs plans.\" \/>\n<meta property=\"og:url\" content=\"https:\/\/blog.k10mobility.com\/fr\/que-voir-a-ibiza-dans-3-jours\/\" \/>\n<meta property=\"og:site_name\" content=\"K10 Mobility\" \/>\n<meta property=\"article:publisher\" content=\"https:\/\/www.facebook.com\/k10mobility\/\" \/>\n<meta property=\"article:published_time\" content=\"2025-07-06T12:20:52+00:00\" \/>\n<meta property=\"article:modified_time\" content=\"2026-01-22T11:38:04+00:00\" \/>\n<meta property=\"og:image\" content=\"https:\/\/blog.k10mobility.com\/wp-content\/uploads\/2025\/08\/que-ver-en-ibiza-3-dias.webp\" \/>\n\t<meta property=\"og:image:width\" content=\"800\" \/>\n\t<meta property=\"og:image:height\" content=\"600\" \/>\n\t<meta property=\"og:image:type\" content=\"image\/webp\" \/>\n<meta name=\"author\" content=\"Luis Ram\u00eds\" \/>\n<meta name=\"twitter:card\" content=\"summary_large_image\" \/>\n<meta name=\"twitter:label1\" content=\"\u00c9crit par\" \/>\n\t<meta name=\"twitter:data1\" content=\"Luis Ram\u00eds\" \/>\n\t<meta name=\"twitter:label2\" content=\"Dur\u00e9e de lecture estim\u00e9e\" \/>\n\t<meta name=\"twitter:data2\" content=\"3 minutes\" \/>\n<script type=\"application\/ld+json\" class=\"yoast-schema-graph\">{\"@context\":\"https:\\\/\\\/schema.org\",\"@graph\":[{\"@type\":\"Article\",\"@id\":\"https:\\\/\\\/blog.k10mobility.com\\\/fr\\\/que-voir-a-ibiza-dans-3-jours\\\/#article\",\"isPartOf\":{\"@id\":\"https:\\\/\\\/blog.k10mobility.com\\\/fr\\\/que-voir-a-ibiza-dans-3-jours\\\/\"},\"author\":{\"name\":\"Luis Ram\u00eds\",\"@id\":\"https:\\\/\\\/blog.k10mobility.com\\\/fr\\\/#\\\/schema\\\/person\\\/5f18469c790b92d83fdd98422e621da8\"},\"headline\":\"Que voir \u00e0 Ibiza en 3 jours ?\",\"datePublished\":\"2025-07-06T12:20:52+00:00\",\"dateModified\":\"2026-01-22T11:38:04+00:00\",\"mainEntityOfPage\":{\"@id\":\"https:\\\/\\\/blog.k10mobility.com\\\/fr\\\/que-voir-a-ibiza-dans-3-jours\\\/\"},\"wordCount\":654,\"commentCount\":0,\"publisher\":{\"@id\":\"https:\\\/\\\/blog.k10mobility.com\\\/fr\\\/#organization\"},\"image\":{\"@id\":\"https:\\\/\\\/blog.k10mobility.com\\\/fr\\\/que-voir-a-ibiza-dans-3-jours\\\/#primaryimage\"},\"thumbnailUrl\":\"https:\\\/\\\/blog.k10mobility.com\\\/wp-content\\\/uploads\\\/2025\\\/08\\\/que-ver-en-ibiza-3-dias.webp\",\"articleSection\":[\"Ibiza\"],\"inLanguage\":\"fr-FR\",\"potentialAction\":[{\"@type\":\"CommentAction\",\"name\":\"Comment\",\"target\":[\"https:\\\/\\\/blog.k10mobility.com\\\/fr\\\/que-voir-a-ibiza-dans-3-jours\\\/#respond\"]}]},{\"@type\":\"WebPage\",\"@id\":\"https:\\\/\\\/blog.k10mobility.com\\\/fr\\\/que-voir-a-ibiza-dans-3-jours\\\/\",\"url\":\"https:\\\/\\\/blog.k10mobility.com\\\/fr\\\/que-voir-a-ibiza-dans-3-jours\\\/\",\"name\":\"Que voir \u00e0 Ibiza en 3 jours | K10 Mobility in Ibiza\",\"isPartOf\":{\"@id\":\"https:\\\/\\\/blog.k10mobility.com\\\/fr\\\/#website\"},\"primaryImageOfPage\":{\"@id\":\"https:\\\/\\\/blog.k10mobility.com\\\/fr\\\/que-voir-a-ibiza-dans-3-jours\\\/#primaryimage\"},\"image\":{\"@id\":\"https:\\\/\\\/blog.k10mobility.com\\\/fr\\\/que-voir-a-ibiza-dans-3-jours\\\/#primaryimage\"},\"thumbnailUrl\":\"https:\\\/\\\/blog.k10mobility.com\\\/wp-content\\\/uploads\\\/2025\\\/08\\\/que-ver-en-ibiza-3-dias.webp\",\"datePublished\":\"2025-07-06T12:20:52+00:00\",\"dateModified\":\"2026-01-22T11:38:04+00:00\",\"description\":\"D\u00e9couvrez ce qu'il faut voir \u00e0 Ibiza en 3 jours, que vous veniez en \u00e9t\u00e9 ou en hiver. Notre \u00e9quipe locale vous indique les meilleurs plans.\",\"breadcrumb\":{\"@id\":\"https:\\\/\\\/blog.k10mobility.com\\\/fr\\\/que-voir-a-ibiza-dans-3-jours\\\/#breadcrumb\"},\"inLanguage\":\"fr-FR\",\"potentialAction\":[{\"@type\":\"ReadAction\",\"target\":[\"https:\\\/\\\/blog.k10mobility.com\\\/fr\\\/que-voir-a-ibiza-dans-3-jours\\\/\"]}]},{\"@type\":\"ImageObject\",\"inLanguage\":\"fr-FR\",\"@id\":\"https:\\\/\\\/blog.k10mobility.com\\\/fr\\\/que-voir-a-ibiza-dans-3-jours\\\/#primaryimage\",\"url\":\"https:\\\/\\\/blog.k10mobility.com\\\/wp-content\\\/uploads\\\/2025\\\/08\\\/que-ver-en-ibiza-3-dias.webp\",\"contentUrl\":\"https:\\\/\\\/blog.k10mobility.com\\\/wp-content\\\/uploads\\\/2025\\\/08\\\/que-ver-en-ibiza-3-dias.webp\",\"width\":800,\"height\":600,\"caption\":\"Que voir \u00e0 Ibiza en 3 jours ?\"},{\"@type\":\"BreadcrumbList\",\"@id\":\"https:\\\/\\\/blog.k10mobility.com\\\/fr\\\/que-voir-a-ibiza-dans-3-jours\\\/#breadcrumb\",\"itemListElement\":[{\"@type\":\"ListItem\",\"position\":1,\"name\":\"K10 Mobility\",\"item\":\"https:\\\/\\\/blog.k10mobility.com\\\/fr\\\/\"},{\"@type\":\"ListItem\",\"position\":2,\"name\":\"Que voir \u00e0 Ibiza en 3 jours ?\"}]},{\"@type\":\"WebSite\",\"@id\":\"https:\\\/\\\/blog.k10mobility.com\\\/fr\\\/#website\",\"url\":\"https:\\\/\\\/blog.k10mobility.com\\\/fr\\\/\",\"name\":\"K10 Mobility\",\"description\":\"Rent a car en Ibiza y Mallorca\",\"publisher\":{\"@id\":\"https:\\\/\\\/blog.k10mobility.com\\\/fr\\\/#organization\"},\"alternateName\":\"K10 Rent a car\",\"potentialAction\":[{\"@type\":\"SearchAction\",\"target\":{\"@type\":\"EntryPoint\",\"urlTemplate\":\"https:\\\/\\\/blog.k10mobility.com\\\/fr\\\/?s={search_term_string}\"},\"query-input\":{\"@type\":\"PropertyValueSpecification\",\"valueRequired\":true,\"valueName\":\"search_term_string\"}}],\"inLanguage\":\"fr-FR\"},{\"@type\":\"Organization\",\"@id\":\"https:\\\/\\\/blog.k10mobility.com\\\/fr\\\/#organization\",\"name\":\"K10 Mobility\",\"alternateName\":\"K10 Mobility rent a car en Ibiza y Mallorca\",\"url\":\"https:\\\/\\\/blog.k10mobility.com\\\/fr\\\/\",\"logo\":{\"@type\":\"ImageObject\",\"inLanguage\":\"fr-FR\",\"@id\":\"https:\\\/\\\/blog.k10mobility.com\\\/fr\\\/#\\\/schema\\\/logo\\\/image\\\/\",\"url\":\"https:\\\/\\\/blog.k10mobility.com\\\/wp-content\\\/uploads\\\/2025\\\/11\\\/cropped-Logo-K10-color-apaisado.png\",\"contentUrl\":\"https:\\\/\\\/blog.k10mobility.com\\\/wp-content\\\/uploads\\\/2025\\\/11\\\/cropped-Logo-K10-color-apaisado.png\",\"width\":665,\"height\":105,\"caption\":\"K10 Mobility\"},\"image\":{\"@id\":\"https:\\\/\\\/blog.k10mobility.com\\\/fr\\\/#\\\/schema\\\/logo\\\/image\\\/\"},\"sameAs\":[\"https:\\\/\\\/www.facebook.com\\\/k10mobility\\\/\",\"https:\\\/\\\/www.instagram.com\\\/k10mobility\\\/\"]},{\"@type\":\"Person\",\"@id\":\"https:\\\/\\\/blog.k10mobility.com\\\/fr\\\/#\\\/schema\\\/person\\\/5f18469c790b92d83fdd98422e621da8\",\"name\":\"Luis Ram\u00eds\",\"image\":{\"@type\":\"ImageObject\",\"inLanguage\":\"fr-FR\",\"@id\":\"https:\\\/\\\/secure.gravatar.com\\\/avatar\\\/30162c41d6f584ef954ac19546d34176104f5a2b363cc65fe6c8b9dc6c1ed9ac?s=96&d=mm&r=g\",\"url\":\"https:\\\/\\\/secure.gravatar.com\\\/avatar\\\/30162c41d6f584ef954ac19546d34176104f5a2b363cc65fe6c8b9dc6c1ed9ac?s=96&d=mm&r=g\",\"contentUrl\":\"https:\\\/\\\/secure.gravatar.com\\\/avatar\\\/30162c41d6f584ef954ac19546d34176104f5a2b363cc65fe6c8b9dc6c1ed9ac?s=96&d=mm&r=g\",\"caption\":\"Luis Ram\u00eds\"},\"url\":\"https:\\\/\\\/blog.k10mobility.com\\\/fr\\\/author\\\/luisr4m1s_k10\\\/\"}]}<\/script>\n<!-- \/ Yoast SEO plugin. -->","yoast_head_json":{"title":"Que voir \u00e0 Ibiza en 3 jours | K10 Mobility in Ibiza","description":"D\u00e9couvrez ce qu'il faut voir \u00e0 Ibiza en 3 jours, que vous veniez en \u00e9t\u00e9 ou en hiver. Notre \u00e9quipe locale vous indique les meilleurs plans.","robots":{"index":"index","follow":"follow","max-snippet":"max-snippet:-1","max-image-preview":"max-image-preview:large","max-video-preview":"max-video-preview:-1"},"canonical":"https:\/\/blog.k10mobility.com\/fr\/que-voir-a-ibiza-dans-3-jours\/","og_locale":"fr_FR","og_type":"article","og_title":"Que voir \u00e0 Ibiza en 3 jours | K10 Mobility in Ibiza","og_description":"D\u00e9couvrez ce qu'il faut voir \u00e0 Ibiza en 3 jours, que vous veniez en \u00e9t\u00e9 ou en hiver. Notre \u00e9quipe locale vous indique les meilleurs plans.","og_url":"https:\/\/blog.k10mobility.com\/fr\/que-voir-a-ibiza-dans-3-jours\/","og_site_name":"K10 Mobility","article_publisher":"https:\/\/www.facebook.com\/k10mobility\/","article_published_time":"2025-07-06T12:20:52+00:00","article_modified_time":"2026-01-22T11:38:04+00:00","og_image":[{"width":800,"height":600,"url":"https:\/\/blog.k10mobility.com\/wp-content\/uploads\/2025\/08\/que-ver-en-ibiza-3-dias.webp","type":"image\/webp"}],"author":"Luis Ram\u00eds","twitter_card":"summary_large_image","twitter_misc":{"\u00c9crit par":"Luis Ram\u00eds","Dur\u00e9e de lecture estim\u00e9e":"3 minutes"},"schema":{"@context":"https:\/\/schema.org","@graph":[{"@type":"Article","@id":"https:\/\/blog.k10mobility.com\/fr\/que-voir-a-ibiza-dans-3-jours\/#article","isPartOf":{"@id":"https:\/\/blog.k10mobility.com\/fr\/que-voir-a-ibiza-dans-3-jours\/"},"author":{"name":"Luis Ram\u00eds","@id":"https:\/\/blog.k10mobility.com\/fr\/#\/schema\/person\/5f18469c790b92d83fdd98422e621da8"},"headline":"Que voir \u00e0 Ibiza en 3 jours ?","datePublished":"2025-07-06T12:20:52+00:00","dateModified":"2026-01-22T11:38:04+00:00","mainEntityOfPage":{"@id":"https:\/\/blog.k10mobility.com\/fr\/que-voir-a-ibiza-dans-3-jours\/"},"wordCount":654,"commentCount":0,"publisher":{"@id":"https:\/\/blog.k10mobility.com\/fr\/#organization"},"image":{"@id":"https:\/\/blog.k10mobility.com\/fr\/que-voir-a-ibiza-dans-3-jours\/#primaryimage"},"thumbnailUrl":"https:\/\/blog.k10mobility.com\/wp-content\/uploads\/2025\/08\/que-ver-en-ibiza-3-dias.webp","articleSection":["Ibiza"],"inLanguage":"fr-FR","potentialAction":[{"@type":"CommentAction","name":"Comment","target":["https:\/\/blog.k10mobility.com\/fr\/que-voir-a-ibiza-dans-3-jours\/#respond"]}]},{"@type":"WebPage","@id":"https:\/\/blog.k10mobility.com\/fr\/que-voir-a-ibiza-dans-3-jours\/","url":"https:\/\/blog.k10mobility.com\/fr\/que-voir-a-ibiza-dans-3-jours\/","name":"Que voir \u00e0 Ibiza en 3 jours | K10 Mobility in Ibiza","isPartOf":{"@id":"https:\/\/blog.k10mobility.com\/fr\/#website"},"primaryImageOfPage":{"@id":"https:\/\/blog.k10mobility.com\/fr\/que-voir-a-ibiza-dans-3-jours\/#primaryimage"},"image":{"@id":"https:\/\/blog.k10mobility.com\/fr\/que-voir-a-ibiza-dans-3-jours\/#primaryimage"},"thumbnailUrl":"https:\/\/blog.k10mobility.com\/wp-content\/uploads\/2025\/08\/que-ver-en-ibiza-3-dias.webp","datePublished":"2025-07-06T12:20:52+00:00","dateModified":"2026-01-22T11:38:04+00:00","description":"D\u00e9couvrez ce qu'il faut voir \u00e0 Ibiza en 3 jours, que vous veniez en \u00e9t\u00e9 ou en hiver. Notre \u00e9quipe locale vous indique les meilleurs plans.","breadcrumb":{"@id":"https:\/\/blog.k10mobility.com\/fr\/que-voir-a-ibiza-dans-3-jours\/#breadcrumb"},"inLanguage":"fr-FR","potentialAction":[{"@type":"ReadAction","target":["https:\/\/blog.k10mobility.com\/fr\/que-voir-a-ibiza-dans-3-jours\/"]}]},{"@type":"ImageObject","inLanguage":"fr-FR","@id":"https:\/\/blog.k10mobility.com\/fr\/que-voir-a-ibiza-dans-3-jours\/#primaryimage","url":"https:\/\/blog.k10mobility.com\/wp-content\/uploads\/2025\/08\/que-ver-en-ibiza-3-dias.webp","contentUrl":"https:\/\/blog.k10mobility.com\/wp-content\/uploads\/2025\/08\/que-ver-en-ibiza-3-dias.webp","width":800,"height":600,"caption":"Que voir \u00e0 Ibiza en 3 jours ?"},{"@type":"BreadcrumbList","@id":"https:\/\/blog.k10mobility.com\/fr\/que-voir-a-ibiza-dans-3-jours\/#breadcrumb","itemListElement":[{"@type":"ListItem","position":1,"name":"K10 Mobility","item":"https:\/\/blog.k10mobility.com\/fr\/"},{"@type":"ListItem","position":2,"name":"Que voir \u00e0 Ibiza en 3 jours ?"}]},{"@type":"WebSite","@id":"https:\/\/blog.k10mobility.com\/fr\/#website","url":"https:\/\/blog.k10mobility.com\/fr\/","name":"K10 Mobility","description":"Rent a car en Ibiza y Mallorca","publisher":{"@id":"https:\/\/blog.k10mobility.com\/fr\/#organization"},"alternateName":"K10 Rent a car","potentialAction":[{"@type":"SearchAction","target":{"@type":"EntryPoint","urlTemplate":"https:\/\/blog.k10mobility.com\/fr\/?s={search_term_string}"},"query-input":{"@type":"PropertyValueSpecification","valueRequired":true,"valueName":"search_term_string"}}],"inLanguage":"fr-FR"},{"@type":"Organization","@id":"https:\/\/blog.k10mobility.com\/fr\/#organization","name":"K10 Mobility","alternateName":"K10 Mobility rent a car en Ibiza y Mallorca","url":"https:\/\/blog.k10mobility.com\/fr\/","logo":{"@type":"ImageObject","inLanguage":"fr-FR","@id":"https:\/\/blog.k10mobility.com\/fr\/#\/schema\/logo\/image\/","url":"https:\/\/blog.k10mobility.com\/wp-content\/uploads\/2025\/11\/cropped-Logo-K10-color-apaisado.png","contentUrl":"https:\/\/blog.k10mobility.com\/wp-content\/uploads\/2025\/11\/cropped-Logo-K10-color-apaisado.png","width":665,"height":105,"caption":"K10 Mobility"},"image":{"@id":"https:\/\/blog.k10mobility.com\/fr\/#\/schema\/logo\/image\/"},"sameAs":["https:\/\/www.facebook.com\/k10mobility\/","https:\/\/www.instagram.com\/k10mobility\/"]},{"@type":"Person","@id":"https:\/\/blog.k10mobility.com\/fr\/#\/schema\/person\/5f18469c790b92d83fdd98422e621da8","name":"Luis Ram\u00eds","image":{"@type":"ImageObject","inLanguage":"fr-FR","@id":"https:\/\/secure.gravatar.com\/avatar\/30162c41d6f584ef954ac19546d34176104f5a2b363cc65fe6c8b9dc6c1ed9ac?s=96&d=mm&r=g","url":"https:\/\/secure.gravatar.com\/avatar\/30162c41d6f584ef954ac19546d34176104f5a2b363cc65fe6c8b9dc6c1ed9ac?s=96&d=mm&r=g","contentUrl":"https:\/\/secure.gravatar.com\/avatar\/30162c41d6f584ef954ac19546d34176104f5a2b363cc65fe6c8b9dc6c1ed9ac?s=96&d=mm&r=g","caption":"Luis Ram\u00eds"},"url":"https:\/\/blog.k10mobility.com\/fr\/author\/luisr4m1s_k10\/"}]}},"_links":{"self":[{"href":"https:\/\/blog.k10mobility.com\/fr\/wp-json\/wp\/v2\/posts\/13198","targetHints":{"allow":["GET"]}}],"collection":[{"href":"https:\/\/blog.k10mobility.com\/fr\/wp-json\/wp\/v2\/posts"}],"about":[{"href":"https:\/\/blog.k10mobility.com\/fr\/wp-json\/wp\/v2\/types\/post"}],"author":[{"embeddable":true,"href":"https:\/\/blog.k10mobility.com\/fr\/wp-json\/wp\/v2\/users\/2"}],"replies":[{"embeddable":true,"href":"https:\/\/blog.k10mobility.com\/fr\/wp-json\/wp\/v2\/comments?post=13198"}],"version-history":[{"count":2,"href":"https:\/\/blog.k10mobility.com\/fr\/wp-json\/wp\/v2\/posts\/13198\/revisions"}],"predecessor-version":[{"id":13916,"href":"https:\/\/blog.k10mobility.com\/fr\/wp-json\/wp\/v2\/posts\/13198\/revisions\/13916"}],"wp:featuredmedia":[{"embeddable":true,"href":"https:\/\/blog.k10mobility.com\/fr\/wp-json\/wp\/v2\/media\/12643"}],"wp:attachment":[{"href":"https:\/\/blog.k10mobility.com\/fr\/wp-json\/wp\/v2\/media?parent=13198"}],"wp:term":[{"taxonomy":"category","embeddable":true,"href":"https:\/\/blog.k10mobility.com\/fr\/wp-json\/wp\/v2\/categories?post=13198"},{"taxonomy":"post_tag","embeddable":true,"href":"https:\/\/blog.k10mobility.com\/fr\/wp-json\/wp\/v2\/tags?post=13198"}],"curies":[{"name":"wp","href":"https:\/\/api.w.org\/{rel}","templated":true}]}}