{"id":13247,"date":"2024-08-14T11:18:10","date_gmt":"2024-08-14T11:18:10","guid":{"rendered":"https:\/\/blog.k10mobility.com\/une-plage-idealement-situee-decouvrez-sa-calobra\/"},"modified":"2026-01-22T11:40:04","modified_gmt":"2026-01-22T11:40:04","slug":"une-plage-idealement-situee-decouvrez-sa-calobra","status":"publish","type":"post","link":"https:\/\/blog.k10mobility.com\/fr\/une-plage-idealement-situee-decouvrez-sa-calobra\/","title":{"rendered":"Une plage \u00e0 l&#8217;emplacement unique : d\u00e9couvrez Sa Calobra"},"content":{"rendered":"<p>Sa Calobra, situ\u00e9e dans l&rsquo;impressionnante cha\u00eene de montagnes de la Serra de Tramuntana \u00e0 Majorque, est l&rsquo;une des <strong>destinations les plus captivantes de l&rsquo;\u00eele.<\/strong> Ces <strong>deux plages <\/strong>spectaculaires sont <strong>situ\u00e9es entre d&rsquo;imposantes falaises rocheuses et s\u00e9par\u00e9es par le Torrent de Pareis<\/strong>, une gorge impressionnante situ\u00e9e sur la c\u00f4te nord-ouest de l&rsquo;\u00eele. <strong>Bien que l&rsquo;acc\u00e8s \u00e0 Sa Calobra puisse \u00eatre difficile<\/strong>, son<strong> cadre naturel \u00e9poustouflant <\/strong>en fait l&rsquo;une des plages les plus visit\u00e9es, surtout en \u00e9t\u00e9. Si vous souhaitez <strong>en savoir plus sur Sa Calobra, nous<\/strong> vous en parlons dans cet article.  <\/p>\n<h2 id=\"von-toc-1\"><strong>Comment se rendre \u00e0 Sa Calobra<\/strong><\/h2>\n<h3 id=\"von-toc-2\"><strong>En voiture<\/strong><\/h3>\n<p><strong>La location d&rsquo;une voiture<\/strong> pendant votre s\u00e9jour sur l&rsquo;\u00eele <strong>vous permettra d&rsquo;acc\u00e9der \u00e0 des endroits comme Sa Calobra. <\/strong>Vous devez garder \u00e0 l&rsquo;esprit que <strong>la route d&rsquo;acc\u00e8s comporte de nombreux virages<\/strong>, c&rsquo;est une <strong>route compliqu\u00e9e <\/strong>qui peut repr\u00e9senter un d\u00e9fi pour les conducteurs.<\/p>\n<p><img fetchpriority=\"high\" decoding=\"async\" class=\"aligncenter wp-image-8856 size-full\" src=\"https:\/\/blog.k10mobility.com\/wp-content\/uploads\/2024\/08\/sa-calobra-mallorca-que-ver.webp\" alt=\"visitez sa calobra mallorca\" width=\"800\" height=\"450\" srcset=\"https:\/\/blog.k10mobility.com\/wp-content\/uploads\/2024\/08\/sa-calobra-mallorca-que-ver.webp 800w, https:\/\/blog.k10mobility.com\/wp-content\/uploads\/2024\/08\/sa-calobra-mallorca-que-ver-300x169.webp 300w, https:\/\/blog.k10mobility.com\/wp-content\/uploads\/2024\/08\/sa-calobra-mallorca-que-ver-768x432.webp 768w\" sizes=\"(max-width: 800px) 100vw, 800px\" \/><\/p>\n<h3 id=\"von-toc-3\"><strong>En bateau<\/strong><\/h3>\n<p>Une autre option pour <strong>atteindre Sa Calobra<\/strong> est de prendre l&rsquo;un des <strong>ferries qui partent du port de S\u00f3ller<\/strong> plusieurs fois par jour en juillet et en ao\u00fbt. <strong>Le voyage dure environ une heure<\/strong>. Si vous choisissez cette option, nous vous recommandons de r\u00e9server votre place. <\/p>\n<h2 id=\"von-toc-4\"><strong>Cala Sa Calobra et Torrent de Pareis<\/strong><\/h2>\n<p><strong>Sa Calobra est compos\u00e9e de deux plages<\/strong> abrit\u00e9es par d&rsquo;imposantes falaises rocheuses. Ces plages sont <strong>divis\u00e9es par le Torrent de Pareis<\/strong>, un impressionnant canyon qui s&rsquo;ouvre sur la mer. <strong>La premi\u00e8re est Cala Sa Calobra<\/strong>, une toute petite crique o\u00f9 vous trouverez un parking et un restaurant. <strong>La seconde est Torrent de Pareis<\/strong>, une plage plus grande que la pr\u00e9c\u00e9dente. Pour y acc\u00e9der, vous devrez <strong>emprunter<\/strong> <strong>un chemin qui s&rsquo;\u00e9tend sur un kilom\u00e8tre<\/strong>, ainsi qu&rsquo;un <strong>tunnel \u00e9troit<\/strong>, ce qui en fait l&rsquo;une des <strong>plages les plus isol\u00e9es et les plus uniques de l&rsquo;\u00eele.<\/strong>  <\/p>\n<p><strong>Bien que l&rsquo;acc\u00e8s \u00e0 Sa Calobra et au Torrent de Pareis soit compliqu\u00e9 <\/strong>en raison de son \u00e9loignement, <strong>son environnement spectaculaire et ses vues panoramiques en font l&rsquo;une des criques les plus populaires de l&rsquo;\u00eele<\/strong>, en particulier pendant l&rsquo;\u00e9t\u00e9.<\/p>\n<h2 id=\"von-toc-5\"><strong>Une plage pour les plus aventureux<\/strong><\/h2>\n<p><strong>Sa Calobra<\/strong> est plus qu&rsquo;une simple destination touristique, c&rsquo;<strong>est une exp\u00e9rience d&rsquo;immersion dans la nature majorquine<\/strong>. Les falaises, la mer et la s\u00e9r\u00e9nit\u00e9 de la plage font de cet endroit un lieu incontournable pour <strong>ceux qui cherchent \u00e0 se rapprocher de la nature \u00e0 l&rsquo;\u00e9tat pur.<\/strong><\/p>\n<p>Ce coin de l&rsquo;\u00eele, moins accessible que d&rsquo;autres, offre \u00e0 ceux qui s&rsquo;y aventurent une beaut\u00e9 sans pareille et une atmosph\u00e8re de paix difficile \u00e0 trouver ailleurs. Pour tout voyageur \u00e0 Majorque, Sa Calobra est une destination \u00e0 ne pas manquer dans son itin\u00e9raire. <\/p>\n<h2 id=\"von-toc-6\"><strong>Recommandations avant de se rendre \u00e0 Sa Calobra<\/strong><\/h2>\n<p>Pour que votre visite \u00e0 Sa Calobra soit parfaite, voici quelques conseils utiles :<\/p>\n<ul>\n<li><strong><strong>Horaires et saison : <\/strong>La meilleure p\u00e9riode de visite se situe entre mai et octobre, lorsque le temps est chaud et que l&rsquo;eau est \u00e0 sa temp\u00e9rature id\u00e9ale. En haute saison, la crique peut \u00eatre plus fr\u00e9quent\u00e9e, il est donc conseill\u00e9 d&rsquo;arriver t\u00f4t. <\/strong><\/li>\n<\/ul>\n<ul>\n<li><strong>S\u00e9curit\u00e9 et confort : <\/strong>n&rsquo;oubliez pas d&rsquo;apporter de la cr\u00e8me solaire, un chapeau et des lunettes de soleil, ainsi qu&rsquo;un parasol et des serviettes. N&rsquo;oubliez pas d&#8217;emporter de l&rsquo;eau et de la nourriture, surtout si vous pr\u00e9voyez de passer toute la journ\u00e9e sur la plage, car ces plages ne sont pas toujours desservies par des restaurants. <\/li>\n<\/ul>\n<ul>\n<li><strong>Respectez l&rsquo;environnement : <\/strong>Sa Calobra est un lieu naturel et pr\u00e9serv\u00e9, il est donc important de ne pas laisser de d\u00e9chets et de suivre les instructions des autorit\u00e9s locales pour garder la plage propre et bien entretenue.<\/li>\n<\/ul>\n<h3 id=\"von-toc-7\"><strong>Location de voiture Mallorca<\/strong><\/h3>\n<p>Sa Calobra est une <strong>destination incontournable \u00e0 Majorque<\/strong> pour ceux qui souhaitent <strong>profiter de la nature et d&rsquo;une atmosph\u00e8re paisible dans un environnement spectaculaire<\/strong>. <a href=\"https:\/\/blog.k10mobility.com\/?page_id=2694\">Louer une voiture \u00e0 Majorque<\/a> avec <strong>K10 Mobility<\/strong> vous permettra de <strong>d\u00e9couvrir toutes les plages et les criques isol\u00e9es \u00e0 votre rythme<\/strong> et de vivre une exp\u00e9rience unique sur l&rsquo;\u00eele. D\u00e9couvrez le paradis \u00e0 Sa Calobra !  <\/p>\n","protected":false},"excerpt":{"rendered":"<p>Sa Calobra, situ\u00e9e dans l&rsquo;impressionnante cha\u00eene de montagnes de la Serra de Tramuntana \u00e0 Majorque, est l&rsquo;une des destinations les plus captivantes de l&rsquo;\u00eele. Ces deux plages spectaculaires sont situ\u00e9es entre d&rsquo;imposantes falaises rocheuses et s\u00e9par\u00e9es par le Torrent de Pareis, une gorge impressionnante situ\u00e9e sur la c\u00f4te nord-ouest de l&rsquo;\u00eele. Bien que l&rsquo;acc\u00e8s \u00e0 &#8230; <a title=\"Une plage \u00e0 l&#8217;emplacement unique : d\u00e9couvrez Sa Calobra\" class=\"read-more\" href=\"https:\/\/blog.k10mobility.com\/fr\/une-plage-idealement-situee-decouvrez-sa-calobra\/\" aria-label=\"En savoir plus sur Une plage \u00e0 l&#8217;emplacement unique : d\u00e9couvrez Sa Calobra\">Lire la suite<\/a><\/p>\n","protected":false},"author":2,"featured_media":13249,"comment_status":"closed","ping_status":"closed","sticky":false,"template":"","format":"standard","meta":{"footnotes":""},"categories":[232],"tags":[],"class_list":["post-13247","post","type-post","status-publish","format-standard","has-post-thumbnail","hentry","category-mallorca"],"yoast_head":"<!-- This site is optimized with the Yoast SEO plugin v27.5 - https:\/\/yoast.com\/product\/yoast-seo-wordpress\/ -->\n<title>Une plage \u00e0 l&#039;emplacement unique : d\u00e9couvrez Sa Calobra - K10 Mobility<\/title>\n<meta name=\"description\" content=\"D\u00e9couvrez Sa Calobra dans la Serra de Tramuntana, une destination \u00e9tonnante avec des falaises et des plages uniques, parfaites pour les aventuriers.\" \/>\n<meta name=\"robots\" content=\"index, follow, max-snippet:-1, max-image-preview:large, max-video-preview:-1\" \/>\n<link rel=\"canonical\" href=\"https:\/\/blog.k10mobility.com\/fr\/une-plage-idealement-situee-decouvrez-sa-calobra\/\" \/>\n<meta property=\"og:locale\" content=\"fr_FR\" \/>\n<meta property=\"og:type\" content=\"article\" \/>\n<meta property=\"og:title\" content=\"Une plage \u00e0 l&#039;emplacement unique : d\u00e9couvrez Sa Calobra - K10 Mobility\" \/>\n<meta property=\"og:description\" content=\"D\u00e9couvrez Sa Calobra dans la Serra de Tramuntana, une destination \u00e9tonnante avec des falaises et des plages uniques, parfaites pour les aventuriers.\" \/>\n<meta property=\"og:url\" content=\"https:\/\/blog.k10mobility.com\/fr\/une-plage-idealement-situee-decouvrez-sa-calobra\/\" \/>\n<meta property=\"og:site_name\" content=\"K10 Mobility\" \/>\n<meta property=\"article:publisher\" content=\"https:\/\/www.facebook.com\/k10mobility\/\" \/>\n<meta property=\"article:published_time\" content=\"2024-08-14T11:18:10+00:00\" \/>\n<meta property=\"article:modified_time\" content=\"2026-01-22T11:40:04+00:00\" \/>\n<meta property=\"og:image\" content=\"https:\/\/blog.k10mobility.com\/wp-content\/uploads\/2024\/08\/playas-sa-calobra-mallorca.webp\" \/>\n\t<meta property=\"og:image:width\" content=\"800\" \/>\n\t<meta property=\"og:image:height\" content=\"450\" \/>\n\t<meta property=\"og:image:type\" content=\"image\/webp\" \/>\n<meta name=\"author\" content=\"Luis Ram\u00eds\" \/>\n<meta name=\"twitter:card\" content=\"summary_large_image\" \/>\n<meta name=\"twitter:label1\" content=\"\u00c9crit par\" \/>\n\t<meta name=\"twitter:data1\" content=\"Luis Ram\u00eds\" \/>\n\t<meta name=\"twitter:label2\" content=\"Dur\u00e9e de lecture estim\u00e9e\" \/>\n\t<meta name=\"twitter:data2\" content=\"3 minutes\" \/>\n<script type=\"application\/ld+json\" class=\"yoast-schema-graph\">{\"@context\":\"https:\\\/\\\/schema.org\",\"@graph\":[{\"@type\":\"Article\",\"@id\":\"https:\\\/\\\/blog.k10mobility.com\\\/fr\\\/une-plage-idealement-situee-decouvrez-sa-calobra\\\/#article\",\"isPartOf\":{\"@id\":\"https:\\\/\\\/blog.k10mobility.com\\\/fr\\\/une-plage-idealement-situee-decouvrez-sa-calobra\\\/\"},\"author\":{\"name\":\"Luis Ram\u00eds\",\"@id\":\"https:\\\/\\\/blog.k10mobility.com\\\/fr\\\/#\\\/schema\\\/person\\\/5f18469c790b92d83fdd98422e621da8\"},\"headline\":\"Une plage \u00e0 l&#8217;emplacement unique : d\u00e9couvrez Sa Calobra\",\"datePublished\":\"2024-08-14T11:18:10+00:00\",\"dateModified\":\"2026-01-22T11:40:04+00:00\",\"mainEntityOfPage\":{\"@id\":\"https:\\\/\\\/blog.k10mobility.com\\\/fr\\\/une-plage-idealement-situee-decouvrez-sa-calobra\\\/\"},\"wordCount\":726,\"publisher\":{\"@id\":\"https:\\\/\\\/blog.k10mobility.com\\\/fr\\\/#organization\"},\"image\":{\"@id\":\"https:\\\/\\\/blog.k10mobility.com\\\/fr\\\/une-plage-idealement-situee-decouvrez-sa-calobra\\\/#primaryimage\"},\"thumbnailUrl\":\"https:\\\/\\\/blog.k10mobility.com\\\/wp-content\\\/uploads\\\/2024\\\/08\\\/playas-sa-calobra-mallorca.webp\",\"articleSection\":[\"Majorque\"],\"inLanguage\":\"fr-FR\"},{\"@type\":\"WebPage\",\"@id\":\"https:\\\/\\\/blog.k10mobility.com\\\/fr\\\/une-plage-idealement-situee-decouvrez-sa-calobra\\\/\",\"url\":\"https:\\\/\\\/blog.k10mobility.com\\\/fr\\\/une-plage-idealement-situee-decouvrez-sa-calobra\\\/\",\"name\":\"Une plage \u00e0 l'emplacement unique : d\u00e9couvrez Sa Calobra - K10 Mobility\",\"isPartOf\":{\"@id\":\"https:\\\/\\\/blog.k10mobility.com\\\/fr\\\/#website\"},\"primaryImageOfPage\":{\"@id\":\"https:\\\/\\\/blog.k10mobility.com\\\/fr\\\/une-plage-idealement-situee-decouvrez-sa-calobra\\\/#primaryimage\"},\"image\":{\"@id\":\"https:\\\/\\\/blog.k10mobility.com\\\/fr\\\/une-plage-idealement-situee-decouvrez-sa-calobra\\\/#primaryimage\"},\"thumbnailUrl\":\"https:\\\/\\\/blog.k10mobility.com\\\/wp-content\\\/uploads\\\/2024\\\/08\\\/playas-sa-calobra-mallorca.webp\",\"datePublished\":\"2024-08-14T11:18:10+00:00\",\"dateModified\":\"2026-01-22T11:40:04+00:00\",\"description\":\"D\u00e9couvrez Sa Calobra dans la Serra de Tramuntana, une destination \u00e9tonnante avec des falaises et des plages uniques, parfaites pour les aventuriers.\",\"breadcrumb\":{\"@id\":\"https:\\\/\\\/blog.k10mobility.com\\\/fr\\\/une-plage-idealement-situee-decouvrez-sa-calobra\\\/#breadcrumb\"},\"inLanguage\":\"fr-FR\",\"potentialAction\":[{\"@type\":\"ReadAction\",\"target\":[\"https:\\\/\\\/blog.k10mobility.com\\\/fr\\\/une-plage-idealement-situee-decouvrez-sa-calobra\\\/\"]}]},{\"@type\":\"ImageObject\",\"inLanguage\":\"fr-FR\",\"@id\":\"https:\\\/\\\/blog.k10mobility.com\\\/fr\\\/une-plage-idealement-situee-decouvrez-sa-calobra\\\/#primaryimage\",\"url\":\"https:\\\/\\\/blog.k10mobility.com\\\/wp-content\\\/uploads\\\/2024\\\/08\\\/playas-sa-calobra-mallorca.webp\",\"contentUrl\":\"https:\\\/\\\/blog.k10mobility.com\\\/wp-content\\\/uploads\\\/2024\\\/08\\\/playas-sa-calobra-mallorca.webp\",\"width\":800,\"height\":450,\"caption\":\"ce qu'il faut voir \u00e0 sa calobra\"},{\"@type\":\"BreadcrumbList\",\"@id\":\"https:\\\/\\\/blog.k10mobility.com\\\/fr\\\/une-plage-idealement-situee-decouvrez-sa-calobra\\\/#breadcrumb\",\"itemListElement\":[{\"@type\":\"ListItem\",\"position\":1,\"name\":\"K10 Mobility\",\"item\":\"https:\\\/\\\/blog.k10mobility.com\\\/fr\\\/\"},{\"@type\":\"ListItem\",\"position\":2,\"name\":\"Une plage \u00e0 l&#8217;emplacement unique : d\u00e9couvrez Sa Calobra\"}]},{\"@type\":\"WebSite\",\"@id\":\"https:\\\/\\\/blog.k10mobility.com\\\/fr\\\/#website\",\"url\":\"https:\\\/\\\/blog.k10mobility.com\\\/fr\\\/\",\"name\":\"K10 Mobility\",\"description\":\"Rent a car en Ibiza y Mallorca\",\"publisher\":{\"@id\":\"https:\\\/\\\/blog.k10mobility.com\\\/fr\\\/#organization\"},\"alternateName\":\"K10 Rent a car\",\"potentialAction\":[{\"@type\":\"SearchAction\",\"target\":{\"@type\":\"EntryPoint\",\"urlTemplate\":\"https:\\\/\\\/blog.k10mobility.com\\\/fr\\\/?s={search_term_string}\"},\"query-input\":{\"@type\":\"PropertyValueSpecification\",\"valueRequired\":true,\"valueName\":\"search_term_string\"}}],\"inLanguage\":\"fr-FR\"},{\"@type\":\"Organization\",\"@id\":\"https:\\\/\\\/blog.k10mobility.com\\\/fr\\\/#organization\",\"name\":\"K10 Mobility\",\"alternateName\":\"K10 Mobility rent a car en Ibiza y Mallorca\",\"url\":\"https:\\\/\\\/blog.k10mobility.com\\\/fr\\\/\",\"logo\":{\"@type\":\"ImageObject\",\"inLanguage\":\"fr-FR\",\"@id\":\"https:\\\/\\\/blog.k10mobility.com\\\/fr\\\/#\\\/schema\\\/logo\\\/image\\\/\",\"url\":\"https:\\\/\\\/blog.k10mobility.com\\\/wp-content\\\/uploads\\\/2025\\\/11\\\/cropped-Logo-K10-color-apaisado.png\",\"contentUrl\":\"https:\\\/\\\/blog.k10mobility.com\\\/wp-content\\\/uploads\\\/2025\\\/11\\\/cropped-Logo-K10-color-apaisado.png\",\"width\":665,\"height\":105,\"caption\":\"K10 Mobility\"},\"image\":{\"@id\":\"https:\\\/\\\/blog.k10mobility.com\\\/fr\\\/#\\\/schema\\\/logo\\\/image\\\/\"},\"sameAs\":[\"https:\\\/\\\/www.facebook.com\\\/k10mobility\\\/\",\"https:\\\/\\\/www.instagram.com\\\/k10mobility\\\/\"]},{\"@type\":\"Person\",\"@id\":\"https:\\\/\\\/blog.k10mobility.com\\\/fr\\\/#\\\/schema\\\/person\\\/5f18469c790b92d83fdd98422e621da8\",\"name\":\"Luis Ram\u00eds\",\"image\":{\"@type\":\"ImageObject\",\"inLanguage\":\"fr-FR\",\"@id\":\"https:\\\/\\\/secure.gravatar.com\\\/avatar\\\/30162c41d6f584ef954ac19546d34176104f5a2b363cc65fe6c8b9dc6c1ed9ac?s=96&d=mm&r=g\",\"url\":\"https:\\\/\\\/secure.gravatar.com\\\/avatar\\\/30162c41d6f584ef954ac19546d34176104f5a2b363cc65fe6c8b9dc6c1ed9ac?s=96&d=mm&r=g\",\"contentUrl\":\"https:\\\/\\\/secure.gravatar.com\\\/avatar\\\/30162c41d6f584ef954ac19546d34176104f5a2b363cc65fe6c8b9dc6c1ed9ac?s=96&d=mm&r=g\",\"caption\":\"Luis Ram\u00eds\"},\"url\":\"https:\\\/\\\/blog.k10mobility.com\\\/fr\\\/author\\\/luisr4m1s_k10\\\/\"}]}<\/script>\n<!-- \/ Yoast SEO plugin. -->","yoast_head_json":{"title":"Une plage \u00e0 l'emplacement unique : d\u00e9couvrez Sa Calobra - K10 Mobility","description":"D\u00e9couvrez Sa Calobra dans la Serra de Tramuntana, une destination \u00e9tonnante avec des falaises et des plages uniques, parfaites pour les aventuriers.","robots":{"index":"index","follow":"follow","max-snippet":"max-snippet:-1","max-image-preview":"max-image-preview:large","max-video-preview":"max-video-preview:-1"},"canonical":"https:\/\/blog.k10mobility.com\/fr\/une-plage-idealement-situee-decouvrez-sa-calobra\/","og_locale":"fr_FR","og_type":"article","og_title":"Une plage \u00e0 l'emplacement unique : d\u00e9couvrez Sa Calobra - K10 Mobility","og_description":"D\u00e9couvrez Sa Calobra dans la Serra de Tramuntana, une destination \u00e9tonnante avec des falaises et des plages uniques, parfaites pour les aventuriers.","og_url":"https:\/\/blog.k10mobility.com\/fr\/une-plage-idealement-situee-decouvrez-sa-calobra\/","og_site_name":"K10 Mobility","article_publisher":"https:\/\/www.facebook.com\/k10mobility\/","article_published_time":"2024-08-14T11:18:10+00:00","article_modified_time":"2026-01-22T11:40:04+00:00","og_image":[{"width":800,"height":450,"url":"https:\/\/blog.k10mobility.com\/wp-content\/uploads\/2024\/08\/playas-sa-calobra-mallorca.webp","type":"image\/webp"}],"author":"Luis Ram\u00eds","twitter_card":"summary_large_image","twitter_misc":{"\u00c9crit par":"Luis Ram\u00eds","Dur\u00e9e de lecture estim\u00e9e":"3 minutes"},"schema":{"@context":"https:\/\/schema.org","@graph":[{"@type":"Article","@id":"https:\/\/blog.k10mobility.com\/fr\/une-plage-idealement-situee-decouvrez-sa-calobra\/#article","isPartOf":{"@id":"https:\/\/blog.k10mobility.com\/fr\/une-plage-idealement-situee-decouvrez-sa-calobra\/"},"author":{"name":"Luis Ram\u00eds","@id":"https:\/\/blog.k10mobility.com\/fr\/#\/schema\/person\/5f18469c790b92d83fdd98422e621da8"},"headline":"Une plage \u00e0 l&#8217;emplacement unique : d\u00e9couvrez Sa Calobra","datePublished":"2024-08-14T11:18:10+00:00","dateModified":"2026-01-22T11:40:04+00:00","mainEntityOfPage":{"@id":"https:\/\/blog.k10mobility.com\/fr\/une-plage-idealement-situee-decouvrez-sa-calobra\/"},"wordCount":726,"publisher":{"@id":"https:\/\/blog.k10mobility.com\/fr\/#organization"},"image":{"@id":"https:\/\/blog.k10mobility.com\/fr\/une-plage-idealement-situee-decouvrez-sa-calobra\/#primaryimage"},"thumbnailUrl":"https:\/\/blog.k10mobility.com\/wp-content\/uploads\/2024\/08\/playas-sa-calobra-mallorca.webp","articleSection":["Majorque"],"inLanguage":"fr-FR"},{"@type":"WebPage","@id":"https:\/\/blog.k10mobility.com\/fr\/une-plage-idealement-situee-decouvrez-sa-calobra\/","url":"https:\/\/blog.k10mobility.com\/fr\/une-plage-idealement-situee-decouvrez-sa-calobra\/","name":"Une plage \u00e0 l'emplacement unique : d\u00e9couvrez Sa Calobra - K10 Mobility","isPartOf":{"@id":"https:\/\/blog.k10mobility.com\/fr\/#website"},"primaryImageOfPage":{"@id":"https:\/\/blog.k10mobility.com\/fr\/une-plage-idealement-situee-decouvrez-sa-calobra\/#primaryimage"},"image":{"@id":"https:\/\/blog.k10mobility.com\/fr\/une-plage-idealement-situee-decouvrez-sa-calobra\/#primaryimage"},"thumbnailUrl":"https:\/\/blog.k10mobility.com\/wp-content\/uploads\/2024\/08\/playas-sa-calobra-mallorca.webp","datePublished":"2024-08-14T11:18:10+00:00","dateModified":"2026-01-22T11:40:04+00:00","description":"D\u00e9couvrez Sa Calobra dans la Serra de Tramuntana, une destination \u00e9tonnante avec des falaises et des plages uniques, parfaites pour les aventuriers.","breadcrumb":{"@id":"https:\/\/blog.k10mobility.com\/fr\/une-plage-idealement-situee-decouvrez-sa-calobra\/#breadcrumb"},"inLanguage":"fr-FR","potentialAction":[{"@type":"ReadAction","target":["https:\/\/blog.k10mobility.com\/fr\/une-plage-idealement-situee-decouvrez-sa-calobra\/"]}]},{"@type":"ImageObject","inLanguage":"fr-FR","@id":"https:\/\/blog.k10mobility.com\/fr\/une-plage-idealement-situee-decouvrez-sa-calobra\/#primaryimage","url":"https:\/\/blog.k10mobility.com\/wp-content\/uploads\/2024\/08\/playas-sa-calobra-mallorca.webp","contentUrl":"https:\/\/blog.k10mobility.com\/wp-content\/uploads\/2024\/08\/playas-sa-calobra-mallorca.webp","width":800,"height":450,"caption":"ce qu'il faut voir \u00e0 sa calobra"},{"@type":"BreadcrumbList","@id":"https:\/\/blog.k10mobility.com\/fr\/une-plage-idealement-situee-decouvrez-sa-calobra\/#breadcrumb","itemListElement":[{"@type":"ListItem","position":1,"name":"K10 Mobility","item":"https:\/\/blog.k10mobility.com\/fr\/"},{"@type":"ListItem","position":2,"name":"Une plage \u00e0 l&#8217;emplacement unique : d\u00e9couvrez Sa Calobra"}]},{"@type":"WebSite","@id":"https:\/\/blog.k10mobility.com\/fr\/#website","url":"https:\/\/blog.k10mobility.com\/fr\/","name":"K10 Mobility","description":"Rent a car en Ibiza y Mallorca","publisher":{"@id":"https:\/\/blog.k10mobility.com\/fr\/#organization"},"alternateName":"K10 Rent a car","potentialAction":[{"@type":"SearchAction","target":{"@type":"EntryPoint","urlTemplate":"https:\/\/blog.k10mobility.com\/fr\/?s={search_term_string}"},"query-input":{"@type":"PropertyValueSpecification","valueRequired":true,"valueName":"search_term_string"}}],"inLanguage":"fr-FR"},{"@type":"Organization","@id":"https:\/\/blog.k10mobility.com\/fr\/#organization","name":"K10 Mobility","alternateName":"K10 Mobility rent a car en Ibiza y Mallorca","url":"https:\/\/blog.k10mobility.com\/fr\/","logo":{"@type":"ImageObject","inLanguage":"fr-FR","@id":"https:\/\/blog.k10mobility.com\/fr\/#\/schema\/logo\/image\/","url":"https:\/\/blog.k10mobility.com\/wp-content\/uploads\/2025\/11\/cropped-Logo-K10-color-apaisado.png","contentUrl":"https:\/\/blog.k10mobility.com\/wp-content\/uploads\/2025\/11\/cropped-Logo-K10-color-apaisado.png","width":665,"height":105,"caption":"K10 Mobility"},"image":{"@id":"https:\/\/blog.k10mobility.com\/fr\/#\/schema\/logo\/image\/"},"sameAs":["https:\/\/www.facebook.com\/k10mobility\/","https:\/\/www.instagram.com\/k10mobility\/"]},{"@type":"Person","@id":"https:\/\/blog.k10mobility.com\/fr\/#\/schema\/person\/5f18469c790b92d83fdd98422e621da8","name":"Luis Ram\u00eds","image":{"@type":"ImageObject","inLanguage":"fr-FR","@id":"https:\/\/secure.gravatar.com\/avatar\/30162c41d6f584ef954ac19546d34176104f5a2b363cc65fe6c8b9dc6c1ed9ac?s=96&d=mm&r=g","url":"https:\/\/secure.gravatar.com\/avatar\/30162c41d6f584ef954ac19546d34176104f5a2b363cc65fe6c8b9dc6c1ed9ac?s=96&d=mm&r=g","contentUrl":"https:\/\/secure.gravatar.com\/avatar\/30162c41d6f584ef954ac19546d34176104f5a2b363cc65fe6c8b9dc6c1ed9ac?s=96&d=mm&r=g","caption":"Luis Ram\u00eds"},"url":"https:\/\/blog.k10mobility.com\/fr\/author\/luisr4m1s_k10\/"}]}},"_links":{"self":[{"href":"https:\/\/blog.k10mobility.com\/fr\/wp-json\/wp\/v2\/posts\/13247","targetHints":{"allow":["GET"]}}],"collection":[{"href":"https:\/\/blog.k10mobility.com\/fr\/wp-json\/wp\/v2\/posts"}],"about":[{"href":"https:\/\/blog.k10mobility.com\/fr\/wp-json\/wp\/v2\/types\/post"}],"author":[{"embeddable":true,"href":"https:\/\/blog.k10mobility.com\/fr\/wp-json\/wp\/v2\/users\/2"}],"replies":[{"embeddable":true,"href":"https:\/\/blog.k10mobility.com\/fr\/wp-json\/wp\/v2\/comments?post=13247"}],"version-history":[{"count":2,"href":"https:\/\/blog.k10mobility.com\/fr\/wp-json\/wp\/v2\/posts\/13247\/revisions"}],"predecessor-version":[{"id":14064,"href":"https:\/\/blog.k10mobility.com\/fr\/wp-json\/wp\/v2\/posts\/13247\/revisions\/14064"}],"wp:featuredmedia":[{"embeddable":true,"href":"https:\/\/blog.k10mobility.com\/fr\/wp-json\/wp\/v2\/media\/13249"}],"wp:attachment":[{"href":"https:\/\/blog.k10mobility.com\/fr\/wp-json\/wp\/v2\/media?parent=13247"}],"wp:term":[{"taxonomy":"category","embeddable":true,"href":"https:\/\/blog.k10mobility.com\/fr\/wp-json\/wp\/v2\/categories?post=13247"},{"taxonomy":"post_tag","embeddable":true,"href":"https:\/\/blog.k10mobility.com\/fr\/wp-json\/wp\/v2\/tags?post=13247"}],"curies":[{"name":"wp","href":"https:\/\/api.w.org\/{rel}","templated":true}]}}