{"id":13307,"date":"2023-01-02T10:53:51","date_gmt":"2023-01-02T10:53:51","guid":{"rendered":"https:\/\/blog.k10mobility.com\/decouvrez-les-meilleures-activites-a-faire-a-palma-de-majorque-pendant-lhiver\/"},"modified":"2026-01-22T11:41:16","modified_gmt":"2026-01-22T11:41:16","slug":"decouvrez-les-meilleures-activites-a-faire-a-palma-de-majorque-pendant-lhiver","status":"publish","type":"post","link":"https:\/\/blog.k10mobility.com\/fr\/decouvrez-les-meilleures-activites-a-faire-a-palma-de-majorque-pendant-lhiver\/","title":{"rendered":"D\u00e9couvrez les meilleures activit\u00e9s d&rsquo;hiver \u00e0 Palma de Majorque"},"content":{"rendered":"\n<h2 class=\"wp-block-heading\" id=\"von-toc-1\">Que faire \u00e0 Palma de Majorque en hiver ?<\/h2>\n\n<p>Si vous cherchez des activit\u00e9s passionnantes \u00e0 faire \u00e0 Palma de Majorque pendant l&rsquo;hiver, jetez un coup d&rsquo;\u0153il \u00e0 ce qui suit ! <strong>La ville offre une multitude d&rsquo;options<\/strong>, de la visite de monuments historiques tels que le ch\u00e2teau de Bellver \u00e0 la d\u00e9gustation de d\u00e9licieux plats et \u00e0 l&rsquo;atmosph\u00e8re anim\u00e9e de la vieille ville, en passant par les <strong>nombreux<\/strong> magasins et restaurants \u00e0 d\u00e9couvrir. Il y a \u00e9galement une multitude de boutiques et de restaurants \u00e0 d\u00e9couvrir. Venez profiter de tout ce que Palma de Majorque a \u00e0 offrir en hiver !   <\/p>\n\n<p>Outre la visite du ch\u00e2teau de Bellver et de la vieille ville, Palma de Majorque offre une <strong>multitude d&rsquo;activit\u00e9s passionnantes en hiver<\/strong>. Voici quelques options \u00e0 envisager : <\/p>\n\n<ul class=\"wp-block-list\">\n<li>Visitez l&rsquo;impressionnante <strong>cath\u00e9drale de Palma<\/strong>, connue sous le nom de <strong>La Seu<\/strong>, qui est l&rsquo;un des \u00e9difices gothiques les plus impressionnants d&rsquo;Europe.<\/li>\n\n\n\n<li>D\u00eenez dans l&rsquo;un des nombreux <strong>restaurants de<\/strong> la ville, qui proposent une grande vari\u00e9t\u00e9 de plats locaux et internationaux.<\/li>\n\n\n\n<li>Faites un tour \u00e0 <strong>la plage de Palma<\/strong>, qui offre une atmosph\u00e8re d\u00e9tendue et de belles vues sur la mer.<\/li>\n\n\n\n<li>Explorez le <strong>mus\u00e9e de Majorque<\/strong>, qui poss\u00e8de une vaste collection d&rsquo;art et d&rsquo;objets historiques de l&rsquo;\u00eele.<\/li>\n\n\n\n<li>Visitez la <strong>Fondation Pilar et Joan Mir\u00f3<\/strong>, qui abrite une impressionnante collection d&rsquo;\u0153uvres du c\u00e9l\u00e8bre artiste majorquin.<\/li>\n\n\n\n<li>Promenez-vous dans les <strong>jardins botaniques<\/strong>, qui offrent une grande vari\u00e9t\u00e9 de plantes et de fleurs exotiques.<\/li>\n<\/ul>\n\n<p>Ne vous arr\u00eatez pas l\u00e0, il y a d&rsquo;autres choses \u00e0 voir et \u00e0 faire \u00e0 Majorque en hiver, continuez \u00e0 lire.<\/p>\n\n<h3 class=\"wp-block-heading\" id=\"von-toc-2\">Cath\u00e9drale de Palma, La Seu<\/h3>\n<div class=\"wp-block-image\">\n<figure class=\"aligncenter size-full\"><img fetchpriority=\"high\" decoding=\"async\" width=\"800\" height=\"450\" src=\"https:\/\/blog.k10mobility.com\/wp-content\/uploads\/2022\/12\/catedral-de-palma-de-mallorca-en-invierno.jpg\" alt=\"visite de la cath&#xE9;drale de palma de mallorca en hiver\" class=\"wp-image-5134\" srcset=\"https:\/\/blog.k10mobility.com\/wp-content\/uploads\/2022\/12\/catedral-de-palma-de-mallorca-en-invierno.jpg 800w, https:\/\/blog.k10mobility.com\/wp-content\/uploads\/2022\/12\/catedral-de-palma-de-mallorca-en-invierno-300x169.jpg 300w, https:\/\/blog.k10mobility.com\/wp-content\/uploads\/2022\/12\/catedral-de-palma-de-mallorca-en-invierno-768x432.jpg 768w\" sizes=\"(max-width: 800px) 100vw, 800px\" \/><\/figure>\n<\/div>\n<div style=\"height:40px\" aria-hidden=\"true\" class=\"wp-block-spacer\"><\/div>\n\n<p>La cath\u00e9drale de Palma (Basilique de Santa Maria), \u00e9galement connue sous le nom de La Seu, est un <strong>impressionnant \u00e9difice gothique<\/strong> situ\u00e9 dans la ville de Palma de Majorque, face \u00e0 la mer. La cath\u00e9drale a \u00e9t\u00e9 construite au XIIIe si\u00e8cle et a \u00e9t\u00e9 soigneusement restaur\u00e9e au fil des ans pour conserver sa beaut\u00e9 d&rsquo;origine. La cath\u00e9drale pr\u00e9sente une imposante fa\u00e7ade en pierre et une tour haute et \u00e9lanc\u00e9e qui s&rsquo;\u00e9l\u00e8ve vers le ciel.  <\/p>\n\n<p>L&rsquo;int\u00e9rieur de la cath\u00e9drale est \u00e9galement impressionnant, avec de magnifiques vitraux et un grand d\u00f4me en bois sculpt\u00e9. La cath\u00e9drale de Palma est l&rsquo;un des \u00e9difices gothiques les plus impressionnants d&rsquo;Europe et une visite incontournable \u00e0 Palma de Majorque pendant la saison hivernale. <\/p>\n\n<h3 class=\"wp-block-heading\" id=\"von-toc-3\">Mus\u00e9e de Majorque<\/h3>\n<div class=\"wp-block-image\">\n<figure class=\"aligncenter size-full is-resized\"><img decoding=\"async\" src=\"https:\/\/blog.k10mobility.com\/wp-content\/uploads\/2022\/12\/visitar-museo-de-mallorca-invierno.jpg\" alt=\"voir le mus&#xE9;e de mallorque en hiver\" class=\"wp-image-5122\" width=\"750\" height=\"422\" srcset=\"https:\/\/blog.k10mobility.com\/wp-content\/uploads\/2022\/12\/visitar-museo-de-mallorca-invierno.jpg 1000w, https:\/\/blog.k10mobility.com\/wp-content\/uploads\/2022\/12\/visitar-museo-de-mallorca-invierno-300x169.jpg 300w, https:\/\/blog.k10mobility.com\/wp-content\/uploads\/2022\/12\/visitar-museo-de-mallorca-invierno-768x432.jpg 768w\" sizes=\"(max-width: 750px) 100vw, 750px\" \/><\/figure>\n<\/div>\n<div style=\"height:40px\" aria-hidden=\"true\" class=\"wp-block-spacer\"><\/div>\n\n<p>Il abrite une vaste <strong>collection d&rsquo;art et d&rsquo;objets historiques de l&rsquo;\u00eele<\/strong> et est situ\u00e9 dans le palais des comtes d&rsquo;Ayamans. Le mus\u00e9e comprend plusieurs salles qui pr\u00e9sentent diff\u00e9rents aspects de l&rsquo;histoire et de la culture de Majorque. Une salle est consacr\u00e9e \u00e0 l&rsquo;histoire ancienne de l&rsquo;\u00eele, avec des objets arch\u00e9ologiques datant des p\u00e9riodes romaine et islamique.  <\/p>\n\n<p>Une salle est \u00e9galement consacr\u00e9e \u00e0 l&rsquo;<strong>art contemporain de Majorque<\/strong>, avec des \u0153uvres d&rsquo;artistes locaux et nationaux. Le mus\u00e9e dispose en outre d&rsquo;une belle terrasse offrant une vue panoramique sur la ville. Le mus\u00e9e de Majorque est un lieu fascinant pour d\u00e9couvrir la richesse de l&rsquo;histoire et de la culture de Majorque.  <\/p>\n\n<h3 class=\"wp-block-heading\" id=\"von-toc-4\">Fondation Pilar et Joan Mir\u00f3<\/h3>\n<div class=\"wp-block-image\">\n<figure class=\"aligncenter size-full\"><img decoding=\"async\" width=\"1000\" height=\"562\" src=\"https:\/\/blog.k10mobility.com\/wp-content\/uploads\/2022\/12\/visitar-fundacion-pilar-y-joan-miro-mallorca-invierno.jpg\" alt=\"voir la fondation pilar et joan miro &#xE0; mallorque\" class=\"wp-image-5123\" srcset=\"https:\/\/blog.k10mobility.com\/wp-content\/uploads\/2022\/12\/visitar-fundacion-pilar-y-joan-miro-mallorca-invierno.jpg 1000w, https:\/\/blog.k10mobility.com\/wp-content\/uploads\/2022\/12\/visitar-fundacion-pilar-y-joan-miro-mallorca-invierno-300x169.jpg 300w, https:\/\/blog.k10mobility.com\/wp-content\/uploads\/2022\/12\/visitar-fundacion-pilar-y-joan-miro-mallorca-invierno-768x432.jpg 768w\" sizes=\"(max-width: 1000px) 100vw, 1000px\" \/><\/figure>\n<\/div>\n<div style=\"height:40px\" aria-hidden=\"true\" class=\"wp-block-spacer\"><\/div>\n\n<p>La Fondation Pilar et Joan Mir\u00f3 poss\u00e8de <strong>une impressionnante collection d&rsquo;\u0153uvres<\/strong> d&rsquo;<strong>art<\/strong> du c\u00e9l\u00e8bre artiste majorquin Joan Mir\u00f3. La fondation est install\u00e9e dans un magnifique b\u00e2timent Art nouveau con\u00e7u par Mir\u00f3 en collaboration avec son ami et architecte Josep Llu\u00eds Sert. <\/p>\n\n<p>Le <strong>b\u00e2timent<\/strong> dispose d&rsquo;un grand nombre d&rsquo;espaces d&rsquo;exposition pr\u00e9sentant les \u0153uvres de Mir\u00f3, qu&rsquo;il s&rsquo;agisse de <strong>peintures, de sculptures, de gravures ou de dessins.<\/strong> La fondation dispose \u00e9galement d&rsquo;une belle terrasse offrant une vue panoramique sur la ville. La Fondation Pilar et Joan Mir\u00f3 est un lieu fascinant pour les amateurs d&rsquo;art et un passage oblig\u00e9 pour tous ceux qui souhaitent conna\u00eetre l&rsquo;\u0153uvre de Mir\u00f3.  <\/p>\n\n<h3 class=\"wp-block-heading\" id=\"von-toc-5\">Jardin de La Misericordia \u00e0 Palma de Majorque<\/h3>\n<div class=\"wp-block-image\">\n<figure class=\"aligncenter size-full is-resized\"><img loading=\"lazy\" decoding=\"async\" src=\"https:\/\/blog.k10mobility.com\/wp-content\/uploads\/2022\/12\/jardin-de-la-misericordia-mallorca-visitar-invierno.jpg\" alt=\"jardins &#xE0; mallorque en hiver\" class=\"wp-image-5125\" width=\"800\" height=\"450\" srcset=\"https:\/\/blog.k10mobility.com\/wp-content\/uploads\/2022\/12\/jardin-de-la-misericordia-mallorca-visitar-invierno.jpg 800w, https:\/\/blog.k10mobility.com\/wp-content\/uploads\/2022\/12\/jardin-de-la-misericordia-mallorca-visitar-invierno-300x169.jpg 300w, https:\/\/blog.k10mobility.com\/wp-content\/uploads\/2022\/12\/jardin-de-la-misericordia-mallorca-visitar-invierno-768x432.jpg 768w\" sizes=\"(max-width: 800px) 100vw, 800px\" \/><\/figure>\n<\/div>\n<div style=\"height:40px\" aria-hidden=\"true\" class=\"wp-block-spacer\"><\/div>\n\n<p>Le Jard\u00edn de la Misericordia est un <strong>espace vert et paisible<\/strong> situ\u00e9 dans le centre de Palma de Majorque. Il s&rsquo;agit d&rsquo;un <strong>jardin historique<\/strong> construit au XVe si\u00e8cle et qui a \u00e9t\u00e9 restaur\u00e9 et entretenu au fil des ans. Autrefois, ce jardin abritait le jardin botanique de Palma, cr\u00e9\u00e9 par le <strong>capitaine g\u00e9n\u00e9ral Josep Maria d&rsquo;Al\u00f3s i Mora<\/strong> en 1827 pour promouvoir les \u00e9tudes botaniques et fournir des plantes m\u00e9dicinales \u00e0 la pharmacie de l&rsquo;h\u00f4pital g\u00e9n\u00e9ral de Majorque.  <\/p>\n\n<p>Le Jard\u00edn de la Misericordia est un endroit id\u00e9al pour se d\u00e9tendre et profiter de la nature. Il pr\u00e9sente une grande vari\u00e9t\u00e9 d&rsquo;arbres et de plantes, ainsi qu&rsquo;un petit \u00e9tang avec des canards et des cygnes. En outre, le jardin poss\u00e8de une petite fontaine et plusieurs <strong>sculptures d&rsquo;artistes locaux<\/strong> qui ajoutent au charme de l&rsquo;endroit.  <\/p>\n\n<p>Le Jard\u00edn de la Misericordia est un lieu tr\u00e8s <strong>populaire parmi les habitants de Palma<\/strong> et constitue un point de rencontre pour les couples, les amis et les familles. C&rsquo;est \u00e9galement un lieu id\u00e9al pour les promenades avec les chiens, car il dispose d&rsquo;un espace qui leur est r\u00e9serv\u00e9. <\/p>\n\n<p>Si vous visitez Palma de Majorque, n&rsquo;h\u00e9sitez pas \u00e0 visiter le jardin de la Mis\u00e9ricorde. C&rsquo;est un endroit paisible et magnifique qui vous permettra de vous d\u00e9connecter de la ville et de profiter de la nature &#8211; vous ne le regretterez pas !  <\/p>\n\n<h3 class=\"wp-block-heading\" id=\"von-toc-6\">Louez une voiture \u00e0 Palma et parcourez le cap de Formentor.<\/h3>\n\n<figure class=\"wp-block-image size-full\"><img loading=\"lazy\" decoding=\"async\" width=\"800\" height=\"450\" src=\"https:\/\/blog.k10mobility.com\/wp-content\/uploads\/2022\/12\/cabo-formentor-que-ver-mallorca-invierno.jpg\" alt=\"voir cap formeror en hiver\" class=\"wp-image-5129\" srcset=\"https:\/\/blog.k10mobility.com\/wp-content\/uploads\/2022\/12\/cabo-formentor-que-ver-mallorca-invierno.jpg 800w, https:\/\/blog.k10mobility.com\/wp-content\/uploads\/2022\/12\/cabo-formentor-que-ver-mallorca-invierno-300x169.jpg 300w, https:\/\/blog.k10mobility.com\/wp-content\/uploads\/2022\/12\/cabo-formentor-que-ver-mallorca-invierno-768x432.jpg 768w\" sizes=\"(max-width: 800px) 100vw, 800px\" \/><\/figure>\n\n<div style=\"height:40px\" aria-hidden=\"true\" class=\"wp-block-spacer\"><\/div>\n\n<p>\ud83d\udccd <a href=\"https:\/\/goo.gl\/maps\/VvGdwtQGSYQwZaQc7\" target=\"_blank\" rel=\"noreferrer noopener\">D\u00e9couvrez comment vous rendre \u00e0 Cabo de Formentor<\/a><\/p>\n\n<p><a href=\"https:\/\/blog.k10mobility.com\/?page_id=2694\">Louer une voiture \u00e0 Palma de Majorque<\/a> est un excellent moyen d&rsquo;<strong>explorer l&rsquo;\u00eele \u00e0 votre rythme<\/strong>. Depuis Palma, vous pouvez emprunter une <strong>route panoramique<\/strong> qui vous m\u00e8nera au Cabo de Formentor, un endroit superbe offrant des vues spectaculaires sur la mer et le littoral. <\/p>\n\n<p>La route qui m\u00e8ne au cap est sinueuse et escarp\u00e9e, mais <strong>le paysage \u00e0 l&rsquo;arriv\u00e9e est \u00e0 couper le souffle<\/strong>. Une fois arriv\u00e9 au cap, vous pourrez profiter des <strong>vues<\/strong> imprenables <strong>sur la mer et la c\u00f4te depuis l&rsquo;un des points de vue<\/strong> ou vous promener dans le petit village de Formentor. <\/p>\n\n<p>Louer une voiture \u00e0 Palma de Majorque vous donne la libert\u00e9 d&rsquo;explorer le Cap Formentor et d&rsquo;autres sites touristiques de l&rsquo;\u00eele \u00e0 votre propre rythme.<\/p>\n\n<h3 class=\"wp-block-heading\" id=\"von-toc-7\">D\u00e9jeuner ou d\u00eener \u00e0 Palma de Majorque<\/h3>\n<div class=\"wp-block-image\">\n<figure class=\"aligncenter size-full\"><img loading=\"lazy\" decoding=\"async\" width=\"800\" height=\"450\" src=\"https:\/\/blog.k10mobility.com\/wp-content\/uploads\/2022\/12\/ensaimada-mallorquina-visitar-mallorca-invierno.jpg\" alt=\"visiter mallorque en hiver gastronomie\" class=\"wp-image-5130\" srcset=\"https:\/\/blog.k10mobility.com\/wp-content\/uploads\/2022\/12\/ensaimada-mallorquina-visitar-mallorca-invierno.jpg 800w, https:\/\/blog.k10mobility.com\/wp-content\/uploads\/2022\/12\/ensaimada-mallorquina-visitar-mallorca-invierno-300x169.jpg 300w, https:\/\/blog.k10mobility.com\/wp-content\/uploads\/2022\/12\/ensaimada-mallorquina-visitar-mallorca-invierno-768x432.jpg 768w\" sizes=\"(max-width: 800px) 100vw, 800px\" \/><\/figure>\n<\/div>\n<div style=\"height:40px\" aria-hidden=\"true\" class=\"wp-block-spacer\"><\/div>\n\n<p>Majorque est une \u00eele m\u00e9diterran\u00e9enne \u00e0 la <strong>gastronomie riche et vari\u00e9e<\/strong>. Si vous visitez Majorque, vous ne pourrez pas manquer certains de ses plats les plus embl\u00e9matiques, comme l&rsquo;<strong>ensaimada<\/strong>, un g\u00e2teau \u00e0 base de p\u00e2te de farine, ferment\u00e9e et cuite avec de l&rsquo;\u0153uf, du saindoux et du sucre glace, ou le <strong>tumbet<\/strong>, un plat typique de l\u00e9gumes r\u00f4tis. Il est \u00e9galement indispensable de go\u00fbter les charcuteries et les <strong>fromages<\/strong> au lait de ch\u00e8vre rouge de Majorque, qui constituent un v\u00e9ritable d\u00e9lice.  <\/p>\n\n<p>Pour profiter de la gastronomie majorquine, rien de tel que de s&rsquo;asseoir \u00e0 une table et de d\u00e9guster les plats en compagnie. L&rsquo;\u00eele dispose d&rsquo;une <strong>grande vari\u00e9t\u00e9 de restaurants<\/strong>, des \u00e9tablissements traditionnels aux plus modernes, qui proposent tout, des plats traditionnels \u00e0 la cuisine internationale. Si vous pr\u00e9f\u00e9rez pr\u00e9parer vous-m\u00eame vos repas, n&rsquo;h\u00e9sitez pas \u00e0 vous rendre sur l&rsquo;un des march\u00e9s de l&rsquo;\u00eele, o\u00f9 vous trouverez un large choix de produits frais et de qualit\u00e9.  <\/p>\n\n<p>Une autre fa\u00e7on d&rsquo;appr\u00e9cier la gastronomie majorquine est de go\u00fbter \u00e0 ses vins. L&rsquo;\u00eele a une <strong>longue tradition viticole<\/strong> et produit des vins de grande qualit\u00e9, des blancs aux rouges en passant par les ros\u00e9s. Ne manquez pas de go\u00fbter aux vins majorquins lors de votre visite de l&rsquo;\u00eele.  <\/p>\n\n<p>En r\u00e9sum\u00e9, la gastronomie majorquine est un d\u00e9lice \u00e0 ne pas manquer lors de votre visite sur l&rsquo;\u00eele, alors profitez-en pour d\u00e9guster ses plats typiques et ses vins de qualit\u00e9 ! <\/p>\n","protected":false},"excerpt":{"rendered":"<p>Que faire \u00e0 Palma de Majorque en hiver ? Si vous cherchez des activit\u00e9s passionnantes \u00e0 faire \u00e0 Palma de Majorque pendant l&rsquo;hiver, jetez un coup d&rsquo;\u0153il \u00e0 ce qui suit ! La ville offre une multitude d&rsquo;options, de la visite de monuments historiques tels que le ch\u00e2teau de Bellver \u00e0 la d\u00e9gustation de d\u00e9licieux &#8230; <a title=\"D\u00e9couvrez les meilleures activit\u00e9s d&rsquo;hiver \u00e0 Palma de Majorque\" class=\"read-more\" href=\"https:\/\/blog.k10mobility.com\/fr\/decouvrez-les-meilleures-activites-a-faire-a-palma-de-majorque-pendant-lhiver\/\" aria-label=\"En savoir plus sur D\u00e9couvrez les meilleures activit\u00e9s d&rsquo;hiver \u00e0 Palma de Majorque\">Lire la suite<\/a><\/p>\n","protected":false},"author":1,"featured_media":13309,"comment_status":"closed","ping_status":"closed","sticky":false,"template":"","format":"standard","meta":{"footnotes":""},"categories":[232],"tags":[],"class_list":["post-13307","post","type-post","status-publish","format-standard","has-post-thumbnail","hentry","category-mallorca"],"yoast_head":"<!-- This site is optimized with the Yoast SEO plugin v27.4 - https:\/\/yoast.com\/product\/yoast-seo-wordpress\/ -->\n<title>Que faire \u00e0 Palma de Majorque en hiver -% K10 Mobility% \u00ae<\/title>\n<meta name=\"description\" content=\"Que faire \u00e0 Palma de Majorque pendant l&#039;hiver, des monuments et des itin\u00e9raires historiques \u00e0 la d\u00e9licieuse cuisine locale, venez et profitez !\" \/>\n<meta name=\"robots\" content=\"index, follow, max-snippet:-1, max-image-preview:large, max-video-preview:-1\" \/>\n<link rel=\"canonical\" href=\"https:\/\/blog.k10mobility.com\/fr\/decouvrez-les-meilleures-activites-a-faire-a-palma-de-majorque-pendant-lhiver\/\" \/>\n<meta property=\"og:locale\" content=\"fr_FR\" \/>\n<meta property=\"og:type\" content=\"article\" \/>\n<meta property=\"og:title\" content=\"Que faire \u00e0 Palma de Majorque en hiver -% K10 Mobility% \u00ae\" \/>\n<meta property=\"og:description\" content=\"Que faire \u00e0 Palma de Majorque pendant l&#039;hiver, des monuments et des itin\u00e9raires historiques \u00e0 la d\u00e9licieuse cuisine locale, venez et profitez !\" \/>\n<meta property=\"og:url\" content=\"https:\/\/blog.k10mobility.com\/fr\/decouvrez-les-meilleures-activites-a-faire-a-palma-de-majorque-pendant-lhiver\/\" \/>\n<meta property=\"og:site_name\" content=\"K10 Mobility\" \/>\n<meta property=\"article:publisher\" content=\"https:\/\/www.facebook.com\/k10mobility\/\" \/>\n<meta property=\"article:published_time\" content=\"2023-01-02T10:53:51+00:00\" \/>\n<meta property=\"article:modified_time\" content=\"2026-01-22T11:41:16+00:00\" \/>\n<meta property=\"og:image\" content=\"https:\/\/blog.k10mobility.com\/wp-content\/uploads\/2022\/12\/que-ver-hacer-mallorca-invierno.jpg\" \/>\n\t<meta property=\"og:image:width\" content=\"1000\" \/>\n\t<meta property=\"og:image:height\" content=\"562\" \/>\n\t<meta property=\"og:image:type\" content=\"image\/jpeg\" \/>\n<meta name=\"author\" content=\"K10\" \/>\n<meta name=\"twitter:card\" content=\"summary_large_image\" \/>\n<meta name=\"twitter:label1\" content=\"\u00c9crit par\" \/>\n\t<meta name=\"twitter:data1\" content=\"K10\" \/>\n\t<meta name=\"twitter:label2\" content=\"Dur\u00e9e de lecture estim\u00e9e\" \/>\n\t<meta name=\"twitter:data2\" content=\"7 minutes\" \/>\n<script type=\"application\/ld+json\" class=\"yoast-schema-graph\">{\"@context\":\"https:\\\/\\\/schema.org\",\"@graph\":[{\"@type\":\"Article\",\"@id\":\"https:\\\/\\\/blog.k10mobility.com\\\/fr\\\/decouvrez-les-meilleures-activites-a-faire-a-palma-de-majorque-pendant-lhiver\\\/#article\",\"isPartOf\":{\"@id\":\"https:\\\/\\\/blog.k10mobility.com\\\/fr\\\/decouvrez-les-meilleures-activites-a-faire-a-palma-de-majorque-pendant-lhiver\\\/\"},\"author\":{\"name\":\"K10\",\"@id\":\"https:\\\/\\\/blog.k10mobility.com\\\/fr\\\/#\\\/schema\\\/person\\\/f31e5cd36f44f986645396161453818b\"},\"headline\":\"D\u00e9couvrez les meilleures activit\u00e9s d&rsquo;hiver \u00e0 Palma de Majorque\",\"datePublished\":\"2023-01-02T10:53:51+00:00\",\"dateModified\":\"2026-01-22T11:41:16+00:00\",\"mainEntityOfPage\":{\"@id\":\"https:\\\/\\\/blog.k10mobility.com\\\/fr\\\/decouvrez-les-meilleures-activites-a-faire-a-palma-de-majorque-pendant-lhiver\\\/\"},\"wordCount\":1374,\"publisher\":{\"@id\":\"https:\\\/\\\/blog.k10mobility.com\\\/fr\\\/#organization\"},\"image\":{\"@id\":\"https:\\\/\\\/blog.k10mobility.com\\\/fr\\\/decouvrez-les-meilleures-activites-a-faire-a-palma-de-majorque-pendant-lhiver\\\/#primaryimage\"},\"thumbnailUrl\":\"https:\\\/\\\/blog.k10mobility.com\\\/wp-content\\\/uploads\\\/2022\\\/12\\\/que-ver-hacer-mallorca-invierno.jpg\",\"articleSection\":[\"Majorque\"],\"inLanguage\":\"fr-FR\"},{\"@type\":\"WebPage\",\"@id\":\"https:\\\/\\\/blog.k10mobility.com\\\/fr\\\/decouvrez-les-meilleures-activites-a-faire-a-palma-de-majorque-pendant-lhiver\\\/\",\"url\":\"https:\\\/\\\/blog.k10mobility.com\\\/fr\\\/decouvrez-les-meilleures-activites-a-faire-a-palma-de-majorque-pendant-lhiver\\\/\",\"name\":\"Que faire \u00e0 Palma de Majorque en hiver -% K10 Mobility% \u00ae\",\"isPartOf\":{\"@id\":\"https:\\\/\\\/blog.k10mobility.com\\\/fr\\\/#website\"},\"primaryImageOfPage\":{\"@id\":\"https:\\\/\\\/blog.k10mobility.com\\\/fr\\\/decouvrez-les-meilleures-activites-a-faire-a-palma-de-majorque-pendant-lhiver\\\/#primaryimage\"},\"image\":{\"@id\":\"https:\\\/\\\/blog.k10mobility.com\\\/fr\\\/decouvrez-les-meilleures-activites-a-faire-a-palma-de-majorque-pendant-lhiver\\\/#primaryimage\"},\"thumbnailUrl\":\"https:\\\/\\\/blog.k10mobility.com\\\/wp-content\\\/uploads\\\/2022\\\/12\\\/que-ver-hacer-mallorca-invierno.jpg\",\"datePublished\":\"2023-01-02T10:53:51+00:00\",\"dateModified\":\"2026-01-22T11:41:16+00:00\",\"description\":\"Que faire \u00e0 Palma de Majorque pendant l'hiver, des monuments et des itin\u00e9raires historiques \u00e0 la d\u00e9licieuse cuisine locale, venez et profitez !\",\"breadcrumb\":{\"@id\":\"https:\\\/\\\/blog.k10mobility.com\\\/fr\\\/decouvrez-les-meilleures-activites-a-faire-a-palma-de-majorque-pendant-lhiver\\\/#breadcrumb\"},\"inLanguage\":\"fr-FR\",\"potentialAction\":[{\"@type\":\"ReadAction\",\"target\":[\"https:\\\/\\\/blog.k10mobility.com\\\/fr\\\/decouvrez-les-meilleures-activites-a-faire-a-palma-de-majorque-pendant-lhiver\\\/\"]}]},{\"@type\":\"ImageObject\",\"inLanguage\":\"fr-FR\",\"@id\":\"https:\\\/\\\/blog.k10mobility.com\\\/fr\\\/decouvrez-les-meilleures-activites-a-faire-a-palma-de-majorque-pendant-lhiver\\\/#primaryimage\",\"url\":\"https:\\\/\\\/blog.k10mobility.com\\\/wp-content\\\/uploads\\\/2022\\\/12\\\/que-ver-hacer-mallorca-invierno.jpg\",\"contentUrl\":\"https:\\\/\\\/blog.k10mobility.com\\\/wp-content\\\/uploads\\\/2022\\\/12\\\/que-ver-hacer-mallorca-invierno.jpg\",\"width\":1000,\"height\":562,\"caption\":\"Que faire \u00e0 Majorque en hiver ?\"},{\"@type\":\"BreadcrumbList\",\"@id\":\"https:\\\/\\\/blog.k10mobility.com\\\/fr\\\/decouvrez-les-meilleures-activites-a-faire-a-palma-de-majorque-pendant-lhiver\\\/#breadcrumb\",\"itemListElement\":[{\"@type\":\"ListItem\",\"position\":1,\"name\":\"K10 Mobility\",\"item\":\"https:\\\/\\\/blog.k10mobility.com\\\/fr\\\/\"},{\"@type\":\"ListItem\",\"position\":2,\"name\":\"D\u00e9couvrez les meilleures activit\u00e9s d&rsquo;hiver \u00e0 Palma de Majorque\"}]},{\"@type\":\"WebSite\",\"@id\":\"https:\\\/\\\/blog.k10mobility.com\\\/fr\\\/#website\",\"url\":\"https:\\\/\\\/blog.k10mobility.com\\\/fr\\\/\",\"name\":\"K10 Mobility\",\"description\":\"Rent a car en Ibiza y Mallorca\",\"publisher\":{\"@id\":\"https:\\\/\\\/blog.k10mobility.com\\\/fr\\\/#organization\"},\"alternateName\":\"K10 Rent a car\",\"potentialAction\":[{\"@type\":\"SearchAction\",\"target\":{\"@type\":\"EntryPoint\",\"urlTemplate\":\"https:\\\/\\\/blog.k10mobility.com\\\/fr\\\/?s={search_term_string}\"},\"query-input\":{\"@type\":\"PropertyValueSpecification\",\"valueRequired\":true,\"valueName\":\"search_term_string\"}}],\"inLanguage\":\"fr-FR\"},{\"@type\":\"Organization\",\"@id\":\"https:\\\/\\\/blog.k10mobility.com\\\/fr\\\/#organization\",\"name\":\"K10 Mobility\",\"alternateName\":\"K10 Mobility rent a car en Ibiza y Mallorca\",\"url\":\"https:\\\/\\\/blog.k10mobility.com\\\/fr\\\/\",\"logo\":{\"@type\":\"ImageObject\",\"inLanguage\":\"fr-FR\",\"@id\":\"https:\\\/\\\/blog.k10mobility.com\\\/fr\\\/#\\\/schema\\\/logo\\\/image\\\/\",\"url\":\"https:\\\/\\\/blog.k10mobility.com\\\/wp-content\\\/uploads\\\/2025\\\/11\\\/cropped-Logo-K10-color-apaisado.png\",\"contentUrl\":\"https:\\\/\\\/blog.k10mobility.com\\\/wp-content\\\/uploads\\\/2025\\\/11\\\/cropped-Logo-K10-color-apaisado.png\",\"width\":665,\"height\":105,\"caption\":\"K10 Mobility\"},\"image\":{\"@id\":\"https:\\\/\\\/blog.k10mobility.com\\\/fr\\\/#\\\/schema\\\/logo\\\/image\\\/\"},\"sameAs\":[\"https:\\\/\\\/www.facebook.com\\\/k10mobility\\\/\",\"https:\\\/\\\/www.instagram.com\\\/k10mobility\\\/\"]},{\"@type\":\"Person\",\"@id\":\"https:\\\/\\\/blog.k10mobility.com\\\/fr\\\/#\\\/schema\\\/person\\\/f31e5cd36f44f986645396161453818b\",\"name\":\"K10\",\"image\":{\"@type\":\"ImageObject\",\"inLanguage\":\"fr-FR\",\"@id\":\"https:\\\/\\\/secure.gravatar.com\\\/avatar\\\/206fefb0c43f85b1066007fbea28c7b1ae2fb5432c1864d0ab6dd2b14b6b4e87?s=96&d=mm&r=g\",\"url\":\"https:\\\/\\\/secure.gravatar.com\\\/avatar\\\/206fefb0c43f85b1066007fbea28c7b1ae2fb5432c1864d0ab6dd2b14b6b4e87?s=96&d=mm&r=g\",\"contentUrl\":\"https:\\\/\\\/secure.gravatar.com\\\/avatar\\\/206fefb0c43f85b1066007fbea28c7b1ae2fb5432c1864d0ab6dd2b14b6b4e87?s=96&d=mm&r=g\",\"caption\":\"K10\"},\"sameAs\":[\"https:\\\/\\\/blog.k10mobility.com\"],\"url\":\"https:\\\/\\\/blog.k10mobility.com\\\/fr\\\/author\\\/s72m1n2k10\\\/\"}]}<\/script>\n<!-- \/ Yoast SEO plugin. -->","yoast_head_json":{"title":"Que faire \u00e0 Palma de Majorque en hiver -% K10 Mobility% \u00ae","description":"Que faire \u00e0 Palma de Majorque pendant l'hiver, des monuments et des itin\u00e9raires historiques \u00e0 la d\u00e9licieuse cuisine locale, venez et profitez !","robots":{"index":"index","follow":"follow","max-snippet":"max-snippet:-1","max-image-preview":"max-image-preview:large","max-video-preview":"max-video-preview:-1"},"canonical":"https:\/\/blog.k10mobility.com\/fr\/decouvrez-les-meilleures-activites-a-faire-a-palma-de-majorque-pendant-lhiver\/","og_locale":"fr_FR","og_type":"article","og_title":"Que faire \u00e0 Palma de Majorque en hiver -% K10 Mobility% \u00ae","og_description":"Que faire \u00e0 Palma de Majorque pendant l'hiver, des monuments et des itin\u00e9raires historiques \u00e0 la d\u00e9licieuse cuisine locale, venez et profitez !","og_url":"https:\/\/blog.k10mobility.com\/fr\/decouvrez-les-meilleures-activites-a-faire-a-palma-de-majorque-pendant-lhiver\/","og_site_name":"K10 Mobility","article_publisher":"https:\/\/www.facebook.com\/k10mobility\/","article_published_time":"2023-01-02T10:53:51+00:00","article_modified_time":"2026-01-22T11:41:16+00:00","og_image":[{"width":1000,"height":562,"url":"https:\/\/blog.k10mobility.com\/wp-content\/uploads\/2022\/12\/que-ver-hacer-mallorca-invierno.jpg","type":"image\/jpeg"}],"author":"K10","twitter_card":"summary_large_image","twitter_misc":{"\u00c9crit par":"K10","Dur\u00e9e de lecture estim\u00e9e":"7 minutes"},"schema":{"@context":"https:\/\/schema.org","@graph":[{"@type":"Article","@id":"https:\/\/blog.k10mobility.com\/fr\/decouvrez-les-meilleures-activites-a-faire-a-palma-de-majorque-pendant-lhiver\/#article","isPartOf":{"@id":"https:\/\/blog.k10mobility.com\/fr\/decouvrez-les-meilleures-activites-a-faire-a-palma-de-majorque-pendant-lhiver\/"},"author":{"name":"K10","@id":"https:\/\/blog.k10mobility.com\/fr\/#\/schema\/person\/f31e5cd36f44f986645396161453818b"},"headline":"D\u00e9couvrez les meilleures activit\u00e9s d&rsquo;hiver \u00e0 Palma de Majorque","datePublished":"2023-01-02T10:53:51+00:00","dateModified":"2026-01-22T11:41:16+00:00","mainEntityOfPage":{"@id":"https:\/\/blog.k10mobility.com\/fr\/decouvrez-les-meilleures-activites-a-faire-a-palma-de-majorque-pendant-lhiver\/"},"wordCount":1374,"publisher":{"@id":"https:\/\/blog.k10mobility.com\/fr\/#organization"},"image":{"@id":"https:\/\/blog.k10mobility.com\/fr\/decouvrez-les-meilleures-activites-a-faire-a-palma-de-majorque-pendant-lhiver\/#primaryimage"},"thumbnailUrl":"https:\/\/blog.k10mobility.com\/wp-content\/uploads\/2022\/12\/que-ver-hacer-mallorca-invierno.jpg","articleSection":["Majorque"],"inLanguage":"fr-FR"},{"@type":"WebPage","@id":"https:\/\/blog.k10mobility.com\/fr\/decouvrez-les-meilleures-activites-a-faire-a-palma-de-majorque-pendant-lhiver\/","url":"https:\/\/blog.k10mobility.com\/fr\/decouvrez-les-meilleures-activites-a-faire-a-palma-de-majorque-pendant-lhiver\/","name":"Que faire \u00e0 Palma de Majorque en hiver -% K10 Mobility% \u00ae","isPartOf":{"@id":"https:\/\/blog.k10mobility.com\/fr\/#website"},"primaryImageOfPage":{"@id":"https:\/\/blog.k10mobility.com\/fr\/decouvrez-les-meilleures-activites-a-faire-a-palma-de-majorque-pendant-lhiver\/#primaryimage"},"image":{"@id":"https:\/\/blog.k10mobility.com\/fr\/decouvrez-les-meilleures-activites-a-faire-a-palma-de-majorque-pendant-lhiver\/#primaryimage"},"thumbnailUrl":"https:\/\/blog.k10mobility.com\/wp-content\/uploads\/2022\/12\/que-ver-hacer-mallorca-invierno.jpg","datePublished":"2023-01-02T10:53:51+00:00","dateModified":"2026-01-22T11:41:16+00:00","description":"Que faire \u00e0 Palma de Majorque pendant l'hiver, des monuments et des itin\u00e9raires historiques \u00e0 la d\u00e9licieuse cuisine locale, venez et profitez !","breadcrumb":{"@id":"https:\/\/blog.k10mobility.com\/fr\/decouvrez-les-meilleures-activites-a-faire-a-palma-de-majorque-pendant-lhiver\/#breadcrumb"},"inLanguage":"fr-FR","potentialAction":[{"@type":"ReadAction","target":["https:\/\/blog.k10mobility.com\/fr\/decouvrez-les-meilleures-activites-a-faire-a-palma-de-majorque-pendant-lhiver\/"]}]},{"@type":"ImageObject","inLanguage":"fr-FR","@id":"https:\/\/blog.k10mobility.com\/fr\/decouvrez-les-meilleures-activites-a-faire-a-palma-de-majorque-pendant-lhiver\/#primaryimage","url":"https:\/\/blog.k10mobility.com\/wp-content\/uploads\/2022\/12\/que-ver-hacer-mallorca-invierno.jpg","contentUrl":"https:\/\/blog.k10mobility.com\/wp-content\/uploads\/2022\/12\/que-ver-hacer-mallorca-invierno.jpg","width":1000,"height":562,"caption":"Que faire \u00e0 Majorque en hiver ?"},{"@type":"BreadcrumbList","@id":"https:\/\/blog.k10mobility.com\/fr\/decouvrez-les-meilleures-activites-a-faire-a-palma-de-majorque-pendant-lhiver\/#breadcrumb","itemListElement":[{"@type":"ListItem","position":1,"name":"K10 Mobility","item":"https:\/\/blog.k10mobility.com\/fr\/"},{"@type":"ListItem","position":2,"name":"D\u00e9couvrez les meilleures activit\u00e9s d&rsquo;hiver \u00e0 Palma de Majorque"}]},{"@type":"WebSite","@id":"https:\/\/blog.k10mobility.com\/fr\/#website","url":"https:\/\/blog.k10mobility.com\/fr\/","name":"K10 Mobility","description":"Rent a car en Ibiza y Mallorca","publisher":{"@id":"https:\/\/blog.k10mobility.com\/fr\/#organization"},"alternateName":"K10 Rent a car","potentialAction":[{"@type":"SearchAction","target":{"@type":"EntryPoint","urlTemplate":"https:\/\/blog.k10mobility.com\/fr\/?s={search_term_string}"},"query-input":{"@type":"PropertyValueSpecification","valueRequired":true,"valueName":"search_term_string"}}],"inLanguage":"fr-FR"},{"@type":"Organization","@id":"https:\/\/blog.k10mobility.com\/fr\/#organization","name":"K10 Mobility","alternateName":"K10 Mobility rent a car en Ibiza y Mallorca","url":"https:\/\/blog.k10mobility.com\/fr\/","logo":{"@type":"ImageObject","inLanguage":"fr-FR","@id":"https:\/\/blog.k10mobility.com\/fr\/#\/schema\/logo\/image\/","url":"https:\/\/blog.k10mobility.com\/wp-content\/uploads\/2025\/11\/cropped-Logo-K10-color-apaisado.png","contentUrl":"https:\/\/blog.k10mobility.com\/wp-content\/uploads\/2025\/11\/cropped-Logo-K10-color-apaisado.png","width":665,"height":105,"caption":"K10 Mobility"},"image":{"@id":"https:\/\/blog.k10mobility.com\/fr\/#\/schema\/logo\/image\/"},"sameAs":["https:\/\/www.facebook.com\/k10mobility\/","https:\/\/www.instagram.com\/k10mobility\/"]},{"@type":"Person","@id":"https:\/\/blog.k10mobility.com\/fr\/#\/schema\/person\/f31e5cd36f44f986645396161453818b","name":"K10","image":{"@type":"ImageObject","inLanguage":"fr-FR","@id":"https:\/\/secure.gravatar.com\/avatar\/206fefb0c43f85b1066007fbea28c7b1ae2fb5432c1864d0ab6dd2b14b6b4e87?s=96&d=mm&r=g","url":"https:\/\/secure.gravatar.com\/avatar\/206fefb0c43f85b1066007fbea28c7b1ae2fb5432c1864d0ab6dd2b14b6b4e87?s=96&d=mm&r=g","contentUrl":"https:\/\/secure.gravatar.com\/avatar\/206fefb0c43f85b1066007fbea28c7b1ae2fb5432c1864d0ab6dd2b14b6b4e87?s=96&d=mm&r=g","caption":"K10"},"sameAs":["https:\/\/blog.k10mobility.com"],"url":"https:\/\/blog.k10mobility.com\/fr\/author\/s72m1n2k10\/"}]}},"_links":{"self":[{"href":"https:\/\/blog.k10mobility.com\/fr\/wp-json\/wp\/v2\/posts\/13307","targetHints":{"allow":["GET"]}}],"collection":[{"href":"https:\/\/blog.k10mobility.com\/fr\/wp-json\/wp\/v2\/posts"}],"about":[{"href":"https:\/\/blog.k10mobility.com\/fr\/wp-json\/wp\/v2\/types\/post"}],"author":[{"embeddable":true,"href":"https:\/\/blog.k10mobility.com\/fr\/wp-json\/wp\/v2\/users\/1"}],"replies":[{"embeddable":true,"href":"https:\/\/blog.k10mobility.com\/fr\/wp-json\/wp\/v2\/comments?post=13307"}],"version-history":[{"count":4,"href":"https:\/\/blog.k10mobility.com\/fr\/wp-json\/wp\/v2\/posts\/13307\/revisions"}],"predecessor-version":[{"id":14118,"href":"https:\/\/blog.k10mobility.com\/fr\/wp-json\/wp\/v2\/posts\/13307\/revisions\/14118"}],"wp:featuredmedia":[{"embeddable":true,"href":"https:\/\/blog.k10mobility.com\/fr\/wp-json\/wp\/v2\/media\/13309"}],"wp:attachment":[{"href":"https:\/\/blog.k10mobility.com\/fr\/wp-json\/wp\/v2\/media?parent=13307"}],"wp:term":[{"taxonomy":"category","embeddable":true,"href":"https:\/\/blog.k10mobility.com\/fr\/wp-json\/wp\/v2\/categories?post=13307"},{"taxonomy":"post_tag","embeddable":true,"href":"https:\/\/blog.k10mobility.com\/fr\/wp-json\/wp\/v2\/tags?post=13307"}],"curies":[{"name":"wp","href":"https:\/\/api.w.org\/{rel}","templated":true}]}}