{"id":13308,"date":"2026-03-30T09:37:11","date_gmt":"2026-03-30T09:37:11","guid":{"rendered":"https:\/\/blog.k10mobility.com\/des-criques-quon-ne-peut-pas-manquer-a-majorque\/"},"modified":"2026-04-09T11:28:22","modified_gmt":"2026-04-09T11:28:22","slug":"des-criques-quon-ne-peut-pas-manquer-a-majorque","status":"publish","type":"post","link":"https:\/\/blog.k10mobility.com\/fr\/des-criques-quon-ne-peut-pas-manquer-a-majorque\/","title":{"rendered":"D\u00e9couvrez les criques les plus impressionnantes de Majorque : Guide d\u00e9finitif 2026"},"content":{"rendered":"&#13;\n<p>Il est une question que tout voyageur se pose avant de venir sur l&rsquo;\u00eele :<span style=\"font-weight: 400;\"><br\/><\/span><strong>Quelle est la plus belle crique de Majorque ?<\/strong><\/p>&#13;\n<p>La r\u00e9ponse courte est : cela d\u00e9pend.<br\/>La r\u00e9ponse longue&#8230; vous l&rsquo;avez ici.<\/p>&#13;\n<p>Si vous cherchez des informations actualis\u00e9es sur les <strong>criques de Majorque<\/strong>, les plus spectaculaires, les <strong>criques de Majorque<\/strong> accessibles en bus et ce qu&rsquo;il faut faire dans chacune d&rsquo;entre elles, ce guide est fait pour vous.<\/p>&#13;\n<p>Pr\u00e9parez-vous, car Majorque ne se r\u00e9sume pas \u00e0 ses plages. Elle poss\u00e8de de v\u00e9ritables paradis cach\u00e9s. <\/p>&#13;\n<h2 id=\"von-toc-1\">Quelles sont les meilleures criques de Majorque ? Notre s\u00e9lection.<\/h2>&#13;\n<p>Lorsque l&rsquo;on cherche les <strong>meilleures criques de Majorque<\/strong>, celles-ci figurent toujours sur la liste :<\/p>&#13;\n<h3 id=\"von-toc-2\">Cal\u00f3 des Moro<\/h3>&#13;\n<p>Petite, sauvage et \u00e0 l&rsquo;eau turquoise. C&rsquo;est l&rsquo;un des plus photographi\u00e9s. <\/p>&#13;\n<h3 id=\"von-toc-3\">Cala Mondrag\u00f3<\/h3>&#13;\n<p>Situ\u00e9 dans un parc naturel. Parfait pour combiner nature et plage. <\/p>&#13;\n<h3 id=\"von-toc-4\">Cala Varques<\/h3>&#13;\n<p>Plus pr\u00e9serv\u00e9 et plus calme. Id\u00e9al si vous recherchez moins de monde. <\/p>&#13;\n<h3 id=\"von-toc-5\">Cala Agulla<\/h3>&#13;\n<p>Spacieux, confortable et avec des services. Tr\u00e8s bonne option si vous voyagez en famille. <\/p>&#13;\n<p>Si vous vous demandez <strong>quelle est la meilleure crique de Majorque<\/strong>, la r\u00e9alit\u00e9 est que chacune offre quelque chose de diff\u00e9rent : certaines sont plus accessibles, d&rsquo;autres plus sauvages.<\/p>&#13;\n<h3 id=\"von-toc-6\">La cala m\u00e1s bonita de Mallorca: \u00bfCu\u00e1l es la candidata?<\/h3>&#13;\n<p>La plupart des voyageurs s&rsquo;accordent \u00e0 dire que <strong>Cal\u00f3 des Moro<\/strong> remporte g\u00e9n\u00e9ralement le titre lorsqu&rsquo;on leur demande <strong>quelle est la plus belle crique de Majorque.<\/strong><\/p>&#13;\n<p>Mais ils se livrent \u00e9galement \u00e0 une forte concurrence :<\/p>&#13;\n<ul>&#13;\n<li aria-level=\"1\">Cala Mitjana<\/li>&#13;\n<li aria-level=\"1\">Cala Tuent<\/li>&#13;\n<li aria-level=\"1\">Cala Dei\u00e0<\/li>&#13;\n<\/ul>&#13;\n<p>La beaut\u00e9 d\u00e9pend de ce que vous recherchez :<\/p>&#13;\n<ul>&#13;\n<li aria-level=\"1\">\u00bfArena fina y agua cristalina?<\/li>&#13;\n<li aria-level=\"1\">\u00bfRocas y entorno salvaje?<\/li>&#13;\n<li aria-level=\"1\">\u00bfAcceso f\u00e1cil o aventura?<\/li>&#13;\n<\/ul>&#13;\n<p>\u00c0 Majorque, chaque crique a sa propre personnalit\u00e9.<\/p>&#13;\n<h3 id=\"von-toc-7\">Explora las calas de Mallorca a las que puedes llegar en bus<\/h3>&#13;\n<p>Toutes les <strong>villes de Majorque<\/strong> ne n\u00e9cessitent pas de voiture.<\/p>&#13;\n<p>Si vous vous demandez <strong>quelles sont les criques de Majorque accessibles en bus<\/strong>, voici quelques options desservies par les transports publics :<\/p>&#13;\n<ul>&#13;\n<li aria-level=\"1\">&#13;\n<h3 id=\"von-toc-8\">Cala Agulla<\/h3>&#13;\n<\/li><\/ul><div class=\"wp-block-image\">&#13;\n<figure class=\"alignleft size-full\"><img fetchpriority=\"high\" decoding=\"async\" width=\"800\" height=\"450\" class=\"wp-image-4968\" src=\"https:\/\/blog.k10mobility.com\/wp-content\/uploads\/2022\/11\/cala-agulla-mallorca.jpg\" alt=\"visitez la cala agulla &#xE0; mallorque\" srcset=\"https:\/\/blog.k10mobility.com\/wp-content\/uploads\/2022\/11\/cala-agulla-mallorca.jpg 800w, https:\/\/blog.k10mobility.com\/wp-content\/uploads\/2022\/11\/cala-agulla-mallorca-300x169.jpg 300w, https:\/\/blog.k10mobility.com\/wp-content\/uploads\/2022\/11\/cala-agulla-mallorca-768x432.jpg 768w\" sizes=\"(max-width: 800px) 100vw, 800px\" \/><\/figure>&#13;\n<\/div>\r\n<div class=\"wp-block-spacer\" style=\"height: 40px;\" aria-hidden=\"true\">\u00a0<\/div>\r\n&#13;\n<p>\ud83d\udccd <a href=\"https:\/\/goo.gl\/maps\/hofWxE4UkifK7cfX7\" target=\"_blank\" rel=\"noreferrer noopener\">D\u00e9couvrez comment vous rendre \u00e0 Cala Agulla<\/a><\/p>&#13;\n&#13;\n<p>Il est situ\u00e9 \u00e0 proximit\u00e9 du centre touristique de Cala Ratjada, \u00e0 l&rsquo;extr\u00e9mit\u00e9 orientale de l&rsquo;\u00eele de Majorque. Elle se distingue par la couleur turquoise de ses eaux et par les belles pin\u00e8des et montagnes qui l&rsquo;entourent. <\/p>&#13;\n&#13;\n<p>En \u00e9t\u00e9, elle devient <strong>l&rsquo;une des plages les plus populaires aupr\u00e8s des jeunes<\/strong>, comme point de d\u00e9part ou comme point central des f\u00eates. Elle a \u00e9t\u00e9 d\u00e9clar\u00e9e <strong>zone naturelle d&rsquo;int\u00e9r\u00eat sp\u00e9cial<\/strong> et <strong>site d&rsquo;int\u00e9r\u00eat communautaire<\/strong> pour sa grande richesse naturelle et sa beaut\u00e9.<\/p>&#13;\n&#13;\n<h3 class=\"wp-block-heading\" id=\"von-toc-9\">\u00a0<\/h3>&#13;\n&#13;\n&#13;\n<p>\u00a0<\/p>&#13;\n<ul>&#13;\n<li aria-level=\"1\">&#13;\n<h3 id=\"von-toc-10\">Baie de S&rsquo;Amarador<\/h3>&#13;\n<\/li><\/ul><div class=\"wp-block-image\">&#13;\n<figure class=\"alignleft size-full\"><img decoding=\"async\" width=\"800\" height=\"450\" class=\"wp-image-4966\" src=\"https:\/\/blog.k10mobility.com\/wp-content\/uploads\/2022\/11\/cala-samarador-mallorca.jpg\" alt=\"visitez Cala S'Amarador &#xE0; Majorque\" srcset=\"https:\/\/blog.k10mobility.com\/wp-content\/uploads\/2022\/11\/cala-samarador-mallorca.jpg 800w, https:\/\/blog.k10mobility.com\/wp-content\/uploads\/2022\/11\/cala-samarador-mallorca-300x169.jpg 300w, https:\/\/blog.k10mobility.com\/wp-content\/uploads\/2022\/11\/cala-samarador-mallorca-768x432.jpg 768w\" sizes=\"(max-width: 800px) 100vw, 800px\" \/><\/figure>&#13;\n<\/div>\r\n<div class=\"wp-block-spacer\" style=\"height: 40px;\" aria-hidden=\"true\">\u00a0<\/div>\r\n&#13;\n<p>\ud83d\udccd <a href=\"https:\/\/goo.gl\/maps\/HSyKJr2oStwSxZ9f8\" target=\"_blank\" rel=\"noreferrer noopener\">D\u00e9couvrez comment vous rendre \u00e0 Cala S&rsquo;Amarador<\/a><\/p>&#13;\n&#13;\n<p>C&rsquo;est l <strong>&lsquo;une des criques les plus populaires pour les familles<\/strong>. Elle est situ\u00e9e dans le <strong>parc naturel de Mondrag\u00f3<\/strong>, dans la partie sud de l&rsquo;\u00eele. Il s&rsquo;agit d&rsquo;un site naturel d&rsquo;une grande beaut\u00e9, avec une vaste pin\u00e8de qui abrite une impressionnante plage de sable fin. L&rsquo;une de ses particularit\u00e9s est l&rsquo;entr\u00e9e progressive de l&rsquo;eau, ce qui en fait une plage s\u00fbre pour les enfants.   <\/p>&#13;\n&#13;\n<li aria-level=\"1\">&#13;\n<h3 id=\"von-toc-11\">Cala Millor<\/h3>&#13;\n<\/li><div class=\"wp-block-image\">&#13;\n<figure class=\"alignleft size-full\"><img decoding=\"async\" width=\"800\" height=\"450\" class=\"wp-image-4972\" src=\"https:\/\/blog.k10mobility.com\/wp-content\/uploads\/2022\/11\/cala-millor-en-mallorca.jpg\" alt=\"visiter cala millor en mallorque\" srcset=\"https:\/\/blog.k10mobility.com\/wp-content\/uploads\/2022\/11\/cala-millor-en-mallorca.jpg 800w, https:\/\/blog.k10mobility.com\/wp-content\/uploads\/2022\/11\/cala-millor-en-mallorca-300x169.jpg 300w, https:\/\/blog.k10mobility.com\/wp-content\/uploads\/2022\/11\/cala-millor-en-mallorca-768x432.jpg 768w\" sizes=\"(max-width: 800px) 100vw, 800px\" \/><\/figure>&#13;\n<\/div>\r\n<div class=\"wp-block-spacer\" style=\"height: 40px;\" aria-hidden=\"true\">\u00a0<\/div>\r\n&#13;\n<p>\ud83d\udccd <a href=\"https:\/\/goo.gl\/maps\/nxV5tKuHz9zE46pT9\" target=\"_blank\" rel=\"noreferrer noopener\">D\u00e9couvrez comment vous rendre \u00e0 Cala Millor<\/a><\/p>&#13;\n&#13;\n<p>Cala Millor est une plage qui fait partie d&rsquo;un complexe c\u00f4tier sur la c\u00f4te est de l&rsquo;\u00eele. Elle mesure 1,8 km de long et 35 m de large. C&rsquo;est un v\u00e9ritable <strong>paradis d&rsquo;eaux cristallines<\/strong> et de sable fin, o\u00f9 vous pourrez profiter de tous les services et installations d&rsquo;une enclave de plage qui a re\u00e7u le drapeau de plage. Peu profonde, elle est id\u00e9ale pour les familles et les personnes handicap\u00e9es.   <\/p>&#13;\n&#13;\n<p>\u00c0 Cala Millor, vous pouvez \u00e9galement pratiquer <strong>des sports nautiques<\/strong> tels que le <em>surf<\/em>, le kayak ou la <em>planche \u00e0 voile.<\/em> Vous pouvez \u00e9galement faire de la randonn\u00e9e le long de la c\u00f4te ou visiter la r\u00e9gion viticole de Felanitx. <\/p>&#13;\n&#13;\n<li aria-level=\"1\">Playa de Formentor (seg\u00fan temporada)<\/li>&#13;\n&#13;\n<p>Cependant, les horaires d&rsquo;ouverture peuvent \u00eatre limit\u00e9s, surtout en basse saison. En outre, de nombreuses criques cach\u00e9es ne sont pas directement accessibles par les transports publics. <\/p>&#13;\n<p>Il est donc important de bien planifier l&rsquo;itin\u00e9raire.<\/p>&#13;\n<h2 id=\"von-toc-12\">Planifiez votre visite : choses \u00e0 faire \u00e0 Calas de Mallorca<\/h2>&#13;\n<p>Aller \u00e0 la plage, ce n&rsquo;est pas seulement s&rsquo;allonger au soleil. Si vous cherchez des id\u00e9es sur <strong>ce qu&rsquo;il faut faire \u00e0 Majorque<\/strong>, voici quelques suggestions : <\/p>&#13;\n<ul>&#13;\n<li aria-level=\"1\">Snorkel en aguas transparentes.<\/li>&#13;\n<li aria-level=\"1\">Paseos por senderos cercanos.<\/li>&#13;\n<li aria-level=\"1\">Miradores para ver el atardecer.<\/li>&#13;\n<li aria-level=\"1\">Fotograf\u00eda de paisajes.<\/li>&#13;\n<li aria-level=\"1\">Picnic junto al mar.<\/li>&#13;\n<\/ul>&#13;\n<p>Certaines criques ont des bars de plage ou des restaurants \u00e0 proximit\u00e9. D&rsquo;autres sont totalement vierges, il est donc conseill\u00e9 d&rsquo;apporter de l&rsquo;eau et de la nourriture. <\/p>&#13;\n<h3 id=\"von-toc-13\">Conoce Can Gusti calas de Mallorca<\/h3>&#13;\n<p>De nombreux voyageurs recherchent des informations sur Can Gusti Calas de Mallorca, car il s&rsquo;agit d&rsquo;une r\u00e9f\u00e9rence bien connue dans la r\u00e9gion de Santany\u00ed pour profiter de l&rsquo;environnement naturel et de la gastronomie \u00e0 proximit\u00e9 de plusieurs criques du sud-est.<\/p>&#13;\n<p>C&rsquo;est un bon exemple de la fa\u00e7on dont on peut combiner plage, environnement rural et exp\u00e9rience locale en une seule journ\u00e9e.<\/p>&#13;\n<h2 id=\"von-toc-14\">Bouger sans limites : la meilleure fa\u00e7on d&rsquo;explorer les criques de Majorque<\/h2>&#13;\n<p>Majorque est grande. Et la plupart des criques les plus impressionnantes de Majorque ne se trouvent pas \u00e0 proximit\u00e9 imm\u00e9diate de votre h\u00f4tel. <\/p>&#13;\n<p>Pour en parcourir plusieurs en une seule journ\u00e9e, vous devez \u00eatre libre de vos mouvements.<\/p>&#13;\n<p>Se d\u00e9placer en voiture vous permet de :<\/p>&#13;\n<ul>&#13;\n<li aria-level=\"1\">Llegar temprano y evitar aglomeraciones.<\/li>&#13;\n<li aria-level=\"1\">Cambiar de cala seg\u00fan el viento.<\/li>&#13;\n<li aria-level=\"1\">Descubrir rincones poco conocidos.<\/li>&#13;\n<li aria-level=\"1\">Visitar pueblos cercanos despu\u00e9s de la playa.<\/li>&#13;\n<\/ul>&#13;\n<p>Depuis le site officiel de K10 Mobility, vous pouvez organiser votre <a href=\"https:\/\/k10mobility.com\/es\/alquiler-coche-mallorca\/\" target=\"_blank\" rel=\"noopener\">location de voiture \u00e0 Majorque<\/a> directement et facilement, sans interm\u00e9diaire.<\/p>&#13;\n<p>Vous pourrez ainsi tracer votre propre itin\u00e9raire \u00e0 travers les criques les plus spectaculaires de Majorque.<\/p>&#13;\n<h2 id=\"von-toc-15\">Quelle est votre crique id\u00e9ale ?<\/h2>&#13;\n<p><span style=\"font-weight: 400;\">Vous le savez maintenant :<\/span><\/p>&#13;\n<ul>&#13;\n<li style=\"font-weight: 400;\" aria-level=\"1\"><span style=\"font-weight: 400;\">Las <\/span>mejores calas de Mallorca<span style=\"font-weight: 400;\">.<\/span><\/li>&#13;\n<li style=\"font-weight: 400;\" aria-level=\"1\"><span style=\"font-weight: 400;\">Opciones accesibles en bus.<\/span><\/li>&#13;\n<li style=\"font-weight: 400;\" aria-level=\"1\"><span style=\"font-weight: 400;\">Qu\u00e9 hacer en cada una.<\/span><\/li>&#13;\n<li style=\"font-weight: 400;\" aria-level=\"1\"><span style=\"font-weight: 400;\">C\u00f3mo planificar tu visita.<\/span><\/li>&#13;\n<\/ul>&#13;\n<p><span style=\"font-weight: 400;\">La prochaine fois que l&rsquo;on vous demandera <\/span>ce qu&rsquo;il faut voir \u00e0 Majorque<span style=\"font-weight: 400;\">, vous saurez que la r\u00e9ponse commence par ses criques.<\/span><\/p>&#13;\n<p><span style=\"font-weight: 400;\">Car \u00e0 Majorque, il ne s&rsquo;agit pas seulement d&rsquo;aller \u00e0 la plage.<\/span><span style=\"font-weight: 400;\"><br\/><\/span><span style=\"font-weight: 400;\">Il s&rsquo;agit de d\u00e9couvrir de petits paradis cach\u00e9s entre les falaises et les eaux turquoises.<\/span><\/p>&#13;\n<p><span style=\"font-weight: 400;\">Et cela&#8230; on ne le comprend que lorsqu&rsquo;on le vit.<\/span><\/p>&#13;\n","protected":false},"excerpt":{"rendered":"<p>&#13; Il est une question que tout voyageur se pose avant de venir sur l&rsquo;\u00eele :Quelle est la plus belle crique de Majorque ? &#13; La r\u00e9ponse courte est : cela d\u00e9pend.La r\u00e9ponse longue&#8230; vous l&rsquo;avez ici. &#13; Si vous cherchez des informations actualis\u00e9es sur les criques de Majorque, les plus spectaculaires, les criques de &#8230; <a title=\"D\u00e9couvrez les criques les plus impressionnantes de Majorque : Guide d\u00e9finitif 2026\" class=\"read-more\" href=\"https:\/\/blog.k10mobility.com\/fr\/des-criques-quon-ne-peut-pas-manquer-a-majorque\/\" aria-label=\"En savoir plus sur D\u00e9couvrez les criques les plus impressionnantes de Majorque : Guide d\u00e9finitif 2026\">Lire la suite<\/a><\/p>\n","protected":false},"author":1,"featured_media":13312,"comment_status":"closed","ping_status":"closed","sticky":false,"template":"","format":"standard","meta":{"footnotes":""},"categories":[232],"tags":[],"class_list":["post-13308","post","type-post","status-publish","format-standard","has-post-thumbnail","hentry","category-mallorca"],"yoast_head":"<!-- This site is optimized with the Yoast SEO plugin v27.4 - https:\/\/yoast.com\/product\/yoast-seo-wordpress\/ -->\n<title>Les meilleures criques de Majorque (et les plus belles) | K10 Mobility\u00ae.<\/title>\n<meta name=\"description\" content=\"D\u00e9couvrez les plus belles criques de Majorque \u00e0 ne pas manquer si vous \u00eates sur l&#039;\u00eele \u27a4 Toutes les informations ici.\" \/>\n<meta name=\"robots\" content=\"index, follow, max-snippet:-1, max-image-preview:large, max-video-preview:-1\" \/>\n<link rel=\"canonical\" href=\"https:\/\/blog.k10mobility.com\/fr\/des-criques-quon-ne-peut-pas-manquer-a-majorque\/\" \/>\n<meta property=\"og:locale\" content=\"fr_FR\" \/>\n<meta property=\"og:type\" content=\"article\" \/>\n<meta property=\"og:title\" content=\"Les meilleures criques de Majorque (et les plus belles) | K10 Mobility\u00ae.\" \/>\n<meta property=\"og:description\" content=\"D\u00e9couvrez les plus belles criques de Majorque \u00e0 ne pas manquer si vous \u00eates sur l&#039;\u00eele \u27a4 Toutes les informations ici.\" \/>\n<meta property=\"og:url\" content=\"https:\/\/blog.k10mobility.com\/fr\/des-criques-quon-ne-peut-pas-manquer-a-majorque\/\" \/>\n<meta property=\"og:site_name\" content=\"K10 Mobility\" \/>\n<meta property=\"article:publisher\" content=\"https:\/\/www.facebook.com\/k10mobility\/\" \/>\n<meta property=\"article:published_time\" content=\"2026-03-30T09:37:11+00:00\" \/>\n<meta property=\"article:modified_time\" content=\"2026-04-09T11:28:22+00:00\" \/>\n<meta property=\"og:image\" content=\"https:\/\/blog.k10mobility.com\/wp-content\/uploads\/2022\/11\/calas-de-mallorca.jpg\" \/>\n\t<meta property=\"og:image:width\" content=\"1000\" \/>\n\t<meta property=\"og:image:height\" content=\"562\" \/>\n\t<meta property=\"og:image:type\" content=\"image\/jpeg\" \/>\n<meta name=\"author\" content=\"K10\" \/>\n<meta name=\"twitter:card\" content=\"summary_large_image\" \/>\n<meta name=\"twitter:label1\" content=\"\u00c9crit par\" \/>\n\t<meta name=\"twitter:data1\" content=\"K10\" \/>\n\t<meta name=\"twitter:label2\" content=\"Dur\u00e9e de lecture estim\u00e9e\" \/>\n\t<meta name=\"twitter:data2\" content=\"5 minutes\" \/>\n<script type=\"application\/ld+json\" class=\"yoast-schema-graph\">{\"@context\":\"https:\\\/\\\/schema.org\",\"@graph\":[{\"@type\":\"Article\",\"@id\":\"https:\\\/\\\/blog.k10mobility.com\\\/fr\\\/des-criques-quon-ne-peut-pas-manquer-a-majorque\\\/#article\",\"isPartOf\":{\"@id\":\"https:\\\/\\\/blog.k10mobility.com\\\/fr\\\/des-criques-quon-ne-peut-pas-manquer-a-majorque\\\/\"},\"author\":{\"name\":\"K10\",\"@id\":\"https:\\\/\\\/blog.k10mobility.com\\\/fr\\\/#\\\/schema\\\/person\\\/f31e5cd36f44f986645396161453818b\"},\"headline\":\"D\u00e9couvrez les criques les plus impressionnantes de Majorque : Guide d\u00e9finitif 2026\",\"datePublished\":\"2026-03-30T09:37:11+00:00\",\"dateModified\":\"2026-04-09T11:28:22+00:00\",\"mainEntityOfPage\":{\"@id\":\"https:\\\/\\\/blog.k10mobility.com\\\/fr\\\/des-criques-quon-ne-peut-pas-manquer-a-majorque\\\/\"},\"wordCount\":1106,\"publisher\":{\"@id\":\"https:\\\/\\\/blog.k10mobility.com\\\/fr\\\/#organization\"},\"image\":{\"@id\":\"https:\\\/\\\/blog.k10mobility.com\\\/fr\\\/des-criques-quon-ne-peut-pas-manquer-a-majorque\\\/#primaryimage\"},\"thumbnailUrl\":\"https:\\\/\\\/blog.k10mobility.com\\\/wp-content\\\/uploads\\\/2022\\\/11\\\/calas-de-mallorca.jpg\",\"articleSection\":[\"Majorque\"],\"inLanguage\":\"fr-FR\"},{\"@type\":\"WebPage\",\"@id\":\"https:\\\/\\\/blog.k10mobility.com\\\/fr\\\/des-criques-quon-ne-peut-pas-manquer-a-majorque\\\/\",\"url\":\"https:\\\/\\\/blog.k10mobility.com\\\/fr\\\/des-criques-quon-ne-peut-pas-manquer-a-majorque\\\/\",\"name\":\"Les meilleures criques de Majorque (et les plus belles) | K10 Mobility\u00ae.\",\"isPartOf\":{\"@id\":\"https:\\\/\\\/blog.k10mobility.com\\\/fr\\\/#website\"},\"primaryImageOfPage\":{\"@id\":\"https:\\\/\\\/blog.k10mobility.com\\\/fr\\\/des-criques-quon-ne-peut-pas-manquer-a-majorque\\\/#primaryimage\"},\"image\":{\"@id\":\"https:\\\/\\\/blog.k10mobility.com\\\/fr\\\/des-criques-quon-ne-peut-pas-manquer-a-majorque\\\/#primaryimage\"},\"thumbnailUrl\":\"https:\\\/\\\/blog.k10mobility.com\\\/wp-content\\\/uploads\\\/2022\\\/11\\\/calas-de-mallorca.jpg\",\"datePublished\":\"2026-03-30T09:37:11+00:00\",\"dateModified\":\"2026-04-09T11:28:22+00:00\",\"description\":\"D\u00e9couvrez les plus belles criques de Majorque \u00e0 ne pas manquer si vous \u00eates sur l'\u00eele \u27a4 Toutes les informations ici.\",\"breadcrumb\":{\"@id\":\"https:\\\/\\\/blog.k10mobility.com\\\/fr\\\/des-criques-quon-ne-peut-pas-manquer-a-majorque\\\/#breadcrumb\"},\"inLanguage\":\"fr-FR\",\"potentialAction\":[{\"@type\":\"ReadAction\",\"target\":[\"https:\\\/\\\/blog.k10mobility.com\\\/fr\\\/des-criques-quon-ne-peut-pas-manquer-a-majorque\\\/\"]}]},{\"@type\":\"ImageObject\",\"inLanguage\":\"fr-FR\",\"@id\":\"https:\\\/\\\/blog.k10mobility.com\\\/fr\\\/des-criques-quon-ne-peut-pas-manquer-a-majorque\\\/#primaryimage\",\"url\":\"https:\\\/\\\/blog.k10mobility.com\\\/wp-content\\\/uploads\\\/2022\\\/11\\\/calas-de-mallorca.jpg\",\"contentUrl\":\"https:\\\/\\\/blog.k10mobility.com\\\/wp-content\\\/uploads\\\/2022\\\/11\\\/calas-de-mallorca.jpg\",\"width\":1000,\"height\":562,\"caption\":\"Les meilleures criques de Majorque\"},{\"@type\":\"BreadcrumbList\",\"@id\":\"https:\\\/\\\/blog.k10mobility.com\\\/fr\\\/des-criques-quon-ne-peut-pas-manquer-a-majorque\\\/#breadcrumb\",\"itemListElement\":[{\"@type\":\"ListItem\",\"position\":1,\"name\":\"K10 Mobility\",\"item\":\"https:\\\/\\\/blog.k10mobility.com\\\/fr\\\/\"},{\"@type\":\"ListItem\",\"position\":2,\"name\":\"D\u00e9couvrez les criques les plus impressionnantes de Majorque : Guide d\u00e9finitif 2026\"}]},{\"@type\":\"WebSite\",\"@id\":\"https:\\\/\\\/blog.k10mobility.com\\\/fr\\\/#website\",\"url\":\"https:\\\/\\\/blog.k10mobility.com\\\/fr\\\/\",\"name\":\"K10 Mobility\",\"description\":\"Rent a car en Ibiza y Mallorca\",\"publisher\":{\"@id\":\"https:\\\/\\\/blog.k10mobility.com\\\/fr\\\/#organization\"},\"alternateName\":\"K10 Rent a car\",\"potentialAction\":[{\"@type\":\"SearchAction\",\"target\":{\"@type\":\"EntryPoint\",\"urlTemplate\":\"https:\\\/\\\/blog.k10mobility.com\\\/fr\\\/?s={search_term_string}\"},\"query-input\":{\"@type\":\"PropertyValueSpecification\",\"valueRequired\":true,\"valueName\":\"search_term_string\"}}],\"inLanguage\":\"fr-FR\"},{\"@type\":\"Organization\",\"@id\":\"https:\\\/\\\/blog.k10mobility.com\\\/fr\\\/#organization\",\"name\":\"K10 Mobility\",\"alternateName\":\"K10 Mobility rent a car en Ibiza y Mallorca\",\"url\":\"https:\\\/\\\/blog.k10mobility.com\\\/fr\\\/\",\"logo\":{\"@type\":\"ImageObject\",\"inLanguage\":\"fr-FR\",\"@id\":\"https:\\\/\\\/blog.k10mobility.com\\\/fr\\\/#\\\/schema\\\/logo\\\/image\\\/\",\"url\":\"https:\\\/\\\/blog.k10mobility.com\\\/wp-content\\\/uploads\\\/2025\\\/11\\\/cropped-Logo-K10-color-apaisado.png\",\"contentUrl\":\"https:\\\/\\\/blog.k10mobility.com\\\/wp-content\\\/uploads\\\/2025\\\/11\\\/cropped-Logo-K10-color-apaisado.png\",\"width\":665,\"height\":105,\"caption\":\"K10 Mobility\"},\"image\":{\"@id\":\"https:\\\/\\\/blog.k10mobility.com\\\/fr\\\/#\\\/schema\\\/logo\\\/image\\\/\"},\"sameAs\":[\"https:\\\/\\\/www.facebook.com\\\/k10mobility\\\/\",\"https:\\\/\\\/www.instagram.com\\\/k10mobility\\\/\"]},{\"@type\":\"Person\",\"@id\":\"https:\\\/\\\/blog.k10mobility.com\\\/fr\\\/#\\\/schema\\\/person\\\/f31e5cd36f44f986645396161453818b\",\"name\":\"K10\",\"image\":{\"@type\":\"ImageObject\",\"inLanguage\":\"fr-FR\",\"@id\":\"https:\\\/\\\/secure.gravatar.com\\\/avatar\\\/206fefb0c43f85b1066007fbea28c7b1ae2fb5432c1864d0ab6dd2b14b6b4e87?s=96&d=mm&r=g\",\"url\":\"https:\\\/\\\/secure.gravatar.com\\\/avatar\\\/206fefb0c43f85b1066007fbea28c7b1ae2fb5432c1864d0ab6dd2b14b6b4e87?s=96&d=mm&r=g\",\"contentUrl\":\"https:\\\/\\\/secure.gravatar.com\\\/avatar\\\/206fefb0c43f85b1066007fbea28c7b1ae2fb5432c1864d0ab6dd2b14b6b4e87?s=96&d=mm&r=g\",\"caption\":\"K10\"},\"sameAs\":[\"https:\\\/\\\/blog.k10mobility.com\"],\"url\":\"https:\\\/\\\/blog.k10mobility.com\\\/fr\\\/author\\\/s72m1n2k10\\\/\"}]}<\/script>\n<!-- \/ Yoast SEO plugin. -->","yoast_head_json":{"title":"Les meilleures criques de Majorque (et les plus belles) | K10 Mobility\u00ae.","description":"D\u00e9couvrez les plus belles criques de Majorque \u00e0 ne pas manquer si vous \u00eates sur l'\u00eele \u27a4 Toutes les informations ici.","robots":{"index":"index","follow":"follow","max-snippet":"max-snippet:-1","max-image-preview":"max-image-preview:large","max-video-preview":"max-video-preview:-1"},"canonical":"https:\/\/blog.k10mobility.com\/fr\/des-criques-quon-ne-peut-pas-manquer-a-majorque\/","og_locale":"fr_FR","og_type":"article","og_title":"Les meilleures criques de Majorque (et les plus belles) | K10 Mobility\u00ae.","og_description":"D\u00e9couvrez les plus belles criques de Majorque \u00e0 ne pas manquer si vous \u00eates sur l'\u00eele \u27a4 Toutes les informations ici.","og_url":"https:\/\/blog.k10mobility.com\/fr\/des-criques-quon-ne-peut-pas-manquer-a-majorque\/","og_site_name":"K10 Mobility","article_publisher":"https:\/\/www.facebook.com\/k10mobility\/","article_published_time":"2026-03-30T09:37:11+00:00","article_modified_time":"2026-04-09T11:28:22+00:00","og_image":[{"width":1000,"height":562,"url":"https:\/\/blog.k10mobility.com\/wp-content\/uploads\/2022\/11\/calas-de-mallorca.jpg","type":"image\/jpeg"}],"author":"K10","twitter_card":"summary_large_image","twitter_misc":{"\u00c9crit par":"K10","Dur\u00e9e de lecture estim\u00e9e":"5 minutes"},"schema":{"@context":"https:\/\/schema.org","@graph":[{"@type":"Article","@id":"https:\/\/blog.k10mobility.com\/fr\/des-criques-quon-ne-peut-pas-manquer-a-majorque\/#article","isPartOf":{"@id":"https:\/\/blog.k10mobility.com\/fr\/des-criques-quon-ne-peut-pas-manquer-a-majorque\/"},"author":{"name":"K10","@id":"https:\/\/blog.k10mobility.com\/fr\/#\/schema\/person\/f31e5cd36f44f986645396161453818b"},"headline":"D\u00e9couvrez les criques les plus impressionnantes de Majorque : Guide d\u00e9finitif 2026","datePublished":"2026-03-30T09:37:11+00:00","dateModified":"2026-04-09T11:28:22+00:00","mainEntityOfPage":{"@id":"https:\/\/blog.k10mobility.com\/fr\/des-criques-quon-ne-peut-pas-manquer-a-majorque\/"},"wordCount":1106,"publisher":{"@id":"https:\/\/blog.k10mobility.com\/fr\/#organization"},"image":{"@id":"https:\/\/blog.k10mobility.com\/fr\/des-criques-quon-ne-peut-pas-manquer-a-majorque\/#primaryimage"},"thumbnailUrl":"https:\/\/blog.k10mobility.com\/wp-content\/uploads\/2022\/11\/calas-de-mallorca.jpg","articleSection":["Majorque"],"inLanguage":"fr-FR"},{"@type":"WebPage","@id":"https:\/\/blog.k10mobility.com\/fr\/des-criques-quon-ne-peut-pas-manquer-a-majorque\/","url":"https:\/\/blog.k10mobility.com\/fr\/des-criques-quon-ne-peut-pas-manquer-a-majorque\/","name":"Les meilleures criques de Majorque (et les plus belles) | K10 Mobility\u00ae.","isPartOf":{"@id":"https:\/\/blog.k10mobility.com\/fr\/#website"},"primaryImageOfPage":{"@id":"https:\/\/blog.k10mobility.com\/fr\/des-criques-quon-ne-peut-pas-manquer-a-majorque\/#primaryimage"},"image":{"@id":"https:\/\/blog.k10mobility.com\/fr\/des-criques-quon-ne-peut-pas-manquer-a-majorque\/#primaryimage"},"thumbnailUrl":"https:\/\/blog.k10mobility.com\/wp-content\/uploads\/2022\/11\/calas-de-mallorca.jpg","datePublished":"2026-03-30T09:37:11+00:00","dateModified":"2026-04-09T11:28:22+00:00","description":"D\u00e9couvrez les plus belles criques de Majorque \u00e0 ne pas manquer si vous \u00eates sur l'\u00eele \u27a4 Toutes les informations ici.","breadcrumb":{"@id":"https:\/\/blog.k10mobility.com\/fr\/des-criques-quon-ne-peut-pas-manquer-a-majorque\/#breadcrumb"},"inLanguage":"fr-FR","potentialAction":[{"@type":"ReadAction","target":["https:\/\/blog.k10mobility.com\/fr\/des-criques-quon-ne-peut-pas-manquer-a-majorque\/"]}]},{"@type":"ImageObject","inLanguage":"fr-FR","@id":"https:\/\/blog.k10mobility.com\/fr\/des-criques-quon-ne-peut-pas-manquer-a-majorque\/#primaryimage","url":"https:\/\/blog.k10mobility.com\/wp-content\/uploads\/2022\/11\/calas-de-mallorca.jpg","contentUrl":"https:\/\/blog.k10mobility.com\/wp-content\/uploads\/2022\/11\/calas-de-mallorca.jpg","width":1000,"height":562,"caption":"Les meilleures criques de Majorque"},{"@type":"BreadcrumbList","@id":"https:\/\/blog.k10mobility.com\/fr\/des-criques-quon-ne-peut-pas-manquer-a-majorque\/#breadcrumb","itemListElement":[{"@type":"ListItem","position":1,"name":"K10 Mobility","item":"https:\/\/blog.k10mobility.com\/fr\/"},{"@type":"ListItem","position":2,"name":"D\u00e9couvrez les criques les plus impressionnantes de Majorque : Guide d\u00e9finitif 2026"}]},{"@type":"WebSite","@id":"https:\/\/blog.k10mobility.com\/fr\/#website","url":"https:\/\/blog.k10mobility.com\/fr\/","name":"K10 Mobility","description":"Rent a car en Ibiza y Mallorca","publisher":{"@id":"https:\/\/blog.k10mobility.com\/fr\/#organization"},"alternateName":"K10 Rent a car","potentialAction":[{"@type":"SearchAction","target":{"@type":"EntryPoint","urlTemplate":"https:\/\/blog.k10mobility.com\/fr\/?s={search_term_string}"},"query-input":{"@type":"PropertyValueSpecification","valueRequired":true,"valueName":"search_term_string"}}],"inLanguage":"fr-FR"},{"@type":"Organization","@id":"https:\/\/blog.k10mobility.com\/fr\/#organization","name":"K10 Mobility","alternateName":"K10 Mobility rent a car en Ibiza y Mallorca","url":"https:\/\/blog.k10mobility.com\/fr\/","logo":{"@type":"ImageObject","inLanguage":"fr-FR","@id":"https:\/\/blog.k10mobility.com\/fr\/#\/schema\/logo\/image\/","url":"https:\/\/blog.k10mobility.com\/wp-content\/uploads\/2025\/11\/cropped-Logo-K10-color-apaisado.png","contentUrl":"https:\/\/blog.k10mobility.com\/wp-content\/uploads\/2025\/11\/cropped-Logo-K10-color-apaisado.png","width":665,"height":105,"caption":"K10 Mobility"},"image":{"@id":"https:\/\/blog.k10mobility.com\/fr\/#\/schema\/logo\/image\/"},"sameAs":["https:\/\/www.facebook.com\/k10mobility\/","https:\/\/www.instagram.com\/k10mobility\/"]},{"@type":"Person","@id":"https:\/\/blog.k10mobility.com\/fr\/#\/schema\/person\/f31e5cd36f44f986645396161453818b","name":"K10","image":{"@type":"ImageObject","inLanguage":"fr-FR","@id":"https:\/\/secure.gravatar.com\/avatar\/206fefb0c43f85b1066007fbea28c7b1ae2fb5432c1864d0ab6dd2b14b6b4e87?s=96&d=mm&r=g","url":"https:\/\/secure.gravatar.com\/avatar\/206fefb0c43f85b1066007fbea28c7b1ae2fb5432c1864d0ab6dd2b14b6b4e87?s=96&d=mm&r=g","contentUrl":"https:\/\/secure.gravatar.com\/avatar\/206fefb0c43f85b1066007fbea28c7b1ae2fb5432c1864d0ab6dd2b14b6b4e87?s=96&d=mm&r=g","caption":"K10"},"sameAs":["https:\/\/blog.k10mobility.com"],"url":"https:\/\/blog.k10mobility.com\/fr\/author\/s72m1n2k10\/"}]}},"_links":{"self":[{"href":"https:\/\/blog.k10mobility.com\/fr\/wp-json\/wp\/v2\/posts\/13308","targetHints":{"allow":["GET"]}}],"collection":[{"href":"https:\/\/blog.k10mobility.com\/fr\/wp-json\/wp\/v2\/posts"}],"about":[{"href":"https:\/\/blog.k10mobility.com\/fr\/wp-json\/wp\/v2\/types\/post"}],"author":[{"embeddable":true,"href":"https:\/\/blog.k10mobility.com\/fr\/wp-json\/wp\/v2\/users\/1"}],"replies":[{"embeddable":true,"href":"https:\/\/blog.k10mobility.com\/fr\/wp-json\/wp\/v2\/comments?post=13308"}],"version-history":[{"count":6,"href":"https:\/\/blog.k10mobility.com\/fr\/wp-json\/wp\/v2\/posts\/13308\/revisions"}],"predecessor-version":[{"id":15270,"href":"https:\/\/blog.k10mobility.com\/fr\/wp-json\/wp\/v2\/posts\/13308\/revisions\/15270"}],"wp:featuredmedia":[{"embeddable":true,"href":"https:\/\/blog.k10mobility.com\/fr\/wp-json\/wp\/v2\/media\/13312"}],"wp:attachment":[{"href":"https:\/\/blog.k10mobility.com\/fr\/wp-json\/wp\/v2\/media?parent=13308"}],"wp:term":[{"taxonomy":"category","embeddable":true,"href":"https:\/\/blog.k10mobility.com\/fr\/wp-json\/wp\/v2\/categories?post=13308"},{"taxonomy":"post_tag","embeddable":true,"href":"https:\/\/blog.k10mobility.com\/fr\/wp-json\/wp\/v2\/tags?post=13308"}],"curies":[{"name":"wp","href":"https:\/\/api.w.org\/{rel}","templated":true}]}}