{"id":13324,"date":"2022-11-30T11:58:25","date_gmt":"2022-11-30T11:58:25","guid":{"rendered":"https:\/\/blog.k10mobility.com\/a-voir-a-majorque-les-10-elements-essentiels-qui-rendront-votre-visite-inoubliable\/"},"modified":"2026-01-22T11:41:16","modified_gmt":"2026-01-22T11:41:16","slug":"a-voir-a-majorque-les-10-elements-essentiels-qui-rendront-votre-visite-inoubliable","status":"publish","type":"post","link":"https:\/\/blog.k10mobility.com\/fr\/a-voir-a-majorque-les-10-elements-essentiels-qui-rendront-votre-visite-inoubliable\/","title":{"rendered":"Que voir \u00e0 Majorque, Les 10 incontournables qui rendront votre visite inoubliable"},"content":{"rendered":"&#13;\n<p>Majorque est une \u00eele surprenante qui r\u00e9unit toute l&rsquo;essence de la M\u00e9diterran\u00e9e : non seulement des plages enchanteresses aux eaux transparentes, du sable fin, de belles criques&#8230; mais aussi un patrimoine culturel, naturel et gastronomique surprenant. Voici 10 id\u00e9es de<strong> choses \u00e0 faire \u00e0 Majorque <\/strong>qui vous permettront de d\u00e9couvrir ces aspects, mais nous sommes s\u00fbrs qu&rsquo;en chemin vous trouverez des endroits uniques qui ne sont pas encore populaires parmi les touristes. <\/p>&#13;\n&#13;\n<h2 class=\"wp-block-heading\" id=\"von-toc-1\">Choses \u00e0 faire \u00e0 Majorque : les 10 incontournables<\/h2>&#13;\n&#13;\n<p>L <strong>&lsquo;<\/strong>id\u00e9al est de <a href=\"https:\/\/blog.k10mobility.com\/?page_id=2694\">louer une voiture \u00e0 Palma de Majorque<\/a> et vous pouvez m\u00eame envisager de faire un <em>roadtrip<\/em> en s\u00e9journant dans diff\u00e9rents endroits. Avec ces id\u00e9es, nous vous aidons \u00e0 organiser vos<strong> projets d&rsquo;activit\u00e9s \u00e0 Majorque.<\/strong> <\/p>&#13;\n&#13;\n<h3 class=\"wp-block-heading\" id=\"von-toc-2\">1) Palma de Majorque<\/h3>&#13;\n&#13;\n<p>Vous pouvez commencer par d\u00e9couvrir la culture et le pass\u00e9 historique de l&rsquo;\u00eele en visitant le centre historique de sa capitale. Vous y d\u00e9couvrirez notamment l&rsquo;\u00e9tonnante<strong> cath\u00e9drale gothique de Santa Mar\u00eda <\/strong><em>(La Seu<\/em>) et les palais royaux tels que celui <strong>de l&rsquo;Almudaina<\/strong>. \u00c0 c\u00f4t\u00e9 se trouve le <strong><em>s&rsquo;Hort del Rei<\/em><\/strong><strong> (jardins du roi),<\/strong> d&rsquo;origine musulmane. <\/p>&#13;\n&#13;\n<p>Fl\u00e2nez dans les <strong>rues qui ont conserv\u00e9 leur trac\u00e9 m\u00e9di\u00e9val d&rsquo;origine,<\/strong> notamment la Plaza Mayor, la Plaza de la Cort, les magnifiques cours des <strong>demeures seigneuriales<\/strong> Can Alemany ou Can Ordines d&rsquo;Almandr\u00e0. Les <strong>bains arabes<\/strong> et le <strong>quartier juif<\/strong> sont d&rsquo;autres joyaux historiques \u00e0 ne pas manquer. Depuis <strong>le Parc de la Mar <\/strong>, vous aurez d&rsquo;excellentes vues sur la cath\u00e9drale et le palais royal. Le <strong>Baluart,<\/strong> l&rsquo;impressionnante forteresse m\u00e9di\u00e9vale, abrite \u00e9galement le <strong>mus\u00e9e d&rsquo;art moderne et contemporain<\/strong>.   <\/p>&#13;\n&#13;\n<p>Vous pouvez terminer par une visite du <strong>Paseo Mar\u00edtimo <\/strong>et entrer dans la <strong>Sa Llotja de Palma de Mallorca<\/strong> et la <strong>Plaza Sa Drassana <\/strong>. Et, si vous avez le temps, cela vaut la peine d&rsquo;aller \u00e0 3 km de la ville pour voir le<strong> ch\u00e2teau de Bellver<\/strong>.<\/p>&#13;\n&#13;\n<h3 class=\"wp-block-heading\" id=\"von-toc-3\">2) Valldemossa<\/h3>&#13;\n&#13;\n<figure class=\"wp-block-image size-full\"><img fetchpriority=\"high\" decoding=\"async\" width=\"800\" height=\"450\" class=\"wp-image-5026\" src=\"https:\/\/blog.k10mobility.com\/wp-content\/uploads\/2022\/11\/valldemossa-que-ver-mallorca.jpg\" alt=\"visite de la valldemossa &#xE0; mallorque\" srcset=\"https:\/\/blog.k10mobility.com\/wp-content\/uploads\/2022\/11\/valldemossa-que-ver-mallorca.jpg 800w, https:\/\/blog.k10mobility.com\/wp-content\/uploads\/2022\/11\/valldemossa-que-ver-mallorca-300x169.jpg 300w, https:\/\/blog.k10mobility.com\/wp-content\/uploads\/2022\/11\/valldemossa-que-ver-mallorca-768x432.jpg 768w\" sizes=\"(max-width: 800px) 100vw, 800px\" \/><\/figure>&#13;\n\r\n<div class=\"wp-block-spacer\" style=\"height: 40px;\" aria-hidden=\"true\">\u00a0<\/div>\r\n&#13;\n<p>\ud83d\udccd <a href=\"https:\/\/goo.gl\/maps\/qCoeYTUgFoA5UKow8\" target=\"_blank\" rel=\"noreferrer noopener\">D\u00e9couvrez comment vous rendre \u00e0 Valldemossa<\/a><\/p>&#13;\n&#13;\n<p>La prochaine \u00e9tape est Valldemossa, l&rsquo;un des villages les plus charmants de l&rsquo;\u00eele, o\u00f9 vous trouverez \u00e9galement le <strong>mus\u00e9e Fr\u00e9d\u00e9ric Chopin<\/strong> (qui aimait fr\u00e9quenter le village), la<strong> chartreuse royale, les jardins du roi Juan Carlos et le palais du roi Sancho. <\/strong>Vous y trouverez \u00e9galement d&rsquo;excellents restaurants proposant une gastronomie typique.<\/p>&#13;\n&#13;\n<h3 class=\"wp-block-heading\" id=\"von-toc-4\">3. Dey\u00e0 et Sa Foradada<\/h3>&#13;\n&#13;\n<figure class=\"wp-block-image size-full\"><img decoding=\"async\" width=\"800\" height=\"450\" class=\"wp-image-5033\" src=\"https:\/\/blog.k10mobility.com\/wp-content\/uploads\/2022\/11\/deya-y-sa-forada-que-ver-mallorca.jpg\" alt=\"Visitez Dey&#xE0; et Sa Foradada &#xE0; Majorque\" srcset=\"https:\/\/blog.k10mobility.com\/wp-content\/uploads\/2022\/11\/deya-y-sa-forada-que-ver-mallorca.jpg 800w, https:\/\/blog.k10mobility.com\/wp-content\/uploads\/2022\/11\/deya-y-sa-forada-que-ver-mallorca-300x169.jpg 300w, https:\/\/blog.k10mobility.com\/wp-content\/uploads\/2022\/11\/deya-y-sa-forada-que-ver-mallorca-768x432.jpg 768w\" sizes=\"(max-width: 800px) 100vw, 800px\" \/><\/figure>&#13;\n\r\n<div class=\"wp-block-spacer\" style=\"height: 40px;\" aria-hidden=\"true\">\u00a0<\/div>\r\n&#13;\n<p>\ud83d\udccd <a href=\"https:\/\/goo.gl\/maps\/g1RAUpN56g6PxK3n6\" target=\"_blank\" rel=\"noreferrer noopener\">D\u00e9couvrez comment vous rendre \u00e0 Dey\u00e0<\/a> et <a href=\"https:\/\/goo.gl\/maps\/vbiCwZoVQQgEPNec9\" target=\"_blank\" rel=\"noreferrer noopener\">Sa Foradada<\/a><\/p>&#13;\n&#13;\n<p>Dey\u00e0 est un autre joli village de l&rsquo;\u00eele, avec ses rues pav\u00e9es et escarp\u00e9es. \u00c0 trois kilom\u00e8tres de l\u00e0, vous trouverez une autre jolie crique, <strong>Sa Foradada,<\/strong> entre d&rsquo;\u00e9normes murs de pierre. \u00c0 proximit\u00e9, vous trouverez \u00e9galement le<strong> belv\u00e9d\u00e8re de Foradada<\/strong>, qui m\u00e9rite une halte et qui est notre endroit pr\u00e9f\u00e9r\u00e9 pour admirer le coucher du soleil, ainsi que le<strong> cap Formentor<\/strong>. C&rsquo;est aussi un bon endroit pour faire de la randonn\u00e9e, et tout pr\u00e8s se trouve le restaurant Ca&rsquo;s Patro March, qui appara\u00eet dans certaines sc\u00e8nes de la s\u00e9rie <em>The Infiltrator<\/em>.   <\/p>&#13;\n&#13;\n<h3 class=\"wp-block-heading\" id=\"von-toc-5\">4. S\u00f3ller<\/h3>&#13;\n&#13;\n<figure class=\"wp-block-image size-full\"><img decoding=\"async\" width=\"800\" height=\"450\" class=\"wp-image-5037\" src=\"https:\/\/blog.k10mobility.com\/wp-content\/uploads\/2022\/11\/soller-que-ver-mallorca.jpg\" alt=\"Visitez S&#xF3;ller &#xE0; Majorque\" srcset=\"https:\/\/blog.k10mobility.com\/wp-content\/uploads\/2022\/11\/soller-que-ver-mallorca.jpg 800w, https:\/\/blog.k10mobility.com\/wp-content\/uploads\/2022\/11\/soller-que-ver-mallorca-300x169.jpg 300w, https:\/\/blog.k10mobility.com\/wp-content\/uploads\/2022\/11\/soller-que-ver-mallorca-768x432.jpg 768w\" sizes=\"(max-width: 800px) 100vw, 800px\" \/><\/figure>&#13;\n\r\n<div class=\"wp-block-spacer\" style=\"height: 40px;\" aria-hidden=\"true\">\u00a0<\/div>\r\n&#13;\n<p>\ud83d\udccd <a href=\"https:\/\/goo.gl\/maps\/YBHTJMP5vbgBFEE27\" target=\"_blank\" rel=\"noreferrer noopener\">D\u00e9couvrez comment vous rendre \u00e0 S\u00f3ller<\/a><\/p>&#13;\n&#13;\n<p>Si vous voulez d\u00e9couvrir un village m\u00e9diterran\u00e9en embl\u00e9matique, avec ses maisons typiques aux fa\u00e7ades color\u00e9es qui vous rappelleront l&rsquo;Italie, ne manquez pas le <strong>village de S\u00f3ller<\/strong>. C&rsquo;est \u00e9galement de l\u00e0 que part le c\u00e9l\u00e8bre <strong>train de S\u00f3ller <\/strong>, qui vous emm\u00e8nera sur les plus de 30 km qui relient S\u00f3ller \u00e0 La Palma, en traversant \u00e9galement la <strong>cha\u00eene de montagnes de la Sierra de Tramuntana<\/strong>, d\u00e9clar\u00e9e <strong>patrimoine mondial de l&rsquo;humanit\u00e9 par l&rsquo;Unesco<\/strong>. Nous vous recommandons \u00e9galement de go\u00fbter aux sp\u00e9cialit\u00e9s locales, car la r\u00e9gion poss\u00e8de d&rsquo;excellentes plantations d&rsquo;agrumes, d&rsquo;amandes et produit une excellente huile d&rsquo;olive. <\/p>&#13;\n&#13;\n<h3 class=\"wp-block-heading\" id=\"von-toc-6\">5. Fornalutx<\/h3>&#13;\n&#13;\n<figure class=\"wp-block-image size-full\"><img loading=\"lazy\" decoding=\"async\" width=\"800\" height=\"450\" class=\"wp-image-5039\" src=\"https:\/\/blog.k10mobility.com\/wp-content\/uploads\/2022\/11\/fornalutx-que-ver-mallorca.jpg\" alt=\"Visitez Fornalutx &#xE0; Majorque\" srcset=\"https:\/\/blog.k10mobility.com\/wp-content\/uploads\/2022\/11\/fornalutx-que-ver-mallorca.jpg 800w, https:\/\/blog.k10mobility.com\/wp-content\/uploads\/2022\/11\/fornalutx-que-ver-mallorca-300x169.jpg 300w, https:\/\/blog.k10mobility.com\/wp-content\/uploads\/2022\/11\/fornalutx-que-ver-mallorca-768x432.jpg 768w\" sizes=\"(max-width: 800px) 100vw, 800px\" \/><\/figure>&#13;\n\r\n<div class=\"wp-block-spacer\" style=\"height: 40px;\" aria-hidden=\"true\">\u00a0<\/div>\r\n&#13;\n<p>\ud83d\udccd <a href=\"https:\/\/goo.gl\/maps\/PkjAps4wEApzA3W48\">D\u00e9couvrez comment vous rendre \u00e0 Fornalutx<\/a><\/p>&#13;\n&#13;\n<p>\u00c0 4 km de S\u00f3ller se trouve Fornalutx, un autre village embl\u00e9matique consid\u00e9r\u00e9 comme l&rsquo;un des plus beaux d&rsquo;Espagne, avec Pollensa.<\/p>&#13;\n&#13;\n<h3 class=\"wp-block-heading\" id=\"von-toc-7\">6. Randonn\u00e9e dans la Serra de la Tramontana<\/h3>&#13;\n&#13;\n<figure class=\"wp-block-image size-full\"><img loading=\"lazy\" decoding=\"async\" width=\"800\" height=\"450\" class=\"wp-image-5040\" src=\"https:\/\/blog.k10mobility.com\/wp-content\/uploads\/2022\/11\/sierra-de-tramontana-que-ver-mallorca.jpg\" alt=\"visitez la cha&#xEE;ne de montagnes tramontane &#xE0; mallorque\" srcset=\"https:\/\/blog.k10mobility.com\/wp-content\/uploads\/2022\/11\/sierra-de-tramontana-que-ver-mallorca.jpg 800w, https:\/\/blog.k10mobility.com\/wp-content\/uploads\/2022\/11\/sierra-de-tramontana-que-ver-mallorca-300x169.jpg 300w, https:\/\/blog.k10mobility.com\/wp-content\/uploads\/2022\/11\/sierra-de-tramontana-que-ver-mallorca-768x432.jpg 768w\" sizes=\"(max-width: 800px) 100vw, 800px\" \/><\/figure>&#13;\n\r\n<div class=\"wp-block-spacer\" style=\"height: 40px;\" aria-hidden=\"true\">\u00a0<\/div>\r\n&#13;\n<p>\ud83d\udccd <a href=\"https:\/\/goo.gl\/maps\/AoAtLUGHcFTvHcVDA\" target=\"_blank\" rel=\"noreferrer noopener\">D\u00e9couvrez o\u00f9 se trouve le massif de la Tramontane<\/a><\/p>&#13;\n&#13;\n<p>Si vous aimez la nature et la randonn\u00e9e, en plus de visiter les villages que nous vous recommandons, empruntez l&rsquo;un de ses itin\u00e9raires naturels, qui sont disponibles \u00e0 diff\u00e9rents niveaux de difficult\u00e9. Vous d\u00e9couvrirez des endroits magnifiques comme l&rsquo;<strong> Ermitage de Maristella<\/strong> ou la <strong>c\u00e9l\u00e8bre Route de la pierre<\/strong>. Et si vous n&rsquo;aimez pas trop marcher, vous pouvez partir d&rsquo;<strong>Andratx<\/strong>, aller jusqu&rsquo;au<strong> mirador de San Telmo<\/strong> avec vue sur l&rsquo;<strong> \u00eele de Sa Dragonera <\/strong>et vous arr\u00eater dans les diff\u00e9rents villages et miradors, comme la <strong>Torre del Verger<\/strong> et le<strong> village de Ba\u00f1alfugar<\/strong>.  <\/p>&#13;\n&#13;\n<h3 class=\"wp-block-heading\" id=\"von-toc-8\">7. Pollensa et Puerto de Pollensa<\/h3>&#13;\n&#13;\n<figure class=\"wp-block-image size-full\"><img loading=\"lazy\" decoding=\"async\" width=\"800\" height=\"450\" class=\"wp-image-5042\" src=\"https:\/\/blog.k10mobility.com\/wp-content\/uploads\/2022\/11\/pollensa-que-ver-mallorca.jpg\" alt=\"visitez Pollensa et Puerto de Pollensa &#xE0; Majorque\" srcset=\"https:\/\/blog.k10mobility.com\/wp-content\/uploads\/2022\/11\/pollensa-que-ver-mallorca.jpg 800w, https:\/\/blog.k10mobility.com\/wp-content\/uploads\/2022\/11\/pollensa-que-ver-mallorca-300x169.jpg 300w, https:\/\/blog.k10mobility.com\/wp-content\/uploads\/2022\/11\/pollensa-que-ver-mallorca-768x432.jpg 768w\" sizes=\"(max-width: 800px) 100vw, 800px\" \/><\/figure>&#13;\n\r\n<div class=\"wp-block-spacer\" style=\"height: 40px;\" aria-hidden=\"true\">\u00a0<\/div>\r\n&#13;\n<p>\ud83d\udccd <a href=\"https:\/\/goo.gl\/maps\/azrbiHixpG28L4w3A\" target=\"_blank\" rel=\"noreferrer noopener\">D\u00e9couvrez comment vous rendre \u00e0 Pollensa<\/a><\/p>&#13;\n&#13;\n<p>La ville et le port sont distants de 7 km et sont parfaits pour d\u00e9couvrir deux aspects diff\u00e9rents de l&rsquo;\u00eele. Dans le village, vous serez \u00e9merveill\u00e9 par le <strong>pont romain<\/strong> et la <strong>Plaza Mayor<\/strong>, avec les 365 marches qui m\u00e8nent au<strong> Monte del Calvario<\/strong>.<strong> Puerto de Pollensa<\/strong> conserve cet air authentique, pas encore envahi par le tourisme de masse. Et c&rsquo;est l&rsquo;endroit id\u00e9al pour s&rsquo;arr\u00eater boire un verre avant votre prochaine visite : le <strong>cap de Formentor<\/strong>.   <\/p>&#13;\n&#13;\n<h3 class=\"wp-block-heading\" id=\"von-toc-9\">8. Cap Formentor<\/h3>&#13;\n&#13;\n<figure class=\"wp-block-image size-full\"><img loading=\"lazy\" decoding=\"async\" width=\"800\" height=\"450\" class=\"wp-image-5044\" src=\"https:\/\/blog.k10mobility.com\/wp-content\/uploads\/2022\/11\/cabo-de-formentor-que-ver-mallorca.jpg\" alt=\"Visitez le Cabo de Formentor &#xE0; Majorque\" srcset=\"https:\/\/blog.k10mobility.com\/wp-content\/uploads\/2022\/11\/cabo-de-formentor-que-ver-mallorca.jpg 800w, https:\/\/blog.k10mobility.com\/wp-content\/uploads\/2022\/11\/cabo-de-formentor-que-ver-mallorca-300x169.jpg 300w, https:\/\/blog.k10mobility.com\/wp-content\/uploads\/2022\/11\/cabo-de-formentor-que-ver-mallorca-768x432.jpg 768w\" sizes=\"(max-width: 800px) 100vw, 800px\" \/><\/figure>&#13;\n\r\n<div class=\"wp-block-spacer\" style=\"height: 40px;\" aria-hidden=\"true\">\u00a0<\/div>\r\n&#13;\n<p>\ud83d\udccd <a href=\"https:\/\/goo.gl\/maps\/VvGdwtQGSYQwZaQc7\" target=\"_blank\" rel=\"noreferrer noopener\">D\u00e9couvrez comment vous rendre \u00e0 Cabo de Formentor<\/a><\/p>&#13;\n&#13;\n<p>Connu \u00e9galement sous le nom de Cap de Formentor, c&rsquo;est ici que vous trouverez les vues c\u00f4ti\u00e8res les plus impressionnantes de l&rsquo;\u00eele. Vous y trouverez des falaises de plus de 300 m\u00e8tres de haut, de magnifiques points de vue comme le <strong>Mirador d&rsquo;es Colomer<\/strong> et la <strong>Talaia d&rsquo;Albercutx<\/strong>, ou encore le <strong>phare de Formentor<\/strong> lui-m\u00eame. C&rsquo;est un endroit id\u00e9al pour observer le lever ou le coucher du soleil.  <\/p>&#13;\n&#13;\n<p>Vous trouverez \u00e9galement \u00e0 proximit\u00e9 les <strong>Calas de Formentor<\/strong>et Figuera, avec leur sable fin et blanc et leurs eaux transparentes, alors n&rsquo;oubliez pas votre maillot de bain !<\/p>&#13;\n&#13;\n<h3 class=\"wp-block-heading\" id=\"von-toc-10\">9. Grottes du Drac<\/h3>&#13;\n&#13;\n<figure class=\"wp-block-image size-full\"><img loading=\"lazy\" decoding=\"async\" width=\"800\" height=\"450\" class=\"wp-image-5045\" src=\"https:\/\/blog.k10mobility.com\/wp-content\/uploads\/2022\/11\/cuevas-del-drac-que-ver-mallorca.jpg\" alt=\"Visitez les Cuevas del Drac &#xE0; Majorque\" srcset=\"https:\/\/blog.k10mobility.com\/wp-content\/uploads\/2022\/11\/cuevas-del-drac-que-ver-mallorca.jpg 800w, https:\/\/blog.k10mobility.com\/wp-content\/uploads\/2022\/11\/cuevas-del-drac-que-ver-mallorca-300x169.jpg 300w, https:\/\/blog.k10mobility.com\/wp-content\/uploads\/2022\/11\/cuevas-del-drac-que-ver-mallorca-768x432.jpg 768w\" sizes=\"(max-width: 800px) 100vw, 800px\" \/><\/figure>&#13;\n\r\n<div class=\"wp-block-spacer\" style=\"height: 40px;\" aria-hidden=\"true\">\u00a0<\/div>\r\n&#13;\n<p>\ud83d\udccd <a href=\"https:\/\/goo.gl\/maps\/TbJfvAMKJ2bhR1Zs8\" target=\"_blank\" rel=\"noreferrer noopener\">D\u00e9couvrez comment vous rendre aux grottes du Drac<\/a><\/p>&#13;\n&#13;\n<p>Cependant, si vous aimez les criques, une autre zone \u00e0 ne pas manquer est celle proche des <strong>grottes du Drac<\/strong>, sign\u00e9es depuis des millions d&rsquo;ann\u00e9es, qui pr\u00e9sentent d&rsquo;impressionnantes stalactites, un lac souterrain et o\u00f9, surtout en \u00e9t\u00e9, vous pouvez assister \u00e0 des concerts, en profitant de leur excellente acoustique.<\/p>&#13;\n&#13;\n<p>\u00c0 proximit\u00e9, vous trouverez d&rsquo;autres points d&rsquo;int\u00e9r\u00eat, tels que les <strong>grottes de Hams<\/strong> et la <strong>tour Serral dels Falcons<\/strong>, construite au XVIe si\u00e8cle pour d\u00e9tecter les pirates.<\/p>&#13;\n&#13;\n<h3 class=\"wp-block-heading\" id=\"von-toc-11\">10. Suivez la route des criques<\/h3>&#13;\n&#13;\n<figure class=\"wp-block-image size-full\"><img loading=\"lazy\" decoding=\"async\" width=\"800\" height=\"450\" class=\"wp-image-5046\" src=\"https:\/\/blog.k10mobility.com\/wp-content\/uploads\/2022\/11\/cala-mendia-que-ver-mallorca.jpg\" alt=\"visiter des criques &#xE0; mallorque\" srcset=\"https:\/\/blog.k10mobility.com\/wp-content\/uploads\/2022\/11\/cala-mendia-que-ver-mallorca.jpg 800w, https:\/\/blog.k10mobility.com\/wp-content\/uploads\/2022\/11\/cala-mendia-que-ver-mallorca-300x169.jpg 300w, https:\/\/blog.k10mobility.com\/wp-content\/uploads\/2022\/11\/cala-mendia-que-ver-mallorca-768x432.jpg 768w\" sizes=\"(max-width: 800px) 100vw, 800px\" \/><\/figure>&#13;\n\r\n<div class=\"wp-block-spacer\" style=\"height: 40px;\" aria-hidden=\"true\">\u00a0<\/div>\r\n&#13;\n<p>Profitant du fait que vous \u00eates sur les c\u00f4tes est et sud de l&rsquo;\u00eele, d\u00e9couvrez ses meilleures criques. En commen\u00e7ant par le nord, vous pourrez visiter la grotte d&rsquo;Art\u00e0, qui abrite l&rsquo;une des plus grandes stalagmites d&rsquo;Europe. Au sud, d\u00e9couvrez Cala Mendia, Calas de Mondrag\u00f3, Cala S&rsquo;Almunia, Cal\u00f3 del Moro, Cala Es Caragol et Es Trenc, o\u00f9 vous trouverez ses \u00e9tonnantes salines, dont vous pouvez acheter le sel dans plusieurs magasins de l&rsquo;\u00eele. Choisissez parmi ces<strong> activit\u00e9s \u00e0 faire \u00e0 Majorque<\/strong> et vous d\u00e9couvrirez l&rsquo;essence de l&rsquo;\u00eele. C&rsquo;est pourquoi nous vous recommandons de rester au moins 7 jours \u00e0 Majorque. Profitez de notre \u00eele comme \u00e7a, sans vous presser, ou revenez un jour !      <\/p>&#13;\n","protected":false},"excerpt":{"rendered":"<p>&#13; Majorque est une \u00eele surprenante qui r\u00e9unit toute l&rsquo;essence de la M\u00e9diterran\u00e9e : non seulement des plages enchanteresses aux eaux transparentes, du sable fin, de belles criques&#8230; mais aussi un patrimoine culturel, naturel et gastronomique surprenant. Voici 10 id\u00e9es de choses \u00e0 faire \u00e0 Majorque qui vous permettront de d\u00e9couvrir ces aspects, mais nous &#8230; <a title=\"Que voir \u00e0 Majorque, Les 10 incontournables qui rendront votre visite inoubliable\" class=\"read-more\" href=\"https:\/\/blog.k10mobility.com\/fr\/a-voir-a-majorque-les-10-elements-essentiels-qui-rendront-votre-visite-inoubliable\/\" aria-label=\"En savoir plus sur Que voir \u00e0 Majorque, Les 10 incontournables qui rendront votre visite inoubliable\">Lire la suite<\/a><\/p>\n","protected":false},"author":1,"featured_media":13328,"comment_status":"closed","ping_status":"closed","sticky":false,"template":"","format":"standard","meta":{"footnotes":""},"categories":[232],"tags":[],"class_list":["post-13324","post","type-post","status-publish","format-standard","has-post-thumbnail","hentry","category-mallorca"],"yoast_head":"<!-- This site is optimized with the Yoast SEO plugin v27.4 - https:\/\/yoast.com\/product\/yoast-seo-wordpress\/ -->\n<title>\u1405 Que voir \u00e0 Majorque - Les 10 incontournables | K10 Mobility \u00ae<\/title>\n<meta name=\"description\" content=\"Si vous vous demandez ce qu&#039;il faut voir et faire \u00e0 Majorque, d\u00e9couvrez ce guide de Majorque, comment vous d\u00e9placer et quels sont les meilleurs endroits \u00e0 visiter.\" \/>\n<meta name=\"robots\" content=\"index, follow, max-snippet:-1, max-image-preview:large, max-video-preview:-1\" \/>\n<link rel=\"canonical\" href=\"https:\/\/blog.k10mobility.com\/fr\/a-voir-a-majorque-les-10-elements-essentiels-qui-rendront-votre-visite-inoubliable\/\" \/>\n<meta property=\"og:locale\" content=\"fr_FR\" \/>\n<meta property=\"og:type\" content=\"article\" \/>\n<meta property=\"og:title\" content=\"\u1405 Que voir \u00e0 Majorque - Les 10 incontournables | K10 Mobility \u00ae\" \/>\n<meta property=\"og:description\" content=\"Si vous vous demandez ce qu&#039;il faut voir et faire \u00e0 Majorque, d\u00e9couvrez ce guide de Majorque, comment vous d\u00e9placer et quels sont les meilleurs endroits \u00e0 visiter.\" \/>\n<meta property=\"og:url\" content=\"https:\/\/blog.k10mobility.com\/fr\/a-voir-a-majorque-les-10-elements-essentiels-qui-rendront-votre-visite-inoubliable\/\" \/>\n<meta property=\"og:site_name\" content=\"K10 Mobility\" \/>\n<meta property=\"article:publisher\" content=\"https:\/\/www.facebook.com\/k10mobility\/\" \/>\n<meta property=\"article:published_time\" content=\"2022-11-30T11:58:25+00:00\" \/>\n<meta property=\"article:modified_time\" content=\"2026-01-22T11:41:16+00:00\" \/>\n<meta property=\"og:image\" content=\"https:\/\/blog.k10mobility.com\/wp-content\/uploads\/2022\/11\/que-ver-en-mallorca.jpg\" \/>\n\t<meta property=\"og:image:width\" content=\"1000\" \/>\n\t<meta property=\"og:image:height\" content=\"562\" \/>\n\t<meta property=\"og:image:type\" content=\"image\/jpeg\" \/>\n<meta name=\"author\" content=\"K10\" \/>\n<meta name=\"twitter:card\" content=\"summary_large_image\" \/>\n<meta name=\"twitter:label1\" content=\"\u00c9crit par\" \/>\n\t<meta name=\"twitter:data1\" content=\"K10\" \/>\n\t<meta name=\"twitter:label2\" content=\"Dur\u00e9e de lecture estim\u00e9e\" \/>\n\t<meta name=\"twitter:data2\" content=\"6 minutes\" \/>\n<script type=\"application\/ld+json\" class=\"yoast-schema-graph\">{\"@context\":\"https:\\\/\\\/schema.org\",\"@graph\":[{\"@type\":\"Article\",\"@id\":\"https:\\\/\\\/blog.k10mobility.com\\\/fr\\\/a-voir-a-majorque-les-10-elements-essentiels-qui-rendront-votre-visite-inoubliable\\\/#article\",\"isPartOf\":{\"@id\":\"https:\\\/\\\/blog.k10mobility.com\\\/fr\\\/a-voir-a-majorque-les-10-elements-essentiels-qui-rendront-votre-visite-inoubliable\\\/\"},\"author\":{\"name\":\"K10\",\"@id\":\"https:\\\/\\\/blog.k10mobility.com\\\/fr\\\/#\\\/schema\\\/person\\\/f31e5cd36f44f986645396161453818b\"},\"headline\":\"Que voir \u00e0 Majorque, Les 10 incontournables qui rendront votre visite inoubliable\",\"datePublished\":\"2022-11-30T11:58:25+00:00\",\"dateModified\":\"2026-01-22T11:41:16+00:00\",\"mainEntityOfPage\":{\"@id\":\"https:\\\/\\\/blog.k10mobility.com\\\/fr\\\/a-voir-a-majorque-les-10-elements-essentiels-qui-rendront-votre-visite-inoubliable\\\/\"},\"wordCount\":1238,\"publisher\":{\"@id\":\"https:\\\/\\\/blog.k10mobility.com\\\/fr\\\/#organization\"},\"image\":{\"@id\":\"https:\\\/\\\/blog.k10mobility.com\\\/fr\\\/a-voir-a-majorque-les-10-elements-essentiels-qui-rendront-votre-visite-inoubliable\\\/#primaryimage\"},\"thumbnailUrl\":\"https:\\\/\\\/blog.k10mobility.com\\\/wp-content\\\/uploads\\\/2022\\\/11\\\/que-ver-en-mallorca.jpg\",\"articleSection\":[\"Majorque\"],\"inLanguage\":\"fr-FR\"},{\"@type\":\"WebPage\",\"@id\":\"https:\\\/\\\/blog.k10mobility.com\\\/fr\\\/a-voir-a-majorque-les-10-elements-essentiels-qui-rendront-votre-visite-inoubliable\\\/\",\"url\":\"https:\\\/\\\/blog.k10mobility.com\\\/fr\\\/a-voir-a-majorque-les-10-elements-essentiels-qui-rendront-votre-visite-inoubliable\\\/\",\"name\":\"\u1405 Que voir \u00e0 Majorque - Les 10 incontournables | K10 Mobility \u00ae\",\"isPartOf\":{\"@id\":\"https:\\\/\\\/blog.k10mobility.com\\\/fr\\\/#website\"},\"primaryImageOfPage\":{\"@id\":\"https:\\\/\\\/blog.k10mobility.com\\\/fr\\\/a-voir-a-majorque-les-10-elements-essentiels-qui-rendront-votre-visite-inoubliable\\\/#primaryimage\"},\"image\":{\"@id\":\"https:\\\/\\\/blog.k10mobility.com\\\/fr\\\/a-voir-a-majorque-les-10-elements-essentiels-qui-rendront-votre-visite-inoubliable\\\/#primaryimage\"},\"thumbnailUrl\":\"https:\\\/\\\/blog.k10mobility.com\\\/wp-content\\\/uploads\\\/2022\\\/11\\\/que-ver-en-mallorca.jpg\",\"datePublished\":\"2022-11-30T11:58:25+00:00\",\"dateModified\":\"2026-01-22T11:41:16+00:00\",\"description\":\"Si vous vous demandez ce qu'il faut voir et faire \u00e0 Majorque, d\u00e9couvrez ce guide de Majorque, comment vous d\u00e9placer et quels sont les meilleurs endroits \u00e0 visiter.\",\"breadcrumb\":{\"@id\":\"https:\\\/\\\/blog.k10mobility.com\\\/fr\\\/a-voir-a-majorque-les-10-elements-essentiels-qui-rendront-votre-visite-inoubliable\\\/#breadcrumb\"},\"inLanguage\":\"fr-FR\",\"potentialAction\":[{\"@type\":\"ReadAction\",\"target\":[\"https:\\\/\\\/blog.k10mobility.com\\\/fr\\\/a-voir-a-majorque-les-10-elements-essentiels-qui-rendront-votre-visite-inoubliable\\\/\"]}]},{\"@type\":\"ImageObject\",\"inLanguage\":\"fr-FR\",\"@id\":\"https:\\\/\\\/blog.k10mobility.com\\\/fr\\\/a-voir-a-majorque-les-10-elements-essentiels-qui-rendront-votre-visite-inoubliable\\\/#primaryimage\",\"url\":\"https:\\\/\\\/blog.k10mobility.com\\\/wp-content\\\/uploads\\\/2022\\\/11\\\/que-ver-en-mallorca.jpg\",\"contentUrl\":\"https:\\\/\\\/blog.k10mobility.com\\\/wp-content\\\/uploads\\\/2022\\\/11\\\/que-ver-en-mallorca.jpg\",\"width\":1000,\"height\":562,\"caption\":\"choses \u00e0 faire \u00e0 mallorque\"},{\"@type\":\"BreadcrumbList\",\"@id\":\"https:\\\/\\\/blog.k10mobility.com\\\/fr\\\/a-voir-a-majorque-les-10-elements-essentiels-qui-rendront-votre-visite-inoubliable\\\/#breadcrumb\",\"itemListElement\":[{\"@type\":\"ListItem\",\"position\":1,\"name\":\"K10 Mobility\",\"item\":\"https:\\\/\\\/blog.k10mobility.com\\\/fr\\\/\"},{\"@type\":\"ListItem\",\"position\":2,\"name\":\"Que voir \u00e0 Majorque, Les 10 incontournables qui rendront votre visite inoubliable\"}]},{\"@type\":\"WebSite\",\"@id\":\"https:\\\/\\\/blog.k10mobility.com\\\/fr\\\/#website\",\"url\":\"https:\\\/\\\/blog.k10mobility.com\\\/fr\\\/\",\"name\":\"K10 Mobility\",\"description\":\"Rent a car en Ibiza y Mallorca\",\"publisher\":{\"@id\":\"https:\\\/\\\/blog.k10mobility.com\\\/fr\\\/#organization\"},\"alternateName\":\"K10 Rent a car\",\"potentialAction\":[{\"@type\":\"SearchAction\",\"target\":{\"@type\":\"EntryPoint\",\"urlTemplate\":\"https:\\\/\\\/blog.k10mobility.com\\\/fr\\\/?s={search_term_string}\"},\"query-input\":{\"@type\":\"PropertyValueSpecification\",\"valueRequired\":true,\"valueName\":\"search_term_string\"}}],\"inLanguage\":\"fr-FR\"},{\"@type\":\"Organization\",\"@id\":\"https:\\\/\\\/blog.k10mobility.com\\\/fr\\\/#organization\",\"name\":\"K10 Mobility\",\"alternateName\":\"K10 Mobility rent a car en Ibiza y Mallorca\",\"url\":\"https:\\\/\\\/blog.k10mobility.com\\\/fr\\\/\",\"logo\":{\"@type\":\"ImageObject\",\"inLanguage\":\"fr-FR\",\"@id\":\"https:\\\/\\\/blog.k10mobility.com\\\/fr\\\/#\\\/schema\\\/logo\\\/image\\\/\",\"url\":\"https:\\\/\\\/blog.k10mobility.com\\\/wp-content\\\/uploads\\\/2025\\\/11\\\/cropped-Logo-K10-color-apaisado.png\",\"contentUrl\":\"https:\\\/\\\/blog.k10mobility.com\\\/wp-content\\\/uploads\\\/2025\\\/11\\\/cropped-Logo-K10-color-apaisado.png\",\"width\":665,\"height\":105,\"caption\":\"K10 Mobility\"},\"image\":{\"@id\":\"https:\\\/\\\/blog.k10mobility.com\\\/fr\\\/#\\\/schema\\\/logo\\\/image\\\/\"},\"sameAs\":[\"https:\\\/\\\/www.facebook.com\\\/k10mobility\\\/\",\"https:\\\/\\\/www.instagram.com\\\/k10mobility\\\/\"]},{\"@type\":\"Person\",\"@id\":\"https:\\\/\\\/blog.k10mobility.com\\\/fr\\\/#\\\/schema\\\/person\\\/f31e5cd36f44f986645396161453818b\",\"name\":\"K10\",\"image\":{\"@type\":\"ImageObject\",\"inLanguage\":\"fr-FR\",\"@id\":\"https:\\\/\\\/secure.gravatar.com\\\/avatar\\\/206fefb0c43f85b1066007fbea28c7b1ae2fb5432c1864d0ab6dd2b14b6b4e87?s=96&d=mm&r=g\",\"url\":\"https:\\\/\\\/secure.gravatar.com\\\/avatar\\\/206fefb0c43f85b1066007fbea28c7b1ae2fb5432c1864d0ab6dd2b14b6b4e87?s=96&d=mm&r=g\",\"contentUrl\":\"https:\\\/\\\/secure.gravatar.com\\\/avatar\\\/206fefb0c43f85b1066007fbea28c7b1ae2fb5432c1864d0ab6dd2b14b6b4e87?s=96&d=mm&r=g\",\"caption\":\"K10\"},\"sameAs\":[\"https:\\\/\\\/blog.k10mobility.com\"],\"url\":\"https:\\\/\\\/blog.k10mobility.com\\\/fr\\\/author\\\/s72m1n2k10\\\/\"}]}<\/script>\n<!-- \/ Yoast SEO plugin. -->","yoast_head_json":{"title":"\u1405 Que voir \u00e0 Majorque - Les 10 incontournables | K10 Mobility \u00ae","description":"Si vous vous demandez ce qu'il faut voir et faire \u00e0 Majorque, d\u00e9couvrez ce guide de Majorque, comment vous d\u00e9placer et quels sont les meilleurs endroits \u00e0 visiter.","robots":{"index":"index","follow":"follow","max-snippet":"max-snippet:-1","max-image-preview":"max-image-preview:large","max-video-preview":"max-video-preview:-1"},"canonical":"https:\/\/blog.k10mobility.com\/fr\/a-voir-a-majorque-les-10-elements-essentiels-qui-rendront-votre-visite-inoubliable\/","og_locale":"fr_FR","og_type":"article","og_title":"\u1405 Que voir \u00e0 Majorque - Les 10 incontournables | K10 Mobility \u00ae","og_description":"Si vous vous demandez ce qu'il faut voir et faire \u00e0 Majorque, d\u00e9couvrez ce guide de Majorque, comment vous d\u00e9placer et quels sont les meilleurs endroits \u00e0 visiter.","og_url":"https:\/\/blog.k10mobility.com\/fr\/a-voir-a-majorque-les-10-elements-essentiels-qui-rendront-votre-visite-inoubliable\/","og_site_name":"K10 Mobility","article_publisher":"https:\/\/www.facebook.com\/k10mobility\/","article_published_time":"2022-11-30T11:58:25+00:00","article_modified_time":"2026-01-22T11:41:16+00:00","og_image":[{"width":1000,"height":562,"url":"https:\/\/blog.k10mobility.com\/wp-content\/uploads\/2022\/11\/que-ver-en-mallorca.jpg","type":"image\/jpeg"}],"author":"K10","twitter_card":"summary_large_image","twitter_misc":{"\u00c9crit par":"K10","Dur\u00e9e de lecture estim\u00e9e":"6 minutes"},"schema":{"@context":"https:\/\/schema.org","@graph":[{"@type":"Article","@id":"https:\/\/blog.k10mobility.com\/fr\/a-voir-a-majorque-les-10-elements-essentiels-qui-rendront-votre-visite-inoubliable\/#article","isPartOf":{"@id":"https:\/\/blog.k10mobility.com\/fr\/a-voir-a-majorque-les-10-elements-essentiels-qui-rendront-votre-visite-inoubliable\/"},"author":{"name":"K10","@id":"https:\/\/blog.k10mobility.com\/fr\/#\/schema\/person\/f31e5cd36f44f986645396161453818b"},"headline":"Que voir \u00e0 Majorque, Les 10 incontournables qui rendront votre visite inoubliable","datePublished":"2022-11-30T11:58:25+00:00","dateModified":"2026-01-22T11:41:16+00:00","mainEntityOfPage":{"@id":"https:\/\/blog.k10mobility.com\/fr\/a-voir-a-majorque-les-10-elements-essentiels-qui-rendront-votre-visite-inoubliable\/"},"wordCount":1238,"publisher":{"@id":"https:\/\/blog.k10mobility.com\/fr\/#organization"},"image":{"@id":"https:\/\/blog.k10mobility.com\/fr\/a-voir-a-majorque-les-10-elements-essentiels-qui-rendront-votre-visite-inoubliable\/#primaryimage"},"thumbnailUrl":"https:\/\/blog.k10mobility.com\/wp-content\/uploads\/2022\/11\/que-ver-en-mallorca.jpg","articleSection":["Majorque"],"inLanguage":"fr-FR"},{"@type":"WebPage","@id":"https:\/\/blog.k10mobility.com\/fr\/a-voir-a-majorque-les-10-elements-essentiels-qui-rendront-votre-visite-inoubliable\/","url":"https:\/\/blog.k10mobility.com\/fr\/a-voir-a-majorque-les-10-elements-essentiels-qui-rendront-votre-visite-inoubliable\/","name":"\u1405 Que voir \u00e0 Majorque - Les 10 incontournables | K10 Mobility \u00ae","isPartOf":{"@id":"https:\/\/blog.k10mobility.com\/fr\/#website"},"primaryImageOfPage":{"@id":"https:\/\/blog.k10mobility.com\/fr\/a-voir-a-majorque-les-10-elements-essentiels-qui-rendront-votre-visite-inoubliable\/#primaryimage"},"image":{"@id":"https:\/\/blog.k10mobility.com\/fr\/a-voir-a-majorque-les-10-elements-essentiels-qui-rendront-votre-visite-inoubliable\/#primaryimage"},"thumbnailUrl":"https:\/\/blog.k10mobility.com\/wp-content\/uploads\/2022\/11\/que-ver-en-mallorca.jpg","datePublished":"2022-11-30T11:58:25+00:00","dateModified":"2026-01-22T11:41:16+00:00","description":"Si vous vous demandez ce qu'il faut voir et faire \u00e0 Majorque, d\u00e9couvrez ce guide de Majorque, comment vous d\u00e9placer et quels sont les meilleurs endroits \u00e0 visiter.","breadcrumb":{"@id":"https:\/\/blog.k10mobility.com\/fr\/a-voir-a-majorque-les-10-elements-essentiels-qui-rendront-votre-visite-inoubliable\/#breadcrumb"},"inLanguage":"fr-FR","potentialAction":[{"@type":"ReadAction","target":["https:\/\/blog.k10mobility.com\/fr\/a-voir-a-majorque-les-10-elements-essentiels-qui-rendront-votre-visite-inoubliable\/"]}]},{"@type":"ImageObject","inLanguage":"fr-FR","@id":"https:\/\/blog.k10mobility.com\/fr\/a-voir-a-majorque-les-10-elements-essentiels-qui-rendront-votre-visite-inoubliable\/#primaryimage","url":"https:\/\/blog.k10mobility.com\/wp-content\/uploads\/2022\/11\/que-ver-en-mallorca.jpg","contentUrl":"https:\/\/blog.k10mobility.com\/wp-content\/uploads\/2022\/11\/que-ver-en-mallorca.jpg","width":1000,"height":562,"caption":"choses \u00e0 faire \u00e0 mallorque"},{"@type":"BreadcrumbList","@id":"https:\/\/blog.k10mobility.com\/fr\/a-voir-a-majorque-les-10-elements-essentiels-qui-rendront-votre-visite-inoubliable\/#breadcrumb","itemListElement":[{"@type":"ListItem","position":1,"name":"K10 Mobility","item":"https:\/\/blog.k10mobility.com\/fr\/"},{"@type":"ListItem","position":2,"name":"Que voir \u00e0 Majorque, Les 10 incontournables qui rendront votre visite inoubliable"}]},{"@type":"WebSite","@id":"https:\/\/blog.k10mobility.com\/fr\/#website","url":"https:\/\/blog.k10mobility.com\/fr\/","name":"K10 Mobility","description":"Rent a car en Ibiza y Mallorca","publisher":{"@id":"https:\/\/blog.k10mobility.com\/fr\/#organization"},"alternateName":"K10 Rent a car","potentialAction":[{"@type":"SearchAction","target":{"@type":"EntryPoint","urlTemplate":"https:\/\/blog.k10mobility.com\/fr\/?s={search_term_string}"},"query-input":{"@type":"PropertyValueSpecification","valueRequired":true,"valueName":"search_term_string"}}],"inLanguage":"fr-FR"},{"@type":"Organization","@id":"https:\/\/blog.k10mobility.com\/fr\/#organization","name":"K10 Mobility","alternateName":"K10 Mobility rent a car en Ibiza y Mallorca","url":"https:\/\/blog.k10mobility.com\/fr\/","logo":{"@type":"ImageObject","inLanguage":"fr-FR","@id":"https:\/\/blog.k10mobility.com\/fr\/#\/schema\/logo\/image\/","url":"https:\/\/blog.k10mobility.com\/wp-content\/uploads\/2025\/11\/cropped-Logo-K10-color-apaisado.png","contentUrl":"https:\/\/blog.k10mobility.com\/wp-content\/uploads\/2025\/11\/cropped-Logo-K10-color-apaisado.png","width":665,"height":105,"caption":"K10 Mobility"},"image":{"@id":"https:\/\/blog.k10mobility.com\/fr\/#\/schema\/logo\/image\/"},"sameAs":["https:\/\/www.facebook.com\/k10mobility\/","https:\/\/www.instagram.com\/k10mobility\/"]},{"@type":"Person","@id":"https:\/\/blog.k10mobility.com\/fr\/#\/schema\/person\/f31e5cd36f44f986645396161453818b","name":"K10","image":{"@type":"ImageObject","inLanguage":"fr-FR","@id":"https:\/\/secure.gravatar.com\/avatar\/206fefb0c43f85b1066007fbea28c7b1ae2fb5432c1864d0ab6dd2b14b6b4e87?s=96&d=mm&r=g","url":"https:\/\/secure.gravatar.com\/avatar\/206fefb0c43f85b1066007fbea28c7b1ae2fb5432c1864d0ab6dd2b14b6b4e87?s=96&d=mm&r=g","contentUrl":"https:\/\/secure.gravatar.com\/avatar\/206fefb0c43f85b1066007fbea28c7b1ae2fb5432c1864d0ab6dd2b14b6b4e87?s=96&d=mm&r=g","caption":"K10"},"sameAs":["https:\/\/blog.k10mobility.com"],"url":"https:\/\/blog.k10mobility.com\/fr\/author\/s72m1n2k10\/"}]}},"_links":{"self":[{"href":"https:\/\/blog.k10mobility.com\/fr\/wp-json\/wp\/v2\/posts\/13324","targetHints":{"allow":["GET"]}}],"collection":[{"href":"https:\/\/blog.k10mobility.com\/fr\/wp-json\/wp\/v2\/posts"}],"about":[{"href":"https:\/\/blog.k10mobility.com\/fr\/wp-json\/wp\/v2\/types\/post"}],"author":[{"embeddable":true,"href":"https:\/\/blog.k10mobility.com\/fr\/wp-json\/wp\/v2\/users\/1"}],"replies":[{"embeddable":true,"href":"https:\/\/blog.k10mobility.com\/fr\/wp-json\/wp\/v2\/comments?post=13324"}],"version-history":[{"count":4,"href":"https:\/\/blog.k10mobility.com\/fr\/wp-json\/wp\/v2\/posts\/13324\/revisions"}],"predecessor-version":[{"id":14104,"href":"https:\/\/blog.k10mobility.com\/fr\/wp-json\/wp\/v2\/posts\/13324\/revisions\/14104"}],"wp:featuredmedia":[{"embeddable":true,"href":"https:\/\/blog.k10mobility.com\/fr\/wp-json\/wp\/v2\/media\/13328"}],"wp:attachment":[{"href":"https:\/\/blog.k10mobility.com\/fr\/wp-json\/wp\/v2\/media?parent=13324"}],"wp:term":[{"taxonomy":"category","embeddable":true,"href":"https:\/\/blog.k10mobility.com\/fr\/wp-json\/wp\/v2\/categories?post=13324"},{"taxonomy":"post_tag","embeddable":true,"href":"https:\/\/blog.k10mobility.com\/fr\/wp-json\/wp\/v2\/tags?post=13324"}],"curies":[{"name":"wp","href":"https:\/\/api.w.org\/{rel}","templated":true}]}}