{"id":13505,"date":"2023-07-17T07:08:27","date_gmt":"2023-07-17T07:08:27","guid":{"rendered":"https:\/\/blog.k10mobility.com\/lun-des-plus-beaux-villages-dibiza-es-cubells\/"},"modified":"2026-01-22T11:39:35","modified_gmt":"2026-01-22T11:39:35","slug":"lun-des-plus-beaux-villages-dibiza-es-cubells","status":"publish","type":"post","link":"https:\/\/blog.k10mobility.com\/fr\/lun-des-plus-beaux-villages-dibiza-es-cubells\/","title":{"rendered":"L&rsquo;un des plus beaux villages d&rsquo;Ibiza : Es Cubells"},"content":{"rendered":"\n<h2 class=\"wp-block-heading\" id=\"von-toc-1\">Que faire \u00e0 Es Cubells ?<\/h2>\n\n<p>Au sud d&rsquo;Ibiza, dans une merveilleuse enclave entour\u00e9e de nature, se trouve le petit village d&rsquo;Es Cubells.<\/p>\n\n<p>Bien qu&rsquo;il s&rsquo;agisse d&rsquo;un petit village, il poss\u00e8de un charme particulier et offre des attractions int\u00e9ressantes pour les visiteurs. Si vous voulez savoir ce que vous pouvez faire lors de votre visite \u00e0 Es Cubells, lisez ce qui suit et d\u00e9couvrez l&rsquo;essence de l&rsquo;\u00eele. <\/p>\n\n<h3 class=\"wp-block-heading\" id=\"von-toc-2\">Environnement naturel<\/h3>\n<div class=\"wp-block-image\">\n<figure class=\"aligncenter size-full\"><img fetchpriority=\"high\" decoding=\"async\" width=\"800\" height=\"450\" src=\"https:\/\/blog.k10mobility.com\/wp-content\/uploads\/2023\/07\/es-cubells-que-ver-hacer.jpeg\" alt=\"points de vue et falaises &#xE0; es cubells\" class=\"wp-image-6758\" srcset=\"https:\/\/blog.k10mobility.com\/wp-content\/uploads\/2023\/07\/es-cubells-que-ver-hacer.jpeg 800w, https:\/\/blog.k10mobility.com\/wp-content\/uploads\/2023\/07\/es-cubells-que-ver-hacer-300x169.jpeg 300w, https:\/\/blog.k10mobility.com\/wp-content\/uploads\/2023\/07\/es-cubells-que-ver-hacer-768x432.jpeg 768w\" sizes=\"(max-width: 800px) 100vw, 800px\" \/><\/figure>\n<\/div>\n<div style=\"height:40px\" aria-hidden=\"true\" class=\"wp-block-spacer\"><\/div>\n\n<p>L&rsquo;une des principales raisons de visiter Es Cubells est son environnement naturel privil\u00e9gi\u00e9. Il y a plusieurs <strong>points de vue et falaises<\/strong> o\u00f9 vous pouvez vous asseoir et profiter d&rsquo;une vue imprenable sur la mer. <\/p>\n\n<p>Ce petit village se trouve \u00e0 proximit\u00e9 de quelques-unes des <strong>plus belles criques<\/strong> d&rsquo;Ibiza, comme Cala d&rsquo;Hort, Cala Carbo, Cala Vadella, Cala Moli et Cala Tarida. Si vous disposez d&rsquo;une <strong>voiture de location<\/strong>, l&rsquo;itin\u00e9raire sera plus facile et plus confortable, car vous n&rsquo;aurez pas \u00e0 compter sur les transports publics et vous pourrez visiter toutes les criques qui figurent sur votre itin\u00e9raire. <\/p>\n\n<p>Es Cubells poss\u00e8de \u00e9galement sa propre plage, situ\u00e9e au pied d&rsquo;impressionnantes falaises, dont l&rsquo;acc\u00e8s est difficile, mais dont les fonds marins sont id\u00e9aux pour les amateurs de plong\u00e9e.<\/p>\n\n<h3 class=\"wp-block-heading\" id=\"von-toc-3\">Sentiers de randonn\u00e9e<\/h3>\n<div class=\"wp-block-image\">\n<figure class=\"aligncenter size-full\"><img decoding=\"async\" width=\"800\" height=\"450\" src=\"https:\/\/blog.k10mobility.com\/wp-content\/uploads\/2023\/07\/senderismo-es-cubells-ibiza.jpeg\" alt=\"itin&#xE9;raires es cubells ibiza\" class=\"wp-image-6761\" srcset=\"https:\/\/blog.k10mobility.com\/wp-content\/uploads\/2023\/07\/senderismo-es-cubells-ibiza.jpeg 800w, https:\/\/blog.k10mobility.com\/wp-content\/uploads\/2023\/07\/senderismo-es-cubells-ibiza-300x169.jpeg 300w, https:\/\/blog.k10mobility.com\/wp-content\/uploads\/2023\/07\/senderismo-es-cubells-ibiza-768x432.jpeg 768w\" sizes=\"(max-width: 800px) 100vw, 800px\" \/><\/figure>\n<\/div>\n<div style=\"height:40px\" aria-hidden=\"true\" class=\"wp-block-spacer\"><\/div>\n\n<p>Il existe plusieurs itin\u00e9raires de randonn\u00e9e autour d&rsquo;Es Cubells qui vous feront <strong>traverser des paysages magnifiques<\/strong> tels que des for\u00eats, des amandiers et des oliveraies, et qui vous offriront d&rsquo;excellentes vues sur la mer. L&rsquo;un des plus populaires est celui qui va d&rsquo;<strong>Es Cubells \u00e0 Cala d&rsquo;Hort<\/strong>. <\/p>\n\n<h3 class=\"wp-block-heading\" id=\"von-toc-4\">Promenade dans le centre-ville<\/h3>\n\n<p>Le centre urbain de cette petite ville est construit autour de l&rsquo;<strong>\u00e9glise<\/strong>. Cette \u00e9glise est un exemple clair de l&rsquo;architecture religieuse d&rsquo;Ibiza, caract\u00e9ris\u00e9e par sa simplicit\u00e9 et sa sobri\u00e9t\u00e9. Ses murs blancs et son clocher simple se d\u00e9tachent du ciel bleu et de la verdure environnante, cr\u00e9ant une image vraiment pittoresque.  <\/p>\n\n<h3 class=\"wp-block-heading\" id=\"von-toc-5\">Profitez de la gastronomie et des traditions de l&rsquo;\u00eele<\/h3>\n<div class=\"wp-block-image\">\n<figure class=\"aligncenter size-full\"><img decoding=\"async\" width=\"800\" height=\"450\" src=\"https:\/\/blog.k10mobility.com\/wp-content\/uploads\/2023\/07\/fiestas-del-carmen-es-cubells.jpeg\" alt=\"fiestas in es cubells\" class=\"wp-image-6763\" srcset=\"https:\/\/blog.k10mobility.com\/wp-content\/uploads\/2023\/07\/fiestas-del-carmen-es-cubells.jpeg 800w, https:\/\/blog.k10mobility.com\/wp-content\/uploads\/2023\/07\/fiestas-del-carmen-es-cubells-300x169.jpeg 300w, https:\/\/blog.k10mobility.com\/wp-content\/uploads\/2023\/07\/fiestas-del-carmen-es-cubells-768x432.jpeg 768w\" sizes=\"(max-width: 800px) 100vw, 800px\" \/><\/figure>\n<\/div>\n<div style=\"height:40px\" aria-hidden=\"true\" class=\"wp-block-spacer\"><\/div>\n\n<p>\u00c0 Es Cubells, vous pourrez d\u00e9guster la gastronomie typique de l&rsquo;\u00eele. Le <strong>16 juillet <\/strong>, les <strong>f\u00eates patronales de<\/strong> la ville sont c\u00e9l\u00e9br\u00e9es et les rues sont remplies de joie, de locaux et de touristes.<\/p>\n\n<p>Au cours de ce festival, vous pourrez <strong>\u00e9galement d\u00e9guster les produits de l&rsquo;\u00eele<\/strong>, visiter des expositions et assister \u00e0 des <strong>danses paysannes traditionnelles.<\/strong><\/p>\n\n<p>Si vous recherchez la tranquillit\u00e9, la <strong>nature et la tradition<\/strong>, Es Cubells devrait figurer sur votre itin\u00e9raire de voyage.<\/p>\n\n<h3 class=\"wp-block-heading\" id=\"von-toc-6\">La location de voiture \u00e0 Ibiza<\/h3>\n\n<p>D\u00e9couvrir les villages les plus charmants comme Es Cubells est confortable et facile si vous avez une <a href=\"https:\/\/blog.k10mobility.com\/fr\/\">voiture de location \u00e0 Ibiza<\/a>. Vous pouvez ainsi explorer l&rsquo;\u00eele \u00e0 votre <strong>rythme<\/strong>, sans d\u00e9pendre ni vous soucier des itin\u00e9raires et des horaires des transports publics. La location d&rsquo;une voiture <strong>vous permet \u00e9galement d&rsquo;acc\u00e9der \u00e0 des endroits qui seraient difficiles d&rsquo;acc\u00e8s autrement<\/strong>, comme les plages et les criques \u00e9loign\u00e9es. C&rsquo;est aussi une fa\u00e7on amusante de d\u00e9couvrir l&rsquo;\u00eele, surtout si vous voyagez en compagnie de quelqu&rsquo;un d&rsquo;autre. Apr\u00e8s cet article dans lequel nous avons visit\u00e9 Es Cubells, <strong>il ne nous reste plus qu&rsquo;\u00e0 vous souhaiter le meilleur de l&rsquo;\u00eele et surtout de cette petite ville tranquille.<\/strong>    <\/p>\n","protected":false},"excerpt":{"rendered":"<p>Que faire \u00e0 Es Cubells ? Au sud d&rsquo;Ibiza, dans une merveilleuse enclave entour\u00e9e de nature, se trouve le petit village d&rsquo;Es Cubells. Bien qu&rsquo;il s&rsquo;agisse d&rsquo;un petit village, il poss\u00e8de un charme particulier et offre des attractions int\u00e9ressantes pour les visiteurs. Si vous voulez savoir ce que vous pouvez faire lors de votre visite &#8230; <a title=\"L&rsquo;un des plus beaux villages d&rsquo;Ibiza : Es Cubells\" class=\"read-more\" href=\"https:\/\/blog.k10mobility.com\/fr\/lun-des-plus-beaux-villages-dibiza-es-cubells\/\" aria-label=\"En savoir plus sur L&rsquo;un des plus beaux villages d&rsquo;Ibiza : Es Cubells\">Lire la suite<\/a><\/p>\n","protected":false},"author":2,"featured_media":13509,"comment_status":"closed","ping_status":"closed","sticky":false,"template":"","format":"standard","meta":{"footnotes":""},"categories":[224],"tags":[],"class_list":["post-13505","post","type-post","status-publish","format-standard","has-post-thumbnail","hentry","category-ibiza"],"yoast_head":"<!-- This site is optimized with the Yoast SEO plugin v27.4 - https:\/\/yoast.com\/product\/yoast-seo-wordpress\/ -->\n<title>\u1405 Es Cubells - L&#039;un des plus beaux villages d&#039;Ibiza K10 Mobility \u00ae<\/title>\n<meta name=\"description\" content=\"D\u00e9couvrez ce qu&#039;il y a \u00e0 voir et \u00e0 faire \u00e0 Es Cubells, l&#039;un des plus beaux villages d&#039;Ibiza, situ\u00e9 dans une merveilleuse enclave entour\u00e9e de nature.\" \/>\n<meta name=\"robots\" content=\"index, follow, max-snippet:-1, max-image-preview:large, max-video-preview:-1\" \/>\n<link rel=\"canonical\" href=\"https:\/\/blog.k10mobility.com\/fr\/lun-des-plus-beaux-villages-dibiza-es-cubells\/\" \/>\n<meta property=\"og:locale\" content=\"fr_FR\" \/>\n<meta property=\"og:type\" content=\"article\" \/>\n<meta property=\"og:title\" content=\"\u1405 Es Cubells - L&#039;un des plus beaux villages d&#039;Ibiza K10 Mobility \u00ae\" \/>\n<meta property=\"og:description\" content=\"D\u00e9couvrez ce qu&#039;il y a \u00e0 voir et \u00e0 faire \u00e0 Es Cubells, l&#039;un des plus beaux villages d&#039;Ibiza, situ\u00e9 dans une merveilleuse enclave entour\u00e9e de nature.\" \/>\n<meta property=\"og:url\" content=\"https:\/\/blog.k10mobility.com\/fr\/lun-des-plus-beaux-villages-dibiza-es-cubells\/\" \/>\n<meta property=\"og:site_name\" content=\"K10 Mobility\" \/>\n<meta property=\"article:publisher\" content=\"https:\/\/www.facebook.com\/k10mobility\/\" \/>\n<meta property=\"article:published_time\" content=\"2023-07-17T07:08:27+00:00\" \/>\n<meta property=\"article:modified_time\" content=\"2026-01-22T11:39:35+00:00\" \/>\n<meta property=\"og:image\" content=\"https:\/\/blog.k10mobility.com\/wp-content\/uploads\/2023\/07\/es-cubells-pueblo-ibiza.jpeg\" \/>\n\t<meta property=\"og:image:width\" content=\"800\" \/>\n\t<meta property=\"og:image:height\" content=\"450\" \/>\n\t<meta property=\"og:image:type\" content=\"image\/jpeg\" \/>\n<meta name=\"author\" content=\"Luis Ram\u00eds\" \/>\n<meta name=\"twitter:card\" content=\"summary_large_image\" \/>\n<meta name=\"twitter:label1\" content=\"\u00c9crit par\" \/>\n\t<meta name=\"twitter:data1\" content=\"Luis Ram\u00eds\" \/>\n\t<meta name=\"twitter:label2\" content=\"Dur\u00e9e de lecture estim\u00e9e\" \/>\n\t<meta name=\"twitter:data2\" content=\"3 minutes\" \/>\n<script type=\"application\/ld+json\" class=\"yoast-schema-graph\">{\"@context\":\"https:\\\/\\\/schema.org\",\"@graph\":[{\"@type\":\"Article\",\"@id\":\"https:\\\/\\\/blog.k10mobility.com\\\/fr\\\/lun-des-plus-beaux-villages-dibiza-es-cubells\\\/#article\",\"isPartOf\":{\"@id\":\"https:\\\/\\\/blog.k10mobility.com\\\/fr\\\/lun-des-plus-beaux-villages-dibiza-es-cubells\\\/\"},\"author\":{\"name\":\"Luis Ram\u00eds\",\"@id\":\"https:\\\/\\\/blog.k10mobility.com\\\/fr\\\/#\\\/schema\\\/person\\\/5f18469c790b92d83fdd98422e621da8\"},\"headline\":\"L&rsquo;un des plus beaux villages d&rsquo;Ibiza : Es Cubells\",\"datePublished\":\"2023-07-17T07:08:27+00:00\",\"dateModified\":\"2026-01-22T11:39:35+00:00\",\"mainEntityOfPage\":{\"@id\":\"https:\\\/\\\/blog.k10mobility.com\\\/fr\\\/lun-des-plus-beaux-villages-dibiza-es-cubells\\\/\"},\"wordCount\":572,\"publisher\":{\"@id\":\"https:\\\/\\\/blog.k10mobility.com\\\/fr\\\/#organization\"},\"image\":{\"@id\":\"https:\\\/\\\/blog.k10mobility.com\\\/fr\\\/lun-des-plus-beaux-villages-dibiza-es-cubells\\\/#primaryimage\"},\"thumbnailUrl\":\"https:\\\/\\\/blog.k10mobility.com\\\/wp-content\\\/uploads\\\/2023\\\/07\\\/es-cubells-pueblo-ibiza.jpeg\",\"articleSection\":[\"Ibiza\"],\"inLanguage\":\"fr-FR\"},{\"@type\":\"WebPage\",\"@id\":\"https:\\\/\\\/blog.k10mobility.com\\\/fr\\\/lun-des-plus-beaux-villages-dibiza-es-cubells\\\/\",\"url\":\"https:\\\/\\\/blog.k10mobility.com\\\/fr\\\/lun-des-plus-beaux-villages-dibiza-es-cubells\\\/\",\"name\":\"\u1405 Es Cubells - L'un des plus beaux villages d'Ibiza K10 Mobility \u00ae\",\"isPartOf\":{\"@id\":\"https:\\\/\\\/blog.k10mobility.com\\\/fr\\\/#website\"},\"primaryImageOfPage\":{\"@id\":\"https:\\\/\\\/blog.k10mobility.com\\\/fr\\\/lun-des-plus-beaux-villages-dibiza-es-cubells\\\/#primaryimage\"},\"image\":{\"@id\":\"https:\\\/\\\/blog.k10mobility.com\\\/fr\\\/lun-des-plus-beaux-villages-dibiza-es-cubells\\\/#primaryimage\"},\"thumbnailUrl\":\"https:\\\/\\\/blog.k10mobility.com\\\/wp-content\\\/uploads\\\/2023\\\/07\\\/es-cubells-pueblo-ibiza.jpeg\",\"datePublished\":\"2023-07-17T07:08:27+00:00\",\"dateModified\":\"2026-01-22T11:39:35+00:00\",\"description\":\"D\u00e9couvrez ce qu'il y a \u00e0 voir et \u00e0 faire \u00e0 Es Cubells, l'un des plus beaux villages d'Ibiza, situ\u00e9 dans une merveilleuse enclave entour\u00e9e de nature.\",\"breadcrumb\":{\"@id\":\"https:\\\/\\\/blog.k10mobility.com\\\/fr\\\/lun-des-plus-beaux-villages-dibiza-es-cubells\\\/#breadcrumb\"},\"inLanguage\":\"fr-FR\",\"potentialAction\":[{\"@type\":\"ReadAction\",\"target\":[\"https:\\\/\\\/blog.k10mobility.com\\\/fr\\\/lun-des-plus-beaux-villages-dibiza-es-cubells\\\/\"]}]},{\"@type\":\"ImageObject\",\"inLanguage\":\"fr-FR\",\"@id\":\"https:\\\/\\\/blog.k10mobility.com\\\/fr\\\/lun-des-plus-beaux-villages-dibiza-es-cubells\\\/#primaryimage\",\"url\":\"https:\\\/\\\/blog.k10mobility.com\\\/wp-content\\\/uploads\\\/2023\\\/07\\\/es-cubells-pueblo-ibiza.jpeg\",\"contentUrl\":\"https:\\\/\\\/blog.k10mobility.com\\\/wp-content\\\/uploads\\\/2023\\\/07\\\/es-cubells-pueblo-ibiza.jpeg\",\"width\":800,\"height\":450,\"caption\":\"que voir \u00e0 es cubells\"},{\"@type\":\"BreadcrumbList\",\"@id\":\"https:\\\/\\\/blog.k10mobility.com\\\/fr\\\/lun-des-plus-beaux-villages-dibiza-es-cubells\\\/#breadcrumb\",\"itemListElement\":[{\"@type\":\"ListItem\",\"position\":1,\"name\":\"K10 Mobility\",\"item\":\"https:\\\/\\\/blog.k10mobility.com\\\/fr\\\/\"},{\"@type\":\"ListItem\",\"position\":2,\"name\":\"L&rsquo;un des plus beaux villages d&rsquo;Ibiza : Es Cubells\"}]},{\"@type\":\"WebSite\",\"@id\":\"https:\\\/\\\/blog.k10mobility.com\\\/fr\\\/#website\",\"url\":\"https:\\\/\\\/blog.k10mobility.com\\\/fr\\\/\",\"name\":\"K10 Mobility\",\"description\":\"Rent a car en Ibiza y Mallorca\",\"publisher\":{\"@id\":\"https:\\\/\\\/blog.k10mobility.com\\\/fr\\\/#organization\"},\"alternateName\":\"K10 Rent a car\",\"potentialAction\":[{\"@type\":\"SearchAction\",\"target\":{\"@type\":\"EntryPoint\",\"urlTemplate\":\"https:\\\/\\\/blog.k10mobility.com\\\/fr\\\/?s={search_term_string}\"},\"query-input\":{\"@type\":\"PropertyValueSpecification\",\"valueRequired\":true,\"valueName\":\"search_term_string\"}}],\"inLanguage\":\"fr-FR\"},{\"@type\":\"Organization\",\"@id\":\"https:\\\/\\\/blog.k10mobility.com\\\/fr\\\/#organization\",\"name\":\"K10 Mobility\",\"alternateName\":\"K10 Mobility rent a car en Ibiza y Mallorca\",\"url\":\"https:\\\/\\\/blog.k10mobility.com\\\/fr\\\/\",\"logo\":{\"@type\":\"ImageObject\",\"inLanguage\":\"fr-FR\",\"@id\":\"https:\\\/\\\/blog.k10mobility.com\\\/fr\\\/#\\\/schema\\\/logo\\\/image\\\/\",\"url\":\"https:\\\/\\\/blog.k10mobility.com\\\/wp-content\\\/uploads\\\/2025\\\/11\\\/cropped-Logo-K10-color-apaisado.png\",\"contentUrl\":\"https:\\\/\\\/blog.k10mobility.com\\\/wp-content\\\/uploads\\\/2025\\\/11\\\/cropped-Logo-K10-color-apaisado.png\",\"width\":665,\"height\":105,\"caption\":\"K10 Mobility\"},\"image\":{\"@id\":\"https:\\\/\\\/blog.k10mobility.com\\\/fr\\\/#\\\/schema\\\/logo\\\/image\\\/\"},\"sameAs\":[\"https:\\\/\\\/www.facebook.com\\\/k10mobility\\\/\",\"https:\\\/\\\/www.instagram.com\\\/k10mobility\\\/\"]},{\"@type\":\"Person\",\"@id\":\"https:\\\/\\\/blog.k10mobility.com\\\/fr\\\/#\\\/schema\\\/person\\\/5f18469c790b92d83fdd98422e621da8\",\"name\":\"Luis Ram\u00eds\",\"image\":{\"@type\":\"ImageObject\",\"inLanguage\":\"fr-FR\",\"@id\":\"https:\\\/\\\/secure.gravatar.com\\\/avatar\\\/30162c41d6f584ef954ac19546d34176104f5a2b363cc65fe6c8b9dc6c1ed9ac?s=96&d=mm&r=g\",\"url\":\"https:\\\/\\\/secure.gravatar.com\\\/avatar\\\/30162c41d6f584ef954ac19546d34176104f5a2b363cc65fe6c8b9dc6c1ed9ac?s=96&d=mm&r=g\",\"contentUrl\":\"https:\\\/\\\/secure.gravatar.com\\\/avatar\\\/30162c41d6f584ef954ac19546d34176104f5a2b363cc65fe6c8b9dc6c1ed9ac?s=96&d=mm&r=g\",\"caption\":\"Luis Ram\u00eds\"},\"url\":\"https:\\\/\\\/blog.k10mobility.com\\\/fr\\\/author\\\/luisr4m1s_k10\\\/\"}]}<\/script>\n<!-- \/ Yoast SEO plugin. -->","yoast_head_json":{"title":"\u1405 Es Cubells - L'un des plus beaux villages d'Ibiza K10 Mobility \u00ae","description":"D\u00e9couvrez ce qu'il y a \u00e0 voir et \u00e0 faire \u00e0 Es Cubells, l'un des plus beaux villages d'Ibiza, situ\u00e9 dans une merveilleuse enclave entour\u00e9e de nature.","robots":{"index":"index","follow":"follow","max-snippet":"max-snippet:-1","max-image-preview":"max-image-preview:large","max-video-preview":"max-video-preview:-1"},"canonical":"https:\/\/blog.k10mobility.com\/fr\/lun-des-plus-beaux-villages-dibiza-es-cubells\/","og_locale":"fr_FR","og_type":"article","og_title":"\u1405 Es Cubells - L'un des plus beaux villages d'Ibiza K10 Mobility \u00ae","og_description":"D\u00e9couvrez ce qu'il y a \u00e0 voir et \u00e0 faire \u00e0 Es Cubells, l'un des plus beaux villages d'Ibiza, situ\u00e9 dans une merveilleuse enclave entour\u00e9e de nature.","og_url":"https:\/\/blog.k10mobility.com\/fr\/lun-des-plus-beaux-villages-dibiza-es-cubells\/","og_site_name":"K10 Mobility","article_publisher":"https:\/\/www.facebook.com\/k10mobility\/","article_published_time":"2023-07-17T07:08:27+00:00","article_modified_time":"2026-01-22T11:39:35+00:00","og_image":[{"width":800,"height":450,"url":"https:\/\/blog.k10mobility.com\/wp-content\/uploads\/2023\/07\/es-cubells-pueblo-ibiza.jpeg","type":"image\/jpeg"}],"author":"Luis Ram\u00eds","twitter_card":"summary_large_image","twitter_misc":{"\u00c9crit par":"Luis Ram\u00eds","Dur\u00e9e de lecture estim\u00e9e":"3 minutes"},"schema":{"@context":"https:\/\/schema.org","@graph":[{"@type":"Article","@id":"https:\/\/blog.k10mobility.com\/fr\/lun-des-plus-beaux-villages-dibiza-es-cubells\/#article","isPartOf":{"@id":"https:\/\/blog.k10mobility.com\/fr\/lun-des-plus-beaux-villages-dibiza-es-cubells\/"},"author":{"name":"Luis Ram\u00eds","@id":"https:\/\/blog.k10mobility.com\/fr\/#\/schema\/person\/5f18469c790b92d83fdd98422e621da8"},"headline":"L&rsquo;un des plus beaux villages d&rsquo;Ibiza : Es Cubells","datePublished":"2023-07-17T07:08:27+00:00","dateModified":"2026-01-22T11:39:35+00:00","mainEntityOfPage":{"@id":"https:\/\/blog.k10mobility.com\/fr\/lun-des-plus-beaux-villages-dibiza-es-cubells\/"},"wordCount":572,"publisher":{"@id":"https:\/\/blog.k10mobility.com\/fr\/#organization"},"image":{"@id":"https:\/\/blog.k10mobility.com\/fr\/lun-des-plus-beaux-villages-dibiza-es-cubells\/#primaryimage"},"thumbnailUrl":"https:\/\/blog.k10mobility.com\/wp-content\/uploads\/2023\/07\/es-cubells-pueblo-ibiza.jpeg","articleSection":["Ibiza"],"inLanguage":"fr-FR"},{"@type":"WebPage","@id":"https:\/\/blog.k10mobility.com\/fr\/lun-des-plus-beaux-villages-dibiza-es-cubells\/","url":"https:\/\/blog.k10mobility.com\/fr\/lun-des-plus-beaux-villages-dibiza-es-cubells\/","name":"\u1405 Es Cubells - L'un des plus beaux villages d'Ibiza K10 Mobility \u00ae","isPartOf":{"@id":"https:\/\/blog.k10mobility.com\/fr\/#website"},"primaryImageOfPage":{"@id":"https:\/\/blog.k10mobility.com\/fr\/lun-des-plus-beaux-villages-dibiza-es-cubells\/#primaryimage"},"image":{"@id":"https:\/\/blog.k10mobility.com\/fr\/lun-des-plus-beaux-villages-dibiza-es-cubells\/#primaryimage"},"thumbnailUrl":"https:\/\/blog.k10mobility.com\/wp-content\/uploads\/2023\/07\/es-cubells-pueblo-ibiza.jpeg","datePublished":"2023-07-17T07:08:27+00:00","dateModified":"2026-01-22T11:39:35+00:00","description":"D\u00e9couvrez ce qu'il y a \u00e0 voir et \u00e0 faire \u00e0 Es Cubells, l'un des plus beaux villages d'Ibiza, situ\u00e9 dans une merveilleuse enclave entour\u00e9e de nature.","breadcrumb":{"@id":"https:\/\/blog.k10mobility.com\/fr\/lun-des-plus-beaux-villages-dibiza-es-cubells\/#breadcrumb"},"inLanguage":"fr-FR","potentialAction":[{"@type":"ReadAction","target":["https:\/\/blog.k10mobility.com\/fr\/lun-des-plus-beaux-villages-dibiza-es-cubells\/"]}]},{"@type":"ImageObject","inLanguage":"fr-FR","@id":"https:\/\/blog.k10mobility.com\/fr\/lun-des-plus-beaux-villages-dibiza-es-cubells\/#primaryimage","url":"https:\/\/blog.k10mobility.com\/wp-content\/uploads\/2023\/07\/es-cubells-pueblo-ibiza.jpeg","contentUrl":"https:\/\/blog.k10mobility.com\/wp-content\/uploads\/2023\/07\/es-cubells-pueblo-ibiza.jpeg","width":800,"height":450,"caption":"que voir \u00e0 es cubells"},{"@type":"BreadcrumbList","@id":"https:\/\/blog.k10mobility.com\/fr\/lun-des-plus-beaux-villages-dibiza-es-cubells\/#breadcrumb","itemListElement":[{"@type":"ListItem","position":1,"name":"K10 Mobility","item":"https:\/\/blog.k10mobility.com\/fr\/"},{"@type":"ListItem","position":2,"name":"L&rsquo;un des plus beaux villages d&rsquo;Ibiza : Es Cubells"}]},{"@type":"WebSite","@id":"https:\/\/blog.k10mobility.com\/fr\/#website","url":"https:\/\/blog.k10mobility.com\/fr\/","name":"K10 Mobility","description":"Rent a car en Ibiza y Mallorca","publisher":{"@id":"https:\/\/blog.k10mobility.com\/fr\/#organization"},"alternateName":"K10 Rent a car","potentialAction":[{"@type":"SearchAction","target":{"@type":"EntryPoint","urlTemplate":"https:\/\/blog.k10mobility.com\/fr\/?s={search_term_string}"},"query-input":{"@type":"PropertyValueSpecification","valueRequired":true,"valueName":"search_term_string"}}],"inLanguage":"fr-FR"},{"@type":"Organization","@id":"https:\/\/blog.k10mobility.com\/fr\/#organization","name":"K10 Mobility","alternateName":"K10 Mobility rent a car en Ibiza y Mallorca","url":"https:\/\/blog.k10mobility.com\/fr\/","logo":{"@type":"ImageObject","inLanguage":"fr-FR","@id":"https:\/\/blog.k10mobility.com\/fr\/#\/schema\/logo\/image\/","url":"https:\/\/blog.k10mobility.com\/wp-content\/uploads\/2025\/11\/cropped-Logo-K10-color-apaisado.png","contentUrl":"https:\/\/blog.k10mobility.com\/wp-content\/uploads\/2025\/11\/cropped-Logo-K10-color-apaisado.png","width":665,"height":105,"caption":"K10 Mobility"},"image":{"@id":"https:\/\/blog.k10mobility.com\/fr\/#\/schema\/logo\/image\/"},"sameAs":["https:\/\/www.facebook.com\/k10mobility\/","https:\/\/www.instagram.com\/k10mobility\/"]},{"@type":"Person","@id":"https:\/\/blog.k10mobility.com\/fr\/#\/schema\/person\/5f18469c790b92d83fdd98422e621da8","name":"Luis Ram\u00eds","image":{"@type":"ImageObject","inLanguage":"fr-FR","@id":"https:\/\/secure.gravatar.com\/avatar\/30162c41d6f584ef954ac19546d34176104f5a2b363cc65fe6c8b9dc6c1ed9ac?s=96&d=mm&r=g","url":"https:\/\/secure.gravatar.com\/avatar\/30162c41d6f584ef954ac19546d34176104f5a2b363cc65fe6c8b9dc6c1ed9ac?s=96&d=mm&r=g","contentUrl":"https:\/\/secure.gravatar.com\/avatar\/30162c41d6f584ef954ac19546d34176104f5a2b363cc65fe6c8b9dc6c1ed9ac?s=96&d=mm&r=g","caption":"Luis Ram\u00eds"},"url":"https:\/\/blog.k10mobility.com\/fr\/author\/luisr4m1s_k10\/"}]}},"_links":{"self":[{"href":"https:\/\/blog.k10mobility.com\/fr\/wp-json\/wp\/v2\/posts\/13505","targetHints":{"allow":["GET"]}}],"collection":[{"href":"https:\/\/blog.k10mobility.com\/fr\/wp-json\/wp\/v2\/posts"}],"about":[{"href":"https:\/\/blog.k10mobility.com\/fr\/wp-json\/wp\/v2\/types\/post"}],"author":[{"embeddable":true,"href":"https:\/\/blog.k10mobility.com\/fr\/wp-json\/wp\/v2\/users\/2"}],"replies":[{"embeddable":true,"href":"https:\/\/blog.k10mobility.com\/fr\/wp-json\/wp\/v2\/comments?post=13505"}],"version-history":[{"count":4,"href":"https:\/\/blog.k10mobility.com\/fr\/wp-json\/wp\/v2\/posts\/13505\/revisions"}],"predecessor-version":[{"id":14025,"href":"https:\/\/blog.k10mobility.com\/fr\/wp-json\/wp\/v2\/posts\/13505\/revisions\/14025"}],"wp:featuredmedia":[{"embeddable":true,"href":"https:\/\/blog.k10mobility.com\/fr\/wp-json\/wp\/v2\/media\/13509"}],"wp:attachment":[{"href":"https:\/\/blog.k10mobility.com\/fr\/wp-json\/wp\/v2\/media?parent=13505"}],"wp:term":[{"taxonomy":"category","embeddable":true,"href":"https:\/\/blog.k10mobility.com\/fr\/wp-json\/wp\/v2\/categories?post=13505"},{"taxonomy":"post_tag","embeddable":true,"href":"https:\/\/blog.k10mobility.com\/fr\/wp-json\/wp\/v2\/tags?post=13505"}],"curies":[{"name":"wp","href":"https:\/\/api.w.org\/{rel}","templated":true}]}}