{"id":13654,"date":"2025-01-17T10:12:57","date_gmt":"2025-01-17T10:12:57","guid":{"rendered":"https:\/\/blog.k10mobility.com\/les-meilleurs-quartiers-de-majorque-ou-vivre\/"},"modified":"2026-01-22T11:41:31","modified_gmt":"2026-01-22T11:41:31","slug":"les-meilleurs-quartiers-de-majorque-ou-vivre","status":"publish","type":"post","link":"https:\/\/blog.k10mobility.com\/fr\/les-meilleurs-quartiers-de-majorque-ou-vivre\/","title":{"rendered":"Les meilleurs endroits pour vivre \u00e0 Majorque"},"content":{"rendered":"<p><b>Imaginez-vous vous r\u00e9veiller chaque jour avec une vue sur la mer ou dans un environnement entour\u00e9 de nature ?<\/b><\/p>\n<p><span style=\"font-weight: 400;\">Si vous envisagez de vous installer \u00e0 Majorque, vous vous posez probablement les questions suivantes <\/span><b>Quelle est la meilleure r\u00e9gion de Majorque pour vivre ?<\/b><span style=\"font-weight: 400;\">. L&rsquo;\u00eele offre des options pour tous les styles de vie, des villes anim\u00e9es aux villes c\u00f4ti\u00e8res tranquilles. D\u00e9couvrez les <\/span><b>meilleurs quartiers de Majorque<\/b><span style=\"font-weight: 400;\"> en fonction de vos besoins.<\/span><\/p>\n<h2 id=\"von-toc-1\"><b>Quelle est la meilleure r\u00e9gion de Majorque pour vivre ?<\/b><\/h2>\n<p><span style=\"font-weight: 400;\">Majorque est une \u00eele diversifi\u00e9e, avec des zones id\u00e9ales pour les familles, les jeunes professionnels ou les retrait\u00e9s \u00e0 la recherche de calme et de tranquillit\u00e9. Voici quelques-unes des <\/span><b>meilleures zones de Majorque<\/b><span style=\"font-weight: 400;\"> en fonction de vos pr\u00e9f\u00e9rences :<\/span><\/p>\n<p><b>Palma de Majorque : une ville pleine de charme<\/b><\/p>\n<p><span style=\"font-weight: 400;\">Si vous cherchez une ville avec tous les services, <\/span><b>Palma de Majorque<\/b><span style=\"font-weight: 400;\"> est un excellent choix. Capitale de l&rsquo;\u00eele, elle offre un m\u00e9lange d&rsquo;histoire, de culture et de modernit\u00e9.<\/span><\/p>\n<ul>\n<li style=\"font-weight: 400;\" aria-level=\"1\"><span style=\"font-weight: 400;\">Id\u00e9al pour ceux qui recherchent un style de vie actif avec des restaurants, des magasins et des plages \u00e0 proximit\u00e9.<\/span><\/li>\n<li style=\"font-weight: 400;\" aria-level=\"1\"><span style=\"font-weight: 400;\">Des quartiers tels que <\/span><b>Santa Catalina<\/b><span style=\"font-weight: 400;\">avec son air boh\u00e8me, et <\/span><b>Son Vida<\/b><span style=\"font-weight: 400;\">pour ceux qui recherchent l&rsquo;exclusivit\u00e9.<\/span><\/li>\n<li style=\"font-weight: 400;\" aria-level=\"1\"><span style=\"font-weight: 400;\">Si vous \u00eates int\u00e9ress\u00e9 par la mobilit\u00e9, vous pouvez consulter les options suivantes <\/span><b>Location de voiture \u00e0 long terme \u00e0 Ibiza<\/b><span style=\"font-weight: 400;\"> et Majorque.<\/span><\/li>\n<\/ul>\n<p><b>Alc\u00fadia : tranquillit\u00e9 et beaut\u00e9 naturelle<\/b><\/p>\n<p><span style=\"font-weight: 400;\">Situ\u00e9e au nord de l&rsquo;\u00eele, Alc\u00fadia est id\u00e9ale pour ceux qui recherchent un environnement plus d\u00e9tendu, avec de belles plages et une vieille ville charmante.<\/span><\/p>\n<ul>\n<li style=\"font-weight: 400;\" aria-level=\"1\"><span style=\"font-weight: 400;\">Consid\u00e9r\u00e9 comme <\/span><b>la meilleure zone de Majorque pour les familles<\/b><span style=\"font-weight: 400;\">Il y a des \u00e9coles et des zones s\u00fbres.<\/span><\/li>\n<li style=\"font-weight: 400;\" aria-level=\"1\"><span style=\"font-weight: 400;\">Parfait pour les amoureux de la nature, avec des parcs naturels et des sentiers \u00e0 proximit\u00e9.<\/span><\/li>\n<\/ul>\n<p><b>Port d&rsquo;Andratx : luxe et exclusivit\u00e9<\/b><\/p>\n<p><span style=\"font-weight: 400;\">Si vous recherchez un quartier haut de gamme avec des vues spectaculaires, Port d&rsquo;Andratx est l&rsquo;un des plus exclusifs de l&rsquo;\u00eele.<\/span><\/p>\n<ul>\n<li style=\"font-weight: 400;\" aria-level=\"1\"><span style=\"font-weight: 400;\">Un lieu id\u00e9al pour ceux qui souhaitent vivre au bord de la mer et profiter d&rsquo;un style de vie haut de gamme.<\/span><\/li>\n<li style=\"font-weight: 400;\" aria-level=\"1\"><span style=\"font-weight: 400;\">Populaire aupr\u00e8s des c\u00e9l\u00e9brit\u00e9s et des hommes d&rsquo;affaires.<\/span><\/li>\n<\/ul>\n<h2 id=\"von-toc-2\"><b>Le meilleur quartier pour vivre \u00e0 Palma de Majorque<\/b><\/h2>\n<p><span style=\"font-weight: 400;\">Si vous pr\u00e9f\u00e9rez vous installer dans la capitale, voici quelques options \u00e0 Palma :<\/span><\/p>\n<ul>\n<li style=\"font-weight: 400;\" aria-level=\"1\"><b>Santa Catalina<\/b><span style=\"font-weight: 400;\">Ambiance boh\u00e8me avec des restaurants et des bars branch\u00e9s.<\/span><\/li>\n<li style=\"font-weight: 400;\" aria-level=\"1\"><b>Promenade<\/b><span style=\"font-weight: 400;\">Id\u00e9al pour ceux qui recherchent une vue sur la mer et un acc\u00e8s aux marinas.<\/span><\/li>\n<li style=\"font-weight: 400;\" aria-level=\"1\"><b>Son Vida<\/b><span style=\"font-weight: 400;\">Urbanisation de luxe avec terrains de golf et intimit\u00e9.<\/span><\/li>\n<\/ul>\n<h2 id=\"von-toc-3\"><b>Quelle est la meilleure r\u00e9gion de Majorque pour les familles ?<\/b><\/h2>\n<p><span style=\"font-weight: 400;\">Si vous cherchez un endroit s\u00fbr avec de bons services pour les enfants, voici quelques options recommand\u00e9es :<\/span><\/p>\n<ul>\n<li style=\"font-weight: 400;\" aria-level=\"1\"><b>Alc\u00fadia et Pollensa<\/b><span style=\"font-weight: 400;\">Environnement familial et convivial avec des plages s\u00fbres et des \u00e9coles internationales.<\/span><\/li>\n<li style=\"font-weight: 400;\" aria-level=\"1\"><b>Santa Ponsa<\/b><span style=\"font-weight: 400;\">Santa Ponsa : elle dispose d&rsquo;urbanisations r\u00e9sidentielles et de parcs pour enfants.<\/span><\/li>\n<li style=\"font-weight: 400;\" aria-level=\"1\"><b>Marratx\u00ed<\/b><span style=\"font-weight: 400;\">Marratx\u00ed : Proche de Palma, avec des options d&rsquo;\u00e9coles et des logements plus abordables.<\/span><\/li>\n<\/ul>\n<p><span style=\"font-weight: 400;\">Majorque offre une grande vari\u00e9t\u00e9 de lieux de vie qui s&rsquo;adaptent \u00e0 votre style de vie. <\/span><b>De la vibrante Palma aux villages tranquilles du nord, chaque endroit a son propre charme.<\/b><span style=\"font-weight: 400;\">chaque endroit a son propre charme. <\/span> <\/p>\n<p><span style=\"font-weight: 400;\">Si vous aimez aussi explorer, vous pouvez d\u00e9couvrir les <\/span><a href=\"\/blog\/top-10-calas-mallorca\/\"><b>meilleures criques de Majorque<\/b><\/a><span style=\"font-weight: 400;\"> ou planifier une excursion avec notre guide <\/span><a href=\"\/blog\/que-ver-en-mallorca-en-3-dias\/\"><b>Que faire \u00e0 Ibiza en 3 jours ?<\/b><\/a><span style=\"font-weight: 400;\">.<\/span><\/p>\n<p><span style=\"font-weight: 400;\">Pr\u00eat \u00e0 trouver votre maison sur l&rsquo;\u00eele ?<\/span><\/p>\n","protected":false},"excerpt":{"rendered":"<p>Imaginez-vous vous r\u00e9veiller chaque jour avec une vue sur la mer ou dans un environnement entour\u00e9 de nature ? Si vous envisagez de vous installer \u00e0 Majorque, vous vous posez probablement les questions suivantes Quelle est la meilleure r\u00e9gion de Majorque pour vivre ?. L&rsquo;\u00eele offre des options pour tous les styles de vie, des &#8230; <a title=\"Les meilleurs endroits pour vivre \u00e0 Majorque\" class=\"read-more\" href=\"https:\/\/blog.k10mobility.com\/fr\/les-meilleurs-quartiers-de-majorque-ou-vivre\/\" aria-label=\"En savoir plus sur Les meilleurs endroits pour vivre \u00e0 Majorque\">Lire la suite<\/a><\/p>\n","protected":false},"author":2,"featured_media":13656,"comment_status":"closed","ping_status":"closed","sticky":false,"template":"","format":"standard","meta":{"footnotes":""},"categories":[232],"tags":[303],"class_list":["post-13654","post","type-post","status-publish","format-standard","has-post-thumbnail","hentry","category-mallorca","tag-vivre-a-majorque"],"yoast_head":"<!-- This site is optimized with the Yoast SEO plugin v27.4 - https:\/\/yoast.com\/product\/yoast-seo-wordpress\/ -->\n<title>Les meilleurs endroits pour vivre \u00e0 Majorque - K10 Mobility<\/title>\n<meta name=\"description\" content=\"Vous cherchez un endroit o\u00f9 vivre \u00e0 Majorque ? D\u00e9couvrez les meilleurs endroits o\u00f9 vivre \u00e0 Majorque gr\u00e2ce aux conseils des habitants ;).\" \/>\n<meta name=\"robots\" content=\"index, follow, max-snippet:-1, max-image-preview:large, max-video-preview:-1\" \/>\n<link rel=\"canonical\" href=\"https:\/\/blog.k10mobility.com\/fr\/les-meilleurs-quartiers-de-majorque-ou-vivre\/\" \/>\n<meta property=\"og:locale\" content=\"fr_FR\" \/>\n<meta property=\"og:type\" content=\"article\" \/>\n<meta property=\"og:title\" content=\"Les meilleurs endroits pour vivre \u00e0 Majorque - K10 Mobility\" \/>\n<meta property=\"og:description\" content=\"Vous cherchez un endroit o\u00f9 vivre \u00e0 Majorque ? D\u00e9couvrez les meilleurs endroits o\u00f9 vivre \u00e0 Majorque gr\u00e2ce aux conseils des habitants ;).\" \/>\n<meta property=\"og:url\" content=\"https:\/\/blog.k10mobility.com\/fr\/les-meilleurs-quartiers-de-majorque-ou-vivre\/\" \/>\n<meta property=\"og:site_name\" content=\"K10 Mobility\" \/>\n<meta property=\"article:publisher\" content=\"https:\/\/www.facebook.com\/k10mobility\/\" \/>\n<meta property=\"article:published_time\" content=\"2025-01-17T10:12:57+00:00\" \/>\n<meta property=\"article:modified_time\" content=\"2026-01-22T11:41:31+00:00\" \/>\n<meta property=\"og:image\" content=\"https:\/\/blog.k10mobility.com\/wp-content\/uploads\/2025\/04\/zonas-vivir-mallorca-e1752132423781.jpg\" \/>\n\t<meta property=\"og:image:width\" content=\"700\" \/>\n\t<meta property=\"og:image:height\" content=\"442\" \/>\n\t<meta property=\"og:image:type\" content=\"image\/jpeg\" \/>\n<meta name=\"author\" content=\"Luis Ram\u00eds\" \/>\n<meta name=\"twitter:card\" content=\"summary_large_image\" \/>\n<meta name=\"twitter:label1\" content=\"\u00c9crit par\" \/>\n\t<meta name=\"twitter:data1\" content=\"Luis Ram\u00eds\" \/>\n\t<meta name=\"twitter:label2\" content=\"Dur\u00e9e de lecture estim\u00e9e\" \/>\n\t<meta name=\"twitter:data2\" content=\"3 minutes\" \/>\n<script type=\"application\/ld+json\" class=\"yoast-schema-graph\">{\"@context\":\"https:\\\/\\\/schema.org\",\"@graph\":[{\"@type\":\"Article\",\"@id\":\"https:\\\/\\\/blog.k10mobility.com\\\/fr\\\/les-meilleurs-quartiers-de-majorque-ou-vivre\\\/#article\",\"isPartOf\":{\"@id\":\"https:\\\/\\\/blog.k10mobility.com\\\/fr\\\/les-meilleurs-quartiers-de-majorque-ou-vivre\\\/\"},\"author\":{\"name\":\"Luis Ram\u00eds\",\"@id\":\"https:\\\/\\\/blog.k10mobility.com\\\/fr\\\/#\\\/schema\\\/person\\\/5f18469c790b92d83fdd98422e621da8\"},\"headline\":\"Les meilleurs endroits pour vivre \u00e0 Majorque\",\"datePublished\":\"2025-01-17T10:12:57+00:00\",\"dateModified\":\"2026-01-22T11:41:31+00:00\",\"mainEntityOfPage\":{\"@id\":\"https:\\\/\\\/blog.k10mobility.com\\\/fr\\\/les-meilleurs-quartiers-de-majorque-ou-vivre\\\/\"},\"wordCount\":588,\"publisher\":{\"@id\":\"https:\\\/\\\/blog.k10mobility.com\\\/fr\\\/#organization\"},\"image\":{\"@id\":\"https:\\\/\\\/blog.k10mobility.com\\\/fr\\\/les-meilleurs-quartiers-de-majorque-ou-vivre\\\/#primaryimage\"},\"thumbnailUrl\":\"https:\\\/\\\/blog.k10mobility.com\\\/wp-content\\\/uploads\\\/2025\\\/04\\\/zonas-vivir-mallorca-e1752132423781.jpg\",\"keywords\":[\"Vivre \u00e0 Majorque\"],\"articleSection\":[\"Majorque\"],\"inLanguage\":\"fr-FR\"},{\"@type\":\"WebPage\",\"@id\":\"https:\\\/\\\/blog.k10mobility.com\\\/fr\\\/les-meilleurs-quartiers-de-majorque-ou-vivre\\\/\",\"url\":\"https:\\\/\\\/blog.k10mobility.com\\\/fr\\\/les-meilleurs-quartiers-de-majorque-ou-vivre\\\/\",\"name\":\"Les meilleurs endroits pour vivre \u00e0 Majorque - K10 Mobility\",\"isPartOf\":{\"@id\":\"https:\\\/\\\/blog.k10mobility.com\\\/fr\\\/#website\"},\"primaryImageOfPage\":{\"@id\":\"https:\\\/\\\/blog.k10mobility.com\\\/fr\\\/les-meilleurs-quartiers-de-majorque-ou-vivre\\\/#primaryimage\"},\"image\":{\"@id\":\"https:\\\/\\\/blog.k10mobility.com\\\/fr\\\/les-meilleurs-quartiers-de-majorque-ou-vivre\\\/#primaryimage\"},\"thumbnailUrl\":\"https:\\\/\\\/blog.k10mobility.com\\\/wp-content\\\/uploads\\\/2025\\\/04\\\/zonas-vivir-mallorca-e1752132423781.jpg\",\"datePublished\":\"2025-01-17T10:12:57+00:00\",\"dateModified\":\"2026-01-22T11:41:31+00:00\",\"description\":\"Vous cherchez un endroit o\u00f9 vivre \u00e0 Majorque ? D\u00e9couvrez les meilleurs endroits o\u00f9 vivre \u00e0 Majorque gr\u00e2ce aux conseils des habitants ;).\",\"breadcrumb\":{\"@id\":\"https:\\\/\\\/blog.k10mobility.com\\\/fr\\\/les-meilleurs-quartiers-de-majorque-ou-vivre\\\/#breadcrumb\"},\"inLanguage\":\"fr-FR\",\"potentialAction\":[{\"@type\":\"ReadAction\",\"target\":[\"https:\\\/\\\/blog.k10mobility.com\\\/fr\\\/les-meilleurs-quartiers-de-majorque-ou-vivre\\\/\"]}]},{\"@type\":\"ImageObject\",\"inLanguage\":\"fr-FR\",\"@id\":\"https:\\\/\\\/blog.k10mobility.com\\\/fr\\\/les-meilleurs-quartiers-de-majorque-ou-vivre\\\/#primaryimage\",\"url\":\"https:\\\/\\\/blog.k10mobility.com\\\/wp-content\\\/uploads\\\/2025\\\/04\\\/zonas-vivir-mallorca-e1752132423781.jpg\",\"contentUrl\":\"https:\\\/\\\/blog.k10mobility.com\\\/wp-content\\\/uploads\\\/2025\\\/04\\\/zonas-vivir-mallorca-e1752132423781.jpg\",\"width\":700,\"height\":442,\"caption\":\"Les meilleurs endroits pour vivre \u00e0 Majorque\"},{\"@type\":\"BreadcrumbList\",\"@id\":\"https:\\\/\\\/blog.k10mobility.com\\\/fr\\\/les-meilleurs-quartiers-de-majorque-ou-vivre\\\/#breadcrumb\",\"itemListElement\":[{\"@type\":\"ListItem\",\"position\":1,\"name\":\"K10 Mobility\",\"item\":\"https:\\\/\\\/blog.k10mobility.com\\\/fr\\\/\"},{\"@type\":\"ListItem\",\"position\":2,\"name\":\"Les meilleurs endroits pour vivre \u00e0 Majorque\"}]},{\"@type\":\"WebSite\",\"@id\":\"https:\\\/\\\/blog.k10mobility.com\\\/fr\\\/#website\",\"url\":\"https:\\\/\\\/blog.k10mobility.com\\\/fr\\\/\",\"name\":\"K10 Mobility\",\"description\":\"Rent a car en Ibiza y Mallorca\",\"publisher\":{\"@id\":\"https:\\\/\\\/blog.k10mobility.com\\\/fr\\\/#organization\"},\"alternateName\":\"K10 Rent a car\",\"potentialAction\":[{\"@type\":\"SearchAction\",\"target\":{\"@type\":\"EntryPoint\",\"urlTemplate\":\"https:\\\/\\\/blog.k10mobility.com\\\/fr\\\/?s={search_term_string}\"},\"query-input\":{\"@type\":\"PropertyValueSpecification\",\"valueRequired\":true,\"valueName\":\"search_term_string\"}}],\"inLanguage\":\"fr-FR\"},{\"@type\":\"Organization\",\"@id\":\"https:\\\/\\\/blog.k10mobility.com\\\/fr\\\/#organization\",\"name\":\"K10 Mobility\",\"alternateName\":\"K10 Mobility rent a car en Ibiza y Mallorca\",\"url\":\"https:\\\/\\\/blog.k10mobility.com\\\/fr\\\/\",\"logo\":{\"@type\":\"ImageObject\",\"inLanguage\":\"fr-FR\",\"@id\":\"https:\\\/\\\/blog.k10mobility.com\\\/fr\\\/#\\\/schema\\\/logo\\\/image\\\/\",\"url\":\"https:\\\/\\\/blog.k10mobility.com\\\/wp-content\\\/uploads\\\/2025\\\/11\\\/cropped-Logo-K10-color-apaisado.png\",\"contentUrl\":\"https:\\\/\\\/blog.k10mobility.com\\\/wp-content\\\/uploads\\\/2025\\\/11\\\/cropped-Logo-K10-color-apaisado.png\",\"width\":665,\"height\":105,\"caption\":\"K10 Mobility\"},\"image\":{\"@id\":\"https:\\\/\\\/blog.k10mobility.com\\\/fr\\\/#\\\/schema\\\/logo\\\/image\\\/\"},\"sameAs\":[\"https:\\\/\\\/www.facebook.com\\\/k10mobility\\\/\",\"https:\\\/\\\/www.instagram.com\\\/k10mobility\\\/\"]},{\"@type\":\"Person\",\"@id\":\"https:\\\/\\\/blog.k10mobility.com\\\/fr\\\/#\\\/schema\\\/person\\\/5f18469c790b92d83fdd98422e621da8\",\"name\":\"Luis Ram\u00eds\",\"image\":{\"@type\":\"ImageObject\",\"inLanguage\":\"fr-FR\",\"@id\":\"https:\\\/\\\/secure.gravatar.com\\\/avatar\\\/30162c41d6f584ef954ac19546d34176104f5a2b363cc65fe6c8b9dc6c1ed9ac?s=96&d=mm&r=g\",\"url\":\"https:\\\/\\\/secure.gravatar.com\\\/avatar\\\/30162c41d6f584ef954ac19546d34176104f5a2b363cc65fe6c8b9dc6c1ed9ac?s=96&d=mm&r=g\",\"contentUrl\":\"https:\\\/\\\/secure.gravatar.com\\\/avatar\\\/30162c41d6f584ef954ac19546d34176104f5a2b363cc65fe6c8b9dc6c1ed9ac?s=96&d=mm&r=g\",\"caption\":\"Luis Ram\u00eds\"},\"url\":\"https:\\\/\\\/blog.k10mobility.com\\\/fr\\\/author\\\/luisr4m1s_k10\\\/\"}]}<\/script>\n<!-- \/ Yoast SEO plugin. -->","yoast_head_json":{"title":"Les meilleurs endroits pour vivre \u00e0 Majorque - K10 Mobility","description":"Vous cherchez un endroit o\u00f9 vivre \u00e0 Majorque ? D\u00e9couvrez les meilleurs endroits o\u00f9 vivre \u00e0 Majorque gr\u00e2ce aux conseils des habitants ;).","robots":{"index":"index","follow":"follow","max-snippet":"max-snippet:-1","max-image-preview":"max-image-preview:large","max-video-preview":"max-video-preview:-1"},"canonical":"https:\/\/blog.k10mobility.com\/fr\/les-meilleurs-quartiers-de-majorque-ou-vivre\/","og_locale":"fr_FR","og_type":"article","og_title":"Les meilleurs endroits pour vivre \u00e0 Majorque - K10 Mobility","og_description":"Vous cherchez un endroit o\u00f9 vivre \u00e0 Majorque ? D\u00e9couvrez les meilleurs endroits o\u00f9 vivre \u00e0 Majorque gr\u00e2ce aux conseils des habitants ;).","og_url":"https:\/\/blog.k10mobility.com\/fr\/les-meilleurs-quartiers-de-majorque-ou-vivre\/","og_site_name":"K10 Mobility","article_publisher":"https:\/\/www.facebook.com\/k10mobility\/","article_published_time":"2025-01-17T10:12:57+00:00","article_modified_time":"2026-01-22T11:41:31+00:00","og_image":[{"width":700,"height":442,"url":"https:\/\/blog.k10mobility.com\/wp-content\/uploads\/2025\/04\/zonas-vivir-mallorca-e1752132423781.jpg","type":"image\/jpeg"}],"author":"Luis Ram\u00eds","twitter_card":"summary_large_image","twitter_misc":{"\u00c9crit par":"Luis Ram\u00eds","Dur\u00e9e de lecture estim\u00e9e":"3 minutes"},"schema":{"@context":"https:\/\/schema.org","@graph":[{"@type":"Article","@id":"https:\/\/blog.k10mobility.com\/fr\/les-meilleurs-quartiers-de-majorque-ou-vivre\/#article","isPartOf":{"@id":"https:\/\/blog.k10mobility.com\/fr\/les-meilleurs-quartiers-de-majorque-ou-vivre\/"},"author":{"name":"Luis Ram\u00eds","@id":"https:\/\/blog.k10mobility.com\/fr\/#\/schema\/person\/5f18469c790b92d83fdd98422e621da8"},"headline":"Les meilleurs endroits pour vivre \u00e0 Majorque","datePublished":"2025-01-17T10:12:57+00:00","dateModified":"2026-01-22T11:41:31+00:00","mainEntityOfPage":{"@id":"https:\/\/blog.k10mobility.com\/fr\/les-meilleurs-quartiers-de-majorque-ou-vivre\/"},"wordCount":588,"publisher":{"@id":"https:\/\/blog.k10mobility.com\/fr\/#organization"},"image":{"@id":"https:\/\/blog.k10mobility.com\/fr\/les-meilleurs-quartiers-de-majorque-ou-vivre\/#primaryimage"},"thumbnailUrl":"https:\/\/blog.k10mobility.com\/wp-content\/uploads\/2025\/04\/zonas-vivir-mallorca-e1752132423781.jpg","keywords":["Vivre \u00e0 Majorque"],"articleSection":["Majorque"],"inLanguage":"fr-FR"},{"@type":"WebPage","@id":"https:\/\/blog.k10mobility.com\/fr\/les-meilleurs-quartiers-de-majorque-ou-vivre\/","url":"https:\/\/blog.k10mobility.com\/fr\/les-meilleurs-quartiers-de-majorque-ou-vivre\/","name":"Les meilleurs endroits pour vivre \u00e0 Majorque - K10 Mobility","isPartOf":{"@id":"https:\/\/blog.k10mobility.com\/fr\/#website"},"primaryImageOfPage":{"@id":"https:\/\/blog.k10mobility.com\/fr\/les-meilleurs-quartiers-de-majorque-ou-vivre\/#primaryimage"},"image":{"@id":"https:\/\/blog.k10mobility.com\/fr\/les-meilleurs-quartiers-de-majorque-ou-vivre\/#primaryimage"},"thumbnailUrl":"https:\/\/blog.k10mobility.com\/wp-content\/uploads\/2025\/04\/zonas-vivir-mallorca-e1752132423781.jpg","datePublished":"2025-01-17T10:12:57+00:00","dateModified":"2026-01-22T11:41:31+00:00","description":"Vous cherchez un endroit o\u00f9 vivre \u00e0 Majorque ? D\u00e9couvrez les meilleurs endroits o\u00f9 vivre \u00e0 Majorque gr\u00e2ce aux conseils des habitants ;).","breadcrumb":{"@id":"https:\/\/blog.k10mobility.com\/fr\/les-meilleurs-quartiers-de-majorque-ou-vivre\/#breadcrumb"},"inLanguage":"fr-FR","potentialAction":[{"@type":"ReadAction","target":["https:\/\/blog.k10mobility.com\/fr\/les-meilleurs-quartiers-de-majorque-ou-vivre\/"]}]},{"@type":"ImageObject","inLanguage":"fr-FR","@id":"https:\/\/blog.k10mobility.com\/fr\/les-meilleurs-quartiers-de-majorque-ou-vivre\/#primaryimage","url":"https:\/\/blog.k10mobility.com\/wp-content\/uploads\/2025\/04\/zonas-vivir-mallorca-e1752132423781.jpg","contentUrl":"https:\/\/blog.k10mobility.com\/wp-content\/uploads\/2025\/04\/zonas-vivir-mallorca-e1752132423781.jpg","width":700,"height":442,"caption":"Les meilleurs endroits pour vivre \u00e0 Majorque"},{"@type":"BreadcrumbList","@id":"https:\/\/blog.k10mobility.com\/fr\/les-meilleurs-quartiers-de-majorque-ou-vivre\/#breadcrumb","itemListElement":[{"@type":"ListItem","position":1,"name":"K10 Mobility","item":"https:\/\/blog.k10mobility.com\/fr\/"},{"@type":"ListItem","position":2,"name":"Les meilleurs endroits pour vivre \u00e0 Majorque"}]},{"@type":"WebSite","@id":"https:\/\/blog.k10mobility.com\/fr\/#website","url":"https:\/\/blog.k10mobility.com\/fr\/","name":"K10 Mobility","description":"Rent a car en Ibiza y Mallorca","publisher":{"@id":"https:\/\/blog.k10mobility.com\/fr\/#organization"},"alternateName":"K10 Rent a car","potentialAction":[{"@type":"SearchAction","target":{"@type":"EntryPoint","urlTemplate":"https:\/\/blog.k10mobility.com\/fr\/?s={search_term_string}"},"query-input":{"@type":"PropertyValueSpecification","valueRequired":true,"valueName":"search_term_string"}}],"inLanguage":"fr-FR"},{"@type":"Organization","@id":"https:\/\/blog.k10mobility.com\/fr\/#organization","name":"K10 Mobility","alternateName":"K10 Mobility rent a car en Ibiza y Mallorca","url":"https:\/\/blog.k10mobility.com\/fr\/","logo":{"@type":"ImageObject","inLanguage":"fr-FR","@id":"https:\/\/blog.k10mobility.com\/fr\/#\/schema\/logo\/image\/","url":"https:\/\/blog.k10mobility.com\/wp-content\/uploads\/2025\/11\/cropped-Logo-K10-color-apaisado.png","contentUrl":"https:\/\/blog.k10mobility.com\/wp-content\/uploads\/2025\/11\/cropped-Logo-K10-color-apaisado.png","width":665,"height":105,"caption":"K10 Mobility"},"image":{"@id":"https:\/\/blog.k10mobility.com\/fr\/#\/schema\/logo\/image\/"},"sameAs":["https:\/\/www.facebook.com\/k10mobility\/","https:\/\/www.instagram.com\/k10mobility\/"]},{"@type":"Person","@id":"https:\/\/blog.k10mobility.com\/fr\/#\/schema\/person\/5f18469c790b92d83fdd98422e621da8","name":"Luis Ram\u00eds","image":{"@type":"ImageObject","inLanguage":"fr-FR","@id":"https:\/\/secure.gravatar.com\/avatar\/30162c41d6f584ef954ac19546d34176104f5a2b363cc65fe6c8b9dc6c1ed9ac?s=96&d=mm&r=g","url":"https:\/\/secure.gravatar.com\/avatar\/30162c41d6f584ef954ac19546d34176104f5a2b363cc65fe6c8b9dc6c1ed9ac?s=96&d=mm&r=g","contentUrl":"https:\/\/secure.gravatar.com\/avatar\/30162c41d6f584ef954ac19546d34176104f5a2b363cc65fe6c8b9dc6c1ed9ac?s=96&d=mm&r=g","caption":"Luis Ram\u00eds"},"url":"https:\/\/blog.k10mobility.com\/fr\/author\/luisr4m1s_k10\/"}]}},"_links":{"self":[{"href":"https:\/\/blog.k10mobility.com\/fr\/wp-json\/wp\/v2\/posts\/13654","targetHints":{"allow":["GET"]}}],"collection":[{"href":"https:\/\/blog.k10mobility.com\/fr\/wp-json\/wp\/v2\/posts"}],"about":[{"href":"https:\/\/blog.k10mobility.com\/fr\/wp-json\/wp\/v2\/types\/post"}],"author":[{"embeddable":true,"href":"https:\/\/blog.k10mobility.com\/fr\/wp-json\/wp\/v2\/users\/2"}],"replies":[{"embeddable":true,"href":"https:\/\/blog.k10mobility.com\/fr\/wp-json\/wp\/v2\/comments?post=13654"}],"version-history":[{"count":2,"href":"https:\/\/blog.k10mobility.com\/fr\/wp-json\/wp\/v2\/posts\/13654\/revisions"}],"predecessor-version":[{"id":14130,"href":"https:\/\/blog.k10mobility.com\/fr\/wp-json\/wp\/v2\/posts\/13654\/revisions\/14130"}],"wp:featuredmedia":[{"embeddable":true,"href":"https:\/\/blog.k10mobility.com\/fr\/wp-json\/wp\/v2\/media\/13656"}],"wp:attachment":[{"href":"https:\/\/blog.k10mobility.com\/fr\/wp-json\/wp\/v2\/media?parent=13654"}],"wp:term":[{"taxonomy":"category","embeddable":true,"href":"https:\/\/blog.k10mobility.com\/fr\/wp-json\/wp\/v2\/categories?post=13654"},{"taxonomy":"post_tag","embeddable":true,"href":"https:\/\/blog.k10mobility.com\/fr\/wp-json\/wp\/v2\/tags?post=13654"}],"curies":[{"name":"wp","href":"https:\/\/api.w.org\/{rel}","templated":true}]}}