{"id":13703,"date":"2025-05-20T10:31:17","date_gmt":"2025-05-20T10:31:17","guid":{"rendered":"https:\/\/blog.k10mobility.com\/decouvrez-ce-quil-faut-voir-a-santanyi-laissez-vous-captiver-par-son-charme-mediterraneen\/"},"modified":"2026-01-22T11:41:57","modified_gmt":"2026-01-22T11:41:57","slug":"decouvrez-ce-quil-faut-voir-a-santanyi-laissez-vous-captiver-par-son-charme-mediterraneen","status":"publish","type":"post","link":"https:\/\/blog.k10mobility.com\/fr\/decouvrez-ce-quil-faut-voir-a-santanyi-laissez-vous-captiver-par-son-charme-mediterraneen\/","title":{"rendered":"D\u00e9couvrez ce qu&rsquo;il faut voir \u00e0 Santanyi : laissez-vous s\u00e9duire par son charme m\u00e9diterran\u00e9en"},"content":{"rendered":"&#13;\n<p>Vous pr\u00e9voyez un voyage \u00e0 Majorque et vous vous demandez <strong>ce qu&rsquo;il faut voir \u00e0 Santany\u00ed<\/strong>? Ce charmant village du sud de l&rsquo;\u00eele est parfait pour ceux qui recherchent une exp\u00e9rience authentique, loin des grandes foules. Bien qu&rsquo;il soit connu pour son atmosph\u00e8re tranquille et pittoresque, Santany\u00ed offre une grande vari\u00e9t\u00e9 de lieux et d&rsquo;activit\u00e9s \u00e0 ne pas manquer.  <\/p>&#13;\n<p>En outre, Santany\u00ed est d\u00e9sormais plus pr\u00e9sent dans l&rsquo;actualit\u00e9, puisque <strong>des c\u00e9l\u00e9brit\u00e9s internationales telles que Kanye West et Bianca Censori<\/strong> ont r\u00e9cemment <strong>\u00e9t\u00e9 aper\u00e7ues en train de profiter de l&rsquo;\u00eele, y compris des zones proches de Santany\u00ed<\/strong>. Leur visite a mis en \u00e9vidence la beaut\u00e9 et la tranquillit\u00e9 de cette r\u00e9gion de Majorque, faisant de Santany\u00ed une destination tr\u00e8s attrayante pour ceux qui recherchent l&rsquo;exclusivit\u00e9 et le contact avec la nature. <\/p>&#13;\n<h2 id=\"von-toc-1\">15 lieux \u00e0 voir \u00e0 Santany\u00ed<\/h2>&#13;\n<p>Santany\u00ed est bien plus qu&rsquo;une simple destination touristique. Son histoire, son architecture et sa nature vous invitent \u00e0 en explorer les moindres recoins. Voici <strong>15 lieux incontournables \u00e0 visiter dans cette pittoresque ville majorquine<\/strong>:  <\/p>&#13;\n<h3 id=\"von-toc-2\">#1 Porta Murada<\/h3>&#13;\n<p>La Porta Murada est l&rsquo;une des principales portes d&rsquo;entr\u00e9e de la vieille ville de Santany\u00ed. Cette impressionnante porte m\u00e9di\u00e9vale, qui faisait partie des murailles de la vieille ville, est un endroit id\u00e9al pour commencer votre visite. De l\u00e0, vous pourrez p\u00e9n\u00e9trer dans les rues pav\u00e9es de la ville et d\u00e9couvrir sa riche histoire.  <\/p>&#13;\n<h3 id=\"von-toc-3\">#2 Plaza Mayor<\/h3>&#13;\n<p>La Plaza Mayor de Santany\u00ed est le c\u0153ur de la ville. C&rsquo;est une place anim\u00e9e, pleine de restaurants, de caf\u00e9s et de boutiques. C&rsquo;est ici que se d\u00e9roulent la plupart des \u00e9v\u00e9nements locaux, tels que les march\u00e9s et les festivals. N&rsquo;oubliez pas de vous asseoir \u00e0 une terrasse et de profiter de la tranquillit\u00e9 tout en observant la vie quotidienne de la ville.   <\/p>&#13;\n<h3 id=\"von-toc-4\">#3 Iglesia Parroquial Sant Andreu<\/h3>&#13;\n<p>L&rsquo;\u00e9glise paroissiale de Sant Andreu est l&rsquo;un des \u00e9difices les plus embl\u00e9matiques de Santany\u00ed. Son architecture impressionnante et sa situation privil\u00e9gi\u00e9e en font un lieu incontournable pour les amateurs d&rsquo;histoire et d&rsquo;architecture. Son int\u00e9rieur est tout aussi fascinant, avec des d\u00e9tails qui refl\u00e8tent la tradition religieuse de la r\u00e9gion.  <\/p>&#13;\n<h3 id=\"von-toc-5\">#4 Casa Rectoral<\/h3>&#13;\n<p>Juste \u00e0 c\u00f4t\u00e9 de l&rsquo;\u00e9glise se trouve la Casa Rectoral, un b\u00e2timent historique datant du XVIIe si\u00e8cle. Ce b\u00e2timent a \u00e9t\u00e9 le t\u00e9moin de l&rsquo;\u00e9volution du village au cours des si\u00e8cles. Bien qu&rsquo;il ne soit pas possible d&rsquo;en visiter l&rsquo;int\u00e9rieur, son architecture et sa situation \u00e0 c\u00f4t\u00e9 de l&rsquo;\u00e9glise en font un point d&rsquo;int\u00e9r\u00eat essentiel.  <\/p>&#13;\n<h3 id=\"von-toc-6\">#5 Mercado de Santany\u00ed<\/h3>&#13;\n<p>Le march\u00e9 de Santany\u00ed est un lieu anim\u00e9 o\u00f9 r\u00e9sidents et touristes se m\u00ealent pour appr\u00e9cier les produits locaux. Organis\u00e9 tous les mercredis et samedis, ce march\u00e9 est une excellente occasion d&rsquo;acheter des fruits, des l\u00e9gumes frais, de l&rsquo;artisanat et bien d&rsquo;autres choses encore. Ce n&rsquo;est pas seulement un lieu de shopping, mais aussi un endroit o\u00f9 vous pouvez d\u00e9couvrir la culture locale.  <\/p>&#13;\n<h3 id=\"von-toc-7\">#6 Es Fort\u00ed<\/h3>&#13;\n<p>Es Fort\u00ed est une petite forteresse situ\u00e9e dans le vieux quartier de Santany\u00ed. Cette fortification, construite au XVIIIe si\u00e8cle, \u00e9tait destin\u00e9e \u00e0 prot\u00e9ger la ville des attaques de pirates. Aujourd&rsquo;hui, vous pouvez vous promener le long de ses murs et profiter des vues panoramiques sur les environs.  <\/p>&#13;\n<h3 id=\"von-toc-8\">#7 Faro de Ses Salines<\/h3>&#13;\n<p>Le phare de Ses Salines est situ\u00e9 dans l&rsquo;une des plus belles r\u00e9gions de l&rsquo;\u00eele, \u00e0 la pointe sud de Majorque. De l\u00e0, vous pourrez profiter d&rsquo;une vue spectaculaire sur la mer M\u00e9diterran\u00e9e et les salines. C&rsquo;est un endroit id\u00e9al pour se promener et profiter de la nature dans toute sa splendeur.  <\/p>&#13;\n<h3 id=\"von-toc-9\">#8 Parque Natural de Mondrag\u00f3<\/h3>&#13;\n<p>Le parc naturel de Mondrag\u00f3 est l&rsquo;une des zones naturelles les plus importantes de Majorque et se trouve tout pr\u00e8s de Santany\u00ed. Ce parc offre une grande vari\u00e9t\u00e9 de paysages, des for\u00eats aux plages et criques impressionnantes. C&rsquo;est un endroit id\u00e9al pour les amateurs de randonn\u00e9e, d&rsquo;observation des oiseaux et de la nature en g\u00e9n\u00e9ral.  <\/p>&#13;\n<h3 id=\"von-toc-10\">#9 Ses Talaies de Can Jordi<\/h3>&#13;\n<p>Ses Talaies de Can Jordi est une ancienne tour de guet situ\u00e9e dans la campagne de Santany\u00ed. De l\u00e0, vous pourrez profiter de vues panoramiques sur l&rsquo;\u00eele, en particulier au lever et au coucher du soleil. Cet endroit est parfait pour ceux qui recherchent la tranquillit\u00e9 et le contact direct avec la nature.  <\/p>&#13;\n<h2 id=\"von-toc-11\">Plages et criques \u00e0 voir \u00e0 Santany\u00ed et aux alentours<\/h2>&#13;\n<p>Si vous cherchez l&rsquo;endroit id\u00e9al pour vous d\u00e9tendre au bord de la mer, Santany\u00ed vous propose plusieurs options incroyables. Des criques tranquilles aux plages plus connues, il y en a pour tous les go\u00fbts. En voici quelques-unes :  <\/p>&#13;\n<h3 id=\"von-toc-12\">#10 Cala Llombards<\/h3>&#13;\n<p>La Cala Llombards est l&rsquo;une des plus belles criques de la r\u00e9gion. Avec ses eaux cristallines et son sable fin, c&rsquo;est l&rsquo;endroit id\u00e9al pour profiter d&rsquo;une journ\u00e9e de soleil et de mer. Elle est entour\u00e9e d&rsquo;impressionnantes falaises, ce qui en fait un lieu id\u00e9al pour ceux qui recherchent la tranquillit\u00e9 et la beaut\u00e9 naturelle.  <\/p>&#13;\n<h3 id=\"von-toc-13\">#11 Cala Santany\u00ed<\/h3>&#13;\n<p>La Cala Santany\u00ed est une autre des plages les plus populaires de la r\u00e9gion. Son ambiance familiale et ses eaux calmes en font un lieu id\u00e9al pour une journ\u00e9e \u00e0 la plage. Elle dispose \u00e9galement de plusieurs installations, comme des bars et des restaurants, qui vous permettront de profiter d&rsquo;un repas en bord de mer.  <\/p>&#13;\n<h3 id=\"von-toc-14\">#12 Cala S&rsquo;Almunia<\/h3>&#13;\n<p>Cala S&rsquo;Almunia est une petite crique entour\u00e9e de falaises, qui se distingue par sa beaut\u00e9 sauvage et ses eaux cristallines. Bien qu&rsquo;elle soit plus difficile d&rsquo;acc\u00e8s que d&rsquo;autres criques, sa nature intacte et son calme en font un endroit tr\u00e8s sp\u00e9cial pour ceux qui cherchent \u00e0 \u00e9chapper \u00e0 la foule. <\/p>&#13;\n<h3 id=\"von-toc-15\">#13 Cala Figuera<\/h3>&#13;\n<p>Cala Figuera est un petit port de p\u00eache situ\u00e9 \u00e0 quelques minutes de Santany\u00ed. Cette crique est connue pour ses maisons blanches qui donnent sur la mer, cr\u00e9ant ainsi une carte postale parfaite. Vous pourrez vous promener le long du port ou simplement vous d\u00e9tendre dans les eaux calmes.  <\/p>&#13;\n<h3 id=\"von-toc-16\">#14 Cala Mitjana<\/h3>&#13;\n<p>Cala Mitjana est une crique cach\u00e9e et tranquille, parfaite pour ceux qui cherchent \u00e0 \u00e9chapper \u00e0 l&rsquo;agitation. Avec son eau turquoise et son sable doux, c&rsquo;est l&rsquo;endroit id\u00e9al pour une baignade relaxante. <\/p>&#13;\n<h3 id=\"von-toc-17\">#15 Cala Mondrag\u00f3<\/h3>&#13;\n<p>La Cala Mondrag\u00f3, situ\u00e9e dans le parc naturel de Mondrag\u00f3, est l&rsquo;une des plages les plus populaires de Santany\u00ed. Avec sa longue \u00e9tendue de sable fin et ses eaux peu profondes, elle est id\u00e9ale pour les familles et pour ceux qui souhaitent profiter d&rsquo;une journ\u00e9e enti\u00e8re \u00e0 la plage. <\/p>&#13;\n<h3 id=\"von-toc-18\">Galer\u00edas de arte y talleres de artistas<\/h3>&#13;\n<p>Santany\u00ed est \u00e9galement connue pour sa riche sc\u00e8ne artistique, avec de nombreuses galeries d&rsquo;art et des ateliers d&rsquo;artistes qui enrichissent encore l&rsquo;offre culturelle de la ville. Si vous \u00eates amateur d&rsquo;art, vous ne pouvez pas manquer l&rsquo;occasion d&rsquo;explorer ces espaces o\u00f9 vous pourrez admirer des expositions d&rsquo;artistes locaux et des \u0153uvres uniques. C&rsquo;est un excellent moyen de s&rsquo;immerger dans la cr\u00e9ativit\u00e9 majorquine et d&#8217;emporter un souvenir artistique de votre visite.  <\/p>&#13;\n<h3 id=\"von-toc-19\">#15 Cuevas del Drach (excursi\u00f3n cercana)<\/h3>&#13;\n<p>\u00c0 quelques kilom\u00e8tres de Santany\u00ed, les grottes de Drach, situ\u00e9es \u00e0 Porto Cristo, sont l&rsquo;une des merveilles naturelles les plus impressionnantes de l&rsquo;\u00eele. Ces grottes souterraines abritent un lac int\u00e9rieur et leur beaut\u00e9 est \u00e0 couper le souffle. Des visites guid\u00e9es vous permettent d&rsquo;explorer les formations rocheuses et, \u00e0 la fin de la visite, vous pouvez assister \u00e0 un concert de musique classique au-dessus du lac, ce qui constitue une exp\u00e9rience inoubliable. Il s&rsquo;agit d&rsquo;une excursion \u00e0 ne pas manquer lors de votre s\u00e9jour \u00e0 Santany\u00ed.   <\/p>&#13;\n<p>Santany\u00ed, avec son m\u00e9lange d&rsquo;histoire, de nature et de plages paradisiaques, est une destination incontournable de Majorque. De son village pittoresque \u00e0 ses magnifiques criques, vous pourrez profiter d&rsquo;une grande vari\u00e9t\u00e9 d&rsquo;activit\u00e9s. Si vous cherchez un endroit pour vous d\u00e9tendre et explorer, Santany\u00ed est sans aucun doute un excellent choix.  <\/p>&#13;\n<p>Aujourd&rsquo;hui, avec l&rsquo;attention port\u00e9e \u00e0 l&rsquo;\u00eele gr\u00e2ce \u00e0 la r\u00e9cente visite de c\u00e9l\u00e9brit\u00e9s internationales telles que Kanye West et Bianca Censori, qui ont \u00e9t\u00e9 aper\u00e7ues en train de profiter de l&rsquo;environnement naturel et de la tranquillit\u00e9 que Majorque a \u00e0 offrir, Santany\u00ed et ses environs se positionnent comme l&rsquo;une des destinations les plus attrayantes pour ceux qui recherchent l&rsquo;exclusivit\u00e9 et la beaut\u00e9 naturelle de la M\u00e9diterran\u00e9e.<\/p>&#13;\n<p>Ne manquez pas l&rsquo;occasion de d\u00e9couvrir tout ce que cette belle ville a \u00e0 offrir !<\/p>&#13;\n","protected":false},"excerpt":{"rendered":"<p>&#13; Vous pr\u00e9voyez un voyage \u00e0 Majorque et vous vous demandez ce qu&rsquo;il faut voir \u00e0 Santany\u00ed? Ce charmant village du sud de l&rsquo;\u00eele est parfait pour ceux qui recherchent une exp\u00e9rience authentique, loin des grandes foules. Bien qu&rsquo;il soit connu pour son atmosph\u00e8re tranquille et pittoresque, Santany\u00ed offre une grande vari\u00e9t\u00e9 de lieux et &#8230; <a title=\"D\u00e9couvrez ce qu&rsquo;il faut voir \u00e0 Santanyi : laissez-vous s\u00e9duire par son charme m\u00e9diterran\u00e9en\" class=\"read-more\" href=\"https:\/\/blog.k10mobility.com\/fr\/decouvrez-ce-quil-faut-voir-a-santanyi-laissez-vous-captiver-par-son-charme-mediterraneen\/\" aria-label=\"En savoir plus sur D\u00e9couvrez ce qu&rsquo;il faut voir \u00e0 Santanyi : laissez-vous s\u00e9duire par son charme m\u00e9diterran\u00e9en\">Lire la suite<\/a><\/p>\n","protected":false},"author":2,"featured_media":13705,"comment_status":"closed","ping_status":"closed","sticky":false,"template":"","format":"standard","meta":{"footnotes":""},"categories":[232],"tags":[],"class_list":["post-13703","post","type-post","status-publish","format-standard","has-post-thumbnail","hentry","category-mallorca"],"yoast_head":"<!-- This site is optimized with the Yoast SEO plugin v27.4 - https:\/\/yoast.com\/product\/yoast-seo-wordpress\/ -->\n<title>\u1405 Que voir \u00e0 Santanyi - Top 10 des incontournables | K10 Mobility \u00ae<\/title>\n<meta name=\"description\" content=\"Si vous vous demandez ce qu&#039;il faut voir et faire \u00e0 Santanyi, voici ce qu&#039;il faut savoir, comment se d\u00e9placer et quels sont les meilleurs endroits \u00e0 visiter.\" \/>\n<meta name=\"robots\" content=\"index, follow, max-snippet:-1, max-image-preview:large, max-video-preview:-1\" \/>\n<link rel=\"canonical\" href=\"https:\/\/blog.k10mobility.com\/fr\/decouvrez-ce-quil-faut-voir-a-santanyi-laissez-vous-captiver-par-son-charme-mediterraneen\/\" \/>\n<meta property=\"og:locale\" content=\"fr_FR\" \/>\n<meta property=\"og:type\" content=\"article\" \/>\n<meta property=\"og:title\" content=\"\u1405 Que voir \u00e0 Santanyi - Top 10 des incontournables | K10 Mobility \u00ae\" \/>\n<meta property=\"og:description\" content=\"Si vous vous demandez ce qu&#039;il faut voir et faire \u00e0 Santanyi, voici ce qu&#039;il faut savoir, comment se d\u00e9placer et quels sont les meilleurs endroits \u00e0 visiter.\" \/>\n<meta property=\"og:url\" content=\"https:\/\/blog.k10mobility.com\/fr\/decouvrez-ce-quil-faut-voir-a-santanyi-laissez-vous-captiver-par-son-charme-mediterraneen\/\" \/>\n<meta property=\"og:site_name\" content=\"K10 Mobility\" \/>\n<meta property=\"article:publisher\" content=\"https:\/\/www.facebook.com\/k10mobility\/\" \/>\n<meta property=\"article:published_time\" content=\"2025-05-20T10:31:17+00:00\" \/>\n<meta property=\"article:modified_time\" content=\"2026-01-22T11:41:57+00:00\" \/>\n<meta property=\"og:image\" content=\"https:\/\/blog.k10mobility.com\/wp-content\/uploads\/2023\/02\/que-ver-en-santanyi-mallorca.jpeg\" \/>\n\t<meta property=\"og:image:width\" content=\"1000\" \/>\n\t<meta property=\"og:image:height\" content=\"562\" \/>\n\t<meta property=\"og:image:type\" content=\"image\/jpeg\" \/>\n<meta name=\"author\" content=\"Luis Ram\u00eds\" \/>\n<meta name=\"twitter:card\" content=\"summary_large_image\" \/>\n<meta name=\"twitter:label1\" content=\"\u00c9crit par\" \/>\n\t<meta name=\"twitter:data1\" content=\"Luis Ram\u00eds\" \/>\n\t<meta name=\"twitter:label2\" content=\"Dur\u00e9e de lecture estim\u00e9e\" \/>\n\t<meta name=\"twitter:data2\" content=\"7 minutes\" \/>\n<script type=\"application\/ld+json\" class=\"yoast-schema-graph\">{\"@context\":\"https:\\\/\\\/schema.org\",\"@graph\":[{\"@type\":\"Article\",\"@id\":\"https:\\\/\\\/blog.k10mobility.com\\\/fr\\\/decouvrez-ce-quil-faut-voir-a-santanyi-laissez-vous-captiver-par-son-charme-mediterraneen\\\/#article\",\"isPartOf\":{\"@id\":\"https:\\\/\\\/blog.k10mobility.com\\\/fr\\\/decouvrez-ce-quil-faut-voir-a-santanyi-laissez-vous-captiver-par-son-charme-mediterraneen\\\/\"},\"author\":{\"name\":\"Luis Ram\u00eds\",\"@id\":\"https:\\\/\\\/blog.k10mobility.com\\\/fr\\\/#\\\/schema\\\/person\\\/5f18469c790b92d83fdd98422e621da8\"},\"headline\":\"D\u00e9couvrez ce qu&rsquo;il faut voir \u00e0 Santanyi : laissez-vous s\u00e9duire par son charme m\u00e9diterran\u00e9en\",\"datePublished\":\"2025-05-20T10:31:17+00:00\",\"dateModified\":\"2026-01-22T11:41:57+00:00\",\"mainEntityOfPage\":{\"@id\":\"https:\\\/\\\/blog.k10mobility.com\\\/fr\\\/decouvrez-ce-quil-faut-voir-a-santanyi-laissez-vous-captiver-par-son-charme-mediterraneen\\\/\"},\"wordCount\":1510,\"publisher\":{\"@id\":\"https:\\\/\\\/blog.k10mobility.com\\\/fr\\\/#organization\"},\"image\":{\"@id\":\"https:\\\/\\\/blog.k10mobility.com\\\/fr\\\/decouvrez-ce-quil-faut-voir-a-santanyi-laissez-vous-captiver-par-son-charme-mediterraneen\\\/#primaryimage\"},\"thumbnailUrl\":\"https:\\\/\\\/blog.k10mobility.com\\\/wp-content\\\/uploads\\\/2023\\\/02\\\/que-ver-en-santanyi-mallorca.jpeg\",\"articleSection\":[\"Majorque\"],\"inLanguage\":\"fr-FR\"},{\"@type\":\"WebPage\",\"@id\":\"https:\\\/\\\/blog.k10mobility.com\\\/fr\\\/decouvrez-ce-quil-faut-voir-a-santanyi-laissez-vous-captiver-par-son-charme-mediterraneen\\\/\",\"url\":\"https:\\\/\\\/blog.k10mobility.com\\\/fr\\\/decouvrez-ce-quil-faut-voir-a-santanyi-laissez-vous-captiver-par-son-charme-mediterraneen\\\/\",\"name\":\"\u1405 Que voir \u00e0 Santanyi - Top 10 des incontournables | K10 Mobility \u00ae\",\"isPartOf\":{\"@id\":\"https:\\\/\\\/blog.k10mobility.com\\\/fr\\\/#website\"},\"primaryImageOfPage\":{\"@id\":\"https:\\\/\\\/blog.k10mobility.com\\\/fr\\\/decouvrez-ce-quil-faut-voir-a-santanyi-laissez-vous-captiver-par-son-charme-mediterraneen\\\/#primaryimage\"},\"image\":{\"@id\":\"https:\\\/\\\/blog.k10mobility.com\\\/fr\\\/decouvrez-ce-quil-faut-voir-a-santanyi-laissez-vous-captiver-par-son-charme-mediterraneen\\\/#primaryimage\"},\"thumbnailUrl\":\"https:\\\/\\\/blog.k10mobility.com\\\/wp-content\\\/uploads\\\/2023\\\/02\\\/que-ver-en-santanyi-mallorca.jpeg\",\"datePublished\":\"2025-05-20T10:31:17+00:00\",\"dateModified\":\"2026-01-22T11:41:57+00:00\",\"description\":\"Si vous vous demandez ce qu'il faut voir et faire \u00e0 Santanyi, voici ce qu'il faut savoir, comment se d\u00e9placer et quels sont les meilleurs endroits \u00e0 visiter.\",\"breadcrumb\":{\"@id\":\"https:\\\/\\\/blog.k10mobility.com\\\/fr\\\/decouvrez-ce-quil-faut-voir-a-santanyi-laissez-vous-captiver-par-son-charme-mediterraneen\\\/#breadcrumb\"},\"inLanguage\":\"fr-FR\",\"potentialAction\":[{\"@type\":\"ReadAction\",\"target\":[\"https:\\\/\\\/blog.k10mobility.com\\\/fr\\\/decouvrez-ce-quil-faut-voir-a-santanyi-laissez-vous-captiver-par-son-charme-mediterraneen\\\/\"]}]},{\"@type\":\"ImageObject\",\"inLanguage\":\"fr-FR\",\"@id\":\"https:\\\/\\\/blog.k10mobility.com\\\/fr\\\/decouvrez-ce-quil-faut-voir-a-santanyi-laissez-vous-captiver-par-son-charme-mediterraneen\\\/#primaryimage\",\"url\":\"https:\\\/\\\/blog.k10mobility.com\\\/wp-content\\\/uploads\\\/2023\\\/02\\\/que-ver-en-santanyi-mallorca.jpeg\",\"contentUrl\":\"https:\\\/\\\/blog.k10mobility.com\\\/wp-content\\\/uploads\\\/2023\\\/02\\\/que-ver-en-santanyi-mallorca.jpeg\",\"width\":1000,\"height\":562,\"caption\":\"que faire \u00e0 santanyi\"},{\"@type\":\"BreadcrumbList\",\"@id\":\"https:\\\/\\\/blog.k10mobility.com\\\/fr\\\/decouvrez-ce-quil-faut-voir-a-santanyi-laissez-vous-captiver-par-son-charme-mediterraneen\\\/#breadcrumb\",\"itemListElement\":[{\"@type\":\"ListItem\",\"position\":1,\"name\":\"K10 Mobility\",\"item\":\"https:\\\/\\\/blog.k10mobility.com\\\/fr\\\/\"},{\"@type\":\"ListItem\",\"position\":2,\"name\":\"D\u00e9couvrez ce qu&#8217;il faut voir \u00e0 Santanyi : laissez-vous s\u00e9duire par son charme m\u00e9diterran\u00e9en\"}]},{\"@type\":\"WebSite\",\"@id\":\"https:\\\/\\\/blog.k10mobility.com\\\/fr\\\/#website\",\"url\":\"https:\\\/\\\/blog.k10mobility.com\\\/fr\\\/\",\"name\":\"K10 Mobility\",\"description\":\"Rent a car en Ibiza y Mallorca\",\"publisher\":{\"@id\":\"https:\\\/\\\/blog.k10mobility.com\\\/fr\\\/#organization\"},\"alternateName\":\"K10 Rent a car\",\"potentialAction\":[{\"@type\":\"SearchAction\",\"target\":{\"@type\":\"EntryPoint\",\"urlTemplate\":\"https:\\\/\\\/blog.k10mobility.com\\\/fr\\\/?s={search_term_string}\"},\"query-input\":{\"@type\":\"PropertyValueSpecification\",\"valueRequired\":true,\"valueName\":\"search_term_string\"}}],\"inLanguage\":\"fr-FR\"},{\"@type\":\"Organization\",\"@id\":\"https:\\\/\\\/blog.k10mobility.com\\\/fr\\\/#organization\",\"name\":\"K10 Mobility\",\"alternateName\":\"K10 Mobility rent a car en Ibiza y Mallorca\",\"url\":\"https:\\\/\\\/blog.k10mobility.com\\\/fr\\\/\",\"logo\":{\"@type\":\"ImageObject\",\"inLanguage\":\"fr-FR\",\"@id\":\"https:\\\/\\\/blog.k10mobility.com\\\/fr\\\/#\\\/schema\\\/logo\\\/image\\\/\",\"url\":\"https:\\\/\\\/blog.k10mobility.com\\\/wp-content\\\/uploads\\\/2025\\\/11\\\/cropped-Logo-K10-color-apaisado.png\",\"contentUrl\":\"https:\\\/\\\/blog.k10mobility.com\\\/wp-content\\\/uploads\\\/2025\\\/11\\\/cropped-Logo-K10-color-apaisado.png\",\"width\":665,\"height\":105,\"caption\":\"K10 Mobility\"},\"image\":{\"@id\":\"https:\\\/\\\/blog.k10mobility.com\\\/fr\\\/#\\\/schema\\\/logo\\\/image\\\/\"},\"sameAs\":[\"https:\\\/\\\/www.facebook.com\\\/k10mobility\\\/\",\"https:\\\/\\\/www.instagram.com\\\/k10mobility\\\/\"]},{\"@type\":\"Person\",\"@id\":\"https:\\\/\\\/blog.k10mobility.com\\\/fr\\\/#\\\/schema\\\/person\\\/5f18469c790b92d83fdd98422e621da8\",\"name\":\"Luis Ram\u00eds\",\"image\":{\"@type\":\"ImageObject\",\"inLanguage\":\"fr-FR\",\"@id\":\"https:\\\/\\\/secure.gravatar.com\\\/avatar\\\/30162c41d6f584ef954ac19546d34176104f5a2b363cc65fe6c8b9dc6c1ed9ac?s=96&d=mm&r=g\",\"url\":\"https:\\\/\\\/secure.gravatar.com\\\/avatar\\\/30162c41d6f584ef954ac19546d34176104f5a2b363cc65fe6c8b9dc6c1ed9ac?s=96&d=mm&r=g\",\"contentUrl\":\"https:\\\/\\\/secure.gravatar.com\\\/avatar\\\/30162c41d6f584ef954ac19546d34176104f5a2b363cc65fe6c8b9dc6c1ed9ac?s=96&d=mm&r=g\",\"caption\":\"Luis Ram\u00eds\"},\"url\":\"https:\\\/\\\/blog.k10mobility.com\\\/fr\\\/author\\\/luisr4m1s_k10\\\/\"}]}<\/script>\n<!-- \/ Yoast SEO plugin. -->","yoast_head_json":{"title":"\u1405 Que voir \u00e0 Santanyi - Top 10 des incontournables | K10 Mobility \u00ae","description":"Si vous vous demandez ce qu'il faut voir et faire \u00e0 Santanyi, voici ce qu'il faut savoir, comment se d\u00e9placer et quels sont les meilleurs endroits \u00e0 visiter.","robots":{"index":"index","follow":"follow","max-snippet":"max-snippet:-1","max-image-preview":"max-image-preview:large","max-video-preview":"max-video-preview:-1"},"canonical":"https:\/\/blog.k10mobility.com\/fr\/decouvrez-ce-quil-faut-voir-a-santanyi-laissez-vous-captiver-par-son-charme-mediterraneen\/","og_locale":"fr_FR","og_type":"article","og_title":"\u1405 Que voir \u00e0 Santanyi - Top 10 des incontournables | K10 Mobility \u00ae","og_description":"Si vous vous demandez ce qu'il faut voir et faire \u00e0 Santanyi, voici ce qu'il faut savoir, comment se d\u00e9placer et quels sont les meilleurs endroits \u00e0 visiter.","og_url":"https:\/\/blog.k10mobility.com\/fr\/decouvrez-ce-quil-faut-voir-a-santanyi-laissez-vous-captiver-par-son-charme-mediterraneen\/","og_site_name":"K10 Mobility","article_publisher":"https:\/\/www.facebook.com\/k10mobility\/","article_published_time":"2025-05-20T10:31:17+00:00","article_modified_time":"2026-01-22T11:41:57+00:00","og_image":[{"width":1000,"height":562,"url":"https:\/\/blog.k10mobility.com\/wp-content\/uploads\/2023\/02\/que-ver-en-santanyi-mallorca.jpeg","type":"image\/jpeg"}],"author":"Luis Ram\u00eds","twitter_card":"summary_large_image","twitter_misc":{"\u00c9crit par":"Luis Ram\u00eds","Dur\u00e9e de lecture estim\u00e9e":"7 minutes"},"schema":{"@context":"https:\/\/schema.org","@graph":[{"@type":"Article","@id":"https:\/\/blog.k10mobility.com\/fr\/decouvrez-ce-quil-faut-voir-a-santanyi-laissez-vous-captiver-par-son-charme-mediterraneen\/#article","isPartOf":{"@id":"https:\/\/blog.k10mobility.com\/fr\/decouvrez-ce-quil-faut-voir-a-santanyi-laissez-vous-captiver-par-son-charme-mediterraneen\/"},"author":{"name":"Luis Ram\u00eds","@id":"https:\/\/blog.k10mobility.com\/fr\/#\/schema\/person\/5f18469c790b92d83fdd98422e621da8"},"headline":"D\u00e9couvrez ce qu&rsquo;il faut voir \u00e0 Santanyi : laissez-vous s\u00e9duire par son charme m\u00e9diterran\u00e9en","datePublished":"2025-05-20T10:31:17+00:00","dateModified":"2026-01-22T11:41:57+00:00","mainEntityOfPage":{"@id":"https:\/\/blog.k10mobility.com\/fr\/decouvrez-ce-quil-faut-voir-a-santanyi-laissez-vous-captiver-par-son-charme-mediterraneen\/"},"wordCount":1510,"publisher":{"@id":"https:\/\/blog.k10mobility.com\/fr\/#organization"},"image":{"@id":"https:\/\/blog.k10mobility.com\/fr\/decouvrez-ce-quil-faut-voir-a-santanyi-laissez-vous-captiver-par-son-charme-mediterraneen\/#primaryimage"},"thumbnailUrl":"https:\/\/blog.k10mobility.com\/wp-content\/uploads\/2023\/02\/que-ver-en-santanyi-mallorca.jpeg","articleSection":["Majorque"],"inLanguage":"fr-FR"},{"@type":"WebPage","@id":"https:\/\/blog.k10mobility.com\/fr\/decouvrez-ce-quil-faut-voir-a-santanyi-laissez-vous-captiver-par-son-charme-mediterraneen\/","url":"https:\/\/blog.k10mobility.com\/fr\/decouvrez-ce-quil-faut-voir-a-santanyi-laissez-vous-captiver-par-son-charme-mediterraneen\/","name":"\u1405 Que voir \u00e0 Santanyi - Top 10 des incontournables | K10 Mobility \u00ae","isPartOf":{"@id":"https:\/\/blog.k10mobility.com\/fr\/#website"},"primaryImageOfPage":{"@id":"https:\/\/blog.k10mobility.com\/fr\/decouvrez-ce-quil-faut-voir-a-santanyi-laissez-vous-captiver-par-son-charme-mediterraneen\/#primaryimage"},"image":{"@id":"https:\/\/blog.k10mobility.com\/fr\/decouvrez-ce-quil-faut-voir-a-santanyi-laissez-vous-captiver-par-son-charme-mediterraneen\/#primaryimage"},"thumbnailUrl":"https:\/\/blog.k10mobility.com\/wp-content\/uploads\/2023\/02\/que-ver-en-santanyi-mallorca.jpeg","datePublished":"2025-05-20T10:31:17+00:00","dateModified":"2026-01-22T11:41:57+00:00","description":"Si vous vous demandez ce qu'il faut voir et faire \u00e0 Santanyi, voici ce qu'il faut savoir, comment se d\u00e9placer et quels sont les meilleurs endroits \u00e0 visiter.","breadcrumb":{"@id":"https:\/\/blog.k10mobility.com\/fr\/decouvrez-ce-quil-faut-voir-a-santanyi-laissez-vous-captiver-par-son-charme-mediterraneen\/#breadcrumb"},"inLanguage":"fr-FR","potentialAction":[{"@type":"ReadAction","target":["https:\/\/blog.k10mobility.com\/fr\/decouvrez-ce-quil-faut-voir-a-santanyi-laissez-vous-captiver-par-son-charme-mediterraneen\/"]}]},{"@type":"ImageObject","inLanguage":"fr-FR","@id":"https:\/\/blog.k10mobility.com\/fr\/decouvrez-ce-quil-faut-voir-a-santanyi-laissez-vous-captiver-par-son-charme-mediterraneen\/#primaryimage","url":"https:\/\/blog.k10mobility.com\/wp-content\/uploads\/2023\/02\/que-ver-en-santanyi-mallorca.jpeg","contentUrl":"https:\/\/blog.k10mobility.com\/wp-content\/uploads\/2023\/02\/que-ver-en-santanyi-mallorca.jpeg","width":1000,"height":562,"caption":"que faire \u00e0 santanyi"},{"@type":"BreadcrumbList","@id":"https:\/\/blog.k10mobility.com\/fr\/decouvrez-ce-quil-faut-voir-a-santanyi-laissez-vous-captiver-par-son-charme-mediterraneen\/#breadcrumb","itemListElement":[{"@type":"ListItem","position":1,"name":"K10 Mobility","item":"https:\/\/blog.k10mobility.com\/fr\/"},{"@type":"ListItem","position":2,"name":"D\u00e9couvrez ce qu&#8217;il faut voir \u00e0 Santanyi : laissez-vous s\u00e9duire par son charme m\u00e9diterran\u00e9en"}]},{"@type":"WebSite","@id":"https:\/\/blog.k10mobility.com\/fr\/#website","url":"https:\/\/blog.k10mobility.com\/fr\/","name":"K10 Mobility","description":"Rent a car en Ibiza y Mallorca","publisher":{"@id":"https:\/\/blog.k10mobility.com\/fr\/#organization"},"alternateName":"K10 Rent a car","potentialAction":[{"@type":"SearchAction","target":{"@type":"EntryPoint","urlTemplate":"https:\/\/blog.k10mobility.com\/fr\/?s={search_term_string}"},"query-input":{"@type":"PropertyValueSpecification","valueRequired":true,"valueName":"search_term_string"}}],"inLanguage":"fr-FR"},{"@type":"Organization","@id":"https:\/\/blog.k10mobility.com\/fr\/#organization","name":"K10 Mobility","alternateName":"K10 Mobility rent a car en Ibiza y Mallorca","url":"https:\/\/blog.k10mobility.com\/fr\/","logo":{"@type":"ImageObject","inLanguage":"fr-FR","@id":"https:\/\/blog.k10mobility.com\/fr\/#\/schema\/logo\/image\/","url":"https:\/\/blog.k10mobility.com\/wp-content\/uploads\/2025\/11\/cropped-Logo-K10-color-apaisado.png","contentUrl":"https:\/\/blog.k10mobility.com\/wp-content\/uploads\/2025\/11\/cropped-Logo-K10-color-apaisado.png","width":665,"height":105,"caption":"K10 Mobility"},"image":{"@id":"https:\/\/blog.k10mobility.com\/fr\/#\/schema\/logo\/image\/"},"sameAs":["https:\/\/www.facebook.com\/k10mobility\/","https:\/\/www.instagram.com\/k10mobility\/"]},{"@type":"Person","@id":"https:\/\/blog.k10mobility.com\/fr\/#\/schema\/person\/5f18469c790b92d83fdd98422e621da8","name":"Luis Ram\u00eds","image":{"@type":"ImageObject","inLanguage":"fr-FR","@id":"https:\/\/secure.gravatar.com\/avatar\/30162c41d6f584ef954ac19546d34176104f5a2b363cc65fe6c8b9dc6c1ed9ac?s=96&d=mm&r=g","url":"https:\/\/secure.gravatar.com\/avatar\/30162c41d6f584ef954ac19546d34176104f5a2b363cc65fe6c8b9dc6c1ed9ac?s=96&d=mm&r=g","contentUrl":"https:\/\/secure.gravatar.com\/avatar\/30162c41d6f584ef954ac19546d34176104f5a2b363cc65fe6c8b9dc6c1ed9ac?s=96&d=mm&r=g","caption":"Luis Ram\u00eds"},"url":"https:\/\/blog.k10mobility.com\/fr\/author\/luisr4m1s_k10\/"}]}},"_links":{"self":[{"href":"https:\/\/blog.k10mobility.com\/fr\/wp-json\/wp\/v2\/posts\/13703","targetHints":{"allow":["GET"]}}],"collection":[{"href":"https:\/\/blog.k10mobility.com\/fr\/wp-json\/wp\/v2\/posts"}],"about":[{"href":"https:\/\/blog.k10mobility.com\/fr\/wp-json\/wp\/v2\/types\/post"}],"author":[{"embeddable":true,"href":"https:\/\/blog.k10mobility.com\/fr\/wp-json\/wp\/v2\/users\/2"}],"replies":[{"embeddable":true,"href":"https:\/\/blog.k10mobility.com\/fr\/wp-json\/wp\/v2\/comments?post=13703"}],"version-history":[{"count":4,"href":"https:\/\/blog.k10mobility.com\/fr\/wp-json\/wp\/v2\/posts\/13703\/revisions"}],"predecessor-version":[{"id":14171,"href":"https:\/\/blog.k10mobility.com\/fr\/wp-json\/wp\/v2\/posts\/13703\/revisions\/14171"}],"wp:featuredmedia":[{"embeddable":true,"href":"https:\/\/blog.k10mobility.com\/fr\/wp-json\/wp\/v2\/media\/13705"}],"wp:attachment":[{"href":"https:\/\/blog.k10mobility.com\/fr\/wp-json\/wp\/v2\/media?parent=13703"}],"wp:term":[{"taxonomy":"category","embeddable":true,"href":"https:\/\/blog.k10mobility.com\/fr\/wp-json\/wp\/v2\/categories?post=13703"},{"taxonomy":"post_tag","embeddable":true,"href":"https:\/\/blog.k10mobility.com\/fr\/wp-json\/wp\/v2\/tags?post=13703"}],"curies":[{"name":"wp","href":"https:\/\/api.w.org\/{rel}","templated":true}]}}