{"id":13790,"date":"2025-01-29T10:47:00","date_gmt":"2025-01-29T10:47:00","guid":{"rendered":"https:\/\/blog.k10mobility.com\/a-voir-a-majorque-en-3-jours-itineraire-complet-et-conseils-pratiques\/"},"modified":"2026-01-22T11:38:28","modified_gmt":"2026-01-22T11:38:28","slug":"a-voir-a-majorque-en-3-jours-itineraire-complet-et-conseils-pratiques","status":"publish","type":"post","link":"https:\/\/blog.k10mobility.com\/fr\/a-voir-a-majorque-en-3-jours-itineraire-complet-et-conseils-pratiques\/","title":{"rendered":"Que voir \u00e0 Majorque en 3 jours : itin\u00e9raire complet et conseils pratiques"},"content":{"rendered":"\t\t<div data-elementor-type=\"wp-post\" data-elementor-id=\"13790\" class=\"elementor elementor-13790 elementor-5438\" data-elementor-post-type=\"post\">\n\t\t\t\t<div class=\"elementor-element elementor-element-5b9262e2 e-flex e-con-boxed e-con e-parent\" data-id=\"5b9262e2\" data-element_type=\"container\" data-e-type=\"container\">\n\t\t\t\t\t<div class=\"e-con-inner\">\n\t\t\t\t<div class=\"elementor-element elementor-element-3b269aa9 elementor-widget elementor-widget-text-editor\" data-id=\"3b269aa9\" data-element_type=\"widget\" data-e-type=\"widget\" data-widget_type=\"text-editor.default\">\n\t\t\t\t<div class=\"elementor-widget-container\">\n\t\t\t\t\t\t\t\t\t\r\n<p><span style=\"font-weight: 400;\">Est-il possible de d\u00e9couvrir tout ce que Majorque a \u00e0 offrir en seulement 3 jours ? La r\u00e9ponse est oui, mais il vous faut un plan bien organis\u00e9.   <\/span><\/p>\r\n<p><span style=\"font-weight: 400;\">Dans cet itin\u00e9raire complet, nous vous montrerons <\/span><b>que faire \u00e0 Majorque en 3 jours<\/b><span style=\"font-weight: 400;\"> pour profiter au maximum de chaque minute, des plages paradisiaques aux charmants villages et monuments historiques. <\/span> <\/p>\r\n<p><span style=\"font-weight: 400;\">Lisez la suite et pr\u00e9parez-vous \u00e0 tomber amoureux de l&rsquo;\u00eele !<\/span><\/p>\r\n<h2 id=\"von-toc-1\"><b>Introduction : D\u00e9couvrez Majorque en seulement 3 jours<\/b><\/h2>\r\n<p><span style=\"font-weight: 400;\">Majorque, le joyau de la M\u00e9diterran\u00e9e, allie nature, culture et plages de r\u00eave. Avec une bonne planification, en 3 jours vous pouvez visiter les lieux les plus embl\u00e9matiques de l&rsquo;\u00eele, profiter de sa gastronomie et vous d\u00e9tendre dans des criques uniques. <\/span><\/p>\r\n<h3 id=\"von-toc-2\"><b>Est-il possible d&rsquo;explorer Majorque en 3 jours ?<\/b><\/h3>\r\n<p><span style=\"font-weight: 400;\">Bien s\u00fbr que vous pouvez ! Bien que Majorque soit une grande \u00eele, vous pouvez vous d\u00e9placer librement avec une voiture de location. De la <\/span><b>cath\u00e9drale de Palma<\/b><span style=\"font-weight: 400;\"> aux <\/span><b>meilleures criques de Majorque<\/b><span style=\"font-weight: 400;\">cet itin\u00e9raire vous propose un guide \u00e9quilibr\u00e9 entre culture, nature et d\u00e9tente.<\/span><\/p>\r\n<h3 id=\"von-toc-3\"><b>Comment organiser votre temps pour en tirer le meilleur parti ?<\/b><\/h3>\r\n<ol>\r\n<li style=\"font-weight: 400;\" aria-level=\"1\"><b>Jour 1 : Palma de Majorque et ses environs.<\/b><span style=\"font-weight: 400;\">Jour 1 : Palma de Majorque et ses environs.<\/span><\/li>\r\n<li style=\"font-weight: 400;\" aria-level=\"1\"><b>Deuxi\u00e8me jour<\/b><span style=\"font-weight: 400;\">Nord et Sierra de Tramontana.<\/span><\/li>\r\n<li style=\"font-weight: 400;\" aria-level=\"1\"><b>Troisi\u00e8me jour<\/b><span style=\"font-weight: 400;\">Jour 3 : Plages et grottes sur la c\u00f4te est.<\/span><\/li>\r\n<\/ol>\r\n<p><span style=\"font-weight: 400;\">Vous \u00eates pr\u00eat \u00e0 commencer ? C&rsquo;est parti ! <\/span><\/p>\r\n<h2 id=\"von-toc-4\"><b>Jour 1 : Palma de Majorque et ses environs<\/b><\/h2>\r\n<h3 id=\"von-toc-5\"><b>Visitez la cath\u00e9drale de Palma (La Seu) : histoire et beaut\u00e9<\/b><\/h3>\r\n<p><span style=\"font-weight: 400;\">La cath\u00e9drale de Palma est l&rsquo;un des symboles les plus importants de Majorque. Ce temple gothique se distingue par sa spectaculaire <\/span><b>rosace<\/b><span style=\"font-weight: 400;\">la plus grande du monde. Une v\u00e9ritable merveille \u00e0 ne pas manquer.<\/span><\/p>\r\n<p><img fetchpriority=\"high\" decoding=\"async\" width=\"800\" height=\"450\" class=\"wp-image-5443\" src=\"https:\/\/blog.k10mobility.com\/wp-content\/uploads\/2023\/01\/basilica-de-san-francisco-de-asis-mallorca.jpg\" alt=\"visiter le centre historique de mallorque\" srcset=\"https:\/\/blog.k10mobility.com\/wp-content\/uploads\/2023\/01\/basilica-de-san-francisco-de-asis-mallorca.jpg 800w, https:\/\/blog.k10mobility.com\/wp-content\/uploads\/2023\/01\/basilica-de-san-francisco-de-asis-mallorca-300x169.jpg 300w, https:\/\/blog.k10mobility.com\/wp-content\/uploads\/2023\/01\/basilica-de-san-francisco-de-asis-mallorca-768x432.jpg 768w\" sizes=\"(max-width: 800px) 100vw, 800px\" \/><\/p>\r\n<h3 id=\"von-toc-6\"><b>Promenade dans la vieille ville de Palma<\/b><\/h3>\r\n<p><span style=\"font-weight: 400;\">Promenez-vous dans les rues charmantes de la vieille ville, visitez la <\/span><b>Plaza Mayor<\/b><span style=\"font-weight: 400;\">la Lonja et la <\/span><b>Basilique de San Francisco<\/b><span style=\"font-weight: 400;\">. D\u00e9couvrez \u00e9galement l&rsquo;historique <\/span><b>quartier juif<\/b><span style=\"font-weight: 400;\"> et laissez-vous surprendre par son atmosph\u00e8re unique.<\/span><\/p>\r\n<h3 id=\"von-toc-7\"><b>Ch\u00e2teau de Bellver : vues panoramiques et architecture unique<\/b><\/h3>\r\n<p><span style=\"font-weight: 400;\">\u00c0 3 km de Palma, le <\/span><b>ch\u00e2teau de Bellver<\/b><span style=\"font-weight: 400;\"> offre une vue spectaculaire sur la ville et la baie. Son architecture circulaire en fait l&rsquo;un des ch\u00e2teaux les plus uniques d&rsquo;Europe.<\/span><\/p>\r\n<p><img decoding=\"async\" width=\"800\" height=\"450\" class=\"wp-image-5444\" src=\"https:\/\/blog.k10mobility.com\/wp-content\/uploads\/2023\/01\/castillo-de-bellver-palma-de-mallorca.jpg\" alt=\"\" srcset=\"https:\/\/blog.k10mobility.com\/wp-content\/uploads\/2023\/01\/castillo-de-bellver-palma-de-mallorca.jpg 800w, https:\/\/blog.k10mobility.com\/wp-content\/uploads\/2023\/01\/castillo-de-bellver-palma-de-mallorca-300x169.jpg 300w, https:\/\/blog.k10mobility.com\/wp-content\/uploads\/2023\/01\/castillo-de-bellver-palma-de-mallorca-768x432.jpg 768w\" sizes=\"(max-width: 800px) 100vw, 800px\" \/><\/p>\r\n<h3 id=\"von-toc-8\"><b>Plage d&rsquo;Illetas : D\u00e9tendez-vous dans un paradis tout proche<\/b><\/h3>\r\n<p><span style=\"font-weight: 400;\">Pour terminer la journ\u00e9e, rien de tel que de se d\u00e9tendre \u00e0 la <\/span><b>plage d&rsquo;Illetas<\/b><span style=\"font-weight: 400;\">une crique voisine aux eaux cristallines et au sable fin. Elle est id\u00e9ale pour se d\u00e9tendre apr\u00e8s une journ\u00e9e de visites.<\/span><\/p>\r\n<h2 id=\"von-toc-9\"><b>Jour 2 : D\u00e9couvrez la c\u00f4te nord et les montagnes de Tramuntana<\/b><\/h2>\r\n<h3 id=\"von-toc-10\"><b>Valldemossa : Le charme d&rsquo;un village de montagne<\/b><\/h3>\r\n<p><span style=\"font-weight: 400;\">Visitez ce village pittoresque plein d&rsquo;histoire et de charme. Ses rues pav\u00e9es, la <\/span><b>Chartreuse de Valldemossa<\/b><span style=\"font-weight: 400;\"> et ses vues impressionnantes vous laisseront sans voix.<\/span><\/p>\r\n<h3 id=\"von-toc-11\"><b>Deia et S\u00f3ller : des lieux de r\u00eave dans les montagnes de la Tramontane<\/b><\/h3>\r\n<p><span style=\"font-weight: 400;\">Deia est un petit village d&rsquo;artistes \u00e0 l&rsquo;atmosph\u00e8re magique. De l\u00e0, dirigez-vous vers <\/span><b>S\u00f3ller<\/b><span style=\"font-weight: 400;\">c\u00e9l\u00e8bre pour son train historique et son magnifique <\/span><b>port de S\u00f3ller<\/b><span style=\"font-weight: 400;\">o\u00f9 vous pourrez admirer un coucher de soleil unique en bord de mer.<\/span><\/p>\r\n<p><img decoding=\"async\" width=\"800\" height=\"450\" class=\"wp-image-5446\" src=\"https:\/\/blog.k10mobility.com\/wp-content\/uploads\/2023\/01\/sierra-de-tramontana-mallorca-3-dias.jpg\" alt=\"visitez le massif de la tramontane\" srcset=\"https:\/\/blog.k10mobility.com\/wp-content\/uploads\/2023\/01\/sierra-de-tramontana-mallorca-3-dias.jpg 800w, https:\/\/blog.k10mobility.com\/wp-content\/uploads\/2023\/01\/sierra-de-tramontana-mallorca-3-dias-300x169.jpg 300w, https:\/\/blog.k10mobility.com\/wp-content\/uploads\/2023\/01\/sierra-de-tramontana-mallorca-3-dias-768x432.jpg 768w\" sizes=\"(max-width: 800px) 100vw, 800px\" \/><\/p>\r\n<h3 id=\"von-toc-12\"><b>Sa Calobra et Torrent de Pareis : la nature dans toute sa splendeur<\/b><\/h3>\r\n<p><span style=\"font-weight: 400;\">Si vous \u00eates \u00e0 la recherche d&rsquo;une exp\u00e9rience inoubliable, ne manquez pas de visiter <\/span><b>Sa Calobra<\/b><span style=\"font-weight: 400;\"> et l&rsquo;impressionnant <\/span><b>Torrent de Pareis<\/b><span style=\"font-weight: 400;\">. Bien que la route soit sinueuse, les vues et la nature compensent largement ce manque.<\/span><\/p>\r\n<p><img loading=\"lazy\" decoding=\"async\" width=\"800\" height=\"450\" class=\"wp-image-5445\" src=\"https:\/\/blog.k10mobility.com\/wp-content\/uploads\/2023\/01\/sa-calobra-mallorca-en-3-dias.jpg\" alt=\"visitez sa calobra mallorca\" srcset=\"https:\/\/blog.k10mobility.com\/wp-content\/uploads\/2023\/01\/sa-calobra-mallorca-en-3-dias.jpg 800w, https:\/\/blog.k10mobility.com\/wp-content\/uploads\/2023\/01\/sa-calobra-mallorca-en-3-dias-300x169.jpg 300w, https:\/\/blog.k10mobility.com\/wp-content\/uploads\/2023\/01\/sa-calobra-mallorca-en-3-dias-768x432.jpg 768w\" sizes=\"(max-width: 800px) 100vw, 800px\" \/><\/p>\r\n<h2 id=\"von-toc-13\"><b>Jour 3 : Plages et grottes de la c\u00f4te est de Majorque<\/b><\/h2>\r\n<p><img loading=\"lazy\" decoding=\"async\" width=\"800\" height=\"450\" class=\"wp-image-5441\" src=\"https:\/\/blog.k10mobility.com\/wp-content\/uploads\/2023\/01\/playas-y-calas-palma-mallorca.jpg\" alt=\"Plages et criques de Majorque en 3 jours\" srcset=\"https:\/\/blog.k10mobility.com\/wp-content\/uploads\/2023\/01\/playas-y-calas-palma-mallorca.jpg 800w, https:\/\/blog.k10mobility.com\/wp-content\/uploads\/2023\/01\/playas-y-calas-palma-mallorca-300x169.jpg 300w, https:\/\/blog.k10mobility.com\/wp-content\/uploads\/2023\/01\/playas-y-calas-palma-mallorca-768x432.jpg 768w\" sizes=\"(max-width: 800px) 100vw, 800px\" \/><\/p>\r\n<h3 id=\"von-toc-14\"><b>Cala Millor et Cala Ratjada : profitez des meilleures plages<\/b><\/h3>\r\n<p><span style=\"font-weight: 400;\">Commencez la journ\u00e9e en profitant des plages de la c\u00f4te est, telles que <\/span><b>Cala Millor<\/b><span style=\"font-weight: 400;\"> y <\/span><b>Cala Ratjada<\/b><span style=\"font-weight: 400;\">c\u00e9l\u00e8bres pour leurs eaux cristallines et leur sable blanc.<\/span><\/p>\r\n<h3 id=\"von-toc-15\"><b>Grottes de Drach : un spectacle souterrain incontournable<\/b><\/h3>\r\n<p><span style=\"font-weight: 400;\">Les <\/span><b>Grottes de Drach<\/b><span style=\"font-weight: 400;\">\u00e0 Manacor sont une \u00e9tape incontournable. Promenez-vous dans ses impressionnantes galeries et assistez \u00e0 un concert de musique classique au <\/span><b>lac Martel<\/b><span style=\"font-weight: 400;\">l&rsquo;un des plus grands lacs souterrains du monde.<\/span><\/p>\r\n<p><img loading=\"lazy\" decoding=\"async\" width=\"800\" height=\"450\" class=\"wp-image-5447\" src=\"https:\/\/blog.k10mobility.com\/wp-content\/uploads\/2023\/01\/cuevas-de-drach-palma-de-mallorca.jpg\" alt=\"Visite des grottes de Drach itin\u00e9raire de 3 jours \u00e0 Majorque\" srcset=\"https:\/\/blog.k10mobility.com\/wp-content\/uploads\/2023\/01\/cuevas-de-drach-palma-de-mallorca.jpg 800w, https:\/\/blog.k10mobility.com\/wp-content\/uploads\/2023\/01\/cuevas-de-drach-palma-de-mallorca-300x169.jpg 300w, https:\/\/blog.k10mobility.com\/wp-content\/uploads\/2023\/01\/cuevas-de-drach-palma-de-mallorca-768x432.jpg 768w\" sizes=\"(max-width: 800px) 100vw, 800px\" \/><\/p>\r\n<h3 id=\"von-toc-16\"><b>Parc naturel de Mondrag\u00f3 : randonn\u00e9es et paysages incroyables<\/b><\/h3>\r\n<p><span style=\"font-weight: 400;\">Terminez votre visite par une promenade dans le <\/span><b>parc naturel de Mondrag\u00f3<\/b><span style=\"font-weight: 400;\">un environnement prot\u00e9g\u00e9 o\u00f9 vous pourrez profiter de sentiers et de criques spectaculaires telles que <\/span><b>S&rsquo;Amarador<\/b><span style=\"font-weight: 400;\">.<\/span><\/p>\r\n<h2 id=\"von-toc-17\"><b>Conseils pratiques pour votre voyage \u00e0 Majorque<\/b><\/h2>\r\n<h3 id=\"von-toc-18\"><b>Louez une voiture pour explorer Majorque sans limites<\/b><\/h3>\r\n<p><span style=\"font-weight: 400;\">Pour profiter au maximum de votre temps, l&rsquo;id\u00e9al est de <\/span><b>louer une voiture<\/b><span style=\"font-weight: 400;\">. Vous pourrez ainsi explorer l&rsquo;\u00eele \u00e0 votre rythme, visiter des criques cach\u00e9es et profiter de la <\/span><b>cha\u00eene de montagnes Tramontana<\/b><span style=\"font-weight: 400;\"> sans vous soucier des horaires. Consultez les options telles que <\/span><a href=\"https:\/\/k10rentacar.com\/alquiler-coche-mallorca-sin-franquicia\/\"><b>location de voiture \u00e0 l&rsquo;a\u00e9roport de Majorque sans franchise<\/b> <\/a><span style=\"font-weight: 400;\">pour une exp\u00e9rience sans tracas.<\/span><\/p>\r\n<h3 id=\"von-toc-19\"><b>La meilleure p\u00e9riode pour visiter l&rsquo;\u00eele<\/b><\/h3>\r\n<p><span style=\"font-weight: 400;\">Le printemps et l&rsquo;automne sont parfaits pour profiter du beau temps sans les foules de l&rsquo;\u00e9t\u00e9.<\/span><\/p>\r\n<h3 id=\"von-toc-20\"><b>O\u00f9 s\u00e9journer \u00e0 Majorque : H\u00f4tels et zones recommand\u00e9es<\/b><\/h3>\r\n<ul>\r\n<li style=\"font-weight: 400;\" aria-level=\"1\"><b>Palma<\/b><span style=\"font-weight: 400;\">H\u00f4tel Palma : Id\u00e9al si vous voulez \u00eatre proche du centre ville et des monuments.<\/span><\/li>\r\n<li style=\"font-weight: 400;\" aria-level=\"1\"><b>Nord<\/b><span style=\"font-weight: 400;\">La Tramontane : Parfait pour explorer la Tramontane.<\/span><\/li>\r\n<li style=\"font-weight: 400;\" aria-level=\"1\"><b>Ce qui suit<\/b><span style=\"font-weight: 400;\">Le logement est situ\u00e9 \u00e0 proximit\u00e9 de criques et de plages spectaculaires.<\/span><\/li>\r\n<\/ul>\r\n<h2 id=\"von-toc-21\"><b>Que manger \u00e0 Majorque ? Gastronomie typique en 3 jours <\/b><\/h2>\r\n<h3 id=\"von-toc-22\"><b>Ensaimada : la plus c\u00e9l\u00e8bre des sucreries de Majorque<\/b><\/h3>\r\n<p><span style=\"font-weight: 400;\">Ne partez pas sans avoir go\u00fbt\u00e9 une authentique <\/span><b>ensaimada majorquine<\/b><span style=\"font-weight: 400;\">.<\/span><\/p>\r\n<p><img loading=\"lazy\" decoding=\"async\" class=\"wp-image-10189 size-full alignnone\" src=\"https:\/\/blog.k10mobility.com\/wp-content\/uploads\/2023\/02\/ensaimada-mallorca.jpg\" alt=\"Ensaimada Mallorca\" width=\"720\" height=\"480\" srcset=\"https:\/\/blog.k10mobility.com\/wp-content\/uploads\/2023\/02\/ensaimada-mallorca.jpg 720w, https:\/\/blog.k10mobility.com\/wp-content\/uploads\/2023\/02\/ensaimada-mallorca-300x200.jpg 300w\" sizes=\"(max-width: 720px) 100vw, 720px\" \/><\/p>\r\n<h3 id=\"von-toc-23\"><b>Sobrasada et Pa amb Oli : des saveurs authentiques<\/b><\/h3>\r\n<p><span style=\"font-weight: 400;\">Savourez la <\/span><b>sobrasada<\/b><span style=\"font-weight: 400;\"> et le traditionnel <\/span><b>pa amb oli<\/b><span style=\"font-weight: 400;\">deux joyaux de la gastronomie locale.<\/span><\/p>\r\n<h3 id=\"von-toc-24\"><b>Restaurants recommand\u00e9s pour chaque jour de votre itin\u00e9raire<\/b><\/h3>\r\n<ol>\r\n<li style=\"font-weight: 400;\" aria-level=\"1\"><b>Palma<\/b><span style=\"font-weight: 400;\">D\u00eener dans un restaurant avec vue sur la mer.<\/span><\/li>\r\n<li style=\"font-weight: 400;\" aria-level=\"1\"><b>S\u00f3ller<\/b><span style=\"font-weight: 400;\">D\u00e9gustez les fruits de mer frais dans le port.<\/span><\/li>\r\n<li style=\"font-weight: 400;\" aria-level=\"1\"><b>C\u00f4te Est<\/b><span style=\"font-weight: 400;\">: Savourez une paella au bord de la mer.<\/span><\/li>\r\n<\/ol>\r\n<h2 id=\"von-toc-25\"><b>Carte de Ce qu&rsquo;il faut voir \u00e0 Majorque en 3 jours<\/b><\/h2>\r\n<p><span style=\"font-weight: 400;\">Vous souhaitez disposer d&rsquo;un plan pour ne rien manquer ? T\u00e9l\u00e9chargez notre <\/span><b>carte interactive<\/b><span style=\"font-weight: 400;\"> et planifiez votre itin\u00e9raire en toute simplicit\u00e9.<\/span><\/p>\r\n<h2 id=\"von-toc-26\"><b>Majorque, une \u00eele inoubliable<\/b><\/h2>\r\n<p><span style=\"font-weight: 400;\">Majorque est une \u00eele qui a tout pour elle : des plages paradisiaques, des villages charmants et des paysages naturels uniques. Avec cet itin\u00e9raire de <\/span><b>que faire \u00e0 Majorque en 3 jours<\/b><span style=\"font-weight: 400;\">vous pourrez d\u00e9couvrir le meilleur de l&rsquo;\u00eele et vivre une exp\u00e9rience inoubliable.<\/span><\/p>\r\n<p><b>Pr\u00eat pour l&rsquo;aventure, r\u00e9servez votre voiture, pr\u00e9parez votre voyage et partez \u00e0 la d\u00e9couverte de Majorque ! <\/b><\/p>\r\n\r\n\r\n\r\n\r\n\t\t\t\t\t\t\t\t<\/div>\n\t\t\t\t<\/div>\n\t\t\t\t\t<\/div>\n\t\t\t\t<\/div>\n\t\t<div class=\"elementor-element elementor-element-3d12c60 e-con-full e-flex e-con e-parent\" data-id=\"3d12c60\" data-element_type=\"container\" data-e-type=\"container\">\n\t\t\t\t<div class=\"elementor-element elementor-element-434923b elementor-grid-3 elementor-grid-tablet-2 elementor-grid-mobile-1 elementor-posts--thumbnail-top elementor-card-shadow-yes elementor-posts__hover-gradient elementor-widget elementor-widget-posts\" data-id=\"434923b\" data-element_type=\"widget\" data-e-type=\"widget\" data-settings=\"{&quot;cards_columns&quot;:&quot;3&quot;,&quot;cards_columns_tablet&quot;:&quot;2&quot;,&quot;cards_columns_mobile&quot;:&quot;1&quot;,&quot;cards_row_gap&quot;:{&quot;unit&quot;:&quot;px&quot;,&quot;size&quot;:35,&quot;sizes&quot;:[]},&quot;cards_row_gap_tablet&quot;:{&quot;unit&quot;:&quot;px&quot;,&quot;size&quot;:&quot;&quot;,&quot;sizes&quot;:[]},&quot;cards_row_gap_mobile&quot;:{&quot;unit&quot;:&quot;px&quot;,&quot;size&quot;:&quot;&quot;,&quot;sizes&quot;:[]}}\" data-widget_type=\"posts.cards\">\n\t\t\t\t<div class=\"elementor-widget-container\">\n\t\t\t\t\t\t\t<div class=\"elementor-posts-container elementor-posts elementor-posts--skin-cards elementor-grid\" role=\"list\">\n\t\t\t\t<article class=\"elementor-post elementor-grid-item post-13566 post type-post status-publish format-standard has-post-thumbnail hentry category-mallorca\" role=\"listitem\">\n\t\t\t<div class=\"elementor-post__card\">\n\t\t\t\t<a class=\"elementor-post__thumbnail__link\" href=\"https:\/\/blog.k10mobility.com\/fr\/que-faire-a-majorque-avec-des-enfants\/\" tabindex=\"-1\" ><div class=\"elementor-post__thumbnail\"><img loading=\"lazy\" decoding=\"async\" width=\"300\" height=\"169\" src=\"https:\/\/blog.k10mobility.com\/wp-content\/uploads\/2023\/07\/que-ver-en-mallorca-con-ninos-300x169.jpeg\" class=\"attachment-medium size-medium wp-image-13570\" alt=\"Que voir \u00e0 Majorque avec des enfants ?\" srcset=\"https:\/\/blog.k10mobility.com\/wp-content\/uploads\/2023\/07\/que-ver-en-mallorca-con-ninos-300x169.jpeg 300w, https:\/\/blog.k10mobility.com\/wp-content\/uploads\/2023\/07\/que-ver-en-mallorca-con-ninos-768x432.jpeg 768w, https:\/\/blog.k10mobility.com\/wp-content\/uploads\/2023\/07\/que-ver-en-mallorca-con-ninos.jpeg 800w\" sizes=\"(max-width: 300px) 100vw, 300px\" \/><\/div><\/a>\n\t\t\t\t<div class=\"elementor-post__badge\">Majorque<\/div>\n\t\t\t\t<div class=\"elementor-post__text\">\n\t\t\t\t<h3 class=\"elementor-post__title\">\n\t\t\t<a href=\"https:\/\/blog.k10mobility.com\/fr\/que-faire-a-majorque-avec-des-enfants\/\" >\n\t\t\t\tQue faire \u00e0 Majorque avec des enfants ?\t\t\t<\/a>\n\t\t<\/h3>\n\t\t\n\t\t<a class=\"elementor-post__read-more\" href=\"https:\/\/blog.k10mobility.com\/fr\/que-faire-a-majorque-avec-des-enfants\/\" aria-label=\"En savoir plus sur Que faire \u00e0 Majorque avec des enfants ?\" tabindex=\"-1\" >\n\t\t\tPoursuivre la lecture \"\t\t<\/a>\n\n\t\t\t\t<\/div>\n\t\t\t\t<div class=\"elementor-post__meta-data\">\n\t\t\t\t\t<span class=\"elementor-post-date\">\n\t\t\t28 juillet 2023\t\t<\/span>\n\t\t\t\t<span class=\"elementor-post-avatar\">\n\t\t\tAucun commentaire\t\t<\/span>\n\t\t\t\t<\/div>\n\t\t\t\t\t<\/div>\n\t\t<\/article>\n\t\t\t\t<article class=\"elementor-post elementor-grid-item post-13307 post type-post status-publish format-standard has-post-thumbnail hentry category-mallorca\" role=\"listitem\">\n\t\t\t<div class=\"elementor-post__card\">\n\t\t\t\t<a class=\"elementor-post__thumbnail__link\" href=\"https:\/\/blog.k10mobility.com\/fr\/decouvrez-les-meilleures-activites-a-faire-a-palma-de-majorque-pendant-lhiver\/\" tabindex=\"-1\" ><div class=\"elementor-post__thumbnail\"><img loading=\"lazy\" decoding=\"async\" width=\"300\" height=\"169\" src=\"https:\/\/blog.k10mobility.com\/wp-content\/uploads\/2022\/12\/que-ver-hacer-mallorca-invierno-300x169.jpg\" class=\"attachment-medium size-medium wp-image-13309\" alt=\"Que faire \u00e0 Majorque en hiver ?\" srcset=\"https:\/\/blog.k10mobility.com\/wp-content\/uploads\/2022\/12\/que-ver-hacer-mallorca-invierno-300x169.jpg 300w, https:\/\/blog.k10mobility.com\/wp-content\/uploads\/2022\/12\/que-ver-hacer-mallorca-invierno-768x432.jpg 768w, https:\/\/blog.k10mobility.com\/wp-content\/uploads\/2022\/12\/que-ver-hacer-mallorca-invierno.jpg 1000w\" sizes=\"(max-width: 300px) 100vw, 300px\" \/><\/div><\/a>\n\t\t\t\t<div class=\"elementor-post__badge\">Majorque<\/div>\n\t\t\t\t<div class=\"elementor-post__text\">\n\t\t\t\t<h3 class=\"elementor-post__title\">\n\t\t\t<a href=\"https:\/\/blog.k10mobility.com\/fr\/decouvrez-les-meilleures-activites-a-faire-a-palma-de-majorque-pendant-lhiver\/\" >\n\t\t\t\tD\u00e9couvrez les meilleures activit\u00e9s d&rsquo;hiver \u00e0 Palma de Majorque\t\t\t<\/a>\n\t\t<\/h3>\n\t\t\n\t\t<a class=\"elementor-post__read-more\" href=\"https:\/\/blog.k10mobility.com\/fr\/decouvrez-les-meilleures-activites-a-faire-a-palma-de-majorque-pendant-lhiver\/\" aria-label=\"En savoir plus sur D\u00e9couvrez les meilleures activit\u00e9s d&rsquo;hiver \u00e0 Palma de Majorque\" tabindex=\"-1\" >\n\t\t\tPoursuivre la lecture \"\t\t<\/a>\n\n\t\t\t\t<\/div>\n\t\t\t\t<div class=\"elementor-post__meta-data\">\n\t\t\t\t\t<span class=\"elementor-post-date\">\n\t\t\t2 janvier 2023\t\t<\/span>\n\t\t\t\t<span class=\"elementor-post-avatar\">\n\t\t\tAucun commentaire\t\t<\/span>\n\t\t\t\t<\/div>\n\t\t\t\t\t<\/div>\n\t\t<\/article>\n\t\t\t\t<article class=\"elementor-post elementor-grid-item post-13871 post type-post status-publish format-standard has-post-thumbnail hentry category-ibiza tag-rutas\" role=\"listitem\">\n\t\t\t<div class=\"elementor-post__card\">\n\t\t\t\t<a class=\"elementor-post__thumbnail__link\" href=\"https:\/\/blog.k10mobility.com\/fr\/ou-bien-manger-et-a-bas-prix-a-ibiza\/\" tabindex=\"-1\" ><div class=\"elementor-post__thumbnail\"><img loading=\"lazy\" decoding=\"async\" width=\"300\" height=\"168\" src=\"https:\/\/blog.k10mobility.com\/wp-content\/uploads\/2025\/07\/donde-comer-ibiza-bien-barato-e1752132783723-300x168.webp\" class=\"attachment-medium size-medium wp-image-13872\" alt=\"\" srcset=\"https:\/\/blog.k10mobility.com\/wp-content\/uploads\/2025\/07\/donde-comer-ibiza-bien-barato-e1752132783723-300x168.webp 300w, https:\/\/blog.k10mobility.com\/wp-content\/uploads\/2025\/07\/donde-comer-ibiza-bien-barato-e1752132783723-768x431.webp 768w, https:\/\/blog.k10mobility.com\/wp-content\/uploads\/2025\/07\/donde-comer-ibiza-bien-barato-e1752132783723.webp 800w\" sizes=\"(max-width: 300px) 100vw, 300px\" \/><\/div><\/a>\n\t\t\t\t<div class=\"elementor-post__badge\">Ibiza<\/div>\n\t\t\t\t<div class=\"elementor-post__text\">\n\t\t\t\t<h3 class=\"elementor-post__title\">\n\t\t\t<a href=\"https:\/\/blog.k10mobility.com\/fr\/ou-bien-manger-et-a-bas-prix-a-ibiza\/\" >\n\t\t\t\tO\u00f9 manger bien et pas cher \u00e0 Ibiza ?\t\t\t<\/a>\n\t\t<\/h3>\n\t\t\n\t\t<a class=\"elementor-post__read-more\" href=\"https:\/\/blog.k10mobility.com\/fr\/ou-bien-manger-et-a-bas-prix-a-ibiza\/\" aria-label=\"En savoir plus sur O\u00f9 manger bien et pas cher \u00e0 Ibiza ?\" tabindex=\"-1\" >\n\t\t\tPoursuivre la lecture \"\t\t<\/a>\n\n\t\t\t\t<\/div>\n\t\t\t\t<div class=\"elementor-post__meta-data\">\n\t\t\t\t\t<span class=\"elementor-post-date\">\n\t\t\t10 juin 2025\t\t<\/span>\n\t\t\t\t<span class=\"elementor-post-avatar\">\n\t\t\tAucun commentaire\t\t<\/span>\n\t\t\t\t<\/div>\n\t\t\t\t\t<\/div>\n\t\t<\/article>\n\t\t\t\t<\/div>\n\t\t\n\t\t\t\t\t\t<\/div>\n\t\t\t\t<\/div>\n\t\t\t\t<\/div>\n\t\t\t\t<\/div>\n\t\t","protected":false},"excerpt":{"rendered":"","protected":false},"author":2,"featured_media":13792,"comment_status":"closed","ping_status":"closed","sticky":false,"template":"","format":"standard","meta":{"footnotes":""},"categories":[232],"tags":[],"class_list":["post-13790","post","type-post","status-publish","format-standard","has-post-thumbnail","hentry","category-mallorca"],"yoast_head":"<!-- This site is optimized with the Yoast SEO plugin v27.4 - https:\/\/yoast.com\/product\/yoast-seo-wordpress\/ -->\n<title>Que faire \u00e0 Majorque en 3 jours (Guide complet)<\/title>\n<meta name=\"description\" content=\"D\u00e9couvrez Que faire \u00e0 Majorque en 3 jours : l&#039;essentiel \u261d histoire, plages, gastronomie. Tout ce dont vous avez besoin pour un week-end parfait.\" \/>\n<meta name=\"robots\" content=\"index, follow, max-snippet:-1, max-image-preview:large, max-video-preview:-1\" \/>\n<link rel=\"canonical\" href=\"https:\/\/blog.k10mobility.com\/fr\/a-voir-a-majorque-en-3-jours-itineraire-complet-et-conseils-pratiques\/\" \/>\n<meta property=\"og:locale\" content=\"fr_FR\" \/>\n<meta property=\"og:type\" content=\"article\" \/>\n<meta property=\"og:title\" content=\"Que faire \u00e0 Majorque en 3 jours (Guide complet)\" \/>\n<meta property=\"og:description\" content=\"D\u00e9couvrez Que faire \u00e0 Majorque en 3 jours : l&#039;essentiel \u261d histoire, plages, gastronomie. Tout ce dont vous avez besoin pour un week-end parfait.\" \/>\n<meta property=\"og:url\" content=\"https:\/\/blog.k10mobility.com\/fr\/a-voir-a-majorque-en-3-jours-itineraire-complet-et-conseils-pratiques\/\" \/>\n<meta property=\"og:site_name\" content=\"K10 Mobility\" \/>\n<meta property=\"article:publisher\" content=\"https:\/\/www.facebook.com\/k10mobility\/\" \/>\n<meta property=\"article:published_time\" content=\"2025-01-29T10:47:00+00:00\" \/>\n<meta property=\"article:modified_time\" content=\"2026-01-22T11:38:28+00:00\" \/>\n<meta property=\"og:image\" content=\"https:\/\/blog.k10mobility.com\/wp-content\/uploads\/2023\/01\/que-ver-mallorca-3-dias.jpg\" \/>\n\t<meta property=\"og:image:width\" content=\"1000\" \/>\n\t<meta property=\"og:image:height\" content=\"562\" \/>\n\t<meta property=\"og:image:type\" content=\"image\/jpeg\" \/>\n<meta name=\"author\" content=\"Luis Ram\u00eds\" \/>\n<meta name=\"twitter:card\" content=\"summary_large_image\" \/>\n<meta name=\"twitter:label1\" content=\"\u00c9crit par\" \/>\n\t<meta name=\"twitter:data1\" content=\"Luis Ram\u00eds\" \/>\n\t<meta name=\"twitter:label2\" content=\"Dur\u00e9e de lecture estim\u00e9e\" \/>\n\t<meta name=\"twitter:data2\" content=\"5 minutes\" \/>\n<script type=\"application\/ld+json\" class=\"yoast-schema-graph\">{\"@context\":\"https:\\\/\\\/schema.org\",\"@graph\":[{\"@type\":\"Article\",\"@id\":\"https:\\\/\\\/blog.k10mobility.com\\\/fr\\\/a-voir-a-majorque-en-3-jours-itineraire-complet-et-conseils-pratiques\\\/#article\",\"isPartOf\":{\"@id\":\"https:\\\/\\\/blog.k10mobility.com\\\/fr\\\/a-voir-a-majorque-en-3-jours-itineraire-complet-et-conseils-pratiques\\\/\"},\"author\":{\"name\":\"Luis Ram\u00eds\",\"@id\":\"https:\\\/\\\/blog.k10mobility.com\\\/fr\\\/#\\\/schema\\\/person\\\/5f18469c790b92d83fdd98422e621da8\"},\"headline\":\"Que voir \u00e0 Majorque en 3 jours : itin\u00e9raire complet et conseils pratiques\",\"datePublished\":\"2025-01-29T10:47:00+00:00\",\"dateModified\":\"2026-01-22T11:38:28+00:00\",\"mainEntityOfPage\":{\"@id\":\"https:\\\/\\\/blog.k10mobility.com\\\/fr\\\/a-voir-a-majorque-en-3-jours-itineraire-complet-et-conseils-pratiques\\\/\"},\"wordCount\":1048,\"publisher\":{\"@id\":\"https:\\\/\\\/blog.k10mobility.com\\\/fr\\\/#organization\"},\"image\":{\"@id\":\"https:\\\/\\\/blog.k10mobility.com\\\/fr\\\/a-voir-a-majorque-en-3-jours-itineraire-complet-et-conseils-pratiques\\\/#primaryimage\"},\"thumbnailUrl\":\"https:\\\/\\\/blog.k10mobility.com\\\/wp-content\\\/uploads\\\/2023\\\/01\\\/que-ver-mallorca-3-dias.jpg\",\"articleSection\":[\"Majorque\"],\"inLanguage\":\"fr-FR\"},{\"@type\":\"WebPage\",\"@id\":\"https:\\\/\\\/blog.k10mobility.com\\\/fr\\\/a-voir-a-majorque-en-3-jours-itineraire-complet-et-conseils-pratiques\\\/\",\"url\":\"https:\\\/\\\/blog.k10mobility.com\\\/fr\\\/a-voir-a-majorque-en-3-jours-itineraire-complet-et-conseils-pratiques\\\/\",\"name\":\"Que faire \u00e0 Majorque en 3 jours (Guide complet)\",\"isPartOf\":{\"@id\":\"https:\\\/\\\/blog.k10mobility.com\\\/fr\\\/#website\"},\"primaryImageOfPage\":{\"@id\":\"https:\\\/\\\/blog.k10mobility.com\\\/fr\\\/a-voir-a-majorque-en-3-jours-itineraire-complet-et-conseils-pratiques\\\/#primaryimage\"},\"image\":{\"@id\":\"https:\\\/\\\/blog.k10mobility.com\\\/fr\\\/a-voir-a-majorque-en-3-jours-itineraire-complet-et-conseils-pratiques\\\/#primaryimage\"},\"thumbnailUrl\":\"https:\\\/\\\/blog.k10mobility.com\\\/wp-content\\\/uploads\\\/2023\\\/01\\\/que-ver-mallorca-3-dias.jpg\",\"datePublished\":\"2025-01-29T10:47:00+00:00\",\"dateModified\":\"2026-01-22T11:38:28+00:00\",\"description\":\"D\u00e9couvrez Que faire \u00e0 Majorque en 3 jours : l'essentiel \u261d histoire, plages, gastronomie. Tout ce dont vous avez besoin pour un week-end parfait.\",\"breadcrumb\":{\"@id\":\"https:\\\/\\\/blog.k10mobility.com\\\/fr\\\/a-voir-a-majorque-en-3-jours-itineraire-complet-et-conseils-pratiques\\\/#breadcrumb\"},\"inLanguage\":\"fr-FR\",\"potentialAction\":[{\"@type\":\"ReadAction\",\"target\":[\"https:\\\/\\\/blog.k10mobility.com\\\/fr\\\/a-voir-a-majorque-en-3-jours-itineraire-complet-et-conseils-pratiques\\\/\"]}]},{\"@type\":\"ImageObject\",\"inLanguage\":\"fr-FR\",\"@id\":\"https:\\\/\\\/blog.k10mobility.com\\\/fr\\\/a-voir-a-majorque-en-3-jours-itineraire-complet-et-conseils-pratiques\\\/#primaryimage\",\"url\":\"https:\\\/\\\/blog.k10mobility.com\\\/wp-content\\\/uploads\\\/2023\\\/01\\\/que-ver-mallorca-3-dias.jpg\",\"contentUrl\":\"https:\\\/\\\/blog.k10mobility.com\\\/wp-content\\\/uploads\\\/2023\\\/01\\\/que-ver-mallorca-3-dias.jpg\",\"width\":1000,\"height\":562,\"caption\":\"Que faire \u00e0 Majorque en trois jours ?\"},{\"@type\":\"BreadcrumbList\",\"@id\":\"https:\\\/\\\/blog.k10mobility.com\\\/fr\\\/a-voir-a-majorque-en-3-jours-itineraire-complet-et-conseils-pratiques\\\/#breadcrumb\",\"itemListElement\":[{\"@type\":\"ListItem\",\"position\":1,\"name\":\"K10 Mobility\",\"item\":\"https:\\\/\\\/blog.k10mobility.com\\\/fr\\\/\"},{\"@type\":\"ListItem\",\"position\":2,\"name\":\"Que voir \u00e0 Majorque en 3 jours : itin\u00e9raire complet et conseils pratiques\"}]},{\"@type\":\"WebSite\",\"@id\":\"https:\\\/\\\/blog.k10mobility.com\\\/fr\\\/#website\",\"url\":\"https:\\\/\\\/blog.k10mobility.com\\\/fr\\\/\",\"name\":\"K10 Mobility\",\"description\":\"Rent a car en Ibiza y Mallorca\",\"publisher\":{\"@id\":\"https:\\\/\\\/blog.k10mobility.com\\\/fr\\\/#organization\"},\"alternateName\":\"K10 Rent a car\",\"potentialAction\":[{\"@type\":\"SearchAction\",\"target\":{\"@type\":\"EntryPoint\",\"urlTemplate\":\"https:\\\/\\\/blog.k10mobility.com\\\/fr\\\/?s={search_term_string}\"},\"query-input\":{\"@type\":\"PropertyValueSpecification\",\"valueRequired\":true,\"valueName\":\"search_term_string\"}}],\"inLanguage\":\"fr-FR\"},{\"@type\":\"Organization\",\"@id\":\"https:\\\/\\\/blog.k10mobility.com\\\/fr\\\/#organization\",\"name\":\"K10 Mobility\",\"alternateName\":\"K10 Mobility rent a car en Ibiza y Mallorca\",\"url\":\"https:\\\/\\\/blog.k10mobility.com\\\/fr\\\/\",\"logo\":{\"@type\":\"ImageObject\",\"inLanguage\":\"fr-FR\",\"@id\":\"https:\\\/\\\/blog.k10mobility.com\\\/fr\\\/#\\\/schema\\\/logo\\\/image\\\/\",\"url\":\"https:\\\/\\\/blog.k10mobility.com\\\/wp-content\\\/uploads\\\/2025\\\/11\\\/cropped-Logo-K10-color-apaisado.png\",\"contentUrl\":\"https:\\\/\\\/blog.k10mobility.com\\\/wp-content\\\/uploads\\\/2025\\\/11\\\/cropped-Logo-K10-color-apaisado.png\",\"width\":665,\"height\":105,\"caption\":\"K10 Mobility\"},\"image\":{\"@id\":\"https:\\\/\\\/blog.k10mobility.com\\\/fr\\\/#\\\/schema\\\/logo\\\/image\\\/\"},\"sameAs\":[\"https:\\\/\\\/www.facebook.com\\\/k10mobility\\\/\",\"https:\\\/\\\/www.instagram.com\\\/k10mobility\\\/\"]},{\"@type\":\"Person\",\"@id\":\"https:\\\/\\\/blog.k10mobility.com\\\/fr\\\/#\\\/schema\\\/person\\\/5f18469c790b92d83fdd98422e621da8\",\"name\":\"Luis Ram\u00eds\",\"image\":{\"@type\":\"ImageObject\",\"inLanguage\":\"fr-FR\",\"@id\":\"https:\\\/\\\/secure.gravatar.com\\\/avatar\\\/30162c41d6f584ef954ac19546d34176104f5a2b363cc65fe6c8b9dc6c1ed9ac?s=96&d=mm&r=g\",\"url\":\"https:\\\/\\\/secure.gravatar.com\\\/avatar\\\/30162c41d6f584ef954ac19546d34176104f5a2b363cc65fe6c8b9dc6c1ed9ac?s=96&d=mm&r=g\",\"contentUrl\":\"https:\\\/\\\/secure.gravatar.com\\\/avatar\\\/30162c41d6f584ef954ac19546d34176104f5a2b363cc65fe6c8b9dc6c1ed9ac?s=96&d=mm&r=g\",\"caption\":\"Luis Ram\u00eds\"},\"url\":\"https:\\\/\\\/blog.k10mobility.com\\\/fr\\\/author\\\/luisr4m1s_k10\\\/\"}]}<\/script>\n<!-- \/ Yoast SEO plugin. -->","yoast_head_json":{"title":"Que faire \u00e0 Majorque en 3 jours (Guide complet)","description":"D\u00e9couvrez Que faire \u00e0 Majorque en 3 jours : l'essentiel \u261d histoire, plages, gastronomie. Tout ce dont vous avez besoin pour un week-end parfait.","robots":{"index":"index","follow":"follow","max-snippet":"max-snippet:-1","max-image-preview":"max-image-preview:large","max-video-preview":"max-video-preview:-1"},"canonical":"https:\/\/blog.k10mobility.com\/fr\/a-voir-a-majorque-en-3-jours-itineraire-complet-et-conseils-pratiques\/","og_locale":"fr_FR","og_type":"article","og_title":"Que faire \u00e0 Majorque en 3 jours (Guide complet)","og_description":"D\u00e9couvrez Que faire \u00e0 Majorque en 3 jours : l'essentiel \u261d histoire, plages, gastronomie. Tout ce dont vous avez besoin pour un week-end parfait.","og_url":"https:\/\/blog.k10mobility.com\/fr\/a-voir-a-majorque-en-3-jours-itineraire-complet-et-conseils-pratiques\/","og_site_name":"K10 Mobility","article_publisher":"https:\/\/www.facebook.com\/k10mobility\/","article_published_time":"2025-01-29T10:47:00+00:00","article_modified_time":"2026-01-22T11:38:28+00:00","og_image":[{"width":1000,"height":562,"url":"https:\/\/blog.k10mobility.com\/wp-content\/uploads\/2023\/01\/que-ver-mallorca-3-dias.jpg","type":"image\/jpeg"}],"author":"Luis Ram\u00eds","twitter_card":"summary_large_image","twitter_misc":{"\u00c9crit par":"Luis Ram\u00eds","Dur\u00e9e de lecture estim\u00e9e":"5 minutes"},"schema":{"@context":"https:\/\/schema.org","@graph":[{"@type":"Article","@id":"https:\/\/blog.k10mobility.com\/fr\/a-voir-a-majorque-en-3-jours-itineraire-complet-et-conseils-pratiques\/#article","isPartOf":{"@id":"https:\/\/blog.k10mobility.com\/fr\/a-voir-a-majorque-en-3-jours-itineraire-complet-et-conseils-pratiques\/"},"author":{"name":"Luis Ram\u00eds","@id":"https:\/\/blog.k10mobility.com\/fr\/#\/schema\/person\/5f18469c790b92d83fdd98422e621da8"},"headline":"Que voir \u00e0 Majorque en 3 jours : itin\u00e9raire complet et conseils pratiques","datePublished":"2025-01-29T10:47:00+00:00","dateModified":"2026-01-22T11:38:28+00:00","mainEntityOfPage":{"@id":"https:\/\/blog.k10mobility.com\/fr\/a-voir-a-majorque-en-3-jours-itineraire-complet-et-conseils-pratiques\/"},"wordCount":1048,"publisher":{"@id":"https:\/\/blog.k10mobility.com\/fr\/#organization"},"image":{"@id":"https:\/\/blog.k10mobility.com\/fr\/a-voir-a-majorque-en-3-jours-itineraire-complet-et-conseils-pratiques\/#primaryimage"},"thumbnailUrl":"https:\/\/blog.k10mobility.com\/wp-content\/uploads\/2023\/01\/que-ver-mallorca-3-dias.jpg","articleSection":["Majorque"],"inLanguage":"fr-FR"},{"@type":"WebPage","@id":"https:\/\/blog.k10mobility.com\/fr\/a-voir-a-majorque-en-3-jours-itineraire-complet-et-conseils-pratiques\/","url":"https:\/\/blog.k10mobility.com\/fr\/a-voir-a-majorque-en-3-jours-itineraire-complet-et-conseils-pratiques\/","name":"Que faire \u00e0 Majorque en 3 jours (Guide complet)","isPartOf":{"@id":"https:\/\/blog.k10mobility.com\/fr\/#website"},"primaryImageOfPage":{"@id":"https:\/\/blog.k10mobility.com\/fr\/a-voir-a-majorque-en-3-jours-itineraire-complet-et-conseils-pratiques\/#primaryimage"},"image":{"@id":"https:\/\/blog.k10mobility.com\/fr\/a-voir-a-majorque-en-3-jours-itineraire-complet-et-conseils-pratiques\/#primaryimage"},"thumbnailUrl":"https:\/\/blog.k10mobility.com\/wp-content\/uploads\/2023\/01\/que-ver-mallorca-3-dias.jpg","datePublished":"2025-01-29T10:47:00+00:00","dateModified":"2026-01-22T11:38:28+00:00","description":"D\u00e9couvrez Que faire \u00e0 Majorque en 3 jours : l'essentiel \u261d histoire, plages, gastronomie. Tout ce dont vous avez besoin pour un week-end parfait.","breadcrumb":{"@id":"https:\/\/blog.k10mobility.com\/fr\/a-voir-a-majorque-en-3-jours-itineraire-complet-et-conseils-pratiques\/#breadcrumb"},"inLanguage":"fr-FR","potentialAction":[{"@type":"ReadAction","target":["https:\/\/blog.k10mobility.com\/fr\/a-voir-a-majorque-en-3-jours-itineraire-complet-et-conseils-pratiques\/"]}]},{"@type":"ImageObject","inLanguage":"fr-FR","@id":"https:\/\/blog.k10mobility.com\/fr\/a-voir-a-majorque-en-3-jours-itineraire-complet-et-conseils-pratiques\/#primaryimage","url":"https:\/\/blog.k10mobility.com\/wp-content\/uploads\/2023\/01\/que-ver-mallorca-3-dias.jpg","contentUrl":"https:\/\/blog.k10mobility.com\/wp-content\/uploads\/2023\/01\/que-ver-mallorca-3-dias.jpg","width":1000,"height":562,"caption":"Que faire \u00e0 Majorque en trois jours ?"},{"@type":"BreadcrumbList","@id":"https:\/\/blog.k10mobility.com\/fr\/a-voir-a-majorque-en-3-jours-itineraire-complet-et-conseils-pratiques\/#breadcrumb","itemListElement":[{"@type":"ListItem","position":1,"name":"K10 Mobility","item":"https:\/\/blog.k10mobility.com\/fr\/"},{"@type":"ListItem","position":2,"name":"Que voir \u00e0 Majorque en 3 jours : itin\u00e9raire complet et conseils pratiques"}]},{"@type":"WebSite","@id":"https:\/\/blog.k10mobility.com\/fr\/#website","url":"https:\/\/blog.k10mobility.com\/fr\/","name":"K10 Mobility","description":"Rent a car en Ibiza y Mallorca","publisher":{"@id":"https:\/\/blog.k10mobility.com\/fr\/#organization"},"alternateName":"K10 Rent a car","potentialAction":[{"@type":"SearchAction","target":{"@type":"EntryPoint","urlTemplate":"https:\/\/blog.k10mobility.com\/fr\/?s={search_term_string}"},"query-input":{"@type":"PropertyValueSpecification","valueRequired":true,"valueName":"search_term_string"}}],"inLanguage":"fr-FR"},{"@type":"Organization","@id":"https:\/\/blog.k10mobility.com\/fr\/#organization","name":"K10 Mobility","alternateName":"K10 Mobility rent a car en Ibiza y Mallorca","url":"https:\/\/blog.k10mobility.com\/fr\/","logo":{"@type":"ImageObject","inLanguage":"fr-FR","@id":"https:\/\/blog.k10mobility.com\/fr\/#\/schema\/logo\/image\/","url":"https:\/\/blog.k10mobility.com\/wp-content\/uploads\/2025\/11\/cropped-Logo-K10-color-apaisado.png","contentUrl":"https:\/\/blog.k10mobility.com\/wp-content\/uploads\/2025\/11\/cropped-Logo-K10-color-apaisado.png","width":665,"height":105,"caption":"K10 Mobility"},"image":{"@id":"https:\/\/blog.k10mobility.com\/fr\/#\/schema\/logo\/image\/"},"sameAs":["https:\/\/www.facebook.com\/k10mobility\/","https:\/\/www.instagram.com\/k10mobility\/"]},{"@type":"Person","@id":"https:\/\/blog.k10mobility.com\/fr\/#\/schema\/person\/5f18469c790b92d83fdd98422e621da8","name":"Luis Ram\u00eds","image":{"@type":"ImageObject","inLanguage":"fr-FR","@id":"https:\/\/secure.gravatar.com\/avatar\/30162c41d6f584ef954ac19546d34176104f5a2b363cc65fe6c8b9dc6c1ed9ac?s=96&d=mm&r=g","url":"https:\/\/secure.gravatar.com\/avatar\/30162c41d6f584ef954ac19546d34176104f5a2b363cc65fe6c8b9dc6c1ed9ac?s=96&d=mm&r=g","contentUrl":"https:\/\/secure.gravatar.com\/avatar\/30162c41d6f584ef954ac19546d34176104f5a2b363cc65fe6c8b9dc6c1ed9ac?s=96&d=mm&r=g","caption":"Luis Ram\u00eds"},"url":"https:\/\/blog.k10mobility.com\/fr\/author\/luisr4m1s_k10\/"}]}},"_links":{"self":[{"href":"https:\/\/blog.k10mobility.com\/fr\/wp-json\/wp\/v2\/posts\/13790","targetHints":{"allow":["GET"]}}],"collection":[{"href":"https:\/\/blog.k10mobility.com\/fr\/wp-json\/wp\/v2\/posts"}],"about":[{"href":"https:\/\/blog.k10mobility.com\/fr\/wp-json\/wp\/v2\/types\/post"}],"author":[{"embeddable":true,"href":"https:\/\/blog.k10mobility.com\/fr\/wp-json\/wp\/v2\/users\/2"}],"replies":[{"embeddable":true,"href":"https:\/\/blog.k10mobility.com\/fr\/wp-json\/wp\/v2\/comments?post=13790"}],"version-history":[{"count":10,"href":"https:\/\/blog.k10mobility.com\/fr\/wp-json\/wp\/v2\/posts\/13790\/revisions"}],"predecessor-version":[{"id":13949,"href":"https:\/\/blog.k10mobility.com\/fr\/wp-json\/wp\/v2\/posts\/13790\/revisions\/13949"}],"wp:featuredmedia":[{"embeddable":true,"href":"https:\/\/blog.k10mobility.com\/fr\/wp-json\/wp\/v2\/media\/13792"}],"wp:attachment":[{"href":"https:\/\/blog.k10mobility.com\/fr\/wp-json\/wp\/v2\/media?parent=13790"}],"wp:term":[{"taxonomy":"category","embeddable":true,"href":"https:\/\/blog.k10mobility.com\/fr\/wp-json\/wp\/v2\/categories?post=13790"},{"taxonomy":"post_tag","embeddable":true,"href":"https:\/\/blog.k10mobility.com\/fr\/wp-json\/wp\/v2\/tags?post=13790"}],"curies":[{"name":"wp","href":"https:\/\/api.w.org\/{rel}","templated":true}]}}