{"id":13819,"date":"2025-04-14T10:53:13","date_gmt":"2025-04-14T10:53:13","guid":{"rendered":"https:\/\/blog.k10mobility.com\/principales-attractions-a-palma-de-majorque\/"},"modified":"2026-01-22T11:41:53","modified_gmt":"2026-01-22T11:41:53","slug":"principales-attractions-a-palma-de-majorque","status":"publish","type":"post","link":"https:\/\/blog.k10mobility.com\/fr\/principales-attractions-a-palma-de-majorque\/","title":{"rendered":"Les attractions les plus remarquables de Palma de Majorque"},"content":{"rendered":"<p><strong>Vous vous \u00eates d\u00e9j\u00e0 demand\u00e9 quelles surprises Palma de Majorque peut vous offrir ? Vous voulez faire des projets pour aujourd&rsquo;hui ? <\/strong><\/p>\n<p>Si vous avez l&rsquo;intention d&rsquo;explorer cette charmante ville, nous vous invitons \u00e0 d\u00e9couvrir ses coins les plus embl\u00e9matiques et les activit\u00e9s \u00e0 ne pas manquer. De sa riche histoire \u00e0 sa vie culturelle tr\u00e9pidante, Palma de Majorque a quelque chose de sp\u00e9cial pour chaque visiteur. <\/p>\n<h2 id=\"von-toc-1\">Activit\u00e9s recommand\u00e9es \u00e0 Palma de Majorque aujourd&rsquo;hui<\/h2>\n<ol>\n<li>\n<h3 id=\"von-toc-2\">Une promenade dans la vieille ville<\/h3>\n<\/li>\n<\/ol>\n<p>Promenez-vous dans les rues \u00e9troites et pav\u00e9es de la vieille ville, o\u00f9 chaque coin de rue raconte une histoire. Vous y trouverez la cath\u00e9drale Santa Maria de Palma, connue sous le nom de La Seu, un joyau gothique qui se refl\u00e8te majestueusement dans la mer. <\/p>\n<ol start=\"2\">\n<li>\n<h3 id=\"von-toc-3\">Visite du ch\u00e2teau de Bellver<\/h3>\n<\/li>\n<\/ol>\n<p>Ce ch\u00e2teau circulaire unique offre une vue panoramique sur la ville et le port. Son architecture unique en fait un lieu incontournable pour les amateurs d&rsquo;histoire et de photographie. <\/p>\n<ol start=\"3\">\n<li>\n<h3 id=\"von-toc-4\">D\u00e9couvrez l&rsquo;aquarium de Palma<\/h3>\n<\/li>\n<\/ol>\n<p>Plongez dans la vie marine de la M\u00e9diterran\u00e9e et d&rsquo;autres oc\u00e9ans dans cet aquarium fascinant. Avec plus de 700 esp\u00e8ces, c&rsquo;est une exp\u00e9rience \u00e9ducative et divertissante pour tous les \u00e2ges. <\/p>\n<p><img fetchpriority=\"high\" decoding=\"async\" class=\"size-full wp-image-11034 aligncenter\" src=\"https:\/\/blog.k10mobility.com\/wp-content\/uploads\/2025\/04\/palma-mallorca-planes-hoy.jpg\" alt=\"Plans pour Palma de Majorque aujourd'hui\" width=\"800\" height=\"1067\" srcset=\"https:\/\/blog.k10mobility.com\/wp-content\/uploads\/2025\/04\/palma-mallorca-planes-hoy.jpg 800w, https:\/\/blog.k10mobility.com\/wp-content\/uploads\/2025\/04\/palma-mallorca-planes-hoy-225x300.jpg 225w, https:\/\/blog.k10mobility.com\/wp-content\/uploads\/2025\/04\/palma-mallorca-planes-hoy-768x1024.jpg 768w\" sizes=\"(max-width: 800px) 100vw, 800px\" \/><\/p>\n<h2 id=\"von-toc-5\">D\u00e9couvrez l&rsquo;offre culturelle et gastronomique de Palma de Majorque<\/h2>\n<ol>\n<li>\n<h3 id=\"von-toc-6\">Mus\u00e9es et galeries<\/h3>\n<\/li>\n<\/ol>\n<p>La ville abrite de nombreux mus\u00e9es, comme Es Baluard, qui expose de l&rsquo;art contemporain, et la Fondation Pilar i Joan Mir\u00f3, d\u00e9di\u00e9e au c\u00e9l\u00e8bre peintre. Ces espaces offrent un aper\u00e7u approfondi de l&rsquo;art et de la culture locale. <\/p>\n<ol start=\"2\">\n<li>\n<h3 id=\"von-toc-7\">Gastronomie locale<\/h3>\n<\/li>\n<\/ol>\n<p>D\u00e9gustez la cuisine majorquine dans les march\u00e9s locaux, comme le Mercat de l&rsquo;Olivar. N&rsquo;oubliez pas de go\u00fbter \u00e0 l&rsquo;ensaimada et au frito mallorqu\u00edn, des plats traditionnels qui refl\u00e8tent la richesse culinaire de l&rsquo;\u00eele. <\/p>\n<h2 id=\"von-toc-8\">Planifiez votre journ\u00e9e \u00e0 Palma de Majorque avec nos suggestions<\/h2>\n<ul>\n<li aria-level=\"1\">Matin : Commencez par un petit-d\u00e9jeuner dans un caf\u00e9 local et visitez La Seu.<\/li>\n<li aria-level=\"1\">Apr\u00e8s-midi : Explorez le ch\u00e2teau de Bellver et d\u00e9jeunez dans le quartier de Santa Catalina, connu pour son atmosph\u00e8re boh\u00e8me.<\/li>\n<li style=\"font-weight: 400;\" aria-level=\"1\">Soir\u00e9e : Promenade sur la promenade et d\u00eener dans un restaurant avec vue sur la mer<span style=\"font-weight: 400;\">.<\/span><\/li>\n<\/ul>\n<h2 id=\"von-toc-9\">Pr\u00e9visions m\u00e9t\u00e9orologiques actuelles \u00e0 Palma de Majorque<\/h2>\n<p>Avant de planifier vos activit\u00e9s, il est essentiel de conna\u00eetre le climat. Palma de Majorque b\u00e9n\u00e9ficie d&rsquo;un climat m\u00e9diterran\u00e9en, avec des hivers doux et des \u00e9t\u00e9s chauds. Les temp\u00e9ratures varient g\u00e9n\u00e9ralement entre 10\u00b0C en hiver et 30\u00b0C en \u00e9t\u00e9.  <\/p>\n<p>Voici les pr\u00e9visions actualis\u00e9es pour aujourd&rsquo;hui et cette semaine.<\/p>\n<div id=\"c_d8ddb3ccf4ae68eeb6e78bcbd38792c5\" class=\"normal\"><\/div>\n<p><script type=\"text\/javascript\" src=\"https:\/\/www.eltiempo.es\/widget\/widget_loader\/d8ddb3ccf4ae68eeb6e78bcbd38792c5\"><\/script><\/p>\n<p>Pour plus de confort et de libert\u00e9 lors de votre visite, envisagez la <a href=\"https:\/\/blog.k10mobility.com\/?page_id=2694\">location d&rsquo;une voiture \u00e0 Majorque<\/a>, qui vous permettra d&rsquo;explorer l&rsquo;\u00eele \u00e0 votre rythme.<\/p>\n<p>Palma de Majorque est une ville qui allie histoire, culture et beaut\u00e9 naturelle. Que vous souhaitiez vous d\u00e9tendre sur ses plages, explorer son patrimoine ou vous laisser tenter par sa gastronomie, vous trouverez toujours quelque chose \u00e0 faire. Planifiez votre visite et d\u00e9couvrez tout ce que cette merveilleuse ville a \u00e0 offrir.  <\/p>\n","protected":false},"excerpt":{"rendered":"<p>Vous vous \u00eates d\u00e9j\u00e0 demand\u00e9 quelles surprises Palma de Majorque peut vous offrir ? Vous voulez faire des projets pour aujourd&rsquo;hui ? Si vous avez l&rsquo;intention d&rsquo;explorer cette charmante ville, nous vous invitons \u00e0 d\u00e9couvrir ses coins les plus embl\u00e9matiques et les activit\u00e9s \u00e0 ne pas manquer. De sa riche histoire \u00e0 sa vie culturelle &#8230; <a title=\"Les attractions les plus remarquables de Palma de Majorque\" class=\"read-more\" href=\"https:\/\/blog.k10mobility.com\/fr\/principales-attractions-a-palma-de-majorque\/\" aria-label=\"En savoir plus sur Les attractions les plus remarquables de Palma de Majorque\">Lire la suite<\/a><\/p>\n","protected":false},"author":2,"featured_media":13824,"comment_status":"open","ping_status":"closed","sticky":false,"template":"","format":"standard","meta":{"footnotes":""},"categories":[232],"tags":[308,306,307],"class_list":["post-13819","post","type-post","status-publish","format-standard","has-post-thumbnail","hentry","category-mallorca","tag-palma-de-majorque","tag-que-faire-a-majorque","tag-que-faire-aujourdhui-a-majorque"],"yoast_head":"<!-- This site is optimized with the Yoast SEO plugin v27.4 - https:\/\/yoast.com\/product\/yoast-seo-wordpress\/ -->\n<title>D\u00e9couvrez ce qu&#039;il y a \u00e0 faire \u00e0 Palma de Majorque aujourd&#039;hui | K10 Mobility<\/title>\n<meta name=\"description\" content=\"D\u00e9couvrez ce qu&#039;il y a \u00e0 faire \u00e0 Palma de Majorque aujourd&#039;hui en d\u00e9couvrant les principales attractions de Palma de Majorque et la m\u00e9t\u00e9o.\" \/>\n<meta name=\"robots\" content=\"index, follow, max-snippet:-1, max-image-preview:large, max-video-preview:-1\" \/>\n<link rel=\"canonical\" href=\"https:\/\/blog.k10mobility.com\/fr\/principales-attractions-a-palma-de-majorque\/\" \/>\n<meta property=\"og:locale\" content=\"fr_FR\" \/>\n<meta property=\"og:type\" content=\"article\" \/>\n<meta property=\"og:title\" content=\"D\u00e9couvrez ce qu&#039;il y a \u00e0 faire \u00e0 Palma de Majorque aujourd&#039;hui | K10 Mobility\" \/>\n<meta property=\"og:description\" content=\"D\u00e9couvrez ce qu&#039;il y a \u00e0 faire \u00e0 Palma de Majorque aujourd&#039;hui en d\u00e9couvrant les principales attractions de Palma de Majorque et la m\u00e9t\u00e9o.\" \/>\n<meta property=\"og:url\" content=\"https:\/\/blog.k10mobility.com\/fr\/principales-attractions-a-palma-de-majorque\/\" \/>\n<meta property=\"og:site_name\" content=\"K10 Mobility\" \/>\n<meta property=\"article:publisher\" content=\"https:\/\/www.facebook.com\/k10mobility\/\" \/>\n<meta property=\"article:published_time\" content=\"2025-04-14T10:53:13+00:00\" \/>\n<meta property=\"article:modified_time\" content=\"2026-01-22T11:41:53+00:00\" \/>\n<meta property=\"og:image\" content=\"https:\/\/blog.k10mobility.com\/wp-content\/uploads\/2025\/04\/que-hacer-hoy-en-mallorca.jpg\" \/>\n\t<meta property=\"og:image:width\" content=\"700\" \/>\n\t<meta property=\"og:image:height\" content=\"600\" \/>\n\t<meta property=\"og:image:type\" content=\"image\/jpeg\" \/>\n<meta name=\"author\" content=\"Luis Ram\u00eds\" \/>\n<meta name=\"twitter:card\" content=\"summary_large_image\" \/>\n<meta name=\"twitter:label1\" content=\"\u00c9crit par\" \/>\n\t<meta name=\"twitter:data1\" content=\"Luis Ram\u00eds\" \/>\n\t<meta name=\"twitter:label2\" content=\"Dur\u00e9e de lecture estim\u00e9e\" \/>\n\t<meta name=\"twitter:data2\" content=\"3 minutes\" \/>\n<script type=\"application\/ld+json\" class=\"yoast-schema-graph\">{\"@context\":\"https:\\\/\\\/schema.org\",\"@graph\":[{\"@type\":\"Article\",\"@id\":\"https:\\\/\\\/blog.k10mobility.com\\\/fr\\\/principales-attractions-a-palma-de-majorque\\\/#article\",\"isPartOf\":{\"@id\":\"https:\\\/\\\/blog.k10mobility.com\\\/fr\\\/principales-attractions-a-palma-de-majorque\\\/\"},\"author\":{\"name\":\"Luis Ram\u00eds\",\"@id\":\"https:\\\/\\\/blog.k10mobility.com\\\/fr\\\/#\\\/schema\\\/person\\\/5f18469c790b92d83fdd98422e621da8\"},\"headline\":\"Les attractions les plus remarquables de Palma de Majorque\",\"datePublished\":\"2025-04-14T10:53:13+00:00\",\"dateModified\":\"2026-01-22T11:41:53+00:00\",\"mainEntityOfPage\":{\"@id\":\"https:\\\/\\\/blog.k10mobility.com\\\/fr\\\/principales-attractions-a-palma-de-majorque\\\/\"},\"wordCount\":541,\"commentCount\":0,\"publisher\":{\"@id\":\"https:\\\/\\\/blog.k10mobility.com\\\/fr\\\/#organization\"},\"image\":{\"@id\":\"https:\\\/\\\/blog.k10mobility.com\\\/fr\\\/principales-attractions-a-palma-de-majorque\\\/#primaryimage\"},\"thumbnailUrl\":\"https:\\\/\\\/blog.k10mobility.com\\\/wp-content\\\/uploads\\\/2025\\\/04\\\/que-hacer-hoy-en-mallorca.jpg\",\"keywords\":[\"Palma de Majorque\",\"Que faire \u00e0 Majorque\",\"Que faire aujourd\u2019hui \u00e0 Majorque\"],\"articleSection\":[\"Majorque\"],\"inLanguage\":\"fr-FR\",\"potentialAction\":[{\"@type\":\"CommentAction\",\"name\":\"Comment\",\"target\":[\"https:\\\/\\\/blog.k10mobility.com\\\/fr\\\/principales-attractions-a-palma-de-majorque\\\/#respond\"]}]},{\"@type\":\"WebPage\",\"@id\":\"https:\\\/\\\/blog.k10mobility.com\\\/fr\\\/principales-attractions-a-palma-de-majorque\\\/\",\"url\":\"https:\\\/\\\/blog.k10mobility.com\\\/fr\\\/principales-attractions-a-palma-de-majorque\\\/\",\"name\":\"D\u00e9couvrez ce qu'il y a \u00e0 faire \u00e0 Palma de Majorque aujourd'hui | K10 Mobility\",\"isPartOf\":{\"@id\":\"https:\\\/\\\/blog.k10mobility.com\\\/fr\\\/#website\"},\"primaryImageOfPage\":{\"@id\":\"https:\\\/\\\/blog.k10mobility.com\\\/fr\\\/principales-attractions-a-palma-de-majorque\\\/#primaryimage\"},\"image\":{\"@id\":\"https:\\\/\\\/blog.k10mobility.com\\\/fr\\\/principales-attractions-a-palma-de-majorque\\\/#primaryimage\"},\"thumbnailUrl\":\"https:\\\/\\\/blog.k10mobility.com\\\/wp-content\\\/uploads\\\/2025\\\/04\\\/que-hacer-hoy-en-mallorca.jpg\",\"datePublished\":\"2025-04-14T10:53:13+00:00\",\"dateModified\":\"2026-01-22T11:41:53+00:00\",\"description\":\"D\u00e9couvrez ce qu'il y a \u00e0 faire \u00e0 Palma de Majorque aujourd'hui en d\u00e9couvrant les principales attractions de Palma de Majorque et la m\u00e9t\u00e9o.\",\"breadcrumb\":{\"@id\":\"https:\\\/\\\/blog.k10mobility.com\\\/fr\\\/principales-attractions-a-palma-de-majorque\\\/#breadcrumb\"},\"inLanguage\":\"fr-FR\",\"potentialAction\":[{\"@type\":\"ReadAction\",\"target\":[\"https:\\\/\\\/blog.k10mobility.com\\\/fr\\\/principales-attractions-a-palma-de-majorque\\\/\"]}]},{\"@type\":\"ImageObject\",\"inLanguage\":\"fr-FR\",\"@id\":\"https:\\\/\\\/blog.k10mobility.com\\\/fr\\\/principales-attractions-a-palma-de-majorque\\\/#primaryimage\",\"url\":\"https:\\\/\\\/blog.k10mobility.com\\\/wp-content\\\/uploads\\\/2025\\\/04\\\/que-hacer-hoy-en-mallorca.jpg\",\"contentUrl\":\"https:\\\/\\\/blog.k10mobility.com\\\/wp-content\\\/uploads\\\/2025\\\/04\\\/que-hacer-hoy-en-mallorca.jpg\",\"width\":700,\"height\":600,\"caption\":\"D\u00e9couvrez ce qu'il faut faire \u00e0 Palma de Majorque aujourd'hui\"},{\"@type\":\"BreadcrumbList\",\"@id\":\"https:\\\/\\\/blog.k10mobility.com\\\/fr\\\/principales-attractions-a-palma-de-majorque\\\/#breadcrumb\",\"itemListElement\":[{\"@type\":\"ListItem\",\"position\":1,\"name\":\"K10 Mobility\",\"item\":\"https:\\\/\\\/blog.k10mobility.com\\\/fr\\\/\"},{\"@type\":\"ListItem\",\"position\":2,\"name\":\"Les attractions les plus remarquables de Palma de Majorque\"}]},{\"@type\":\"WebSite\",\"@id\":\"https:\\\/\\\/blog.k10mobility.com\\\/fr\\\/#website\",\"url\":\"https:\\\/\\\/blog.k10mobility.com\\\/fr\\\/\",\"name\":\"K10 Mobility\",\"description\":\"Rent a car en Ibiza y Mallorca\",\"publisher\":{\"@id\":\"https:\\\/\\\/blog.k10mobility.com\\\/fr\\\/#organization\"},\"alternateName\":\"K10 Rent a car\",\"potentialAction\":[{\"@type\":\"SearchAction\",\"target\":{\"@type\":\"EntryPoint\",\"urlTemplate\":\"https:\\\/\\\/blog.k10mobility.com\\\/fr\\\/?s={search_term_string}\"},\"query-input\":{\"@type\":\"PropertyValueSpecification\",\"valueRequired\":true,\"valueName\":\"search_term_string\"}}],\"inLanguage\":\"fr-FR\"},{\"@type\":\"Organization\",\"@id\":\"https:\\\/\\\/blog.k10mobility.com\\\/fr\\\/#organization\",\"name\":\"K10 Mobility\",\"alternateName\":\"K10 Mobility rent a car en Ibiza y Mallorca\",\"url\":\"https:\\\/\\\/blog.k10mobility.com\\\/fr\\\/\",\"logo\":{\"@type\":\"ImageObject\",\"inLanguage\":\"fr-FR\",\"@id\":\"https:\\\/\\\/blog.k10mobility.com\\\/fr\\\/#\\\/schema\\\/logo\\\/image\\\/\",\"url\":\"https:\\\/\\\/blog.k10mobility.com\\\/wp-content\\\/uploads\\\/2025\\\/11\\\/cropped-Logo-K10-color-apaisado.png\",\"contentUrl\":\"https:\\\/\\\/blog.k10mobility.com\\\/wp-content\\\/uploads\\\/2025\\\/11\\\/cropped-Logo-K10-color-apaisado.png\",\"width\":665,\"height\":105,\"caption\":\"K10 Mobility\"},\"image\":{\"@id\":\"https:\\\/\\\/blog.k10mobility.com\\\/fr\\\/#\\\/schema\\\/logo\\\/image\\\/\"},\"sameAs\":[\"https:\\\/\\\/www.facebook.com\\\/k10mobility\\\/\",\"https:\\\/\\\/www.instagram.com\\\/k10mobility\\\/\"]},{\"@type\":\"Person\",\"@id\":\"https:\\\/\\\/blog.k10mobility.com\\\/fr\\\/#\\\/schema\\\/person\\\/5f18469c790b92d83fdd98422e621da8\",\"name\":\"Luis Ram\u00eds\",\"image\":{\"@type\":\"ImageObject\",\"inLanguage\":\"fr-FR\",\"@id\":\"https:\\\/\\\/secure.gravatar.com\\\/avatar\\\/30162c41d6f584ef954ac19546d34176104f5a2b363cc65fe6c8b9dc6c1ed9ac?s=96&d=mm&r=g\",\"url\":\"https:\\\/\\\/secure.gravatar.com\\\/avatar\\\/30162c41d6f584ef954ac19546d34176104f5a2b363cc65fe6c8b9dc6c1ed9ac?s=96&d=mm&r=g\",\"contentUrl\":\"https:\\\/\\\/secure.gravatar.com\\\/avatar\\\/30162c41d6f584ef954ac19546d34176104f5a2b363cc65fe6c8b9dc6c1ed9ac?s=96&d=mm&r=g\",\"caption\":\"Luis Ram\u00eds\"},\"url\":\"https:\\\/\\\/blog.k10mobility.com\\\/fr\\\/author\\\/luisr4m1s_k10\\\/\"}]}<\/script>\n<!-- \/ Yoast SEO plugin. -->","yoast_head_json":{"title":"D\u00e9couvrez ce qu'il y a \u00e0 faire \u00e0 Palma de Majorque aujourd'hui | K10 Mobility","description":"D\u00e9couvrez ce qu'il y a \u00e0 faire \u00e0 Palma de Majorque aujourd'hui en d\u00e9couvrant les principales attractions de Palma de Majorque et la m\u00e9t\u00e9o.","robots":{"index":"index","follow":"follow","max-snippet":"max-snippet:-1","max-image-preview":"max-image-preview:large","max-video-preview":"max-video-preview:-1"},"canonical":"https:\/\/blog.k10mobility.com\/fr\/principales-attractions-a-palma-de-majorque\/","og_locale":"fr_FR","og_type":"article","og_title":"D\u00e9couvrez ce qu'il y a \u00e0 faire \u00e0 Palma de Majorque aujourd'hui | K10 Mobility","og_description":"D\u00e9couvrez ce qu'il y a \u00e0 faire \u00e0 Palma de Majorque aujourd'hui en d\u00e9couvrant les principales attractions de Palma de Majorque et la m\u00e9t\u00e9o.","og_url":"https:\/\/blog.k10mobility.com\/fr\/principales-attractions-a-palma-de-majorque\/","og_site_name":"K10 Mobility","article_publisher":"https:\/\/www.facebook.com\/k10mobility\/","article_published_time":"2025-04-14T10:53:13+00:00","article_modified_time":"2026-01-22T11:41:53+00:00","og_image":[{"width":700,"height":600,"url":"https:\/\/blog.k10mobility.com\/wp-content\/uploads\/2025\/04\/que-hacer-hoy-en-mallorca.jpg","type":"image\/jpeg"}],"author":"Luis Ram\u00eds","twitter_card":"summary_large_image","twitter_misc":{"\u00c9crit par":"Luis Ram\u00eds","Dur\u00e9e de lecture estim\u00e9e":"3 minutes"},"schema":{"@context":"https:\/\/schema.org","@graph":[{"@type":"Article","@id":"https:\/\/blog.k10mobility.com\/fr\/principales-attractions-a-palma-de-majorque\/#article","isPartOf":{"@id":"https:\/\/blog.k10mobility.com\/fr\/principales-attractions-a-palma-de-majorque\/"},"author":{"name":"Luis Ram\u00eds","@id":"https:\/\/blog.k10mobility.com\/fr\/#\/schema\/person\/5f18469c790b92d83fdd98422e621da8"},"headline":"Les attractions les plus remarquables de Palma de Majorque","datePublished":"2025-04-14T10:53:13+00:00","dateModified":"2026-01-22T11:41:53+00:00","mainEntityOfPage":{"@id":"https:\/\/blog.k10mobility.com\/fr\/principales-attractions-a-palma-de-majorque\/"},"wordCount":541,"commentCount":0,"publisher":{"@id":"https:\/\/blog.k10mobility.com\/fr\/#organization"},"image":{"@id":"https:\/\/blog.k10mobility.com\/fr\/principales-attractions-a-palma-de-majorque\/#primaryimage"},"thumbnailUrl":"https:\/\/blog.k10mobility.com\/wp-content\/uploads\/2025\/04\/que-hacer-hoy-en-mallorca.jpg","keywords":["Palma de Majorque","Que faire \u00e0 Majorque","Que faire aujourd\u2019hui \u00e0 Majorque"],"articleSection":["Majorque"],"inLanguage":"fr-FR","potentialAction":[{"@type":"CommentAction","name":"Comment","target":["https:\/\/blog.k10mobility.com\/fr\/principales-attractions-a-palma-de-majorque\/#respond"]}]},{"@type":"WebPage","@id":"https:\/\/blog.k10mobility.com\/fr\/principales-attractions-a-palma-de-majorque\/","url":"https:\/\/blog.k10mobility.com\/fr\/principales-attractions-a-palma-de-majorque\/","name":"D\u00e9couvrez ce qu'il y a \u00e0 faire \u00e0 Palma de Majorque aujourd'hui | K10 Mobility","isPartOf":{"@id":"https:\/\/blog.k10mobility.com\/fr\/#website"},"primaryImageOfPage":{"@id":"https:\/\/blog.k10mobility.com\/fr\/principales-attractions-a-palma-de-majorque\/#primaryimage"},"image":{"@id":"https:\/\/blog.k10mobility.com\/fr\/principales-attractions-a-palma-de-majorque\/#primaryimage"},"thumbnailUrl":"https:\/\/blog.k10mobility.com\/wp-content\/uploads\/2025\/04\/que-hacer-hoy-en-mallorca.jpg","datePublished":"2025-04-14T10:53:13+00:00","dateModified":"2026-01-22T11:41:53+00:00","description":"D\u00e9couvrez ce qu'il y a \u00e0 faire \u00e0 Palma de Majorque aujourd'hui en d\u00e9couvrant les principales attractions de Palma de Majorque et la m\u00e9t\u00e9o.","breadcrumb":{"@id":"https:\/\/blog.k10mobility.com\/fr\/principales-attractions-a-palma-de-majorque\/#breadcrumb"},"inLanguage":"fr-FR","potentialAction":[{"@type":"ReadAction","target":["https:\/\/blog.k10mobility.com\/fr\/principales-attractions-a-palma-de-majorque\/"]}]},{"@type":"ImageObject","inLanguage":"fr-FR","@id":"https:\/\/blog.k10mobility.com\/fr\/principales-attractions-a-palma-de-majorque\/#primaryimage","url":"https:\/\/blog.k10mobility.com\/wp-content\/uploads\/2025\/04\/que-hacer-hoy-en-mallorca.jpg","contentUrl":"https:\/\/blog.k10mobility.com\/wp-content\/uploads\/2025\/04\/que-hacer-hoy-en-mallorca.jpg","width":700,"height":600,"caption":"D\u00e9couvrez ce qu'il faut faire \u00e0 Palma de Majorque aujourd'hui"},{"@type":"BreadcrumbList","@id":"https:\/\/blog.k10mobility.com\/fr\/principales-attractions-a-palma-de-majorque\/#breadcrumb","itemListElement":[{"@type":"ListItem","position":1,"name":"K10 Mobility","item":"https:\/\/blog.k10mobility.com\/fr\/"},{"@type":"ListItem","position":2,"name":"Les attractions les plus remarquables de Palma de Majorque"}]},{"@type":"WebSite","@id":"https:\/\/blog.k10mobility.com\/fr\/#website","url":"https:\/\/blog.k10mobility.com\/fr\/","name":"K10 Mobility","description":"Rent a car en Ibiza y Mallorca","publisher":{"@id":"https:\/\/blog.k10mobility.com\/fr\/#organization"},"alternateName":"K10 Rent a car","potentialAction":[{"@type":"SearchAction","target":{"@type":"EntryPoint","urlTemplate":"https:\/\/blog.k10mobility.com\/fr\/?s={search_term_string}"},"query-input":{"@type":"PropertyValueSpecification","valueRequired":true,"valueName":"search_term_string"}}],"inLanguage":"fr-FR"},{"@type":"Organization","@id":"https:\/\/blog.k10mobility.com\/fr\/#organization","name":"K10 Mobility","alternateName":"K10 Mobility rent a car en Ibiza y Mallorca","url":"https:\/\/blog.k10mobility.com\/fr\/","logo":{"@type":"ImageObject","inLanguage":"fr-FR","@id":"https:\/\/blog.k10mobility.com\/fr\/#\/schema\/logo\/image\/","url":"https:\/\/blog.k10mobility.com\/wp-content\/uploads\/2025\/11\/cropped-Logo-K10-color-apaisado.png","contentUrl":"https:\/\/blog.k10mobility.com\/wp-content\/uploads\/2025\/11\/cropped-Logo-K10-color-apaisado.png","width":665,"height":105,"caption":"K10 Mobility"},"image":{"@id":"https:\/\/blog.k10mobility.com\/fr\/#\/schema\/logo\/image\/"},"sameAs":["https:\/\/www.facebook.com\/k10mobility\/","https:\/\/www.instagram.com\/k10mobility\/"]},{"@type":"Person","@id":"https:\/\/blog.k10mobility.com\/fr\/#\/schema\/person\/5f18469c790b92d83fdd98422e621da8","name":"Luis Ram\u00eds","image":{"@type":"ImageObject","inLanguage":"fr-FR","@id":"https:\/\/secure.gravatar.com\/avatar\/30162c41d6f584ef954ac19546d34176104f5a2b363cc65fe6c8b9dc6c1ed9ac?s=96&d=mm&r=g","url":"https:\/\/secure.gravatar.com\/avatar\/30162c41d6f584ef954ac19546d34176104f5a2b363cc65fe6c8b9dc6c1ed9ac?s=96&d=mm&r=g","contentUrl":"https:\/\/secure.gravatar.com\/avatar\/30162c41d6f584ef954ac19546d34176104f5a2b363cc65fe6c8b9dc6c1ed9ac?s=96&d=mm&r=g","caption":"Luis Ram\u00eds"},"url":"https:\/\/blog.k10mobility.com\/fr\/author\/luisr4m1s_k10\/"}]}},"_links":{"self":[{"href":"https:\/\/blog.k10mobility.com\/fr\/wp-json\/wp\/v2\/posts\/13819","targetHints":{"allow":["GET"]}}],"collection":[{"href":"https:\/\/blog.k10mobility.com\/fr\/wp-json\/wp\/v2\/posts"}],"about":[{"href":"https:\/\/blog.k10mobility.com\/fr\/wp-json\/wp\/v2\/types\/post"}],"author":[{"embeddable":true,"href":"https:\/\/blog.k10mobility.com\/fr\/wp-json\/wp\/v2\/users\/2"}],"replies":[{"embeddable":true,"href":"https:\/\/blog.k10mobility.com\/fr\/wp-json\/wp\/v2\/comments?post=13819"}],"version-history":[{"count":2,"href":"https:\/\/blog.k10mobility.com\/fr\/wp-json\/wp\/v2\/posts\/13819\/revisions"}],"predecessor-version":[{"id":14159,"href":"https:\/\/blog.k10mobility.com\/fr\/wp-json\/wp\/v2\/posts\/13819\/revisions\/14159"}],"wp:featuredmedia":[{"embeddable":true,"href":"https:\/\/blog.k10mobility.com\/fr\/wp-json\/wp\/v2\/media\/13824"}],"wp:attachment":[{"href":"https:\/\/blog.k10mobility.com\/fr\/wp-json\/wp\/v2\/media?parent=13819"}],"wp:term":[{"taxonomy":"category","embeddable":true,"href":"https:\/\/blog.k10mobility.com\/fr\/wp-json\/wp\/v2\/categories?post=13819"},{"taxonomy":"post_tag","embeddable":true,"href":"https:\/\/blog.k10mobility.com\/fr\/wp-json\/wp\/v2\/tags?post=13819"}],"curies":[{"name":"wp","href":"https:\/\/api.w.org\/{rel}","templated":true}]}}