{"id":15230,"date":"2026-03-25T15:16:23","date_gmt":"2026-03-25T15:16:23","guid":{"rendered":"https:\/\/blog.k10mobility.com\/que-voir-a-majorque-votre-guide-essentiel-de-lile\/"},"modified":"2026-04-09T11:21:52","modified_gmt":"2026-04-09T11:21:52","slug":"que-voir-a-majorque-votre-guide-essentiel-de-lile","status":"publish","type":"post","link":"https:\/\/blog.k10mobility.com\/fr\/que-voir-a-majorque-votre-guide-essentiel-de-lile\/","title":{"rendered":"Que voir \u00e0 Majorque : votre guide essentiel de l&rsquo;\u00eele"},"content":{"rendered":"<p>Majorque, c&rsquo;est bien plus que de belles plages : c&rsquo;est une histoire ancienne, des villages charmants, une nature \u00e9poustouflante et une culture m\u00e9diterran\u00e9enne \u00e0 chaque tournant. Si vous vous demandez <strong>ce qu&rsquo;il faut voir \u00e0 Majorque<\/strong> lors de votre prochaine visite, ce guide vous pr\u00e9sente les lieux, les exp\u00e9riences et les conseils qui rendront votre voyage inoubliable. <\/p>\n<p><!-- \/wp:post-content --><!-- wp:heading --><\/p>\n<h2 id=\"von-toc-1\">D\u00e9couvrez les meilleures plages et criques de Majorque<\/h2>\n<p><!-- \/wp:heading --><!-- wp:paragraph --><\/p>\n<p>L&rsquo;une des grandes r\u00e9ponses \u00e0 la question de savoir ce qu&rsquo;il faut voir \u00e0 Majorque, ce sont ses plages et ses criques.  <strong>L&rsquo;\u00eele poss\u00e8de des kilom\u00e8tres de c\u00f4tes aux eaux cristallines et des paysages uniques \u00e0 ne pas manquer.  <\/strong>Nous vous recommandons :<\/p>\n<ul>\n<li aria-level=\"1\"><strong>Es Trenc<\/strong>: L&rsquo;une des plages les plus embl\u00e9matiques de Majorque, avec son sable blanc et ses eaux turquoises.<\/li>\n<li aria-level=\"1\"><strong>Cal\u00f3 des Moro<\/strong>: Une crique cach\u00e9e entre les falaises qui semble tout droit sortie d&rsquo;une carte postale.<\/li>\n<li aria-level=\"1\"><strong>Cala Mondrag\u00f3<\/strong>: dans un parc naturel, parfait pour combiner mer et nature.<\/li>\n<li aria-level=\"1\"><strong>Cala s&rsquo;Almunia : la<\/strong>merveille que vous voyez sur la photo pr\u00e9c\u00e9dente.<\/li>\n<li aria-level=\"1\"><strong>Playa de Formentor<\/strong>: Large et accessible, id\u00e9ale si vous venez de Palma de Majorque.<\/li>\n<\/ul>\n<p>Ces zones sont des exemples clairs d&rsquo;endroits \u00e0 visiter si vous voulez profiter de la mer et du soleil \u00e0 Majorque, mais vous pouvez \u00e9galement trouver des criques plus calmes et plus isol\u00e9es le long du chemin.<\/p>\n<p><!-- \/wp:paragraph --><!-- wp:heading {\"level\":3} \/--><!-- wp:image {\"id\":5046,\"sizeSlug\":\"full\",\"linkDestination\":\"none\"} --><\/p>\n<figure class=\"wp-block-image size-full\"><img fetchpriority=\"high\" decoding=\"async\" width=\"800\" height=\"450\" class=\"wp-image-5046\" src=\"https:\/\/blog.k10mobility.com\/wp-content\/uploads\/2022\/11\/cala-mendia-que-ver-mallorca.jpg\" alt=\"visiter des criques \u00e0 mallorque\" srcset=\"https:\/\/blog.k10mobility.com\/wp-content\/uploads\/2022\/11\/cala-mendia-que-ver-mallorca.jpg 800w, https:\/\/blog.k10mobility.com\/wp-content\/uploads\/2022\/11\/cala-mendia-que-ver-mallorca-300x169.jpg 300w, https:\/\/blog.k10mobility.com\/wp-content\/uploads\/2022\/11\/cala-mendia-que-ver-mallorca-768x432.jpg 768w\" sizes=\"(max-width: 800px) 100vw, 800px\" \/><\/figure>\n<p><!-- \/wp:image --><!-- wp:spacer {\"height\":\"40px\"} --><\/p>\n<h3 id=\"von-toc-2\">La cath\u00e9drale de Palma : une visite historique incontournable<\/h3>\n<p>Le c\u0153ur historique de l&rsquo;\u00eele se trouve \u00e0 <strong>Palma de Majorque<\/strong>, et son joyau est la <strong>cath\u00e9drale de Santa Maria<\/strong>, connue sous le nom de La Seu. Cet impressionnant temple gothique surplombe la baie et constitue l&rsquo;une des principales choses \u00e0 voir \u00e0 Majorque. <\/p>\n<p>Autour de la cath\u00e9drale, vous trouverez la vieille ville avec ses rues m\u00e9di\u00e9vales, ses charmantes places et ses coins parfaits pour se promener et d\u00e9couvrir l&rsquo;histoire de l&rsquo;\u00eele.<\/p>\n<h3 id=\"von-toc-3\">D\u00e9couvrez la Serra de Tramuntana<\/h3>\n<p>La <strong>Serra de Tramuntana<\/strong> est une cha\u00eene de montagnes class\u00e9e au patrimoine mondial de l&rsquo;humanit\u00e9 qui s&rsquo;\u00e9tend le long de la c\u00f4te nord-ouest de Majorque.<\/p>\n<p>Dans cette r\u00e9gion, vous pouvez visiter :<\/p>\n<ul>\n<li style=\"font-weight: 400;\" aria-level=\"1\"><strong>Valldemossa<\/strong>, un beau village de montagne plein de charme.<\/li>\n<li style=\"font-weight: 400;\" aria-level=\"1\"><strong>Dei\u00e0<\/strong> et le point de vue de <strong>Sa Foradada<\/strong>, qui offre des vues spectaculaires sur la mer.<\/li>\n<li aria-level=\"1\">Des itin\u00e9raires de randonn\u00e9e qui allient nature et vues panoramiques.<\/li>\n<\/ul>\n<p>La Tramuntana est l&rsquo;une des principales raisons pour lesquelles les voyageurs reviennent sur l&rsquo;\u00eele : nature, calme et panoramas uniques.<\/p>\n<p><img decoding=\"async\" class=\"alignnone size-full wp-image-10053\" src=\"https:\/\/blog.k10mobility.com\/wp-content\/uploads\/2024\/12\/mallorca-serra-tramuntana-invierno.webp\" alt=\"La Serra de Tramuntana en hiver\" width=\"740\" height=\"493\" srcset=\"https:\/\/blog.k10mobility.com\/wp-content\/uploads\/2024\/12\/mallorca-serra-tramuntana-invierno.webp 740w, https:\/\/blog.k10mobility.com\/wp-content\/uploads\/2024\/12\/mallorca-serra-tramuntana-invierno-300x200.webp 300w\" sizes=\"(max-width: 740px) 100vw, 740px\" \/><\/p>\n<h2 id=\"von-toc-4\">Gastronomie majorquine : des saveurs \u00e0 ne pas manquer<\/h2>\n<p>Majorque n&rsquo;offre pas que des paysages. Sa gastronomie est une autre raison pour laquelle l&rsquo;\u00eele figure sur de nombreuses listes de <strong>ce qu&rsquo;il faut voir \u00e0 Majorque<\/strong>. <\/p>\n<p>Go\u00fbtez aux plats traditionnels tels que :<\/p>\n<ul>\n<li style=\"font-weight: 400;\" aria-level=\"1\"><strong>Ensaimada<\/strong>, une douceur traditionnelle majorquine avec des si\u00e8cles d&rsquo;histoire.<\/li>\n<li style=\"font-weight: 400;\" aria-level=\"1\"><strong>Plats \u00e0 base de produits de la mer et de la campagne<\/strong>, des plats de riz aux rago\u00fbts typiques.<\/li>\n<li style=\"font-weight: 400;\" aria-level=\"1\">Des tapas locales ou des march\u00e9s comme celui de Santa Catalina \u00e0 <strong>Palma de Majorque<\/strong>, o\u00f9 les saveurs locales et modernes se m\u00e9langent.<\/li>\n<\/ul>\n<p>La nourriture est un \u00e9l\u00e9ment essentiel de tout voyage et, \u00e0 Majorque, elle fait \u00e9galement partie de l&rsquo;exp\u00e9rience culturelle.<\/p>\n<h2 id=\"von-toc-5\">Conseils de mobilit\u00e9 : comment se d\u00e9placer \u00e0 Majorque (K10 Mobility)<\/h2>\n<h3 id=\"von-toc-6\">Louer une voiture<\/h3>\n<p>L&rsquo;\u00eele de Majorque est vaste et bon nombre des plus beaux sites \u00e0 visiter ne sont pas reli\u00e9s par des transports publics efficaces.<\/p>\n<p>Se d\u00e9placer en voiture vous permet de :<\/p>\n<ul>\n<li aria-level=\"1\">Explorez les criques cach\u00e9es.<\/li>\n<li aria-level=\"1\">Atteindre les villages de montagne.<\/li>\n<li aria-level=\"1\">Modifiez vos plans en fonction de la m\u00e9t\u00e9o ou du moment de la journ\u00e9e.<\/li>\n<\/ul>\n<p>Pour cela, une bonne option est d&rsquo;organiser votre <a href=\"https:\/\/k10mobility.com\/es\/alquiler-coche-mallorca\/\" target=\"_blank\" rel=\"noopener\"><strong>location de voiture \u00e0 Majorque <\/strong><\/a>\u00e0 l&rsquo;avance, surtout si votre voyage commence \u00e0 l&rsquo;a\u00e9roport.<\/p>\n<h3 id=\"von-toc-7\">Transports publics et alternatives<\/h3>\n<p>Si vous ne voulez pas ou ne pouvez pas conduire, l&rsquo;\u00eele propose des options telles que des bus et des trains sur certains itin\u00e9raires, comme le train de S\u00f3ller qui relie <strong>Palma de Majorque<\/strong>.<\/p>\n<p>Il existe \u00e9galement des visites guid\u00e9es et des excursions qui vous permettent de vous rendre \u00e0 des endroits cl\u00e9s sans avoir \u00e0 vous soucier du transport.<\/p>\n<h2 id=\"von-toc-8\">Planifiez votre voyage \u00e0 Majorque<\/h2>\n<p>Majorque offre une grande vari\u00e9t\u00e9 de plans et de lieux \u00e0 voir pour tous les go\u00fbts : du centre historique de <strong>Palma de Majorque<\/strong> \u00e0 ses criques paradisiaques, en passant par ses montagnes et sa gastronomie locale.<\/p>\n<p>Avant le voyage :<\/p>\n<ul>\n<li aria-level=\"1\">Dressez une liste des lieux qui vous int\u00e9ressent le plus.<\/li>\n<li aria-level=\"1\">Organisez votre itin\u00e9raire en fonction des distances.<\/li>\n<li aria-level=\"1\">Pensez \u00e0 vous d\u00e9placer en voiture pour profiter au maximum de votre s\u00e9jour.<\/li>\n<\/ul>\n<p>Gr\u00e2ce \u00e0 ces conseils et \u00e0 ce guide des <strong>choses \u00e0 voir \u00e0 Majorque<\/strong>, vous serez pr\u00eat \u00e0 d\u00e9couvrir le meilleur de l&rsquo;\u00eele.<\/p>\n<p><strong>Car Majorque n&rsquo;est pas seulement une destination, c&rsquo;est une exp\u00e9rience compl\u00e8te.<\/strong><\/p>\n","protected":false},"excerpt":{"rendered":"<p>Majorque, c&rsquo;est bien plus que de belles plages : c&rsquo;est une histoire ancienne, des villages charmants, une nature \u00e9poustouflante et une culture m\u00e9diterran\u00e9enne \u00e0 chaque tournant. Si vous vous demandez ce qu&rsquo;il faut voir \u00e0 Majorque lors de votre prochaine visite, ce guide vous pr\u00e9sente les lieux, les exp\u00e9riences et les conseils qui rendront votre &#8230; <a title=\"Que voir \u00e0 Majorque : votre guide essentiel de l&rsquo;\u00eele\" class=\"read-more\" href=\"https:\/\/blog.k10mobility.com\/fr\/que-voir-a-majorque-votre-guide-essentiel-de-lile\/\" aria-label=\"En savoir plus sur Que voir \u00e0 Majorque : votre guide essentiel de l&rsquo;\u00eele\">Lire la suite<\/a><\/p>\n","protected":false},"author":2,"featured_media":15229,"comment_status":"open","ping_status":"closed","sticky":false,"template":"","format":"standard","meta":{"footnotes":""},"categories":[232,323],"tags":[],"class_list":["post-15230","post","type-post","status-publish","format-standard","has-post-thumbnail","hentry","category-mallorca","category-on-the-road"],"yoast_head":"<!-- This site is optimized with the Yoast SEO plugin v27.4 - https:\/\/yoast.com\/product\/yoast-seo-wordpress\/ -->\n<title>Que voir \u00e0 Majorque : Le guide essentiel : K10 Mobility\u00ae.<\/title>\n<meta name=\"description\" content=\"D\u00e9couvrez notre billet sur le Que voir \u00e0 Majorque : votre guide essentiel de l&#039;\u00eele% qui ne vous laissera pas indiff\u00e9rent.\" \/>\n<meta name=\"robots\" content=\"index, follow, max-snippet:-1, max-image-preview:large, max-video-preview:-1\" \/>\n<link rel=\"canonical\" href=\"https:\/\/blog.k10mobility.com\/fr\/que-voir-a-majorque-votre-guide-essentiel-de-lile\/\" \/>\n<meta property=\"og:locale\" content=\"fr_FR\" \/>\n<meta property=\"og:type\" content=\"article\" \/>\n<meta property=\"og:title\" content=\"Que voir \u00e0 Majorque : Le guide essentiel : K10 Mobility\u00ae.\" \/>\n<meta property=\"og:description\" content=\"D\u00e9couvrez notre billet sur le Que voir \u00e0 Majorque : votre guide essentiel de l&#039;\u00eele% qui ne vous laissera pas indiff\u00e9rent.\" \/>\n<meta property=\"og:url\" content=\"https:\/\/blog.k10mobility.com\/fr\/que-voir-a-majorque-votre-guide-essentiel-de-lile\/\" \/>\n<meta property=\"og:site_name\" content=\"K10 Mobility\" \/>\n<meta property=\"article:publisher\" content=\"https:\/\/www.facebook.com\/k10mobility\/\" \/>\n<meta property=\"article:published_time\" content=\"2026-03-25T15:16:23+00:00\" \/>\n<meta property=\"article:modified_time\" content=\"2026-04-09T11:21:52+00:00\" \/>\n<meta property=\"og:image\" content=\"https:\/\/blog.k10mobility.com\/wp-content\/uploads\/2026\/03\/cala-almunia-mallorca.webp\" \/>\n\t<meta property=\"og:image:width\" content=\"800\" \/>\n\t<meta property=\"og:image:height\" content=\"601\" \/>\n\t<meta property=\"og:image:type\" content=\"image\/webp\" \/>\n<meta name=\"author\" content=\"Luis Ram\u00eds\" \/>\n<meta name=\"twitter:card\" content=\"summary_large_image\" \/>\n<meta name=\"twitter:label1\" content=\"\u00c9crit par\" \/>\n\t<meta name=\"twitter:data1\" content=\"Luis Ram\u00eds\" \/>\n\t<meta name=\"twitter:label2\" content=\"Dur\u00e9e de lecture estim\u00e9e\" \/>\n\t<meta name=\"twitter:data2\" content=\"4 minutes\" \/>\n<script type=\"application\/ld+json\" class=\"yoast-schema-graph\">{\"@context\":\"https:\\\/\\\/schema.org\",\"@graph\":[{\"@type\":\"Article\",\"@id\":\"https:\\\/\\\/blog.k10mobility.com\\\/fr\\\/que-voir-a-majorque-votre-guide-essentiel-de-lile\\\/#article\",\"isPartOf\":{\"@id\":\"https:\\\/\\\/blog.k10mobility.com\\\/fr\\\/que-voir-a-majorque-votre-guide-essentiel-de-lile\\\/\"},\"author\":{\"name\":\"Luis Ram\u00eds\",\"@id\":\"https:\\\/\\\/blog.k10mobility.com\\\/fr\\\/#\\\/schema\\\/person\\\/5f18469c790b92d83fdd98422e621da8\"},\"headline\":\"Que voir \u00e0 Majorque : votre guide essentiel de l&rsquo;\u00eele\",\"datePublished\":\"2026-03-25T15:16:23+00:00\",\"dateModified\":\"2026-04-09T11:21:52+00:00\",\"mainEntityOfPage\":{\"@id\":\"https:\\\/\\\/blog.k10mobility.com\\\/fr\\\/que-voir-a-majorque-votre-guide-essentiel-de-lile\\\/\"},\"wordCount\":824,\"commentCount\":0,\"publisher\":{\"@id\":\"https:\\\/\\\/blog.k10mobility.com\\\/fr\\\/#organization\"},\"image\":{\"@id\":\"https:\\\/\\\/blog.k10mobility.com\\\/fr\\\/que-voir-a-majorque-votre-guide-essentiel-de-lile\\\/#primaryimage\"},\"thumbnailUrl\":\"https:\\\/\\\/blog.k10mobility.com\\\/wp-content\\\/uploads\\\/2026\\\/03\\\/cala-almunia-mallorca.webp\",\"articleSection\":[\"Majorque\",\"On the road\"],\"inLanguage\":\"fr-FR\",\"potentialAction\":[{\"@type\":\"CommentAction\",\"name\":\"Comment\",\"target\":[\"https:\\\/\\\/blog.k10mobility.com\\\/fr\\\/que-voir-a-majorque-votre-guide-essentiel-de-lile\\\/#respond\"]}]},{\"@type\":\"WebPage\",\"@id\":\"https:\\\/\\\/blog.k10mobility.com\\\/fr\\\/que-voir-a-majorque-votre-guide-essentiel-de-lile\\\/\",\"url\":\"https:\\\/\\\/blog.k10mobility.com\\\/fr\\\/que-voir-a-majorque-votre-guide-essentiel-de-lile\\\/\",\"name\":\"Que voir \u00e0 Majorque : Le guide essentiel : K10 Mobility\u00ae.\",\"isPartOf\":{\"@id\":\"https:\\\/\\\/blog.k10mobility.com\\\/fr\\\/#website\"},\"primaryImageOfPage\":{\"@id\":\"https:\\\/\\\/blog.k10mobility.com\\\/fr\\\/que-voir-a-majorque-votre-guide-essentiel-de-lile\\\/#primaryimage\"},\"image\":{\"@id\":\"https:\\\/\\\/blog.k10mobility.com\\\/fr\\\/que-voir-a-majorque-votre-guide-essentiel-de-lile\\\/#primaryimage\"},\"thumbnailUrl\":\"https:\\\/\\\/blog.k10mobility.com\\\/wp-content\\\/uploads\\\/2026\\\/03\\\/cala-almunia-mallorca.webp\",\"datePublished\":\"2026-03-25T15:16:23+00:00\",\"dateModified\":\"2026-04-09T11:21:52+00:00\",\"description\":\"D\u00e9couvrez notre billet sur le Que voir \u00e0 Majorque : votre guide essentiel de l'\u00eele% qui ne vous laissera pas indiff\u00e9rent.\",\"breadcrumb\":{\"@id\":\"https:\\\/\\\/blog.k10mobility.com\\\/fr\\\/que-voir-a-majorque-votre-guide-essentiel-de-lile\\\/#breadcrumb\"},\"inLanguage\":\"fr-FR\",\"potentialAction\":[{\"@type\":\"ReadAction\",\"target\":[\"https:\\\/\\\/blog.k10mobility.com\\\/fr\\\/que-voir-a-majorque-votre-guide-essentiel-de-lile\\\/\"]}]},{\"@type\":\"ImageObject\",\"inLanguage\":\"fr-FR\",\"@id\":\"https:\\\/\\\/blog.k10mobility.com\\\/fr\\\/que-voir-a-majorque-votre-guide-essentiel-de-lile\\\/#primaryimage\",\"url\":\"https:\\\/\\\/blog.k10mobility.com\\\/wp-content\\\/uploads\\\/2026\\\/03\\\/cala-almunia-mallorca.webp\",\"contentUrl\":\"https:\\\/\\\/blog.k10mobility.com\\\/wp-content\\\/uploads\\\/2026\\\/03\\\/cala-almunia-mallorca.webp\",\"width\":800,\"height\":601,\"caption\":\"Crique de S'Almunia, Majorque\"},{\"@type\":\"BreadcrumbList\",\"@id\":\"https:\\\/\\\/blog.k10mobility.com\\\/fr\\\/que-voir-a-majorque-votre-guide-essentiel-de-lile\\\/#breadcrumb\",\"itemListElement\":[{\"@type\":\"ListItem\",\"position\":1,\"name\":\"K10 Mobility\",\"item\":\"https:\\\/\\\/blog.k10mobility.com\\\/fr\\\/\"},{\"@type\":\"ListItem\",\"position\":2,\"name\":\"Que voir \u00e0 Majorque : votre guide essentiel de l&rsquo;\u00eele\"}]},{\"@type\":\"WebSite\",\"@id\":\"https:\\\/\\\/blog.k10mobility.com\\\/fr\\\/#website\",\"url\":\"https:\\\/\\\/blog.k10mobility.com\\\/fr\\\/\",\"name\":\"K10 Mobility\",\"description\":\"Rent a car en Ibiza y Mallorca\",\"publisher\":{\"@id\":\"https:\\\/\\\/blog.k10mobility.com\\\/fr\\\/#organization\"},\"alternateName\":\"K10 Rent a car\",\"potentialAction\":[{\"@type\":\"SearchAction\",\"target\":{\"@type\":\"EntryPoint\",\"urlTemplate\":\"https:\\\/\\\/blog.k10mobility.com\\\/fr\\\/?s={search_term_string}\"},\"query-input\":{\"@type\":\"PropertyValueSpecification\",\"valueRequired\":true,\"valueName\":\"search_term_string\"}}],\"inLanguage\":\"fr-FR\"},{\"@type\":\"Organization\",\"@id\":\"https:\\\/\\\/blog.k10mobility.com\\\/fr\\\/#organization\",\"name\":\"K10 Mobility\",\"alternateName\":\"K10 Mobility rent a car en Ibiza y Mallorca\",\"url\":\"https:\\\/\\\/blog.k10mobility.com\\\/fr\\\/\",\"logo\":{\"@type\":\"ImageObject\",\"inLanguage\":\"fr-FR\",\"@id\":\"https:\\\/\\\/blog.k10mobility.com\\\/fr\\\/#\\\/schema\\\/logo\\\/image\\\/\",\"url\":\"https:\\\/\\\/blog.k10mobility.com\\\/wp-content\\\/uploads\\\/2025\\\/11\\\/cropped-Logo-K10-color-apaisado.png\",\"contentUrl\":\"https:\\\/\\\/blog.k10mobility.com\\\/wp-content\\\/uploads\\\/2025\\\/11\\\/cropped-Logo-K10-color-apaisado.png\",\"width\":665,\"height\":105,\"caption\":\"K10 Mobility\"},\"image\":{\"@id\":\"https:\\\/\\\/blog.k10mobility.com\\\/fr\\\/#\\\/schema\\\/logo\\\/image\\\/\"},\"sameAs\":[\"https:\\\/\\\/www.facebook.com\\\/k10mobility\\\/\",\"https:\\\/\\\/www.instagram.com\\\/k10mobility\\\/\"]},{\"@type\":\"Person\",\"@id\":\"https:\\\/\\\/blog.k10mobility.com\\\/fr\\\/#\\\/schema\\\/person\\\/5f18469c790b92d83fdd98422e621da8\",\"name\":\"Luis Ram\u00eds\",\"image\":{\"@type\":\"ImageObject\",\"inLanguage\":\"fr-FR\",\"@id\":\"https:\\\/\\\/secure.gravatar.com\\\/avatar\\\/30162c41d6f584ef954ac19546d34176104f5a2b363cc65fe6c8b9dc6c1ed9ac?s=96&d=mm&r=g\",\"url\":\"https:\\\/\\\/secure.gravatar.com\\\/avatar\\\/30162c41d6f584ef954ac19546d34176104f5a2b363cc65fe6c8b9dc6c1ed9ac?s=96&d=mm&r=g\",\"contentUrl\":\"https:\\\/\\\/secure.gravatar.com\\\/avatar\\\/30162c41d6f584ef954ac19546d34176104f5a2b363cc65fe6c8b9dc6c1ed9ac?s=96&d=mm&r=g\",\"caption\":\"Luis Ram\u00eds\"},\"url\":\"https:\\\/\\\/blog.k10mobility.com\\\/fr\\\/author\\\/luisr4m1s_k10\\\/\"}]}<\/script>\n<!-- \/ Yoast SEO plugin. -->","yoast_head_json":{"title":"Que voir \u00e0 Majorque : Le guide essentiel : K10 Mobility\u00ae.","description":"D\u00e9couvrez notre billet sur le Que voir \u00e0 Majorque : votre guide essentiel de l'\u00eele% qui ne vous laissera pas indiff\u00e9rent.","robots":{"index":"index","follow":"follow","max-snippet":"max-snippet:-1","max-image-preview":"max-image-preview:large","max-video-preview":"max-video-preview:-1"},"canonical":"https:\/\/blog.k10mobility.com\/fr\/que-voir-a-majorque-votre-guide-essentiel-de-lile\/","og_locale":"fr_FR","og_type":"article","og_title":"Que voir \u00e0 Majorque : Le guide essentiel : K10 Mobility\u00ae.","og_description":"D\u00e9couvrez notre billet sur le Que voir \u00e0 Majorque : votre guide essentiel de l'\u00eele% qui ne vous laissera pas indiff\u00e9rent.","og_url":"https:\/\/blog.k10mobility.com\/fr\/que-voir-a-majorque-votre-guide-essentiel-de-lile\/","og_site_name":"K10 Mobility","article_publisher":"https:\/\/www.facebook.com\/k10mobility\/","article_published_time":"2026-03-25T15:16:23+00:00","article_modified_time":"2026-04-09T11:21:52+00:00","og_image":[{"width":800,"height":601,"url":"https:\/\/blog.k10mobility.com\/wp-content\/uploads\/2026\/03\/cala-almunia-mallorca.webp","type":"image\/webp"}],"author":"Luis Ram\u00eds","twitter_card":"summary_large_image","twitter_misc":{"\u00c9crit par":"Luis Ram\u00eds","Dur\u00e9e de lecture estim\u00e9e":"4 minutes"},"schema":{"@context":"https:\/\/schema.org","@graph":[{"@type":"Article","@id":"https:\/\/blog.k10mobility.com\/fr\/que-voir-a-majorque-votre-guide-essentiel-de-lile\/#article","isPartOf":{"@id":"https:\/\/blog.k10mobility.com\/fr\/que-voir-a-majorque-votre-guide-essentiel-de-lile\/"},"author":{"name":"Luis Ram\u00eds","@id":"https:\/\/blog.k10mobility.com\/fr\/#\/schema\/person\/5f18469c790b92d83fdd98422e621da8"},"headline":"Que voir \u00e0 Majorque : votre guide essentiel de l&rsquo;\u00eele","datePublished":"2026-03-25T15:16:23+00:00","dateModified":"2026-04-09T11:21:52+00:00","mainEntityOfPage":{"@id":"https:\/\/blog.k10mobility.com\/fr\/que-voir-a-majorque-votre-guide-essentiel-de-lile\/"},"wordCount":824,"commentCount":0,"publisher":{"@id":"https:\/\/blog.k10mobility.com\/fr\/#organization"},"image":{"@id":"https:\/\/blog.k10mobility.com\/fr\/que-voir-a-majorque-votre-guide-essentiel-de-lile\/#primaryimage"},"thumbnailUrl":"https:\/\/blog.k10mobility.com\/wp-content\/uploads\/2026\/03\/cala-almunia-mallorca.webp","articleSection":["Majorque","On the road"],"inLanguage":"fr-FR","potentialAction":[{"@type":"CommentAction","name":"Comment","target":["https:\/\/blog.k10mobility.com\/fr\/que-voir-a-majorque-votre-guide-essentiel-de-lile\/#respond"]}]},{"@type":"WebPage","@id":"https:\/\/blog.k10mobility.com\/fr\/que-voir-a-majorque-votre-guide-essentiel-de-lile\/","url":"https:\/\/blog.k10mobility.com\/fr\/que-voir-a-majorque-votre-guide-essentiel-de-lile\/","name":"Que voir \u00e0 Majorque : Le guide essentiel : K10 Mobility\u00ae.","isPartOf":{"@id":"https:\/\/blog.k10mobility.com\/fr\/#website"},"primaryImageOfPage":{"@id":"https:\/\/blog.k10mobility.com\/fr\/que-voir-a-majorque-votre-guide-essentiel-de-lile\/#primaryimage"},"image":{"@id":"https:\/\/blog.k10mobility.com\/fr\/que-voir-a-majorque-votre-guide-essentiel-de-lile\/#primaryimage"},"thumbnailUrl":"https:\/\/blog.k10mobility.com\/wp-content\/uploads\/2026\/03\/cala-almunia-mallorca.webp","datePublished":"2026-03-25T15:16:23+00:00","dateModified":"2026-04-09T11:21:52+00:00","description":"D\u00e9couvrez notre billet sur le Que voir \u00e0 Majorque : votre guide essentiel de l'\u00eele% qui ne vous laissera pas indiff\u00e9rent.","breadcrumb":{"@id":"https:\/\/blog.k10mobility.com\/fr\/que-voir-a-majorque-votre-guide-essentiel-de-lile\/#breadcrumb"},"inLanguage":"fr-FR","potentialAction":[{"@type":"ReadAction","target":["https:\/\/blog.k10mobility.com\/fr\/que-voir-a-majorque-votre-guide-essentiel-de-lile\/"]}]},{"@type":"ImageObject","inLanguage":"fr-FR","@id":"https:\/\/blog.k10mobility.com\/fr\/que-voir-a-majorque-votre-guide-essentiel-de-lile\/#primaryimage","url":"https:\/\/blog.k10mobility.com\/wp-content\/uploads\/2026\/03\/cala-almunia-mallorca.webp","contentUrl":"https:\/\/blog.k10mobility.com\/wp-content\/uploads\/2026\/03\/cala-almunia-mallorca.webp","width":800,"height":601,"caption":"Crique de S'Almunia, Majorque"},{"@type":"BreadcrumbList","@id":"https:\/\/blog.k10mobility.com\/fr\/que-voir-a-majorque-votre-guide-essentiel-de-lile\/#breadcrumb","itemListElement":[{"@type":"ListItem","position":1,"name":"K10 Mobility","item":"https:\/\/blog.k10mobility.com\/fr\/"},{"@type":"ListItem","position":2,"name":"Que voir \u00e0 Majorque : votre guide essentiel de l&rsquo;\u00eele"}]},{"@type":"WebSite","@id":"https:\/\/blog.k10mobility.com\/fr\/#website","url":"https:\/\/blog.k10mobility.com\/fr\/","name":"K10 Mobility","description":"Rent a car en Ibiza y Mallorca","publisher":{"@id":"https:\/\/blog.k10mobility.com\/fr\/#organization"},"alternateName":"K10 Rent a car","potentialAction":[{"@type":"SearchAction","target":{"@type":"EntryPoint","urlTemplate":"https:\/\/blog.k10mobility.com\/fr\/?s={search_term_string}"},"query-input":{"@type":"PropertyValueSpecification","valueRequired":true,"valueName":"search_term_string"}}],"inLanguage":"fr-FR"},{"@type":"Organization","@id":"https:\/\/blog.k10mobility.com\/fr\/#organization","name":"K10 Mobility","alternateName":"K10 Mobility rent a car en Ibiza y Mallorca","url":"https:\/\/blog.k10mobility.com\/fr\/","logo":{"@type":"ImageObject","inLanguage":"fr-FR","@id":"https:\/\/blog.k10mobility.com\/fr\/#\/schema\/logo\/image\/","url":"https:\/\/blog.k10mobility.com\/wp-content\/uploads\/2025\/11\/cropped-Logo-K10-color-apaisado.png","contentUrl":"https:\/\/blog.k10mobility.com\/wp-content\/uploads\/2025\/11\/cropped-Logo-K10-color-apaisado.png","width":665,"height":105,"caption":"K10 Mobility"},"image":{"@id":"https:\/\/blog.k10mobility.com\/fr\/#\/schema\/logo\/image\/"},"sameAs":["https:\/\/www.facebook.com\/k10mobility\/","https:\/\/www.instagram.com\/k10mobility\/"]},{"@type":"Person","@id":"https:\/\/blog.k10mobility.com\/fr\/#\/schema\/person\/5f18469c790b92d83fdd98422e621da8","name":"Luis Ram\u00eds","image":{"@type":"ImageObject","inLanguage":"fr-FR","@id":"https:\/\/secure.gravatar.com\/avatar\/30162c41d6f584ef954ac19546d34176104f5a2b363cc65fe6c8b9dc6c1ed9ac?s=96&d=mm&r=g","url":"https:\/\/secure.gravatar.com\/avatar\/30162c41d6f584ef954ac19546d34176104f5a2b363cc65fe6c8b9dc6c1ed9ac?s=96&d=mm&r=g","contentUrl":"https:\/\/secure.gravatar.com\/avatar\/30162c41d6f584ef954ac19546d34176104f5a2b363cc65fe6c8b9dc6c1ed9ac?s=96&d=mm&r=g","caption":"Luis Ram\u00eds"},"url":"https:\/\/blog.k10mobility.com\/fr\/author\/luisr4m1s_k10\/"}]}},"_links":{"self":[{"href":"https:\/\/blog.k10mobility.com\/fr\/wp-json\/wp\/v2\/posts\/15230","targetHints":{"allow":["GET"]}}],"collection":[{"href":"https:\/\/blog.k10mobility.com\/fr\/wp-json\/wp\/v2\/posts"}],"about":[{"href":"https:\/\/blog.k10mobility.com\/fr\/wp-json\/wp\/v2\/types\/post"}],"author":[{"embeddable":true,"href":"https:\/\/blog.k10mobility.com\/fr\/wp-json\/wp\/v2\/users\/2"}],"replies":[{"embeddable":true,"href":"https:\/\/blog.k10mobility.com\/fr\/wp-json\/wp\/v2\/comments?post=15230"}],"version-history":[{"count":1,"href":"https:\/\/blog.k10mobility.com\/fr\/wp-json\/wp\/v2\/posts\/15230\/revisions"}],"predecessor-version":[{"id":15231,"href":"https:\/\/blog.k10mobility.com\/fr\/wp-json\/wp\/v2\/posts\/15230\/revisions\/15231"}],"wp:featuredmedia":[{"embeddable":true,"href":"https:\/\/blog.k10mobility.com\/fr\/wp-json\/wp\/v2\/media\/15229"}],"wp:attachment":[{"href":"https:\/\/blog.k10mobility.com\/fr\/wp-json\/wp\/v2\/media?parent=15230"}],"wp:term":[{"taxonomy":"category","embeddable":true,"href":"https:\/\/blog.k10mobility.com\/fr\/wp-json\/wp\/v2\/categories?post=15230"},{"taxonomy":"post_tag","embeddable":true,"href":"https:\/\/blog.k10mobility.com\/fr\/wp-json\/wp\/v2\/tags?post=15230"}],"curies":[{"name":"wp","href":"https:\/\/api.w.org\/{rel}","templated":true}]}}