{"id":12602,"date":"2025-11-19T15:20:41","date_gmt":"2025-11-19T15:20:41","guid":{"rendered":"https:\/\/blog.k10mobility.com\/mercatini-di-natale-a-maiorca\/"},"modified":"2026-01-22T10:15:15","modified_gmt":"2026-01-22T10:15:15","slug":"mercatini-di-natale-a-maiorca","status":"publish","type":"post","link":"https:\/\/blog.k10mobility.com\/it\/mercatini-di-natale-a-maiorca\/","title":{"rendered":"Mercatini di Natale a Maiorca"},"content":{"rendered":"<p>Riesci a immaginare di <strong>passeggiare sotto le luci di Natale, con il profumo delle caldarroste, l&#8217;artigianato locale e un&#8217;atmosfera di festa<\/strong>&#8230; nel cuore del Mediterraneo? Ecco cosa offrono i mercatini di Natale di Maiorca. <\/p>\n<p>In questo articolo di K10 Mobility ti spieghiamo cosa devi sapere per goderti appieno questo periodo di festa. Perch\u00e9 \u00e8 senza dubbio un momento imbattibile per venire a conoscere l&#8217;isola, nel modo pi\u00f9 accattivante possibile. Quest&#8217;anno 2025, i mercati si terranno dal 23 novembre al 7 gennaio, con un margine di uno o due giorni a seconda della localit\u00e0.  <\/p>\n<h2 id=\"von-toc-1\">Vivi il Natale sulle isole<\/h2>\n<h3 id=\"von-toc-2\">Perch\u00e9 visitare i mercatini di Natale a Maiorca?<\/h3>\n<p>Sull&#8217;isola di Maiorca il Natale viene vissuto in modo speciale: con temperature miti, paesaggi costieri e tradizioni locali che si fondono con lo spirito delle feste.<\/p>\n<p>I <strong>mercatini di Natale di Maiorca 2025<\/strong> sono un&#8217;ottima occasione per trovare regali originali, fare una passeggiata con la famiglia, gustare dolci tipici e vivere la magia del Natale lontano dal freddo dell&#8217;entroterra.<\/p>\n<h3 id=\"von-toc-3\">Cosa aspettarsi dai mercatini di Natale di Maiorca<\/h3>\n<ul>\n<li aria-level=\"1\">Bancarelle di artigianato, decorazioni natalizie e regali fatti a mano. Ad esempio, il centro di Palma offre gi\u00e0 una vasta gamma di decorazioni per il presepe e oggetti di artigianato. <\/li>\n<li aria-level=\"1\">Atmosfera familiare con laboratori per bambini, musica e attivit\u00e0 per tutte le et\u00e0.<\/li>\n<li aria-level=\"1\">Le date di solito iniziano a fine novembre e in alcuni casi durano fino all&#8217;inizio di gennaio.<\/li>\n<\/ul>\n<h2 id=\"von-toc-4\">Principali mercatini di Natale Palma di Maiorca<\/h2>\n<h3 id=\"von-toc-5\">Mercato delle pulci di Plaza Mayor<\/h3>\n<p>Questo mercato \u00e8 solitamente il primo ad aprire e qui puoi trovare statuine per il presepe, alberi di Natale e ghirlande, candele e giocattoli fatti a mano. Quest&#8217;anno rimarr\u00e0 aperto fino al 7 gennaio. <\/p>\n<h3 id=\"von-toc-6\">Mercato in Plaza Espa\u00f1a e sulla Rambla de Palma &#8211; Nel centro di Palma<\/h3>\n<p>Nella capitale, l&#8217;atmosfera natalizia si concentra in luoghi come Plaza Espa\u00f1a e la Rambla de Palma, dove viene allestito un mercatino di Natale.  <strong>vivace mercatino di Natale con bancarelle di dolci, artigianato e decorazioni.<\/strong><\/p>\n<p>Il <strong>mercato sulla Rambla sembra uscito da un film di Natale<\/strong>. Qui puoi gustare una tazza di cioccolata calda con churros e persino nocciole appena tostate nella roulotte parcheggiata davanti a La Misericordia. <\/p>\n<p>Perfetto per una passeggiata pomeridiana dopo aver ritirato il tuo veicolo con K10 Mobility all&#8217;aeroporto.<\/p>\n<h3 id=\"von-toc-7\">Mercato di Santa Pon\u00e7a (Calvi\u00e0)<\/h3>\n<p>Questo mercatino di Natale si tiene nel quartiere fieristico di Santa Pon\u00e7a, di solito tra la fine di novembre e dicembre, offrendo un ambiente pi\u00f9 rilassato rispetto al centro citt\u00e0.<\/p>\n<p>Ideale se cerchi un&#8217;esperienza pi\u00f9 tranquilla, magari dopo una giornata in spiaggia o in montagna.<\/p>\n<h3 id=\"von-toc-8\">Mercato del Villaggio Spagnolo<\/h3>\n<p>Il Pueblo Espa\u00f1ol \u00e8 un villaggio-museo in cui sono rappresentati alcuni degli edifici e dei monumenti pi\u00f9 emblematici della Spagna.<\/p>\n<p>Il suo mercatino delle pulci si tiene dal 5 dicembre al 4 gennaio, di solito dal venerd\u00ec alla domenica, e l&#8217;ingresso costa circa 10-12\u20ac, inclusa una bevanda calda.<\/p>\n<h2 id=\"von-toc-9\">Incantevoli citt\u00e0 mercato<\/h2>\n<p>Alcuni villaggi di Maiorca organizzano le proprie fiere natalizie (&#8220;fuochi di Nadal&#8221;). Ad esempio, ad Alar\u00f3 o Binissalem puoi trovare mercatini con artigianato, gastronomia locale e un&#8217;atmosfera molto isolana. <\/p>\n<p>Questo tipo di destinazione \u00e8 perfetta per combinare una visita al mercato con una passeggiata in un ambiente pi\u00f9 autentico.<\/p>\n<h2 id=\"von-toc-10\">Consigli pratici per il massimo divertimento<\/h2>\n<ul>\n<li aria-level=\"1\">Visita i mercati in orari meno affollati (la mattina presto o nei giorni feriali) per evitare la folla e goderti i mercati in tutta tranquillit\u00e0.<\/li>\n<li><strong>Prenota <a href=\"https:\/\/blog.k10mobility.com\/?page_id=2694\">in anticipo il tuo veicolo con K10 Mobility all&#8217;aeroporto<\/a><\/strong>. Avere un&#8217;auto ti permetter\u00e0 di muoverti comodamente tra i mercatini di Natale di Maiorca senza affidarti ai mezzi pubblici. <\/li>\n<li aria-level=\"1\">Porta con te una piccola quantit\u00e0 di contanti: il <strong>pagamento con carta potrebbe non essere ancora disponibile in alcune bancarelle di artigianato<\/strong>.<\/li>\n<li aria-level=\"1\">Vestiti in modo caldo<strong>(anche se la temperatura a Maiorca \u00e8 pi\u00f9 mite, le serate possono essere fredde<\/strong>) e indossa scarpe comode per passeggiare tra le bancarelle.<\/li>\n<li aria-level=\"1\">Combina una visita al mercatino delle pulci con altri progetti natalizi: una cioccolata calda a Palma, una passeggiata al tramonto lungo la costa o una gita in un incantevole villaggio.<\/li>\n<\/ul>\n<h2 id=\"von-toc-11\">Organizza la tua fuga di Natale a Maiorca<\/h2>\n<p>I mercatini di Natale a Maiorca sono <strong>un ottimo modo per vivere il Natale in modo diverso<\/strong>: con il mare, la luce del Mediterraneo, la tradizione e la buona atmosfera. Che si tratti dei mercatini di Natale di Palma di Maiorca o di villaggi pi\u00f9 appartati, troverai la magia di queste date in ogni angolo dell&#8217;isola. <\/p>\n<p>Se stai pensando alla tua fuga per i mercatini di Natale a Maiorca 2025, non esitare: pianifica in anticipo, prenota il tuo veicolo con K10 Mobility all&#8217;aeroporto e preparati a vivere un periodo di vacanza memorabile.<\/p>\n<p><img fetchpriority=\"high\" decoding=\"async\" class=\"size-full wp-image-12368 aligncenter\" src=\"https:\/\/blog.k10mobility.com\/wp-content\/uploads\/2025\/11\/mercadillos-navidenos-mallorca-2025.webp\" alt=\"\" width=\"800\" height=\"600\" srcset=\"https:\/\/blog.k10mobility.com\/wp-content\/uploads\/2025\/11\/mercadillos-navidenos-mallorca-2025.webp 800w, https:\/\/blog.k10mobility.com\/wp-content\/uploads\/2025\/11\/mercadillos-navidenos-mallorca-2025-300x225.webp 300w, https:\/\/blog.k10mobility.com\/wp-content\/uploads\/2025\/11\/mercadillos-navidenos-mallorca-2025-768x576.webp 768w\" sizes=\"(max-width: 800px) 100vw, 800px\" \/><\/p>\n<p>Fonti:<\/p>\n<ul>\n<li>https:\/\/www.caib.es\/webgoib\/es\/w\/calendari-de-fires-i-mercats-2025<\/li>\n<li>https:\/\/www.abc-mallorca.es\/mercado-navidad-palma\/<\/li>\n<\/ul>\n","protected":false},"excerpt":{"rendered":"<p>Riesci a immaginare di passeggiare sotto le luci di Natale, con il profumo delle caldarroste, l&#8217;artigianato locale e un&#8217;atmosfera di festa&#8230; nel cuore del Mediterraneo? Ecco cosa offrono i mercatini di Natale di Maiorca. In questo articolo di K10 Mobility ti spieghiamo cosa devi sapere per goderti appieno questo periodo di festa. Perch\u00e9 \u00e8 senza &#8230; <a title=\"Mercatini di Natale a Maiorca\" class=\"read-more\" href=\"https:\/\/blog.k10mobility.com\/it\/mercatini-di-natale-a-maiorca\/\" aria-label=\"Per saperne di pi\u00f9 su Mercatini di Natale a Maiorca\">Leggi tutto<\/a><\/p>\n","protected":false},"author":1,"featured_media":12603,"comment_status":"open","ping_status":"closed","sticky":false,"template":"","format":"standard","meta":{"footnotes":""},"categories":[234],"tags":[],"class_list":["post-12602","post","type-post","status-publish","format-standard","has-post-thumbnail","hentry","category-mallorca"],"yoast_head":"<!-- This site is optimized with the Yoast SEO plugin v27.4 - https:\/\/yoast.com\/product\/yoast-seo-wordpress\/ -->\n<title>Mercatini di Natale a Maiorca - K10 Mobility<\/title>\n<meta name=\"description\" content=\"Descubre nuestro post:Mercatini di Natale a Maiorca deMallorca .\" \/>\n<meta name=\"robots\" content=\"index, follow, max-snippet:-1, max-image-preview:large, max-video-preview:-1\" \/>\n<link rel=\"canonical\" href=\"https:\/\/blog.k10mobility.com\/it\/mercatini-di-natale-a-maiorca\/\" \/>\n<meta property=\"og:locale\" content=\"it_IT\" \/>\n<meta property=\"og:type\" content=\"article\" \/>\n<meta property=\"og:title\" content=\"Mercatini di Natale a Maiorca - K10 Mobility\" \/>\n<meta property=\"og:description\" content=\"Descubre nuestro post:Mercatini di Natale a Maiorca deMallorca .\" \/>\n<meta property=\"og:url\" content=\"https:\/\/blog.k10mobility.com\/it\/mercatini-di-natale-a-maiorca\/\" \/>\n<meta property=\"og:site_name\" content=\"K10 Mobility\" \/>\n<meta property=\"article:publisher\" content=\"https:\/\/www.facebook.com\/k10mobility\/\" \/>\n<meta property=\"article:published_time\" content=\"2025-11-19T15:20:41+00:00\" \/>\n<meta property=\"article:modified_time\" content=\"2026-01-22T10:15:15+00:00\" \/>\n<meta property=\"og:image\" content=\"https:\/\/blog.k10mobility.com\/wp-content\/uploads\/2025\/11\/mallorca-navidad-mercadillos-1024x683.webp\" \/>\n\t<meta property=\"og:image:width\" content=\"1024\" \/>\n\t<meta property=\"og:image:height\" content=\"683\" \/>\n\t<meta property=\"og:image:type\" content=\"image\/webp\" \/>\n<meta name=\"author\" content=\"K10\" \/>\n<meta name=\"twitter:card\" content=\"summary_large_image\" \/>\n<meta name=\"twitter:label1\" content=\"Scritto da\" \/>\n\t<meta name=\"twitter:data1\" content=\"K10\" \/>\n\t<meta name=\"twitter:label2\" content=\"Tempo di lettura stimato\" \/>\n\t<meta name=\"twitter:data2\" content=\"4 minuti\" \/>\n<script type=\"application\/ld+json\" class=\"yoast-schema-graph\">{\"@context\":\"https:\\\/\\\/schema.org\",\"@graph\":[{\"@type\":\"Article\",\"@id\":\"https:\\\/\\\/blog.k10mobility.com\\\/it\\\/mercatini-di-natale-a-maiorca\\\/#article\",\"isPartOf\":{\"@id\":\"https:\\\/\\\/blog.k10mobility.com\\\/it\\\/mercatini-di-natale-a-maiorca\\\/\"},\"author\":{\"name\":\"K10\",\"@id\":\"https:\\\/\\\/blog.k10mobility.com\\\/it\\\/#\\\/schema\\\/person\\\/f31e5cd36f44f986645396161453818b\"},\"headline\":\"Mercatini di Natale a Maiorca\",\"datePublished\":\"2025-11-19T15:20:41+00:00\",\"dateModified\":\"2026-01-22T10:15:15+00:00\",\"mainEntityOfPage\":{\"@id\":\"https:\\\/\\\/blog.k10mobility.com\\\/it\\\/mercatini-di-natale-a-maiorca\\\/\"},\"wordCount\":798,\"commentCount\":0,\"publisher\":{\"@id\":\"https:\\\/\\\/blog.k10mobility.com\\\/it\\\/#organization\"},\"image\":{\"@id\":\"https:\\\/\\\/blog.k10mobility.com\\\/it\\\/mercatini-di-natale-a-maiorca\\\/#primaryimage\"},\"thumbnailUrl\":\"https:\\\/\\\/blog.k10mobility.com\\\/wp-content\\\/uploads\\\/2025\\\/11\\\/mallorca-navidad-mercadillos-scaled.webp\",\"articleSection\":[\"Mallorca\"],\"inLanguage\":\"it-IT\",\"potentialAction\":[{\"@type\":\"CommentAction\",\"name\":\"Comment\",\"target\":[\"https:\\\/\\\/blog.k10mobility.com\\\/it\\\/mercatini-di-natale-a-maiorca\\\/#respond\"]}]},{\"@type\":\"WebPage\",\"@id\":\"https:\\\/\\\/blog.k10mobility.com\\\/it\\\/mercatini-di-natale-a-maiorca\\\/\",\"url\":\"https:\\\/\\\/blog.k10mobility.com\\\/it\\\/mercatini-di-natale-a-maiorca\\\/\",\"name\":\"Mercatini di Natale a Maiorca - K10 Mobility\",\"isPartOf\":{\"@id\":\"https:\\\/\\\/blog.k10mobility.com\\\/it\\\/#website\"},\"primaryImageOfPage\":{\"@id\":\"https:\\\/\\\/blog.k10mobility.com\\\/it\\\/mercatini-di-natale-a-maiorca\\\/#primaryimage\"},\"image\":{\"@id\":\"https:\\\/\\\/blog.k10mobility.com\\\/it\\\/mercatini-di-natale-a-maiorca\\\/#primaryimage\"},\"thumbnailUrl\":\"https:\\\/\\\/blog.k10mobility.com\\\/wp-content\\\/uploads\\\/2025\\\/11\\\/mallorca-navidad-mercadillos-scaled.webp\",\"datePublished\":\"2025-11-19T15:20:41+00:00\",\"dateModified\":\"2026-01-22T10:15:15+00:00\",\"description\":\"Descubre nuestro post:Mercatini di Natale a Maiorca deMallorca .\",\"breadcrumb\":{\"@id\":\"https:\\\/\\\/blog.k10mobility.com\\\/it\\\/mercatini-di-natale-a-maiorca\\\/#breadcrumb\"},\"inLanguage\":\"it-IT\",\"potentialAction\":[{\"@type\":\"ReadAction\",\"target\":[\"https:\\\/\\\/blog.k10mobility.com\\\/it\\\/mercatini-di-natale-a-maiorca\\\/\"]}]},{\"@type\":\"ImageObject\",\"inLanguage\":\"it-IT\",\"@id\":\"https:\\\/\\\/blog.k10mobility.com\\\/it\\\/mercatini-di-natale-a-maiorca\\\/#primaryimage\",\"url\":\"https:\\\/\\\/blog.k10mobility.com\\\/wp-content\\\/uploads\\\/2025\\\/11\\\/mallorca-navidad-mercadillos-scaled.webp\",\"contentUrl\":\"https:\\\/\\\/blog.k10mobility.com\\\/wp-content\\\/uploads\\\/2025\\\/11\\\/mallorca-navidad-mercadillos-scaled.webp\",\"width\":2560,\"height\":1707,\"caption\":\"Mercatini di Natale a Maiorca\"},{\"@type\":\"BreadcrumbList\",\"@id\":\"https:\\\/\\\/blog.k10mobility.com\\\/it\\\/mercatini-di-natale-a-maiorca\\\/#breadcrumb\",\"itemListElement\":[{\"@type\":\"ListItem\",\"position\":1,\"name\":\"K10 Mobility\",\"item\":\"https:\\\/\\\/blog.k10mobility.com\\\/it\\\/\"},{\"@type\":\"ListItem\",\"position\":2,\"name\":\"Mercatini di Natale a Maiorca\"}]},{\"@type\":\"WebSite\",\"@id\":\"https:\\\/\\\/blog.k10mobility.com\\\/it\\\/#website\",\"url\":\"https:\\\/\\\/blog.k10mobility.com\\\/it\\\/\",\"name\":\"K10 Mobility\",\"description\":\"Rent a car en Ibiza y Mallorca\",\"publisher\":{\"@id\":\"https:\\\/\\\/blog.k10mobility.com\\\/it\\\/#organization\"},\"alternateName\":\"K10 Rent a car\",\"potentialAction\":[{\"@type\":\"SearchAction\",\"target\":{\"@type\":\"EntryPoint\",\"urlTemplate\":\"https:\\\/\\\/blog.k10mobility.com\\\/it\\\/?s={search_term_string}\"},\"query-input\":{\"@type\":\"PropertyValueSpecification\",\"valueRequired\":true,\"valueName\":\"search_term_string\"}}],\"inLanguage\":\"it-IT\"},{\"@type\":\"Organization\",\"@id\":\"https:\\\/\\\/blog.k10mobility.com\\\/it\\\/#organization\",\"name\":\"K10 Mobility\",\"alternateName\":\"K10 Mobility rent a car en Ibiza y Mallorca\",\"url\":\"https:\\\/\\\/blog.k10mobility.com\\\/it\\\/\",\"logo\":{\"@type\":\"ImageObject\",\"inLanguage\":\"it-IT\",\"@id\":\"https:\\\/\\\/blog.k10mobility.com\\\/it\\\/#\\\/schema\\\/logo\\\/image\\\/\",\"url\":\"https:\\\/\\\/blog.k10mobility.com\\\/wp-content\\\/uploads\\\/2025\\\/11\\\/cropped-Logo-K10-color-apaisado.png\",\"contentUrl\":\"https:\\\/\\\/blog.k10mobility.com\\\/wp-content\\\/uploads\\\/2025\\\/11\\\/cropped-Logo-K10-color-apaisado.png\",\"width\":665,\"height\":105,\"caption\":\"K10 Mobility\"},\"image\":{\"@id\":\"https:\\\/\\\/blog.k10mobility.com\\\/it\\\/#\\\/schema\\\/logo\\\/image\\\/\"},\"sameAs\":[\"https:\\\/\\\/www.facebook.com\\\/k10mobility\\\/\",\"https:\\\/\\\/www.instagram.com\\\/k10mobility\\\/\"]},{\"@type\":\"Person\",\"@id\":\"https:\\\/\\\/blog.k10mobility.com\\\/it\\\/#\\\/schema\\\/person\\\/f31e5cd36f44f986645396161453818b\",\"name\":\"K10\",\"image\":{\"@type\":\"ImageObject\",\"inLanguage\":\"it-IT\",\"@id\":\"https:\\\/\\\/secure.gravatar.com\\\/avatar\\\/206fefb0c43f85b1066007fbea28c7b1ae2fb5432c1864d0ab6dd2b14b6b4e87?s=96&d=mm&r=g\",\"url\":\"https:\\\/\\\/secure.gravatar.com\\\/avatar\\\/206fefb0c43f85b1066007fbea28c7b1ae2fb5432c1864d0ab6dd2b14b6b4e87?s=96&d=mm&r=g\",\"contentUrl\":\"https:\\\/\\\/secure.gravatar.com\\\/avatar\\\/206fefb0c43f85b1066007fbea28c7b1ae2fb5432c1864d0ab6dd2b14b6b4e87?s=96&d=mm&r=g\",\"caption\":\"K10\"},\"sameAs\":[\"https:\\\/\\\/blog.k10mobility.com\"],\"url\":\"https:\\\/\\\/blog.k10mobility.com\\\/it\\\/author\\\/s72m1n2k10\\\/\"}]}<\/script>\n<!-- \/ Yoast SEO plugin. -->","yoast_head_json":{"title":"Mercatini di Natale a Maiorca - K10 Mobility","description":"Descubre nuestro post:Mercatini di Natale a Maiorca deMallorca .","robots":{"index":"index","follow":"follow","max-snippet":"max-snippet:-1","max-image-preview":"max-image-preview:large","max-video-preview":"max-video-preview:-1"},"canonical":"https:\/\/blog.k10mobility.com\/it\/mercatini-di-natale-a-maiorca\/","og_locale":"it_IT","og_type":"article","og_title":"Mercatini di Natale a Maiorca - K10 Mobility","og_description":"Descubre nuestro post:Mercatini di Natale a Maiorca deMallorca .","og_url":"https:\/\/blog.k10mobility.com\/it\/mercatini-di-natale-a-maiorca\/","og_site_name":"K10 Mobility","article_publisher":"https:\/\/www.facebook.com\/k10mobility\/","article_published_time":"2025-11-19T15:20:41+00:00","article_modified_time":"2026-01-22T10:15:15+00:00","og_image":[{"width":1024,"height":683,"url":"https:\/\/blog.k10mobility.com\/wp-content\/uploads\/2025\/11\/mallorca-navidad-mercadillos-1024x683.webp","type":"image\/webp"}],"author":"K10","twitter_card":"summary_large_image","twitter_misc":{"Scritto da":"K10","Tempo di lettura stimato":"4 minuti"},"schema":{"@context":"https:\/\/schema.org","@graph":[{"@type":"Article","@id":"https:\/\/blog.k10mobility.com\/it\/mercatini-di-natale-a-maiorca\/#article","isPartOf":{"@id":"https:\/\/blog.k10mobility.com\/it\/mercatini-di-natale-a-maiorca\/"},"author":{"name":"K10","@id":"https:\/\/blog.k10mobility.com\/it\/#\/schema\/person\/f31e5cd36f44f986645396161453818b"},"headline":"Mercatini di Natale a Maiorca","datePublished":"2025-11-19T15:20:41+00:00","dateModified":"2026-01-22T10:15:15+00:00","mainEntityOfPage":{"@id":"https:\/\/blog.k10mobility.com\/it\/mercatini-di-natale-a-maiorca\/"},"wordCount":798,"commentCount":0,"publisher":{"@id":"https:\/\/blog.k10mobility.com\/it\/#organization"},"image":{"@id":"https:\/\/blog.k10mobility.com\/it\/mercatini-di-natale-a-maiorca\/#primaryimage"},"thumbnailUrl":"https:\/\/blog.k10mobility.com\/wp-content\/uploads\/2025\/11\/mallorca-navidad-mercadillos-scaled.webp","articleSection":["Mallorca"],"inLanguage":"it-IT","potentialAction":[{"@type":"CommentAction","name":"Comment","target":["https:\/\/blog.k10mobility.com\/it\/mercatini-di-natale-a-maiorca\/#respond"]}]},{"@type":"WebPage","@id":"https:\/\/blog.k10mobility.com\/it\/mercatini-di-natale-a-maiorca\/","url":"https:\/\/blog.k10mobility.com\/it\/mercatini-di-natale-a-maiorca\/","name":"Mercatini di Natale a Maiorca - K10 Mobility","isPartOf":{"@id":"https:\/\/blog.k10mobility.com\/it\/#website"},"primaryImageOfPage":{"@id":"https:\/\/blog.k10mobility.com\/it\/mercatini-di-natale-a-maiorca\/#primaryimage"},"image":{"@id":"https:\/\/blog.k10mobility.com\/it\/mercatini-di-natale-a-maiorca\/#primaryimage"},"thumbnailUrl":"https:\/\/blog.k10mobility.com\/wp-content\/uploads\/2025\/11\/mallorca-navidad-mercadillos-scaled.webp","datePublished":"2025-11-19T15:20:41+00:00","dateModified":"2026-01-22T10:15:15+00:00","description":"Descubre nuestro post:Mercatini di Natale a Maiorca deMallorca .","breadcrumb":{"@id":"https:\/\/blog.k10mobility.com\/it\/mercatini-di-natale-a-maiorca\/#breadcrumb"},"inLanguage":"it-IT","potentialAction":[{"@type":"ReadAction","target":["https:\/\/blog.k10mobility.com\/it\/mercatini-di-natale-a-maiorca\/"]}]},{"@type":"ImageObject","inLanguage":"it-IT","@id":"https:\/\/blog.k10mobility.com\/it\/mercatini-di-natale-a-maiorca\/#primaryimage","url":"https:\/\/blog.k10mobility.com\/wp-content\/uploads\/2025\/11\/mallorca-navidad-mercadillos-scaled.webp","contentUrl":"https:\/\/blog.k10mobility.com\/wp-content\/uploads\/2025\/11\/mallorca-navidad-mercadillos-scaled.webp","width":2560,"height":1707,"caption":"Mercatini di Natale a Maiorca"},{"@type":"BreadcrumbList","@id":"https:\/\/blog.k10mobility.com\/it\/mercatini-di-natale-a-maiorca\/#breadcrumb","itemListElement":[{"@type":"ListItem","position":1,"name":"K10 Mobility","item":"https:\/\/blog.k10mobility.com\/it\/"},{"@type":"ListItem","position":2,"name":"Mercatini di Natale a Maiorca"}]},{"@type":"WebSite","@id":"https:\/\/blog.k10mobility.com\/it\/#website","url":"https:\/\/blog.k10mobility.com\/it\/","name":"K10 Mobility","description":"Rent a car en Ibiza y Mallorca","publisher":{"@id":"https:\/\/blog.k10mobility.com\/it\/#organization"},"alternateName":"K10 Rent a car","potentialAction":[{"@type":"SearchAction","target":{"@type":"EntryPoint","urlTemplate":"https:\/\/blog.k10mobility.com\/it\/?s={search_term_string}"},"query-input":{"@type":"PropertyValueSpecification","valueRequired":true,"valueName":"search_term_string"}}],"inLanguage":"it-IT"},{"@type":"Organization","@id":"https:\/\/blog.k10mobility.com\/it\/#organization","name":"K10 Mobility","alternateName":"K10 Mobility rent a car en Ibiza y Mallorca","url":"https:\/\/blog.k10mobility.com\/it\/","logo":{"@type":"ImageObject","inLanguage":"it-IT","@id":"https:\/\/blog.k10mobility.com\/it\/#\/schema\/logo\/image\/","url":"https:\/\/blog.k10mobility.com\/wp-content\/uploads\/2025\/11\/cropped-Logo-K10-color-apaisado.png","contentUrl":"https:\/\/blog.k10mobility.com\/wp-content\/uploads\/2025\/11\/cropped-Logo-K10-color-apaisado.png","width":665,"height":105,"caption":"K10 Mobility"},"image":{"@id":"https:\/\/blog.k10mobility.com\/it\/#\/schema\/logo\/image\/"},"sameAs":["https:\/\/www.facebook.com\/k10mobility\/","https:\/\/www.instagram.com\/k10mobility\/"]},{"@type":"Person","@id":"https:\/\/blog.k10mobility.com\/it\/#\/schema\/person\/f31e5cd36f44f986645396161453818b","name":"K10","image":{"@type":"ImageObject","inLanguage":"it-IT","@id":"https:\/\/secure.gravatar.com\/avatar\/206fefb0c43f85b1066007fbea28c7b1ae2fb5432c1864d0ab6dd2b14b6b4e87?s=96&d=mm&r=g","url":"https:\/\/secure.gravatar.com\/avatar\/206fefb0c43f85b1066007fbea28c7b1ae2fb5432c1864d0ab6dd2b14b6b4e87?s=96&d=mm&r=g","contentUrl":"https:\/\/secure.gravatar.com\/avatar\/206fefb0c43f85b1066007fbea28c7b1ae2fb5432c1864d0ab6dd2b14b6b4e87?s=96&d=mm&r=g","caption":"K10"},"sameAs":["https:\/\/blog.k10mobility.com"],"url":"https:\/\/blog.k10mobility.com\/it\/author\/s72m1n2k10\/"}]}},"_links":{"self":[{"href":"https:\/\/blog.k10mobility.com\/it\/wp-json\/wp\/v2\/posts\/12602","targetHints":{"allow":["GET"]}}],"collection":[{"href":"https:\/\/blog.k10mobility.com\/it\/wp-json\/wp\/v2\/posts"}],"about":[{"href":"https:\/\/blog.k10mobility.com\/it\/wp-json\/wp\/v2\/types\/post"}],"author":[{"embeddable":true,"href":"https:\/\/blog.k10mobility.com\/it\/wp-json\/wp\/v2\/users\/1"}],"replies":[{"embeddable":true,"href":"https:\/\/blog.k10mobility.com\/it\/wp-json\/wp\/v2\/comments?post=12602"}],"version-history":[{"count":2,"href":"https:\/\/blog.k10mobility.com\/it\/wp-json\/wp\/v2\/posts\/12602\/revisions"}],"predecessor-version":[{"id":13900,"href":"https:\/\/blog.k10mobility.com\/it\/wp-json\/wp\/v2\/posts\/12602\/revisions\/13900"}],"wp:featuredmedia":[{"embeddable":true,"href":"https:\/\/blog.k10mobility.com\/it\/wp-json\/wp\/v2\/media\/12603"}],"wp:attachment":[{"href":"https:\/\/blog.k10mobility.com\/it\/wp-json\/wp\/v2\/media?parent=12602"}],"wp:term":[{"taxonomy":"category","embeddable":true,"href":"https:\/\/blog.k10mobility.com\/it\/wp-json\/wp\/v2\/categories?post=12602"},{"taxonomy":"post_tag","embeddable":true,"href":"https:\/\/blog.k10mobility.com\/it\/wp-json\/wp\/v2\/tags?post=12602"}],"curies":[{"name":"wp","href":"https:\/\/api.w.org\/{rel}","templated":true}]}}