{"id":12622,"date":"2025-08-21T10:13:38","date_gmt":"2025-08-21T10:13:38","guid":{"rendered":"https:\/\/blog.k10mobility.com\/cosa-vedere-a-ibiza-in-7-giorni\/"},"modified":"2026-03-23T18:16:49","modified_gmt":"2026-03-23T18:16:49","slug":"cosa-vedere-a-ibiza-in-7-giorni","status":"publish","type":"post","link":"https:\/\/blog.k10mobility.com\/it\/cosa-vedere-a-ibiza-in-7-giorni\/","title":{"rendered":"Cosa vedere a Ibiza in 7 giorni"},"content":{"rendered":"<p><span style=\"font-weight: 400;\">Riesci a immaginare di goderti un&#8217;intera settimana a Ibiza e di conoscere ogni angolo dell&#8217;isola come se fossi un abitante del posto?  <\/span><\/p>\n<p><span style=\"font-weight: 400;\">Rimani fino alla fine, perch\u00e9 abbiamo preparato un <\/span><b>itinerario di 7 giorni a Ibiza<\/b><span style=\"font-weight: 400;\"> che combina spiagge nascoste, villaggi incantevoli, percorsi di guida e panorami mozzafiato.<\/span><\/p>\n<p><span style=\"font-weight: 400;\">Questo articolo ha lo scopo di farti sapere esattamente <\/span><b>cosa vedere a Ibiza in 7 giorni<\/b><span style=\"font-weight: 400;\"> Sei pronto a iniziare la tua avventura?<\/span><\/p>\n<h2 id=\"von-toc-1\"><b>Itinerario di Ibiza per 7 giorni di viaggio<\/b><\/h2>\n<h3 id=\"von-toc-2\"><b>Giorno 1: Arrivo e primo contatto con l&#8217;isola<\/b><\/h3>\n<ul>\n<li style=\"font-weight: 400;\" aria-level=\"1\"><span style=\"font-weight: 400;\">Ritira la tua auto a noleggio in aeroporto con K10 Mobility per iniziare il tuo viaggio in totale libert\u00e0.<\/span><\/li>\n<li style=\"font-weight: 400;\" aria-level=\"1\"><span style=\"font-weight: 400;\">Esplora <\/span><b>Ibiza citt\u00e0<\/b><span style=\"font-weight: 400;\"> e passeggia lungo le mura di <\/span><b>Dalt Vila<\/b><span style=\"font-weight: 400;\">.<\/span><\/li>\n<li style=\"font-weight: 400;\" aria-level=\"1\"><span style=\"font-weight: 400;\">Cena al porto e goditi la vita notturna.<\/span><\/li>\n<\/ul>\n<h3 id=\"von-toc-3\"><b>Giorno 2: Spiagge del sud<\/b><\/h3>\n<ul>\n<li style=\"font-weight: 400;\" aria-level=\"1\"><span style=\"font-weight: 400;\">Trascorri la giornata a <\/span><b>Ses Salines<\/b><span style=\"font-weight: 400;\"> y <\/span><b>Es Cavallet<\/b><span style=\"font-weight: 400;\">due delle spiagge pi\u00f9 popolari.<\/span><\/li>\n<li style=\"font-weight: 400;\" aria-level=\"1\"><span style=\"font-weight: 400;\">Mangia in un bar sulla spiaggia con vista sul mare.<\/span><\/li>\n<li style=\"font-weight: 400;\" aria-level=\"1\"><span style=\"font-weight: 400;\">Un pomeriggio tranquillo a <\/span><b>Sa Caleta<\/b><span style=\"font-weight: 400;\">una caletta nascosta con resti fenici.<\/span><\/li>\n<\/ul>\n<h3 id=\"von-toc-4\"><b>Giorno 3: Avventura occidentale<\/b><\/h3>\n<ul>\n<li style=\"font-weight: 400;\" aria-level=\"1\"><span style=\"font-weight: 400;\">Scoprire <\/span><b>Comte Cove<\/b><span style=\"font-weight: 400;\"> y <\/span><b>Cala Bassa<\/b><span style=\"font-weight: 400;\">ideali per nuotare e scattare foto.<\/span><\/li>\n<li style=\"font-weight: 400;\" aria-level=\"1\"><span style=\"font-weight: 400;\">Termina la giornata ammirando il tramonto a <\/span><b>San Antonio<\/b><span style=\"font-weight: 400;\">da <\/span><b>Caf\u00e9 del Mar<\/b><span style=\"font-weight: 400;\">.<\/span><\/li>\n<\/ul>\n<h3 id=\"von-toc-5\"><b>Giorno 4: Percorso settentrionale<\/b><\/h3>\n<ul>\n<li style=\"font-weight: 400;\" aria-level=\"1\"><span style=\"font-weight: 400;\">Visita i villaggi di <\/span><b>Santa Gertrudis<\/b><span style=\"font-weight: 400;\"> y <\/span><b>San Juan<\/b><span style=\"font-weight: 400;\">ricchi di arte e gastronomia locale.<\/span><\/li>\n<li style=\"font-weight: 400;\" aria-level=\"1\"><span style=\"font-weight: 400;\">Rilassati a <\/span><b>Cala Xarraca<\/b><span style=\"font-weight: 400;\"> o <\/span><b>Cala Benirr\u00e0s<\/b><span style=\"font-weight: 400;\">famosa per i suoi tamburi al tramonto.<\/span><\/li>\n<\/ul>\n<h3 id=\"von-toc-6\"><b>Giorno 5: Escursione a Formentera (facoltativa)<\/b><\/h3>\n<ul>\n<li style=\"font-weight: 400;\" aria-level=\"1\"><span style=\"font-weight: 400;\">Se hai voglia di cambiare, prendi un traghetto da Ibiza e trascorri la giornata a <\/span><b>Formentera<\/b><span style=\"font-weight: 400;\">.<\/span><\/li>\n<li style=\"font-weight: 400;\" aria-level=\"1\"><span style=\"font-weight: 400;\">Scoprire <\/span><b>Ses Illetes<\/b><span style=\"font-weight: 400;\">considerata una delle migliori spiagge d&#8217;Europa.<\/span><\/li>\n<\/ul>\n<h3 id=\"von-toc-7\"><b>Giorno 6: Mercati e villaggi dell&#8217;entroterra<\/b><\/h3>\n<ul>\n<li style=\"font-weight: 400;\" aria-level=\"1\"><span style=\"font-weight: 400;\">Fai una passeggiata nel mercato delle pulci di <\/span><b>Las Dalias<\/b><span style=\"font-weight: 400;\"> o il <\/span><b>Mercato Hippy di Punta Arab\u00ed<\/b><span style=\"font-weight: 400;\">.<\/span><\/li>\n<li style=\"font-weight: 400;\" aria-level=\"1\"><span style=\"font-weight: 400;\">Goditi la calma di villaggi come <\/span><b>Sant Carles<\/b><span style=\"font-weight: 400;\"> y <\/span><b>Santa Agn\u00e8s<\/b><span style=\"font-weight: 400;\">.<\/span><\/li>\n<li style=\"font-weight: 400;\" aria-level=\"1\"><span style=\"font-weight: 400;\">Cena in campagna, sotto le stelle.<\/span><\/li>\n<\/ul>\n<h3 id=\"von-toc-8\"><b>Giorno 7: Relax e saluti<\/b><\/h3>\n<ul>\n<li style=\"font-weight: 400;\" aria-level=\"1\"><span style=\"font-weight: 400;\">Rilassati a <\/span><b>Talamanca<\/b><span style=\"font-weight: 400;\"> o <\/span><b>Cala Llonga<\/b><span style=\"font-weight: 400;\">.<\/span><\/li>\n<li style=\"font-weight: 400;\" aria-level=\"1\"><span style=\"font-weight: 400;\">Sali al punto panoramico di <\/span><b>Sa Talaia<\/b><span style=\"font-weight: 400;\">il punto pi\u00f9 alto dell&#8217;isola, per salutarsi con una vista a 360\u00ba.<\/span><\/li>\n<li style=\"font-weight: 400;\" aria-level=\"1\"><span style=\"font-weight: 400;\">Lascia la tua auto a K10 Mobility e concludi la tua settimana perfetta a Ibiza.<\/span><\/li>\n<\/ul>\n<h2 id=\"von-toc-9\"><b>Le domande pi\u00f9 frequenti quando si viaggia a Ibiza per 7 giorni:<\/b><\/h2>\n<h3 id=\"von-toc-10\"><b>Una settimana \u00e8 sufficiente per conoscere Ibiza?<\/b><\/h3>\n<p><span style=\"font-weight: 400;\">S\u00ec, una settimana \u00e8 l&#8217;ideale per conoscere sia le zone pi\u00f9 turistiche che gli angoli meno esplorati. Inoltre, avere un&#8217;auto rende pi\u00f9 facile spostarsi e sfruttare al meglio le giornate.  <\/span><\/p>\n<h3 id=\"von-toc-11\"><b>Qual \u00e8 un buon itinerario di 7 giorni a Ibiza?<\/b><\/h3>\n<p><span style=\"font-weight: 400;\">Un equilibrio tra relax, cultura, natura e gastronomia. Con un&#8217;auto a noleggio, puoi organizzare le tue giornate secondo i tuoi ritmi e adattare le visite in base al tempo o alle tue preferenze. <\/span><\/p>\n<h3 id=\"von-toc-12\"><b>In quali giorni visitare Formentera?<\/b><\/h3>\n<p><span style=\"font-weight: 400;\">Ti consigliamo di farlo a met\u00e0 del viaggio, come nel caso di <\/span><b>Giorno 5<\/b><span style=\"font-weight: 400;\">per cambiare scenario senza alterare la tua pianificazione a Ibiza.<\/span><\/p>\n<p><span style=\"font-weight: 400;\">Se ti stai chiedendo <\/span><b>cosa vedere a Ibiza in 7 giorni<\/b><span style=\"font-weight: 400;\">ora hai una guida completa per goderti ogni giorno senza improvvisare. Con un&#8217;<a href=\"\/alquiler-coche-ibiza-aeropuerto\/\">auto a noleggio di <\/a><\/span><span style=\"font-weight: 400;\">K10 Mobilit\u00e0<\/span><span style=\"font-weight: 400;\"> dall&#8217;aeroporto di Ibiza, potrai girare l&#8217;isola senza dipendere dai trasporti pubblici o dagli orari.<\/span><\/p>\n<p><span style=\"font-weight: 400;\">Preparati quindi a una settimana indimenticabile a Ibiza, dove ogni giorno ti sveler\u00e0 un nuovo paesaggio.<\/span><\/p>\n","protected":false},"excerpt":{"rendered":"<p>Riesci a immaginare di goderti un&#8217;intera settimana a Ibiza e di conoscere ogni angolo dell&#8217;isola come se fossi un abitante del posto? Rimani fino alla fine, perch\u00e9 abbiamo preparato un itinerario di 7 giorni a Ibiza che combina spiagge nascoste, villaggi incantevoli, percorsi di guida e panorami mozzafiato. Questo articolo ha lo scopo di farti &#8230; <a title=\"Cosa vedere a Ibiza in 7 giorni\" class=\"read-more\" href=\"https:\/\/blog.k10mobility.com\/it\/cosa-vedere-a-ibiza-in-7-giorni\/\" aria-label=\"Per saperne di pi\u00f9 su Cosa vedere a Ibiza in 7 giorni\">Leggi tutto<\/a><\/p>\n","protected":false},"author":2,"featured_media":12623,"comment_status":"closed","ping_status":"closed","sticky":false,"template":"","format":"standard","meta":{"footnotes":""},"categories":[226],"tags":[337],"class_list":["post-12622","post","type-post","status-publish","format-standard","has-post-thumbnail","hentry","category-ibiza","tag-destacada-rutas"],"yoast_head":"<!-- This site is optimized with the Yoast SEO plugin v27.4 - https:\/\/yoast.com\/product\/yoast-seo-wordpress\/ -->\n<title>Cosa vedere a Ibiza in 7 giorni - K10 Mobility<\/title>\n<meta name=\"description\" content=\"Se vuoi sapere cosa vedere a Ibiza in 7 giorni, sei nel posto giusto. Siamo nativi dell&#039;isola e ti indichiamo l&#039;itinerario migliore per 7 giorni.\" \/>\n<meta name=\"robots\" content=\"index, follow, max-snippet:-1, max-image-preview:large, max-video-preview:-1\" \/>\n<link rel=\"canonical\" href=\"https:\/\/blog.k10mobility.com\/it\/cosa-vedere-a-ibiza-in-7-giorni\/\" \/>\n<meta property=\"og:locale\" content=\"it_IT\" \/>\n<meta property=\"og:type\" content=\"article\" \/>\n<meta property=\"og:title\" content=\"Cosa vedere a Ibiza in 7 giorni - K10 Mobility\" \/>\n<meta property=\"og:description\" content=\"Se vuoi sapere cosa vedere a Ibiza in 7 giorni, sei nel posto giusto. Siamo nativi dell&#039;isola e ti indichiamo l&#039;itinerario migliore per 7 giorni.\" \/>\n<meta property=\"og:url\" content=\"https:\/\/blog.k10mobility.com\/it\/cosa-vedere-a-ibiza-in-7-giorni\/\" \/>\n<meta property=\"og:site_name\" content=\"K10 Mobility\" \/>\n<meta property=\"article:publisher\" content=\"https:\/\/www.facebook.com\/k10mobility\/\" \/>\n<meta property=\"article:published_time\" content=\"2025-08-21T10:13:38+00:00\" \/>\n<meta property=\"article:modified_time\" content=\"2026-03-23T18:16:49+00:00\" \/>\n<meta property=\"og:image\" content=\"https:\/\/blog.k10mobility.com\/wp-content\/uploads\/2025\/08\/que-ver-en-ibiza-7-dias.webp\" \/>\n\t<meta property=\"og:image:width\" content=\"800\" \/>\n\t<meta property=\"og:image:height\" content=\"533\" \/>\n\t<meta property=\"og:image:type\" content=\"image\/webp\" \/>\n<meta name=\"author\" content=\"Luis Ram\u00eds\" \/>\n<meta name=\"twitter:card\" content=\"summary_large_image\" \/>\n<meta name=\"twitter:label1\" content=\"Scritto da\" \/>\n\t<meta name=\"twitter:data1\" content=\"Luis Ram\u00eds\" \/>\n\t<meta name=\"twitter:label2\" content=\"Tempo di lettura stimato\" \/>\n\t<meta name=\"twitter:data2\" content=\"2 minuti\" \/>\n<script type=\"application\/ld+json\" class=\"yoast-schema-graph\">{\"@context\":\"https:\\\/\\\/schema.org\",\"@graph\":[{\"@type\":\"Article\",\"@id\":\"https:\\\/\\\/blog.k10mobility.com\\\/it\\\/cosa-vedere-a-ibiza-in-7-giorni\\\/#article\",\"isPartOf\":{\"@id\":\"https:\\\/\\\/blog.k10mobility.com\\\/it\\\/cosa-vedere-a-ibiza-in-7-giorni\\\/\"},\"author\":{\"name\":\"Luis Ram\u00eds\",\"@id\":\"https:\\\/\\\/blog.k10mobility.com\\\/it\\\/#\\\/schema\\\/person\\\/5f18469c790b92d83fdd98422e621da8\"},\"headline\":\"Cosa vedere a Ibiza in 7 giorni\",\"datePublished\":\"2025-08-21T10:13:38+00:00\",\"dateModified\":\"2026-03-23T18:16:49+00:00\",\"mainEntityOfPage\":{\"@id\":\"https:\\\/\\\/blog.k10mobility.com\\\/it\\\/cosa-vedere-a-ibiza-in-7-giorni\\\/\"},\"wordCount\":526,\"publisher\":{\"@id\":\"https:\\\/\\\/blog.k10mobility.com\\\/it\\\/#organization\"},\"image\":{\"@id\":\"https:\\\/\\\/blog.k10mobility.com\\\/it\\\/cosa-vedere-a-ibiza-in-7-giorni\\\/#primaryimage\"},\"thumbnailUrl\":\"https:\\\/\\\/blog.k10mobility.com\\\/wp-content\\\/uploads\\\/2025\\\/08\\\/que-ver-en-ibiza-7-dias.webp\",\"keywords\":[\"Destacada Rutas\"],\"articleSection\":[\"Ibiza\"],\"inLanguage\":\"it-IT\"},{\"@type\":\"WebPage\",\"@id\":\"https:\\\/\\\/blog.k10mobility.com\\\/it\\\/cosa-vedere-a-ibiza-in-7-giorni\\\/\",\"url\":\"https:\\\/\\\/blog.k10mobility.com\\\/it\\\/cosa-vedere-a-ibiza-in-7-giorni\\\/\",\"name\":\"Cosa vedere a Ibiza in 7 giorni - K10 Mobility\",\"isPartOf\":{\"@id\":\"https:\\\/\\\/blog.k10mobility.com\\\/it\\\/#website\"},\"primaryImageOfPage\":{\"@id\":\"https:\\\/\\\/blog.k10mobility.com\\\/it\\\/cosa-vedere-a-ibiza-in-7-giorni\\\/#primaryimage\"},\"image\":{\"@id\":\"https:\\\/\\\/blog.k10mobility.com\\\/it\\\/cosa-vedere-a-ibiza-in-7-giorni\\\/#primaryimage\"},\"thumbnailUrl\":\"https:\\\/\\\/blog.k10mobility.com\\\/wp-content\\\/uploads\\\/2025\\\/08\\\/que-ver-en-ibiza-7-dias.webp\",\"datePublished\":\"2025-08-21T10:13:38+00:00\",\"dateModified\":\"2026-03-23T18:16:49+00:00\",\"description\":\"Se vuoi sapere cosa vedere a Ibiza in 7 giorni, sei nel posto giusto. Siamo nativi dell'isola e ti indichiamo l'itinerario migliore per 7 giorni.\",\"breadcrumb\":{\"@id\":\"https:\\\/\\\/blog.k10mobility.com\\\/it\\\/cosa-vedere-a-ibiza-in-7-giorni\\\/#breadcrumb\"},\"inLanguage\":\"it-IT\",\"potentialAction\":[{\"@type\":\"ReadAction\",\"target\":[\"https:\\\/\\\/blog.k10mobility.com\\\/it\\\/cosa-vedere-a-ibiza-in-7-giorni\\\/\"]}]},{\"@type\":\"ImageObject\",\"inLanguage\":\"it-IT\",\"@id\":\"https:\\\/\\\/blog.k10mobility.com\\\/it\\\/cosa-vedere-a-ibiza-in-7-giorni\\\/#primaryimage\",\"url\":\"https:\\\/\\\/blog.k10mobility.com\\\/wp-content\\\/uploads\\\/2025\\\/08\\\/que-ver-en-ibiza-7-dias.webp\",\"contentUrl\":\"https:\\\/\\\/blog.k10mobility.com\\\/wp-content\\\/uploads\\\/2025\\\/08\\\/que-ver-en-ibiza-7-dias.webp\",\"width\":800,\"height\":533,\"caption\":\"Cosa vedere a Ibiza in 7 giorni\"},{\"@type\":\"BreadcrumbList\",\"@id\":\"https:\\\/\\\/blog.k10mobility.com\\\/it\\\/cosa-vedere-a-ibiza-in-7-giorni\\\/#breadcrumb\",\"itemListElement\":[{\"@type\":\"ListItem\",\"position\":1,\"name\":\"K10 Mobility\",\"item\":\"https:\\\/\\\/blog.k10mobility.com\\\/it\\\/\"},{\"@type\":\"ListItem\",\"position\":2,\"name\":\"Cosa vedere a Ibiza in 7 giorni\"}]},{\"@type\":\"WebSite\",\"@id\":\"https:\\\/\\\/blog.k10mobility.com\\\/it\\\/#website\",\"url\":\"https:\\\/\\\/blog.k10mobility.com\\\/it\\\/\",\"name\":\"K10 Mobility\",\"description\":\"Rent a car en Ibiza y Mallorca\",\"publisher\":{\"@id\":\"https:\\\/\\\/blog.k10mobility.com\\\/it\\\/#organization\"},\"alternateName\":\"K10 Rent a car\",\"potentialAction\":[{\"@type\":\"SearchAction\",\"target\":{\"@type\":\"EntryPoint\",\"urlTemplate\":\"https:\\\/\\\/blog.k10mobility.com\\\/it\\\/?s={search_term_string}\"},\"query-input\":{\"@type\":\"PropertyValueSpecification\",\"valueRequired\":true,\"valueName\":\"search_term_string\"}}],\"inLanguage\":\"it-IT\"},{\"@type\":\"Organization\",\"@id\":\"https:\\\/\\\/blog.k10mobility.com\\\/it\\\/#organization\",\"name\":\"K10 Mobility\",\"alternateName\":\"K10 Mobility rent a car en Ibiza y Mallorca\",\"url\":\"https:\\\/\\\/blog.k10mobility.com\\\/it\\\/\",\"logo\":{\"@type\":\"ImageObject\",\"inLanguage\":\"it-IT\",\"@id\":\"https:\\\/\\\/blog.k10mobility.com\\\/it\\\/#\\\/schema\\\/logo\\\/image\\\/\",\"url\":\"https:\\\/\\\/blog.k10mobility.com\\\/wp-content\\\/uploads\\\/2025\\\/11\\\/cropped-Logo-K10-color-apaisado.png\",\"contentUrl\":\"https:\\\/\\\/blog.k10mobility.com\\\/wp-content\\\/uploads\\\/2025\\\/11\\\/cropped-Logo-K10-color-apaisado.png\",\"width\":665,\"height\":105,\"caption\":\"K10 Mobility\"},\"image\":{\"@id\":\"https:\\\/\\\/blog.k10mobility.com\\\/it\\\/#\\\/schema\\\/logo\\\/image\\\/\"},\"sameAs\":[\"https:\\\/\\\/www.facebook.com\\\/k10mobility\\\/\",\"https:\\\/\\\/www.instagram.com\\\/k10mobility\\\/\"]},{\"@type\":\"Person\",\"@id\":\"https:\\\/\\\/blog.k10mobility.com\\\/it\\\/#\\\/schema\\\/person\\\/5f18469c790b92d83fdd98422e621da8\",\"name\":\"Luis Ram\u00eds\",\"image\":{\"@type\":\"ImageObject\",\"inLanguage\":\"it-IT\",\"@id\":\"https:\\\/\\\/secure.gravatar.com\\\/avatar\\\/30162c41d6f584ef954ac19546d34176104f5a2b363cc65fe6c8b9dc6c1ed9ac?s=96&d=mm&r=g\",\"url\":\"https:\\\/\\\/secure.gravatar.com\\\/avatar\\\/30162c41d6f584ef954ac19546d34176104f5a2b363cc65fe6c8b9dc6c1ed9ac?s=96&d=mm&r=g\",\"contentUrl\":\"https:\\\/\\\/secure.gravatar.com\\\/avatar\\\/30162c41d6f584ef954ac19546d34176104f5a2b363cc65fe6c8b9dc6c1ed9ac?s=96&d=mm&r=g\",\"caption\":\"Luis Ram\u00eds\"},\"url\":\"https:\\\/\\\/blog.k10mobility.com\\\/it\\\/author\\\/luisr4m1s_k10\\\/\"}]}<\/script>\n<!-- \/ Yoast SEO plugin. -->","yoast_head_json":{"title":"Cosa vedere a Ibiza in 7 giorni - K10 Mobility","description":"Se vuoi sapere cosa vedere a Ibiza in 7 giorni, sei nel posto giusto. Siamo nativi dell'isola e ti indichiamo l'itinerario migliore per 7 giorni.","robots":{"index":"index","follow":"follow","max-snippet":"max-snippet:-1","max-image-preview":"max-image-preview:large","max-video-preview":"max-video-preview:-1"},"canonical":"https:\/\/blog.k10mobility.com\/it\/cosa-vedere-a-ibiza-in-7-giorni\/","og_locale":"it_IT","og_type":"article","og_title":"Cosa vedere a Ibiza in 7 giorni - K10 Mobility","og_description":"Se vuoi sapere cosa vedere a Ibiza in 7 giorni, sei nel posto giusto. Siamo nativi dell'isola e ti indichiamo l'itinerario migliore per 7 giorni.","og_url":"https:\/\/blog.k10mobility.com\/it\/cosa-vedere-a-ibiza-in-7-giorni\/","og_site_name":"K10 Mobility","article_publisher":"https:\/\/www.facebook.com\/k10mobility\/","article_published_time":"2025-08-21T10:13:38+00:00","article_modified_time":"2026-03-23T18:16:49+00:00","og_image":[{"width":800,"height":533,"url":"https:\/\/blog.k10mobility.com\/wp-content\/uploads\/2025\/08\/que-ver-en-ibiza-7-dias.webp","type":"image\/webp"}],"author":"Luis Ram\u00eds","twitter_card":"summary_large_image","twitter_misc":{"Scritto da":"Luis Ram\u00eds","Tempo di lettura stimato":"2 minuti"},"schema":{"@context":"https:\/\/schema.org","@graph":[{"@type":"Article","@id":"https:\/\/blog.k10mobility.com\/it\/cosa-vedere-a-ibiza-in-7-giorni\/#article","isPartOf":{"@id":"https:\/\/blog.k10mobility.com\/it\/cosa-vedere-a-ibiza-in-7-giorni\/"},"author":{"name":"Luis Ram\u00eds","@id":"https:\/\/blog.k10mobility.com\/it\/#\/schema\/person\/5f18469c790b92d83fdd98422e621da8"},"headline":"Cosa vedere a Ibiza in 7 giorni","datePublished":"2025-08-21T10:13:38+00:00","dateModified":"2026-03-23T18:16:49+00:00","mainEntityOfPage":{"@id":"https:\/\/blog.k10mobility.com\/it\/cosa-vedere-a-ibiza-in-7-giorni\/"},"wordCount":526,"publisher":{"@id":"https:\/\/blog.k10mobility.com\/it\/#organization"},"image":{"@id":"https:\/\/blog.k10mobility.com\/it\/cosa-vedere-a-ibiza-in-7-giorni\/#primaryimage"},"thumbnailUrl":"https:\/\/blog.k10mobility.com\/wp-content\/uploads\/2025\/08\/que-ver-en-ibiza-7-dias.webp","keywords":["Destacada Rutas"],"articleSection":["Ibiza"],"inLanguage":"it-IT"},{"@type":"WebPage","@id":"https:\/\/blog.k10mobility.com\/it\/cosa-vedere-a-ibiza-in-7-giorni\/","url":"https:\/\/blog.k10mobility.com\/it\/cosa-vedere-a-ibiza-in-7-giorni\/","name":"Cosa vedere a Ibiza in 7 giorni - K10 Mobility","isPartOf":{"@id":"https:\/\/blog.k10mobility.com\/it\/#website"},"primaryImageOfPage":{"@id":"https:\/\/blog.k10mobility.com\/it\/cosa-vedere-a-ibiza-in-7-giorni\/#primaryimage"},"image":{"@id":"https:\/\/blog.k10mobility.com\/it\/cosa-vedere-a-ibiza-in-7-giorni\/#primaryimage"},"thumbnailUrl":"https:\/\/blog.k10mobility.com\/wp-content\/uploads\/2025\/08\/que-ver-en-ibiza-7-dias.webp","datePublished":"2025-08-21T10:13:38+00:00","dateModified":"2026-03-23T18:16:49+00:00","description":"Se vuoi sapere cosa vedere a Ibiza in 7 giorni, sei nel posto giusto. Siamo nativi dell'isola e ti indichiamo l'itinerario migliore per 7 giorni.","breadcrumb":{"@id":"https:\/\/blog.k10mobility.com\/it\/cosa-vedere-a-ibiza-in-7-giorni\/#breadcrumb"},"inLanguage":"it-IT","potentialAction":[{"@type":"ReadAction","target":["https:\/\/blog.k10mobility.com\/it\/cosa-vedere-a-ibiza-in-7-giorni\/"]}]},{"@type":"ImageObject","inLanguage":"it-IT","@id":"https:\/\/blog.k10mobility.com\/it\/cosa-vedere-a-ibiza-in-7-giorni\/#primaryimage","url":"https:\/\/blog.k10mobility.com\/wp-content\/uploads\/2025\/08\/que-ver-en-ibiza-7-dias.webp","contentUrl":"https:\/\/blog.k10mobility.com\/wp-content\/uploads\/2025\/08\/que-ver-en-ibiza-7-dias.webp","width":800,"height":533,"caption":"Cosa vedere a Ibiza in 7 giorni"},{"@type":"BreadcrumbList","@id":"https:\/\/blog.k10mobility.com\/it\/cosa-vedere-a-ibiza-in-7-giorni\/#breadcrumb","itemListElement":[{"@type":"ListItem","position":1,"name":"K10 Mobility","item":"https:\/\/blog.k10mobility.com\/it\/"},{"@type":"ListItem","position":2,"name":"Cosa vedere a Ibiza in 7 giorni"}]},{"@type":"WebSite","@id":"https:\/\/blog.k10mobility.com\/it\/#website","url":"https:\/\/blog.k10mobility.com\/it\/","name":"K10 Mobility","description":"Rent a car en Ibiza y Mallorca","publisher":{"@id":"https:\/\/blog.k10mobility.com\/it\/#organization"},"alternateName":"K10 Rent a car","potentialAction":[{"@type":"SearchAction","target":{"@type":"EntryPoint","urlTemplate":"https:\/\/blog.k10mobility.com\/it\/?s={search_term_string}"},"query-input":{"@type":"PropertyValueSpecification","valueRequired":true,"valueName":"search_term_string"}}],"inLanguage":"it-IT"},{"@type":"Organization","@id":"https:\/\/blog.k10mobility.com\/it\/#organization","name":"K10 Mobility","alternateName":"K10 Mobility rent a car en Ibiza y Mallorca","url":"https:\/\/blog.k10mobility.com\/it\/","logo":{"@type":"ImageObject","inLanguage":"it-IT","@id":"https:\/\/blog.k10mobility.com\/it\/#\/schema\/logo\/image\/","url":"https:\/\/blog.k10mobility.com\/wp-content\/uploads\/2025\/11\/cropped-Logo-K10-color-apaisado.png","contentUrl":"https:\/\/blog.k10mobility.com\/wp-content\/uploads\/2025\/11\/cropped-Logo-K10-color-apaisado.png","width":665,"height":105,"caption":"K10 Mobility"},"image":{"@id":"https:\/\/blog.k10mobility.com\/it\/#\/schema\/logo\/image\/"},"sameAs":["https:\/\/www.facebook.com\/k10mobility\/","https:\/\/www.instagram.com\/k10mobility\/"]},{"@type":"Person","@id":"https:\/\/blog.k10mobility.com\/it\/#\/schema\/person\/5f18469c790b92d83fdd98422e621da8","name":"Luis Ram\u00eds","image":{"@type":"ImageObject","inLanguage":"it-IT","@id":"https:\/\/secure.gravatar.com\/avatar\/30162c41d6f584ef954ac19546d34176104f5a2b363cc65fe6c8b9dc6c1ed9ac?s=96&d=mm&r=g","url":"https:\/\/secure.gravatar.com\/avatar\/30162c41d6f584ef954ac19546d34176104f5a2b363cc65fe6c8b9dc6c1ed9ac?s=96&d=mm&r=g","contentUrl":"https:\/\/secure.gravatar.com\/avatar\/30162c41d6f584ef954ac19546d34176104f5a2b363cc65fe6c8b9dc6c1ed9ac?s=96&d=mm&r=g","caption":"Luis Ram\u00eds"},"url":"https:\/\/blog.k10mobility.com\/it\/author\/luisr4m1s_k10\/"}]}},"_links":{"self":[{"href":"https:\/\/blog.k10mobility.com\/it\/wp-json\/wp\/v2\/posts\/12622","targetHints":{"allow":["GET"]}}],"collection":[{"href":"https:\/\/blog.k10mobility.com\/it\/wp-json\/wp\/v2\/posts"}],"about":[{"href":"https:\/\/blog.k10mobility.com\/it\/wp-json\/wp\/v2\/types\/post"}],"author":[{"embeddable":true,"href":"https:\/\/blog.k10mobility.com\/it\/wp-json\/wp\/v2\/users\/2"}],"replies":[{"embeddable":true,"href":"https:\/\/blog.k10mobility.com\/it\/wp-json\/wp\/v2\/comments?post=12622"}],"version-history":[{"count":2,"href":"https:\/\/blog.k10mobility.com\/it\/wp-json\/wp\/v2\/posts\/12622\/revisions"}],"predecessor-version":[{"id":13894,"href":"https:\/\/blog.k10mobility.com\/it\/wp-json\/wp\/v2\/posts\/12622\/revisions\/13894"}],"wp:featuredmedia":[{"embeddable":true,"href":"https:\/\/blog.k10mobility.com\/it\/wp-json\/wp\/v2\/media\/12623"}],"wp:attachment":[{"href":"https:\/\/blog.k10mobility.com\/it\/wp-json\/wp\/v2\/media?parent=12622"}],"wp:term":[{"taxonomy":"category","embeddable":true,"href":"https:\/\/blog.k10mobility.com\/it\/wp-json\/wp\/v2\/categories?post=12622"},{"taxonomy":"post_tag","embeddable":true,"href":"https:\/\/blog.k10mobility.com\/it\/wp-json\/wp\/v2\/tags?post=12622"}],"curies":[{"name":"wp","href":"https:\/\/api.w.org\/{rel}","templated":true}]}}