{"id":13300,"date":"2026-03-30T09:37:11","date_gmt":"2026-03-30T09:37:11","guid":{"rendered":"https:\/\/blog.k10mobility.com\/insenature-che-a-maiorca-non-puoi-perdere\/"},"modified":"2026-04-09T11:28:23","modified_gmt":"2026-04-09T11:28:23","slug":"insenature-che-a-maiorca-non-puoi-perdere","status":"publish","type":"post","link":"https:\/\/blog.k10mobility.com\/it\/insenature-che-a-maiorca-non-puoi-perdere\/","title":{"rendered":"Scopri le calette pi\u00f9 suggestive di Maiorca: Guida definitiva 2026"},"content":{"rendered":"&#13;\n<p>C&#8217;\u00e8 una domanda che ogni viaggiatore si pone prima di arrivare sull&#8217;isola:<span style=\"font-weight: 400;\"><br\/><\/span><strong>Qual \u00e8 la baia pi\u00f9 bella di Maiorca?<\/strong><\/p>&#13;\n<p>La risposta breve \u00e8: dipende.<br\/>La risposta lunga&#8230; ce l&#8217;hai qui.<\/p>&#13;\n<p>Se stai cercando informazioni aggiornate sulle <strong>calette di Maiorca<\/strong>, su quali sono le pi\u00f9 spettacolari, su quali <strong>calette di Maiorca<\/strong> si possono raggiungere in autobus e su cosa fare in ognuna di esse, questa guida \u00e8 pensata per te.<\/p>&#13;\n<p>Preparati perch\u00e9 Maiorca non ha solo spiagge. Ha dei veri e propri paradisi nascosti. <\/p>&#13;\n<h2 id=\"von-toc-1\">Quali sono le migliori calette di Maiorca? La nostra selezione.<\/h2>&#13;\n<p>Quando si cercano le <strong>migliori calette di Maiorca<\/strong>, queste sono sempre nella lista:<\/p>&#13;\n<h3 id=\"von-toc-2\">Cal\u00f3 des Moro<\/h3>&#13;\n<p>Piccola, selvaggia e con acqua turchese. \u00c8 uno dei luoghi pi\u00f9 fotografati. <\/p>&#13;\n<h3 id=\"von-toc-3\">Cala Mondrag\u00f3<\/h3>&#13;\n<p>Situato in un parco naturale. Perfetto per combinare natura e spiaggia. <\/p>&#13;\n<h3 id=\"von-toc-4\">Cala Varques<\/h3>&#13;\n<p>Pi\u00f9 incontaminata e tranquilla. Ideale se cerchi meno persone. <\/p>&#13;\n<h3 id=\"von-toc-5\">Cala Agulla<\/h3>&#13;\n<p>Spazioso, confortevole e dotato di servizi. Un&#8217;ottima opzione se viaggi con la tua famiglia. <\/p>&#13;\n<p>Se ti stai chiedendo <strong>quale sia la migliore cala di Maiorca<\/strong>, la realt\u00e0 \u00e8 che ognuna offre qualcosa di diverso: alcune sono pi\u00f9 accessibili, altre pi\u00f9 selvagge.<\/p>&#13;\n<h3 id=\"von-toc-6\">La cala m\u00e1s bonita de Mallorca: \u00bfCu\u00e1l es la candidata?<\/h3>&#13;\n<p>La maggior parte dei viaggiatori concorda sul fatto che <strong>Cal\u00f3 des Moro<\/strong> si aggiudica il titolo quando si chiede <strong>quale sia la cala pi\u00f9 bella di Maiorca.<\/strong><\/p>&#13;\n<p>Ma sono anche molto competitivi:<\/p>&#13;\n<ul>&#13;\n<li aria-level=\"1\">Cala Mitjana<\/li>&#13;\n<li aria-level=\"1\">Cala Tuent<\/li>&#13;\n<li aria-level=\"1\">Cala Dei\u00e0<\/li>&#13;\n<\/ul>&#13;\n<p>La bellezza dipende da ci\u00f2 che stai cercando:<\/p>&#13;\n<ul>&#13;\n<li aria-level=\"1\">\u00bfArena fina y agua cristalina?<\/li>&#13;\n<li aria-level=\"1\">\u00bfRocas y entorno salvaje?<\/li>&#13;\n<li aria-level=\"1\">\u00bfAcceso f\u00e1cil o aventura?<\/li>&#13;\n<\/ul>&#13;\n<p>A Maiorca, ogni cala ha la sua personalit\u00e0.<\/p>&#13;\n<h3 id=\"von-toc-7\">Explora las calas de Mallorca a las que puedes llegar en bus<\/h3>&#13;\n<p>Non tutte le <strong>cales di Mallorca<\/strong> richiedono un&#8217;auto.<\/p>&#13;\n<p>Se ti stai chiedendo <strong>quali calette di Maiorca possono essere raggiunte in autobus<\/strong>, alcune opzioni con collegamento ai mezzi pubblici sono:<\/p>&#13;\n<ul>&#13;\n<li aria-level=\"1\">&#13;\n<h3 id=\"von-toc-8\">Cala Agulla<\/h3>&#13;\n<\/li><\/ul><div class=\"wp-block-image\">&#13;\n<figure class=\"alignleft size-full\"><img fetchpriority=\"high\" decoding=\"async\" width=\"800\" height=\"450\" class=\"wp-image-4968\" src=\"https:\/\/blog.k10mobility.com\/wp-content\/uploads\/2022\/11\/cala-agulla-mallorca.jpg\" alt=\"visita cala agulla a mallorca\" srcset=\"https:\/\/blog.k10mobility.com\/wp-content\/uploads\/2022\/11\/cala-agulla-mallorca.jpg 800w, https:\/\/blog.k10mobility.com\/wp-content\/uploads\/2022\/11\/cala-agulla-mallorca-300x169.jpg 300w, https:\/\/blog.k10mobility.com\/wp-content\/uploads\/2022\/11\/cala-agulla-mallorca-768x432.jpg 768w\" sizes=\"(max-width: 800px) 100vw, 800px\" \/><\/figure>&#13;\n<\/div>\r\n<div class=\"wp-block-spacer\" style=\"height: 40px;\" aria-hidden=\"true\">\u00a0<\/div>\r\n&#13;\n<p>\ud83d\udccd <a href=\"https:\/\/goo.gl\/maps\/hofWxE4UkifK7cfX7\" target=\"_blank\" rel=\"noreferrer noopener\">Scopri come arrivare a Cala Agulla<\/a><\/p>&#13;\n&#13;\n<p>Si trova molto vicino al centro turistico di Cala Ratjada, all&#8217;estremit\u00e0 orientale dell&#8217;isola di Maiorca. Si distingue per le tonalit\u00e0 turchesi delle sue acque e per le bellissime pinete e montagne che la circondano. <\/p>&#13;\n&#13;\n<p>In estate diventa <strong>una delle spiagge pi\u00f9 frequentate dai giovani<\/strong> come punto di partenza o di ritrovo per le feste, ed \u00e8 stata dichiarata <strong>Area Naturale di Interesse Speciale<\/strong> e <strong>Sito di Interesse Comunitario<\/strong> per la sua grande ricchezza e bellezza naturale.<\/p>&#13;\n&#13;\n<h3 class=\"wp-block-heading\" id=\"von-toc-9\">\u00a0<\/h3>&#13;\n&#13;\n&#13;\n<p>\u00a0<\/p>&#13;\n<ul>&#13;\n<li aria-level=\"1\">&#13;\n<h3 id=\"von-toc-10\">Cala S&#8217;Amarador<\/h3>&#13;\n<\/li><\/ul><div class=\"wp-block-image\">&#13;\n<figure class=\"alignleft size-full\"><img decoding=\"async\" width=\"800\" height=\"450\" class=\"wp-image-4966\" src=\"https:\/\/blog.k10mobility.com\/wp-content\/uploads\/2022\/11\/cala-samarador-mallorca.jpg\" alt=\"visita Cala S'Amarador a Maiorca\" srcset=\"https:\/\/blog.k10mobility.com\/wp-content\/uploads\/2022\/11\/cala-samarador-mallorca.jpg 800w, https:\/\/blog.k10mobility.com\/wp-content\/uploads\/2022\/11\/cala-samarador-mallorca-300x169.jpg 300w, https:\/\/blog.k10mobility.com\/wp-content\/uploads\/2022\/11\/cala-samarador-mallorca-768x432.jpg 768w\" sizes=\"(max-width: 800px) 100vw, 800px\" \/><\/figure>&#13;\n<\/div>\r\n<div class=\"wp-block-spacer\" style=\"height: 40px;\" aria-hidden=\"true\">\u00a0<\/div>\r\n&#13;\n<p>\ud83d\udccd <a href=\"https:\/\/goo.gl\/maps\/HSyKJr2oStwSxZ9f8\" target=\"_blank\" rel=\"noreferrer noopener\">Scopri come arrivare a Cala S&#8217;Amarador<\/a><\/p>&#13;\n&#13;\n<p>\u00c8 una <strong>delle calette pi\u00f9 popolari per il divertimento delle famiglie<\/strong>. Si trova nel <strong>Parco Naturale di Mondrag\u00f3<\/strong>, nella parte meridionale dell&#8217;isola. Si tratta di un luogo naturale di grande bellezza con un&#8217;estesa pineta che nasconde un&#8217;impressionante spiaggia di sabbia fine. Tra le sue peculiarit\u00e0 c&#8217;\u00e8 l&#8217;ingresso progressivo dell&#8217;acqua, che la rende una spiaggia sicura per i bambini.   <\/p>&#13;\n&#13;\n<li aria-level=\"1\">&#13;\n<h3 id=\"von-toc-11\">Cala Millor<\/h3>&#13;\n<\/li><div class=\"wp-block-image\">&#13;\n<figure class=\"alignleft size-full\"><img decoding=\"async\" width=\"800\" height=\"450\" class=\"wp-image-4972\" src=\"https:\/\/blog.k10mobility.com\/wp-content\/uploads\/2022\/11\/cala-millor-en-mallorca.jpg\" alt=\"visita cala millor a mallorca\" srcset=\"https:\/\/blog.k10mobility.com\/wp-content\/uploads\/2022\/11\/cala-millor-en-mallorca.jpg 800w, https:\/\/blog.k10mobility.com\/wp-content\/uploads\/2022\/11\/cala-millor-en-mallorca-300x169.jpg 300w, https:\/\/blog.k10mobility.com\/wp-content\/uploads\/2022\/11\/cala-millor-en-mallorca-768x432.jpg 768w\" sizes=\"(max-width: 800px) 100vw, 800px\" \/><\/figure>&#13;\n<\/div>\r\n<div class=\"wp-block-spacer\" style=\"height: 40px;\" aria-hidden=\"true\">\u00a0<\/div>\r\n&#13;\n<p>\ud83d\udccd <a href=\"https:\/\/goo.gl\/maps\/nxV5tKuHz9zE46pT9\" target=\"_blank\" rel=\"noreferrer noopener\">Scopri come arrivare a Cala Millor<\/a><\/p>&#13;\n&#13;\n<p>Cala Millor \u00e8 una spiaggia che fa parte di un complesso costiero sulla costa orientale dell&#8217;isola. \u00c8 lunga 1,8 km e larga 35 metri. \u00c8 un vero <strong>paradiso di acque cristalline<\/strong> e sabbia fine, dove potrai godere di tutti i servizi e le strutture di un&#8217;enclave balneare che ha ottenuto la bandiera della spiaggia. Essendo poco profonda, \u00e8 perfetta per le famiglie e per i disabili.   <\/p>&#13;\n&#13;\n<p>A Cala Millor puoi anche praticare <strong>sport acquatici<\/strong> come il <em>surf<\/em>, il kayak o il <em>windsurf<\/em>. Puoi anche fare escursioni lungo la costa o visitare la regione vinicola di Felanitx. <\/p>&#13;\n&#13;\n<li aria-level=\"1\">Playa de Formentor (seg\u00fan temporada)<\/li>&#13;\n&#13;\n<p>Tuttavia, gli orari di apertura possono essere limitati, soprattutto in bassa stagione. Inoltre, molte calette nascoste non sono direttamente accessibili con i mezzi pubblici. <\/p>&#13;\n<p>\u00c8 quindi importante pianificare bene il percorso.<\/p>&#13;\n<h2 id=\"von-toc-12\">Pianifica la tua visita: Cose da fare a Calas de Mallorca<\/h2>&#13;\n<p>Andare in spiaggia non significa solo sdraiarsi al sole. Se stai cercando idee su <strong>cosa fare a Maiorca<\/strong>, ecco alcuni suggerimenti: <\/p>&#13;\n<ul>&#13;\n<li aria-level=\"1\">Snorkel en aguas transparentes.<\/li>&#13;\n<li aria-level=\"1\">Paseos por senderos cercanos.<\/li>&#13;\n<li aria-level=\"1\">Miradores para ver el atardecer.<\/li>&#13;\n<li aria-level=\"1\">Fotograf\u00eda de paisajes.<\/li>&#13;\n<li aria-level=\"1\">Picnic junto al mar.<\/li>&#13;\n<\/ul>&#13;\n<p>Alcune calette hanno bar sulla spiaggia o ristoranti nelle vicinanze. Altre sono completamente incontaminate, quindi \u00e8 consigliabile portare con s\u00e9 acqua e cibo. <\/p>&#13;\n<h3 id=\"von-toc-13\">Conoce Can Gusti calas de Mallorca<\/h3>&#13;\n<p>Molti viaggiatori cercano informazioni su Can Gusti Calas de Mallorca, in quanto si tratta di un noto punto di riferimento nella zona di Santany\u00ed per godere dell&#8217;ambiente naturale e della gastronomia vicino a diverse calette del sud-est.<\/p>&#13;\n<p>\u00c8 un buon esempio di come combinare spiaggia, ambiente rurale ed esperienza locale in una sola giornata.<\/p>&#13;\n<h2 id=\"von-toc-14\">Muoviti senza limiti: il modo migliore per esplorare le calette di Maiorca<\/h2>&#13;\n<p>Maiorca \u00e8 grande. E molte delle calette pi\u00f9 suggestive di Maiorca non si trovano proprio vicino al tuo hotel. <\/p>&#13;\n<p>Per coprirne diversi in un solo giorno hai bisogno di libert\u00e0 di movimento.<\/p>&#13;\n<p>Muoversi in auto ti permette di:<\/p>&#13;\n<ul>&#13;\n<li aria-level=\"1\">Llegar temprano y evitar aglomeraciones.<\/li>&#13;\n<li aria-level=\"1\">Cambiar de cala seg\u00fan el viento.<\/li>&#13;\n<li aria-level=\"1\">Descubrir rincones poco conocidos.<\/li>&#13;\n<li aria-level=\"1\">Visitar pueblos cercanos despu\u00e9s de la playa.<\/li>&#13;\n<\/ul>&#13;\n<p>Dal sito ufficiale di K10 Mobility puoi organizzare il tuo <a href=\"https:\/\/k10mobility.com\/es\/alquiler-coche-mallorca\/\" target=\"_blank\" rel=\"noopener\">noleggio auto a Maiorca<\/a> in modo diretto e semplice, senza intermediari.<\/p>&#13;\n<p>In questo modo potrai disegnare il tuo percorso personale attraverso le baie pi\u00f9 spettacolari di Maiorca.<\/p>&#13;\n<h2 id=\"von-toc-15\">Qual \u00e8 la tua baia ideale?<\/h2>&#13;\n<p><span style=\"font-weight: 400;\">Ora lo sai:<\/span><\/p>&#13;\n<ul>&#13;\n<li style=\"font-weight: 400;\" aria-level=\"1\"><span style=\"font-weight: 400;\">Las <\/span>mejores calas de Mallorca<span style=\"font-weight: 400;\">.<\/span><\/li>&#13;\n<li style=\"font-weight: 400;\" aria-level=\"1\"><span style=\"font-weight: 400;\">Opciones accesibles en bus.<\/span><\/li>&#13;\n<li style=\"font-weight: 400;\" aria-level=\"1\"><span style=\"font-weight: 400;\">Qu\u00e9 hacer en cada una.<\/span><\/li>&#13;\n<li style=\"font-weight: 400;\" aria-level=\"1\"><span style=\"font-weight: 400;\">C\u00f3mo planificar tu visita.<\/span><\/li>&#13;\n<\/ul>&#13;\n<p><span style=\"font-weight: 400;\">La prossima volta che qualcuno ti chieder\u00e0 <\/span>cosa vedere a Maiorca<span style=\"font-weight: 400;\">, sappi che la risposta parte dalle sue calette.<\/span><\/p>&#13;\n<p><span style=\"font-weight: 400;\">Perch\u00e9 a Maiorca non si tratta solo di andare in spiaggia.<\/span><span style=\"font-weight: 400;\"><br\/><\/span><span style=\"font-weight: 400;\">Si tratta di scoprire piccoli paradisi nascosti tra scogliere e acque turchesi.<\/span><\/p>&#13;\n<p><span style=\"font-weight: 400;\">E questo&#8230; lo capisci solo quando lo vivi.<\/span><\/p>&#13;\n","protected":false},"excerpt":{"rendered":"<p>&#13; C&#8217;\u00e8 una domanda che ogni viaggiatore si pone prima di arrivare sull&#8217;isola:Qual \u00e8 la baia pi\u00f9 bella di Maiorca? &#13; La risposta breve \u00e8: dipende.La risposta lunga&#8230; ce l&#8217;hai qui. &#13; Se stai cercando informazioni aggiornate sulle calette di Maiorca, su quali sono le pi\u00f9 spettacolari, su quali calette di Maiorca si possono raggiungere &#8230; <a title=\"Scopri le calette pi\u00f9 suggestive di Maiorca: Guida definitiva 2026\" class=\"read-more\" href=\"https:\/\/blog.k10mobility.com\/it\/insenature-che-a-maiorca-non-puoi-perdere\/\" aria-label=\"Per saperne di pi\u00f9 su Scopri le calette pi\u00f9 suggestive di Maiorca: Guida definitiva 2026\">Leggi tutto<\/a><\/p>\n","protected":false},"author":1,"featured_media":13301,"comment_status":"closed","ping_status":"closed","sticky":false,"template":"","format":"standard","meta":{"footnotes":""},"categories":[234],"tags":[],"class_list":["post-13300","post","type-post","status-publish","format-standard","has-post-thumbnail","hentry","category-mallorca"],"yoast_head":"<!-- This site is optimized with the Yoast SEO plugin v27.4 - https:\/\/yoast.com\/product\/yoast-seo-wordpress\/ -->\n<title>Le migliori calette di Maiorca (e le pi\u00f9 belle) | K10 Mobility\u00ae.<\/title>\n<meta name=\"description\" content=\"Scopri le calette pi\u00f9 belle di Maiorca che non puoi perderti se ti trovi sull&#039;isola \u27a4 Tutte le informazioni qui.\" \/>\n<meta name=\"robots\" content=\"index, follow, max-snippet:-1, max-image-preview:large, max-video-preview:-1\" \/>\n<link rel=\"canonical\" href=\"https:\/\/blog.k10mobility.com\/it\/insenature-che-a-maiorca-non-puoi-perdere\/\" \/>\n<meta property=\"og:locale\" content=\"it_IT\" \/>\n<meta property=\"og:type\" content=\"article\" \/>\n<meta property=\"og:title\" content=\"Le migliori calette di Maiorca (e le pi\u00f9 belle) | K10 Mobility\u00ae.\" \/>\n<meta property=\"og:description\" content=\"Scopri le calette pi\u00f9 belle di Maiorca che non puoi perderti se ti trovi sull&#039;isola \u27a4 Tutte le informazioni qui.\" \/>\n<meta property=\"og:url\" content=\"https:\/\/blog.k10mobility.com\/it\/insenature-che-a-maiorca-non-puoi-perdere\/\" \/>\n<meta property=\"og:site_name\" content=\"K10 Mobility\" \/>\n<meta property=\"article:publisher\" content=\"https:\/\/www.facebook.com\/k10mobility\/\" \/>\n<meta property=\"article:published_time\" content=\"2026-03-30T09:37:11+00:00\" \/>\n<meta property=\"article:modified_time\" content=\"2026-04-09T11:28:23+00:00\" \/>\n<meta property=\"og:image\" content=\"https:\/\/blog.k10mobility.com\/wp-content\/uploads\/2022\/11\/calas-de-mallorca.jpg\" \/>\n\t<meta property=\"og:image:width\" content=\"1000\" \/>\n\t<meta property=\"og:image:height\" content=\"562\" \/>\n\t<meta property=\"og:image:type\" content=\"image\/jpeg\" \/>\n<meta name=\"author\" content=\"K10\" \/>\n<meta name=\"twitter:card\" content=\"summary_large_image\" \/>\n<meta name=\"twitter:label1\" content=\"Scritto da\" \/>\n\t<meta name=\"twitter:data1\" content=\"K10\" \/>\n\t<meta name=\"twitter:label2\" content=\"Tempo di lettura stimato\" \/>\n\t<meta name=\"twitter:data2\" content=\"5 minuti\" \/>\n<script type=\"application\/ld+json\" class=\"yoast-schema-graph\">{\"@context\":\"https:\\\/\\\/schema.org\",\"@graph\":[{\"@type\":\"Article\",\"@id\":\"https:\\\/\\\/blog.k10mobility.com\\\/it\\\/insenature-che-a-maiorca-non-puoi-perdere\\\/#article\",\"isPartOf\":{\"@id\":\"https:\\\/\\\/blog.k10mobility.com\\\/it\\\/insenature-che-a-maiorca-non-puoi-perdere\\\/\"},\"author\":{\"name\":\"K10\",\"@id\":\"https:\\\/\\\/blog.k10mobility.com\\\/it\\\/#\\\/schema\\\/person\\\/f31e5cd36f44f986645396161453818b\"},\"headline\":\"Scopri le calette pi\u00f9 suggestive di Maiorca: Guida definitiva 2026\",\"datePublished\":\"2026-03-30T09:37:11+00:00\",\"dateModified\":\"2026-04-09T11:28:23+00:00\",\"mainEntityOfPage\":{\"@id\":\"https:\\\/\\\/blog.k10mobility.com\\\/it\\\/insenature-che-a-maiorca-non-puoi-perdere\\\/\"},\"wordCount\":933,\"publisher\":{\"@id\":\"https:\\\/\\\/blog.k10mobility.com\\\/it\\\/#organization\"},\"image\":{\"@id\":\"https:\\\/\\\/blog.k10mobility.com\\\/it\\\/insenature-che-a-maiorca-non-puoi-perdere\\\/#primaryimage\"},\"thumbnailUrl\":\"https:\\\/\\\/blog.k10mobility.com\\\/wp-content\\\/uploads\\\/2022\\\/11\\\/calas-de-mallorca.jpg\",\"articleSection\":[\"Mallorca\"],\"inLanguage\":\"it-IT\"},{\"@type\":\"WebPage\",\"@id\":\"https:\\\/\\\/blog.k10mobility.com\\\/it\\\/insenature-che-a-maiorca-non-puoi-perdere\\\/\",\"url\":\"https:\\\/\\\/blog.k10mobility.com\\\/it\\\/insenature-che-a-maiorca-non-puoi-perdere\\\/\",\"name\":\"Le migliori calette di Maiorca (e le pi\u00f9 belle) | K10 Mobility\u00ae.\",\"isPartOf\":{\"@id\":\"https:\\\/\\\/blog.k10mobility.com\\\/it\\\/#website\"},\"primaryImageOfPage\":{\"@id\":\"https:\\\/\\\/blog.k10mobility.com\\\/it\\\/insenature-che-a-maiorca-non-puoi-perdere\\\/#primaryimage\"},\"image\":{\"@id\":\"https:\\\/\\\/blog.k10mobility.com\\\/it\\\/insenature-che-a-maiorca-non-puoi-perdere\\\/#primaryimage\"},\"thumbnailUrl\":\"https:\\\/\\\/blog.k10mobility.com\\\/wp-content\\\/uploads\\\/2022\\\/11\\\/calas-de-mallorca.jpg\",\"datePublished\":\"2026-03-30T09:37:11+00:00\",\"dateModified\":\"2026-04-09T11:28:23+00:00\",\"description\":\"Scopri le calette pi\u00f9 belle di Maiorca che non puoi perderti se ti trovi sull'isola \u27a4 Tutte le informazioni qui.\",\"breadcrumb\":{\"@id\":\"https:\\\/\\\/blog.k10mobility.com\\\/it\\\/insenature-che-a-maiorca-non-puoi-perdere\\\/#breadcrumb\"},\"inLanguage\":\"it-IT\",\"potentialAction\":[{\"@type\":\"ReadAction\",\"target\":[\"https:\\\/\\\/blog.k10mobility.com\\\/it\\\/insenature-che-a-maiorca-non-puoi-perdere\\\/\"]}]},{\"@type\":\"ImageObject\",\"inLanguage\":\"it-IT\",\"@id\":\"https:\\\/\\\/blog.k10mobility.com\\\/it\\\/insenature-che-a-maiorca-non-puoi-perdere\\\/#primaryimage\",\"url\":\"https:\\\/\\\/blog.k10mobility.com\\\/wp-content\\\/uploads\\\/2022\\\/11\\\/calas-de-mallorca.jpg\",\"contentUrl\":\"https:\\\/\\\/blog.k10mobility.com\\\/wp-content\\\/uploads\\\/2022\\\/11\\\/calas-de-mallorca.jpg\",\"width\":1000,\"height\":562,\"caption\":\"Le migliori calette di Maiorca\"},{\"@type\":\"BreadcrumbList\",\"@id\":\"https:\\\/\\\/blog.k10mobility.com\\\/it\\\/insenature-che-a-maiorca-non-puoi-perdere\\\/#breadcrumb\",\"itemListElement\":[{\"@type\":\"ListItem\",\"position\":1,\"name\":\"K10 Mobility\",\"item\":\"https:\\\/\\\/blog.k10mobility.com\\\/it\\\/\"},{\"@type\":\"ListItem\",\"position\":2,\"name\":\"Scopri le calette pi\u00f9 suggestive di Maiorca: Guida definitiva 2026\"}]},{\"@type\":\"WebSite\",\"@id\":\"https:\\\/\\\/blog.k10mobility.com\\\/it\\\/#website\",\"url\":\"https:\\\/\\\/blog.k10mobility.com\\\/it\\\/\",\"name\":\"K10 Mobility\",\"description\":\"Rent a car en Ibiza y Mallorca\",\"publisher\":{\"@id\":\"https:\\\/\\\/blog.k10mobility.com\\\/it\\\/#organization\"},\"alternateName\":\"K10 Rent a car\",\"potentialAction\":[{\"@type\":\"SearchAction\",\"target\":{\"@type\":\"EntryPoint\",\"urlTemplate\":\"https:\\\/\\\/blog.k10mobility.com\\\/it\\\/?s={search_term_string}\"},\"query-input\":{\"@type\":\"PropertyValueSpecification\",\"valueRequired\":true,\"valueName\":\"search_term_string\"}}],\"inLanguage\":\"it-IT\"},{\"@type\":\"Organization\",\"@id\":\"https:\\\/\\\/blog.k10mobility.com\\\/it\\\/#organization\",\"name\":\"K10 Mobility\",\"alternateName\":\"K10 Mobility rent a car en Ibiza y Mallorca\",\"url\":\"https:\\\/\\\/blog.k10mobility.com\\\/it\\\/\",\"logo\":{\"@type\":\"ImageObject\",\"inLanguage\":\"it-IT\",\"@id\":\"https:\\\/\\\/blog.k10mobility.com\\\/it\\\/#\\\/schema\\\/logo\\\/image\\\/\",\"url\":\"https:\\\/\\\/blog.k10mobility.com\\\/wp-content\\\/uploads\\\/2025\\\/11\\\/cropped-Logo-K10-color-apaisado.png\",\"contentUrl\":\"https:\\\/\\\/blog.k10mobility.com\\\/wp-content\\\/uploads\\\/2025\\\/11\\\/cropped-Logo-K10-color-apaisado.png\",\"width\":665,\"height\":105,\"caption\":\"K10 Mobility\"},\"image\":{\"@id\":\"https:\\\/\\\/blog.k10mobility.com\\\/it\\\/#\\\/schema\\\/logo\\\/image\\\/\"},\"sameAs\":[\"https:\\\/\\\/www.facebook.com\\\/k10mobility\\\/\",\"https:\\\/\\\/www.instagram.com\\\/k10mobility\\\/\"]},{\"@type\":\"Person\",\"@id\":\"https:\\\/\\\/blog.k10mobility.com\\\/it\\\/#\\\/schema\\\/person\\\/f31e5cd36f44f986645396161453818b\",\"name\":\"K10\",\"image\":{\"@type\":\"ImageObject\",\"inLanguage\":\"it-IT\",\"@id\":\"https:\\\/\\\/secure.gravatar.com\\\/avatar\\\/206fefb0c43f85b1066007fbea28c7b1ae2fb5432c1864d0ab6dd2b14b6b4e87?s=96&d=mm&r=g\",\"url\":\"https:\\\/\\\/secure.gravatar.com\\\/avatar\\\/206fefb0c43f85b1066007fbea28c7b1ae2fb5432c1864d0ab6dd2b14b6b4e87?s=96&d=mm&r=g\",\"contentUrl\":\"https:\\\/\\\/secure.gravatar.com\\\/avatar\\\/206fefb0c43f85b1066007fbea28c7b1ae2fb5432c1864d0ab6dd2b14b6b4e87?s=96&d=mm&r=g\",\"caption\":\"K10\"},\"sameAs\":[\"https:\\\/\\\/blog.k10mobility.com\"],\"url\":\"https:\\\/\\\/blog.k10mobility.com\\\/it\\\/author\\\/s72m1n2k10\\\/\"}]}<\/script>\n<!-- \/ Yoast SEO plugin. -->","yoast_head_json":{"title":"Le migliori calette di Maiorca (e le pi\u00f9 belle) | K10 Mobility\u00ae.","description":"Scopri le calette pi\u00f9 belle di Maiorca che non puoi perderti se ti trovi sull'isola \u27a4 Tutte le informazioni qui.","robots":{"index":"index","follow":"follow","max-snippet":"max-snippet:-1","max-image-preview":"max-image-preview:large","max-video-preview":"max-video-preview:-1"},"canonical":"https:\/\/blog.k10mobility.com\/it\/insenature-che-a-maiorca-non-puoi-perdere\/","og_locale":"it_IT","og_type":"article","og_title":"Le migliori calette di Maiorca (e le pi\u00f9 belle) | K10 Mobility\u00ae.","og_description":"Scopri le calette pi\u00f9 belle di Maiorca che non puoi perderti se ti trovi sull'isola \u27a4 Tutte le informazioni qui.","og_url":"https:\/\/blog.k10mobility.com\/it\/insenature-che-a-maiorca-non-puoi-perdere\/","og_site_name":"K10 Mobility","article_publisher":"https:\/\/www.facebook.com\/k10mobility\/","article_published_time":"2026-03-30T09:37:11+00:00","article_modified_time":"2026-04-09T11:28:23+00:00","og_image":[{"width":1000,"height":562,"url":"https:\/\/blog.k10mobility.com\/wp-content\/uploads\/2022\/11\/calas-de-mallorca.jpg","type":"image\/jpeg"}],"author":"K10","twitter_card":"summary_large_image","twitter_misc":{"Scritto da":"K10","Tempo di lettura stimato":"5 minuti"},"schema":{"@context":"https:\/\/schema.org","@graph":[{"@type":"Article","@id":"https:\/\/blog.k10mobility.com\/it\/insenature-che-a-maiorca-non-puoi-perdere\/#article","isPartOf":{"@id":"https:\/\/blog.k10mobility.com\/it\/insenature-che-a-maiorca-non-puoi-perdere\/"},"author":{"name":"K10","@id":"https:\/\/blog.k10mobility.com\/it\/#\/schema\/person\/f31e5cd36f44f986645396161453818b"},"headline":"Scopri le calette pi\u00f9 suggestive di Maiorca: Guida definitiva 2026","datePublished":"2026-03-30T09:37:11+00:00","dateModified":"2026-04-09T11:28:23+00:00","mainEntityOfPage":{"@id":"https:\/\/blog.k10mobility.com\/it\/insenature-che-a-maiorca-non-puoi-perdere\/"},"wordCount":933,"publisher":{"@id":"https:\/\/blog.k10mobility.com\/it\/#organization"},"image":{"@id":"https:\/\/blog.k10mobility.com\/it\/insenature-che-a-maiorca-non-puoi-perdere\/#primaryimage"},"thumbnailUrl":"https:\/\/blog.k10mobility.com\/wp-content\/uploads\/2022\/11\/calas-de-mallorca.jpg","articleSection":["Mallorca"],"inLanguage":"it-IT"},{"@type":"WebPage","@id":"https:\/\/blog.k10mobility.com\/it\/insenature-che-a-maiorca-non-puoi-perdere\/","url":"https:\/\/blog.k10mobility.com\/it\/insenature-che-a-maiorca-non-puoi-perdere\/","name":"Le migliori calette di Maiorca (e le pi\u00f9 belle) | K10 Mobility\u00ae.","isPartOf":{"@id":"https:\/\/blog.k10mobility.com\/it\/#website"},"primaryImageOfPage":{"@id":"https:\/\/blog.k10mobility.com\/it\/insenature-che-a-maiorca-non-puoi-perdere\/#primaryimage"},"image":{"@id":"https:\/\/blog.k10mobility.com\/it\/insenature-che-a-maiorca-non-puoi-perdere\/#primaryimage"},"thumbnailUrl":"https:\/\/blog.k10mobility.com\/wp-content\/uploads\/2022\/11\/calas-de-mallorca.jpg","datePublished":"2026-03-30T09:37:11+00:00","dateModified":"2026-04-09T11:28:23+00:00","description":"Scopri le calette pi\u00f9 belle di Maiorca che non puoi perderti se ti trovi sull'isola \u27a4 Tutte le informazioni qui.","breadcrumb":{"@id":"https:\/\/blog.k10mobility.com\/it\/insenature-che-a-maiorca-non-puoi-perdere\/#breadcrumb"},"inLanguage":"it-IT","potentialAction":[{"@type":"ReadAction","target":["https:\/\/blog.k10mobility.com\/it\/insenature-che-a-maiorca-non-puoi-perdere\/"]}]},{"@type":"ImageObject","inLanguage":"it-IT","@id":"https:\/\/blog.k10mobility.com\/it\/insenature-che-a-maiorca-non-puoi-perdere\/#primaryimage","url":"https:\/\/blog.k10mobility.com\/wp-content\/uploads\/2022\/11\/calas-de-mallorca.jpg","contentUrl":"https:\/\/blog.k10mobility.com\/wp-content\/uploads\/2022\/11\/calas-de-mallorca.jpg","width":1000,"height":562,"caption":"Le migliori calette di Maiorca"},{"@type":"BreadcrumbList","@id":"https:\/\/blog.k10mobility.com\/it\/insenature-che-a-maiorca-non-puoi-perdere\/#breadcrumb","itemListElement":[{"@type":"ListItem","position":1,"name":"K10 Mobility","item":"https:\/\/blog.k10mobility.com\/it\/"},{"@type":"ListItem","position":2,"name":"Scopri le calette pi\u00f9 suggestive di Maiorca: Guida definitiva 2026"}]},{"@type":"WebSite","@id":"https:\/\/blog.k10mobility.com\/it\/#website","url":"https:\/\/blog.k10mobility.com\/it\/","name":"K10 Mobility","description":"Rent a car en Ibiza y Mallorca","publisher":{"@id":"https:\/\/blog.k10mobility.com\/it\/#organization"},"alternateName":"K10 Rent a car","potentialAction":[{"@type":"SearchAction","target":{"@type":"EntryPoint","urlTemplate":"https:\/\/blog.k10mobility.com\/it\/?s={search_term_string}"},"query-input":{"@type":"PropertyValueSpecification","valueRequired":true,"valueName":"search_term_string"}}],"inLanguage":"it-IT"},{"@type":"Organization","@id":"https:\/\/blog.k10mobility.com\/it\/#organization","name":"K10 Mobility","alternateName":"K10 Mobility rent a car en Ibiza y Mallorca","url":"https:\/\/blog.k10mobility.com\/it\/","logo":{"@type":"ImageObject","inLanguage":"it-IT","@id":"https:\/\/blog.k10mobility.com\/it\/#\/schema\/logo\/image\/","url":"https:\/\/blog.k10mobility.com\/wp-content\/uploads\/2025\/11\/cropped-Logo-K10-color-apaisado.png","contentUrl":"https:\/\/blog.k10mobility.com\/wp-content\/uploads\/2025\/11\/cropped-Logo-K10-color-apaisado.png","width":665,"height":105,"caption":"K10 Mobility"},"image":{"@id":"https:\/\/blog.k10mobility.com\/it\/#\/schema\/logo\/image\/"},"sameAs":["https:\/\/www.facebook.com\/k10mobility\/","https:\/\/www.instagram.com\/k10mobility\/"]},{"@type":"Person","@id":"https:\/\/blog.k10mobility.com\/it\/#\/schema\/person\/f31e5cd36f44f986645396161453818b","name":"K10","image":{"@type":"ImageObject","inLanguage":"it-IT","@id":"https:\/\/secure.gravatar.com\/avatar\/206fefb0c43f85b1066007fbea28c7b1ae2fb5432c1864d0ab6dd2b14b6b4e87?s=96&d=mm&r=g","url":"https:\/\/secure.gravatar.com\/avatar\/206fefb0c43f85b1066007fbea28c7b1ae2fb5432c1864d0ab6dd2b14b6b4e87?s=96&d=mm&r=g","contentUrl":"https:\/\/secure.gravatar.com\/avatar\/206fefb0c43f85b1066007fbea28c7b1ae2fb5432c1864d0ab6dd2b14b6b4e87?s=96&d=mm&r=g","caption":"K10"},"sameAs":["https:\/\/blog.k10mobility.com"],"url":"https:\/\/blog.k10mobility.com\/it\/author\/s72m1n2k10\/"}]}},"_links":{"self":[{"href":"https:\/\/blog.k10mobility.com\/it\/wp-json\/wp\/v2\/posts\/13300","targetHints":{"allow":["GET"]}}],"collection":[{"href":"https:\/\/blog.k10mobility.com\/it\/wp-json\/wp\/v2\/posts"}],"about":[{"href":"https:\/\/blog.k10mobility.com\/it\/wp-json\/wp\/v2\/types\/post"}],"author":[{"embeddable":true,"href":"https:\/\/blog.k10mobility.com\/it\/wp-json\/wp\/v2\/users\/1"}],"replies":[{"embeddable":true,"href":"https:\/\/blog.k10mobility.com\/it\/wp-json\/wp\/v2\/comments?post=13300"}],"version-history":[{"count":6,"href":"https:\/\/blog.k10mobility.com\/it\/wp-json\/wp\/v2\/posts\/13300\/revisions"}],"predecessor-version":[{"id":15291,"href":"https:\/\/blog.k10mobility.com\/it\/wp-json\/wp\/v2\/posts\/13300\/revisions\/15291"}],"wp:featuredmedia":[{"embeddable":true,"href":"https:\/\/blog.k10mobility.com\/it\/wp-json\/wp\/v2\/media\/13301"}],"wp:attachment":[{"href":"https:\/\/blog.k10mobility.com\/it\/wp-json\/wp\/v2\/media?parent=13300"}],"wp:term":[{"taxonomy":"category","embeddable":true,"href":"https:\/\/blog.k10mobility.com\/it\/wp-json\/wp\/v2\/categories?post=13300"},{"taxonomy":"post_tag","embeddable":true,"href":"https:\/\/blog.k10mobility.com\/it\/wp-json\/wp\/v2\/tags?post=13300"}],"curies":[{"name":"wp","href":"https:\/\/api.w.org\/{rel}","templated":true}]}}