{"id":13529,"date":"2023-07-17T07:08:27","date_gmt":"2023-07-17T07:08:27","guid":{"rendered":"https:\/\/blog.k10mobility.com\/uno-dei-villaggi-piu-belli-di-ibiza-es-cubells\/"},"modified":"2026-01-22T11:39:35","modified_gmt":"2026-01-22T11:39:35","slug":"uno-dei-villaggi-piu-belli-di-ibiza-es-cubells","status":"publish","type":"post","link":"https:\/\/blog.k10mobility.com\/it\/uno-dei-villaggi-piu-belli-di-ibiza-es-cubells\/","title":{"rendered":"Uno dei villaggi pi\u00f9 belli di Ibiza: Es Cubells"},"content":{"rendered":"\n<h2 class=\"wp-block-heading\" id=\"von-toc-1\">Cosa fare e vedere a Es Cubells<\/h2>\n\n<p>A sud di Ibiza, in una meravigliosa enclave immersa nella natura, si trova il piccolo villaggio di Es Cubells.<\/p>\n\n<p>Nonostante sia un piccolo villaggio, ha un fascino particolare e offre alcune interessanti attrazioni per i visitatori. Se vuoi sapere cosa puoi fare durante la tua visita a Es Cubells, continua a leggere e scopri l&#8217;essenza dell&#8217;isola. <\/p>\n\n<h3 class=\"wp-block-heading\" id=\"von-toc-2\">Ambiente naturale<\/h3>\n<div class=\"wp-block-image\">\n<figure class=\"aligncenter size-full\"><img fetchpriority=\"high\" decoding=\"async\" width=\"800\" height=\"450\" src=\"https:\/\/blog.k10mobility.com\/wp-content\/uploads\/2023\/07\/es-cubells-que-ver-hacer.jpeg\" alt=\"punti panoramici e scogliere a es cubells\" class=\"wp-image-6758\" srcset=\"https:\/\/blog.k10mobility.com\/wp-content\/uploads\/2023\/07\/es-cubells-que-ver-hacer.jpeg 800w, https:\/\/blog.k10mobility.com\/wp-content\/uploads\/2023\/07\/es-cubells-que-ver-hacer-300x169.jpeg 300w, https:\/\/blog.k10mobility.com\/wp-content\/uploads\/2023\/07\/es-cubells-que-ver-hacer-768x432.jpeg 768w\" sizes=\"(max-width: 800px) 100vw, 800px\" \/><\/figure>\n<\/div>\n<div style=\"height:40px\" aria-hidden=\"true\" class=\"wp-block-spacer\"><\/div>\n\n<p>Uno dei motivi principali per visitare Es Cubells \u00e8 il suo ambiente naturale privilegiato. Ci sono diversi <strong>punti panoramici e scogliere<\/strong> dove puoi sederti e godere di viste mozzafiato sul mare. <\/p>\n\n<p>Questo piccolo villaggio \u00e8 vicino ad alcune delle <strong>pi\u00f9 belle cale<\/strong> di Ibiza, come Cala d&#8217;Hort, Cala Carbo, Cala Vadella, Cala Moli e Cala Tarida. Se hai un&#8217;<strong>auto a noleggio<\/strong>, il percorso sar\u00e0 pi\u00f9 facile e comodo, perch\u00e9 non dovrai affidarti ai mezzi pubblici e potrai visitare tutte le cale che compaiono nel tuo itinerario. <\/p>\n\n<p>Es Cubells ha anche una propria spiaggia situata ai piedi di alcune impressionanti scogliere; sebbene l&#8217;accesso sia difficile, i suoi fondali sono ideali per gli amanti delle immersioni.<\/p>\n\n<h3 class=\"wp-block-heading\" id=\"von-toc-3\">Sentieri escursionistici<\/h3>\n<div class=\"wp-block-image\">\n<figure class=\"aligncenter size-full\"><img decoding=\"async\" width=\"800\" height=\"450\" src=\"https:\/\/blog.k10mobility.com\/wp-content\/uploads\/2023\/07\/senderismo-es-cubells-ibiza.jpeg\" alt=\"itinerari es cubells ibiza\" class=\"wp-image-6761\" srcset=\"https:\/\/blog.k10mobility.com\/wp-content\/uploads\/2023\/07\/senderismo-es-cubells-ibiza.jpeg 800w, https:\/\/blog.k10mobility.com\/wp-content\/uploads\/2023\/07\/senderismo-es-cubells-ibiza-300x169.jpeg 300w, https:\/\/blog.k10mobility.com\/wp-content\/uploads\/2023\/07\/senderismo-es-cubells-ibiza-768x432.jpeg 768w\" sizes=\"(max-width: 800px) 100vw, 800px\" \/><\/figure>\n<\/div>\n<div style=\"height:40px\" aria-hidden=\"true\" class=\"wp-block-spacer\"><\/div>\n\n<p>Nei dintorni di Es Cubells ci sono diversi itinerari escursionistici che ti porteranno <strong>attraverso splendidi paesaggi<\/strong> come boschi, mandorleti e uliveti e che offrono eccellenti viste sul mare. Uno dei pi\u00f9 popolari \u00e8 il percorso che va da <strong>Es Cubells a Cala d&#8217;Hort.<\/strong> <\/p>\n\n<h3 class=\"wp-block-heading\" id=\"von-toc-4\">Passeggiata nel centro citt\u00e0<\/h3>\n\n<p>Il centro urbano di questa piccola citt\u00e0 \u00e8 costruito intorno <strong>alla chiesa<\/strong>. Questa chiesa \u00e8 un chiaro esempio di architettura religiosa ibizenca, caratterizzata da semplicit\u00e0 e sobriet\u00e0. Le sue pareti bianche e il semplice campanile si stagliano sul cielo azzurro e sul verde circostante, creando un&#8217;immagine davvero pittoresca.  <\/p>\n\n<h3 class=\"wp-block-heading\" id=\"von-toc-5\">Goditi la gastronomia e la tradizione dell&#8217;isola<\/h3>\n<div class=\"wp-block-image\">\n<figure class=\"aligncenter size-full\"><img decoding=\"async\" width=\"800\" height=\"450\" src=\"https:\/\/blog.k10mobility.com\/wp-content\/uploads\/2023\/07\/fiestas-del-carmen-es-cubells.jpeg\" alt=\"feste a es cubells\" class=\"wp-image-6763\" srcset=\"https:\/\/blog.k10mobility.com\/wp-content\/uploads\/2023\/07\/fiestas-del-carmen-es-cubells.jpeg 800w, https:\/\/blog.k10mobility.com\/wp-content\/uploads\/2023\/07\/fiestas-del-carmen-es-cubells-300x169.jpeg 300w, https:\/\/blog.k10mobility.com\/wp-content\/uploads\/2023\/07\/fiestas-del-carmen-es-cubells-768x432.jpeg 768w\" sizes=\"(max-width: 800px) 100vw, 800px\" \/><\/figure>\n<\/div>\n<div style=\"height:40px\" aria-hidden=\"true\" class=\"wp-block-spacer\"><\/div>\n\n<p>A Es Cubells potrai gustare la gastronomia tipica dell&#8217;isola e il <strong>16 luglio <\/strong>si celebrano <strong>le feste patronali<\/strong> della citt\u00e0 e le strade si riempiono di gioia, di gente locale e di turisti.<\/p>\n\n<p>Durante questo festival potrai <strong>anche assaggiare i prodotti dell&#8217;isola<\/strong>, visitare mostre e assistere alla <strong>tradizionale danza contadina<\/strong>.<\/p>\n\n<p>Se sei alla ricerca di pace e tranquillit\u00e0, di avvicinarti alla <strong>natura e alla tradizione<\/strong>, Es Cubells deve assolutamente far parte del tuo itinerario di viaggio.<\/p>\n\n<h3 class=\"wp-block-heading\" id=\"von-toc-6\">L&#8217;opzione di noleggio auto a Ibiza<\/h3>\n\n<p>Scoprire i villaggi pi\u00f9 affascinanti come Es Cubells \u00e8 comodo e facile se hai un&#8217;<a href=\"https:\/\/blog.k10mobility.com\/it\/\">auto a noleggio a Ibiza<\/a>. In questo modo potrai esplorare l&#8217;isola al <strong>tuo ritmo<\/strong> senza dipendere o preoccuparti dei percorsi e degli orari dei trasporti pubblici. Noleggiare un&#8217;auto <strong>ti permette<\/strong> anche <strong>di accedere a luoghi che altrimenti sarebbero difficili da raggiungere<\/strong>, come spiagge e calette remote. \u00c8 anche un modo divertente per scoprire l&#8217;isola, soprattutto se viaggi in compagnia. Dopo questo articolo in cui abbiamo visitato Es Cubells, <strong>non ci resta che augurarti il meglio dell&#8217;isola e soprattutto di questa piccola e tranquilla cittadina.<\/strong>    <\/p>\n","protected":false},"excerpt":{"rendered":"<p>Cosa fare e vedere a Es Cubells A sud di Ibiza, in una meravigliosa enclave immersa nella natura, si trova il piccolo villaggio di Es Cubells. Nonostante sia un piccolo villaggio, ha un fascino particolare e offre alcune interessanti attrazioni per i visitatori. Se vuoi sapere cosa puoi fare durante la tua visita a Es &#8230; <a title=\"Uno dei villaggi pi\u00f9 belli di Ibiza: Es Cubells\" class=\"read-more\" href=\"https:\/\/blog.k10mobility.com\/it\/uno-dei-villaggi-piu-belli-di-ibiza-es-cubells\/\" aria-label=\"Per saperne di pi\u00f9 su Uno dei villaggi pi\u00f9 belli di Ibiza: Es Cubells\">Leggi tutto<\/a><\/p>\n","protected":false},"author":2,"featured_media":13531,"comment_status":"closed","ping_status":"closed","sticky":false,"template":"","format":"standard","meta":{"footnotes":""},"categories":[226],"tags":[],"class_list":["post-13529","post","type-post","status-publish","format-standard","has-post-thumbnail","hentry","category-ibiza"],"yoast_head":"<!-- This site is optimized with the Yoast SEO plugin v27.4 - https:\/\/yoast.com\/product\/yoast-seo-wordpress\/ -->\n<title>\u1405 Es Cubells - Uno dei villaggi pi\u00f9 belli di Ibiza K10 Mobility \u00ae<\/title>\n<meta name=\"description\" content=\"Scopri cosa vedere e fare a Es Cubells, uno dei villaggi pi\u00f9 belli di Ibiza, situato in una meravigliosa enclave immersa nella natura.\" \/>\n<meta name=\"robots\" content=\"index, follow, max-snippet:-1, max-image-preview:large, max-video-preview:-1\" \/>\n<link rel=\"canonical\" href=\"https:\/\/blog.k10mobility.com\/it\/uno-dei-villaggi-piu-belli-di-ibiza-es-cubells\/\" \/>\n<meta property=\"og:locale\" content=\"it_IT\" \/>\n<meta property=\"og:type\" content=\"article\" \/>\n<meta property=\"og:title\" content=\"\u1405 Es Cubells - Uno dei villaggi pi\u00f9 belli di Ibiza K10 Mobility \u00ae\" \/>\n<meta property=\"og:description\" content=\"Scopri cosa vedere e fare a Es Cubells, uno dei villaggi pi\u00f9 belli di Ibiza, situato in una meravigliosa enclave immersa nella natura.\" \/>\n<meta property=\"og:url\" content=\"https:\/\/blog.k10mobility.com\/it\/uno-dei-villaggi-piu-belli-di-ibiza-es-cubells\/\" \/>\n<meta property=\"og:site_name\" content=\"K10 Mobility\" \/>\n<meta property=\"article:publisher\" content=\"https:\/\/www.facebook.com\/k10mobility\/\" \/>\n<meta property=\"article:published_time\" content=\"2023-07-17T07:08:27+00:00\" \/>\n<meta property=\"article:modified_time\" content=\"2026-01-22T11:39:35+00:00\" \/>\n<meta property=\"og:image\" content=\"https:\/\/blog.k10mobility.com\/wp-content\/uploads\/2023\/07\/es-cubells-pueblo-ibiza.jpeg\" \/>\n\t<meta property=\"og:image:width\" content=\"800\" \/>\n\t<meta property=\"og:image:height\" content=\"450\" \/>\n\t<meta property=\"og:image:type\" content=\"image\/jpeg\" \/>\n<meta name=\"author\" content=\"Luis Ram\u00eds\" \/>\n<meta name=\"twitter:card\" content=\"summary_large_image\" \/>\n<meta name=\"twitter:label1\" content=\"Scritto da\" \/>\n\t<meta name=\"twitter:data1\" content=\"Luis Ram\u00eds\" \/>\n\t<meta name=\"twitter:label2\" content=\"Tempo di lettura stimato\" \/>\n\t<meta name=\"twitter:data2\" content=\"2 minuti\" \/>\n<script type=\"application\/ld+json\" class=\"yoast-schema-graph\">{\"@context\":\"https:\\\/\\\/schema.org\",\"@graph\":[{\"@type\":\"Article\",\"@id\":\"https:\\\/\\\/blog.k10mobility.com\\\/it\\\/uno-dei-villaggi-piu-belli-di-ibiza-es-cubells\\\/#article\",\"isPartOf\":{\"@id\":\"https:\\\/\\\/blog.k10mobility.com\\\/it\\\/uno-dei-villaggi-piu-belli-di-ibiza-es-cubells\\\/\"},\"author\":{\"name\":\"Luis Ram\u00eds\",\"@id\":\"https:\\\/\\\/blog.k10mobility.com\\\/it\\\/#\\\/schema\\\/person\\\/5f18469c790b92d83fdd98422e621da8\"},\"headline\":\"Uno dei villaggi pi\u00f9 belli di Ibiza: Es Cubells\",\"datePublished\":\"2023-07-17T07:08:27+00:00\",\"dateModified\":\"2026-01-22T11:39:35+00:00\",\"mainEntityOfPage\":{\"@id\":\"https:\\\/\\\/blog.k10mobility.com\\\/it\\\/uno-dei-villaggi-piu-belli-di-ibiza-es-cubells\\\/\"},\"wordCount\":480,\"publisher\":{\"@id\":\"https:\\\/\\\/blog.k10mobility.com\\\/it\\\/#organization\"},\"image\":{\"@id\":\"https:\\\/\\\/blog.k10mobility.com\\\/it\\\/uno-dei-villaggi-piu-belli-di-ibiza-es-cubells\\\/#primaryimage\"},\"thumbnailUrl\":\"https:\\\/\\\/blog.k10mobility.com\\\/wp-content\\\/uploads\\\/2023\\\/07\\\/es-cubells-pueblo-ibiza.jpeg\",\"articleSection\":[\"Ibiza\"],\"inLanguage\":\"it-IT\"},{\"@type\":\"WebPage\",\"@id\":\"https:\\\/\\\/blog.k10mobility.com\\\/it\\\/uno-dei-villaggi-piu-belli-di-ibiza-es-cubells\\\/\",\"url\":\"https:\\\/\\\/blog.k10mobility.com\\\/it\\\/uno-dei-villaggi-piu-belli-di-ibiza-es-cubells\\\/\",\"name\":\"\u1405 Es Cubells - Uno dei villaggi pi\u00f9 belli di Ibiza K10 Mobility \u00ae\",\"isPartOf\":{\"@id\":\"https:\\\/\\\/blog.k10mobility.com\\\/it\\\/#website\"},\"primaryImageOfPage\":{\"@id\":\"https:\\\/\\\/blog.k10mobility.com\\\/it\\\/uno-dei-villaggi-piu-belli-di-ibiza-es-cubells\\\/#primaryimage\"},\"image\":{\"@id\":\"https:\\\/\\\/blog.k10mobility.com\\\/it\\\/uno-dei-villaggi-piu-belli-di-ibiza-es-cubells\\\/#primaryimage\"},\"thumbnailUrl\":\"https:\\\/\\\/blog.k10mobility.com\\\/wp-content\\\/uploads\\\/2023\\\/07\\\/es-cubells-pueblo-ibiza.jpeg\",\"datePublished\":\"2023-07-17T07:08:27+00:00\",\"dateModified\":\"2026-01-22T11:39:35+00:00\",\"description\":\"Scopri cosa vedere e fare a Es Cubells, uno dei villaggi pi\u00f9 belli di Ibiza, situato in una meravigliosa enclave immersa nella natura.\",\"breadcrumb\":{\"@id\":\"https:\\\/\\\/blog.k10mobility.com\\\/it\\\/uno-dei-villaggi-piu-belli-di-ibiza-es-cubells\\\/#breadcrumb\"},\"inLanguage\":\"it-IT\",\"potentialAction\":[{\"@type\":\"ReadAction\",\"target\":[\"https:\\\/\\\/blog.k10mobility.com\\\/it\\\/uno-dei-villaggi-piu-belli-di-ibiza-es-cubells\\\/\"]}]},{\"@type\":\"ImageObject\",\"inLanguage\":\"it-IT\",\"@id\":\"https:\\\/\\\/blog.k10mobility.com\\\/it\\\/uno-dei-villaggi-piu-belli-di-ibiza-es-cubells\\\/#primaryimage\",\"url\":\"https:\\\/\\\/blog.k10mobility.com\\\/wp-content\\\/uploads\\\/2023\\\/07\\\/es-cubells-pueblo-ibiza.jpeg\",\"contentUrl\":\"https:\\\/\\\/blog.k10mobility.com\\\/wp-content\\\/uploads\\\/2023\\\/07\\\/es-cubells-pueblo-ibiza.jpeg\",\"width\":800,\"height\":450,\"caption\":\"cosa vedere a es cubells\"},{\"@type\":\"BreadcrumbList\",\"@id\":\"https:\\\/\\\/blog.k10mobility.com\\\/it\\\/uno-dei-villaggi-piu-belli-di-ibiza-es-cubells\\\/#breadcrumb\",\"itemListElement\":[{\"@type\":\"ListItem\",\"position\":1,\"name\":\"K10 Mobility\",\"item\":\"https:\\\/\\\/blog.k10mobility.com\\\/it\\\/\"},{\"@type\":\"ListItem\",\"position\":2,\"name\":\"Uno dei villaggi pi\u00f9 belli di Ibiza: Es Cubells\"}]},{\"@type\":\"WebSite\",\"@id\":\"https:\\\/\\\/blog.k10mobility.com\\\/it\\\/#website\",\"url\":\"https:\\\/\\\/blog.k10mobility.com\\\/it\\\/\",\"name\":\"K10 Mobility\",\"description\":\"Rent a car en Ibiza y Mallorca\",\"publisher\":{\"@id\":\"https:\\\/\\\/blog.k10mobility.com\\\/it\\\/#organization\"},\"alternateName\":\"K10 Rent a car\",\"potentialAction\":[{\"@type\":\"SearchAction\",\"target\":{\"@type\":\"EntryPoint\",\"urlTemplate\":\"https:\\\/\\\/blog.k10mobility.com\\\/it\\\/?s={search_term_string}\"},\"query-input\":{\"@type\":\"PropertyValueSpecification\",\"valueRequired\":true,\"valueName\":\"search_term_string\"}}],\"inLanguage\":\"it-IT\"},{\"@type\":\"Organization\",\"@id\":\"https:\\\/\\\/blog.k10mobility.com\\\/it\\\/#organization\",\"name\":\"K10 Mobility\",\"alternateName\":\"K10 Mobility rent a car en Ibiza y Mallorca\",\"url\":\"https:\\\/\\\/blog.k10mobility.com\\\/it\\\/\",\"logo\":{\"@type\":\"ImageObject\",\"inLanguage\":\"it-IT\",\"@id\":\"https:\\\/\\\/blog.k10mobility.com\\\/it\\\/#\\\/schema\\\/logo\\\/image\\\/\",\"url\":\"https:\\\/\\\/blog.k10mobility.com\\\/wp-content\\\/uploads\\\/2025\\\/11\\\/cropped-Logo-K10-color-apaisado.png\",\"contentUrl\":\"https:\\\/\\\/blog.k10mobility.com\\\/wp-content\\\/uploads\\\/2025\\\/11\\\/cropped-Logo-K10-color-apaisado.png\",\"width\":665,\"height\":105,\"caption\":\"K10 Mobility\"},\"image\":{\"@id\":\"https:\\\/\\\/blog.k10mobility.com\\\/it\\\/#\\\/schema\\\/logo\\\/image\\\/\"},\"sameAs\":[\"https:\\\/\\\/www.facebook.com\\\/k10mobility\\\/\",\"https:\\\/\\\/www.instagram.com\\\/k10mobility\\\/\"]},{\"@type\":\"Person\",\"@id\":\"https:\\\/\\\/blog.k10mobility.com\\\/it\\\/#\\\/schema\\\/person\\\/5f18469c790b92d83fdd98422e621da8\",\"name\":\"Luis Ram\u00eds\",\"image\":{\"@type\":\"ImageObject\",\"inLanguage\":\"it-IT\",\"@id\":\"https:\\\/\\\/secure.gravatar.com\\\/avatar\\\/30162c41d6f584ef954ac19546d34176104f5a2b363cc65fe6c8b9dc6c1ed9ac?s=96&d=mm&r=g\",\"url\":\"https:\\\/\\\/secure.gravatar.com\\\/avatar\\\/30162c41d6f584ef954ac19546d34176104f5a2b363cc65fe6c8b9dc6c1ed9ac?s=96&d=mm&r=g\",\"contentUrl\":\"https:\\\/\\\/secure.gravatar.com\\\/avatar\\\/30162c41d6f584ef954ac19546d34176104f5a2b363cc65fe6c8b9dc6c1ed9ac?s=96&d=mm&r=g\",\"caption\":\"Luis Ram\u00eds\"},\"url\":\"https:\\\/\\\/blog.k10mobility.com\\\/it\\\/author\\\/luisr4m1s_k10\\\/\"}]}<\/script>\n<!-- \/ Yoast SEO plugin. -->","yoast_head_json":{"title":"\u1405 Es Cubells - Uno dei villaggi pi\u00f9 belli di Ibiza K10 Mobility \u00ae","description":"Scopri cosa vedere e fare a Es Cubells, uno dei villaggi pi\u00f9 belli di Ibiza, situato in una meravigliosa enclave immersa nella natura.","robots":{"index":"index","follow":"follow","max-snippet":"max-snippet:-1","max-image-preview":"max-image-preview:large","max-video-preview":"max-video-preview:-1"},"canonical":"https:\/\/blog.k10mobility.com\/it\/uno-dei-villaggi-piu-belli-di-ibiza-es-cubells\/","og_locale":"it_IT","og_type":"article","og_title":"\u1405 Es Cubells - Uno dei villaggi pi\u00f9 belli di Ibiza K10 Mobility \u00ae","og_description":"Scopri cosa vedere e fare a Es Cubells, uno dei villaggi pi\u00f9 belli di Ibiza, situato in una meravigliosa enclave immersa nella natura.","og_url":"https:\/\/blog.k10mobility.com\/it\/uno-dei-villaggi-piu-belli-di-ibiza-es-cubells\/","og_site_name":"K10 Mobility","article_publisher":"https:\/\/www.facebook.com\/k10mobility\/","article_published_time":"2023-07-17T07:08:27+00:00","article_modified_time":"2026-01-22T11:39:35+00:00","og_image":[{"width":800,"height":450,"url":"https:\/\/blog.k10mobility.com\/wp-content\/uploads\/2023\/07\/es-cubells-pueblo-ibiza.jpeg","type":"image\/jpeg"}],"author":"Luis Ram\u00eds","twitter_card":"summary_large_image","twitter_misc":{"Scritto da":"Luis Ram\u00eds","Tempo di lettura stimato":"2 minuti"},"schema":{"@context":"https:\/\/schema.org","@graph":[{"@type":"Article","@id":"https:\/\/blog.k10mobility.com\/it\/uno-dei-villaggi-piu-belli-di-ibiza-es-cubells\/#article","isPartOf":{"@id":"https:\/\/blog.k10mobility.com\/it\/uno-dei-villaggi-piu-belli-di-ibiza-es-cubells\/"},"author":{"name":"Luis Ram\u00eds","@id":"https:\/\/blog.k10mobility.com\/it\/#\/schema\/person\/5f18469c790b92d83fdd98422e621da8"},"headline":"Uno dei villaggi pi\u00f9 belli di Ibiza: Es Cubells","datePublished":"2023-07-17T07:08:27+00:00","dateModified":"2026-01-22T11:39:35+00:00","mainEntityOfPage":{"@id":"https:\/\/blog.k10mobility.com\/it\/uno-dei-villaggi-piu-belli-di-ibiza-es-cubells\/"},"wordCount":480,"publisher":{"@id":"https:\/\/blog.k10mobility.com\/it\/#organization"},"image":{"@id":"https:\/\/blog.k10mobility.com\/it\/uno-dei-villaggi-piu-belli-di-ibiza-es-cubells\/#primaryimage"},"thumbnailUrl":"https:\/\/blog.k10mobility.com\/wp-content\/uploads\/2023\/07\/es-cubells-pueblo-ibiza.jpeg","articleSection":["Ibiza"],"inLanguage":"it-IT"},{"@type":"WebPage","@id":"https:\/\/blog.k10mobility.com\/it\/uno-dei-villaggi-piu-belli-di-ibiza-es-cubells\/","url":"https:\/\/blog.k10mobility.com\/it\/uno-dei-villaggi-piu-belli-di-ibiza-es-cubells\/","name":"\u1405 Es Cubells - Uno dei villaggi pi\u00f9 belli di Ibiza K10 Mobility \u00ae","isPartOf":{"@id":"https:\/\/blog.k10mobility.com\/it\/#website"},"primaryImageOfPage":{"@id":"https:\/\/blog.k10mobility.com\/it\/uno-dei-villaggi-piu-belli-di-ibiza-es-cubells\/#primaryimage"},"image":{"@id":"https:\/\/blog.k10mobility.com\/it\/uno-dei-villaggi-piu-belli-di-ibiza-es-cubells\/#primaryimage"},"thumbnailUrl":"https:\/\/blog.k10mobility.com\/wp-content\/uploads\/2023\/07\/es-cubells-pueblo-ibiza.jpeg","datePublished":"2023-07-17T07:08:27+00:00","dateModified":"2026-01-22T11:39:35+00:00","description":"Scopri cosa vedere e fare a Es Cubells, uno dei villaggi pi\u00f9 belli di Ibiza, situato in una meravigliosa enclave immersa nella natura.","breadcrumb":{"@id":"https:\/\/blog.k10mobility.com\/it\/uno-dei-villaggi-piu-belli-di-ibiza-es-cubells\/#breadcrumb"},"inLanguage":"it-IT","potentialAction":[{"@type":"ReadAction","target":["https:\/\/blog.k10mobility.com\/it\/uno-dei-villaggi-piu-belli-di-ibiza-es-cubells\/"]}]},{"@type":"ImageObject","inLanguage":"it-IT","@id":"https:\/\/blog.k10mobility.com\/it\/uno-dei-villaggi-piu-belli-di-ibiza-es-cubells\/#primaryimage","url":"https:\/\/blog.k10mobility.com\/wp-content\/uploads\/2023\/07\/es-cubells-pueblo-ibiza.jpeg","contentUrl":"https:\/\/blog.k10mobility.com\/wp-content\/uploads\/2023\/07\/es-cubells-pueblo-ibiza.jpeg","width":800,"height":450,"caption":"cosa vedere a es cubells"},{"@type":"BreadcrumbList","@id":"https:\/\/blog.k10mobility.com\/it\/uno-dei-villaggi-piu-belli-di-ibiza-es-cubells\/#breadcrumb","itemListElement":[{"@type":"ListItem","position":1,"name":"K10 Mobility","item":"https:\/\/blog.k10mobility.com\/it\/"},{"@type":"ListItem","position":2,"name":"Uno dei villaggi pi\u00f9 belli di Ibiza: Es Cubells"}]},{"@type":"WebSite","@id":"https:\/\/blog.k10mobility.com\/it\/#website","url":"https:\/\/blog.k10mobility.com\/it\/","name":"K10 Mobility","description":"Rent a car en Ibiza y Mallorca","publisher":{"@id":"https:\/\/blog.k10mobility.com\/it\/#organization"},"alternateName":"K10 Rent a car","potentialAction":[{"@type":"SearchAction","target":{"@type":"EntryPoint","urlTemplate":"https:\/\/blog.k10mobility.com\/it\/?s={search_term_string}"},"query-input":{"@type":"PropertyValueSpecification","valueRequired":true,"valueName":"search_term_string"}}],"inLanguage":"it-IT"},{"@type":"Organization","@id":"https:\/\/blog.k10mobility.com\/it\/#organization","name":"K10 Mobility","alternateName":"K10 Mobility rent a car en Ibiza y Mallorca","url":"https:\/\/blog.k10mobility.com\/it\/","logo":{"@type":"ImageObject","inLanguage":"it-IT","@id":"https:\/\/blog.k10mobility.com\/it\/#\/schema\/logo\/image\/","url":"https:\/\/blog.k10mobility.com\/wp-content\/uploads\/2025\/11\/cropped-Logo-K10-color-apaisado.png","contentUrl":"https:\/\/blog.k10mobility.com\/wp-content\/uploads\/2025\/11\/cropped-Logo-K10-color-apaisado.png","width":665,"height":105,"caption":"K10 Mobility"},"image":{"@id":"https:\/\/blog.k10mobility.com\/it\/#\/schema\/logo\/image\/"},"sameAs":["https:\/\/www.facebook.com\/k10mobility\/","https:\/\/www.instagram.com\/k10mobility\/"]},{"@type":"Person","@id":"https:\/\/blog.k10mobility.com\/it\/#\/schema\/person\/5f18469c790b92d83fdd98422e621da8","name":"Luis Ram\u00eds","image":{"@type":"ImageObject","inLanguage":"it-IT","@id":"https:\/\/secure.gravatar.com\/avatar\/30162c41d6f584ef954ac19546d34176104f5a2b363cc65fe6c8b9dc6c1ed9ac?s=96&d=mm&r=g","url":"https:\/\/secure.gravatar.com\/avatar\/30162c41d6f584ef954ac19546d34176104f5a2b363cc65fe6c8b9dc6c1ed9ac?s=96&d=mm&r=g","contentUrl":"https:\/\/secure.gravatar.com\/avatar\/30162c41d6f584ef954ac19546d34176104f5a2b363cc65fe6c8b9dc6c1ed9ac?s=96&d=mm&r=g","caption":"Luis Ram\u00eds"},"url":"https:\/\/blog.k10mobility.com\/it\/author\/luisr4m1s_k10\/"}]}},"_links":{"self":[{"href":"https:\/\/blog.k10mobility.com\/it\/wp-json\/wp\/v2\/posts\/13529","targetHints":{"allow":["GET"]}}],"collection":[{"href":"https:\/\/blog.k10mobility.com\/it\/wp-json\/wp\/v2\/posts"}],"about":[{"href":"https:\/\/blog.k10mobility.com\/it\/wp-json\/wp\/v2\/types\/post"}],"author":[{"embeddable":true,"href":"https:\/\/blog.k10mobility.com\/it\/wp-json\/wp\/v2\/users\/2"}],"replies":[{"embeddable":true,"href":"https:\/\/blog.k10mobility.com\/it\/wp-json\/wp\/v2\/comments?post=13529"}],"version-history":[{"count":3,"href":"https:\/\/blog.k10mobility.com\/it\/wp-json\/wp\/v2\/posts\/13529\/revisions"}],"predecessor-version":[{"id":14017,"href":"https:\/\/blog.k10mobility.com\/it\/wp-json\/wp\/v2\/posts\/13529\/revisions\/14017"}],"wp:featuredmedia":[{"embeddable":true,"href":"https:\/\/blog.k10mobility.com\/it\/wp-json\/wp\/v2\/media\/13531"}],"wp:attachment":[{"href":"https:\/\/blog.k10mobility.com\/it\/wp-json\/wp\/v2\/media?parent=13529"}],"wp:term":[{"taxonomy":"category","embeddable":true,"href":"https:\/\/blog.k10mobility.com\/it\/wp-json\/wp\/v2\/categories?post=13529"},{"taxonomy":"post_tag","embeddable":true,"href":"https:\/\/blog.k10mobility.com\/it\/wp-json\/wp\/v2\/tags?post=13529"}],"curies":[{"name":"wp","href":"https:\/\/api.w.org\/{rel}","templated":true}]}}