{"id":13778,"date":"2025-01-29T10:47:00","date_gmt":"2025-01-29T10:47:00","guid":{"rendered":"https:\/\/blog.k10mobility.com\/cosa-vedere-a-maiorca-in-3-giorni-itinerario-completo-e-consigli-pratici\/"},"modified":"2026-01-22T11:38:26","modified_gmt":"2026-01-22T11:38:26","slug":"cosa-vedere-a-maiorca-in-3-giorni-itinerario-completo-e-consigli-pratici","status":"publish","type":"post","link":"https:\/\/blog.k10mobility.com\/it\/cosa-vedere-a-maiorca-in-3-giorni-itinerario-completo-e-consigli-pratici\/","title":{"rendered":"Cosa vedere a Maiorca in 3 giorni: itinerario completo e consigli pratici"},"content":{"rendered":"\t\t<div data-elementor-type=\"wp-post\" data-elementor-id=\"13778\" class=\"elementor elementor-13778 elementor-5438\" data-elementor-post-type=\"post\">\n\t\t\t\t<div class=\"elementor-element elementor-element-5b9262e2 e-flex e-con-boxed e-con e-parent\" data-id=\"5b9262e2\" data-element_type=\"container\" data-e-type=\"container\">\n\t\t\t\t\t<div class=\"e-con-inner\">\n\t\t\t\t<div class=\"elementor-element elementor-element-3b269aa9 elementor-widget elementor-widget-text-editor\" data-id=\"3b269aa9\" data-element_type=\"widget\" data-e-type=\"widget\" data-widget_type=\"text-editor.default\">\n\t\t\t\t<div class=\"elementor-widget-container\">\n\t\t\t\t\t\t\t\t\t\r\n<p><span style=\"font-weight: 400;\">\u00c8 possibile scoprire tutto ci\u00f2 che Maiorca ha da offrire in soli 3 giorni? La risposta \u00e8 s\u00ec, ma \u00e8 necessario un piano ben organizzato.   <\/span><\/p>\r\n<p><span style=\"font-weight: 400;\">In questo itinerario completo ti mostreremo <\/span><b>cosa fare a Maiorca in 3 giorni<\/b><span style=\"font-weight: 400;\"> per sfruttare al meglio ogni minuto, dalle spiagge paradisiache agli incantevoli villaggi e ai monumenti storici. <\/span> <\/p>\r\n<p><span style=\"font-weight: 400;\">Continua a leggere e preparati a innamorarti dell&#8217;isola!<\/span><\/p>\r\n<h2 id=\"von-toc-1\"><b>Introduzione: Scoprire Maiorca in soli 3 giorni<\/b><\/h2>\r\n<p><span style=\"font-weight: 400;\">Maiorca, il gioiello del Mediterraneo, unisce natura, cultura e spiagge da sogno. Con una buona pianificazione, in 3 giorni potrai visitare i luoghi pi\u00f9 emblematici dell&#8217;isola, gustare la sua gastronomia e rilassarti in calette uniche. <\/span><\/p>\r\n<h3 id=\"von-toc-2\"><b>\u00c8 possibile esplorare Maiorca in 3 giorni?<\/b><\/h3>\r\n<p><span style=\"font-weight: 400;\">Certo che puoi! Anche se Maiorca \u00e8 un&#8217;isola molto grande, con un&#8217;auto a noleggio puoi muoverti liberamente. Dalla <\/span><b>Cattedrale di Palma<\/b><span style=\"font-weight: 400;\"> alle <\/span><b>migliori calette di Maiorca<\/b><span style=\"font-weight: 400;\">questo itinerario ti offre una guida equilibrata tra cultura, natura e relax.<\/span><\/p>\r\n<h3 id=\"von-toc-3\"><b>Come organizzare il tuo tempo per sfruttarlo al meglio<\/b><\/h3>\r\n<ol>\r\n<li style=\"font-weight: 400;\" aria-level=\"1\"><b>Giorno 1<\/b><span style=\"font-weight: 400;\">Giorno 1: Palma di Maiorca e dintorni.<\/span><\/li>\r\n<li style=\"font-weight: 400;\" aria-level=\"1\"><b>Giorno 2<\/b><span style=\"font-weight: 400;\">Nord e Sierra de Tramontana.<\/span><\/li>\r\n<li style=\"font-weight: 400;\" aria-level=\"1\"><b>Giorno 3<\/b><span style=\"font-weight: 400;\">Giorno 3: Spiagge e grotte sulla costa orientale.<\/span><\/li>\r\n<\/ol>\r\n<p><span style=\"font-weight: 400;\">Pronti per iniziare? Eccoci qua! <\/span><\/p>\r\n<h2 id=\"von-toc-4\"><b>Giorno 1: Palma di Maiorca e dintorni<\/b><\/h2>\r\n<h3 id=\"von-toc-5\"><b>Visita la Cattedrale di Palma (La Seu): storia e bellezza<\/b><\/h3>\r\n<p><span style=\"font-weight: 400;\">La Cattedrale di Palma \u00e8 uno dei simboli pi\u00f9 importanti di Maiorca. Questo tempio gotico si distingue per il suo spettacolare <\/span><b>rosone<\/b><span style=\"font-weight: 400;\">il pi\u00f9 grande del suo genere al mondo. Una vera meraviglia da non perdere.<\/span><\/p>\r\n<p><img fetchpriority=\"high\" decoding=\"async\" width=\"800\" height=\"450\" class=\"wp-image-5443\" src=\"https:\/\/blog.k10mobility.com\/wp-content\/uploads\/2023\/01\/basilica-de-san-francisco-de-asis-mallorca.jpg\" alt=\"visita il centro storico di mallorca\" srcset=\"https:\/\/blog.k10mobility.com\/wp-content\/uploads\/2023\/01\/basilica-de-san-francisco-de-asis-mallorca.jpg 800w, https:\/\/blog.k10mobility.com\/wp-content\/uploads\/2023\/01\/basilica-de-san-francisco-de-asis-mallorca-300x169.jpg 300w, https:\/\/blog.k10mobility.com\/wp-content\/uploads\/2023\/01\/basilica-de-san-francisco-de-asis-mallorca-768x432.jpg 768w\" sizes=\"(max-width: 800px) 100vw, 800px\" \/><\/p>\r\n<h3 id=\"von-toc-6\"><b>Una passeggiata nel centro storico di Palma<\/b><\/h3>\r\n<p><span style=\"font-weight: 400;\">Passeggia per le affascinanti strade del centro storico, visita la <\/span><b>Plaza Mayor<\/b><span style=\"font-weight: 400;\">la Lonja e la <\/span><b>Basilica di San Francisco<\/b><span style=\"font-weight: 400;\">. Scopri anche lo storico <\/span><b>Quartiere Ebraico<\/b><span style=\"font-weight: 400;\"> e lasciati sorprendere dalla sua atmosfera unica.<\/span><\/p>\r\n<h3 id=\"von-toc-7\"><b>Castello di Bellver: viste panoramiche e architettura unica<\/b><\/h3>\r\n<p><span style=\"font-weight: 400;\">A soli 3 km da Palma, il <\/span><b>Castello di Bellver<\/b><span style=\"font-weight: 400;\"> offre una vista spettacolare sulla citt\u00e0 e sulla baia. La sua architettura circolare lo rende uno dei castelli pi\u00f9 singolari d&#8217;Europa.<\/span><\/p>\r\n<p><img decoding=\"async\" width=\"800\" height=\"450\" class=\"wp-image-5444\" src=\"https:\/\/blog.k10mobility.com\/wp-content\/uploads\/2023\/01\/castillo-de-bellver-palma-de-mallorca.jpg\" alt=\"\" srcset=\"https:\/\/blog.k10mobility.com\/wp-content\/uploads\/2023\/01\/castillo-de-bellver-palma-de-mallorca.jpg 800w, https:\/\/blog.k10mobility.com\/wp-content\/uploads\/2023\/01\/castillo-de-bellver-palma-de-mallorca-300x169.jpg 300w, https:\/\/blog.k10mobility.com\/wp-content\/uploads\/2023\/01\/castillo-de-bellver-palma-de-mallorca-768x432.jpg 768w\" sizes=\"(max-width: 800px) 100vw, 800px\" \/><\/p>\r\n<h3 id=\"von-toc-8\"><b>Spiaggia di Illetas: rilassati in un paradiso vicino a te<\/b><\/h3>\r\n<p><span style=\"font-weight: 400;\">Per concludere la giornata, non c&#8217;\u00e8 niente di meglio che rilassarsi alla <\/span><b>Spiaggia di Illetas<\/b><span style=\"font-weight: 400;\">un&#8217;insenatura vicina con acque cristalline e sabbia fine. \u00c8 l&#8217;ideale per rilassarsi dopo una giornata di visite turistiche.<\/span><\/p>\r\n<h2 id=\"von-toc-9\"><b>Giorno 2: Esplora la costa nord e le montagne di Tramuntana<\/b><\/h2>\r\n<h3 id=\"von-toc-10\"><b>Valldemossa: il fascino di un villaggio di montagna<\/b><\/h3>\r\n<p><span style=\"font-weight: 400;\">Visita questo pittoresco villaggio ricco di storia e fascino. Le sue strade acciottolate, la <\/span><b>Certosa di Valldemossa<\/b><span style=\"font-weight: 400;\"> e le sue impressionanti vedute ti lasceranno senza parole.<\/span><\/p>\r\n<h3 id=\"von-toc-11\"><b>Deia e S\u00f3ller: luoghi da sogno nelle montagne di Tramontana<\/b><\/h3>\r\n<p><span style=\"font-weight: 400;\">Deia \u00e8 un piccolo villaggio di artisti con un&#8217;atmosfera magica. Da l\u00ec, dirigiti verso <\/span><b>S\u00f3ller<\/b><span style=\"font-weight: 400;\">famosa per il suo treno storico e il suo bellissimo <\/span><b>Porto di S\u00f3ller<\/b><span style=\"font-weight: 400;\">dove potrai ammirare un tramonto unico in riva al mare.<\/span><\/p>\r\n<p><img decoding=\"async\" width=\"800\" height=\"450\" class=\"wp-image-5446\" src=\"https:\/\/blog.k10mobility.com\/wp-content\/uploads\/2023\/01\/sierra-de-tramontana-mallorca-3-dias.jpg\" alt=\"visita la catena montuosa di tramontana\" srcset=\"https:\/\/blog.k10mobility.com\/wp-content\/uploads\/2023\/01\/sierra-de-tramontana-mallorca-3-dias.jpg 800w, https:\/\/blog.k10mobility.com\/wp-content\/uploads\/2023\/01\/sierra-de-tramontana-mallorca-3-dias-300x169.jpg 300w, https:\/\/blog.k10mobility.com\/wp-content\/uploads\/2023\/01\/sierra-de-tramontana-mallorca-3-dias-768x432.jpg 768w\" sizes=\"(max-width: 800px) 100vw, 800px\" \/><\/p>\r\n<h3 id=\"von-toc-12\"><b>Sa Calobra e Torrent de Pareis: la natura nel suo massimo splendore<\/b><\/h3>\r\n<p><span style=\"font-weight: 400;\">Se sei alla ricerca di un&#8217;esperienza indimenticabile, non perdere l&#8217;occasione di visitare <\/span><b>Sa Calobra<\/b><span style=\"font-weight: 400;\"> e l&#8217;impressionante <\/span><b>Torrente de Pareis<\/b><span style=\"font-weight: 400;\">. Anche se la strada \u00e8 tortuosa, i panorami e la natura compensano ampiamente la fatica.<\/span><\/p>\r\n<p><img loading=\"lazy\" decoding=\"async\" width=\"800\" height=\"450\" class=\"wp-image-5445\" src=\"https:\/\/blog.k10mobility.com\/wp-content\/uploads\/2023\/01\/sa-calobra-mallorca-en-3-dias.jpg\" alt=\"visita sa calobra mallorca\" srcset=\"https:\/\/blog.k10mobility.com\/wp-content\/uploads\/2023\/01\/sa-calobra-mallorca-en-3-dias.jpg 800w, https:\/\/blog.k10mobility.com\/wp-content\/uploads\/2023\/01\/sa-calobra-mallorca-en-3-dias-300x169.jpg 300w, https:\/\/blog.k10mobility.com\/wp-content\/uploads\/2023\/01\/sa-calobra-mallorca-en-3-dias-768x432.jpg 768w\" sizes=\"(max-width: 800px) 100vw, 800px\" \/><\/p>\r\n<h2 id=\"von-toc-13\"><b>Giorno 3: Spiagge e grotte sulla costa orientale di Maiorca<\/b><\/h2>\r\n<p><img loading=\"lazy\" decoding=\"async\" width=\"800\" height=\"450\" class=\"wp-image-5441\" src=\"https:\/\/blog.k10mobility.com\/wp-content\/uploads\/2023\/01\/playas-y-calas-palma-mallorca.jpg\" alt=\"Spiagge e calette di Maiorca in 3 giorni\" srcset=\"https:\/\/blog.k10mobility.com\/wp-content\/uploads\/2023\/01\/playas-y-calas-palma-mallorca.jpg 800w, https:\/\/blog.k10mobility.com\/wp-content\/uploads\/2023\/01\/playas-y-calas-palma-mallorca-300x169.jpg 300w, https:\/\/blog.k10mobility.com\/wp-content\/uploads\/2023\/01\/playas-y-calas-palma-mallorca-768x432.jpg 768w\" sizes=\"(max-width: 800px) 100vw, 800px\" \/><\/p>\r\n<h3 id=\"von-toc-14\"><b>Cala Millor e Cala Ratjada: goditi le spiagge migliori<\/b><\/h3>\r\n<p><span style=\"font-weight: 400;\">Inizia la giornata godendoti le spiagge della costa orientale, come ad esempio <\/span><b>Cala Millor<\/b><span style=\"font-weight: 400;\"> y <\/span><b>Cala Ratjada<\/b><span style=\"font-weight: 400;\">famose per le loro acque cristalline e la sabbia bianca.<\/span><\/p>\r\n<h3 id=\"von-toc-15\"><b>Grotte di Drach: un imperdibile spettacolo sotterraneo<\/b><\/h3>\r\n<p><span style=\"font-weight: 400;\">Le <\/span><b>Grotte di Drach<\/b><span style=\"font-weight: 400;\">a Manacor sono una tappa obbligata. Passeggia tra le sue impressionanti gallerie e goditi un concerto di musica classica al <\/span><b>Lago Martel<\/b><span style=\"font-weight: 400;\">uno dei laghi sotterranei pi\u00f9 grandi del mondo.<\/span><\/p>\r\n<p><img loading=\"lazy\" decoding=\"async\" width=\"800\" height=\"450\" class=\"wp-image-5447\" src=\"https:\/\/blog.k10mobility.com\/wp-content\/uploads\/2023\/01\/cuevas-de-drach-palma-de-mallorca.jpg\" alt=\"Visita le grotte di drach a Maiorca, itinerario di 3 giorni\" srcset=\"https:\/\/blog.k10mobility.com\/wp-content\/uploads\/2023\/01\/cuevas-de-drach-palma-de-mallorca.jpg 800w, https:\/\/blog.k10mobility.com\/wp-content\/uploads\/2023\/01\/cuevas-de-drach-palma-de-mallorca-300x169.jpg 300w, https:\/\/blog.k10mobility.com\/wp-content\/uploads\/2023\/01\/cuevas-de-drach-palma-de-mallorca-768x432.jpg 768w\" sizes=\"(max-width: 800px) 100vw, 800px\" \/><\/p>\r\n<h3 id=\"von-toc-16\"><b>Parco Naturale di Mondrag\u00f3: escursioni e paesaggi incredibili<\/b><\/h3>\r\n<p><span style=\"font-weight: 400;\">Termina la tua visita con una passeggiata nel <\/span><b>Parco Naturale di Mondrag\u00f3<\/b><span style=\"font-weight: 400;\">un ambiente protetto in cui potrai ammirare sentieri e calette spettacolari come <\/span><b>S&#8217;Amarador<\/b><span style=\"font-weight: 400;\">.<\/span><\/p>\r\n<h2 id=\"von-toc-17\"><b>Consigli pratici per il tuo viaggio a Maiorca<\/b><\/h2>\r\n<h3 id=\"von-toc-18\"><b>Noleggia un&#8217;auto per esplorare Maiorca senza limiti<\/b><\/h3>\r\n<p><span style=\"font-weight: 400;\">Per sfruttare al meglio il tempo a disposizione, l&#8217;ideale \u00e8 <\/span><b>noleggiare un&#8217;auto<\/b><span style=\"font-weight: 400;\">. Potrai esplorare l&#8217;isola al tuo ritmo, visitare calette nascoste e ammirare la catena montuosa di Tramontana. <\/span><b>Tramontana<\/b><span style=\"font-weight: 400;\"> senza preoccuparti degli orari. Controlla opzioni come <\/span><a href=\"https:\/\/k10rentacar.com\/alquiler-coche-mallorca-sin-franquicia\/\"><b>noleggio auto Mallorca aeroporto senza franchigia<\/b> <\/a><span style=\"font-weight: 400;\">per un&#8217;esperienza senza problemi.<\/span><\/p>\r\n<h3 id=\"von-toc-19\"><b>Il momento migliore per visitare l&#8217;isola<\/b><\/h3>\r\n<p><span style=\"font-weight: 400;\">La primavera e l&#8217;autunno sono perfetti per godersi il bel tempo senza la folla dell&#8217;estate.<\/span><\/p>\r\n<h3 id=\"von-toc-20\"><b>Dove dormire a Maiorca: hotel e aree consigliate<\/b><\/h3>\r\n<ul>\r\n<li style=\"font-weight: 400;\" aria-level=\"1\"><b>Palma<\/b><span style=\"font-weight: 400;\">Hotel Palma: Ideale se vuoi essere vicino al centro citt\u00e0 e ai monumenti.<\/span><\/li>\r\n<li style=\"font-weight: 400;\" aria-level=\"1\"><b>Nord<\/b><span style=\"font-weight: 400;\">Perfetto per esplorare la Tramontana.<\/span><\/li>\r\n<li style=\"font-weight: 400;\" aria-level=\"1\"><b>Questo<\/b><span style=\"font-weight: 400;\">Vicino a baie e spiagge spettacolari.<\/span><\/li>\r\n<\/ul>\r\n<h2 id=\"von-toc-21\"><b>Cosa mangiare a Maiorca? Gastronomia tipica in 3 giorni <\/b><\/h2>\r\n<h3 id=\"von-toc-22\"><b>Ensaimada: il dolce pi\u00f9 famoso di Maiorca<\/b><\/h3>\r\n<p><span style=\"font-weight: 400;\">Non andartene senza aver assaggiato un&#8217;autentica <\/span><b>ensaimada di Maiorca<\/b><span style=\"font-weight: 400;\">.<\/span><\/p>\r\n<p><img loading=\"lazy\" decoding=\"async\" class=\"wp-image-10189 size-full alignnone\" src=\"https:\/\/blog.k10mobility.com\/wp-content\/uploads\/2023\/02\/ensaimada-mallorca.jpg\" alt=\"Ensaimada Mallorca\" width=\"720\" height=\"480\" srcset=\"https:\/\/blog.k10mobility.com\/wp-content\/uploads\/2023\/02\/ensaimada-mallorca.jpg 720w, https:\/\/blog.k10mobility.com\/wp-content\/uploads\/2023\/02\/ensaimada-mallorca-300x200.jpg 300w\" sizes=\"(max-width: 720px) 100vw, 720px\" \/><\/p>\r\n<h3 id=\"von-toc-23\"><b>Sobrasada e Pa amb Oli: sapori autentici<\/b><\/h3>\r\n<p><span style=\"font-weight: 400;\">Goditi la <\/span><b>sobrasada<\/b><span style=\"font-weight: 400;\"> e il tradizionale <\/span><b>pa amb oli<\/b><span style=\"font-weight: 400;\">due gioielli della gastronomia locale.<\/span><\/p>\r\n<h3 id=\"von-toc-24\"><b>Ristoranti consigliati per ogni giorno del tuo itinerario<\/b><\/h3>\r\n<ol>\r\n<li style=\"font-weight: 400;\" aria-level=\"1\"><b>Palma<\/b><span style=\"font-weight: 400;\">Cena in un ristorante con vista sul mare.<\/span><\/li>\r\n<li style=\"font-weight: 400;\" aria-level=\"1\"><b>S\u00f3ller<\/b><span style=\"font-weight: 400;\">Assaggia i frutti di mare freschi nel porto.<\/span><\/li>\r\n<li style=\"font-weight: 400;\" aria-level=\"1\"><b>Costa Est<\/b><span style=\"font-weight: 400;\">: Goditi una paella sulla spiaggia.<\/span><\/li>\r\n<\/ol>\r\n<h2 id=\"von-toc-25\"><b>Mappa di Cosa vedere a Maiorca in 3 giorni<\/b><\/h2>\r\n<p><span style=\"font-weight: 400;\">Vuoi avere una mappa per non perderti nulla? Scarica la nostra <\/span><b>mappa interattiva<\/b><span style=\"font-weight: 400;\"> e pianifica il tuo itinerario con facilit\u00e0.<\/span><\/p>\r\n<h2 id=\"von-toc-26\"><b>Maiorca, un&#8217;isola da ricordare<\/b><\/h2>\r\n<p><span style=\"font-weight: 400;\">Maiorca \u00e8 un&#8217;isola che ha tutto: spiagge paradisiache, villaggi incantevoli e paesaggi naturali unici. Con questo itinerario di <\/span><b>cosa fare a Maiorca in 3 giorni<\/b><span style=\"font-weight: 400;\">potrai scoprire il meglio dell&#8217;isola e vivere un&#8217;esperienza indimenticabile.<\/span><\/p>\r\n<p><b>Pronti per la vostra avventura, prenotate la vostra auto, preparate il vostro viaggio e partite alla scoperta di Maiorca! <\/b><\/p>\r\n\r\n\r\n\r\n\r\n\t\t\t\t\t\t\t\t<\/div>\n\t\t\t\t<\/div>\n\t\t\t\t\t<\/div>\n\t\t\t\t<\/div>\n\t\t<div class=\"elementor-element elementor-element-3d12c60 e-con-full e-flex e-con e-parent\" data-id=\"3d12c60\" data-element_type=\"container\" data-e-type=\"container\">\n\t\t\t\t<div class=\"elementor-element elementor-element-434923b elementor-grid-3 elementor-grid-tablet-2 elementor-grid-mobile-1 elementor-posts--thumbnail-top elementor-card-shadow-yes elementor-posts__hover-gradient elementor-widget elementor-widget-posts\" data-id=\"434923b\" data-element_type=\"widget\" data-e-type=\"widget\" data-settings=\"{&quot;cards_columns&quot;:&quot;3&quot;,&quot;cards_columns_tablet&quot;:&quot;2&quot;,&quot;cards_columns_mobile&quot;:&quot;1&quot;,&quot;cards_row_gap&quot;:{&quot;unit&quot;:&quot;px&quot;,&quot;size&quot;:35,&quot;sizes&quot;:[]},&quot;cards_row_gap_tablet&quot;:{&quot;unit&quot;:&quot;px&quot;,&quot;size&quot;:&quot;&quot;,&quot;sizes&quot;:[]},&quot;cards_row_gap_mobile&quot;:{&quot;unit&quot;:&quot;px&quot;,&quot;size&quot;:&quot;&quot;,&quot;sizes&quot;:[]}}\" data-widget_type=\"posts.cards\">\n\t\t\t\t<div class=\"elementor-widget-container\">\n\t\t\t\t\t\t\t<div class=\"elementor-posts-container elementor-posts elementor-posts--skin-cards elementor-grid\" role=\"list\">\n\t\t\t\t<article class=\"elementor-post elementor-grid-item post-13597 post type-post status-publish format-standard has-post-thumbnail hentry category-ibiza\" role=\"listitem\">\n\t\t\t<div class=\"elementor-post__card\">\n\t\t\t\t<a class=\"elementor-post__thumbnail__link\" href=\"https:\/\/blog.k10mobility.com\/it\/scopri-la-vita-notturna-a-ibiza\/\" tabindex=\"-1\" ><div class=\"elementor-post__thumbnail\"><img loading=\"lazy\" decoding=\"async\" width=\"300\" height=\"169\" src=\"https:\/\/blog.k10mobility.com\/wp-content\/uploads\/2023\/10\/the-night-in-ibiza-300x169.jpeg\" class=\"attachment-medium size-medium wp-image-13601\" alt=\"notte a ibiza\" srcset=\"https:\/\/blog.k10mobility.com\/wp-content\/uploads\/2023\/10\/the-night-in-ibiza-300x169.jpeg 300w, https:\/\/blog.k10mobility.com\/wp-content\/uploads\/2023\/10\/the-night-in-ibiza-768x432.jpeg 768w, https:\/\/blog.k10mobility.com\/wp-content\/uploads\/2023\/10\/the-night-in-ibiza.jpeg 800w\" sizes=\"(max-width: 300px) 100vw, 300px\" \/><\/div><\/a>\n\t\t\t\t<div class=\"elementor-post__badge\">Ibiza<\/div>\n\t\t\t\t<div class=\"elementor-post__text\">\n\t\t\t\t<h3 class=\"elementor-post__title\">\n\t\t\t<a href=\"https:\/\/blog.k10mobility.com\/it\/scopri-la-vita-notturna-a-ibiza\/\" >\n\t\t\t\tScopri la vita notturna di Ibiza\t\t\t<\/a>\n\t\t<\/h3>\n\t\t\n\t\t<a class=\"elementor-post__read-more\" href=\"https:\/\/blog.k10mobility.com\/it\/scopri-la-vita-notturna-a-ibiza\/\" aria-label=\"Leggi tutto Scopri la vita notturna di Ibiza\" tabindex=\"-1\" >\n\t\t\tContinua a leggere \"\t\t<\/a>\n\n\t\t\t\t<\/div>\n\t\t\t\t<div class=\"elementor-post__meta-data\">\n\t\t\t\t\t<span class=\"elementor-post-date\">\n\t\t\t18 Ottobre 2023\t\t<\/span>\n\t\t\t\t<span class=\"elementor-post-avatar\">\n\t\t\tNessun commento\t\t<\/span>\n\t\t\t\t<\/div>\n\t\t\t\t\t<\/div>\n\t\t<\/article>\n\t\t\t\t<article class=\"elementor-post elementor-grid-item post-13629 post type-post status-publish format-standard has-post-thumbnail hentry category-mallorca\" role=\"listitem\">\n\t\t\t<div class=\"elementor-post__card\">\n\t\t\t\t<a class=\"elementor-post__thumbnail__link\" href=\"https:\/\/blog.k10mobility.com\/it\/una-spiaggia-unica-scopri-sa-calobra\/\" tabindex=\"-1\" ><div class=\"elementor-post__thumbnail\"><img loading=\"lazy\" decoding=\"async\" width=\"300\" height=\"169\" src=\"https:\/\/blog.k10mobility.com\/wp-content\/uploads\/2024\/08\/playas-sa-calobra-mallorca-300x169.webp\" class=\"attachment-medium size-medium wp-image-13631\" alt=\"cosa vedere a sa calobra\" srcset=\"https:\/\/blog.k10mobility.com\/wp-content\/uploads\/2024\/08\/playas-sa-calobra-mallorca-300x169.webp 300w, https:\/\/blog.k10mobility.com\/wp-content\/uploads\/2024\/08\/playas-sa-calobra-mallorca-768x432.webp 768w, https:\/\/blog.k10mobility.com\/wp-content\/uploads\/2024\/08\/playas-sa-calobra-mallorca.webp 800w\" sizes=\"(max-width: 300px) 100vw, 300px\" \/><\/div><\/a>\n\t\t\t\t<div class=\"elementor-post__badge\">Mallorca<\/div>\n\t\t\t\t<div class=\"elementor-post__text\">\n\t\t\t\t<h3 class=\"elementor-post__title\">\n\t\t\t<a href=\"https:\/\/blog.k10mobility.com\/it\/una-spiaggia-unica-scopri-sa-calobra\/\" >\n\t\t\t\tUna spiaggia dalla posizione unica: scopri Sa Calobra\t\t\t<\/a>\n\t\t<\/h3>\n\t\t\n\t\t<a class=\"elementor-post__read-more\" href=\"https:\/\/blog.k10mobility.com\/it\/una-spiaggia-unica-scopri-sa-calobra\/\" aria-label=\"Leggi tutto Una spiaggia dalla posizione unica: scopri Sa Calobra\" tabindex=\"-1\" >\n\t\t\tContinua a leggere \"\t\t<\/a>\n\n\t\t\t\t<\/div>\n\t\t\t\t<div class=\"elementor-post__meta-data\">\n\t\t\t\t\t<span class=\"elementor-post-date\">\n\t\t\t14 Agosto 2024\t\t<\/span>\n\t\t\t\t<span class=\"elementor-post-avatar\">\n\t\t\tNessun commento\t\t<\/span>\n\t\t\t\t<\/div>\n\t\t\t\t\t<\/div>\n\t\t<\/article>\n\t\t\t\t<article class=\"elementor-post elementor-grid-item post-13146 post type-post status-publish format-standard has-post-thumbnail hentry category-mallorca\" role=\"listitem\">\n\t\t\t<div class=\"elementor-post__card\">\n\t\t\t\t<a class=\"elementor-post__thumbnail__link\" href=\"https:\/\/blog.k10mobility.com\/it\/cosa-vedere-a-capdepera-maiorca-nel-2024\/\" tabindex=\"-1\" ><div class=\"elementor-post__thumbnail\"><img loading=\"lazy\" decoding=\"async\" width=\"300\" height=\"169\" src=\"https:\/\/blog.k10mobility.com\/wp-content\/uploads\/2024\/05\/que-ver-en-capdepera-k10-300x169.jpeg\" class=\"attachment-medium size-medium wp-image-13148\" alt=\"cosa fare a capdepera\" srcset=\"https:\/\/blog.k10mobility.com\/wp-content\/uploads\/2024\/05\/que-ver-en-capdepera-k10-300x169.jpeg 300w, https:\/\/blog.k10mobility.com\/wp-content\/uploads\/2024\/05\/que-ver-en-capdepera-k10-768x432.jpeg 768w, https:\/\/blog.k10mobility.com\/wp-content\/uploads\/2024\/05\/que-ver-en-capdepera-k10.jpeg 800w\" sizes=\"(max-width: 300px) 100vw, 300px\" \/><\/div><\/a>\n\t\t\t\t<div class=\"elementor-post__badge\">Mallorca<\/div>\n\t\t\t\t<div class=\"elementor-post__text\">\n\t\t\t\t<h3 class=\"elementor-post__title\">\n\t\t\t<a href=\"https:\/\/blog.k10mobility.com\/it\/cosa-vedere-a-capdepera-maiorca-nel-2024\/\" >\n\t\t\t\tCosa vedere a Capdepera (Maiorca) nel 2024\t\t\t<\/a>\n\t\t<\/h3>\n\t\t\n\t\t<a class=\"elementor-post__read-more\" href=\"https:\/\/blog.k10mobility.com\/it\/cosa-vedere-a-capdepera-maiorca-nel-2024\/\" aria-label=\"Leggi tutto Cosa vedere a Capdepera (Maiorca) nel 2024\" tabindex=\"-1\" >\n\t\t\tContinua a leggere \"\t\t<\/a>\n\n\t\t\t\t<\/div>\n\t\t\t\t<div class=\"elementor-post__meta-data\">\n\t\t\t\t\t<span class=\"elementor-post-date\">\n\t\t\t14 Maggio 2024\t\t<\/span>\n\t\t\t\t<span class=\"elementor-post-avatar\">\n\t\t\tNessun commento\t\t<\/span>\n\t\t\t\t<\/div>\n\t\t\t\t\t<\/div>\n\t\t<\/article>\n\t\t\t\t<\/div>\n\t\t\n\t\t\t\t\t\t<\/div>\n\t\t\t\t<\/div>\n\t\t\t\t<\/div>\n\t\t\t\t<\/div>\n\t\t","protected":false},"excerpt":{"rendered":"","protected":false},"author":2,"featured_media":13781,"comment_status":"closed","ping_status":"closed","sticky":false,"template":"","format":"standard","meta":{"footnotes":""},"categories":[234],"tags":[],"class_list":["post-13778","post","type-post","status-publish","format-standard","has-post-thumbnail","hentry","category-mallorca"],"yoast_head":"<!-- This site is optimized with the Yoast SEO plugin v27.4 - https:\/\/yoast.com\/product\/yoast-seo-wordpress\/ -->\n<title>Cosa fare a Maiorca in 3 giorni (Guida completa)<\/title>\n<meta name=\"description\" content=\"Scopri Cosa fare a Maiorca in 3 giorni: l&#039;essenziale \u261d storia, spiagge, gastronomia. Tutto quello che ti serve per un weekend perfetto.\" \/>\n<meta name=\"robots\" content=\"index, follow, max-snippet:-1, max-image-preview:large, max-video-preview:-1\" \/>\n<link rel=\"canonical\" href=\"https:\/\/blog.k10mobility.com\/it\/cosa-vedere-a-maiorca-in-3-giorni-itinerario-completo-e-consigli-pratici\/\" \/>\n<meta property=\"og:locale\" content=\"it_IT\" \/>\n<meta property=\"og:type\" content=\"article\" \/>\n<meta property=\"og:title\" content=\"Cosa fare a Maiorca in 3 giorni (Guida completa)\" \/>\n<meta property=\"og:description\" content=\"Scopri Cosa fare a Maiorca in 3 giorni: l&#039;essenziale \u261d storia, spiagge, gastronomia. Tutto quello che ti serve per un weekend perfetto.\" \/>\n<meta property=\"og:url\" content=\"https:\/\/blog.k10mobility.com\/it\/cosa-vedere-a-maiorca-in-3-giorni-itinerario-completo-e-consigli-pratici\/\" \/>\n<meta property=\"og:site_name\" content=\"K10 Mobility\" \/>\n<meta property=\"article:publisher\" content=\"https:\/\/www.facebook.com\/k10mobility\/\" \/>\n<meta property=\"article:published_time\" content=\"2025-01-29T10:47:00+00:00\" \/>\n<meta property=\"article:modified_time\" content=\"2026-01-22T11:38:26+00:00\" \/>\n<meta property=\"og:image\" content=\"https:\/\/blog.k10mobility.com\/wp-content\/uploads\/2023\/01\/que-ver-mallorca-3-dias.jpg\" \/>\n\t<meta property=\"og:image:width\" content=\"1000\" \/>\n\t<meta property=\"og:image:height\" content=\"562\" \/>\n\t<meta property=\"og:image:type\" content=\"image\/jpeg\" \/>\n<meta name=\"author\" content=\"Luis Ram\u00eds\" \/>\n<meta name=\"twitter:card\" content=\"summary_large_image\" \/>\n<meta name=\"twitter:label1\" content=\"Scritto da\" \/>\n\t<meta name=\"twitter:data1\" content=\"Luis Ram\u00eds\" \/>\n\t<meta name=\"twitter:label2\" content=\"Tempo di lettura stimato\" \/>\n\t<meta name=\"twitter:data2\" content=\"4 minuti\" \/>\n<script type=\"application\/ld+json\" class=\"yoast-schema-graph\">{\"@context\":\"https:\\\/\\\/schema.org\",\"@graph\":[{\"@type\":\"Article\",\"@id\":\"https:\\\/\\\/blog.k10mobility.com\\\/it\\\/cosa-vedere-a-maiorca-in-3-giorni-itinerario-completo-e-consigli-pratici\\\/#article\",\"isPartOf\":{\"@id\":\"https:\\\/\\\/blog.k10mobility.com\\\/it\\\/cosa-vedere-a-maiorca-in-3-giorni-itinerario-completo-e-consigli-pratici\\\/\"},\"author\":{\"name\":\"Luis Ram\u00eds\",\"@id\":\"https:\\\/\\\/blog.k10mobility.com\\\/it\\\/#\\\/schema\\\/person\\\/5f18469c790b92d83fdd98422e621da8\"},\"headline\":\"Cosa vedere a Maiorca in 3 giorni: itinerario completo e consigli pratici\",\"datePublished\":\"2025-01-29T10:47:00+00:00\",\"dateModified\":\"2026-01-22T11:38:26+00:00\",\"mainEntityOfPage\":{\"@id\":\"https:\\\/\\\/blog.k10mobility.com\\\/it\\\/cosa-vedere-a-maiorca-in-3-giorni-itinerario-completo-e-consigli-pratici\\\/\"},\"wordCount\":901,\"publisher\":{\"@id\":\"https:\\\/\\\/blog.k10mobility.com\\\/it\\\/#organization\"},\"image\":{\"@id\":\"https:\\\/\\\/blog.k10mobility.com\\\/it\\\/cosa-vedere-a-maiorca-in-3-giorni-itinerario-completo-e-consigli-pratici\\\/#primaryimage\"},\"thumbnailUrl\":\"https:\\\/\\\/blog.k10mobility.com\\\/wp-content\\\/uploads\\\/2023\\\/01\\\/que-ver-mallorca-3-dias.jpg\",\"articleSection\":[\"Mallorca\"],\"inLanguage\":\"it-IT\"},{\"@type\":\"WebPage\",\"@id\":\"https:\\\/\\\/blog.k10mobility.com\\\/it\\\/cosa-vedere-a-maiorca-in-3-giorni-itinerario-completo-e-consigli-pratici\\\/\",\"url\":\"https:\\\/\\\/blog.k10mobility.com\\\/it\\\/cosa-vedere-a-maiorca-in-3-giorni-itinerario-completo-e-consigli-pratici\\\/\",\"name\":\"Cosa fare a Maiorca in 3 giorni (Guida completa)\",\"isPartOf\":{\"@id\":\"https:\\\/\\\/blog.k10mobility.com\\\/it\\\/#website\"},\"primaryImageOfPage\":{\"@id\":\"https:\\\/\\\/blog.k10mobility.com\\\/it\\\/cosa-vedere-a-maiorca-in-3-giorni-itinerario-completo-e-consigli-pratici\\\/#primaryimage\"},\"image\":{\"@id\":\"https:\\\/\\\/blog.k10mobility.com\\\/it\\\/cosa-vedere-a-maiorca-in-3-giorni-itinerario-completo-e-consigli-pratici\\\/#primaryimage\"},\"thumbnailUrl\":\"https:\\\/\\\/blog.k10mobility.com\\\/wp-content\\\/uploads\\\/2023\\\/01\\\/que-ver-mallorca-3-dias.jpg\",\"datePublished\":\"2025-01-29T10:47:00+00:00\",\"dateModified\":\"2026-01-22T11:38:26+00:00\",\"description\":\"Scopri Cosa fare a Maiorca in 3 giorni: l'essenziale \u261d storia, spiagge, gastronomia. Tutto quello che ti serve per un weekend perfetto.\",\"breadcrumb\":{\"@id\":\"https:\\\/\\\/blog.k10mobility.com\\\/it\\\/cosa-vedere-a-maiorca-in-3-giorni-itinerario-completo-e-consigli-pratici\\\/#breadcrumb\"},\"inLanguage\":\"it-IT\",\"potentialAction\":[{\"@type\":\"ReadAction\",\"target\":[\"https:\\\/\\\/blog.k10mobility.com\\\/it\\\/cosa-vedere-a-maiorca-in-3-giorni-itinerario-completo-e-consigli-pratici\\\/\"]}]},{\"@type\":\"ImageObject\",\"inLanguage\":\"it-IT\",\"@id\":\"https:\\\/\\\/blog.k10mobility.com\\\/it\\\/cosa-vedere-a-maiorca-in-3-giorni-itinerario-completo-e-consigli-pratici\\\/#primaryimage\",\"url\":\"https:\\\/\\\/blog.k10mobility.com\\\/wp-content\\\/uploads\\\/2023\\\/01\\\/que-ver-mallorca-3-dias.jpg\",\"contentUrl\":\"https:\\\/\\\/blog.k10mobility.com\\\/wp-content\\\/uploads\\\/2023\\\/01\\\/que-ver-mallorca-3-dias.jpg\",\"width\":1000,\"height\":562,\"caption\":\"Cosa fare a Maiorca in tre giorni\"},{\"@type\":\"BreadcrumbList\",\"@id\":\"https:\\\/\\\/blog.k10mobility.com\\\/it\\\/cosa-vedere-a-maiorca-in-3-giorni-itinerario-completo-e-consigli-pratici\\\/#breadcrumb\",\"itemListElement\":[{\"@type\":\"ListItem\",\"position\":1,\"name\":\"K10 Mobility\",\"item\":\"https:\\\/\\\/blog.k10mobility.com\\\/it\\\/\"},{\"@type\":\"ListItem\",\"position\":2,\"name\":\"Cosa vedere a Maiorca in 3 giorni: itinerario completo e consigli pratici\"}]},{\"@type\":\"WebSite\",\"@id\":\"https:\\\/\\\/blog.k10mobility.com\\\/it\\\/#website\",\"url\":\"https:\\\/\\\/blog.k10mobility.com\\\/it\\\/\",\"name\":\"K10 Mobility\",\"description\":\"Rent a car en Ibiza y Mallorca\",\"publisher\":{\"@id\":\"https:\\\/\\\/blog.k10mobility.com\\\/it\\\/#organization\"},\"alternateName\":\"K10 Rent a car\",\"potentialAction\":[{\"@type\":\"SearchAction\",\"target\":{\"@type\":\"EntryPoint\",\"urlTemplate\":\"https:\\\/\\\/blog.k10mobility.com\\\/it\\\/?s={search_term_string}\"},\"query-input\":{\"@type\":\"PropertyValueSpecification\",\"valueRequired\":true,\"valueName\":\"search_term_string\"}}],\"inLanguage\":\"it-IT\"},{\"@type\":\"Organization\",\"@id\":\"https:\\\/\\\/blog.k10mobility.com\\\/it\\\/#organization\",\"name\":\"K10 Mobility\",\"alternateName\":\"K10 Mobility rent a car en Ibiza y Mallorca\",\"url\":\"https:\\\/\\\/blog.k10mobility.com\\\/it\\\/\",\"logo\":{\"@type\":\"ImageObject\",\"inLanguage\":\"it-IT\",\"@id\":\"https:\\\/\\\/blog.k10mobility.com\\\/it\\\/#\\\/schema\\\/logo\\\/image\\\/\",\"url\":\"https:\\\/\\\/blog.k10mobility.com\\\/wp-content\\\/uploads\\\/2025\\\/11\\\/cropped-Logo-K10-color-apaisado.png\",\"contentUrl\":\"https:\\\/\\\/blog.k10mobility.com\\\/wp-content\\\/uploads\\\/2025\\\/11\\\/cropped-Logo-K10-color-apaisado.png\",\"width\":665,\"height\":105,\"caption\":\"K10 Mobility\"},\"image\":{\"@id\":\"https:\\\/\\\/blog.k10mobility.com\\\/it\\\/#\\\/schema\\\/logo\\\/image\\\/\"},\"sameAs\":[\"https:\\\/\\\/www.facebook.com\\\/k10mobility\\\/\",\"https:\\\/\\\/www.instagram.com\\\/k10mobility\\\/\"]},{\"@type\":\"Person\",\"@id\":\"https:\\\/\\\/blog.k10mobility.com\\\/it\\\/#\\\/schema\\\/person\\\/5f18469c790b92d83fdd98422e621da8\",\"name\":\"Luis Ram\u00eds\",\"image\":{\"@type\":\"ImageObject\",\"inLanguage\":\"it-IT\",\"@id\":\"https:\\\/\\\/secure.gravatar.com\\\/avatar\\\/30162c41d6f584ef954ac19546d34176104f5a2b363cc65fe6c8b9dc6c1ed9ac?s=96&d=mm&r=g\",\"url\":\"https:\\\/\\\/secure.gravatar.com\\\/avatar\\\/30162c41d6f584ef954ac19546d34176104f5a2b363cc65fe6c8b9dc6c1ed9ac?s=96&d=mm&r=g\",\"contentUrl\":\"https:\\\/\\\/secure.gravatar.com\\\/avatar\\\/30162c41d6f584ef954ac19546d34176104f5a2b363cc65fe6c8b9dc6c1ed9ac?s=96&d=mm&r=g\",\"caption\":\"Luis Ram\u00eds\"},\"url\":\"https:\\\/\\\/blog.k10mobility.com\\\/it\\\/author\\\/luisr4m1s_k10\\\/\"}]}<\/script>\n<!-- \/ Yoast SEO plugin. -->","yoast_head_json":{"title":"Cosa fare a Maiorca in 3 giorni (Guida completa)","description":"Scopri Cosa fare a Maiorca in 3 giorni: l'essenziale \u261d storia, spiagge, gastronomia. Tutto quello che ti serve per un weekend perfetto.","robots":{"index":"index","follow":"follow","max-snippet":"max-snippet:-1","max-image-preview":"max-image-preview:large","max-video-preview":"max-video-preview:-1"},"canonical":"https:\/\/blog.k10mobility.com\/it\/cosa-vedere-a-maiorca-in-3-giorni-itinerario-completo-e-consigli-pratici\/","og_locale":"it_IT","og_type":"article","og_title":"Cosa fare a Maiorca in 3 giorni (Guida completa)","og_description":"Scopri Cosa fare a Maiorca in 3 giorni: l'essenziale \u261d storia, spiagge, gastronomia. Tutto quello che ti serve per un weekend perfetto.","og_url":"https:\/\/blog.k10mobility.com\/it\/cosa-vedere-a-maiorca-in-3-giorni-itinerario-completo-e-consigli-pratici\/","og_site_name":"K10 Mobility","article_publisher":"https:\/\/www.facebook.com\/k10mobility\/","article_published_time":"2025-01-29T10:47:00+00:00","article_modified_time":"2026-01-22T11:38:26+00:00","og_image":[{"width":1000,"height":562,"url":"https:\/\/blog.k10mobility.com\/wp-content\/uploads\/2023\/01\/que-ver-mallorca-3-dias.jpg","type":"image\/jpeg"}],"author":"Luis Ram\u00eds","twitter_card":"summary_large_image","twitter_misc":{"Scritto da":"Luis Ram\u00eds","Tempo di lettura stimato":"4 minuti"},"schema":{"@context":"https:\/\/schema.org","@graph":[{"@type":"Article","@id":"https:\/\/blog.k10mobility.com\/it\/cosa-vedere-a-maiorca-in-3-giorni-itinerario-completo-e-consigli-pratici\/#article","isPartOf":{"@id":"https:\/\/blog.k10mobility.com\/it\/cosa-vedere-a-maiorca-in-3-giorni-itinerario-completo-e-consigli-pratici\/"},"author":{"name":"Luis Ram\u00eds","@id":"https:\/\/blog.k10mobility.com\/it\/#\/schema\/person\/5f18469c790b92d83fdd98422e621da8"},"headline":"Cosa vedere a Maiorca in 3 giorni: itinerario completo e consigli pratici","datePublished":"2025-01-29T10:47:00+00:00","dateModified":"2026-01-22T11:38:26+00:00","mainEntityOfPage":{"@id":"https:\/\/blog.k10mobility.com\/it\/cosa-vedere-a-maiorca-in-3-giorni-itinerario-completo-e-consigli-pratici\/"},"wordCount":901,"publisher":{"@id":"https:\/\/blog.k10mobility.com\/it\/#organization"},"image":{"@id":"https:\/\/blog.k10mobility.com\/it\/cosa-vedere-a-maiorca-in-3-giorni-itinerario-completo-e-consigli-pratici\/#primaryimage"},"thumbnailUrl":"https:\/\/blog.k10mobility.com\/wp-content\/uploads\/2023\/01\/que-ver-mallorca-3-dias.jpg","articleSection":["Mallorca"],"inLanguage":"it-IT"},{"@type":"WebPage","@id":"https:\/\/blog.k10mobility.com\/it\/cosa-vedere-a-maiorca-in-3-giorni-itinerario-completo-e-consigli-pratici\/","url":"https:\/\/blog.k10mobility.com\/it\/cosa-vedere-a-maiorca-in-3-giorni-itinerario-completo-e-consigli-pratici\/","name":"Cosa fare a Maiorca in 3 giorni (Guida completa)","isPartOf":{"@id":"https:\/\/blog.k10mobility.com\/it\/#website"},"primaryImageOfPage":{"@id":"https:\/\/blog.k10mobility.com\/it\/cosa-vedere-a-maiorca-in-3-giorni-itinerario-completo-e-consigli-pratici\/#primaryimage"},"image":{"@id":"https:\/\/blog.k10mobility.com\/it\/cosa-vedere-a-maiorca-in-3-giorni-itinerario-completo-e-consigli-pratici\/#primaryimage"},"thumbnailUrl":"https:\/\/blog.k10mobility.com\/wp-content\/uploads\/2023\/01\/que-ver-mallorca-3-dias.jpg","datePublished":"2025-01-29T10:47:00+00:00","dateModified":"2026-01-22T11:38:26+00:00","description":"Scopri Cosa fare a Maiorca in 3 giorni: l'essenziale \u261d storia, spiagge, gastronomia. Tutto quello che ti serve per un weekend perfetto.","breadcrumb":{"@id":"https:\/\/blog.k10mobility.com\/it\/cosa-vedere-a-maiorca-in-3-giorni-itinerario-completo-e-consigli-pratici\/#breadcrumb"},"inLanguage":"it-IT","potentialAction":[{"@type":"ReadAction","target":["https:\/\/blog.k10mobility.com\/it\/cosa-vedere-a-maiorca-in-3-giorni-itinerario-completo-e-consigli-pratici\/"]}]},{"@type":"ImageObject","inLanguage":"it-IT","@id":"https:\/\/blog.k10mobility.com\/it\/cosa-vedere-a-maiorca-in-3-giorni-itinerario-completo-e-consigli-pratici\/#primaryimage","url":"https:\/\/blog.k10mobility.com\/wp-content\/uploads\/2023\/01\/que-ver-mallorca-3-dias.jpg","contentUrl":"https:\/\/blog.k10mobility.com\/wp-content\/uploads\/2023\/01\/que-ver-mallorca-3-dias.jpg","width":1000,"height":562,"caption":"Cosa fare a Maiorca in tre giorni"},{"@type":"BreadcrumbList","@id":"https:\/\/blog.k10mobility.com\/it\/cosa-vedere-a-maiorca-in-3-giorni-itinerario-completo-e-consigli-pratici\/#breadcrumb","itemListElement":[{"@type":"ListItem","position":1,"name":"K10 Mobility","item":"https:\/\/blog.k10mobility.com\/it\/"},{"@type":"ListItem","position":2,"name":"Cosa vedere a Maiorca in 3 giorni: itinerario completo e consigli pratici"}]},{"@type":"WebSite","@id":"https:\/\/blog.k10mobility.com\/it\/#website","url":"https:\/\/blog.k10mobility.com\/it\/","name":"K10 Mobility","description":"Rent a car en Ibiza y Mallorca","publisher":{"@id":"https:\/\/blog.k10mobility.com\/it\/#organization"},"alternateName":"K10 Rent a car","potentialAction":[{"@type":"SearchAction","target":{"@type":"EntryPoint","urlTemplate":"https:\/\/blog.k10mobility.com\/it\/?s={search_term_string}"},"query-input":{"@type":"PropertyValueSpecification","valueRequired":true,"valueName":"search_term_string"}}],"inLanguage":"it-IT"},{"@type":"Organization","@id":"https:\/\/blog.k10mobility.com\/it\/#organization","name":"K10 Mobility","alternateName":"K10 Mobility rent a car en Ibiza y Mallorca","url":"https:\/\/blog.k10mobility.com\/it\/","logo":{"@type":"ImageObject","inLanguage":"it-IT","@id":"https:\/\/blog.k10mobility.com\/it\/#\/schema\/logo\/image\/","url":"https:\/\/blog.k10mobility.com\/wp-content\/uploads\/2025\/11\/cropped-Logo-K10-color-apaisado.png","contentUrl":"https:\/\/blog.k10mobility.com\/wp-content\/uploads\/2025\/11\/cropped-Logo-K10-color-apaisado.png","width":665,"height":105,"caption":"K10 Mobility"},"image":{"@id":"https:\/\/blog.k10mobility.com\/it\/#\/schema\/logo\/image\/"},"sameAs":["https:\/\/www.facebook.com\/k10mobility\/","https:\/\/www.instagram.com\/k10mobility\/"]},{"@type":"Person","@id":"https:\/\/blog.k10mobility.com\/it\/#\/schema\/person\/5f18469c790b92d83fdd98422e621da8","name":"Luis Ram\u00eds","image":{"@type":"ImageObject","inLanguage":"it-IT","@id":"https:\/\/secure.gravatar.com\/avatar\/30162c41d6f584ef954ac19546d34176104f5a2b363cc65fe6c8b9dc6c1ed9ac?s=96&d=mm&r=g","url":"https:\/\/secure.gravatar.com\/avatar\/30162c41d6f584ef954ac19546d34176104f5a2b363cc65fe6c8b9dc6c1ed9ac?s=96&d=mm&r=g","contentUrl":"https:\/\/secure.gravatar.com\/avatar\/30162c41d6f584ef954ac19546d34176104f5a2b363cc65fe6c8b9dc6c1ed9ac?s=96&d=mm&r=g","caption":"Luis Ram\u00eds"},"url":"https:\/\/blog.k10mobility.com\/it\/author\/luisr4m1s_k10\/"}]}},"_links":{"self":[{"href":"https:\/\/blog.k10mobility.com\/it\/wp-json\/wp\/v2\/posts\/13778","targetHints":{"allow":["GET"]}}],"collection":[{"href":"https:\/\/blog.k10mobility.com\/it\/wp-json\/wp\/v2\/posts"}],"about":[{"href":"https:\/\/blog.k10mobility.com\/it\/wp-json\/wp\/v2\/types\/post"}],"author":[{"embeddable":true,"href":"https:\/\/blog.k10mobility.com\/it\/wp-json\/wp\/v2\/users\/2"}],"replies":[{"embeddable":true,"href":"https:\/\/blog.k10mobility.com\/it\/wp-json\/wp\/v2\/comments?post=13778"}],"version-history":[{"count":13,"href":"https:\/\/blog.k10mobility.com\/it\/wp-json\/wp\/v2\/posts\/13778\/revisions"}],"predecessor-version":[{"id":13943,"href":"https:\/\/blog.k10mobility.com\/it\/wp-json\/wp\/v2\/posts\/13778\/revisions\/13943"}],"wp:featuredmedia":[{"embeddable":true,"href":"https:\/\/blog.k10mobility.com\/it\/wp-json\/wp\/v2\/media\/13781"}],"wp:attachment":[{"href":"https:\/\/blog.k10mobility.com\/it\/wp-json\/wp\/v2\/media?parent=13778"}],"wp:term":[{"taxonomy":"category","embeddable":true,"href":"https:\/\/blog.k10mobility.com\/it\/wp-json\/wp\/v2\/categories?post=13778"},{"taxonomy":"post_tag","embeddable":true,"href":"https:\/\/blog.k10mobility.com\/it\/wp-json\/wp\/v2\/tags?post=13778"}],"curies":[{"name":"wp","href":"https:\/\/api.w.org\/{rel}","templated":true}]}}