{"id":13877,"date":"2025-07-06T12:20:52","date_gmt":"2025-07-06T12:20:52","guid":{"rendered":"https:\/\/blog.k10mobility.com\/cosa-vedere-a-ibiza-tra-3-giorni\/"},"modified":"2026-01-22T11:38:04","modified_gmt":"2026-01-22T11:38:04","slug":"cosa-vedere-a-ibiza-tra-3-giorni","status":"publish","type":"post","link":"https:\/\/blog.k10mobility.com\/it\/cosa-vedere-a-ibiza-tra-3-giorni\/","title":{"rendered":"Cosa vedere a Ibiza in 3 giorni"},"content":{"rendered":"<p><span style=\"font-weight: 400;\">Pensavi che Ibiza fosse solo festa? <\/span><b>Preparati a scoprire un&#8217;isola ricca di storia, calette nascoste, villaggi incantevoli e tramonti indimenticabili.<\/b><span style=\"font-weight: 400;\">. <\/span> <\/p>\n<p><span style=\"font-weight: 400;\">Se stai pianificando una breve vacanza, continua a leggere perch\u00e9 ti diremo esattamente cosa vedere a Ibiza in 3 giorni, con itinerari pensati per sfruttare al meglio il tuo tempo. E s\u00ec, ti diremo anche cosa fare se vieni in inverno. <\/span><\/p>\n<h2 id=\"von-toc-1\"><b>Giorno 1: Dalt Vila, calette e tramonto<\/b><\/h2>\n<p><span style=\"font-weight: 400;\">Inizia il tuo viaggio a <\/span><b>Dalt Vila<\/b><span style=\"font-weight: 400;\">il centro storico di Ibiza, dichiarato Patrimonio dell&#8217;Umanit\u00e0. Passeggia per le sue strade acciottolate, visita la cattedrale e goditi la vista dalle mura.<\/span><\/p>\n<p><span style=\"font-weight: 400;\">In seguito, noleggia un&#8217;auto con K10 all&#8217;aeroporto di Ibiza e dirigiti a <\/span><b>Cala Comte<\/b><span style=\"font-weight: 400;\"> o <\/span><b>Cala Bassa<\/b><span style=\"font-weight: 400;\">. Entrambe offrono acque cristalline e sono perfette per rilassarsi per qualche ora.<\/span><\/p>\n<p><span style=\"font-weight: 400;\">Termina la giornata ammirando il tramonto da <\/span><b>San Antonio<\/b><span style=\"font-weight: 400;\">soprattutto dal leggendario Caf\u00e9 del Mar.<\/span><\/p>\n<h2 id=\"von-toc-2\"><b>Giorno 2: Nord dell&#8217;isola e mercati<\/b><\/h2>\n<p><span style=\"font-weight: 400;\">Trascorri questa giornata esplorando il nord pi\u00f9 autentico di Ibiza. Visita <\/span><b>Santa Gertrudis<\/b><span style=\"font-weight: 400;\">un villaggio boh\u00e9mien con negozi e caff\u00e8 incantevoli. Poi recati a <\/span><b>Benirr\u00e0s<\/b><span style=\"font-weight: 400;\">una baia nota per i suoi tamburi al tramonto (se \u00e8 domenica).<\/span><\/p>\n<p><span style=\"font-weight: 400;\">Se \u00e8 sabato, non perderti il mercato delle pulci di <\/span><b>mercato delle pulci di Las Dalias<\/b><span style=\"font-weight: 400;\">un&#8217;esperienza ricca di colori e di artigianato locale.<\/span><\/p>\n<h2 id=\"von-toc-3\"><b>Giorno 3: Formentera o Es Vedr\u00e0<\/b><\/h2>\n<p><span style=\"font-weight: 400;\">Per l&#8217;ultimo giorno hai due opzioni: prendere un traghetto per <\/span><b>Formentera<\/b><span style=\"font-weight: 400;\"> (dal porto di Ibiza) e trascorrere la giornata sulle sue spiagge paradisiache, oppure rimanere a Ibiza e prendere un itinerario verso sud-ovest per visitare <\/span><b>Es Vedr\u00e0<\/b><span style=\"font-weight: 400;\">un misterioso isolotto con una vista spettacolare dalla Torre des Savinar.<\/span><\/p>\n<p><span style=\"font-weight: 400;\">E se hai del tempo a disposizione, visita <\/span><b>Sa Caleta<\/b><span style=\"font-weight: 400;\"> e il suo antico insediamento fenicio o fai una nuotata a <\/span><b>Cala d&#8217;Hort<\/b><span style=\"font-weight: 400;\">.<\/span><\/p>\n<h2 id=\"von-toc-4\"><b>Cosa vedere a Ibiza in inverno in 3 giorni<\/b><\/h2>\n<p><span style=\"font-weight: 400;\">Il grande vantaggio dell&#8217;inverno a Ibiza \u00e8 la tranquillit\u00e0. Non ci sono folle, i prezzi sono pi\u00f9 bassi e il clima \u00e8 mite. <\/span><\/p>\n<ul>\n<li style=\"font-weight: 400;\" aria-level=\"1\"><b>Giorno 1<\/b><span style=\"font-weight: 400;\">Passeggia per Dalt Vila e goditi la sua atmosfera tranquilla. I bastioni illuminati di notte hanno un fascino particolare.<\/span><\/li>\n<li style=\"font-weight: 400;\" aria-level=\"1\"><b>Giorno 2<\/b><span style=\"font-weight: 400;\">Percorri un itinerario in auto attraverso i villaggi dell&#8217;entroterra come <\/span><b>San Juan<\/b><span style=\"font-weight: 400;\"> o <\/span><b>San Carlos<\/b><span style=\"font-weight: 400;\">. Cogli l&#8217;occasione per fermarti nei ristoranti locali.<\/span><\/li>\n<li style=\"font-weight: 400;\" aria-level=\"1\"><b>Giorno 3<\/b><span style=\"font-weight: 400;\">: Passeggiata lungo i sentieri costieri, come quello che va da <\/span><b>Cala Llonga a Sol d&#8217;en Serra<\/b><span style=\"font-weight: 400;\">e visita musei come quello di arte contemporanea di Ibiza.<\/span><\/li>\n<\/ul>\n<p><b>Stai pensando di muoverti liberamente sull&#8217;isola?<\/b><span style=\"font-weight: 400;\"> Con K10 puoi noleggiare la tua auto direttamente all&#8217;aeroporto di Ibiza, senza intermediari, e iniziare subito la tua avventura. Scopri le nostre opzioni di veicoli<\/span><a href=\"https:\/\/k10rentacar.com\/\"> <span style=\"font-weight: 400;\">qui<\/span><\/a><span style=\"font-weight: 400;\">.<\/span><\/p>\n<h2 id=\"von-toc-5\"><b>Le domande pi\u00f9 frequenti quando si viaggia a Ibiza per 3 giorni:<\/b><\/h2>\n<p><b>Cosa non dovresti perdere?<\/b><\/p>\n<ul>\n<li style=\"font-weight: 400;\" aria-level=\"1\"><span style=\"font-weight: 400;\">Sali su Dalt Vila e osserva l&#8217;isola dall&#8217;alto.<\/span><\/li>\n<li style=\"font-weight: 400;\" aria-level=\"1\"><span style=\"font-weight: 400;\">Goditi il tramonto a Cala Comte o Es Vedr\u00e0.<\/span><\/li>\n<li style=\"font-weight: 400;\" aria-level=\"1\"><span style=\"font-weight: 400;\">Mangia un bullit de peix in un ristorante locale.<\/span><\/li>\n<li style=\"font-weight: 400;\" aria-level=\"1\"><span style=\"font-weight: 400;\">Passeggia per i mercati di strada come Las Dalias o Punta Arab\u00ed.<\/span><\/li>\n<\/ul>\n<p><span style=\"font-weight: 400;\">Ibiza \u00e8 molto pi\u00f9 che semplici feste. In soli tre giorni potrai conoscere la sua anima autentica, assaporare la sua gastronomia e rilassarti su alcune delle migliori spiagge del Mediterraneo.   <\/span><\/p>\n<p><b>Che sia estate o inverno, noleggiare un&#8217;auto con K10 Mobility ti permetter\u00e0 di scoprirla al tuo ritmo, senza fretta e senza perderti nulla.<\/b><\/p>\n","protected":false},"excerpt":{"rendered":"<p>Pensavi che Ibiza fosse solo festa? Preparati a scoprire un&#8217;isola ricca di storia, calette nascoste, villaggi incantevoli e tramonti indimenticabili.. Se stai pianificando una breve vacanza, continua a leggere perch\u00e9 ti diremo esattamente cosa vedere a Ibiza in 3 giorni, con itinerari pensati per sfruttare al meglio il tuo tempo. E s\u00ec, ti diremo anche &#8230; <a title=\"Cosa vedere a Ibiza in 3 giorni\" class=\"read-more\" href=\"https:\/\/blog.k10mobility.com\/it\/cosa-vedere-a-ibiza-tra-3-giorni\/\" aria-label=\"Per saperne di pi\u00f9 su Cosa vedere a Ibiza in 3 giorni\">Leggi tutto<\/a><\/p>\n","protected":false},"author":2,"featured_media":12654,"comment_status":"open","ping_status":"closed","sticky":false,"template":"","format":"standard","meta":{"footnotes":""},"categories":[226],"tags":[],"class_list":["post-13877","post","type-post","status-publish","format-standard","has-post-thumbnail","hentry","category-ibiza"],"yoast_head":"<!-- This site is optimized with the Yoast SEO plugin v27.4 - https:\/\/yoast.com\/product\/yoast-seo-wordpress\/ -->\n<title>Cosa vedere a Ibiza in 3 giorni | K10 Mobilit\u00e0 a Ibiza<\/title>\n<meta name=\"description\" content=\"Scopri cosa vedere a Ibiza in 3 giorni, che tu venga in estate o in inverno. Il nostro team locale ti suggerisce i migliori programmi.\" \/>\n<meta name=\"robots\" content=\"index, follow, max-snippet:-1, max-image-preview:large, max-video-preview:-1\" \/>\n<link rel=\"canonical\" href=\"https:\/\/blog.k10mobility.com\/it\/cosa-vedere-a-ibiza-tra-3-giorni\/\" \/>\n<meta property=\"og:locale\" content=\"it_IT\" \/>\n<meta property=\"og:type\" content=\"article\" \/>\n<meta property=\"og:title\" content=\"Cosa vedere a Ibiza in 3 giorni | K10 Mobilit\u00e0 a Ibiza\" \/>\n<meta property=\"og:description\" content=\"Scopri cosa vedere a Ibiza in 3 giorni, che tu venga in estate o in inverno. Il nostro team locale ti suggerisce i migliori programmi.\" \/>\n<meta property=\"og:url\" content=\"https:\/\/blog.k10mobility.com\/it\/cosa-vedere-a-ibiza-tra-3-giorni\/\" \/>\n<meta property=\"og:site_name\" content=\"K10 Mobility\" \/>\n<meta property=\"article:publisher\" content=\"https:\/\/www.facebook.com\/k10mobility\/\" \/>\n<meta property=\"article:published_time\" content=\"2025-07-06T12:20:52+00:00\" \/>\n<meta property=\"article:modified_time\" content=\"2026-01-22T11:38:04+00:00\" \/>\n<meta property=\"og:image\" content=\"https:\/\/blog.k10mobility.com\/wp-content\/uploads\/2025\/08\/que-ver-en-ibiza-3-dias.webp\" \/>\n\t<meta property=\"og:image:width\" content=\"800\" \/>\n\t<meta property=\"og:image:height\" content=\"600\" \/>\n\t<meta property=\"og:image:type\" content=\"image\/webp\" \/>\n<meta name=\"author\" content=\"Luis Ram\u00eds\" \/>\n<meta name=\"twitter:card\" content=\"summary_large_image\" \/>\n<meta name=\"twitter:label1\" content=\"Scritto da\" \/>\n\t<meta name=\"twitter:data1\" content=\"Luis Ram\u00eds\" \/>\n\t<meta name=\"twitter:label2\" content=\"Tempo di lettura stimato\" \/>\n\t<meta name=\"twitter:data2\" content=\"3 minuti\" \/>\n<script type=\"application\/ld+json\" class=\"yoast-schema-graph\">{\"@context\":\"https:\\\/\\\/schema.org\",\"@graph\":[{\"@type\":\"Article\",\"@id\":\"https:\\\/\\\/blog.k10mobility.com\\\/it\\\/cosa-vedere-a-ibiza-tra-3-giorni\\\/#article\",\"isPartOf\":{\"@id\":\"https:\\\/\\\/blog.k10mobility.com\\\/it\\\/cosa-vedere-a-ibiza-tra-3-giorni\\\/\"},\"author\":{\"name\":\"Luis Ram\u00eds\",\"@id\":\"https:\\\/\\\/blog.k10mobility.com\\\/it\\\/#\\\/schema\\\/person\\\/5f18469c790b92d83fdd98422e621da8\"},\"headline\":\"Cosa vedere a Ibiza in 3 giorni\",\"datePublished\":\"2025-07-06T12:20:52+00:00\",\"dateModified\":\"2026-01-22T11:38:04+00:00\",\"mainEntityOfPage\":{\"@id\":\"https:\\\/\\\/blog.k10mobility.com\\\/it\\\/cosa-vedere-a-ibiza-tra-3-giorni\\\/\"},\"wordCount\":541,\"commentCount\":0,\"publisher\":{\"@id\":\"https:\\\/\\\/blog.k10mobility.com\\\/it\\\/#organization\"},\"image\":{\"@id\":\"https:\\\/\\\/blog.k10mobility.com\\\/it\\\/cosa-vedere-a-ibiza-tra-3-giorni\\\/#primaryimage\"},\"thumbnailUrl\":\"https:\\\/\\\/blog.k10mobility.com\\\/wp-content\\\/uploads\\\/2025\\\/08\\\/que-ver-en-ibiza-3-dias.webp\",\"articleSection\":[\"Ibiza\"],\"inLanguage\":\"it-IT\",\"potentialAction\":[{\"@type\":\"CommentAction\",\"name\":\"Comment\",\"target\":[\"https:\\\/\\\/blog.k10mobility.com\\\/it\\\/cosa-vedere-a-ibiza-tra-3-giorni\\\/#respond\"]}]},{\"@type\":\"WebPage\",\"@id\":\"https:\\\/\\\/blog.k10mobility.com\\\/it\\\/cosa-vedere-a-ibiza-tra-3-giorni\\\/\",\"url\":\"https:\\\/\\\/blog.k10mobility.com\\\/it\\\/cosa-vedere-a-ibiza-tra-3-giorni\\\/\",\"name\":\"Cosa vedere a Ibiza in 3 giorni | K10 Mobilit\u00e0 a Ibiza\",\"isPartOf\":{\"@id\":\"https:\\\/\\\/blog.k10mobility.com\\\/it\\\/#website\"},\"primaryImageOfPage\":{\"@id\":\"https:\\\/\\\/blog.k10mobility.com\\\/it\\\/cosa-vedere-a-ibiza-tra-3-giorni\\\/#primaryimage\"},\"image\":{\"@id\":\"https:\\\/\\\/blog.k10mobility.com\\\/it\\\/cosa-vedere-a-ibiza-tra-3-giorni\\\/#primaryimage\"},\"thumbnailUrl\":\"https:\\\/\\\/blog.k10mobility.com\\\/wp-content\\\/uploads\\\/2025\\\/08\\\/que-ver-en-ibiza-3-dias.webp\",\"datePublished\":\"2025-07-06T12:20:52+00:00\",\"dateModified\":\"2026-01-22T11:38:04+00:00\",\"description\":\"Scopri cosa vedere a Ibiza in 3 giorni, che tu venga in estate o in inverno. Il nostro team locale ti suggerisce i migliori programmi.\",\"breadcrumb\":{\"@id\":\"https:\\\/\\\/blog.k10mobility.com\\\/it\\\/cosa-vedere-a-ibiza-tra-3-giorni\\\/#breadcrumb\"},\"inLanguage\":\"it-IT\",\"potentialAction\":[{\"@type\":\"ReadAction\",\"target\":[\"https:\\\/\\\/blog.k10mobility.com\\\/it\\\/cosa-vedere-a-ibiza-tra-3-giorni\\\/\"]}]},{\"@type\":\"ImageObject\",\"inLanguage\":\"it-IT\",\"@id\":\"https:\\\/\\\/blog.k10mobility.com\\\/it\\\/cosa-vedere-a-ibiza-tra-3-giorni\\\/#primaryimage\",\"url\":\"https:\\\/\\\/blog.k10mobility.com\\\/wp-content\\\/uploads\\\/2025\\\/08\\\/que-ver-en-ibiza-3-dias.webp\",\"contentUrl\":\"https:\\\/\\\/blog.k10mobility.com\\\/wp-content\\\/uploads\\\/2025\\\/08\\\/que-ver-en-ibiza-3-dias.webp\",\"width\":800,\"height\":600,\"caption\":\"Cosa vedere a Ibiza in 3 giorni\"},{\"@type\":\"BreadcrumbList\",\"@id\":\"https:\\\/\\\/blog.k10mobility.com\\\/it\\\/cosa-vedere-a-ibiza-tra-3-giorni\\\/#breadcrumb\",\"itemListElement\":[{\"@type\":\"ListItem\",\"position\":1,\"name\":\"K10 Mobility\",\"item\":\"https:\\\/\\\/blog.k10mobility.com\\\/it\\\/\"},{\"@type\":\"ListItem\",\"position\":2,\"name\":\"Cosa vedere a Ibiza in 3 giorni\"}]},{\"@type\":\"WebSite\",\"@id\":\"https:\\\/\\\/blog.k10mobility.com\\\/it\\\/#website\",\"url\":\"https:\\\/\\\/blog.k10mobility.com\\\/it\\\/\",\"name\":\"K10 Mobility\",\"description\":\"Rent a car en Ibiza y Mallorca\",\"publisher\":{\"@id\":\"https:\\\/\\\/blog.k10mobility.com\\\/it\\\/#organization\"},\"alternateName\":\"K10 Rent a car\",\"potentialAction\":[{\"@type\":\"SearchAction\",\"target\":{\"@type\":\"EntryPoint\",\"urlTemplate\":\"https:\\\/\\\/blog.k10mobility.com\\\/it\\\/?s={search_term_string}\"},\"query-input\":{\"@type\":\"PropertyValueSpecification\",\"valueRequired\":true,\"valueName\":\"search_term_string\"}}],\"inLanguage\":\"it-IT\"},{\"@type\":\"Organization\",\"@id\":\"https:\\\/\\\/blog.k10mobility.com\\\/it\\\/#organization\",\"name\":\"K10 Mobility\",\"alternateName\":\"K10 Mobility rent a car en Ibiza y Mallorca\",\"url\":\"https:\\\/\\\/blog.k10mobility.com\\\/it\\\/\",\"logo\":{\"@type\":\"ImageObject\",\"inLanguage\":\"it-IT\",\"@id\":\"https:\\\/\\\/blog.k10mobility.com\\\/it\\\/#\\\/schema\\\/logo\\\/image\\\/\",\"url\":\"https:\\\/\\\/blog.k10mobility.com\\\/wp-content\\\/uploads\\\/2025\\\/11\\\/cropped-Logo-K10-color-apaisado.png\",\"contentUrl\":\"https:\\\/\\\/blog.k10mobility.com\\\/wp-content\\\/uploads\\\/2025\\\/11\\\/cropped-Logo-K10-color-apaisado.png\",\"width\":665,\"height\":105,\"caption\":\"K10 Mobility\"},\"image\":{\"@id\":\"https:\\\/\\\/blog.k10mobility.com\\\/it\\\/#\\\/schema\\\/logo\\\/image\\\/\"},\"sameAs\":[\"https:\\\/\\\/www.facebook.com\\\/k10mobility\\\/\",\"https:\\\/\\\/www.instagram.com\\\/k10mobility\\\/\"]},{\"@type\":\"Person\",\"@id\":\"https:\\\/\\\/blog.k10mobility.com\\\/it\\\/#\\\/schema\\\/person\\\/5f18469c790b92d83fdd98422e621da8\",\"name\":\"Luis Ram\u00eds\",\"image\":{\"@type\":\"ImageObject\",\"inLanguage\":\"it-IT\",\"@id\":\"https:\\\/\\\/secure.gravatar.com\\\/avatar\\\/30162c41d6f584ef954ac19546d34176104f5a2b363cc65fe6c8b9dc6c1ed9ac?s=96&d=mm&r=g\",\"url\":\"https:\\\/\\\/secure.gravatar.com\\\/avatar\\\/30162c41d6f584ef954ac19546d34176104f5a2b363cc65fe6c8b9dc6c1ed9ac?s=96&d=mm&r=g\",\"contentUrl\":\"https:\\\/\\\/secure.gravatar.com\\\/avatar\\\/30162c41d6f584ef954ac19546d34176104f5a2b363cc65fe6c8b9dc6c1ed9ac?s=96&d=mm&r=g\",\"caption\":\"Luis Ram\u00eds\"},\"url\":\"https:\\\/\\\/blog.k10mobility.com\\\/it\\\/author\\\/luisr4m1s_k10\\\/\"}]}<\/script>\n<!-- \/ Yoast SEO plugin. -->","yoast_head_json":{"title":"Cosa vedere a Ibiza in 3 giorni | K10 Mobilit\u00e0 a Ibiza","description":"Scopri cosa vedere a Ibiza in 3 giorni, che tu venga in estate o in inverno. Il nostro team locale ti suggerisce i migliori programmi.","robots":{"index":"index","follow":"follow","max-snippet":"max-snippet:-1","max-image-preview":"max-image-preview:large","max-video-preview":"max-video-preview:-1"},"canonical":"https:\/\/blog.k10mobility.com\/it\/cosa-vedere-a-ibiza-tra-3-giorni\/","og_locale":"it_IT","og_type":"article","og_title":"Cosa vedere a Ibiza in 3 giorni | K10 Mobilit\u00e0 a Ibiza","og_description":"Scopri cosa vedere a Ibiza in 3 giorni, che tu venga in estate o in inverno. Il nostro team locale ti suggerisce i migliori programmi.","og_url":"https:\/\/blog.k10mobility.com\/it\/cosa-vedere-a-ibiza-tra-3-giorni\/","og_site_name":"K10 Mobility","article_publisher":"https:\/\/www.facebook.com\/k10mobility\/","article_published_time":"2025-07-06T12:20:52+00:00","article_modified_time":"2026-01-22T11:38:04+00:00","og_image":[{"width":800,"height":600,"url":"https:\/\/blog.k10mobility.com\/wp-content\/uploads\/2025\/08\/que-ver-en-ibiza-3-dias.webp","type":"image\/webp"}],"author":"Luis Ram\u00eds","twitter_card":"summary_large_image","twitter_misc":{"Scritto da":"Luis Ram\u00eds","Tempo di lettura stimato":"3 minuti"},"schema":{"@context":"https:\/\/schema.org","@graph":[{"@type":"Article","@id":"https:\/\/blog.k10mobility.com\/it\/cosa-vedere-a-ibiza-tra-3-giorni\/#article","isPartOf":{"@id":"https:\/\/blog.k10mobility.com\/it\/cosa-vedere-a-ibiza-tra-3-giorni\/"},"author":{"name":"Luis Ram\u00eds","@id":"https:\/\/blog.k10mobility.com\/it\/#\/schema\/person\/5f18469c790b92d83fdd98422e621da8"},"headline":"Cosa vedere a Ibiza in 3 giorni","datePublished":"2025-07-06T12:20:52+00:00","dateModified":"2026-01-22T11:38:04+00:00","mainEntityOfPage":{"@id":"https:\/\/blog.k10mobility.com\/it\/cosa-vedere-a-ibiza-tra-3-giorni\/"},"wordCount":541,"commentCount":0,"publisher":{"@id":"https:\/\/blog.k10mobility.com\/it\/#organization"},"image":{"@id":"https:\/\/blog.k10mobility.com\/it\/cosa-vedere-a-ibiza-tra-3-giorni\/#primaryimage"},"thumbnailUrl":"https:\/\/blog.k10mobility.com\/wp-content\/uploads\/2025\/08\/que-ver-en-ibiza-3-dias.webp","articleSection":["Ibiza"],"inLanguage":"it-IT","potentialAction":[{"@type":"CommentAction","name":"Comment","target":["https:\/\/blog.k10mobility.com\/it\/cosa-vedere-a-ibiza-tra-3-giorni\/#respond"]}]},{"@type":"WebPage","@id":"https:\/\/blog.k10mobility.com\/it\/cosa-vedere-a-ibiza-tra-3-giorni\/","url":"https:\/\/blog.k10mobility.com\/it\/cosa-vedere-a-ibiza-tra-3-giorni\/","name":"Cosa vedere a Ibiza in 3 giorni | K10 Mobilit\u00e0 a Ibiza","isPartOf":{"@id":"https:\/\/blog.k10mobility.com\/it\/#website"},"primaryImageOfPage":{"@id":"https:\/\/blog.k10mobility.com\/it\/cosa-vedere-a-ibiza-tra-3-giorni\/#primaryimage"},"image":{"@id":"https:\/\/blog.k10mobility.com\/it\/cosa-vedere-a-ibiza-tra-3-giorni\/#primaryimage"},"thumbnailUrl":"https:\/\/blog.k10mobility.com\/wp-content\/uploads\/2025\/08\/que-ver-en-ibiza-3-dias.webp","datePublished":"2025-07-06T12:20:52+00:00","dateModified":"2026-01-22T11:38:04+00:00","description":"Scopri cosa vedere a Ibiza in 3 giorni, che tu venga in estate o in inverno. Il nostro team locale ti suggerisce i migliori programmi.","breadcrumb":{"@id":"https:\/\/blog.k10mobility.com\/it\/cosa-vedere-a-ibiza-tra-3-giorni\/#breadcrumb"},"inLanguage":"it-IT","potentialAction":[{"@type":"ReadAction","target":["https:\/\/blog.k10mobility.com\/it\/cosa-vedere-a-ibiza-tra-3-giorni\/"]}]},{"@type":"ImageObject","inLanguage":"it-IT","@id":"https:\/\/blog.k10mobility.com\/it\/cosa-vedere-a-ibiza-tra-3-giorni\/#primaryimage","url":"https:\/\/blog.k10mobility.com\/wp-content\/uploads\/2025\/08\/que-ver-en-ibiza-3-dias.webp","contentUrl":"https:\/\/blog.k10mobility.com\/wp-content\/uploads\/2025\/08\/que-ver-en-ibiza-3-dias.webp","width":800,"height":600,"caption":"Cosa vedere a Ibiza in 3 giorni"},{"@type":"BreadcrumbList","@id":"https:\/\/blog.k10mobility.com\/it\/cosa-vedere-a-ibiza-tra-3-giorni\/#breadcrumb","itemListElement":[{"@type":"ListItem","position":1,"name":"K10 Mobility","item":"https:\/\/blog.k10mobility.com\/it\/"},{"@type":"ListItem","position":2,"name":"Cosa vedere a Ibiza in 3 giorni"}]},{"@type":"WebSite","@id":"https:\/\/blog.k10mobility.com\/it\/#website","url":"https:\/\/blog.k10mobility.com\/it\/","name":"K10 Mobility","description":"Rent a car en Ibiza y Mallorca","publisher":{"@id":"https:\/\/blog.k10mobility.com\/it\/#organization"},"alternateName":"K10 Rent a car","potentialAction":[{"@type":"SearchAction","target":{"@type":"EntryPoint","urlTemplate":"https:\/\/blog.k10mobility.com\/it\/?s={search_term_string}"},"query-input":{"@type":"PropertyValueSpecification","valueRequired":true,"valueName":"search_term_string"}}],"inLanguage":"it-IT"},{"@type":"Organization","@id":"https:\/\/blog.k10mobility.com\/it\/#organization","name":"K10 Mobility","alternateName":"K10 Mobility rent a car en Ibiza y Mallorca","url":"https:\/\/blog.k10mobility.com\/it\/","logo":{"@type":"ImageObject","inLanguage":"it-IT","@id":"https:\/\/blog.k10mobility.com\/it\/#\/schema\/logo\/image\/","url":"https:\/\/blog.k10mobility.com\/wp-content\/uploads\/2025\/11\/cropped-Logo-K10-color-apaisado.png","contentUrl":"https:\/\/blog.k10mobility.com\/wp-content\/uploads\/2025\/11\/cropped-Logo-K10-color-apaisado.png","width":665,"height":105,"caption":"K10 Mobility"},"image":{"@id":"https:\/\/blog.k10mobility.com\/it\/#\/schema\/logo\/image\/"},"sameAs":["https:\/\/www.facebook.com\/k10mobility\/","https:\/\/www.instagram.com\/k10mobility\/"]},{"@type":"Person","@id":"https:\/\/blog.k10mobility.com\/it\/#\/schema\/person\/5f18469c790b92d83fdd98422e621da8","name":"Luis Ram\u00eds","image":{"@type":"ImageObject","inLanguage":"it-IT","@id":"https:\/\/secure.gravatar.com\/avatar\/30162c41d6f584ef954ac19546d34176104f5a2b363cc65fe6c8b9dc6c1ed9ac?s=96&d=mm&r=g","url":"https:\/\/secure.gravatar.com\/avatar\/30162c41d6f584ef954ac19546d34176104f5a2b363cc65fe6c8b9dc6c1ed9ac?s=96&d=mm&r=g","contentUrl":"https:\/\/secure.gravatar.com\/avatar\/30162c41d6f584ef954ac19546d34176104f5a2b363cc65fe6c8b9dc6c1ed9ac?s=96&d=mm&r=g","caption":"Luis Ram\u00eds"},"url":"https:\/\/blog.k10mobility.com\/it\/author\/luisr4m1s_k10\/"}]}},"_links":{"self":[{"href":"https:\/\/blog.k10mobility.com\/it\/wp-json\/wp\/v2\/posts\/13877","targetHints":{"allow":["GET"]}}],"collection":[{"href":"https:\/\/blog.k10mobility.com\/it\/wp-json\/wp\/v2\/posts"}],"about":[{"href":"https:\/\/blog.k10mobility.com\/it\/wp-json\/wp\/v2\/types\/post"}],"author":[{"embeddable":true,"href":"https:\/\/blog.k10mobility.com\/it\/wp-json\/wp\/v2\/users\/2"}],"replies":[{"embeddable":true,"href":"https:\/\/blog.k10mobility.com\/it\/wp-json\/wp\/v2\/comments?post=13877"}],"version-history":[{"count":2,"href":"https:\/\/blog.k10mobility.com\/it\/wp-json\/wp\/v2\/posts\/13877\/revisions"}],"predecessor-version":[{"id":13915,"href":"https:\/\/blog.k10mobility.com\/it\/wp-json\/wp\/v2\/posts\/13877\/revisions\/13915"}],"wp:featuredmedia":[{"embeddable":true,"href":"https:\/\/blog.k10mobility.com\/it\/wp-json\/wp\/v2\/media\/12654"}],"wp:attachment":[{"href":"https:\/\/blog.k10mobility.com\/it\/wp-json\/wp\/v2\/media?parent=13877"}],"wp:term":[{"taxonomy":"category","embeddable":true,"href":"https:\/\/blog.k10mobility.com\/it\/wp-json\/wp\/v2\/categories?post=13877"},{"taxonomy":"post_tag","embeddable":true,"href":"https:\/\/blog.k10mobility.com\/it\/wp-json\/wp\/v2\/tags?post=13877"}],"curies":[{"name":"wp","href":"https:\/\/api.w.org\/{rel}","templated":true}]}}