{"id":11039,"date":"2025-01-17T10:12:57","date_gmt":"2025-01-17T10:12:57","guid":{"rendered":"https:\/\/blog.k10mobility.com\/?p=11039"},"modified":"2025-08-06T12:41:12","modified_gmt":"2025-08-06T12:41:12","slug":"mejores-zonas-de-mallorca-para-vivir","status":"publish","type":"post","link":"https:\/\/blog.k10mobility.com\/mejores-zonas-de-mallorca-para-vivir\/","title":{"rendered":"Mejores zonas de Mallorca para vivir"},"content":{"rendered":"<p><b>\u00bfTe imaginas despertar cada d\u00eda con vistas al mar o en un entorno rodeado de naturaleza?<\/b><\/p>\n<p><span style=\"font-weight: 400;\">Si est\u00e1s pensando en mudarte a Mallorca, seguramente te preguntas <\/span><b>cu\u00e1l es la mejor zona de Mallorca para vivir<\/b><span style=\"font-weight: 400;\">. La isla ofrece opciones para todos los estilos de vida, desde ciudades vibrantes hasta tranquilos pueblos costeros. Descubre las <\/span><b>mejores zonas de Mallorca<\/b><span style=\"font-weight: 400;\"> seg\u00fan tus necesidades.<\/span><\/p>\n<h2 id=\"von-toc-1\"><b>\u00bfCu\u00e1l es la mejor zona de Mallorca para vivir?<\/b><\/h2>\n<p><span style=\"font-weight: 400;\">Mallorca es una isla diversa, con zonas ideales tanto para familias, j\u00f3venes profesionales o jubilados que buscan tranquilidad. Estas son algunas de las <\/span><b>mejores zonas de Mallorca<\/b><span style=\"font-weight: 400;\"> seg\u00fan diferentes preferencias:<\/span><\/p>\n<p><b>Palma de Mallorca: vida urbana con encanto<\/b><\/p>\n<p><span style=\"font-weight: 400;\">Si buscas una ciudad con todos los servicios, <\/span><b>Palma de Mallorca<\/b><span style=\"font-weight: 400;\"> es una excelente opci\u00f3n. Es la capital de la isla y ofrece una combinaci\u00f3n de historia, cultura y modernidad.<\/span><\/p>\n<ul>\n<li style=\"font-weight: 400;\" aria-level=\"1\"><span style=\"font-weight: 400;\">Ideal para quienes buscan una vida activa con restaurantes, comercios y playas cercanas.<\/span><\/li>\n<li style=\"font-weight: 400;\" aria-level=\"1\"><span style=\"font-weight: 400;\">Destacan barrios como <\/span><b>Santa Catalina<\/b><span style=\"font-weight: 400;\">, con su aire bohemio, y <\/span><b>Son Vida<\/b><span style=\"font-weight: 400;\">, para quienes buscan exclusividad.<\/span><\/li>\n<li style=\"font-weight: 400;\" aria-level=\"1\"><span style=\"font-weight: 400;\">Si te interesa la movilidad, puedes consultar opciones de <\/span><b>Alquiler de coches de larga duraci\u00f3n en Ibiza<\/b><span style=\"font-weight: 400;\"> y Mallorca.<\/span><\/li>\n<\/ul>\n<p><b>Alc\u00fadia: tranquilidad y belleza natural<\/b><\/p>\n<p><span style=\"font-weight: 400;\">Ubicada al norte de la isla, Alc\u00fadia es ideal para quienes buscan un entorno m\u00e1s relajado, con hermosas playas y un casco antiguo encantador.<\/span><\/p>\n<ul>\n<li style=\"font-weight: 400;\" aria-level=\"1\"><span style=\"font-weight: 400;\">Considerada <\/span><b>la mejor zona de Mallorca para familias<\/b><span style=\"font-weight: 400;\">, ya que cuenta con colegios y zonas seguras.<\/span><\/li>\n<li style=\"font-weight: 400;\" aria-level=\"1\"><span style=\"font-weight: 400;\">Perfecta para amantes de la naturaleza, con parques naturales y senderos cercanos.<\/span><\/li>\n<\/ul>\n<p><b>Port d\u2019Andratx: lujo y exclusividad<\/b><\/p>\n<p><span style=\"font-weight: 400;\">Si buscas una zona de alto nivel con vistas espectaculares, Port d\u2019Andratx es una de las m\u00e1s exclusivas de la isla.<\/span><\/p>\n<ul>\n<li style=\"font-weight: 400;\" aria-level=\"1\"><span style=\"font-weight: 400;\">Lugar ideal para quienes desean vivir rodeados de mar y disfrutar de un estilo de vida premium.<\/span><\/li>\n<li style=\"font-weight: 400;\" aria-level=\"1\"><span style=\"font-weight: 400;\">Popular entre celebridades y empresarios.<\/span><\/li>\n<\/ul>\n<h2 id=\"von-toc-2\"><b>La mejor zona para vivir en Palma de Mallorca<\/b><\/h2>\n<p><span style=\"font-weight: 400;\">Si prefieres establecerte en la capital, estas son algunas opciones dentro de Palma:<\/span><\/p>\n<ul>\n<li style=\"font-weight: 400;\" aria-level=\"1\"><b>Santa Catalina<\/b><span style=\"font-weight: 400;\">: Ambiente bohemio con restaurantes y bares de moda.<\/span><\/li>\n<li style=\"font-weight: 400;\" aria-level=\"1\"><b>Paseo Mar\u00edtimo<\/b><span style=\"font-weight: 400;\">: Ideal para quienes buscan vistas al mar y acceso a puertos deportivos.<\/span><\/li>\n<li style=\"font-weight: 400;\" aria-level=\"1\"><b>Son Vida<\/b><span style=\"font-weight: 400;\">: Urbanizaci\u00f3n de lujo con campos de golf y privacidad.<\/span><\/li>\n<\/ul>\n<h2 id=\"von-toc-3\"><b>\u00bfCu\u00e1l es la mejor zona de Mallorca para familias?<\/b><\/h2>\n<p><span style=\"font-weight: 400;\">Si buscas un lugar seguro y con buenos servicios para los ni\u00f1os, estas son algunas opciones recomendadas:<\/span><\/p>\n<ul>\n<li style=\"font-weight: 400;\" aria-level=\"1\"><b>Alc\u00fadia y Pollensa<\/b><span style=\"font-weight: 400;\">: Ambientes familiares con playas seguras y colegios internacionales.<\/span><\/li>\n<li style=\"font-weight: 400;\" aria-level=\"1\"><b>Santa Ponsa<\/b><span style=\"font-weight: 400;\">: Cuenta con urbanizaciones residenciales y parques para ni\u00f1os.<\/span><\/li>\n<li style=\"font-weight: 400;\" aria-level=\"1\"><b>Marratx\u00ed<\/b><span style=\"font-weight: 400;\">: Cercana a Palma, con opciones de colegios y viviendas m\u00e1s asequibles.<\/span><\/li>\n<\/ul>\n<p><span style=\"font-weight: 400;\">Mallorca ofrece una gran variedad de zonas para vivir seg\u00fan tu estilo de vida. <\/span><b>Desde la vibrante Palma hasta los tranquilos pueblos del norte<\/b><span style=\"font-weight: 400;\">, cada lugar tiene su encanto.\u00a0<\/span><\/p>\n<p><span style=\"font-weight: 400;\">Si adem\u00e1s te gusta explorar, puedes descubrir las <\/span><a href=\"\/blog\/top-10-calas-mallorca\/\"><b>mejores calas de Mallorca<\/b><\/a><span style=\"font-weight: 400;\"> o planificar un viaje con nuestra gu\u00eda de\u00a0<\/span><a href=\"\/blog\/que-ver-en-mallorca-en-3-dias\/\"><b>Qu\u00e9 hacer en Ibiza en 3 d\u00edas<\/b><\/a><span style=\"font-weight: 400;\">.<\/span><\/p>\n<p><span style=\"font-weight: 400;\">\u00bfListo para encontrar tu hogar en la isla?<\/span><\/p>\n","protected":false},"excerpt":{"rendered":"<p>\u00bfTe imaginas despertar cada d\u00eda con vistas al mar o en un entorno rodeado de naturaleza? Si est\u00e1s pensando en mudarte a Mallorca, seguramente te preguntas cu\u00e1l es la mejor zona de Mallorca para vivir. La isla ofrece opciones para todos los estilos de vida, desde ciudades vibrantes hasta tranquilos pueblos costeros. Descubre las mejores &#8230; <a title=\"Mejores zonas de Mallorca para vivir\" class=\"read-more\" href=\"https:\/\/blog.k10mobility.com\/mejores-zonas-de-mallorca-para-vivir\/\" aria-label=\"Leer m\u00e1s sobre Mejores zonas de Mallorca para vivir\">Leer m\u00e1s<\/a><\/p>\n","protected":false},"author":2,"featured_media":11040,"comment_status":"closed","ping_status":"closed","sticky":false,"template":"","format":"standard","meta":{"footnotes":""},"categories":[119],"tags":[186],"class_list":["post-11039","post","type-post","status-publish","format-standard","has-post-thumbnail","hentry","category-mallorca-es","tag-vivir-en-mallorca"],"yoast_head":"<!-- This site is optimized with the Yoast SEO plugin v27.4 - https:\/\/yoast.com\/product\/yoast-seo-wordpress\/ -->\n<title>Mejores zonas de Mallorca para vivir - K10 Mobility<\/title>\n<meta name=\"description\" content=\"\u00bfBuscando d\u00f3nde vivir en Mallorca? Descubre las Mejores zonas de Mallorca para vivir con los consejos de la gente de aqu\u00ed ;).\" \/>\n<meta name=\"robots\" content=\"index, follow, max-snippet:-1, max-image-preview:large, max-video-preview:-1\" \/>\n<link rel=\"canonical\" href=\"https:\/\/blog.k10mobility.com\/mejores-zonas-de-mallorca-para-vivir\/\" \/>\n<meta property=\"og:locale\" content=\"es_ES\" \/>\n<meta property=\"og:type\" content=\"article\" \/>\n<meta property=\"og:title\" content=\"Mejores zonas de Mallorca para vivir - K10 Mobility\" \/>\n<meta property=\"og:description\" content=\"\u00bfBuscando d\u00f3nde vivir en Mallorca? Descubre las Mejores zonas de Mallorca para vivir con los consejos de la gente de aqu\u00ed ;).\" \/>\n<meta property=\"og:url\" content=\"https:\/\/blog.k10mobility.com\/mejores-zonas-de-mallorca-para-vivir\/\" \/>\n<meta property=\"og:site_name\" content=\"K10 Mobility\" \/>\n<meta property=\"article:publisher\" content=\"https:\/\/www.facebook.com\/k10mobility\/\" \/>\n<meta property=\"article:published_time\" content=\"2025-01-17T10:12:57+00:00\" \/>\n<meta property=\"article:modified_time\" content=\"2025-08-06T12:41:12+00:00\" \/>\n<meta property=\"og:image\" content=\"https:\/\/blog.k10mobility.com\/wp-content\/uploads\/2025\/04\/zonas-vivir-mallorca-e1752132423781.jpg\" \/>\n\t<meta property=\"og:image:width\" content=\"700\" \/>\n\t<meta property=\"og:image:height\" content=\"442\" \/>\n\t<meta property=\"og:image:type\" content=\"image\/jpeg\" \/>\n<meta name=\"author\" content=\"Luis Ram\u00eds\" \/>\n<meta name=\"twitter:card\" content=\"summary_large_image\" \/>\n<meta name=\"twitter:label1\" content=\"Escrito por\" \/>\n\t<meta name=\"twitter:data1\" content=\"Luis Ram\u00eds\" \/>\n\t<meta name=\"twitter:label2\" content=\"Tiempo de lectura\" \/>\n\t<meta name=\"twitter:data2\" content=\"3 minutos\" \/>\n<script type=\"application\/ld+json\" class=\"yoast-schema-graph\">{\"@context\":\"https:\\\/\\\/schema.org\",\"@graph\":[{\"@type\":\"Article\",\"@id\":\"https:\\\/\\\/blog.k10mobility.com\\\/mejores-zonas-de-mallorca-para-vivir\\\/#article\",\"isPartOf\":{\"@id\":\"https:\\\/\\\/blog.k10mobility.com\\\/mejores-zonas-de-mallorca-para-vivir\\\/\"},\"author\":{\"name\":\"Luis Ram\u00eds\",\"@id\":\"https:\\\/\\\/blog.k10mobility.com\\\/#\\\/schema\\\/person\\\/5f18469c790b92d83fdd98422e621da8\"},\"headline\":\"Mejores zonas de Mallorca para vivir\",\"datePublished\":\"2025-01-17T10:12:57+00:00\",\"dateModified\":\"2025-08-06T12:41:12+00:00\",\"mainEntityOfPage\":{\"@id\":\"https:\\\/\\\/blog.k10mobility.com\\\/mejores-zonas-de-mallorca-para-vivir\\\/\"},\"wordCount\":502,\"publisher\":{\"@id\":\"https:\\\/\\\/blog.k10mobility.com\\\/#organization\"},\"image\":{\"@id\":\"https:\\\/\\\/blog.k10mobility.com\\\/mejores-zonas-de-mallorca-para-vivir\\\/#primaryimage\"},\"thumbnailUrl\":\"https:\\\/\\\/blog.k10mobility.com\\\/wp-content\\\/uploads\\\/2025\\\/04\\\/zonas-vivir-mallorca-e1752132423781.jpg\",\"keywords\":[\"Vivir en Mallorca\"],\"articleSection\":[\"Mallorca\"],\"inLanguage\":\"es\"},{\"@type\":\"WebPage\",\"@id\":\"https:\\\/\\\/blog.k10mobility.com\\\/mejores-zonas-de-mallorca-para-vivir\\\/\",\"url\":\"https:\\\/\\\/blog.k10mobility.com\\\/mejores-zonas-de-mallorca-para-vivir\\\/\",\"name\":\"Mejores zonas de Mallorca para vivir - K10 Mobility\",\"isPartOf\":{\"@id\":\"https:\\\/\\\/blog.k10mobility.com\\\/#website\"},\"primaryImageOfPage\":{\"@id\":\"https:\\\/\\\/blog.k10mobility.com\\\/mejores-zonas-de-mallorca-para-vivir\\\/#primaryimage\"},\"image\":{\"@id\":\"https:\\\/\\\/blog.k10mobility.com\\\/mejores-zonas-de-mallorca-para-vivir\\\/#primaryimage\"},\"thumbnailUrl\":\"https:\\\/\\\/blog.k10mobility.com\\\/wp-content\\\/uploads\\\/2025\\\/04\\\/zonas-vivir-mallorca-e1752132423781.jpg\",\"datePublished\":\"2025-01-17T10:12:57+00:00\",\"dateModified\":\"2025-08-06T12:41:12+00:00\",\"description\":\"\u00bfBuscando d\u00f3nde vivir en Mallorca? Descubre las Mejores zonas de Mallorca para vivir con los consejos de la gente de aqu\u00ed ;).\",\"breadcrumb\":{\"@id\":\"https:\\\/\\\/blog.k10mobility.com\\\/mejores-zonas-de-mallorca-para-vivir\\\/#breadcrumb\"},\"inLanguage\":\"es\",\"potentialAction\":[{\"@type\":\"ReadAction\",\"target\":[\"https:\\\/\\\/blog.k10mobility.com\\\/mejores-zonas-de-mallorca-para-vivir\\\/\"]}]},{\"@type\":\"ImageObject\",\"inLanguage\":\"es\",\"@id\":\"https:\\\/\\\/blog.k10mobility.com\\\/mejores-zonas-de-mallorca-para-vivir\\\/#primaryimage\",\"url\":\"https:\\\/\\\/blog.k10mobility.com\\\/wp-content\\\/uploads\\\/2025\\\/04\\\/zonas-vivir-mallorca-e1752132423781.jpg\",\"contentUrl\":\"https:\\\/\\\/blog.k10mobility.com\\\/wp-content\\\/uploads\\\/2025\\\/04\\\/zonas-vivir-mallorca-e1752132423781.jpg\",\"width\":700,\"height\":442,\"caption\":\"Mejores zonas de Mallorca para vivir\"},{\"@type\":\"BreadcrumbList\",\"@id\":\"https:\\\/\\\/blog.k10mobility.com\\\/mejores-zonas-de-mallorca-para-vivir\\\/#breadcrumb\",\"itemListElement\":[{\"@type\":\"ListItem\",\"position\":1,\"name\":\"K10 Mobility\",\"item\":\"https:\\\/\\\/blog.k10mobility.com\\\/\"},{\"@type\":\"ListItem\",\"position\":2,\"name\":\"Mejores zonas de Mallorca para vivir\"}]},{\"@type\":\"WebSite\",\"@id\":\"https:\\\/\\\/blog.k10mobility.com\\\/#website\",\"url\":\"https:\\\/\\\/blog.k10mobility.com\\\/\",\"name\":\"K10 Mobility\",\"description\":\"Rent a car en Ibiza y Mallorca\",\"publisher\":{\"@id\":\"https:\\\/\\\/blog.k10mobility.com\\\/#organization\"},\"alternateName\":\"K10 Rent a car\",\"potentialAction\":[{\"@type\":\"SearchAction\",\"target\":{\"@type\":\"EntryPoint\",\"urlTemplate\":\"https:\\\/\\\/blog.k10mobility.com\\\/?s={search_term_string}\"},\"query-input\":{\"@type\":\"PropertyValueSpecification\",\"valueRequired\":true,\"valueName\":\"search_term_string\"}}],\"inLanguage\":\"es\"},{\"@type\":\"Organization\",\"@id\":\"https:\\\/\\\/blog.k10mobility.com\\\/#organization\",\"name\":\"K10 Mobility\",\"alternateName\":\"K10 Mobility rent a car en Ibiza y Mallorca\",\"url\":\"https:\\\/\\\/blog.k10mobility.com\\\/\",\"logo\":{\"@type\":\"ImageObject\",\"inLanguage\":\"es\",\"@id\":\"https:\\\/\\\/blog.k10mobility.com\\\/#\\\/schema\\\/logo\\\/image\\\/\",\"url\":\"https:\\\/\\\/blog.k10mobility.com\\\/wp-content\\\/uploads\\\/2025\\\/11\\\/cropped-Logo-K10-color-apaisado.png\",\"contentUrl\":\"https:\\\/\\\/blog.k10mobility.com\\\/wp-content\\\/uploads\\\/2025\\\/11\\\/cropped-Logo-K10-color-apaisado.png\",\"width\":665,\"height\":105,\"caption\":\"K10 Mobility\"},\"image\":{\"@id\":\"https:\\\/\\\/blog.k10mobility.com\\\/#\\\/schema\\\/logo\\\/image\\\/\"},\"sameAs\":[\"https:\\\/\\\/www.facebook.com\\\/k10mobility\\\/\",\"https:\\\/\\\/www.instagram.com\\\/k10mobility\\\/\"]},{\"@type\":\"Person\",\"@id\":\"https:\\\/\\\/blog.k10mobility.com\\\/#\\\/schema\\\/person\\\/5f18469c790b92d83fdd98422e621da8\",\"name\":\"Luis Ram\u00eds\",\"image\":{\"@type\":\"ImageObject\",\"inLanguage\":\"es\",\"@id\":\"https:\\\/\\\/secure.gravatar.com\\\/avatar\\\/30162c41d6f584ef954ac19546d34176104f5a2b363cc65fe6c8b9dc6c1ed9ac?s=96&d=mm&r=g\",\"url\":\"https:\\\/\\\/secure.gravatar.com\\\/avatar\\\/30162c41d6f584ef954ac19546d34176104f5a2b363cc65fe6c8b9dc6c1ed9ac?s=96&d=mm&r=g\",\"contentUrl\":\"https:\\\/\\\/secure.gravatar.com\\\/avatar\\\/30162c41d6f584ef954ac19546d34176104f5a2b363cc65fe6c8b9dc6c1ed9ac?s=96&d=mm&r=g\",\"caption\":\"Luis Ram\u00eds\"},\"url\":\"https:\\\/\\\/blog.k10mobility.com\\\/author\\\/luisr4m1s_k10\\\/\"}]}<\/script>\n<!-- \/ Yoast SEO plugin. -->","yoast_head_json":{"title":"Mejores zonas de Mallorca para vivir - K10 Mobility","description":"\u00bfBuscando d\u00f3nde vivir en Mallorca? Descubre las Mejores zonas de Mallorca para vivir con los consejos de la gente de aqu\u00ed ;).","robots":{"index":"index","follow":"follow","max-snippet":"max-snippet:-1","max-image-preview":"max-image-preview:large","max-video-preview":"max-video-preview:-1"},"canonical":"https:\/\/blog.k10mobility.com\/mejores-zonas-de-mallorca-para-vivir\/","og_locale":"es_ES","og_type":"article","og_title":"Mejores zonas de Mallorca para vivir - K10 Mobility","og_description":"\u00bfBuscando d\u00f3nde vivir en Mallorca? Descubre las Mejores zonas de Mallorca para vivir con los consejos de la gente de aqu\u00ed ;).","og_url":"https:\/\/blog.k10mobility.com\/mejores-zonas-de-mallorca-para-vivir\/","og_site_name":"K10 Mobility","article_publisher":"https:\/\/www.facebook.com\/k10mobility\/","article_published_time":"2025-01-17T10:12:57+00:00","article_modified_time":"2025-08-06T12:41:12+00:00","og_image":[{"width":700,"height":442,"url":"https:\/\/blog.k10mobility.com\/wp-content\/uploads\/2025\/04\/zonas-vivir-mallorca-e1752132423781.jpg","type":"image\/jpeg"}],"author":"Luis Ram\u00eds","twitter_card":"summary_large_image","twitter_misc":{"Escrito por":"Luis Ram\u00eds","Tiempo de lectura":"3 minutos"},"schema":{"@context":"https:\/\/schema.org","@graph":[{"@type":"Article","@id":"https:\/\/blog.k10mobility.com\/mejores-zonas-de-mallorca-para-vivir\/#article","isPartOf":{"@id":"https:\/\/blog.k10mobility.com\/mejores-zonas-de-mallorca-para-vivir\/"},"author":{"name":"Luis Ram\u00eds","@id":"https:\/\/blog.k10mobility.com\/#\/schema\/person\/5f18469c790b92d83fdd98422e621da8"},"headline":"Mejores zonas de Mallorca para vivir","datePublished":"2025-01-17T10:12:57+00:00","dateModified":"2025-08-06T12:41:12+00:00","mainEntityOfPage":{"@id":"https:\/\/blog.k10mobility.com\/mejores-zonas-de-mallorca-para-vivir\/"},"wordCount":502,"publisher":{"@id":"https:\/\/blog.k10mobility.com\/#organization"},"image":{"@id":"https:\/\/blog.k10mobility.com\/mejores-zonas-de-mallorca-para-vivir\/#primaryimage"},"thumbnailUrl":"https:\/\/blog.k10mobility.com\/wp-content\/uploads\/2025\/04\/zonas-vivir-mallorca-e1752132423781.jpg","keywords":["Vivir en Mallorca"],"articleSection":["Mallorca"],"inLanguage":"es"},{"@type":"WebPage","@id":"https:\/\/blog.k10mobility.com\/mejores-zonas-de-mallorca-para-vivir\/","url":"https:\/\/blog.k10mobility.com\/mejores-zonas-de-mallorca-para-vivir\/","name":"Mejores zonas de Mallorca para vivir - K10 Mobility","isPartOf":{"@id":"https:\/\/blog.k10mobility.com\/#website"},"primaryImageOfPage":{"@id":"https:\/\/blog.k10mobility.com\/mejores-zonas-de-mallorca-para-vivir\/#primaryimage"},"image":{"@id":"https:\/\/blog.k10mobility.com\/mejores-zonas-de-mallorca-para-vivir\/#primaryimage"},"thumbnailUrl":"https:\/\/blog.k10mobility.com\/wp-content\/uploads\/2025\/04\/zonas-vivir-mallorca-e1752132423781.jpg","datePublished":"2025-01-17T10:12:57+00:00","dateModified":"2025-08-06T12:41:12+00:00","description":"\u00bfBuscando d\u00f3nde vivir en Mallorca? Descubre las Mejores zonas de Mallorca para vivir con los consejos de la gente de aqu\u00ed ;).","breadcrumb":{"@id":"https:\/\/blog.k10mobility.com\/mejores-zonas-de-mallorca-para-vivir\/#breadcrumb"},"inLanguage":"es","potentialAction":[{"@type":"ReadAction","target":["https:\/\/blog.k10mobility.com\/mejores-zonas-de-mallorca-para-vivir\/"]}]},{"@type":"ImageObject","inLanguage":"es","@id":"https:\/\/blog.k10mobility.com\/mejores-zonas-de-mallorca-para-vivir\/#primaryimage","url":"https:\/\/blog.k10mobility.com\/wp-content\/uploads\/2025\/04\/zonas-vivir-mallorca-e1752132423781.jpg","contentUrl":"https:\/\/blog.k10mobility.com\/wp-content\/uploads\/2025\/04\/zonas-vivir-mallorca-e1752132423781.jpg","width":700,"height":442,"caption":"Mejores zonas de Mallorca para vivir"},{"@type":"BreadcrumbList","@id":"https:\/\/blog.k10mobility.com\/mejores-zonas-de-mallorca-para-vivir\/#breadcrumb","itemListElement":[{"@type":"ListItem","position":1,"name":"K10 Mobility","item":"https:\/\/blog.k10mobility.com\/"},{"@type":"ListItem","position":2,"name":"Mejores zonas de Mallorca para vivir"}]},{"@type":"WebSite","@id":"https:\/\/blog.k10mobility.com\/#website","url":"https:\/\/blog.k10mobility.com\/","name":"K10 Mobility","description":"Rent a car en Ibiza y Mallorca","publisher":{"@id":"https:\/\/blog.k10mobility.com\/#organization"},"alternateName":"K10 Rent a car","potentialAction":[{"@type":"SearchAction","target":{"@type":"EntryPoint","urlTemplate":"https:\/\/blog.k10mobility.com\/?s={search_term_string}"},"query-input":{"@type":"PropertyValueSpecification","valueRequired":true,"valueName":"search_term_string"}}],"inLanguage":"es"},{"@type":"Organization","@id":"https:\/\/blog.k10mobility.com\/#organization","name":"K10 Mobility","alternateName":"K10 Mobility rent a car en Ibiza y Mallorca","url":"https:\/\/blog.k10mobility.com\/","logo":{"@type":"ImageObject","inLanguage":"es","@id":"https:\/\/blog.k10mobility.com\/#\/schema\/logo\/image\/","url":"https:\/\/blog.k10mobility.com\/wp-content\/uploads\/2025\/11\/cropped-Logo-K10-color-apaisado.png","contentUrl":"https:\/\/blog.k10mobility.com\/wp-content\/uploads\/2025\/11\/cropped-Logo-K10-color-apaisado.png","width":665,"height":105,"caption":"K10 Mobility"},"image":{"@id":"https:\/\/blog.k10mobility.com\/#\/schema\/logo\/image\/"},"sameAs":["https:\/\/www.facebook.com\/k10mobility\/","https:\/\/www.instagram.com\/k10mobility\/"]},{"@type":"Person","@id":"https:\/\/blog.k10mobility.com\/#\/schema\/person\/5f18469c790b92d83fdd98422e621da8","name":"Luis Ram\u00eds","image":{"@type":"ImageObject","inLanguage":"es","@id":"https:\/\/secure.gravatar.com\/avatar\/30162c41d6f584ef954ac19546d34176104f5a2b363cc65fe6c8b9dc6c1ed9ac?s=96&d=mm&r=g","url":"https:\/\/secure.gravatar.com\/avatar\/30162c41d6f584ef954ac19546d34176104f5a2b363cc65fe6c8b9dc6c1ed9ac?s=96&d=mm&r=g","contentUrl":"https:\/\/secure.gravatar.com\/avatar\/30162c41d6f584ef954ac19546d34176104f5a2b363cc65fe6c8b9dc6c1ed9ac?s=96&d=mm&r=g","caption":"Luis Ram\u00eds"},"url":"https:\/\/blog.k10mobility.com\/author\/luisr4m1s_k10\/"}]}},"_links":{"self":[{"href":"https:\/\/blog.k10mobility.com\/wp-json\/wp\/v2\/posts\/11039","targetHints":{"allow":["GET"]}}],"collection":[{"href":"https:\/\/blog.k10mobility.com\/wp-json\/wp\/v2\/posts"}],"about":[{"href":"https:\/\/blog.k10mobility.com\/wp-json\/wp\/v2\/types\/post"}],"author":[{"embeddable":true,"href":"https:\/\/blog.k10mobility.com\/wp-json\/wp\/v2\/users\/2"}],"replies":[{"embeddable":true,"href":"https:\/\/blog.k10mobility.com\/wp-json\/wp\/v2\/comments?post=11039"}],"version-history":[{"count":1,"href":"https:\/\/blog.k10mobility.com\/wp-json\/wp\/v2\/posts\/11039\/revisions"}],"predecessor-version":[{"id":11041,"href":"https:\/\/blog.k10mobility.com\/wp-json\/wp\/v2\/posts\/11039\/revisions\/11041"}],"wp:featuredmedia":[{"embeddable":true,"href":"https:\/\/blog.k10mobility.com\/wp-json\/wp\/v2\/media\/11040"}],"wp:attachment":[{"href":"https:\/\/blog.k10mobility.com\/wp-json\/wp\/v2\/media?parent=11039"}],"wp:term":[{"taxonomy":"category","embeddable":true,"href":"https:\/\/blog.k10mobility.com\/wp-json\/wp\/v2\/categories?post=11039"},{"taxonomy":"post_tag","embeddable":true,"href":"https:\/\/blog.k10mobility.com\/wp-json\/wp\/v2\/tags?post=11039"}],"curies":[{"name":"wp","href":"https:\/\/api.w.org\/{rel}","templated":true}]}}