{"id":11904,"date":"2025-07-06T12:20:52","date_gmt":"2025-07-06T12:20:52","guid":{"rendered":"https:\/\/blog.k10mobility.com\/?p=11904"},"modified":"2025-08-06T12:41:04","modified_gmt":"2025-08-06T12:41:04","slug":"que-ver-en-ibiza-en-3-dias","status":"publish","type":"post","link":"https:\/\/blog.k10mobility.com\/que-ver-en-ibiza-en-3-dias\/","title":{"rendered":"Qu\u00e9 ver en Ibiza en 3 d\u00edas"},"content":{"rendered":"<p><span style=\"font-weight: 400;\">\u00bfCre\u00edas que Ibiza era solo fiesta? <\/span><b>Prep\u00e1rate para descubrir una isla llena de historia, calas escondidas, pueblos con encanto y puestas de sol inolvidables<\/b><span style=\"font-weight: 400;\">.\u00a0<\/span><\/p>\n<p><span style=\"font-weight: 400;\">Si est\u00e1s planeando una escapada corta, sigue leyendo porque te vamos a contar exactamente qu\u00e9 ver en Ibiza en 3 d\u00edas, con rutas pensadas para aprovechar al m\u00e1ximo tu tiempo. Y s\u00ed, tambi\u00e9n te contaremos qu\u00e9 hacer si vienes en invierno.<\/span><\/p>\n<h2 id=\"von-toc-1\"><b>D\u00eda 1: Dalt Vila, calas y atardecer<\/b><\/h2>\n<p><span style=\"font-weight: 400;\">Empieza tu viaje en <\/span><b>Dalt Vila<\/b><span style=\"font-weight: 400;\">, el casco antiguo de Ibiza, declarado Patrimonio de la Humanidad. Pasea por sus callejuelas empedradas, visita la catedral y disfruta de las vistas desde las murallas.<\/span><\/p>\n<p><span style=\"font-weight: 400;\">Despu\u00e9s, alquila un coche con K10 en el Aeropuerto de Ibiza y dir\u00edgete a <\/span><b>Cala Comte<\/b><span style=\"font-weight: 400;\"> o <\/span><b>Cala Bassa<\/b><span style=\"font-weight: 400;\">. Ambas ofrecen aguas cristalinas y son perfectas para relajarte unas horas.<\/span><\/p>\n<p><span style=\"font-weight: 400;\">Termina el d\u00eda viendo el atardecer desde <\/span><b>San Antonio<\/b><span style=\"font-weight: 400;\">, especialmente desde el m\u00edtico Caf\u00e9 del Mar.<\/span><\/p>\n<h2 id=\"von-toc-2\"><b>D\u00eda 2: Norte de la isla y mercadillos<\/b><\/h2>\n<p><span style=\"font-weight: 400;\">Dedica este d\u00eda a explorar el norte m\u00e1s aut\u00e9ntico de Ibiza. Visita <\/span><b>Santa Gertrudis<\/b><span style=\"font-weight: 400;\">, un pueblo bohemio con tiendas y cafeter\u00edas con encanto. Luego ac\u00e9rcate a <\/span><b>Benirr\u00e0s<\/b><span style=\"font-weight: 400;\">, una cala conocida por sus tambores al atardecer (si es domingo).<\/span><\/p>\n<p><span style=\"font-weight: 400;\">Si es s\u00e1bado, no te pierdas el <\/span><b>mercadillo de Las Dalias<\/b><span style=\"font-weight: 400;\">, una experiencia llena de color y artesan\u00eda local.<\/span><\/p>\n<h2 id=\"von-toc-3\"><b>D\u00eda 3: Formentera o Es Vedr\u00e0<\/b><\/h2>\n<p><span style=\"font-weight: 400;\">Para el \u00faltimo d\u00eda tienes dos opciones: coger un ferry a <\/span><b>Formentera<\/b><span style=\"font-weight: 400;\"> (desde el Puerto de Ibiza) y pasar el d\u00eda en sus playas paradis\u00edacas, o quedarte en Ibiza y hacer una ruta por el suroeste para ver <\/span><b>Es Vedr\u00e0<\/b><span style=\"font-weight: 400;\">, un islote misterioso con vistas espectaculares desde la Torre des Savinar.<\/span><\/p>\n<p><span style=\"font-weight: 400;\">Y si te sobra tiempo, visita <\/span><b>Sa Caleta<\/b><span style=\"font-weight: 400;\"> y su antiguo asentamiento fenicio o date un ba\u00f1o en <\/span><b>Cala d\u2019Hort<\/b><span style=\"font-weight: 400;\">.<\/span><\/p>\n<h2 id=\"von-toc-4\"><b>Qu\u00e9 ver en Ibiza en invierno en 3 d\u00edas<\/b><\/h2>\n<p><span style=\"font-weight: 400;\">La gran ventaja del invierno en Ibiza es la tranquilidad. No hay aglomeraciones, los precios son m\u00e1s bajos y el clima es templado.<\/span><\/p>\n<ul>\n<li style=\"font-weight: 400;\" aria-level=\"1\"><b>D\u00eda 1<\/b><span style=\"font-weight: 400;\">: Pasea por Dalt Vila y disfruta de su ambiente pausado. Las murallas iluminadas por la noche tienen un encanto especial.<\/span><\/li>\n<li style=\"font-weight: 400;\" aria-level=\"1\"><b>D\u00eda 2<\/b><span style=\"font-weight: 400;\">: Haz una ruta en coche por los pueblos del interior como <\/span><b>San Juan<\/b><span style=\"font-weight: 400;\"> o <\/span><b>San Carlos<\/b><span style=\"font-weight: 400;\">. Aprovecha para parar en restaurantes locales.<\/span><\/li>\n<li style=\"font-weight: 400;\" aria-level=\"1\"><b>D\u00eda 3<\/b><span style=\"font-weight: 400;\">: Recorre senderos costeros, como el que va desde <\/span><b>Cala Llonga hasta Sol d\u2019en Serra<\/b><span style=\"font-weight: 400;\">, y visita museos como el de arte contempor\u00e1neo de Ibiza.<\/span><\/li>\n<\/ul>\n<p><b>\u00bfPensando en moverte libremente por la isla?<\/b><span style=\"font-weight: 400;\"> Con K10 puedes alquilar tu coche directamente en el aeropuerto de Ibiza, sin intermediarios, y empezar tu aventura al instante. Mira nuestras opciones de veh\u00edculos<\/span><a href=\"https:\/\/k10rentacar.com\/\"> <span style=\"font-weight: 400;\">aqu\u00ed<\/span><\/a><span style=\"font-weight: 400;\">.<\/span><\/p>\n<h2 id=\"von-toc-5\"><b>Preguntas frecuentes al viajar a Ibiza 3 d\u00edas:<\/b><\/h2>\n<p><b>\u00bfQu\u00e9 no deber\u00edas perderte?<\/b><\/p>\n<ul>\n<li style=\"font-weight: 400;\" aria-level=\"1\"><span style=\"font-weight: 400;\">Subir a Dalt Vila y ver la isla desde las alturas.<\/span><\/li>\n<li style=\"font-weight: 400;\" aria-level=\"1\"><span style=\"font-weight: 400;\">Disfrutar de un atardecer en Cala Comte o Es Vedr\u00e0.<\/span><\/li>\n<li style=\"font-weight: 400;\" aria-level=\"1\"><span style=\"font-weight: 400;\">Comer un bullit de peix en un restaurante local.<\/span><\/li>\n<li style=\"font-weight: 400;\" aria-level=\"1\"><span style=\"font-weight: 400;\">Pasear por mercadillos como Las Dalias o Punta Arab\u00ed.<\/span><\/li>\n<\/ul>\n<p><span style=\"font-weight: 400;\">Ibiza es mucho m\u00e1s que fiestas. En solo tres d\u00edas puedes conocer su alma aut\u00e9ntica, saborear su gastronom\u00eda y relajarte en algunas de las mejores playas del Mediterr\u00e1neo.\u00a0<\/span><\/p>\n<p><b>Ya sea verano o invierno, alquilar un coche con K10 Mobility te permitir\u00e1 descubrirla a tu ritmo, sin prisas y sin perderte nada.<\/b><\/p>\n","protected":false},"excerpt":{"rendered":"<p>\u00bfCre\u00edas que Ibiza era solo fiesta? Prep\u00e1rate para descubrir una isla llena de historia, calas escondidas, pueblos con encanto y puestas de sol inolvidables.\u00a0 Si est\u00e1s planeando una escapada corta, sigue leyendo porque te vamos a contar exactamente qu\u00e9 ver en Ibiza en 3 d\u00edas, con rutas pensadas para aprovechar al m\u00e1ximo tu tiempo. Y &#8230; <a title=\"Qu\u00e9 ver en Ibiza en 3 d\u00edas\" class=\"read-more\" href=\"https:\/\/blog.k10mobility.com\/que-ver-en-ibiza-en-3-dias\/\" aria-label=\"Leer m\u00e1s sobre Qu\u00e9 ver en Ibiza en 3 d\u00edas\">Leer m\u00e1s<\/a><\/p>\n","protected":false},"author":2,"featured_media":11905,"comment_status":"open","ping_status":"closed","sticky":false,"template":"","format":"standard","meta":{"footnotes":""},"categories":[106],"tags":[],"class_list":["post-11904","post","type-post","status-publish","format-standard","has-post-thumbnail","hentry","category-ibiza"],"yoast_head":"<!-- This site is optimized with the Yoast SEO plugin v27.4 - https:\/\/yoast.com\/product\/yoast-seo-wordpress\/ -->\n<title>Qu\u00e9 ver en Ibiza en 3 d\u00edas | K10 Mobility en Ibiza<\/title>\n<meta name=\"description\" content=\"Descubre qu\u00e9 ver en Ibiza en 3 d\u00edas tanto si vienes en verano como en invierno. Nuestro equipo aut\u00f3ctono te cuenta los mejores planes.\" \/>\n<meta name=\"robots\" content=\"index, follow, max-snippet:-1, max-image-preview:large, max-video-preview:-1\" \/>\n<link rel=\"canonical\" href=\"https:\/\/blog.k10mobility.com\/que-ver-en-ibiza-en-3-dias\/\" \/>\n<meta property=\"og:locale\" content=\"es_ES\" \/>\n<meta property=\"og:type\" content=\"article\" \/>\n<meta property=\"og:title\" content=\"Qu\u00e9 ver en Ibiza en 3 d\u00edas | K10 Mobility en Ibiza\" \/>\n<meta property=\"og:description\" content=\"Descubre qu\u00e9 ver en Ibiza en 3 d\u00edas tanto si vienes en verano como en invierno. Nuestro equipo aut\u00f3ctono te cuenta los mejores planes.\" \/>\n<meta property=\"og:url\" content=\"https:\/\/blog.k10mobility.com\/que-ver-en-ibiza-en-3-dias\/\" \/>\n<meta property=\"og:site_name\" content=\"K10 Mobility\" \/>\n<meta property=\"article:publisher\" content=\"https:\/\/www.facebook.com\/k10mobility\/\" \/>\n<meta property=\"article:published_time\" content=\"2025-07-06T12:20:52+00:00\" \/>\n<meta property=\"article:modified_time\" content=\"2025-08-06T12:41:04+00:00\" \/>\n<meta property=\"og:image\" content=\"https:\/\/blog.k10mobility.com\/wp-content\/uploads\/2025\/08\/que-ver-en-ibiza-3-dias.webp\" \/>\n\t<meta property=\"og:image:width\" content=\"800\" \/>\n\t<meta property=\"og:image:height\" content=\"600\" \/>\n\t<meta property=\"og:image:type\" content=\"image\/webp\" \/>\n<meta name=\"author\" content=\"Luis Ram\u00eds\" \/>\n<meta name=\"twitter:card\" content=\"summary_large_image\" \/>\n<meta name=\"twitter:label1\" content=\"Escrito por\" \/>\n\t<meta name=\"twitter:data1\" content=\"Luis Ram\u00eds\" \/>\n\t<meta name=\"twitter:label2\" content=\"Tiempo de lectura\" \/>\n\t<meta name=\"twitter:data2\" content=\"3 minutos\" \/>\n<script type=\"application\/ld+json\" class=\"yoast-schema-graph\">{\"@context\":\"https:\\\/\\\/schema.org\",\"@graph\":[{\"@type\":\"Article\",\"@id\":\"https:\\\/\\\/blog.k10mobility.com\\\/que-ver-en-ibiza-en-3-dias\\\/#article\",\"isPartOf\":{\"@id\":\"https:\\\/\\\/blog.k10mobility.com\\\/que-ver-en-ibiza-en-3-dias\\\/\"},\"author\":{\"name\":\"Luis Ram\u00eds\",\"@id\":\"https:\\\/\\\/blog.k10mobility.com\\\/#\\\/schema\\\/person\\\/5f18469c790b92d83fdd98422e621da8\"},\"headline\":\"Qu\u00e9 ver en Ibiza en 3 d\u00edas\",\"datePublished\":\"2025-07-06T12:20:52+00:00\",\"dateModified\":\"2025-08-06T12:41:04+00:00\",\"mainEntityOfPage\":{\"@id\":\"https:\\\/\\\/blog.k10mobility.com\\\/que-ver-en-ibiza-en-3-dias\\\/\"},\"wordCount\":570,\"commentCount\":0,\"publisher\":{\"@id\":\"https:\\\/\\\/blog.k10mobility.com\\\/#organization\"},\"image\":{\"@id\":\"https:\\\/\\\/blog.k10mobility.com\\\/que-ver-en-ibiza-en-3-dias\\\/#primaryimage\"},\"thumbnailUrl\":\"https:\\\/\\\/blog.k10mobility.com\\\/wp-content\\\/uploads\\\/2025\\\/08\\\/que-ver-en-ibiza-3-dias.webp\",\"articleSection\":[\"Ibiza\"],\"inLanguage\":\"es\",\"potentialAction\":[{\"@type\":\"CommentAction\",\"name\":\"Comment\",\"target\":[\"https:\\\/\\\/blog.k10mobility.com\\\/que-ver-en-ibiza-en-3-dias\\\/#respond\"]}]},{\"@type\":\"WebPage\",\"@id\":\"https:\\\/\\\/blog.k10mobility.com\\\/que-ver-en-ibiza-en-3-dias\\\/\",\"url\":\"https:\\\/\\\/blog.k10mobility.com\\\/que-ver-en-ibiza-en-3-dias\\\/\",\"name\":\"Qu\u00e9 ver en Ibiza en 3 d\u00edas | K10 Mobility en Ibiza\",\"isPartOf\":{\"@id\":\"https:\\\/\\\/blog.k10mobility.com\\\/#website\"},\"primaryImageOfPage\":{\"@id\":\"https:\\\/\\\/blog.k10mobility.com\\\/que-ver-en-ibiza-en-3-dias\\\/#primaryimage\"},\"image\":{\"@id\":\"https:\\\/\\\/blog.k10mobility.com\\\/que-ver-en-ibiza-en-3-dias\\\/#primaryimage\"},\"thumbnailUrl\":\"https:\\\/\\\/blog.k10mobility.com\\\/wp-content\\\/uploads\\\/2025\\\/08\\\/que-ver-en-ibiza-3-dias.webp\",\"datePublished\":\"2025-07-06T12:20:52+00:00\",\"dateModified\":\"2025-08-06T12:41:04+00:00\",\"description\":\"Descubre qu\u00e9 ver en Ibiza en 3 d\u00edas tanto si vienes en verano como en invierno. Nuestro equipo aut\u00f3ctono te cuenta los mejores planes.\",\"breadcrumb\":{\"@id\":\"https:\\\/\\\/blog.k10mobility.com\\\/que-ver-en-ibiza-en-3-dias\\\/#breadcrumb\"},\"inLanguage\":\"es\",\"potentialAction\":[{\"@type\":\"ReadAction\",\"target\":[\"https:\\\/\\\/blog.k10mobility.com\\\/que-ver-en-ibiza-en-3-dias\\\/\"]}]},{\"@type\":\"ImageObject\",\"inLanguage\":\"es\",\"@id\":\"https:\\\/\\\/blog.k10mobility.com\\\/que-ver-en-ibiza-en-3-dias\\\/#primaryimage\",\"url\":\"https:\\\/\\\/blog.k10mobility.com\\\/wp-content\\\/uploads\\\/2025\\\/08\\\/que-ver-en-ibiza-3-dias.webp\",\"contentUrl\":\"https:\\\/\\\/blog.k10mobility.com\\\/wp-content\\\/uploads\\\/2025\\\/08\\\/que-ver-en-ibiza-3-dias.webp\",\"width\":800,\"height\":600,\"caption\":\"Que ver en Ibiza en 3 d\u00edas\"},{\"@type\":\"BreadcrumbList\",\"@id\":\"https:\\\/\\\/blog.k10mobility.com\\\/que-ver-en-ibiza-en-3-dias\\\/#breadcrumb\",\"itemListElement\":[{\"@type\":\"ListItem\",\"position\":1,\"name\":\"K10 Mobility\",\"item\":\"https:\\\/\\\/blog.k10mobility.com\\\/\"},{\"@type\":\"ListItem\",\"position\":2,\"name\":\"Qu\u00e9 ver en Ibiza en 3 d\u00edas\"}]},{\"@type\":\"WebSite\",\"@id\":\"https:\\\/\\\/blog.k10mobility.com\\\/#website\",\"url\":\"https:\\\/\\\/blog.k10mobility.com\\\/\",\"name\":\"K10 Mobility\",\"description\":\"Rent a car en Ibiza y Mallorca\",\"publisher\":{\"@id\":\"https:\\\/\\\/blog.k10mobility.com\\\/#organization\"},\"alternateName\":\"K10 Rent a car\",\"potentialAction\":[{\"@type\":\"SearchAction\",\"target\":{\"@type\":\"EntryPoint\",\"urlTemplate\":\"https:\\\/\\\/blog.k10mobility.com\\\/?s={search_term_string}\"},\"query-input\":{\"@type\":\"PropertyValueSpecification\",\"valueRequired\":true,\"valueName\":\"search_term_string\"}}],\"inLanguage\":\"es\"},{\"@type\":\"Organization\",\"@id\":\"https:\\\/\\\/blog.k10mobility.com\\\/#organization\",\"name\":\"K10 Mobility\",\"alternateName\":\"K10 Mobility rent a car en Ibiza y Mallorca\",\"url\":\"https:\\\/\\\/blog.k10mobility.com\\\/\",\"logo\":{\"@type\":\"ImageObject\",\"inLanguage\":\"es\",\"@id\":\"https:\\\/\\\/blog.k10mobility.com\\\/#\\\/schema\\\/logo\\\/image\\\/\",\"url\":\"https:\\\/\\\/blog.k10mobility.com\\\/wp-content\\\/uploads\\\/2025\\\/11\\\/cropped-Logo-K10-color-apaisado.png\",\"contentUrl\":\"https:\\\/\\\/blog.k10mobility.com\\\/wp-content\\\/uploads\\\/2025\\\/11\\\/cropped-Logo-K10-color-apaisado.png\",\"width\":665,\"height\":105,\"caption\":\"K10 Mobility\"},\"image\":{\"@id\":\"https:\\\/\\\/blog.k10mobility.com\\\/#\\\/schema\\\/logo\\\/image\\\/\"},\"sameAs\":[\"https:\\\/\\\/www.facebook.com\\\/k10mobility\\\/\",\"https:\\\/\\\/www.instagram.com\\\/k10mobility\\\/\"]},{\"@type\":\"Person\",\"@id\":\"https:\\\/\\\/blog.k10mobility.com\\\/#\\\/schema\\\/person\\\/5f18469c790b92d83fdd98422e621da8\",\"name\":\"Luis Ram\u00eds\",\"image\":{\"@type\":\"ImageObject\",\"inLanguage\":\"es\",\"@id\":\"https:\\\/\\\/secure.gravatar.com\\\/avatar\\\/30162c41d6f584ef954ac19546d34176104f5a2b363cc65fe6c8b9dc6c1ed9ac?s=96&d=mm&r=g\",\"url\":\"https:\\\/\\\/secure.gravatar.com\\\/avatar\\\/30162c41d6f584ef954ac19546d34176104f5a2b363cc65fe6c8b9dc6c1ed9ac?s=96&d=mm&r=g\",\"contentUrl\":\"https:\\\/\\\/secure.gravatar.com\\\/avatar\\\/30162c41d6f584ef954ac19546d34176104f5a2b363cc65fe6c8b9dc6c1ed9ac?s=96&d=mm&r=g\",\"caption\":\"Luis Ram\u00eds\"},\"url\":\"https:\\\/\\\/blog.k10mobility.com\\\/author\\\/luisr4m1s_k10\\\/\"}]}<\/script>\n<!-- \/ Yoast SEO plugin. -->","yoast_head_json":{"title":"Qu\u00e9 ver en Ibiza en 3 d\u00edas | K10 Mobility en Ibiza","description":"Descubre qu\u00e9 ver en Ibiza en 3 d\u00edas tanto si vienes en verano como en invierno. Nuestro equipo aut\u00f3ctono te cuenta los mejores planes.","robots":{"index":"index","follow":"follow","max-snippet":"max-snippet:-1","max-image-preview":"max-image-preview:large","max-video-preview":"max-video-preview:-1"},"canonical":"https:\/\/blog.k10mobility.com\/que-ver-en-ibiza-en-3-dias\/","og_locale":"es_ES","og_type":"article","og_title":"Qu\u00e9 ver en Ibiza en 3 d\u00edas | K10 Mobility en Ibiza","og_description":"Descubre qu\u00e9 ver en Ibiza en 3 d\u00edas tanto si vienes en verano como en invierno. Nuestro equipo aut\u00f3ctono te cuenta los mejores planes.","og_url":"https:\/\/blog.k10mobility.com\/que-ver-en-ibiza-en-3-dias\/","og_site_name":"K10 Mobility","article_publisher":"https:\/\/www.facebook.com\/k10mobility\/","article_published_time":"2025-07-06T12:20:52+00:00","article_modified_time":"2025-08-06T12:41:04+00:00","og_image":[{"width":800,"height":600,"url":"https:\/\/blog.k10mobility.com\/wp-content\/uploads\/2025\/08\/que-ver-en-ibiza-3-dias.webp","type":"image\/webp"}],"author":"Luis Ram\u00eds","twitter_card":"summary_large_image","twitter_misc":{"Escrito por":"Luis Ram\u00eds","Tiempo de lectura":"3 minutos"},"schema":{"@context":"https:\/\/schema.org","@graph":[{"@type":"Article","@id":"https:\/\/blog.k10mobility.com\/que-ver-en-ibiza-en-3-dias\/#article","isPartOf":{"@id":"https:\/\/blog.k10mobility.com\/que-ver-en-ibiza-en-3-dias\/"},"author":{"name":"Luis Ram\u00eds","@id":"https:\/\/blog.k10mobility.com\/#\/schema\/person\/5f18469c790b92d83fdd98422e621da8"},"headline":"Qu\u00e9 ver en Ibiza en 3 d\u00edas","datePublished":"2025-07-06T12:20:52+00:00","dateModified":"2025-08-06T12:41:04+00:00","mainEntityOfPage":{"@id":"https:\/\/blog.k10mobility.com\/que-ver-en-ibiza-en-3-dias\/"},"wordCount":570,"commentCount":0,"publisher":{"@id":"https:\/\/blog.k10mobility.com\/#organization"},"image":{"@id":"https:\/\/blog.k10mobility.com\/que-ver-en-ibiza-en-3-dias\/#primaryimage"},"thumbnailUrl":"https:\/\/blog.k10mobility.com\/wp-content\/uploads\/2025\/08\/que-ver-en-ibiza-3-dias.webp","articleSection":["Ibiza"],"inLanguage":"es","potentialAction":[{"@type":"CommentAction","name":"Comment","target":["https:\/\/blog.k10mobility.com\/que-ver-en-ibiza-en-3-dias\/#respond"]}]},{"@type":"WebPage","@id":"https:\/\/blog.k10mobility.com\/que-ver-en-ibiza-en-3-dias\/","url":"https:\/\/blog.k10mobility.com\/que-ver-en-ibiza-en-3-dias\/","name":"Qu\u00e9 ver en Ibiza en 3 d\u00edas | K10 Mobility en Ibiza","isPartOf":{"@id":"https:\/\/blog.k10mobility.com\/#website"},"primaryImageOfPage":{"@id":"https:\/\/blog.k10mobility.com\/que-ver-en-ibiza-en-3-dias\/#primaryimage"},"image":{"@id":"https:\/\/blog.k10mobility.com\/que-ver-en-ibiza-en-3-dias\/#primaryimage"},"thumbnailUrl":"https:\/\/blog.k10mobility.com\/wp-content\/uploads\/2025\/08\/que-ver-en-ibiza-3-dias.webp","datePublished":"2025-07-06T12:20:52+00:00","dateModified":"2025-08-06T12:41:04+00:00","description":"Descubre qu\u00e9 ver en Ibiza en 3 d\u00edas tanto si vienes en verano como en invierno. Nuestro equipo aut\u00f3ctono te cuenta los mejores planes.","breadcrumb":{"@id":"https:\/\/blog.k10mobility.com\/que-ver-en-ibiza-en-3-dias\/#breadcrumb"},"inLanguage":"es","potentialAction":[{"@type":"ReadAction","target":["https:\/\/blog.k10mobility.com\/que-ver-en-ibiza-en-3-dias\/"]}]},{"@type":"ImageObject","inLanguage":"es","@id":"https:\/\/blog.k10mobility.com\/que-ver-en-ibiza-en-3-dias\/#primaryimage","url":"https:\/\/blog.k10mobility.com\/wp-content\/uploads\/2025\/08\/que-ver-en-ibiza-3-dias.webp","contentUrl":"https:\/\/blog.k10mobility.com\/wp-content\/uploads\/2025\/08\/que-ver-en-ibiza-3-dias.webp","width":800,"height":600,"caption":"Que ver en Ibiza en 3 d\u00edas"},{"@type":"BreadcrumbList","@id":"https:\/\/blog.k10mobility.com\/que-ver-en-ibiza-en-3-dias\/#breadcrumb","itemListElement":[{"@type":"ListItem","position":1,"name":"K10 Mobility","item":"https:\/\/blog.k10mobility.com\/"},{"@type":"ListItem","position":2,"name":"Qu\u00e9 ver en Ibiza en 3 d\u00edas"}]},{"@type":"WebSite","@id":"https:\/\/blog.k10mobility.com\/#website","url":"https:\/\/blog.k10mobility.com\/","name":"K10 Mobility","description":"Rent a car en Ibiza y Mallorca","publisher":{"@id":"https:\/\/blog.k10mobility.com\/#organization"},"alternateName":"K10 Rent a car","potentialAction":[{"@type":"SearchAction","target":{"@type":"EntryPoint","urlTemplate":"https:\/\/blog.k10mobility.com\/?s={search_term_string}"},"query-input":{"@type":"PropertyValueSpecification","valueRequired":true,"valueName":"search_term_string"}}],"inLanguage":"es"},{"@type":"Organization","@id":"https:\/\/blog.k10mobility.com\/#organization","name":"K10 Mobility","alternateName":"K10 Mobility rent a car en Ibiza y Mallorca","url":"https:\/\/blog.k10mobility.com\/","logo":{"@type":"ImageObject","inLanguage":"es","@id":"https:\/\/blog.k10mobility.com\/#\/schema\/logo\/image\/","url":"https:\/\/blog.k10mobility.com\/wp-content\/uploads\/2025\/11\/cropped-Logo-K10-color-apaisado.png","contentUrl":"https:\/\/blog.k10mobility.com\/wp-content\/uploads\/2025\/11\/cropped-Logo-K10-color-apaisado.png","width":665,"height":105,"caption":"K10 Mobility"},"image":{"@id":"https:\/\/blog.k10mobility.com\/#\/schema\/logo\/image\/"},"sameAs":["https:\/\/www.facebook.com\/k10mobility\/","https:\/\/www.instagram.com\/k10mobility\/"]},{"@type":"Person","@id":"https:\/\/blog.k10mobility.com\/#\/schema\/person\/5f18469c790b92d83fdd98422e621da8","name":"Luis Ram\u00eds","image":{"@type":"ImageObject","inLanguage":"es","@id":"https:\/\/secure.gravatar.com\/avatar\/30162c41d6f584ef954ac19546d34176104f5a2b363cc65fe6c8b9dc6c1ed9ac?s=96&d=mm&r=g","url":"https:\/\/secure.gravatar.com\/avatar\/30162c41d6f584ef954ac19546d34176104f5a2b363cc65fe6c8b9dc6c1ed9ac?s=96&d=mm&r=g","contentUrl":"https:\/\/secure.gravatar.com\/avatar\/30162c41d6f584ef954ac19546d34176104f5a2b363cc65fe6c8b9dc6c1ed9ac?s=96&d=mm&r=g","caption":"Luis Ram\u00eds"},"url":"https:\/\/blog.k10mobility.com\/author\/luisr4m1s_k10\/"}]}},"_links":{"self":[{"href":"https:\/\/blog.k10mobility.com\/wp-json\/wp\/v2\/posts\/11904","targetHints":{"allow":["GET"]}}],"collection":[{"href":"https:\/\/blog.k10mobility.com\/wp-json\/wp\/v2\/posts"}],"about":[{"href":"https:\/\/blog.k10mobility.com\/wp-json\/wp\/v2\/types\/post"}],"author":[{"embeddable":true,"href":"https:\/\/blog.k10mobility.com\/wp-json\/wp\/v2\/users\/2"}],"replies":[{"embeddable":true,"href":"https:\/\/blog.k10mobility.com\/wp-json\/wp\/v2\/comments?post=11904"}],"version-history":[{"count":1,"href":"https:\/\/blog.k10mobility.com\/wp-json\/wp\/v2\/posts\/11904\/revisions"}],"predecessor-version":[{"id":11906,"href":"https:\/\/blog.k10mobility.com\/wp-json\/wp\/v2\/posts\/11904\/revisions\/11906"}],"wp:featuredmedia":[{"embeddable":true,"href":"https:\/\/blog.k10mobility.com\/wp-json\/wp\/v2\/media\/11905"}],"wp:attachment":[{"href":"https:\/\/blog.k10mobility.com\/wp-json\/wp\/v2\/media?parent=11904"}],"wp:term":[{"taxonomy":"category","embeddable":true,"href":"https:\/\/blog.k10mobility.com\/wp-json\/wp\/v2\/categories?post=11904"},{"taxonomy":"post_tag","embeddable":true,"href":"https:\/\/blog.k10mobility.com\/wp-json\/wp\/v2\/tags?post=11904"}],"curies":[{"name":"wp","href":"https:\/\/api.w.org\/{rel}","templated":true}]}}