{"id":11910,"date":"2025-07-25T12:32:22","date_gmt":"2025-07-25T12:32:22","guid":{"rendered":"https:\/\/blog.k10mobility.com\/?p=11910"},"modified":"2025-08-06T12:41:02","modified_gmt":"2025-08-06T12:41:02","slug":"que-ver-en-ibiza-en-1-dia","status":"publish","type":"post","link":"https:\/\/blog.k10mobility.com\/que-ver-en-ibiza-en-1-dia\/","title":{"rendered":"Qu\u00e9 ver en Ibiza en 1 d\u00eda"},"content":{"rendered":"<p><span style=\"font-weight: 400;\">\u00bfSolo tienes un d\u00eda para visitar Ibiza? No te preocupes, <\/span><b>es tiempo suficiente para enamorarte de la isla<\/b><span style=\"font-weight: 400;\">. Aunque parezca poco, si organizas bien tu ruta y alquilas un coche directamente en el Aeropuerto de Ibiza con K10, puedes descubrir playas, pueblos con encanto y rincones hist\u00f3ricos que te dejar\u00e1n con ganas de volver.\u00a0<\/span><\/p>\n<p><span style=\"font-weight: 400;\">Qu\u00e9date hasta el final, porque te vamos a mostrar un itinerario pensado para aprovechar cada minuto, incluso en invierno.<\/span><\/p>\n<h2 id=\"von-toc-1\"><b>Ruta completa: Ibiza qu\u00e9 ver en un d\u00eda<\/b><\/h2>\n<p><b>Ma\u00f1ana: Dalt Vila y desayuno con vistas<\/b><\/p>\n<p><span style=\"font-weight: 400;\">Empieza el d\u00eda en <\/span><b>Ibiza ciudad (Eivissa)<\/b><span style=\"font-weight: 400;\">. Sube a <\/span><b>Dalt Vila<\/b><span style=\"font-weight: 400;\">, el casco antiguo amurallado, declarado Patrimonio de la Humanidad. Pasea por sus calles empedradas, visita la catedral y disfruta de las vistas al puerto.<\/span><\/p>\n<p><span style=\"font-weight: 400;\">Baja a la zona del puerto y desayuna frente al mar. Una buena opci\u00f3n si has alquilado tu coche con nosotros es dejarlo en las zonas de aparcamiento cercanas a la marina. As\u00ed comienzas el d\u00eda sin estr\u00e9s.<\/span><\/p>\n<p><b>Mediod\u00eda: Playas del suroeste<\/b><\/p>\n<p><span style=\"font-weight: 400;\">Conduce hacia el suroeste y visita <\/span><b>Cala Tarida<\/b><span style=\"font-weight: 400;\"> o <\/span><b>Cala Conta<\/b><span style=\"font-weight: 400;\">. Ambas son famosas por sus aguas cristalinas y paisajes espectaculares. Perfectas para un ba\u00f1o r\u00e1pido o para comer en alguno de sus restaurantes con vistas.<\/span><\/p>\n<p><span style=\"font-weight: 400;\">\u00bfTe gusta la fotograf\u00eda? Desde aqu\u00ed puedes capturar im\u00e1genes de postal para recordar tu paso por Ibiza.<\/span><\/p>\n<p><b>Tarde: San Antonio y atardecer de pel\u00edcula<\/b><\/p>\n<p><span style=\"font-weight: 400;\">Tu \u00faltima parada debe ser <\/span><b>San Antonio<\/b><span style=\"font-weight: 400;\">, especialmente la zona de <\/span><b>Ses Variades<\/b><span style=\"font-weight: 400;\">. Aqu\u00ed ver\u00e1s uno de los atardeceres m\u00e1s bonitos de la isla. Puedes sentarte en las rocas o tomar algo en bares m\u00edticos como el Caf\u00e9 del Mar.<\/span><\/p>\n<p><span style=\"font-weight: 400;\">Despu\u00e9s, vuelve tranquilamente hacia el aeropuerto para devolver el coche. \u00bfA que ahora te gustar\u00eda quedarte m\u00e1s?<\/span><\/p>\n<h2 id=\"von-toc-2\"><b>Qu\u00e9 ver en Ibiza en invierno en 1 d\u00eda<\/b><\/h2>\n<p><span style=\"font-weight: 400;\">Ibiza tambi\u00e9n se disfruta en invierno, sin aglomeraciones y con un clima suave. Si vienes fuera de temporada:<\/span><\/p>\n<ul>\n<li style=\"font-weight: 400;\" aria-level=\"1\"><b>Dalt Vila<\/b><span style=\"font-weight: 400;\"> sigue abierta y m\u00e1s tranquila.<\/span><\/li>\n<li style=\"font-weight: 400;\" aria-level=\"1\"><span style=\"font-weight: 400;\">Los pueblos del interior como <\/span><b>Santa Gertrudis<\/b><span style=\"font-weight: 400;\"> o <\/span><b>San Juan<\/b><span style=\"font-weight: 400;\"> muestran su cara m\u00e1s aut\u00e9ntica.<\/span><\/li>\n<li style=\"font-weight: 400;\" aria-level=\"1\"><span style=\"font-weight: 400;\">Las playas est\u00e1n vac\u00edas, ideales para pasear y relajarte.<\/span><\/li>\n<\/ul>\n<p><span style=\"font-weight: 400;\">Recuerda que alquilar un coche con K10 te permite moverte con total libertad durante todo el a\u00f1o. Puedes reservar tu veh\u00edculo<\/span><a href=\"https:\/\/k10rentacar.com\/\"> <span style=\"font-weight: 400;\">aqu\u00ed<\/span><\/a><span style=\"font-weight: 400;\">.<\/span><\/p>\n<h2 id=\"von-toc-3\"><b>Preguntas frecuentes al viajar a Ibiza 1 d\u00eda:<\/b><\/h2>\n<p><b>\u00bfQu\u00e9 no te deber\u00edas perder?<\/b><\/p>\n<ul>\n<li style=\"font-weight: 400;\" aria-level=\"1\"><b>Dalt Vila<\/b><span style=\"font-weight: 400;\">, la joya hist\u00f3rica de la isla.<\/span><\/li>\n<li style=\"font-weight: 400;\" aria-level=\"1\"><span style=\"font-weight: 400;\">Una cala con encanto como Cala Comte o Cala Tarida.<\/span><\/li>\n<li style=\"font-weight: 400;\" aria-level=\"1\"><span style=\"font-weight: 400;\">El atardecer desde San Antonio.<\/span><\/li>\n<\/ul>\n<p><span style=\"font-weight: 400;\">Si haces estas tres cosas, puedes decir que has vivido una Ibiza completa en solo un d\u00eda.<\/span><\/p>\n<p><b>Un d\u00eda en Ibiza da para mucho<\/b><span style=\"font-weight: 400;\"> si sabes c\u00f3mo moverte. Y la clave est\u00e1 en tener libertad: por eso, alquilar un coche en el Aeropuerto de Ibiza con K10 es la mejor forma de sacarle todo el jugo a tu escapada. No dependes de horarios, eliges tu ritmo y disfrutas sin prisas.<\/span><\/p>\n<p><span style=\"font-weight: 400;\">Ahora que ya sabes <\/span><b>qu\u00e9 ver en Ibiza en un d\u00eda<\/b><span style=\"font-weight: 400;\">, \u00bfpreparado para descubrirlo por ti mismo?<\/span><\/p>\n","protected":false},"excerpt":{"rendered":"<p>\u00bfSolo tienes un d\u00eda para visitar Ibiza? No te preocupes, es tiempo suficiente para enamorarte de la isla. Aunque parezca poco, si organizas bien tu ruta y alquilas un coche directamente en el Aeropuerto de Ibiza con K10, puedes descubrir playas, pueblos con encanto y rincones hist\u00f3ricos que te dejar\u00e1n con ganas de volver.\u00a0 Qu\u00e9date &#8230; <a title=\"Qu\u00e9 ver en Ibiza en 1 d\u00eda\" class=\"read-more\" href=\"https:\/\/blog.k10mobility.com\/que-ver-en-ibiza-en-1-dia\/\" aria-label=\"Leer m\u00e1s sobre Qu\u00e9 ver en Ibiza en 1 d\u00eda\">Leer m\u00e1s<\/a><\/p>\n","protected":false},"author":2,"featured_media":11911,"comment_status":"open","ping_status":"closed","sticky":false,"template":"","format":"standard","meta":{"footnotes":""},"categories":[106],"tags":[],"class_list":["post-11910","post","type-post","status-publish","format-standard","has-post-thumbnail","hentry","category-ibiza"],"yoast_head":"<!-- This site is optimized with the Yoast SEO plugin v27.4 - https:\/\/yoast.com\/product\/yoast-seo-wordpress\/ -->\n<title>Qu\u00e9 ver en Ibiza en 1 d\u00eda | K10 Mobility en Ibiza<\/title>\n<meta name=\"description\" content=\"Si te preguntas Qu\u00e9 ver en Ibiza en 1 d\u00eda, un d\u00eda puede exprimirse al m\u00e1ximo si sabes qu\u00e9 priorizar. \u00a1Te lo cuentan nuestros expertos!\" \/>\n<meta name=\"robots\" content=\"index, follow, max-snippet:-1, max-image-preview:large, max-video-preview:-1\" \/>\n<link rel=\"canonical\" href=\"https:\/\/blog.k10mobility.com\/que-ver-en-ibiza-en-1-dia\/\" \/>\n<meta property=\"og:locale\" content=\"es_ES\" \/>\n<meta property=\"og:type\" content=\"article\" \/>\n<meta property=\"og:title\" content=\"Qu\u00e9 ver en Ibiza en 1 d\u00eda | K10 Mobility en Ibiza\" \/>\n<meta property=\"og:description\" content=\"Si te preguntas Qu\u00e9 ver en Ibiza en 1 d\u00eda, un d\u00eda puede exprimirse al m\u00e1ximo si sabes qu\u00e9 priorizar. \u00a1Te lo cuentan nuestros expertos!\" \/>\n<meta property=\"og:url\" content=\"https:\/\/blog.k10mobility.com\/que-ver-en-ibiza-en-1-dia\/\" \/>\n<meta property=\"og:site_name\" content=\"K10 Mobility\" \/>\n<meta property=\"article:publisher\" content=\"https:\/\/www.facebook.com\/k10mobility\/\" \/>\n<meta property=\"article:published_time\" content=\"2025-07-25T12:32:22+00:00\" \/>\n<meta property=\"article:modified_time\" content=\"2025-08-06T12:41:02+00:00\" \/>\n<meta property=\"og:image\" content=\"https:\/\/blog.k10mobility.com\/wp-content\/uploads\/2025\/08\/que-ver-ibiza-1-dia.webp\" \/>\n\t<meta property=\"og:image:width\" content=\"800\" \/>\n\t<meta property=\"og:image:height\" content=\"600\" \/>\n\t<meta property=\"og:image:type\" content=\"image\/webp\" \/>\n<meta name=\"author\" content=\"Luis Ram\u00eds\" \/>\n<meta name=\"twitter:card\" content=\"summary_large_image\" \/>\n<meta name=\"twitter:label1\" content=\"Escrito por\" \/>\n\t<meta name=\"twitter:data1\" content=\"Luis Ram\u00eds\" \/>\n\t<meta name=\"twitter:label2\" content=\"Tiempo de lectura\" \/>\n\t<meta name=\"twitter:data2\" content=\"3 minutos\" \/>\n<script type=\"application\/ld+json\" class=\"yoast-schema-graph\">{\"@context\":\"https:\\\/\\\/schema.org\",\"@graph\":[{\"@type\":\"Article\",\"@id\":\"https:\\\/\\\/blog.k10mobility.com\\\/que-ver-en-ibiza-en-1-dia\\\/#article\",\"isPartOf\":{\"@id\":\"https:\\\/\\\/blog.k10mobility.com\\\/que-ver-en-ibiza-en-1-dia\\\/\"},\"author\":{\"name\":\"Luis Ram\u00eds\",\"@id\":\"https:\\\/\\\/blog.k10mobility.com\\\/#\\\/schema\\\/person\\\/5f18469c790b92d83fdd98422e621da8\"},\"headline\":\"Qu\u00e9 ver en Ibiza en 1 d\u00eda\",\"datePublished\":\"2025-07-25T12:32:22+00:00\",\"dateModified\":\"2025-08-06T12:41:02+00:00\",\"mainEntityOfPage\":{\"@id\":\"https:\\\/\\\/blog.k10mobility.com\\\/que-ver-en-ibiza-en-1-dia\\\/\"},\"wordCount\":528,\"commentCount\":0,\"publisher\":{\"@id\":\"https:\\\/\\\/blog.k10mobility.com\\\/#organization\"},\"image\":{\"@id\":\"https:\\\/\\\/blog.k10mobility.com\\\/que-ver-en-ibiza-en-1-dia\\\/#primaryimage\"},\"thumbnailUrl\":\"https:\\\/\\\/blog.k10mobility.com\\\/wp-content\\\/uploads\\\/2025\\\/08\\\/que-ver-ibiza-1-dia.webp\",\"articleSection\":[\"Ibiza\"],\"inLanguage\":\"es\",\"potentialAction\":[{\"@type\":\"CommentAction\",\"name\":\"Comment\",\"target\":[\"https:\\\/\\\/blog.k10mobility.com\\\/que-ver-en-ibiza-en-1-dia\\\/#respond\"]}]},{\"@type\":\"WebPage\",\"@id\":\"https:\\\/\\\/blog.k10mobility.com\\\/que-ver-en-ibiza-en-1-dia\\\/\",\"url\":\"https:\\\/\\\/blog.k10mobility.com\\\/que-ver-en-ibiza-en-1-dia\\\/\",\"name\":\"Qu\u00e9 ver en Ibiza en 1 d\u00eda | K10 Mobility en Ibiza\",\"isPartOf\":{\"@id\":\"https:\\\/\\\/blog.k10mobility.com\\\/#website\"},\"primaryImageOfPage\":{\"@id\":\"https:\\\/\\\/blog.k10mobility.com\\\/que-ver-en-ibiza-en-1-dia\\\/#primaryimage\"},\"image\":{\"@id\":\"https:\\\/\\\/blog.k10mobility.com\\\/que-ver-en-ibiza-en-1-dia\\\/#primaryimage\"},\"thumbnailUrl\":\"https:\\\/\\\/blog.k10mobility.com\\\/wp-content\\\/uploads\\\/2025\\\/08\\\/que-ver-ibiza-1-dia.webp\",\"datePublished\":\"2025-07-25T12:32:22+00:00\",\"dateModified\":\"2025-08-06T12:41:02+00:00\",\"description\":\"Si te preguntas Qu\u00e9 ver en Ibiza en 1 d\u00eda, un d\u00eda puede exprimirse al m\u00e1ximo si sabes qu\u00e9 priorizar. \u00a1Te lo cuentan nuestros expertos!\",\"breadcrumb\":{\"@id\":\"https:\\\/\\\/blog.k10mobility.com\\\/que-ver-en-ibiza-en-1-dia\\\/#breadcrumb\"},\"inLanguage\":\"es\",\"potentialAction\":[{\"@type\":\"ReadAction\",\"target\":[\"https:\\\/\\\/blog.k10mobility.com\\\/que-ver-en-ibiza-en-1-dia\\\/\"]}]},{\"@type\":\"ImageObject\",\"inLanguage\":\"es\",\"@id\":\"https:\\\/\\\/blog.k10mobility.com\\\/que-ver-en-ibiza-en-1-dia\\\/#primaryimage\",\"url\":\"https:\\\/\\\/blog.k10mobility.com\\\/wp-content\\\/uploads\\\/2025\\\/08\\\/que-ver-ibiza-1-dia.webp\",\"contentUrl\":\"https:\\\/\\\/blog.k10mobility.com\\\/wp-content\\\/uploads\\\/2025\\\/08\\\/que-ver-ibiza-1-dia.webp\",\"width\":800,\"height\":600,\"caption\":\"Qu\u00e9 ver en Ibiza en 1 d\u00eda\"},{\"@type\":\"BreadcrumbList\",\"@id\":\"https:\\\/\\\/blog.k10mobility.com\\\/que-ver-en-ibiza-en-1-dia\\\/#breadcrumb\",\"itemListElement\":[{\"@type\":\"ListItem\",\"position\":1,\"name\":\"K10 Mobility\",\"item\":\"https:\\\/\\\/blog.k10mobility.com\\\/\"},{\"@type\":\"ListItem\",\"position\":2,\"name\":\"Qu\u00e9 ver en Ibiza en 1 d\u00eda\"}]},{\"@type\":\"WebSite\",\"@id\":\"https:\\\/\\\/blog.k10mobility.com\\\/#website\",\"url\":\"https:\\\/\\\/blog.k10mobility.com\\\/\",\"name\":\"K10 Mobility\",\"description\":\"Rent a car en Ibiza y Mallorca\",\"publisher\":{\"@id\":\"https:\\\/\\\/blog.k10mobility.com\\\/#organization\"},\"alternateName\":\"K10 Rent a car\",\"potentialAction\":[{\"@type\":\"SearchAction\",\"target\":{\"@type\":\"EntryPoint\",\"urlTemplate\":\"https:\\\/\\\/blog.k10mobility.com\\\/?s={search_term_string}\"},\"query-input\":{\"@type\":\"PropertyValueSpecification\",\"valueRequired\":true,\"valueName\":\"search_term_string\"}}],\"inLanguage\":\"es\"},{\"@type\":\"Organization\",\"@id\":\"https:\\\/\\\/blog.k10mobility.com\\\/#organization\",\"name\":\"K10 Mobility\",\"alternateName\":\"K10 Mobility rent a car en Ibiza y Mallorca\",\"url\":\"https:\\\/\\\/blog.k10mobility.com\\\/\",\"logo\":{\"@type\":\"ImageObject\",\"inLanguage\":\"es\",\"@id\":\"https:\\\/\\\/blog.k10mobility.com\\\/#\\\/schema\\\/logo\\\/image\\\/\",\"url\":\"https:\\\/\\\/blog.k10mobility.com\\\/wp-content\\\/uploads\\\/2025\\\/11\\\/cropped-Logo-K10-color-apaisado.png\",\"contentUrl\":\"https:\\\/\\\/blog.k10mobility.com\\\/wp-content\\\/uploads\\\/2025\\\/11\\\/cropped-Logo-K10-color-apaisado.png\",\"width\":665,\"height\":105,\"caption\":\"K10 Mobility\"},\"image\":{\"@id\":\"https:\\\/\\\/blog.k10mobility.com\\\/#\\\/schema\\\/logo\\\/image\\\/\"},\"sameAs\":[\"https:\\\/\\\/www.facebook.com\\\/k10mobility\\\/\",\"https:\\\/\\\/www.instagram.com\\\/k10mobility\\\/\"]},{\"@type\":\"Person\",\"@id\":\"https:\\\/\\\/blog.k10mobility.com\\\/#\\\/schema\\\/person\\\/5f18469c790b92d83fdd98422e621da8\",\"name\":\"Luis Ram\u00eds\",\"image\":{\"@type\":\"ImageObject\",\"inLanguage\":\"es\",\"@id\":\"https:\\\/\\\/secure.gravatar.com\\\/avatar\\\/30162c41d6f584ef954ac19546d34176104f5a2b363cc65fe6c8b9dc6c1ed9ac?s=96&d=mm&r=g\",\"url\":\"https:\\\/\\\/secure.gravatar.com\\\/avatar\\\/30162c41d6f584ef954ac19546d34176104f5a2b363cc65fe6c8b9dc6c1ed9ac?s=96&d=mm&r=g\",\"contentUrl\":\"https:\\\/\\\/secure.gravatar.com\\\/avatar\\\/30162c41d6f584ef954ac19546d34176104f5a2b363cc65fe6c8b9dc6c1ed9ac?s=96&d=mm&r=g\",\"caption\":\"Luis Ram\u00eds\"},\"url\":\"https:\\\/\\\/blog.k10mobility.com\\\/author\\\/luisr4m1s_k10\\\/\"}]}<\/script>\n<!-- \/ Yoast SEO plugin. -->","yoast_head_json":{"title":"Qu\u00e9 ver en Ibiza en 1 d\u00eda | K10 Mobility en Ibiza","description":"Si te preguntas Qu\u00e9 ver en Ibiza en 1 d\u00eda, un d\u00eda puede exprimirse al m\u00e1ximo si sabes qu\u00e9 priorizar. \u00a1Te lo cuentan nuestros expertos!","robots":{"index":"index","follow":"follow","max-snippet":"max-snippet:-1","max-image-preview":"max-image-preview:large","max-video-preview":"max-video-preview:-1"},"canonical":"https:\/\/blog.k10mobility.com\/que-ver-en-ibiza-en-1-dia\/","og_locale":"es_ES","og_type":"article","og_title":"Qu\u00e9 ver en Ibiza en 1 d\u00eda | K10 Mobility en Ibiza","og_description":"Si te preguntas Qu\u00e9 ver en Ibiza en 1 d\u00eda, un d\u00eda puede exprimirse al m\u00e1ximo si sabes qu\u00e9 priorizar. \u00a1Te lo cuentan nuestros expertos!","og_url":"https:\/\/blog.k10mobility.com\/que-ver-en-ibiza-en-1-dia\/","og_site_name":"K10 Mobility","article_publisher":"https:\/\/www.facebook.com\/k10mobility\/","article_published_time":"2025-07-25T12:32:22+00:00","article_modified_time":"2025-08-06T12:41:02+00:00","og_image":[{"width":800,"height":600,"url":"https:\/\/blog.k10mobility.com\/wp-content\/uploads\/2025\/08\/que-ver-ibiza-1-dia.webp","type":"image\/webp"}],"author":"Luis Ram\u00eds","twitter_card":"summary_large_image","twitter_misc":{"Escrito por":"Luis Ram\u00eds","Tiempo de lectura":"3 minutos"},"schema":{"@context":"https:\/\/schema.org","@graph":[{"@type":"Article","@id":"https:\/\/blog.k10mobility.com\/que-ver-en-ibiza-en-1-dia\/#article","isPartOf":{"@id":"https:\/\/blog.k10mobility.com\/que-ver-en-ibiza-en-1-dia\/"},"author":{"name":"Luis Ram\u00eds","@id":"https:\/\/blog.k10mobility.com\/#\/schema\/person\/5f18469c790b92d83fdd98422e621da8"},"headline":"Qu\u00e9 ver en Ibiza en 1 d\u00eda","datePublished":"2025-07-25T12:32:22+00:00","dateModified":"2025-08-06T12:41:02+00:00","mainEntityOfPage":{"@id":"https:\/\/blog.k10mobility.com\/que-ver-en-ibiza-en-1-dia\/"},"wordCount":528,"commentCount":0,"publisher":{"@id":"https:\/\/blog.k10mobility.com\/#organization"},"image":{"@id":"https:\/\/blog.k10mobility.com\/que-ver-en-ibiza-en-1-dia\/#primaryimage"},"thumbnailUrl":"https:\/\/blog.k10mobility.com\/wp-content\/uploads\/2025\/08\/que-ver-ibiza-1-dia.webp","articleSection":["Ibiza"],"inLanguage":"es","potentialAction":[{"@type":"CommentAction","name":"Comment","target":["https:\/\/blog.k10mobility.com\/que-ver-en-ibiza-en-1-dia\/#respond"]}]},{"@type":"WebPage","@id":"https:\/\/blog.k10mobility.com\/que-ver-en-ibiza-en-1-dia\/","url":"https:\/\/blog.k10mobility.com\/que-ver-en-ibiza-en-1-dia\/","name":"Qu\u00e9 ver en Ibiza en 1 d\u00eda | K10 Mobility en Ibiza","isPartOf":{"@id":"https:\/\/blog.k10mobility.com\/#website"},"primaryImageOfPage":{"@id":"https:\/\/blog.k10mobility.com\/que-ver-en-ibiza-en-1-dia\/#primaryimage"},"image":{"@id":"https:\/\/blog.k10mobility.com\/que-ver-en-ibiza-en-1-dia\/#primaryimage"},"thumbnailUrl":"https:\/\/blog.k10mobility.com\/wp-content\/uploads\/2025\/08\/que-ver-ibiza-1-dia.webp","datePublished":"2025-07-25T12:32:22+00:00","dateModified":"2025-08-06T12:41:02+00:00","description":"Si te preguntas Qu\u00e9 ver en Ibiza en 1 d\u00eda, un d\u00eda puede exprimirse al m\u00e1ximo si sabes qu\u00e9 priorizar. \u00a1Te lo cuentan nuestros expertos!","breadcrumb":{"@id":"https:\/\/blog.k10mobility.com\/que-ver-en-ibiza-en-1-dia\/#breadcrumb"},"inLanguage":"es","potentialAction":[{"@type":"ReadAction","target":["https:\/\/blog.k10mobility.com\/que-ver-en-ibiza-en-1-dia\/"]}]},{"@type":"ImageObject","inLanguage":"es","@id":"https:\/\/blog.k10mobility.com\/que-ver-en-ibiza-en-1-dia\/#primaryimage","url":"https:\/\/blog.k10mobility.com\/wp-content\/uploads\/2025\/08\/que-ver-ibiza-1-dia.webp","contentUrl":"https:\/\/blog.k10mobility.com\/wp-content\/uploads\/2025\/08\/que-ver-ibiza-1-dia.webp","width":800,"height":600,"caption":"Qu\u00e9 ver en Ibiza en 1 d\u00eda"},{"@type":"BreadcrumbList","@id":"https:\/\/blog.k10mobility.com\/que-ver-en-ibiza-en-1-dia\/#breadcrumb","itemListElement":[{"@type":"ListItem","position":1,"name":"K10 Mobility","item":"https:\/\/blog.k10mobility.com\/"},{"@type":"ListItem","position":2,"name":"Qu\u00e9 ver en Ibiza en 1 d\u00eda"}]},{"@type":"WebSite","@id":"https:\/\/blog.k10mobility.com\/#website","url":"https:\/\/blog.k10mobility.com\/","name":"K10 Mobility","description":"Rent a car en Ibiza y Mallorca","publisher":{"@id":"https:\/\/blog.k10mobility.com\/#organization"},"alternateName":"K10 Rent a car","potentialAction":[{"@type":"SearchAction","target":{"@type":"EntryPoint","urlTemplate":"https:\/\/blog.k10mobility.com\/?s={search_term_string}"},"query-input":{"@type":"PropertyValueSpecification","valueRequired":true,"valueName":"search_term_string"}}],"inLanguage":"es"},{"@type":"Organization","@id":"https:\/\/blog.k10mobility.com\/#organization","name":"K10 Mobility","alternateName":"K10 Mobility rent a car en Ibiza y Mallorca","url":"https:\/\/blog.k10mobility.com\/","logo":{"@type":"ImageObject","inLanguage":"es","@id":"https:\/\/blog.k10mobility.com\/#\/schema\/logo\/image\/","url":"https:\/\/blog.k10mobility.com\/wp-content\/uploads\/2025\/11\/cropped-Logo-K10-color-apaisado.png","contentUrl":"https:\/\/blog.k10mobility.com\/wp-content\/uploads\/2025\/11\/cropped-Logo-K10-color-apaisado.png","width":665,"height":105,"caption":"K10 Mobility"},"image":{"@id":"https:\/\/blog.k10mobility.com\/#\/schema\/logo\/image\/"},"sameAs":["https:\/\/www.facebook.com\/k10mobility\/","https:\/\/www.instagram.com\/k10mobility\/"]},{"@type":"Person","@id":"https:\/\/blog.k10mobility.com\/#\/schema\/person\/5f18469c790b92d83fdd98422e621da8","name":"Luis Ram\u00eds","image":{"@type":"ImageObject","inLanguage":"es","@id":"https:\/\/secure.gravatar.com\/avatar\/30162c41d6f584ef954ac19546d34176104f5a2b363cc65fe6c8b9dc6c1ed9ac?s=96&d=mm&r=g","url":"https:\/\/secure.gravatar.com\/avatar\/30162c41d6f584ef954ac19546d34176104f5a2b363cc65fe6c8b9dc6c1ed9ac?s=96&d=mm&r=g","contentUrl":"https:\/\/secure.gravatar.com\/avatar\/30162c41d6f584ef954ac19546d34176104f5a2b363cc65fe6c8b9dc6c1ed9ac?s=96&d=mm&r=g","caption":"Luis Ram\u00eds"},"url":"https:\/\/blog.k10mobility.com\/author\/luisr4m1s_k10\/"}]}},"_links":{"self":[{"href":"https:\/\/blog.k10mobility.com\/wp-json\/wp\/v2\/posts\/11910","targetHints":{"allow":["GET"]}}],"collection":[{"href":"https:\/\/blog.k10mobility.com\/wp-json\/wp\/v2\/posts"}],"about":[{"href":"https:\/\/blog.k10mobility.com\/wp-json\/wp\/v2\/types\/post"}],"author":[{"embeddable":true,"href":"https:\/\/blog.k10mobility.com\/wp-json\/wp\/v2\/users\/2"}],"replies":[{"embeddable":true,"href":"https:\/\/blog.k10mobility.com\/wp-json\/wp\/v2\/comments?post=11910"}],"version-history":[{"count":1,"href":"https:\/\/blog.k10mobility.com\/wp-json\/wp\/v2\/posts\/11910\/revisions"}],"predecessor-version":[{"id":11912,"href":"https:\/\/blog.k10mobility.com\/wp-json\/wp\/v2\/posts\/11910\/revisions\/11912"}],"wp:featuredmedia":[{"embeddable":true,"href":"https:\/\/blog.k10mobility.com\/wp-json\/wp\/v2\/media\/11911"}],"wp:attachment":[{"href":"https:\/\/blog.k10mobility.com\/wp-json\/wp\/v2\/media?parent=11910"}],"wp:term":[{"taxonomy":"category","embeddable":true,"href":"https:\/\/blog.k10mobility.com\/wp-json\/wp\/v2\/categories?post=11910"},{"taxonomy":"post_tag","embeddable":true,"href":"https:\/\/blog.k10mobility.com\/wp-json\/wp\/v2\/tags?post=11910"}],"curies":[{"name":"wp","href":"https:\/\/api.w.org\/{rel}","templated":true}]}}