{"id":11913,"date":"2025-07-28T12:35:21","date_gmt":"2025-07-28T12:35:21","guid":{"rendered":"https:\/\/blog.k10mobility.com\/?p=11913"},"modified":"2025-08-06T12:41:02","modified_gmt":"2025-08-06T12:41:02","slug":"que-ver-en-el-centro-de-ibiza","status":"publish","type":"post","link":"https:\/\/blog.k10mobility.com\/que-ver-en-el-centro-de-ibiza\/","title":{"rendered":"Qu\u00e9 ver en el centro de Ibiza"},"content":{"rendered":"<p><span style=\"font-weight: 400;\">Ibiza Ciudad no es solo la capital de la isla; es <\/span><b>el alma de Ibiza<\/b><span style=\"font-weight: 400;\">. Un lugar donde la historia se mezcla con la vida moderna, donde puedes perderte por calles de piedra y terminar comiendo frente al mar.\u00a0<\/span><\/p>\n<p><span style=\"font-weight: 400;\">Si est\u00e1s buscando <\/span><b>qu\u00e9 ver en Ibiza ciudad<\/b><span style=\"font-weight: 400;\">, qu\u00e9date con nosotros hasta el final. Porque hay un rinc\u00f3n poco conocido que te encantar\u00e1 descubrir antes de irte.<\/span><\/p>\n<h2 id=\"von-toc-1\"><b>Qu\u00e9 ver en Ibiza Capital<\/b><\/h2>\n<p><span style=\"font-weight: 400;\">Ibiza Capital, conocida como <\/span><b>Eivissa<\/b><span style=\"font-weight: 400;\">, lo tiene todo: cultura, gastronom\u00eda, vistas espectaculares y un ambiente \u00fanico. Aqu\u00ed te dejamos los imprescindibles para disfrutarla al m\u00e1ximo:<\/span><\/p>\n<p><b>Dalt Vila: la joya hist\u00f3rica<\/b><\/p>\n<p><span style=\"font-weight: 400;\">Es el casco antiguo amurallado y uno de los lugares m\u00e1s bonitos de toda la isla. <\/span><b>Sube caminando hasta lo m\u00e1s alto<\/b><span style=\"font-weight: 400;\"> y disfruta de las vistas al puerto y al mar. Sus calles empedradas, casas blancas y tiendas con encanto te transportan a otra \u00e9poca.<\/span><\/p>\n<p><span style=\"font-weight: 400;\">No te pierdas la <\/span><b>Catedral de Santa Mar\u00eda<\/b><span style=\"font-weight: 400;\">, situada en el punto m\u00e1s alto. La vista desde sus alrededores es perfecta para tus fotos.<\/span><\/p>\n<p><b>Puerto de Ibiza<\/b><\/p>\n<p><span style=\"font-weight: 400;\">A los pies de Dalt Vila se encuentra el puerto, siempre lleno de vida. Pasea por sus muelles, mira los yates y t\u00f3mate algo en una terraza con vistas. Aqu\u00ed es f\u00e1cil sentir el pulso de la ciudad, especialmente al atardecer.<\/span><\/p>\n<p><b>Barrio de la Marina<\/b><\/p>\n<p><span style=\"font-weight: 400;\">Uno de los lugares con m\u00e1s encanto de la ciudad. Llena de tiendas locales, restaurantes y calles estrechas, es perfecta para pasear sin prisa. Por la noche, la zona cobra vida y se convierte en un lugar ideal para cenar.<\/span><\/p>\n<p><span style=\"font-weight: 400;\">Cuando hablamos del centro, nos referimos a la parte m\u00e1s activa de Eivissa, donde se mezcla lo local con lo tur\u00edstico. Aqu\u00ed tienes algunos puntos que no deber\u00edas perderte:<\/span><\/p>\n<p><b>Plaza del Parque<\/b><\/p>\n<p><span style=\"font-weight: 400;\">Es un punto de encuentro muy popular, lleno de terrazas y con muy buen ambiente. Perfecta para descansar y tomar un caf\u00e9 mientras ves pasar a la gente.<\/span><\/p>\n<p><b>Paseo Vara de Rey<\/b><\/p>\n<p><span style=\"font-weight: 400;\">Es la avenida m\u00e1s emblem\u00e1tica del centro. Llena de tiendas, cafeter\u00edas y edificios hist\u00f3ricos, conecta varias zonas clave de la ciudad. Desde aqu\u00ed puedes moverte f\u00e1cilmente hacia Dalt Vila o el puerto.<\/span><\/p>\n<p><b>Mercados y cultura local<\/b><\/p>\n<p><span style=\"font-weight: 400;\">Si tienes tiempo, entra al <\/span><b>Mercado Viejo<\/b><span style=\"font-weight: 400;\"> o al <\/span><b>Mercat Nou<\/b><span style=\"font-weight: 400;\">, donde podr\u00e1s ver c\u00f3mo vive la gente local y comprar productos frescos. Tambi\u00e9n puedes visitar el <\/span><b>Museo de Arte Contempor\u00e1neo de Ibiza<\/b><span style=\"font-weight: 400;\">, si te apetece un plan m\u00e1s tranquilo.<\/span><\/p>\n<p><span style=\"font-weight: 400;\">\u00bfTe apetece recorrer todos estos lugares a tu ritmo? Alquila tu coche con K10 directamente en el aeropuerto y olv\u00eddate de depender de horarios. Descubre todos nuestros veh\u00edculos<\/span><a href=\"https:\/\/blog.k10mobility.com\/\"><span style=\"font-weight: 400;\"> aqu\u00ed<\/span><\/a><span style=\"font-weight: 400;\">.<\/span><\/p>\n<p><span style=\"font-weight: 400;\">Ya sabes <\/span><b>qu\u00e9 ver en Ibiza ciudad<\/b><span style=\"font-weight: 400;\"> para no perderte lo mejor. Historia, vistas, vida local y rincones m\u00e1gicos se concentran en esta capital mediterr\u00e1nea que enamora a primera vista. Y lo mejor es que, con la libertad de moverte en coche, puedes combinar esta visita con otras zonas de la isla sin renunciar a nada.<\/span><\/p>\n<p><span style=\"font-weight: 400;\">\u00bfListo para descubrirla por ti mismo?<\/span><\/p>\n","protected":false},"excerpt":{"rendered":"<p>Ibiza Ciudad no es solo la capital de la isla; es el alma de Ibiza. Un lugar donde la historia se mezcla con la vida moderna, donde puedes perderte por calles de piedra y terminar comiendo frente al mar.\u00a0 Si est\u00e1s buscando qu\u00e9 ver en Ibiza ciudad, qu\u00e9date con nosotros hasta el final. Porque hay &#8230; <a title=\"Qu\u00e9 ver en el centro de Ibiza\" class=\"read-more\" href=\"https:\/\/blog.k10mobility.com\/que-ver-en-el-centro-de-ibiza\/\" aria-label=\"Leer m\u00e1s sobre Qu\u00e9 ver en el centro de Ibiza\">Leer m\u00e1s<\/a><\/p>\n","protected":false},"author":2,"featured_media":11914,"comment_status":"open","ping_status":"closed","sticky":false,"template":"","format":"standard","meta":{"footnotes":""},"categories":[106],"tags":[],"class_list":["post-11913","post","type-post","status-publish","format-standard","has-post-thumbnail","hentry","category-ibiza"],"yoast_head":"<!-- This site is optimized with the Yoast SEO plugin v27.4 - https:\/\/yoast.com\/product\/yoast-seo-wordpress\/ -->\n<title>Qu\u00e9 ver en Ibiza Ciudad (Capital) | K10 Mobility en Ibiza<\/title>\n<meta name=\"description\" content=\"Si te preguntas Qu\u00e9 ver en Ibiza Ciudad. Nuestro equipo sabe c\u00f3mo podr\u00e1s disfrutar de los mejores rincones de la ciudad. \u00a1Desc\u00fabrelos!\" \/>\n<meta name=\"robots\" content=\"index, follow, max-snippet:-1, max-image-preview:large, max-video-preview:-1\" \/>\n<link rel=\"canonical\" href=\"https:\/\/blog.k10mobility.com\/que-ver-en-el-centro-de-ibiza\/\" \/>\n<meta property=\"og:locale\" content=\"es_ES\" \/>\n<meta property=\"og:type\" content=\"article\" \/>\n<meta property=\"og:title\" content=\"Qu\u00e9 ver en Ibiza Ciudad (Capital) | K10 Mobility en Ibiza\" \/>\n<meta property=\"og:description\" content=\"Si te preguntas Qu\u00e9 ver en Ibiza Ciudad. Nuestro equipo sabe c\u00f3mo podr\u00e1s disfrutar de los mejores rincones de la ciudad. \u00a1Desc\u00fabrelos!\" \/>\n<meta property=\"og:url\" content=\"https:\/\/blog.k10mobility.com\/que-ver-en-el-centro-de-ibiza\/\" \/>\n<meta property=\"og:site_name\" content=\"K10 Mobility\" \/>\n<meta property=\"article:publisher\" content=\"https:\/\/www.facebook.com\/k10mobility\/\" \/>\n<meta property=\"article:published_time\" content=\"2025-07-28T12:35:21+00:00\" \/>\n<meta property=\"article:modified_time\" content=\"2025-08-06T12:41:02+00:00\" \/>\n<meta property=\"og:image\" content=\"https:\/\/blog.k10mobility.com\/wp-content\/uploads\/2025\/08\/eivissa-ibiza-capital.webp\" \/>\n\t<meta property=\"og:image:width\" content=\"800\" \/>\n\t<meta property=\"og:image:height\" content=\"600\" \/>\n\t<meta property=\"og:image:type\" content=\"image\/webp\" \/>\n<meta name=\"author\" content=\"Luis Ram\u00eds\" \/>\n<meta name=\"twitter:card\" content=\"summary_large_image\" \/>\n<meta name=\"twitter:label1\" content=\"Escrito por\" \/>\n\t<meta name=\"twitter:data1\" content=\"Luis Ram\u00eds\" \/>\n\t<meta name=\"twitter:label2\" content=\"Tiempo de lectura\" \/>\n\t<meta name=\"twitter:data2\" content=\"3 minutos\" \/>\n<script type=\"application\/ld+json\" class=\"yoast-schema-graph\">{\"@context\":\"https:\\\/\\\/schema.org\",\"@graph\":[{\"@type\":\"Article\",\"@id\":\"https:\\\/\\\/blog.k10mobility.com\\\/que-ver-en-el-centro-de-ibiza\\\/#article\",\"isPartOf\":{\"@id\":\"https:\\\/\\\/blog.k10mobility.com\\\/que-ver-en-el-centro-de-ibiza\\\/\"},\"author\":{\"name\":\"Luis Ram\u00eds\",\"@id\":\"https:\\\/\\\/blog.k10mobility.com\\\/#\\\/schema\\\/person\\\/5f18469c790b92d83fdd98422e621da8\"},\"headline\":\"Qu\u00e9 ver en el centro de Ibiza\",\"datePublished\":\"2025-07-28T12:35:21+00:00\",\"dateModified\":\"2025-08-06T12:41:02+00:00\",\"mainEntityOfPage\":{\"@id\":\"https:\\\/\\\/blog.k10mobility.com\\\/que-ver-en-el-centro-de-ibiza\\\/\"},\"wordCount\":527,\"commentCount\":0,\"publisher\":{\"@id\":\"https:\\\/\\\/blog.k10mobility.com\\\/#organization\"},\"image\":{\"@id\":\"https:\\\/\\\/blog.k10mobility.com\\\/que-ver-en-el-centro-de-ibiza\\\/#primaryimage\"},\"thumbnailUrl\":\"https:\\\/\\\/blog.k10mobility.com\\\/wp-content\\\/uploads\\\/2025\\\/08\\\/eivissa-ibiza-capital.webp\",\"articleSection\":[\"Ibiza\"],\"inLanguage\":\"es\",\"potentialAction\":[{\"@type\":\"CommentAction\",\"name\":\"Comment\",\"target\":[\"https:\\\/\\\/blog.k10mobility.com\\\/que-ver-en-el-centro-de-ibiza\\\/#respond\"]}]},{\"@type\":\"WebPage\",\"@id\":\"https:\\\/\\\/blog.k10mobility.com\\\/que-ver-en-el-centro-de-ibiza\\\/\",\"url\":\"https:\\\/\\\/blog.k10mobility.com\\\/que-ver-en-el-centro-de-ibiza\\\/\",\"name\":\"Qu\u00e9 ver en Ibiza Ciudad (Capital) | K10 Mobility en Ibiza\",\"isPartOf\":{\"@id\":\"https:\\\/\\\/blog.k10mobility.com\\\/#website\"},\"primaryImageOfPage\":{\"@id\":\"https:\\\/\\\/blog.k10mobility.com\\\/que-ver-en-el-centro-de-ibiza\\\/#primaryimage\"},\"image\":{\"@id\":\"https:\\\/\\\/blog.k10mobility.com\\\/que-ver-en-el-centro-de-ibiza\\\/#primaryimage\"},\"thumbnailUrl\":\"https:\\\/\\\/blog.k10mobility.com\\\/wp-content\\\/uploads\\\/2025\\\/08\\\/eivissa-ibiza-capital.webp\",\"datePublished\":\"2025-07-28T12:35:21+00:00\",\"dateModified\":\"2025-08-06T12:41:02+00:00\",\"description\":\"Si te preguntas Qu\u00e9 ver en Ibiza Ciudad. Nuestro equipo sabe c\u00f3mo podr\u00e1s disfrutar de los mejores rincones de la ciudad. \u00a1Desc\u00fabrelos!\",\"breadcrumb\":{\"@id\":\"https:\\\/\\\/blog.k10mobility.com\\\/que-ver-en-el-centro-de-ibiza\\\/#breadcrumb\"},\"inLanguage\":\"es\",\"potentialAction\":[{\"@type\":\"ReadAction\",\"target\":[\"https:\\\/\\\/blog.k10mobility.com\\\/que-ver-en-el-centro-de-ibiza\\\/\"]}]},{\"@type\":\"ImageObject\",\"inLanguage\":\"es\",\"@id\":\"https:\\\/\\\/blog.k10mobility.com\\\/que-ver-en-el-centro-de-ibiza\\\/#primaryimage\",\"url\":\"https:\\\/\\\/blog.k10mobility.com\\\/wp-content\\\/uploads\\\/2025\\\/08\\\/eivissa-ibiza-capital.webp\",\"contentUrl\":\"https:\\\/\\\/blog.k10mobility.com\\\/wp-content\\\/uploads\\\/2025\\\/08\\\/eivissa-ibiza-capital.webp\",\"width\":800,\"height\":600,\"caption\":\"Qu\u00e9 ver en Ibiza Ciudad\"},{\"@type\":\"BreadcrumbList\",\"@id\":\"https:\\\/\\\/blog.k10mobility.com\\\/que-ver-en-el-centro-de-ibiza\\\/#breadcrumb\",\"itemListElement\":[{\"@type\":\"ListItem\",\"position\":1,\"name\":\"K10 Mobility\",\"item\":\"https:\\\/\\\/blog.k10mobility.com\\\/\"},{\"@type\":\"ListItem\",\"position\":2,\"name\":\"Qu\u00e9 ver en el centro de Ibiza\"}]},{\"@type\":\"WebSite\",\"@id\":\"https:\\\/\\\/blog.k10mobility.com\\\/#website\",\"url\":\"https:\\\/\\\/blog.k10mobility.com\\\/\",\"name\":\"K10 Mobility\",\"description\":\"Rent a car en Ibiza y Mallorca\",\"publisher\":{\"@id\":\"https:\\\/\\\/blog.k10mobility.com\\\/#organization\"},\"alternateName\":\"K10 Rent a car\",\"potentialAction\":[{\"@type\":\"SearchAction\",\"target\":{\"@type\":\"EntryPoint\",\"urlTemplate\":\"https:\\\/\\\/blog.k10mobility.com\\\/?s={search_term_string}\"},\"query-input\":{\"@type\":\"PropertyValueSpecification\",\"valueRequired\":true,\"valueName\":\"search_term_string\"}}],\"inLanguage\":\"es\"},{\"@type\":\"Organization\",\"@id\":\"https:\\\/\\\/blog.k10mobility.com\\\/#organization\",\"name\":\"K10 Mobility\",\"alternateName\":\"K10 Mobility rent a car en Ibiza y Mallorca\",\"url\":\"https:\\\/\\\/blog.k10mobility.com\\\/\",\"logo\":{\"@type\":\"ImageObject\",\"inLanguage\":\"es\",\"@id\":\"https:\\\/\\\/blog.k10mobility.com\\\/#\\\/schema\\\/logo\\\/image\\\/\",\"url\":\"https:\\\/\\\/blog.k10mobility.com\\\/wp-content\\\/uploads\\\/2025\\\/11\\\/cropped-Logo-K10-color-apaisado.png\",\"contentUrl\":\"https:\\\/\\\/blog.k10mobility.com\\\/wp-content\\\/uploads\\\/2025\\\/11\\\/cropped-Logo-K10-color-apaisado.png\",\"width\":665,\"height\":105,\"caption\":\"K10 Mobility\"},\"image\":{\"@id\":\"https:\\\/\\\/blog.k10mobility.com\\\/#\\\/schema\\\/logo\\\/image\\\/\"},\"sameAs\":[\"https:\\\/\\\/www.facebook.com\\\/k10mobility\\\/\",\"https:\\\/\\\/www.instagram.com\\\/k10mobility\\\/\"]},{\"@type\":\"Person\",\"@id\":\"https:\\\/\\\/blog.k10mobility.com\\\/#\\\/schema\\\/person\\\/5f18469c790b92d83fdd98422e621da8\",\"name\":\"Luis Ram\u00eds\",\"image\":{\"@type\":\"ImageObject\",\"inLanguage\":\"es\",\"@id\":\"https:\\\/\\\/secure.gravatar.com\\\/avatar\\\/30162c41d6f584ef954ac19546d34176104f5a2b363cc65fe6c8b9dc6c1ed9ac?s=96&d=mm&r=g\",\"url\":\"https:\\\/\\\/secure.gravatar.com\\\/avatar\\\/30162c41d6f584ef954ac19546d34176104f5a2b363cc65fe6c8b9dc6c1ed9ac?s=96&d=mm&r=g\",\"contentUrl\":\"https:\\\/\\\/secure.gravatar.com\\\/avatar\\\/30162c41d6f584ef954ac19546d34176104f5a2b363cc65fe6c8b9dc6c1ed9ac?s=96&d=mm&r=g\",\"caption\":\"Luis Ram\u00eds\"},\"url\":\"https:\\\/\\\/blog.k10mobility.com\\\/author\\\/luisr4m1s_k10\\\/\"}]}<\/script>\n<!-- \/ Yoast SEO plugin. -->","yoast_head_json":{"title":"Qu\u00e9 ver en Ibiza Ciudad (Capital) | K10 Mobility en Ibiza","description":"Si te preguntas Qu\u00e9 ver en Ibiza Ciudad. Nuestro equipo sabe c\u00f3mo podr\u00e1s disfrutar de los mejores rincones de la ciudad. \u00a1Desc\u00fabrelos!","robots":{"index":"index","follow":"follow","max-snippet":"max-snippet:-1","max-image-preview":"max-image-preview:large","max-video-preview":"max-video-preview:-1"},"canonical":"https:\/\/blog.k10mobility.com\/que-ver-en-el-centro-de-ibiza\/","og_locale":"es_ES","og_type":"article","og_title":"Qu\u00e9 ver en Ibiza Ciudad (Capital) | K10 Mobility en Ibiza","og_description":"Si te preguntas Qu\u00e9 ver en Ibiza Ciudad. Nuestro equipo sabe c\u00f3mo podr\u00e1s disfrutar de los mejores rincones de la ciudad. \u00a1Desc\u00fabrelos!","og_url":"https:\/\/blog.k10mobility.com\/que-ver-en-el-centro-de-ibiza\/","og_site_name":"K10 Mobility","article_publisher":"https:\/\/www.facebook.com\/k10mobility\/","article_published_time":"2025-07-28T12:35:21+00:00","article_modified_time":"2025-08-06T12:41:02+00:00","og_image":[{"width":800,"height":600,"url":"https:\/\/blog.k10mobility.com\/wp-content\/uploads\/2025\/08\/eivissa-ibiza-capital.webp","type":"image\/webp"}],"author":"Luis Ram\u00eds","twitter_card":"summary_large_image","twitter_misc":{"Escrito por":"Luis Ram\u00eds","Tiempo de lectura":"3 minutos"},"schema":{"@context":"https:\/\/schema.org","@graph":[{"@type":"Article","@id":"https:\/\/blog.k10mobility.com\/que-ver-en-el-centro-de-ibiza\/#article","isPartOf":{"@id":"https:\/\/blog.k10mobility.com\/que-ver-en-el-centro-de-ibiza\/"},"author":{"name":"Luis Ram\u00eds","@id":"https:\/\/blog.k10mobility.com\/#\/schema\/person\/5f18469c790b92d83fdd98422e621da8"},"headline":"Qu\u00e9 ver en el centro de Ibiza","datePublished":"2025-07-28T12:35:21+00:00","dateModified":"2025-08-06T12:41:02+00:00","mainEntityOfPage":{"@id":"https:\/\/blog.k10mobility.com\/que-ver-en-el-centro-de-ibiza\/"},"wordCount":527,"commentCount":0,"publisher":{"@id":"https:\/\/blog.k10mobility.com\/#organization"},"image":{"@id":"https:\/\/blog.k10mobility.com\/que-ver-en-el-centro-de-ibiza\/#primaryimage"},"thumbnailUrl":"https:\/\/blog.k10mobility.com\/wp-content\/uploads\/2025\/08\/eivissa-ibiza-capital.webp","articleSection":["Ibiza"],"inLanguage":"es","potentialAction":[{"@type":"CommentAction","name":"Comment","target":["https:\/\/blog.k10mobility.com\/que-ver-en-el-centro-de-ibiza\/#respond"]}]},{"@type":"WebPage","@id":"https:\/\/blog.k10mobility.com\/que-ver-en-el-centro-de-ibiza\/","url":"https:\/\/blog.k10mobility.com\/que-ver-en-el-centro-de-ibiza\/","name":"Qu\u00e9 ver en Ibiza Ciudad (Capital) | K10 Mobility en Ibiza","isPartOf":{"@id":"https:\/\/blog.k10mobility.com\/#website"},"primaryImageOfPage":{"@id":"https:\/\/blog.k10mobility.com\/que-ver-en-el-centro-de-ibiza\/#primaryimage"},"image":{"@id":"https:\/\/blog.k10mobility.com\/que-ver-en-el-centro-de-ibiza\/#primaryimage"},"thumbnailUrl":"https:\/\/blog.k10mobility.com\/wp-content\/uploads\/2025\/08\/eivissa-ibiza-capital.webp","datePublished":"2025-07-28T12:35:21+00:00","dateModified":"2025-08-06T12:41:02+00:00","description":"Si te preguntas Qu\u00e9 ver en Ibiza Ciudad. Nuestro equipo sabe c\u00f3mo podr\u00e1s disfrutar de los mejores rincones de la ciudad. \u00a1Desc\u00fabrelos!","breadcrumb":{"@id":"https:\/\/blog.k10mobility.com\/que-ver-en-el-centro-de-ibiza\/#breadcrumb"},"inLanguage":"es","potentialAction":[{"@type":"ReadAction","target":["https:\/\/blog.k10mobility.com\/que-ver-en-el-centro-de-ibiza\/"]}]},{"@type":"ImageObject","inLanguage":"es","@id":"https:\/\/blog.k10mobility.com\/que-ver-en-el-centro-de-ibiza\/#primaryimage","url":"https:\/\/blog.k10mobility.com\/wp-content\/uploads\/2025\/08\/eivissa-ibiza-capital.webp","contentUrl":"https:\/\/blog.k10mobility.com\/wp-content\/uploads\/2025\/08\/eivissa-ibiza-capital.webp","width":800,"height":600,"caption":"Qu\u00e9 ver en Ibiza Ciudad"},{"@type":"BreadcrumbList","@id":"https:\/\/blog.k10mobility.com\/que-ver-en-el-centro-de-ibiza\/#breadcrumb","itemListElement":[{"@type":"ListItem","position":1,"name":"K10 Mobility","item":"https:\/\/blog.k10mobility.com\/"},{"@type":"ListItem","position":2,"name":"Qu\u00e9 ver en el centro de Ibiza"}]},{"@type":"WebSite","@id":"https:\/\/blog.k10mobility.com\/#website","url":"https:\/\/blog.k10mobility.com\/","name":"K10 Mobility","description":"Rent a car en Ibiza y Mallorca","publisher":{"@id":"https:\/\/blog.k10mobility.com\/#organization"},"alternateName":"K10 Rent a car","potentialAction":[{"@type":"SearchAction","target":{"@type":"EntryPoint","urlTemplate":"https:\/\/blog.k10mobility.com\/?s={search_term_string}"},"query-input":{"@type":"PropertyValueSpecification","valueRequired":true,"valueName":"search_term_string"}}],"inLanguage":"es"},{"@type":"Organization","@id":"https:\/\/blog.k10mobility.com\/#organization","name":"K10 Mobility","alternateName":"K10 Mobility rent a car en Ibiza y Mallorca","url":"https:\/\/blog.k10mobility.com\/","logo":{"@type":"ImageObject","inLanguage":"es","@id":"https:\/\/blog.k10mobility.com\/#\/schema\/logo\/image\/","url":"https:\/\/blog.k10mobility.com\/wp-content\/uploads\/2025\/11\/cropped-Logo-K10-color-apaisado.png","contentUrl":"https:\/\/blog.k10mobility.com\/wp-content\/uploads\/2025\/11\/cropped-Logo-K10-color-apaisado.png","width":665,"height":105,"caption":"K10 Mobility"},"image":{"@id":"https:\/\/blog.k10mobility.com\/#\/schema\/logo\/image\/"},"sameAs":["https:\/\/www.facebook.com\/k10mobility\/","https:\/\/www.instagram.com\/k10mobility\/"]},{"@type":"Person","@id":"https:\/\/blog.k10mobility.com\/#\/schema\/person\/5f18469c790b92d83fdd98422e621da8","name":"Luis Ram\u00eds","image":{"@type":"ImageObject","inLanguage":"es","@id":"https:\/\/secure.gravatar.com\/avatar\/30162c41d6f584ef954ac19546d34176104f5a2b363cc65fe6c8b9dc6c1ed9ac?s=96&d=mm&r=g","url":"https:\/\/secure.gravatar.com\/avatar\/30162c41d6f584ef954ac19546d34176104f5a2b363cc65fe6c8b9dc6c1ed9ac?s=96&d=mm&r=g","contentUrl":"https:\/\/secure.gravatar.com\/avatar\/30162c41d6f584ef954ac19546d34176104f5a2b363cc65fe6c8b9dc6c1ed9ac?s=96&d=mm&r=g","caption":"Luis Ram\u00eds"},"url":"https:\/\/blog.k10mobility.com\/author\/luisr4m1s_k10\/"}]}},"_links":{"self":[{"href":"https:\/\/blog.k10mobility.com\/wp-json\/wp\/v2\/posts\/11913","targetHints":{"allow":["GET"]}}],"collection":[{"href":"https:\/\/blog.k10mobility.com\/wp-json\/wp\/v2\/posts"}],"about":[{"href":"https:\/\/blog.k10mobility.com\/wp-json\/wp\/v2\/types\/post"}],"author":[{"embeddable":true,"href":"https:\/\/blog.k10mobility.com\/wp-json\/wp\/v2\/users\/2"}],"replies":[{"embeddable":true,"href":"https:\/\/blog.k10mobility.com\/wp-json\/wp\/v2\/comments?post=11913"}],"version-history":[{"count":1,"href":"https:\/\/blog.k10mobility.com\/wp-json\/wp\/v2\/posts\/11913\/revisions"}],"predecessor-version":[{"id":11915,"href":"https:\/\/blog.k10mobility.com\/wp-json\/wp\/v2\/posts\/11913\/revisions\/11915"}],"wp:featuredmedia":[{"embeddable":true,"href":"https:\/\/blog.k10mobility.com\/wp-json\/wp\/v2\/media\/11914"}],"wp:attachment":[{"href":"https:\/\/blog.k10mobility.com\/wp-json\/wp\/v2\/media?parent=11913"}],"wp:term":[{"taxonomy":"category","embeddable":true,"href":"https:\/\/blog.k10mobility.com\/wp-json\/wp\/v2\/categories?post=11913"},{"taxonomy":"post_tag","embeddable":true,"href":"https:\/\/blog.k10mobility.com\/wp-json\/wp\/v2\/tags?post=11913"}],"curies":[{"name":"wp","href":"https:\/\/api.w.org\/{rel}","templated":true}]}}