{"id":11967,"date":"2025-08-21T10:13:38","date_gmt":"2025-08-21T10:13:38","guid":{"rendered":"https:\/\/blog.k10mobility.com\/?p=11967"},"modified":"2026-03-17T17:56:28","modified_gmt":"2026-03-17T17:56:28","slug":"que-ver-en-ibiza-en-7-dias","status":"publish","type":"post","link":"https:\/\/blog.k10mobility.com\/que-ver-en-ibiza-en-7-dias\/","title":{"rendered":"Qu\u00e9 ver en Ibiza en 7 d\u00edas"},"content":{"rendered":"<p><span style=\"font-weight: 400;\">\u00bfTe imaginas disfrutar de una semana completa en Ibiza y conocer cada rinc\u00f3n de la isla como si fueras local?\u00a0<\/span><\/p>\n<p><span style=\"font-weight: 400;\">Qu\u00e9date hasta el final, porque hemos preparado un <\/span><b>itinerario de Ibiza 7 d\u00edas<\/b><span style=\"font-weight: 400;\"> que combina playas escondidas, pueblos con encanto, rutas en coche y vistas que te dejar\u00e1n sin aliento.<\/span><\/p>\n<p><span style=\"font-weight: 400;\">Este art\u00edculo est\u00e1 dise\u00f1ado para que sepas exactamente <\/span><b>qu\u00e9 ver en Ibiza en 7 d\u00edas<\/b><span style=\"font-weight: 400;\"> sin perderte nada importante. \u00bfListo para comenzar tu aventura?<\/span><\/p>\n<h2 id=\"von-toc-1\"><b>Itinerario de Ibiza para 7 d\u00edas de viaje<\/b><\/h2>\n<h3 id=\"von-toc-2\"><b>D\u00eda 1: Llegada y primer contacto con la isla<\/b><\/h3>\n<ul>\n<li style=\"font-weight: 400;\" aria-level=\"1\"><span style=\"font-weight: 400;\">Recoge tu coche de alquiler en el aeropuerto con K10 Mobility para empezar el viaje con total libertad.<\/span><\/li>\n<li style=\"font-weight: 400;\" aria-level=\"1\"><span style=\"font-weight: 400;\">Explora <\/span><b>Ibiza ciudad<\/b><span style=\"font-weight: 400;\"> y pasea por las murallas de <\/span><b>Dalt Vila<\/b><span style=\"font-weight: 400;\">.<\/span><\/li>\n<li style=\"font-weight: 400;\" aria-level=\"1\"><span style=\"font-weight: 400;\">Cena en el puerto y disfruta del ambiente nocturno.<\/span><\/li>\n<\/ul>\n<h3 id=\"von-toc-3\"><b>D\u00eda 2: Playas del sur<\/b><\/h3>\n<ul>\n<li style=\"font-weight: 400;\" aria-level=\"1\"><span style=\"font-weight: 400;\">Pasa el d\u00eda en <\/span><b>Ses Salines<\/b><span style=\"font-weight: 400;\"> y <\/span><b>Es Cavallet<\/b><span style=\"font-weight: 400;\">, dos de las playas m\u00e1s populares.<\/span><\/li>\n<li style=\"font-weight: 400;\" aria-level=\"1\"><span style=\"font-weight: 400;\">Come en un chiringuito con vistas al mar.<\/span><\/li>\n<li style=\"font-weight: 400;\" aria-level=\"1\"><span style=\"font-weight: 400;\">Tarde tranquila en <\/span><b>Sa Caleta<\/b><span style=\"font-weight: 400;\">, una cala escondida con restos fenicios.<\/span><\/li>\n<\/ul>\n<h3 id=\"von-toc-4\"><b>D\u00eda 3: Aventura por el oeste<\/b><\/h3>\n<ul>\n<li style=\"font-weight: 400;\" aria-level=\"1\"><span style=\"font-weight: 400;\">Descubre <\/span><b>Cala Comte<\/b><span style=\"font-weight: 400;\"> y <\/span><b>Cala Bassa<\/b><span style=\"font-weight: 400;\">, ideales para nadar y hacer fotos.<\/span><\/li>\n<li style=\"font-weight: 400;\" aria-level=\"1\"><span style=\"font-weight: 400;\">Termina el d\u00eda viendo el atardecer en <\/span><b>San Antonio<\/b><span style=\"font-weight: 400;\">, desde <\/span><b>Caf\u00e9 del Mar<\/b><span style=\"font-weight: 400;\">.<\/span><\/li>\n<\/ul>\n<h3 id=\"von-toc-5\"><b>D\u00eda 4: Ruta por el norte<\/b><\/h3>\n<ul>\n<li style=\"font-weight: 400;\" aria-level=\"1\"><span style=\"font-weight: 400;\">Visita los pueblos de <\/span><b>Santa Gertrudis<\/b><span style=\"font-weight: 400;\"> y <\/span><b>San Juan<\/b><span style=\"font-weight: 400;\">, llenos de arte y gastronom\u00eda local.<\/span><\/li>\n<li style=\"font-weight: 400;\" aria-level=\"1\"><span style=\"font-weight: 400;\">Rel\u00e1jate en <\/span><b>Cala Xarraca<\/b><span style=\"font-weight: 400;\"> o <\/span><b>Cala Benirr\u00e0s<\/b><span style=\"font-weight: 400;\">, famosa por sus tambores al atardecer.<\/span><\/li>\n<\/ul>\n<h3 id=\"von-toc-6\"><b>D\u00eda 5: Excursi\u00f3n a Formentera (opcional)<\/b><\/h3>\n<ul>\n<li style=\"font-weight: 400;\" aria-level=\"1\"><span style=\"font-weight: 400;\">Si te apetece un cambio, coge un ferry desde Ibiza y pasa el d\u00eda en <\/span><b>Formentera<\/b><span style=\"font-weight: 400;\">.<\/span><\/li>\n<li style=\"font-weight: 400;\" aria-level=\"1\"><span style=\"font-weight: 400;\">Descubre <\/span><b>Ses Illetes<\/b><span style=\"font-weight: 400;\">, considerada una de las mejores playas de Europa.<\/span><\/li>\n<\/ul>\n<h3 id=\"von-toc-7\"><b>D\u00eda 6: Mercadillos y pueblos del interior<\/b><\/h3>\n<ul>\n<li style=\"font-weight: 400;\" aria-level=\"1\"><span style=\"font-weight: 400;\">Recorre el mercadillo de <\/span><b>Las Dalias<\/b><span style=\"font-weight: 400;\"> o el <\/span><b>Hippy Market de Punta Arab\u00ed<\/b><span style=\"font-weight: 400;\">.<\/span><\/li>\n<li style=\"font-weight: 400;\" aria-level=\"1\"><span style=\"font-weight: 400;\">Disfruta de la calma de pueblos como <\/span><b>Sant Carles<\/b><span style=\"font-weight: 400;\"> y <\/span><b>Santa Agn\u00e8s<\/b><span style=\"font-weight: 400;\">.<\/span><\/li>\n<li style=\"font-weight: 400;\" aria-level=\"1\"><span style=\"font-weight: 400;\">Cena en el campo, bajo las estrellas.<\/span><\/li>\n<\/ul>\n<h3 id=\"von-toc-8\"><b>D\u00eda 7: Relax y despedida<\/b><\/h3>\n<ul>\n<li style=\"font-weight: 400;\" aria-level=\"1\"><span style=\"font-weight: 400;\">Rel\u00e1jate en <\/span><b>Talamanca<\/b><span style=\"font-weight: 400;\"> o <\/span><b>Cala Llonga<\/b><span style=\"font-weight: 400;\">.<\/span><\/li>\n<li style=\"font-weight: 400;\" aria-level=\"1\"><span style=\"font-weight: 400;\">Sube al mirador de <\/span><b>Sa Talaia<\/b><span style=\"font-weight: 400;\">, el punto m\u00e1s alto de la isla, para despedirte con vistas de 360\u00ba.<\/span><\/li>\n<li style=\"font-weight: 400;\" aria-level=\"1\"><span style=\"font-weight: 400;\">Deja tu coche con K10 Mobility y cierra tu semana perfecta en Ibiza.<\/span><\/li>\n<\/ul>\n<h2 id=\"von-toc-9\"><b>Preguntas frecuentes al viajar a Ibiza 7 d\u00edas:<\/b><\/h2>\n<h3 id=\"von-toc-10\"><b>\u00bfEs suficiente una semana para conocer Ibiza?<\/b><\/h3>\n<p><span style=\"font-weight: 400;\">S\u00ed. Una semana es ideal para conocer tanto las zonas m\u00e1s tur\u00edsticas como los rincones menos explorados. Adem\u00e1s, al tener coche, te ser\u00e1 muy f\u00e1cil moverte y aprovechar bien los d\u00edas.<\/span><\/p>\n<h3 id=\"von-toc-11\"><b>\u00bfQu\u00e9 incluye un buen itinerario Ibiza 7 d\u00edas?<\/b><\/h3>\n<p><span style=\"font-weight: 400;\">Un equilibrio entre relax, cultura, naturaleza y gastronom\u00eda. Con un coche de alquiler, puedes organizar tus d\u00edas a tu ritmo y ajustar las visitas seg\u00fan el clima o tus preferencias.<\/span><\/p>\n<h3 id=\"von-toc-12\"><b>\u00bfQu\u00e9 d\u00edas visitar Formentera?<\/b><\/h3>\n<p><span style=\"font-weight: 400;\">Recomendamos hacerlo a mitad del viaje, como en el <\/span><b>D\u00eda 5<\/b><span style=\"font-weight: 400;\">, para cambiar de paisaje sin alterar tu planificaci\u00f3n en Ibiza.<\/span><\/p>\n<p><span style=\"font-weight: 400;\">Si te preguntas <\/span><b>qu\u00e9 ver en Ibiza en 7 d\u00edas<\/b><span style=\"font-weight: 400;\">, ahora ya tienes una gu\u00eda completa para disfrutar cada d\u00eda sin improvisar. Con un <a href=\"\/alquiler-coche-ibiza-aeropuerto\/\">coche de alquiler de <\/a><\/span><span style=\"font-weight: 400;\">K10 Mobility<\/span><span style=\"font-weight: 400;\"> desde el aeropuerto de Ibiza, podr\u00e1s recorrer toda la isla sin depender del transporte p\u00fablico ni de horarios.<\/span><\/p>\n<p><span style=\"font-weight: 400;\">As\u00ed que prep\u00e1rate para una semana inolvidable en Ibiza, donde cada d\u00eda te descubrir\u00e1 un paisaje nuevo.<\/span><\/p>\n","protected":false},"excerpt":{"rendered":"<p>\u00bfTe imaginas disfrutar de una semana completa en Ibiza y conocer cada rinc\u00f3n de la isla como si fueras local?\u00a0 Qu\u00e9date hasta el final, porque hemos preparado un itinerario de Ibiza 7 d\u00edas que combina playas escondidas, pueblos con encanto, rutas en coche y vistas que te dejar\u00e1n sin aliento. Este art\u00edculo est\u00e1 dise\u00f1ado para &#8230; <a title=\"Qu\u00e9 ver en Ibiza en 7 d\u00edas\" class=\"read-more\" href=\"https:\/\/blog.k10mobility.com\/que-ver-en-ibiza-en-7-dias\/\" aria-label=\"Leer m\u00e1s sobre Qu\u00e9 ver en Ibiza en 7 d\u00edas\">Leer m\u00e1s<\/a><\/p>\n","protected":false},"author":2,"featured_media":11973,"comment_status":"closed","ping_status":"closed","sticky":false,"template":"","format":"standard","meta":{"footnotes":""},"categories":[106],"tags":[321],"class_list":["post-11967","post","type-post","status-publish","format-standard","has-post-thumbnail","hentry","category-ibiza","tag-destacada-rutas"],"yoast_head":"<!-- This site is optimized with the Yoast SEO plugin v27.4 - https:\/\/yoast.com\/product\/yoast-seo-wordpress\/ -->\n<title>Qu\u00e9 ver en Ibiza en 7 d\u00edas - K10 Mobility<\/title>\n<meta name=\"description\" content=\"Si quieres saber qu\u00e9 ver en Ibiza en 7 d\u00edas, est\u00e1s en el sitio correcto. Somos aut\u00f3ctonos de la isla y te contamos la mejor ruta para 7 d\u00edas.\" \/>\n<meta name=\"robots\" content=\"index, follow, max-snippet:-1, max-image-preview:large, max-video-preview:-1\" \/>\n<link rel=\"canonical\" href=\"https:\/\/blog.k10mobility.com\/que-ver-en-ibiza-en-7-dias\/\" \/>\n<meta property=\"og:locale\" content=\"es_ES\" \/>\n<meta property=\"og:type\" content=\"article\" \/>\n<meta property=\"og:title\" content=\"Qu\u00e9 ver en Ibiza en 7 d\u00edas - K10 Mobility\" \/>\n<meta property=\"og:description\" content=\"Si quieres saber qu\u00e9 ver en Ibiza en 7 d\u00edas, est\u00e1s en el sitio correcto. Somos aut\u00f3ctonos de la isla y te contamos la mejor ruta para 7 d\u00edas.\" \/>\n<meta property=\"og:url\" content=\"https:\/\/blog.k10mobility.com\/que-ver-en-ibiza-en-7-dias\/\" \/>\n<meta property=\"og:site_name\" content=\"K10 Mobility\" \/>\n<meta property=\"article:publisher\" content=\"https:\/\/www.facebook.com\/k10mobility\/\" \/>\n<meta property=\"article:published_time\" content=\"2025-08-21T10:13:38+00:00\" \/>\n<meta property=\"article:modified_time\" content=\"2026-03-17T17:56:28+00:00\" \/>\n<meta property=\"og:image\" content=\"https:\/\/blog.k10mobility.com\/wp-content\/uploads\/2025\/08\/que-ver-en-ibiza-7-dias.webp\" \/>\n\t<meta property=\"og:image:width\" content=\"800\" \/>\n\t<meta property=\"og:image:height\" content=\"533\" \/>\n\t<meta property=\"og:image:type\" content=\"image\/webp\" \/>\n<meta name=\"author\" content=\"Luis Ram\u00eds\" \/>\n<meta name=\"twitter:card\" content=\"summary_large_image\" \/>\n<meta name=\"twitter:label1\" content=\"Escrito por\" \/>\n\t<meta name=\"twitter:data1\" content=\"Luis Ram\u00eds\" \/>\n\t<meta name=\"twitter:label2\" content=\"Tiempo de lectura\" \/>\n\t<meta name=\"twitter:data2\" content=\"3 minutos\" \/>\n<script type=\"application\/ld+json\" class=\"yoast-schema-graph\">{\"@context\":\"https:\\\/\\\/schema.org\",\"@graph\":[{\"@type\":\"Article\",\"@id\":\"https:\\\/\\\/blog.k10mobility.com\\\/que-ver-en-ibiza-en-7-dias\\\/#article\",\"isPartOf\":{\"@id\":\"https:\\\/\\\/blog.k10mobility.com\\\/que-ver-en-ibiza-en-7-dias\\\/\"},\"author\":{\"name\":\"Luis Ram\u00eds\",\"@id\":\"https:\\\/\\\/blog.k10mobility.com\\\/#\\\/schema\\\/person\\\/5f18469c790b92d83fdd98422e621da8\"},\"headline\":\"Qu\u00e9 ver en Ibiza en 7 d\u00edas\",\"datePublished\":\"2025-08-21T10:13:38+00:00\",\"dateModified\":\"2026-03-17T17:56:28+00:00\",\"mainEntityOfPage\":{\"@id\":\"https:\\\/\\\/blog.k10mobility.com\\\/que-ver-en-ibiza-en-7-dias\\\/\"},\"wordCount\":560,\"publisher\":{\"@id\":\"https:\\\/\\\/blog.k10mobility.com\\\/#organization\"},\"image\":{\"@id\":\"https:\\\/\\\/blog.k10mobility.com\\\/que-ver-en-ibiza-en-7-dias\\\/#primaryimage\"},\"thumbnailUrl\":\"https:\\\/\\\/blog.k10mobility.com\\\/wp-content\\\/uploads\\\/2025\\\/08\\\/que-ver-en-ibiza-7-dias.webp\",\"keywords\":[\"Destacada Rutas\"],\"articleSection\":[\"Ibiza\"],\"inLanguage\":\"es\"},{\"@type\":\"WebPage\",\"@id\":\"https:\\\/\\\/blog.k10mobility.com\\\/que-ver-en-ibiza-en-7-dias\\\/\",\"url\":\"https:\\\/\\\/blog.k10mobility.com\\\/que-ver-en-ibiza-en-7-dias\\\/\",\"name\":\"Qu\u00e9 ver en Ibiza en 7 d\u00edas - K10 Mobility\",\"isPartOf\":{\"@id\":\"https:\\\/\\\/blog.k10mobility.com\\\/#website\"},\"primaryImageOfPage\":{\"@id\":\"https:\\\/\\\/blog.k10mobility.com\\\/que-ver-en-ibiza-en-7-dias\\\/#primaryimage\"},\"image\":{\"@id\":\"https:\\\/\\\/blog.k10mobility.com\\\/que-ver-en-ibiza-en-7-dias\\\/#primaryimage\"},\"thumbnailUrl\":\"https:\\\/\\\/blog.k10mobility.com\\\/wp-content\\\/uploads\\\/2025\\\/08\\\/que-ver-en-ibiza-7-dias.webp\",\"datePublished\":\"2025-08-21T10:13:38+00:00\",\"dateModified\":\"2026-03-17T17:56:28+00:00\",\"description\":\"Si quieres saber qu\u00e9 ver en Ibiza en 7 d\u00edas, est\u00e1s en el sitio correcto. Somos aut\u00f3ctonos de la isla y te contamos la mejor ruta para 7 d\u00edas.\",\"breadcrumb\":{\"@id\":\"https:\\\/\\\/blog.k10mobility.com\\\/que-ver-en-ibiza-en-7-dias\\\/#breadcrumb\"},\"inLanguage\":\"es\",\"potentialAction\":[{\"@type\":\"ReadAction\",\"target\":[\"https:\\\/\\\/blog.k10mobility.com\\\/que-ver-en-ibiza-en-7-dias\\\/\"]}]},{\"@type\":\"ImageObject\",\"inLanguage\":\"es\",\"@id\":\"https:\\\/\\\/blog.k10mobility.com\\\/que-ver-en-ibiza-en-7-dias\\\/#primaryimage\",\"url\":\"https:\\\/\\\/blog.k10mobility.com\\\/wp-content\\\/uploads\\\/2025\\\/08\\\/que-ver-en-ibiza-7-dias.webp\",\"contentUrl\":\"https:\\\/\\\/blog.k10mobility.com\\\/wp-content\\\/uploads\\\/2025\\\/08\\\/que-ver-en-ibiza-7-dias.webp\",\"width\":800,\"height\":533,\"caption\":\"Qu\u00e9 ver en Ibiza en 7 d\u00edas\"},{\"@type\":\"BreadcrumbList\",\"@id\":\"https:\\\/\\\/blog.k10mobility.com\\\/que-ver-en-ibiza-en-7-dias\\\/#breadcrumb\",\"itemListElement\":[{\"@type\":\"ListItem\",\"position\":1,\"name\":\"K10 Mobility\",\"item\":\"https:\\\/\\\/blog.k10mobility.com\\\/\"},{\"@type\":\"ListItem\",\"position\":2,\"name\":\"Qu\u00e9 ver en Ibiza en 7 d\u00edas\"}]},{\"@type\":\"WebSite\",\"@id\":\"https:\\\/\\\/blog.k10mobility.com\\\/#website\",\"url\":\"https:\\\/\\\/blog.k10mobility.com\\\/\",\"name\":\"K10 Mobility\",\"description\":\"Rent a car en Ibiza y Mallorca\",\"publisher\":{\"@id\":\"https:\\\/\\\/blog.k10mobility.com\\\/#organization\"},\"alternateName\":\"K10 Rent a car\",\"potentialAction\":[{\"@type\":\"SearchAction\",\"target\":{\"@type\":\"EntryPoint\",\"urlTemplate\":\"https:\\\/\\\/blog.k10mobility.com\\\/?s={search_term_string}\"},\"query-input\":{\"@type\":\"PropertyValueSpecification\",\"valueRequired\":true,\"valueName\":\"search_term_string\"}}],\"inLanguage\":\"es\"},{\"@type\":\"Organization\",\"@id\":\"https:\\\/\\\/blog.k10mobility.com\\\/#organization\",\"name\":\"K10 Mobility\",\"alternateName\":\"K10 Mobility rent a car en Ibiza y Mallorca\",\"url\":\"https:\\\/\\\/blog.k10mobility.com\\\/\",\"logo\":{\"@type\":\"ImageObject\",\"inLanguage\":\"es\",\"@id\":\"https:\\\/\\\/blog.k10mobility.com\\\/#\\\/schema\\\/logo\\\/image\\\/\",\"url\":\"https:\\\/\\\/blog.k10mobility.com\\\/wp-content\\\/uploads\\\/2025\\\/11\\\/cropped-Logo-K10-color-apaisado.png\",\"contentUrl\":\"https:\\\/\\\/blog.k10mobility.com\\\/wp-content\\\/uploads\\\/2025\\\/11\\\/cropped-Logo-K10-color-apaisado.png\",\"width\":665,\"height\":105,\"caption\":\"K10 Mobility\"},\"image\":{\"@id\":\"https:\\\/\\\/blog.k10mobility.com\\\/#\\\/schema\\\/logo\\\/image\\\/\"},\"sameAs\":[\"https:\\\/\\\/www.facebook.com\\\/k10mobility\\\/\",\"https:\\\/\\\/www.instagram.com\\\/k10mobility\\\/\"]},{\"@type\":\"Person\",\"@id\":\"https:\\\/\\\/blog.k10mobility.com\\\/#\\\/schema\\\/person\\\/5f18469c790b92d83fdd98422e621da8\",\"name\":\"Luis Ram\u00eds\",\"image\":{\"@type\":\"ImageObject\",\"inLanguage\":\"es\",\"@id\":\"https:\\\/\\\/secure.gravatar.com\\\/avatar\\\/30162c41d6f584ef954ac19546d34176104f5a2b363cc65fe6c8b9dc6c1ed9ac?s=96&d=mm&r=g\",\"url\":\"https:\\\/\\\/secure.gravatar.com\\\/avatar\\\/30162c41d6f584ef954ac19546d34176104f5a2b363cc65fe6c8b9dc6c1ed9ac?s=96&d=mm&r=g\",\"contentUrl\":\"https:\\\/\\\/secure.gravatar.com\\\/avatar\\\/30162c41d6f584ef954ac19546d34176104f5a2b363cc65fe6c8b9dc6c1ed9ac?s=96&d=mm&r=g\",\"caption\":\"Luis Ram\u00eds\"},\"url\":\"https:\\\/\\\/blog.k10mobility.com\\\/author\\\/luisr4m1s_k10\\\/\"}]}<\/script>\n<!-- \/ Yoast SEO plugin. -->","yoast_head_json":{"title":"Qu\u00e9 ver en Ibiza en 7 d\u00edas - K10 Mobility","description":"Si quieres saber qu\u00e9 ver en Ibiza en 7 d\u00edas, est\u00e1s en el sitio correcto. Somos aut\u00f3ctonos de la isla y te contamos la mejor ruta para 7 d\u00edas.","robots":{"index":"index","follow":"follow","max-snippet":"max-snippet:-1","max-image-preview":"max-image-preview:large","max-video-preview":"max-video-preview:-1"},"canonical":"https:\/\/blog.k10mobility.com\/que-ver-en-ibiza-en-7-dias\/","og_locale":"es_ES","og_type":"article","og_title":"Qu\u00e9 ver en Ibiza en 7 d\u00edas - K10 Mobility","og_description":"Si quieres saber qu\u00e9 ver en Ibiza en 7 d\u00edas, est\u00e1s en el sitio correcto. Somos aut\u00f3ctonos de la isla y te contamos la mejor ruta para 7 d\u00edas.","og_url":"https:\/\/blog.k10mobility.com\/que-ver-en-ibiza-en-7-dias\/","og_site_name":"K10 Mobility","article_publisher":"https:\/\/www.facebook.com\/k10mobility\/","article_published_time":"2025-08-21T10:13:38+00:00","article_modified_time":"2026-03-17T17:56:28+00:00","og_image":[{"width":800,"height":533,"url":"https:\/\/blog.k10mobility.com\/wp-content\/uploads\/2025\/08\/que-ver-en-ibiza-7-dias.webp","type":"image\/webp"}],"author":"Luis Ram\u00eds","twitter_card":"summary_large_image","twitter_misc":{"Escrito por":"Luis Ram\u00eds","Tiempo de lectura":"3 minutos"},"schema":{"@context":"https:\/\/schema.org","@graph":[{"@type":"Article","@id":"https:\/\/blog.k10mobility.com\/que-ver-en-ibiza-en-7-dias\/#article","isPartOf":{"@id":"https:\/\/blog.k10mobility.com\/que-ver-en-ibiza-en-7-dias\/"},"author":{"name":"Luis Ram\u00eds","@id":"https:\/\/blog.k10mobility.com\/#\/schema\/person\/5f18469c790b92d83fdd98422e621da8"},"headline":"Qu\u00e9 ver en Ibiza en 7 d\u00edas","datePublished":"2025-08-21T10:13:38+00:00","dateModified":"2026-03-17T17:56:28+00:00","mainEntityOfPage":{"@id":"https:\/\/blog.k10mobility.com\/que-ver-en-ibiza-en-7-dias\/"},"wordCount":560,"publisher":{"@id":"https:\/\/blog.k10mobility.com\/#organization"},"image":{"@id":"https:\/\/blog.k10mobility.com\/que-ver-en-ibiza-en-7-dias\/#primaryimage"},"thumbnailUrl":"https:\/\/blog.k10mobility.com\/wp-content\/uploads\/2025\/08\/que-ver-en-ibiza-7-dias.webp","keywords":["Destacada Rutas"],"articleSection":["Ibiza"],"inLanguage":"es"},{"@type":"WebPage","@id":"https:\/\/blog.k10mobility.com\/que-ver-en-ibiza-en-7-dias\/","url":"https:\/\/blog.k10mobility.com\/que-ver-en-ibiza-en-7-dias\/","name":"Qu\u00e9 ver en Ibiza en 7 d\u00edas - K10 Mobility","isPartOf":{"@id":"https:\/\/blog.k10mobility.com\/#website"},"primaryImageOfPage":{"@id":"https:\/\/blog.k10mobility.com\/que-ver-en-ibiza-en-7-dias\/#primaryimage"},"image":{"@id":"https:\/\/blog.k10mobility.com\/que-ver-en-ibiza-en-7-dias\/#primaryimage"},"thumbnailUrl":"https:\/\/blog.k10mobility.com\/wp-content\/uploads\/2025\/08\/que-ver-en-ibiza-7-dias.webp","datePublished":"2025-08-21T10:13:38+00:00","dateModified":"2026-03-17T17:56:28+00:00","description":"Si quieres saber qu\u00e9 ver en Ibiza en 7 d\u00edas, est\u00e1s en el sitio correcto. Somos aut\u00f3ctonos de la isla y te contamos la mejor ruta para 7 d\u00edas.","breadcrumb":{"@id":"https:\/\/blog.k10mobility.com\/que-ver-en-ibiza-en-7-dias\/#breadcrumb"},"inLanguage":"es","potentialAction":[{"@type":"ReadAction","target":["https:\/\/blog.k10mobility.com\/que-ver-en-ibiza-en-7-dias\/"]}]},{"@type":"ImageObject","inLanguage":"es","@id":"https:\/\/blog.k10mobility.com\/que-ver-en-ibiza-en-7-dias\/#primaryimage","url":"https:\/\/blog.k10mobility.com\/wp-content\/uploads\/2025\/08\/que-ver-en-ibiza-7-dias.webp","contentUrl":"https:\/\/blog.k10mobility.com\/wp-content\/uploads\/2025\/08\/que-ver-en-ibiza-7-dias.webp","width":800,"height":533,"caption":"Qu\u00e9 ver en Ibiza en 7 d\u00edas"},{"@type":"BreadcrumbList","@id":"https:\/\/blog.k10mobility.com\/que-ver-en-ibiza-en-7-dias\/#breadcrumb","itemListElement":[{"@type":"ListItem","position":1,"name":"K10 Mobility","item":"https:\/\/blog.k10mobility.com\/"},{"@type":"ListItem","position":2,"name":"Qu\u00e9 ver en Ibiza en 7 d\u00edas"}]},{"@type":"WebSite","@id":"https:\/\/blog.k10mobility.com\/#website","url":"https:\/\/blog.k10mobility.com\/","name":"K10 Mobility","description":"Rent a car en Ibiza y Mallorca","publisher":{"@id":"https:\/\/blog.k10mobility.com\/#organization"},"alternateName":"K10 Rent a car","potentialAction":[{"@type":"SearchAction","target":{"@type":"EntryPoint","urlTemplate":"https:\/\/blog.k10mobility.com\/?s={search_term_string}"},"query-input":{"@type":"PropertyValueSpecification","valueRequired":true,"valueName":"search_term_string"}}],"inLanguage":"es"},{"@type":"Organization","@id":"https:\/\/blog.k10mobility.com\/#organization","name":"K10 Mobility","alternateName":"K10 Mobility rent a car en Ibiza y Mallorca","url":"https:\/\/blog.k10mobility.com\/","logo":{"@type":"ImageObject","inLanguage":"es","@id":"https:\/\/blog.k10mobility.com\/#\/schema\/logo\/image\/","url":"https:\/\/blog.k10mobility.com\/wp-content\/uploads\/2025\/11\/cropped-Logo-K10-color-apaisado.png","contentUrl":"https:\/\/blog.k10mobility.com\/wp-content\/uploads\/2025\/11\/cropped-Logo-K10-color-apaisado.png","width":665,"height":105,"caption":"K10 Mobility"},"image":{"@id":"https:\/\/blog.k10mobility.com\/#\/schema\/logo\/image\/"},"sameAs":["https:\/\/www.facebook.com\/k10mobility\/","https:\/\/www.instagram.com\/k10mobility\/"]},{"@type":"Person","@id":"https:\/\/blog.k10mobility.com\/#\/schema\/person\/5f18469c790b92d83fdd98422e621da8","name":"Luis Ram\u00eds","image":{"@type":"ImageObject","inLanguage":"es","@id":"https:\/\/secure.gravatar.com\/avatar\/30162c41d6f584ef954ac19546d34176104f5a2b363cc65fe6c8b9dc6c1ed9ac?s=96&d=mm&r=g","url":"https:\/\/secure.gravatar.com\/avatar\/30162c41d6f584ef954ac19546d34176104f5a2b363cc65fe6c8b9dc6c1ed9ac?s=96&d=mm&r=g","contentUrl":"https:\/\/secure.gravatar.com\/avatar\/30162c41d6f584ef954ac19546d34176104f5a2b363cc65fe6c8b9dc6c1ed9ac?s=96&d=mm&r=g","caption":"Luis Ram\u00eds"},"url":"https:\/\/blog.k10mobility.com\/author\/luisr4m1s_k10\/"}]}},"_links":{"self":[{"href":"https:\/\/blog.k10mobility.com\/wp-json\/wp\/v2\/posts\/11967","targetHints":{"allow":["GET"]}}],"collection":[{"href":"https:\/\/blog.k10mobility.com\/wp-json\/wp\/v2\/posts"}],"about":[{"href":"https:\/\/blog.k10mobility.com\/wp-json\/wp\/v2\/types\/post"}],"author":[{"embeddable":true,"href":"https:\/\/blog.k10mobility.com\/wp-json\/wp\/v2\/users\/2"}],"replies":[{"embeddable":true,"href":"https:\/\/blog.k10mobility.com\/wp-json\/wp\/v2\/comments?post=11967"}],"version-history":[{"count":1,"href":"https:\/\/blog.k10mobility.com\/wp-json\/wp\/v2\/posts\/11967\/revisions"}],"predecessor-version":[{"id":11968,"href":"https:\/\/blog.k10mobility.com\/wp-json\/wp\/v2\/posts\/11967\/revisions\/11968"}],"wp:featuredmedia":[{"embeddable":true,"href":"https:\/\/blog.k10mobility.com\/wp-json\/wp\/v2\/media\/11973"}],"wp:attachment":[{"href":"https:\/\/blog.k10mobility.com\/wp-json\/wp\/v2\/media?parent=11967"}],"wp:term":[{"taxonomy":"category","embeddable":true,"href":"https:\/\/blog.k10mobility.com\/wp-json\/wp\/v2\/categories?post=11967"},{"taxonomy":"post_tag","embeddable":true,"href":"https:\/\/blog.k10mobility.com\/wp-json\/wp\/v2\/tags?post=11967"}],"curies":[{"name":"wp","href":"https:\/\/api.w.org\/{rel}","templated":true}]}}