{"id":11969,"date":"2025-08-13T10:08:36","date_gmt":"2025-08-13T10:08:36","guid":{"rendered":"https:\/\/blog.k10mobility.com\/?p=11969"},"modified":"2025-12-11T10:20:07","modified_gmt":"2025-12-11T10:20:07","slug":"que-ver-en-ibiza-en-2-dias","status":"publish","type":"post","link":"https:\/\/blog.k10mobility.com\/que-ver-en-ibiza-en-2-dias\/","title":{"rendered":"Qu\u00e9 ver en Ibiza en 2 d\u00edas"},"content":{"rendered":"<p><span style=\"font-weight: 400;\">\u00bfTienes solo 48 horas para descubrir Ibiza y no sabes por d\u00f3nde empezar? No te preocupes, te traemos un itinerario expr\u00e9s que aprovecha cada minuto.\u00a0<\/span><\/p>\n<p><span style=\"font-weight: 400;\">Sigue leyendo, porque lo que viene a continuaci\u00f3n es la gu\u00eda definitiva para quienes quieren disfrutar lo esencial de la isla en poco tiempo, sin estr\u00e9s y a su ritmo.<\/span><\/p>\n<p><span style=\"font-weight: 400;\">Si te est\u00e1s preguntando <\/span><b>qu\u00e9 ver en Ibiza en 2 d\u00edas<\/b><span style=\"font-weight: 400;\">, aqu\u00ed tienes la respuesta clara, \u00fatil y bien organizada. \u00a1Vamos all\u00e1!<\/span><\/p>\n<h2 id=\"von-toc-1\"><b>Itinerario de Ibiza para 2 d\u00edas de viaje<\/b><\/h2>\n<h3 id=\"von-toc-2\"><b>D\u00eda 1: Descubre el sur y el centro de la isla<\/b><\/h3>\n<ul>\n<li style=\"font-weight: 400;\" aria-level=\"1\"><b>Ma\u00f1ana<\/b><span style=\"font-weight: 400;\">: Alquila tu coche nada m\u00e1s aterrizar en el aeropuerto con K10 Mobility. Comienza visitando <\/span><b>Dalt Vila<\/b><span style=\"font-weight: 400;\">, el casco hist\u00f3rico de Ibiza ciudad. Pasea por sus murallas y d\u00e9jate sorprender por las vistas del puerto.<\/span><\/li>\n<li style=\"font-weight: 400;\" aria-level=\"1\"><b>Mediod\u00eda<\/b><span style=\"font-weight: 400;\">: Come en el centro, aprovecha para probar tapas locales o un buen arroz.<\/span><\/li>\n<li style=\"font-weight: 400;\" aria-level=\"1\"><b>Tarde<\/b><span style=\"font-weight: 400;\">: Baja a la famosa <\/span><b>Playa de Ses Salines<\/b><span style=\"font-weight: 400;\">, perfecta para relajarte, darte un ba\u00f1o y disfrutar de los chiringuitos con buen ambiente.<\/span><\/li>\n<li style=\"font-weight: 400;\" aria-level=\"1\"><b>Atardecer<\/b><span style=\"font-weight: 400;\">: Dir\u00edgete hacia <\/span><b>Sa Caleta<\/b><span style=\"font-weight: 400;\"> o <\/span><b>Es Vedr\u00e0<\/b><span style=\"font-weight: 400;\">, dos lugares m\u00e1gicos para ver el sol caer.<\/span><\/li>\n<li style=\"font-weight: 400;\" aria-level=\"1\"><b>Noche<\/b><span style=\"font-weight: 400;\">: Cena en el puerto de Ibiza o, si te apetece un plan m\u00e1s animado, en San Antonio.<\/span><\/li>\n<\/ul>\n<h3 id=\"von-toc-3\"><b>D\u00eda 2: Playas del oeste y pueblos con encanto<\/b><\/h3>\n<ul>\n<li style=\"font-weight: 400;\" aria-level=\"1\"><b>Ma\u00f1ana<\/b><span style=\"font-weight: 400;\">: Despierta pronto y pon rumbo a <\/span><b>Cala Comte<\/b><span style=\"font-weight: 400;\">, una de las playas m\u00e1s espectaculares de la isla. Luego visita <\/span><b>Cala Bassa<\/b><span style=\"font-weight: 400;\">, ideal para nadar y tomar algo con vistas al mar.<\/span><\/li>\n<li style=\"font-weight: 400;\" aria-level=\"1\"><b>Mediod\u00eda<\/b><span style=\"font-weight: 400;\">: Almuerza en la zona de <\/span><b>San Jos\u00e9<\/b><span style=\"font-weight: 400;\">, un pueblo tranquilo con opciones gastron\u00f3micas muy interesantes.<\/span><\/li>\n<li style=\"font-weight: 400;\" aria-level=\"1\"><b>Tarde<\/b><span style=\"font-weight: 400;\">: Si a\u00fan te queda energ\u00eda, visita <\/span><b>Santa Gertrudis<\/b><span style=\"font-weight: 400;\">, un pueblo en el centro de la isla con mucho encanto y tiendas locales.<\/span><\/li>\n<li style=\"font-weight: 400;\" aria-level=\"1\"><b>Fin del viaje<\/b><span style=\"font-weight: 400;\">: Devuelve tu coche c\u00f3modamente en el aeropuerto con K10 Mobility y prep\u00e1rate para volver a casa con recuerdos inolvidables.<\/span><\/li>\n<\/ul>\n<h2 id=\"von-toc-4\"><b>Preguntas frecuentes al viajar a Ibiza 2 d\u00edas:<\/b><\/h2>\n<h3 id=\"von-toc-5\"><b>\u00bfSe puede ver lo mejor de Ibiza en dos d\u00edas?<\/b><\/h3>\n<p><span style=\"font-weight: 400;\">S\u00ed, si planificas bien tu ruta y cuentas con un coche de alquiler. Ibiza no es muy grande, por lo que en 2 d\u00edas puedes ver playas, pueblos, miradores y disfrutar de su gastronom\u00eda.<\/span><\/p>\n<h3 id=\"von-toc-6\"><b>\u00bfQu\u00e9 incluye un buen itinerario si solo tengo 2 d\u00edas?<\/b><\/h3>\n<p><span style=\"font-weight: 400;\">Un buen plan combina mar y pueblo. Es decir: <\/span><b>una playa bonita, un atardecer inolvidable, un paseo por Dalt Vila<\/b><span style=\"font-weight: 400;\"> y una comida en un restaurante local. Todo esto es posible si organizas bien tu tiempo.<\/span><\/p>\n<h3 id=\"von-toc-7\"><b>\u00bfEs \u00fatil alquilar coche para solo 2 d\u00edas?<\/b><\/h3>\n<p><span style=\"font-weight: 400;\">Totalmente. Te permite <\/span><b>ver m\u00e1s en menos tiempo<\/b><span style=\"font-weight: 400;\"> y acceder a calas o pueblos que no tienen transporte p\u00fablico. Con K10 Mobility puedes recoger y devolver el coche en el aeropuerto sin complicaciones.<\/span><\/p>\n<p><span style=\"font-weight: 400;\">Si te preguntabas <\/span><b>qu\u00e9 ver en Ibiza en 2 d\u00edas<\/b><span style=\"font-weight: 400;\">, ahora ya sabes que puedes disfrutar de lo m\u00e1s representativo de la isla en muy poco tiempo. Solo necesitas un buen itinerario y un coche que te d\u00e9 libertad. Con <\/span><a href=\"\/\"><span style=\"font-weight: 400;\">K10 Mobility<\/span><\/a><span style=\"font-weight: 400;\"> puedes aprovechar cada minuto desde que aterrizas. \u00bfC\u00f3mo? Con nuestros coches de alquiler de calidad.<\/span><\/p>\n<p><span style=\"font-weight: 400;\">As\u00ed que no lo pienses m\u00e1s: <\/span><b>Ibiza que ver en 2 d\u00edas<\/b><span style=\"font-weight: 400;\"> no es solo una pregunta, es el inicio de una escapada que recordar\u00e1s para siempre.<\/span><\/p>\n","protected":false},"excerpt":{"rendered":"<p>\u00bfTienes solo 48 horas para descubrir Ibiza y no sabes por d\u00f3nde empezar? No te preocupes, te traemos un itinerario expr\u00e9s que aprovecha cada minuto.\u00a0 Sigue leyendo, porque lo que viene a continuaci\u00f3n es la gu\u00eda definitiva para quienes quieren disfrutar lo esencial de la isla en poco tiempo, sin estr\u00e9s y a su ritmo. &#8230; <a title=\"Qu\u00e9 ver en Ibiza en 2 d\u00edas\" class=\"read-more\" href=\"https:\/\/blog.k10mobility.com\/que-ver-en-ibiza-en-2-dias\/\" aria-label=\"Leer m\u00e1s sobre Qu\u00e9 ver en Ibiza en 2 d\u00edas\">Leer m\u00e1s<\/a><\/p>\n","protected":false},"author":2,"featured_media":11972,"comment_status":"closed","ping_status":"closed","sticky":false,"template":"","format":"standard","meta":{"footnotes":""},"categories":[106],"tags":[],"class_list":["post-11969","post","type-post","status-publish","format-standard","has-post-thumbnail","hentry","category-ibiza"],"yoast_head":"<!-- This site is optimized with the Yoast SEO plugin v27.4 - https:\/\/yoast.com\/product\/yoast-seo-wordpress\/ -->\n<title>Qu\u00e9 ver en Ibiza en 2 d\u00edas - K10 Mobility<\/title>\n<meta name=\"description\" content=\"Si quieres saber qu\u00e9 ver en Ibiza en 2 d\u00edas, est\u00e1s en el sitio correcto. Somos aut\u00f3ctonos de la isla y te contamos la mejor ruta para 2 d\u00edas.\" \/>\n<meta name=\"robots\" content=\"index, follow, max-snippet:-1, max-image-preview:large, max-video-preview:-1\" \/>\n<link rel=\"canonical\" href=\"https:\/\/blog.k10mobility.com\/que-ver-en-ibiza-en-2-dias\/\" \/>\n<meta property=\"og:locale\" content=\"es_ES\" \/>\n<meta property=\"og:type\" content=\"article\" \/>\n<meta property=\"og:title\" content=\"Qu\u00e9 ver en Ibiza en 2 d\u00edas - K10 Mobility\" \/>\n<meta property=\"og:description\" content=\"Si quieres saber qu\u00e9 ver en Ibiza en 2 d\u00edas, est\u00e1s en el sitio correcto. Somos aut\u00f3ctonos de la isla y te contamos la mejor ruta para 2 d\u00edas.\" \/>\n<meta property=\"og:url\" content=\"https:\/\/blog.k10mobility.com\/que-ver-en-ibiza-en-2-dias\/\" \/>\n<meta property=\"og:site_name\" content=\"K10 Mobility\" \/>\n<meta property=\"article:publisher\" content=\"https:\/\/www.facebook.com\/k10mobility\/\" \/>\n<meta property=\"article:published_time\" content=\"2025-08-13T10:08:36+00:00\" \/>\n<meta property=\"article:modified_time\" content=\"2025-12-11T10:20:07+00:00\" \/>\n<meta property=\"og:image\" content=\"https:\/\/blog.k10mobility.com\/wp-content\/uploads\/2025\/08\/que-ver-en-ibiza-2-dias.webp\" \/>\n\t<meta property=\"og:image:width\" content=\"800\" \/>\n\t<meta property=\"og:image:height\" content=\"532\" \/>\n\t<meta property=\"og:image:type\" content=\"image\/webp\" \/>\n<meta name=\"author\" content=\"Luis Ram\u00eds\" \/>\n<meta name=\"twitter:card\" content=\"summary_large_image\" \/>\n<meta name=\"twitter:label1\" content=\"Escrito por\" \/>\n\t<meta name=\"twitter:data1\" content=\"Luis Ram\u00eds\" \/>\n\t<meta name=\"twitter:label2\" content=\"Tiempo de lectura\" \/>\n\t<meta name=\"twitter:data2\" content=\"3 minutos\" \/>\n<script type=\"application\/ld+json\" class=\"yoast-schema-graph\">{\"@context\":\"https:\\\/\\\/schema.org\",\"@graph\":[{\"@type\":\"Article\",\"@id\":\"https:\\\/\\\/blog.k10mobility.com\\\/que-ver-en-ibiza-en-2-dias\\\/#article\",\"isPartOf\":{\"@id\":\"https:\\\/\\\/blog.k10mobility.com\\\/que-ver-en-ibiza-en-2-dias\\\/\"},\"author\":{\"name\":\"Luis Ram\u00eds\",\"@id\":\"https:\\\/\\\/blog.k10mobility.com\\\/#\\\/schema\\\/person\\\/5f18469c790b92d83fdd98422e621da8\"},\"headline\":\"Qu\u00e9 ver en Ibiza en 2 d\u00edas\",\"datePublished\":\"2025-08-13T10:08:36+00:00\",\"dateModified\":\"2025-12-11T10:20:07+00:00\",\"mainEntityOfPage\":{\"@id\":\"https:\\\/\\\/blog.k10mobility.com\\\/que-ver-en-ibiza-en-2-dias\\\/\"},\"wordCount\":564,\"publisher\":{\"@id\":\"https:\\\/\\\/blog.k10mobility.com\\\/#organization\"},\"image\":{\"@id\":\"https:\\\/\\\/blog.k10mobility.com\\\/que-ver-en-ibiza-en-2-dias\\\/#primaryimage\"},\"thumbnailUrl\":\"https:\\\/\\\/blog.k10mobility.com\\\/wp-content\\\/uploads\\\/2025\\\/08\\\/que-ver-en-ibiza-2-dias.webp\",\"articleSection\":[\"Ibiza\"],\"inLanguage\":\"es\"},{\"@type\":\"WebPage\",\"@id\":\"https:\\\/\\\/blog.k10mobility.com\\\/que-ver-en-ibiza-en-2-dias\\\/\",\"url\":\"https:\\\/\\\/blog.k10mobility.com\\\/que-ver-en-ibiza-en-2-dias\\\/\",\"name\":\"Qu\u00e9 ver en Ibiza en 2 d\u00edas - K10 Mobility\",\"isPartOf\":{\"@id\":\"https:\\\/\\\/blog.k10mobility.com\\\/#website\"},\"primaryImageOfPage\":{\"@id\":\"https:\\\/\\\/blog.k10mobility.com\\\/que-ver-en-ibiza-en-2-dias\\\/#primaryimage\"},\"image\":{\"@id\":\"https:\\\/\\\/blog.k10mobility.com\\\/que-ver-en-ibiza-en-2-dias\\\/#primaryimage\"},\"thumbnailUrl\":\"https:\\\/\\\/blog.k10mobility.com\\\/wp-content\\\/uploads\\\/2025\\\/08\\\/que-ver-en-ibiza-2-dias.webp\",\"datePublished\":\"2025-08-13T10:08:36+00:00\",\"dateModified\":\"2025-12-11T10:20:07+00:00\",\"description\":\"Si quieres saber qu\u00e9 ver en Ibiza en 2 d\u00edas, est\u00e1s en el sitio correcto. Somos aut\u00f3ctonos de la isla y te contamos la mejor ruta para 2 d\u00edas.\",\"breadcrumb\":{\"@id\":\"https:\\\/\\\/blog.k10mobility.com\\\/que-ver-en-ibiza-en-2-dias\\\/#breadcrumb\"},\"inLanguage\":\"es\",\"potentialAction\":[{\"@type\":\"ReadAction\",\"target\":[\"https:\\\/\\\/blog.k10mobility.com\\\/que-ver-en-ibiza-en-2-dias\\\/\"]}]},{\"@type\":\"ImageObject\",\"inLanguage\":\"es\",\"@id\":\"https:\\\/\\\/blog.k10mobility.com\\\/que-ver-en-ibiza-en-2-dias\\\/#primaryimage\",\"url\":\"https:\\\/\\\/blog.k10mobility.com\\\/wp-content\\\/uploads\\\/2025\\\/08\\\/que-ver-en-ibiza-2-dias.webp\",\"contentUrl\":\"https:\\\/\\\/blog.k10mobility.com\\\/wp-content\\\/uploads\\\/2025\\\/08\\\/que-ver-en-ibiza-2-dias.webp\",\"width\":800,\"height\":532,\"caption\":\"Qu\u00e9 ver en Ibiza 2 d\u00edas\"},{\"@type\":\"BreadcrumbList\",\"@id\":\"https:\\\/\\\/blog.k10mobility.com\\\/que-ver-en-ibiza-en-2-dias\\\/#breadcrumb\",\"itemListElement\":[{\"@type\":\"ListItem\",\"position\":1,\"name\":\"K10 Mobility\",\"item\":\"https:\\\/\\\/blog.k10mobility.com\\\/\"},{\"@type\":\"ListItem\",\"position\":2,\"name\":\"Qu\u00e9 ver en Ibiza en 2 d\u00edas\"}]},{\"@type\":\"WebSite\",\"@id\":\"https:\\\/\\\/blog.k10mobility.com\\\/#website\",\"url\":\"https:\\\/\\\/blog.k10mobility.com\\\/\",\"name\":\"K10 Mobility\",\"description\":\"Rent a car en Ibiza y Mallorca\",\"publisher\":{\"@id\":\"https:\\\/\\\/blog.k10mobility.com\\\/#organization\"},\"alternateName\":\"K10 Rent a car\",\"potentialAction\":[{\"@type\":\"SearchAction\",\"target\":{\"@type\":\"EntryPoint\",\"urlTemplate\":\"https:\\\/\\\/blog.k10mobility.com\\\/?s={search_term_string}\"},\"query-input\":{\"@type\":\"PropertyValueSpecification\",\"valueRequired\":true,\"valueName\":\"search_term_string\"}}],\"inLanguage\":\"es\"},{\"@type\":\"Organization\",\"@id\":\"https:\\\/\\\/blog.k10mobility.com\\\/#organization\",\"name\":\"K10 Mobility\",\"alternateName\":\"K10 Mobility rent a car en Ibiza y Mallorca\",\"url\":\"https:\\\/\\\/blog.k10mobility.com\\\/\",\"logo\":{\"@type\":\"ImageObject\",\"inLanguage\":\"es\",\"@id\":\"https:\\\/\\\/blog.k10mobility.com\\\/#\\\/schema\\\/logo\\\/image\\\/\",\"url\":\"https:\\\/\\\/blog.k10mobility.com\\\/wp-content\\\/uploads\\\/2025\\\/11\\\/cropped-Logo-K10-color-apaisado.png\",\"contentUrl\":\"https:\\\/\\\/blog.k10mobility.com\\\/wp-content\\\/uploads\\\/2025\\\/11\\\/cropped-Logo-K10-color-apaisado.png\",\"width\":665,\"height\":105,\"caption\":\"K10 Mobility\"},\"image\":{\"@id\":\"https:\\\/\\\/blog.k10mobility.com\\\/#\\\/schema\\\/logo\\\/image\\\/\"},\"sameAs\":[\"https:\\\/\\\/www.facebook.com\\\/k10mobility\\\/\",\"https:\\\/\\\/www.instagram.com\\\/k10mobility\\\/\"]},{\"@type\":\"Person\",\"@id\":\"https:\\\/\\\/blog.k10mobility.com\\\/#\\\/schema\\\/person\\\/5f18469c790b92d83fdd98422e621da8\",\"name\":\"Luis Ram\u00eds\",\"image\":{\"@type\":\"ImageObject\",\"inLanguage\":\"es\",\"@id\":\"https:\\\/\\\/secure.gravatar.com\\\/avatar\\\/30162c41d6f584ef954ac19546d34176104f5a2b363cc65fe6c8b9dc6c1ed9ac?s=96&d=mm&r=g\",\"url\":\"https:\\\/\\\/secure.gravatar.com\\\/avatar\\\/30162c41d6f584ef954ac19546d34176104f5a2b363cc65fe6c8b9dc6c1ed9ac?s=96&d=mm&r=g\",\"contentUrl\":\"https:\\\/\\\/secure.gravatar.com\\\/avatar\\\/30162c41d6f584ef954ac19546d34176104f5a2b363cc65fe6c8b9dc6c1ed9ac?s=96&d=mm&r=g\",\"caption\":\"Luis Ram\u00eds\"},\"url\":\"https:\\\/\\\/blog.k10mobility.com\\\/author\\\/luisr4m1s_k10\\\/\"}]}<\/script>\n<!-- \/ Yoast SEO plugin. -->","yoast_head_json":{"title":"Qu\u00e9 ver en Ibiza en 2 d\u00edas - K10 Mobility","description":"Si quieres saber qu\u00e9 ver en Ibiza en 2 d\u00edas, est\u00e1s en el sitio correcto. Somos aut\u00f3ctonos de la isla y te contamos la mejor ruta para 2 d\u00edas.","robots":{"index":"index","follow":"follow","max-snippet":"max-snippet:-1","max-image-preview":"max-image-preview:large","max-video-preview":"max-video-preview:-1"},"canonical":"https:\/\/blog.k10mobility.com\/que-ver-en-ibiza-en-2-dias\/","og_locale":"es_ES","og_type":"article","og_title":"Qu\u00e9 ver en Ibiza en 2 d\u00edas - K10 Mobility","og_description":"Si quieres saber qu\u00e9 ver en Ibiza en 2 d\u00edas, est\u00e1s en el sitio correcto. Somos aut\u00f3ctonos de la isla y te contamos la mejor ruta para 2 d\u00edas.","og_url":"https:\/\/blog.k10mobility.com\/que-ver-en-ibiza-en-2-dias\/","og_site_name":"K10 Mobility","article_publisher":"https:\/\/www.facebook.com\/k10mobility\/","article_published_time":"2025-08-13T10:08:36+00:00","article_modified_time":"2025-12-11T10:20:07+00:00","og_image":[{"width":800,"height":532,"url":"https:\/\/blog.k10mobility.com\/wp-content\/uploads\/2025\/08\/que-ver-en-ibiza-2-dias.webp","type":"image\/webp"}],"author":"Luis Ram\u00eds","twitter_card":"summary_large_image","twitter_misc":{"Escrito por":"Luis Ram\u00eds","Tiempo de lectura":"3 minutos"},"schema":{"@context":"https:\/\/schema.org","@graph":[{"@type":"Article","@id":"https:\/\/blog.k10mobility.com\/que-ver-en-ibiza-en-2-dias\/#article","isPartOf":{"@id":"https:\/\/blog.k10mobility.com\/que-ver-en-ibiza-en-2-dias\/"},"author":{"name":"Luis Ram\u00eds","@id":"https:\/\/blog.k10mobility.com\/#\/schema\/person\/5f18469c790b92d83fdd98422e621da8"},"headline":"Qu\u00e9 ver en Ibiza en 2 d\u00edas","datePublished":"2025-08-13T10:08:36+00:00","dateModified":"2025-12-11T10:20:07+00:00","mainEntityOfPage":{"@id":"https:\/\/blog.k10mobility.com\/que-ver-en-ibiza-en-2-dias\/"},"wordCount":564,"publisher":{"@id":"https:\/\/blog.k10mobility.com\/#organization"},"image":{"@id":"https:\/\/blog.k10mobility.com\/que-ver-en-ibiza-en-2-dias\/#primaryimage"},"thumbnailUrl":"https:\/\/blog.k10mobility.com\/wp-content\/uploads\/2025\/08\/que-ver-en-ibiza-2-dias.webp","articleSection":["Ibiza"],"inLanguage":"es"},{"@type":"WebPage","@id":"https:\/\/blog.k10mobility.com\/que-ver-en-ibiza-en-2-dias\/","url":"https:\/\/blog.k10mobility.com\/que-ver-en-ibiza-en-2-dias\/","name":"Qu\u00e9 ver en Ibiza en 2 d\u00edas - K10 Mobility","isPartOf":{"@id":"https:\/\/blog.k10mobility.com\/#website"},"primaryImageOfPage":{"@id":"https:\/\/blog.k10mobility.com\/que-ver-en-ibiza-en-2-dias\/#primaryimage"},"image":{"@id":"https:\/\/blog.k10mobility.com\/que-ver-en-ibiza-en-2-dias\/#primaryimage"},"thumbnailUrl":"https:\/\/blog.k10mobility.com\/wp-content\/uploads\/2025\/08\/que-ver-en-ibiza-2-dias.webp","datePublished":"2025-08-13T10:08:36+00:00","dateModified":"2025-12-11T10:20:07+00:00","description":"Si quieres saber qu\u00e9 ver en Ibiza en 2 d\u00edas, est\u00e1s en el sitio correcto. Somos aut\u00f3ctonos de la isla y te contamos la mejor ruta para 2 d\u00edas.","breadcrumb":{"@id":"https:\/\/blog.k10mobility.com\/que-ver-en-ibiza-en-2-dias\/#breadcrumb"},"inLanguage":"es","potentialAction":[{"@type":"ReadAction","target":["https:\/\/blog.k10mobility.com\/que-ver-en-ibiza-en-2-dias\/"]}]},{"@type":"ImageObject","inLanguage":"es","@id":"https:\/\/blog.k10mobility.com\/que-ver-en-ibiza-en-2-dias\/#primaryimage","url":"https:\/\/blog.k10mobility.com\/wp-content\/uploads\/2025\/08\/que-ver-en-ibiza-2-dias.webp","contentUrl":"https:\/\/blog.k10mobility.com\/wp-content\/uploads\/2025\/08\/que-ver-en-ibiza-2-dias.webp","width":800,"height":532,"caption":"Qu\u00e9 ver en Ibiza 2 d\u00edas"},{"@type":"BreadcrumbList","@id":"https:\/\/blog.k10mobility.com\/que-ver-en-ibiza-en-2-dias\/#breadcrumb","itemListElement":[{"@type":"ListItem","position":1,"name":"K10 Mobility","item":"https:\/\/blog.k10mobility.com\/"},{"@type":"ListItem","position":2,"name":"Qu\u00e9 ver en Ibiza en 2 d\u00edas"}]},{"@type":"WebSite","@id":"https:\/\/blog.k10mobility.com\/#website","url":"https:\/\/blog.k10mobility.com\/","name":"K10 Mobility","description":"Rent a car en Ibiza y Mallorca","publisher":{"@id":"https:\/\/blog.k10mobility.com\/#organization"},"alternateName":"K10 Rent a car","potentialAction":[{"@type":"SearchAction","target":{"@type":"EntryPoint","urlTemplate":"https:\/\/blog.k10mobility.com\/?s={search_term_string}"},"query-input":{"@type":"PropertyValueSpecification","valueRequired":true,"valueName":"search_term_string"}}],"inLanguage":"es"},{"@type":"Organization","@id":"https:\/\/blog.k10mobility.com\/#organization","name":"K10 Mobility","alternateName":"K10 Mobility rent a car en Ibiza y Mallorca","url":"https:\/\/blog.k10mobility.com\/","logo":{"@type":"ImageObject","inLanguage":"es","@id":"https:\/\/blog.k10mobility.com\/#\/schema\/logo\/image\/","url":"https:\/\/blog.k10mobility.com\/wp-content\/uploads\/2025\/11\/cropped-Logo-K10-color-apaisado.png","contentUrl":"https:\/\/blog.k10mobility.com\/wp-content\/uploads\/2025\/11\/cropped-Logo-K10-color-apaisado.png","width":665,"height":105,"caption":"K10 Mobility"},"image":{"@id":"https:\/\/blog.k10mobility.com\/#\/schema\/logo\/image\/"},"sameAs":["https:\/\/www.facebook.com\/k10mobility\/","https:\/\/www.instagram.com\/k10mobility\/"]},{"@type":"Person","@id":"https:\/\/blog.k10mobility.com\/#\/schema\/person\/5f18469c790b92d83fdd98422e621da8","name":"Luis Ram\u00eds","image":{"@type":"ImageObject","inLanguage":"es","@id":"https:\/\/secure.gravatar.com\/avatar\/30162c41d6f584ef954ac19546d34176104f5a2b363cc65fe6c8b9dc6c1ed9ac?s=96&d=mm&r=g","url":"https:\/\/secure.gravatar.com\/avatar\/30162c41d6f584ef954ac19546d34176104f5a2b363cc65fe6c8b9dc6c1ed9ac?s=96&d=mm&r=g","contentUrl":"https:\/\/secure.gravatar.com\/avatar\/30162c41d6f584ef954ac19546d34176104f5a2b363cc65fe6c8b9dc6c1ed9ac?s=96&d=mm&r=g","caption":"Luis Ram\u00eds"},"url":"https:\/\/blog.k10mobility.com\/author\/luisr4m1s_k10\/"}]}},"_links":{"self":[{"href":"https:\/\/blog.k10mobility.com\/wp-json\/wp\/v2\/posts\/11969","targetHints":{"allow":["GET"]}}],"collection":[{"href":"https:\/\/blog.k10mobility.com\/wp-json\/wp\/v2\/posts"}],"about":[{"href":"https:\/\/blog.k10mobility.com\/wp-json\/wp\/v2\/types\/post"}],"author":[{"embeddable":true,"href":"https:\/\/blog.k10mobility.com\/wp-json\/wp\/v2\/users\/2"}],"replies":[{"embeddable":true,"href":"https:\/\/blog.k10mobility.com\/wp-json\/wp\/v2\/comments?post=11969"}],"version-history":[{"count":1,"href":"https:\/\/blog.k10mobility.com\/wp-json\/wp\/v2\/posts\/11969\/revisions"}],"predecessor-version":[{"id":11970,"href":"https:\/\/blog.k10mobility.com\/wp-json\/wp\/v2\/posts\/11969\/revisions\/11970"}],"wp:featuredmedia":[{"embeddable":true,"href":"https:\/\/blog.k10mobility.com\/wp-json\/wp\/v2\/media\/11972"}],"wp:attachment":[{"href":"https:\/\/blog.k10mobility.com\/wp-json\/wp\/v2\/media?parent=11969"}],"wp:term":[{"taxonomy":"category","embeddable":true,"href":"https:\/\/blog.k10mobility.com\/wp-json\/wp\/v2\/categories?post=11969"},{"taxonomy":"post_tag","embeddable":true,"href":"https:\/\/blog.k10mobility.com\/wp-json\/wp\/v2\/tags?post=11969"}],"curies":[{"name":"wp","href":"https:\/\/api.w.org\/{rel}","templated":true}]}}