{"id":5427,"date":"2023-01-24T14:59:03","date_gmt":"2023-01-24T14:59:03","guid":{"rendered":"https:\/\/blog.k10mobility.com\/?p=5427"},"modified":"2025-08-06T12:42:15","modified_gmt":"2025-08-06T12:42:15","slug":"que-ver-en-banyalbufar","status":"publish","type":"post","link":"https:\/\/blog.k10mobility.com\/que-ver-en-banyalbufar\/","title":{"rendered":"Explorando Banyalbufar: los principales puntos tur\u00edsticos que ver"},"content":{"rendered":"\n<p>Si vas a visitar <strong>Mallorca<\/strong> y quieres saber <strong>qu\u00e9 ver en Banyalbufar,<\/strong> sigue leyendo y no te arrepentir\u00e1s. <strong>Banyalbufar o Ba\u00f1albufar,<\/strong> en castellano, es un pintoresco pueblo de la costa suroeste de Mallorca, situado en la <strong>Sierra de Tramuntana<\/strong>, declarada Patrimonio de la Humanidad. Con <strong>vistas al mar Mediterr\u00e1neo y a las monta\u00f1as<\/strong>, es un lugar ideal para aquellos que buscan disfrutar de la naturaleza y de la tranquilidad.<\/p>\n\n\n\n<p>Se pueden recorrer los senderos que bordean el mar y disfrutar de las impresionantes vistas y de los maravillosos atardeceres. Adem\u00e1s, el pueblo cuenta con varias playas, como <strong>Cala Banyalbufar y Es Pou des Lle\u00f3<\/strong>, que son ideales para relajarse y tomar el sol.<\/p>\n\n\n\n<h2 class=\"wp-block-heading\" id=\"von-toc-1\">C\u00f3mo llegar a Banyalbufar<\/h2>\n\n\n\n<p>\ud83d\udccd <a href=\"https:\/\/goo.gl\/maps\/17k4v83gTELq7EmY9\" target=\"_blank\" rel=\"noreferrer noopener\">\u00bfD\u00f3nde est\u00e1 Banyalbufar?<\/a><\/p>\n\n\n\n<p><strong>En coche: <\/strong>Si vienes desde Palma, la capital de Mallorca, puedes tomar la carretera hacia Andratx. Una vez all\u00ed, seguir hacia Banyalbufar. El viaje en coche dura aproximadamente una hora y media.<\/p>\n\n\n\n<p><strong>En autob\u00fas:<\/strong> Puedes tomar un autob\u00fas desde la estaci\u00f3n de autobuses de Palma hasta Ba\u00f1albufar. El viaje dura alrededor de dos horas.<\/p>\n\n\n\n<p><strong>En tren: <\/strong>Si prefieres tomar el tren, hay una l\u00ednea que conecta Palma con Andratx, pero luego tendr\u00e1s que coger un autob\u00fas hasta Banyalbufar.<\/p>\n\n\n\n<p><strong>En avi\u00f3n:<\/strong> El aeropuerto m\u00e1s cercano es el Aeropuerto de Son Sant Joan, ubicado en Palma, y desde all\u00ed se pueden tomar autobuses o coche alquilado.<\/p>\n\n\n\n<p><a href=\"https:\/\/blog.k10mobility.com\/alquiler-coche-mallorca\/\"><strong>Alquilar un coche<\/strong> en Mallorca<\/a> si has aterrizado en el aeropuerto es una magn\u00edfica idea para poder <strong>moverse con libertad<\/strong> y visitar los alrededores del pueblo, ya que Banyalbufar es un lugar muy tur\u00edstico y tiene muchas atracciones cercanas que no te puedes perder.<\/p>\n\n\n\n<h2 class=\"wp-block-heading\" id=\"von-toc-2\">Qu\u00e9 ver en Banyalbufar<\/h2>\n\n\n\n<figure class=\"wp-block-image size-full\"><img fetchpriority=\"high\" decoding=\"async\" width=\"800\" height=\"450\" src=\"https:\/\/blog.k10mobility.com\/wp-content\/uploads\/2023\/01\/banyalbufar-torre-de-la-baronia.jpg\" alt=\"visitar torre de la baronia Banyalbufar \" class=\"wp-image-5431\" srcset=\"https:\/\/blog.k10mobility.com\/wp-content\/uploads\/2023\/01\/banyalbufar-torre-de-la-baronia.jpg 800w, https:\/\/blog.k10mobility.com\/wp-content\/uploads\/2023\/01\/banyalbufar-torre-de-la-baronia-300x169.jpg 300w, https:\/\/blog.k10mobility.com\/wp-content\/uploads\/2023\/01\/banyalbufar-torre-de-la-baronia-768x432.jpg 768w\" sizes=\"(max-width: 800px) 100vw, 800px\" \/><\/figure>\n\n\n\n<p><strong>La Plaza de la Vila<\/strong> es el coraz\u00f3n de Banyalbufar, un lugar de gran importancia hist\u00f3rica y cultural en el pueblo. Es un lugar perfecto para <strong>disfrutar de una tarde relajada<\/strong>, tomar un caf\u00e9 o probar la <strong>deliciosa gastronom\u00eda local.<\/strong><\/p>\n\n\n\n<p>En el centro de la plaza se encuentra la <strong>iglesia parroquial de Nuestra Se\u00f1ora de Bel\u00e9n<\/strong>, un edificio religioso construido en el siglo XVII. La iglesia es conocida por sus hermosos frescos y su impresionante campana, que es considerada una de las mejores de Mallorca.<\/p>\n\n\n\n<p>La plaza tambi\u00e9n cuenta con varios edificios hist\u00f3ricos y monumentos, como el edificio del ayuntamiento y la casa consistorial. El edificio del ayuntamiento, construido en el siglo XVIII, es un ejemplo perfecto de <strong>arquitectura tradicional mallorquina<\/strong>.<\/p>\n\n\n\n<p>La plaza tambi\u00e9n es el hogar de varios bares y restaurantes, donde se pueden probar platos tradicionales mallorquines y vinos locales. Es un lugar perfecto para disfrutar de una cena o una copa al atardecer, mientras se disfrutan de las impresionantes vistas de la monta\u00f1a.<\/p>\n\n\n\n<p>A unos metros podemos encontrar <strong>el claustro y la Torre de la Baronia<\/strong>, que son, sin duda, una parte importante de la historia del pueblo. El <strong>claustro<\/strong> es una <strong>construcci\u00f3n g\u00f3tica<\/strong> del siglo XIII que se encuentra en el centro del pueblo y que se utilizaba como lugar de reuni\u00f3n para los barones de la zona.<\/p>\n\n\n\n<p><strong>La torre es una construcci\u00f3n defensiva<\/strong> que se encuentra en una colina cerca del centro del pueblo. Se cree que se construy\u00f3 en el siglo XVI como una medida de defensa contra los piratas. Aunque no se puede visitar, desde la torre se tiene una vista panor\u00e1mica del pueblo y del mar.<\/p>\n\n\n\n<p>En conjunto, el claustro y la torre son un <strong>excelente ejemplo de la<\/strong> <strong>arquitectura medieval de la zona <\/strong>y tienen un gran valor hist\u00f3rico y patrimonial. El claustro es actualmente un espacio cultural que se utiliza para exposiciones de arte y otras actividades culturales.<\/p>\n\n\n\n<h2 class=\"wp-block-heading\" id=\"von-toc-3\">Callejear por las calles de Banyalbufar<\/h2>\n\n\n\n<figure class=\"wp-block-image size-full\"><img decoding=\"async\" width=\"800\" height=\"450\" src=\"https:\/\/blog.k10mobility.com\/wp-content\/uploads\/2023\/01\/calles-banyalbufar.jpg\" alt=\"calles de Banyalbufar\" class=\"wp-image-5432\" srcset=\"https:\/\/blog.k10mobility.com\/wp-content\/uploads\/2023\/01\/calles-banyalbufar.jpg 800w, https:\/\/blog.k10mobility.com\/wp-content\/uploads\/2023\/01\/calles-banyalbufar-300x169.jpg 300w, https:\/\/blog.k10mobility.com\/wp-content\/uploads\/2023\/01\/calles-banyalbufar-768x432.jpg 768w\" sizes=\"(max-width: 800px) 100vw, 800px\" \/><\/figure>\n\n\n\n<p><strong>Sus calles estrechas y empedradas ofrecen un ambiente encantador<\/strong> para dar un paseo y disfrutar de las vistas al mar y al campo. Al caminar por el pueblo, podr\u00e1s ver casas blancas tradicionales con techos de tejas rojas y terrazas llenas de flores.<\/p>\n\n\n\n<p>Entre los <strong>rincones <\/strong>m\u00e1s especiales de este pueblo podemos mencionar los <strong>lavaderos de Sa Canaleta<\/strong> construidos a finales del siglo XIX, <strong>la Placeta de Sa Canal<\/strong> o las <strong>fotog\u00e9nicas calles de s\u2019Amargura y L\u2019Esperit Sant.<\/strong> Rincones llenos de magia que te transportar\u00e1n a otra \u00e9poca.<\/p>\n\n\n\n<p><strong>Es Penyal<\/strong> es una de las<strong> colinas m\u00e1s emblem\u00e1ticas de la zona.<\/strong> Se encuentra en una posici\u00f3n privilegiada, ofreciendo impresionantes vistas del mar, del pueblo de Banyalbufar y de la sierra de Tramuntana.<\/p>\n\n\n\n<p>En la cima del Es Penyal se encuentra la <strong>ermita de Es Penyal<\/strong>, una peque\u00f1a iglesia construida en el siglo XVIII. La ermita es un lugar de peregrinaci\u00f3n popular y es el punto m\u00e1s alto del pueblo de Banyalbufar, desde donde se tiene una <strong>vista panor\u00e1mica espectacular.<\/strong><\/p>\n\n\n\n<p>Es Penyal es un lugar popular para caminar y hacer senderismo, hay varias rutas que llevan a la cima, uno de ellos es el <strong>Camino de Ronda<\/strong>. Tambi\u00e9n es un lugar popular para practicar escalada y alpinismo.<\/p>\n\n\n\n<p>El barrio m\u00e1s antiguo de Banyalbufar se conoce como <strong>Sa Riera<\/strong>. Est\u00e1 situado en la parte baja del pueblo, cerca del mar.<\/p>\n\n\n\n<p>Es un <strong>laberinto de calles estrechas y empedradas<\/strong> que se adentran en el casco antiguo del pueblo, rodeadas de casas tradicionales. El barrio es conocido por sus casas de pescadores y casas se\u00f1oriales, construidas en el siglo XVIII y XIX. La mayor\u00eda de estas casas han sido restauradas y se utilizan como viviendas vacacionales.<\/p>\n\n\n\n<p>Tambi\u00e9n es posible encontrar algunos <strong>restaurantes y tiendas de artesan\u00eda en Sa Riera<\/strong>. Es un lugar ideal para pasear y disfrutar de la aut\u00e9ntica vida de pueblo, con un ambiente tranquilo y una gran cantidad de historia y cultura.<\/p>\n\n\n\n<h2 class=\"wp-block-heading\" id=\"von-toc-4\">Cala de Banyalbufar c\u00f3mo llegar y qu\u00e9 puedes encontrar<\/h2>\n\n\n\n<figure class=\"wp-block-image size-full\"><img decoding=\"async\" width=\"800\" height=\"450\" src=\"https:\/\/blog.k10mobility.com\/wp-content\/uploads\/2023\/01\/cala-de-banyalbufar.jpg\" alt=\"visitar cala de Banyalbufar\" class=\"wp-image-5433\" srcset=\"https:\/\/blog.k10mobility.com\/wp-content\/uploads\/2023\/01\/cala-de-banyalbufar.jpg 800w, https:\/\/blog.k10mobility.com\/wp-content\/uploads\/2023\/01\/cala-de-banyalbufar-300x169.jpg 300w, https:\/\/blog.k10mobility.com\/wp-content\/uploads\/2023\/01\/cala-de-banyalbufar-768x432.jpg 768w\" sizes=\"(max-width: 800px) 100vw, 800px\" \/><\/figure>\n\n\n\n<p><strong>El puerto y la Cala Banyalbufar <\/strong>son lugares muy populares entre turistas y locales. Sobre c\u00f3mo llegar a la cala de Ba\u00f1albufar lo recomendable es aparcar el coche en el centro del pueblo y bajar caminando. La playa es peque\u00f1a pero pintoresca,<strong> con aguas cristalinas y una costa rocosa<\/strong>. Es un lugar ideal para la pr\u00e1ctica del snorkel. En la zona del puerto tambi\u00e9n hay varios restaurantes y bares donde puedes disfrutar de la comida y bebida tradicional espa\u00f1ola.<\/p>\n\n\n\n<p>En resumen, todo esto y m\u00e1s es lo <strong>que puedes ver en Banyalbufar. <\/strong>Un lugar encantador, con una gran variedad de atracciones y actividades para todos los gustos. Con sus impresionantes vistas al mar, su patrimonio arqueol\u00f3gico, su agricultura y su gastronom\u00eda, es un destino ideal para aquellos que buscan desconectar y disfrutar de la naturaleza.<\/p>\n","protected":false},"excerpt":{"rendered":"<p>Si vas a visitar Mallorca y quieres saber qu\u00e9 ver en Banyalbufar, sigue leyendo y no te arrepentir\u00e1s. Banyalbufar o Ba\u00f1albufar, en castellano, es un pintoresco pueblo de la costa suroeste de Mallorca, situado en la Sierra de Tramuntana, declarada Patrimonio de la Humanidad. Con vistas al mar Mediterr\u00e1neo y a las monta\u00f1as, es un &#8230; <a title=\"Explorando Banyalbufar: los principales puntos tur\u00edsticos que ver\" class=\"read-more\" href=\"https:\/\/blog.k10mobility.com\/que-ver-en-banyalbufar\/\" aria-label=\"Leer m\u00e1s sobre Explorando Banyalbufar: los principales puntos tur\u00edsticos que ver\">Leer m\u00e1s<\/a><\/p>\n","protected":false},"author":2,"featured_media":5430,"comment_status":"closed","ping_status":"closed","sticky":false,"template":"","format":"standard","meta":{"footnotes":""},"categories":[119],"tags":[],"class_list":["post-5427","post","type-post","status-publish","format-standard","has-post-thumbnail","hentry","category-mallorca-es"],"yoast_head":"<!-- This site is optimized with the Yoast SEO plugin v27.4 - https:\/\/yoast.com\/product\/yoast-seo-wordpress\/ -->\n<title>\u1405 Explorando Banyalbufar: los principales puntos tur\u00edsticos que ver | K10 Mobility \u00ae<\/title>\n<meta name=\"description\" content=\"Si te preguntas que ver y que hacer en Banyalbufar descubre esta gu\u00eda, c\u00f3mo moverse y cu\u00e1les son los mejores lugares que visitar.\" \/>\n<meta name=\"robots\" content=\"index, follow, max-snippet:-1, max-image-preview:large, max-video-preview:-1\" \/>\n<link rel=\"canonical\" href=\"https:\/\/blog.k10mobility.com\/que-ver-en-banyalbufar\/\" \/>\n<meta property=\"og:locale\" content=\"es_ES\" \/>\n<meta property=\"og:type\" content=\"article\" \/>\n<meta property=\"og:title\" content=\"\u1405 Explorando Banyalbufar: los principales puntos tur\u00edsticos que ver | K10 Mobility \u00ae\" \/>\n<meta property=\"og:description\" content=\"Si te preguntas que ver y que hacer en Banyalbufar descubre esta gu\u00eda, c\u00f3mo moverse y cu\u00e1les son los mejores lugares que visitar.\" \/>\n<meta property=\"og:url\" content=\"https:\/\/blog.k10mobility.com\/que-ver-en-banyalbufar\/\" \/>\n<meta property=\"og:site_name\" content=\"K10 Mobility\" \/>\n<meta property=\"article:publisher\" content=\"https:\/\/www.facebook.com\/k10mobility\/\" \/>\n<meta property=\"article:published_time\" content=\"2023-01-24T14:59:03+00:00\" \/>\n<meta property=\"article:modified_time\" content=\"2025-08-06T12:42:15+00:00\" \/>\n<meta property=\"og:image\" content=\"https:\/\/blog.k10mobility.com\/wp-content\/uploads\/2023\/01\/que-ver-y-hacer-en-banyalbufar.jpg\" \/>\n\t<meta property=\"og:image:width\" content=\"1000\" \/>\n\t<meta property=\"og:image:height\" content=\"562\" \/>\n\t<meta property=\"og:image:type\" content=\"image\/jpeg\" \/>\n<meta name=\"author\" content=\"Luis Ram\u00eds\" \/>\n<meta name=\"twitter:card\" content=\"summary_large_image\" \/>\n<meta name=\"twitter:label1\" content=\"Escrito por\" \/>\n\t<meta name=\"twitter:data1\" content=\"Luis Ram\u00eds\" \/>\n\t<meta name=\"twitter:label2\" content=\"Tiempo de lectura\" \/>\n\t<meta name=\"twitter:data2\" content=\"6 minutos\" \/>\n<script type=\"application\/ld+json\" class=\"yoast-schema-graph\">{\"@context\":\"https:\\\/\\\/schema.org\",\"@graph\":[{\"@type\":\"Article\",\"@id\":\"https:\\\/\\\/blog.k10mobility.com\\\/que-ver-en-banyalbufar\\\/#article\",\"isPartOf\":{\"@id\":\"https:\\\/\\\/blog.k10mobility.com\\\/que-ver-en-banyalbufar\\\/\"},\"author\":{\"name\":\"Luis Ram\u00eds\",\"@id\":\"https:\\\/\\\/blog.k10mobility.com\\\/#\\\/schema\\\/person\\\/5f18469c790b92d83fdd98422e621da8\"},\"headline\":\"Explorando Banyalbufar: los principales puntos tur\u00edsticos que ver\",\"datePublished\":\"2023-01-24T14:59:03+00:00\",\"dateModified\":\"2025-08-06T12:42:15+00:00\",\"mainEntityOfPage\":{\"@id\":\"https:\\\/\\\/blog.k10mobility.com\\\/que-ver-en-banyalbufar\\\/\"},\"wordCount\":1132,\"publisher\":{\"@id\":\"https:\\\/\\\/blog.k10mobility.com\\\/#organization\"},\"image\":{\"@id\":\"https:\\\/\\\/blog.k10mobility.com\\\/que-ver-en-banyalbufar\\\/#primaryimage\"},\"thumbnailUrl\":\"https:\\\/\\\/blog.k10mobility.com\\\/wp-content\\\/uploads\\\/2023\\\/01\\\/que-ver-y-hacer-en-banyalbufar.jpg\",\"articleSection\":[\"Mallorca\"],\"inLanguage\":\"es\"},{\"@type\":\"WebPage\",\"@id\":\"https:\\\/\\\/blog.k10mobility.com\\\/que-ver-en-banyalbufar\\\/\",\"url\":\"https:\\\/\\\/blog.k10mobility.com\\\/que-ver-en-banyalbufar\\\/\",\"name\":\"\u1405 Explorando Banyalbufar: los principales puntos tur\u00edsticos que ver | K10 Mobility \u00ae\",\"isPartOf\":{\"@id\":\"https:\\\/\\\/blog.k10mobility.com\\\/#website\"},\"primaryImageOfPage\":{\"@id\":\"https:\\\/\\\/blog.k10mobility.com\\\/que-ver-en-banyalbufar\\\/#primaryimage\"},\"image\":{\"@id\":\"https:\\\/\\\/blog.k10mobility.com\\\/que-ver-en-banyalbufar\\\/#primaryimage\"},\"thumbnailUrl\":\"https:\\\/\\\/blog.k10mobility.com\\\/wp-content\\\/uploads\\\/2023\\\/01\\\/que-ver-y-hacer-en-banyalbufar.jpg\",\"datePublished\":\"2023-01-24T14:59:03+00:00\",\"dateModified\":\"2025-08-06T12:42:15+00:00\",\"description\":\"Si te preguntas que ver y que hacer en Banyalbufar descubre esta gu\u00eda, c\u00f3mo moverse y cu\u00e1les son los mejores lugares que visitar.\",\"breadcrumb\":{\"@id\":\"https:\\\/\\\/blog.k10mobility.com\\\/que-ver-en-banyalbufar\\\/#breadcrumb\"},\"inLanguage\":\"es\",\"potentialAction\":[{\"@type\":\"ReadAction\",\"target\":[\"https:\\\/\\\/blog.k10mobility.com\\\/que-ver-en-banyalbufar\\\/\"]}]},{\"@type\":\"ImageObject\",\"inLanguage\":\"es\",\"@id\":\"https:\\\/\\\/blog.k10mobility.com\\\/que-ver-en-banyalbufar\\\/#primaryimage\",\"url\":\"https:\\\/\\\/blog.k10mobility.com\\\/wp-content\\\/uploads\\\/2023\\\/01\\\/que-ver-y-hacer-en-banyalbufar.jpg\",\"contentUrl\":\"https:\\\/\\\/blog.k10mobility.com\\\/wp-content\\\/uploads\\\/2023\\\/01\\\/que-ver-y-hacer-en-banyalbufar.jpg\",\"width\":1000,\"height\":562,\"caption\":\"que ver en banyalbufar\"},{\"@type\":\"BreadcrumbList\",\"@id\":\"https:\\\/\\\/blog.k10mobility.com\\\/que-ver-en-banyalbufar\\\/#breadcrumb\",\"itemListElement\":[{\"@type\":\"ListItem\",\"position\":1,\"name\":\"K10 Mobility\",\"item\":\"https:\\\/\\\/blog.k10mobility.com\\\/\"},{\"@type\":\"ListItem\",\"position\":2,\"name\":\"Explorando Banyalbufar: los principales puntos tur\u00edsticos que ver\"}]},{\"@type\":\"WebSite\",\"@id\":\"https:\\\/\\\/blog.k10mobility.com\\\/#website\",\"url\":\"https:\\\/\\\/blog.k10mobility.com\\\/\",\"name\":\"K10 Mobility\",\"description\":\"Rent a car en Ibiza y Mallorca\",\"publisher\":{\"@id\":\"https:\\\/\\\/blog.k10mobility.com\\\/#organization\"},\"alternateName\":\"K10 Rent a car\",\"potentialAction\":[{\"@type\":\"SearchAction\",\"target\":{\"@type\":\"EntryPoint\",\"urlTemplate\":\"https:\\\/\\\/blog.k10mobility.com\\\/?s={search_term_string}\"},\"query-input\":{\"@type\":\"PropertyValueSpecification\",\"valueRequired\":true,\"valueName\":\"search_term_string\"}}],\"inLanguage\":\"es\"},{\"@type\":\"Organization\",\"@id\":\"https:\\\/\\\/blog.k10mobility.com\\\/#organization\",\"name\":\"K10 Mobility\",\"alternateName\":\"K10 Mobility rent a car en Ibiza y Mallorca\",\"url\":\"https:\\\/\\\/blog.k10mobility.com\\\/\",\"logo\":{\"@type\":\"ImageObject\",\"inLanguage\":\"es\",\"@id\":\"https:\\\/\\\/blog.k10mobility.com\\\/#\\\/schema\\\/logo\\\/image\\\/\",\"url\":\"https:\\\/\\\/blog.k10mobility.com\\\/wp-content\\\/uploads\\\/2025\\\/11\\\/cropped-Logo-K10-color-apaisado.png\",\"contentUrl\":\"https:\\\/\\\/blog.k10mobility.com\\\/wp-content\\\/uploads\\\/2025\\\/11\\\/cropped-Logo-K10-color-apaisado.png\",\"width\":665,\"height\":105,\"caption\":\"K10 Mobility\"},\"image\":{\"@id\":\"https:\\\/\\\/blog.k10mobility.com\\\/#\\\/schema\\\/logo\\\/image\\\/\"},\"sameAs\":[\"https:\\\/\\\/www.facebook.com\\\/k10mobility\\\/\",\"https:\\\/\\\/www.instagram.com\\\/k10mobility\\\/\"]},{\"@type\":\"Person\",\"@id\":\"https:\\\/\\\/blog.k10mobility.com\\\/#\\\/schema\\\/person\\\/5f18469c790b92d83fdd98422e621da8\",\"name\":\"Luis Ram\u00eds\",\"image\":{\"@type\":\"ImageObject\",\"inLanguage\":\"es\",\"@id\":\"https:\\\/\\\/secure.gravatar.com\\\/avatar\\\/30162c41d6f584ef954ac19546d34176104f5a2b363cc65fe6c8b9dc6c1ed9ac?s=96&d=mm&r=g\",\"url\":\"https:\\\/\\\/secure.gravatar.com\\\/avatar\\\/30162c41d6f584ef954ac19546d34176104f5a2b363cc65fe6c8b9dc6c1ed9ac?s=96&d=mm&r=g\",\"contentUrl\":\"https:\\\/\\\/secure.gravatar.com\\\/avatar\\\/30162c41d6f584ef954ac19546d34176104f5a2b363cc65fe6c8b9dc6c1ed9ac?s=96&d=mm&r=g\",\"caption\":\"Luis Ram\u00eds\"},\"url\":\"https:\\\/\\\/blog.k10mobility.com\\\/author\\\/luisr4m1s_k10\\\/\"}]}<\/script>\n<!-- \/ Yoast SEO plugin. -->","yoast_head_json":{"title":"\u1405 Explorando Banyalbufar: los principales puntos tur\u00edsticos que ver | K10 Mobility \u00ae","description":"Si te preguntas que ver y que hacer en Banyalbufar descubre esta gu\u00eda, c\u00f3mo moverse y cu\u00e1les son los mejores lugares que visitar.","robots":{"index":"index","follow":"follow","max-snippet":"max-snippet:-1","max-image-preview":"max-image-preview:large","max-video-preview":"max-video-preview:-1"},"canonical":"https:\/\/blog.k10mobility.com\/que-ver-en-banyalbufar\/","og_locale":"es_ES","og_type":"article","og_title":"\u1405 Explorando Banyalbufar: los principales puntos tur\u00edsticos que ver | K10 Mobility \u00ae","og_description":"Si te preguntas que ver y que hacer en Banyalbufar descubre esta gu\u00eda, c\u00f3mo moverse y cu\u00e1les son los mejores lugares que visitar.","og_url":"https:\/\/blog.k10mobility.com\/que-ver-en-banyalbufar\/","og_site_name":"K10 Mobility","article_publisher":"https:\/\/www.facebook.com\/k10mobility\/","article_published_time":"2023-01-24T14:59:03+00:00","article_modified_time":"2025-08-06T12:42:15+00:00","og_image":[{"width":1000,"height":562,"url":"https:\/\/blog.k10mobility.com\/wp-content\/uploads\/2023\/01\/que-ver-y-hacer-en-banyalbufar.jpg","type":"image\/jpeg"}],"author":"Luis Ram\u00eds","twitter_card":"summary_large_image","twitter_misc":{"Escrito por":"Luis Ram\u00eds","Tiempo de lectura":"6 minutos"},"schema":{"@context":"https:\/\/schema.org","@graph":[{"@type":"Article","@id":"https:\/\/blog.k10mobility.com\/que-ver-en-banyalbufar\/#article","isPartOf":{"@id":"https:\/\/blog.k10mobility.com\/que-ver-en-banyalbufar\/"},"author":{"name":"Luis Ram\u00eds","@id":"https:\/\/blog.k10mobility.com\/#\/schema\/person\/5f18469c790b92d83fdd98422e621da8"},"headline":"Explorando Banyalbufar: los principales puntos tur\u00edsticos que ver","datePublished":"2023-01-24T14:59:03+00:00","dateModified":"2025-08-06T12:42:15+00:00","mainEntityOfPage":{"@id":"https:\/\/blog.k10mobility.com\/que-ver-en-banyalbufar\/"},"wordCount":1132,"publisher":{"@id":"https:\/\/blog.k10mobility.com\/#organization"},"image":{"@id":"https:\/\/blog.k10mobility.com\/que-ver-en-banyalbufar\/#primaryimage"},"thumbnailUrl":"https:\/\/blog.k10mobility.com\/wp-content\/uploads\/2023\/01\/que-ver-y-hacer-en-banyalbufar.jpg","articleSection":["Mallorca"],"inLanguage":"es"},{"@type":"WebPage","@id":"https:\/\/blog.k10mobility.com\/que-ver-en-banyalbufar\/","url":"https:\/\/blog.k10mobility.com\/que-ver-en-banyalbufar\/","name":"\u1405 Explorando Banyalbufar: los principales puntos tur\u00edsticos que ver | K10 Mobility \u00ae","isPartOf":{"@id":"https:\/\/blog.k10mobility.com\/#website"},"primaryImageOfPage":{"@id":"https:\/\/blog.k10mobility.com\/que-ver-en-banyalbufar\/#primaryimage"},"image":{"@id":"https:\/\/blog.k10mobility.com\/que-ver-en-banyalbufar\/#primaryimage"},"thumbnailUrl":"https:\/\/blog.k10mobility.com\/wp-content\/uploads\/2023\/01\/que-ver-y-hacer-en-banyalbufar.jpg","datePublished":"2023-01-24T14:59:03+00:00","dateModified":"2025-08-06T12:42:15+00:00","description":"Si te preguntas que ver y que hacer en Banyalbufar descubre esta gu\u00eda, c\u00f3mo moverse y cu\u00e1les son los mejores lugares que visitar.","breadcrumb":{"@id":"https:\/\/blog.k10mobility.com\/que-ver-en-banyalbufar\/#breadcrumb"},"inLanguage":"es","potentialAction":[{"@type":"ReadAction","target":["https:\/\/blog.k10mobility.com\/que-ver-en-banyalbufar\/"]}]},{"@type":"ImageObject","inLanguage":"es","@id":"https:\/\/blog.k10mobility.com\/que-ver-en-banyalbufar\/#primaryimage","url":"https:\/\/blog.k10mobility.com\/wp-content\/uploads\/2023\/01\/que-ver-y-hacer-en-banyalbufar.jpg","contentUrl":"https:\/\/blog.k10mobility.com\/wp-content\/uploads\/2023\/01\/que-ver-y-hacer-en-banyalbufar.jpg","width":1000,"height":562,"caption":"que ver en banyalbufar"},{"@type":"BreadcrumbList","@id":"https:\/\/blog.k10mobility.com\/que-ver-en-banyalbufar\/#breadcrumb","itemListElement":[{"@type":"ListItem","position":1,"name":"K10 Mobility","item":"https:\/\/blog.k10mobility.com\/"},{"@type":"ListItem","position":2,"name":"Explorando Banyalbufar: los principales puntos tur\u00edsticos que ver"}]},{"@type":"WebSite","@id":"https:\/\/blog.k10mobility.com\/#website","url":"https:\/\/blog.k10mobility.com\/","name":"K10 Mobility","description":"Rent a car en Ibiza y Mallorca","publisher":{"@id":"https:\/\/blog.k10mobility.com\/#organization"},"alternateName":"K10 Rent a car","potentialAction":[{"@type":"SearchAction","target":{"@type":"EntryPoint","urlTemplate":"https:\/\/blog.k10mobility.com\/?s={search_term_string}"},"query-input":{"@type":"PropertyValueSpecification","valueRequired":true,"valueName":"search_term_string"}}],"inLanguage":"es"},{"@type":"Organization","@id":"https:\/\/blog.k10mobility.com\/#organization","name":"K10 Mobility","alternateName":"K10 Mobility rent a car en Ibiza y Mallorca","url":"https:\/\/blog.k10mobility.com\/","logo":{"@type":"ImageObject","inLanguage":"es","@id":"https:\/\/blog.k10mobility.com\/#\/schema\/logo\/image\/","url":"https:\/\/blog.k10mobility.com\/wp-content\/uploads\/2025\/11\/cropped-Logo-K10-color-apaisado.png","contentUrl":"https:\/\/blog.k10mobility.com\/wp-content\/uploads\/2025\/11\/cropped-Logo-K10-color-apaisado.png","width":665,"height":105,"caption":"K10 Mobility"},"image":{"@id":"https:\/\/blog.k10mobility.com\/#\/schema\/logo\/image\/"},"sameAs":["https:\/\/www.facebook.com\/k10mobility\/","https:\/\/www.instagram.com\/k10mobility\/"]},{"@type":"Person","@id":"https:\/\/blog.k10mobility.com\/#\/schema\/person\/5f18469c790b92d83fdd98422e621da8","name":"Luis Ram\u00eds","image":{"@type":"ImageObject","inLanguage":"es","@id":"https:\/\/secure.gravatar.com\/avatar\/30162c41d6f584ef954ac19546d34176104f5a2b363cc65fe6c8b9dc6c1ed9ac?s=96&d=mm&r=g","url":"https:\/\/secure.gravatar.com\/avatar\/30162c41d6f584ef954ac19546d34176104f5a2b363cc65fe6c8b9dc6c1ed9ac?s=96&d=mm&r=g","contentUrl":"https:\/\/secure.gravatar.com\/avatar\/30162c41d6f584ef954ac19546d34176104f5a2b363cc65fe6c8b9dc6c1ed9ac?s=96&d=mm&r=g","caption":"Luis Ram\u00eds"},"url":"https:\/\/blog.k10mobility.com\/author\/luisr4m1s_k10\/"}]}},"_links":{"self":[{"href":"https:\/\/blog.k10mobility.com\/wp-json\/wp\/v2\/posts\/5427","targetHints":{"allow":["GET"]}}],"collection":[{"href":"https:\/\/blog.k10mobility.com\/wp-json\/wp\/v2\/posts"}],"about":[{"href":"https:\/\/blog.k10mobility.com\/wp-json\/wp\/v2\/types\/post"}],"author":[{"embeddable":true,"href":"https:\/\/blog.k10mobility.com\/wp-json\/wp\/v2\/users\/2"}],"replies":[{"embeddable":true,"href":"https:\/\/blog.k10mobility.com\/wp-json\/wp\/v2\/comments?post=5427"}],"version-history":[{"count":5,"href":"https:\/\/blog.k10mobility.com\/wp-json\/wp\/v2\/posts\/5427\/revisions"}],"predecessor-version":[{"id":5437,"href":"https:\/\/blog.k10mobility.com\/wp-json\/wp\/v2\/posts\/5427\/revisions\/5437"}],"wp:featuredmedia":[{"embeddable":true,"href":"https:\/\/blog.k10mobility.com\/wp-json\/wp\/v2\/media\/5430"}],"wp:attachment":[{"href":"https:\/\/blog.k10mobility.com\/wp-json\/wp\/v2\/media?parent=5427"}],"wp:term":[{"taxonomy":"category","embeddable":true,"href":"https:\/\/blog.k10mobility.com\/wp-json\/wp\/v2\/categories?post=5427"},{"taxonomy":"post_tag","embeddable":true,"href":"https:\/\/blog.k10mobility.com\/wp-json\/wp\/v2\/tags?post=5427"}],"curies":[{"name":"wp","href":"https:\/\/api.w.org\/{rel}","templated":true}]}}